{"id":7292,"date":"2021-11-29T09:43:56","date_gmt":"2021-11-29T12:43:56","guid":{"rendered":"https:\/\/abelfigueiredo.pa.gov.br\/?p=7292"},"modified":"2021-11-29T09:43:56","modified_gmt":"2021-11-29T12:43:56","slug":"convite","status":"publish","type":"post","link":"https:\/\/abelfigueiredo.pa.gov.br\/site\/convite\/","title":{"rendered":"Convite."},"content":{"rendered":"<p>REPAC- Reuni\u00e3o de Planejamento e Acompanhamento do CENSO 2022.<\/p>\n<p>O Prefeito Ant\u00f4nio Calhau juntamente com o vice Evandro da Serraria convidam, L\u00edderes e Agentes Comunit\u00e1rios, Vereadores, Representantes da Sociedade, Comerciantes locais, Representantes de Entidades Religiosas, Presidentes de Associa\u00e7\u00f5es e Cooperativas, Diretores, Secret\u00e1rios Municipais e a Popula\u00e7\u00e3o em Geral para uma importante reuni\u00e3o com a equipe do IBGE, onde trataremos do assunto relacionado ao Censo Demogr\u00e1fico 2022.<br \/>\nA reuni\u00e3o acontecer\u00e1 nesta ter\u00e7a-feira 30 de novembro \u00e0s 14:00 horas no audit\u00f3rio da Secretaria Municipal de Desenvolvimento e Promo\u00e7\u00e3o Social.<\/p>\n<p>O censo ou recenseamento demogr\u00e1fico \u00e9 um estudo estat\u00edstico referente a uma popula\u00e7\u00e3o que possibilita o recolhimento de v\u00e1rias informa\u00e7\u00f5es, tais como o n\u00famero de homens, mulheres, crian\u00e7as e idosos, onde e como vivem as pessoas. Esse estudo \u00e9 realizado geralmente de 10 em 10 anos.<\/p>\n<p>Para que serve o Censo Demogr\u00e1fico?<br \/>\nA grande opera\u00e7\u00e3o censit\u00e1ria tem por objetivo fornecer um retrato detalhado de v\u00e1rios aspectos da popula\u00e7\u00e3o brasileira como educa\u00e7\u00e3o, sa\u00fade, moradia, trabalho e condi\u00e7\u00f5es de vida. Avalia as mudan\u00e7as ocorridas em 10 anos e permite comparar dados e entender a evolu\u00e7\u00e3o de indicadores sociais, por exemplo.<\/p>\n<p>Os dados do censo s\u00e3o instrumentos essenciais para:<\/p>\n<p>Subsidiar pol\u00edticas p\u00fablicas, orientar o planejamento da gest\u00e3o e or\u00e7amentos governamentais. Os dados permitem aplicar os recursos p\u00fablicos nas \u00e1reas priorit\u00e1rias.<br \/>\nServe de refer\u00eancia para a tomada de decis\u00f5es de investimentos do setor privado, pois fornecem informa\u00e7\u00f5es sobre o mercado consumidor, poder de compra, localiza\u00e7\u00e3o do p\u00fablico-alvo, e outros.<br \/>\n\u00c9 um fornecedor de informa\u00e7\u00f5es indispens\u00e1veis h\u00e1 uma grande quantidade de estudos e pesquisas cient\u00edficas das \u00e1reas econ\u00f4micas, educacionais, de sa\u00fade, sociais e muitas outras.<\/p>\n<p>#prefeituradeabel<br \/>\n#camaradevereadores<br \/>\n#IBGE<br \/>\n#trabalhandoparaopovo<\/p>\n<p><a href=\"https:\/\/abelfigueiredo.pa.gov.br\/wp-content\/uploads\/2021\/11\/IBGE.jpg\"><img loading=\"lazy\" decoding=\"async\" class=\"alignnone size-medium wp-image-7293\" src=\"https:\/\/abelfigueiredo.pa.gov.br\/wp-content\/uploads\/2021\/11\/IBGE-300x291.jpg\" alt=\"\" width=\"300\" height=\"291\" \/><\/a><\/p>\n","protected":false},"excerpt":{"rendered":"<p>REPAC- Reuni\u00e3o de Planejamento e Acompanhamento do CENSO 2022. O Prefeito Ant\u00f4nio Calhau juntamente com o vice Evandro da Serraria convidam, L\u00edderes e Agentes Comunit\u00e1rios, Vereadores, Representantes da Sociedade, Comerciantes locais, Representantes de Entidades Religiosas, Presidentes de Associa\u00e7\u00f5es e Cooperativas, Diretores, Secret\u00e1rios Municipais e a Popula\u00e7\u00e3o em Geral para uma importante reuni\u00e3o com a equipe<\/p>\n<div class=\"read-more\"><a href=\"https:\/\/abelfigueiredo.pa.gov.br\/site\/convite\/\" title=\"Veja mais\">Veja mais<\/a><\/div>\n","protected":false},"author":25,"featured_media":7293,"comment_status":"closed","ping_status":"closed","sticky":false,"template":"","format":"standard","meta":{"footnotes":""},"categories":[1],"tags":[],"class_list":{"0":"post-7292","1":"post","2":"type-post","3":"status-publish","4":"format-standard","5":"has-post-thumbnail","7":"category-noticias"},"yoast_head":"<!-- This site is optimized with the Yoast SEO plugin v26.6 - https:\/\/yoast.com\/wordpress\/plugins\/seo\/ -->\n<title>Convite. - Prefeitura Municipal de Abel Figueiredo | Gest\u00e3o 2025-2028<\/title>\n<meta name=\"robots\" content=\"index, follow, max-snippet:-1, max-image-preview:large, max-video-preview:-1\" \/>\n<link rel=\"canonical\" href=\"https:\/\/abelfigueiredo.pa.gov.br\/site\/convite\/\" \/>\n<meta property=\"og:locale\" content=\"pt_BR\" \/>\n<meta property=\"og:type\" content=\"article\" \/>\n<meta property=\"og:title\" content=\"Convite. - Prefeitura Municipal de Abel Figueiredo | Gest\u00e3o 2025-2028\" \/>\n<meta property=\"og:description\" content=\"REPAC- Reuni\u00e3o de Planejamento e Acompanhamento do CENSO 2022. O Prefeito Ant\u00f4nio Calhau juntamente com o vice Evandro da Serraria convidam, L\u00edderes e Agentes Comunit\u00e1rios, Vereadores, Representantes da Sociedade, Comerciantes locais, Representantes de Entidades Religiosas, Presidentes de Associa\u00e7\u00f5es e Cooperativas, Diretores, Secret\u00e1rios Municipais e a Popula\u00e7\u00e3o em Geral para uma importante reuni\u00e3o com a equipeVeja mais\" \/>\n<meta property=\"og:url\" content=\"https:\/\/abelfigueiredo.pa.gov.br\/site\/convite\/\" \/>\n<meta property=\"og:site_name\" content=\"Prefeitura Municipal de Abel Figueiredo | Gest\u00e3o 2025-2028\" \/>\n<meta property=\"article:published_time\" content=\"2021-11-29T12:43:56+00:00\" \/>\n<meta name=\"author\" content=\"cr2-admin7\" \/>\n<meta name=\"twitter:label1\" content=\"Escrito por\" \/>\n\t<meta name=\"twitter:data1\" content=\"cr2-admin7\" \/>\n\t<meta name=\"twitter:label2\" content=\"Est. tempo de leitura\" \/>\n\t<meta name=\"twitter:data2\" content=\"2 minutos\" \/>\n<script type=\"application\/ld+json\" class=\"yoast-schema-graph\">{\"@context\":\"https:\/\/schema.org\",\"@graph\":[{\"@type\":\"WebPage\",\"@id\":\"https:\/\/abelfigueiredo.pa.gov.br\/site\/convite\/\",\"url\":\"https:\/\/abelfigueiredo.pa.gov.br\/site\/convite\/\",\"name\":\"Convite. - Prefeitura Municipal de Abel Figueiredo | Gest\u00e3o 2025-2028\",\"isPartOf\":{\"@id\":\"https:\/\/abelfigueiredo.pa.gov.br\/site\/#website\"},\"primaryImageOfPage\":{\"@id\":\"https:\/\/abelfigueiredo.pa.gov.br\/site\/convite\/#primaryimage\"},\"image\":{\"@id\":\"https:\/\/abelfigueiredo.pa.gov.br\/site\/convite\/#primaryimage\"},\"thumbnailUrl\":\"\",\"datePublished\":\"2021-11-29T12:43:56+00:00\",\"author\":{\"@id\":\"https:\/\/abelfigueiredo.pa.gov.br\/site\/#\/schema\/person\/8ad42264973e06f0c04ce0da9b13d6eb\"},\"inLanguage\":\"pt-BR\",\"potentialAction\":[{\"@type\":\"ReadAction\",\"target\":[\"https:\/\/abelfigueiredo.pa.gov.br\/site\/convite\/\"]}]},{\"@type\":\"ImageObject\",\"inLanguage\":\"pt-BR\",\"@id\":\"https:\/\/abelfigueiredo.pa.gov.br\/site\/convite\/#primaryimage\",\"url\":\"\",\"contentUrl\":\"\"},{\"@type\":\"WebSite\",\"@id\":\"https:\/\/abelfigueiredo.pa.gov.br\/site\/#website\",\"url\":\"https:\/\/abelfigueiredo.pa.gov.br\/site\/\",\"name\":\"Prefeitura Municipal de Abel Figueiredo | Gest\u00e3o 2025-2028\",\"description\":\"Site oficial da Prefeitura Municipal de Abel Figueiredo\",\"potentialAction\":[{\"@type\":\"SearchAction\",\"target\":{\"@type\":\"EntryPoint\",\"urlTemplate\":\"https:\/\/abelfigueiredo.pa.gov.br\/site\/?s={search_term_string}\"},\"query-input\":{\"@type\":\"PropertyValueSpecification\",\"valueRequired\":true,\"valueName\":\"search_term_string\"}}],\"inLanguage\":\"pt-BR\"},{\"@type\":\"Person\",\"@id\":\"https:\/\/abelfigueiredo.pa.gov.br\/site\/#\/schema\/person\/8ad42264973e06f0c04ce0da9b13d6eb\",\"name\":\"cr2-admin7\",\"image\":{\"@type\":\"ImageObject\",\"inLanguage\":\"pt-BR\",\"@id\":\"https:\/\/abelfigueiredo.pa.gov.br\/site\/#\/schema\/person\/image\/\",\"url\":\"https:\/\/secure.gravatar.com\/avatar\/7e0402aa11e91bb8aa8a7c6b64146517a7337d48fdac50e07c495efd61016444?s=96&d=mm&r=g\",\"contentUrl\":\"https:\/\/secure.gravatar.com\/avatar\/7e0402aa11e91bb8aa8a7c6b64146517a7337d48fdac50e07c495efd61016444?s=96&d=mm&r=g\",\"caption\":\"cr2-admin7\"},\"url\":\"https:\/\/abelfigueiredo.pa.gov.br\/site\/author\/cr2-admin7\/\"}]}<\/script>\n<!-- \/ Yoast SEO plugin. -->","yoast_head_json":{"title":"Convite. - Prefeitura Municipal de Abel Figueiredo | Gest\u00e3o 2025-2028","robots":{"index":"index","follow":"follow","max-snippet":"max-snippet:-1","max-image-preview":"max-image-preview:large","max-video-preview":"max-video-preview:-1"},"canonical":"https:\/\/abelfigueiredo.pa.gov.br\/site\/convite\/","og_locale":"pt_BR","og_type":"article","og_title":"Convite. - Prefeitura Municipal de Abel Figueiredo | Gest\u00e3o 2025-2028","og_description":"REPAC- Reuni\u00e3o de Planejamento e Acompanhamento do CENSO 2022. O Prefeito Ant\u00f4nio Calhau juntamente com o vice Evandro da Serraria convidam, L\u00edderes e Agentes Comunit\u00e1rios, Vereadores, Representantes da Sociedade, Comerciantes locais, Representantes de Entidades Religiosas, Presidentes de Associa\u00e7\u00f5es e Cooperativas, Diretores, Secret\u00e1rios Municipais e a Popula\u00e7\u00e3o em Geral para uma importante reuni\u00e3o com a equipeVeja mais","og_url":"https:\/\/abelfigueiredo.pa.gov.br\/site\/convite\/","og_site_name":"Prefeitura Municipal de Abel Figueiredo | Gest\u00e3o 2025-2028","article_published_time":"2021-11-29T12:43:56+00:00","author":"cr2-admin7","twitter_misc":{"Escrito por":"cr2-admin7","Est. tempo de leitura":"2 minutos"},"schema":{"@context":"https:\/\/schema.org","@graph":[{"@type":"WebPage","@id":"https:\/\/abelfigueiredo.pa.gov.br\/site\/convite\/","url":"https:\/\/abelfigueiredo.pa.gov.br\/site\/convite\/","name":"Convite. - Prefeitura Municipal de Abel Figueiredo | Gest\u00e3o 2025-2028","isPartOf":{"@id":"https:\/\/abelfigueiredo.pa.gov.br\/site\/#website"},"primaryImageOfPage":{"@id":"https:\/\/abelfigueiredo.pa.gov.br\/site\/convite\/#primaryimage"},"image":{"@id":"https:\/\/abelfigueiredo.pa.gov.br\/site\/convite\/#primaryimage"},"thumbnailUrl":"","datePublished":"2021-11-29T12:43:56+00:00","author":{"@id":"https:\/\/abelfigueiredo.pa.gov.br\/site\/#\/schema\/person\/8ad42264973e06f0c04ce0da9b13d6eb"},"inLanguage":"pt-BR","potentialAction":[{"@type":"ReadAction","target":["https:\/\/abelfigueiredo.pa.gov.br\/site\/convite\/"]}]},{"@type":"ImageObject","inLanguage":"pt-BR","@id":"https:\/\/abelfigueiredo.pa.gov.br\/site\/convite\/#primaryimage","url":"","contentUrl":""},{"@type":"WebSite","@id":"https:\/\/abelfigueiredo.pa.gov.br\/site\/#website","url":"https:\/\/abelfigueiredo.pa.gov.br\/site\/","name":"Prefeitura Municipal de Abel Figueiredo | Gest\u00e3o 2025-2028","description":"Site oficial da Prefeitura Municipal de Abel Figueiredo","potentialAction":[{"@type":"SearchAction","target":{"@type":"EntryPoint","urlTemplate":"https:\/\/abelfigueiredo.pa.gov.br\/site\/?s={search_term_string}"},"query-input":{"@type":"PropertyValueSpecification","valueRequired":true,"valueName":"search_term_string"}}],"inLanguage":"pt-BR"},{"@type":"Person","@id":"https:\/\/abelfigueiredo.pa.gov.br\/site\/#\/schema\/person\/8ad42264973e06f0c04ce0da9b13d6eb","name":"cr2-admin7","image":{"@type":"ImageObject","inLanguage":"pt-BR","@id":"https:\/\/abelfigueiredo.pa.gov.br\/site\/#\/schema\/person\/image\/","url":"https:\/\/secure.gravatar.com\/avatar\/7e0402aa11e91bb8aa8a7c6b64146517a7337d48fdac50e07c495efd61016444?s=96&d=mm&r=g","contentUrl":"https:\/\/secure.gravatar.com\/avatar\/7e0402aa11e91bb8aa8a7c6b64146517a7337d48fdac50e07c495efd61016444?s=96&d=mm&r=g","caption":"cr2-admin7"},"url":"https:\/\/abelfigueiredo.pa.gov.br\/site\/author\/cr2-admin7\/"}]}},"_links":{"self":[{"href":"https:\/\/abelfigueiredo.pa.gov.br\/site\/wp-json\/wp\/v2\/posts\/7292","targetHints":{"allow":["GET"]}}],"collection":[{"href":"https:\/\/abelfigueiredo.pa.gov.br\/site\/wp-json\/wp\/v2\/posts"}],"about":[{"href":"https:\/\/abelfigueiredo.pa.gov.br\/site\/wp-json\/wp\/v2\/types\/post"}],"author":[{"embeddable":true,"href":"https:\/\/abelfigueiredo.pa.gov.br\/site\/wp-json\/wp\/v2\/users\/25"}],"replies":[{"embeddable":true,"href":"https:\/\/abelfigueiredo.pa.gov.br\/site\/wp-json\/wp\/v2\/comments?post=7292"}],"version-history":[{"count":0,"href":"https:\/\/abelfigueiredo.pa.gov.br\/site\/wp-json\/wp\/v2\/posts\/7292\/revisions"}],"wp:featuredmedia":[{"embeddable":true,"href":"https:\/\/abelfigueiredo.pa.gov.br\/site\/wp-json\/"}],"wp:attachment":[{"href":"https:\/\/abelfigueiredo.pa.gov.br\/site\/wp-json\/wp\/v2\/media?parent=7292"}],"wp:term":[{"taxonomy":"category","embeddable":true,"href":"https:\/\/abelfigueiredo.pa.gov.br\/site\/wp-json\/wp\/v2\/categories?post=7292"},{"taxonomy":"post_tag","embeddable":true,"href":"https:\/\/abelfigueiredo.pa.gov.br\/site\/wp-json\/wp\/v2\/tags?post=7292"}],"curies":[{"name":"wp","href":"https:\/\/api.w.org\/{rel}","templated":true}]}}