{"id":19890,"date":"2026-04-14T16:06:01","date_gmt":"2026-04-14T19:06:01","guid":{"rendered":"https:\/\/abelfigueiredo.pa.gov.br\/site\/?p=19890"},"modified":"2026-04-28T16:44:15","modified_gmt":"2026-04-28T19:44:15","slug":"posse-das-gestoras-escolares-eleitas-de-forma-democratica","status":"publish","type":"post","link":"https:\/\/abelfigueiredo.pa.gov.br\/site\/posse-das-gestoras-escolares-eleitas-de-forma-democratica\/","title":{"rendered":"Posse das Gestoras Escolares eleitas de forma Democr\u00e1tica"},"content":{"rendered":"<div class=\"x1qjc9v5 x972fbf x10w94by x1qhh985 x14e42zd x9f619 x78zum5 xdt5ytf x2lah0s xk390pu xdj266r x14z9mp xat24cr x1lziwak xexx8yu xyri2b x18d9i69 x1c1uobl x1n2onr6 xggy1nq x11njtxf\" tabindex=\"0\" role=\"button\">\n<ul>\n<li class=\"_a9zj _a9zl  _a9z5\">\n<div class=\"_a9zm\">\n<div class=\"_a9zn _a9zo\">\n<div class=\"_a9zr\">\n<div class=\"xt0psk2\">\n<h1 class=\"_ap3a _aaco _aacu _aacx _aad7 _aade\" dir=\"auto\">Hoje celebramos a posse das gestoras escolares eleitas de forma democr\u00e1tica, refor\u00e7ando o compromisso da gest\u00e3o com a transpar\u00eancia e a participa\u00e7\u00e3o.<\/p>\n<p>Parabenizamos a Secretaria Municipal de Educa\u00e7\u00e3o e desejamos sucesso \u00e0s gestoras nessa miss\u00e3o de fortalecer uma educa\u00e7\u00e3o p\u00fablica de qualidade.<\/p>\n<p>Seguimos juntos: Sim \u00e0 Educa\u00e7\u00e3o!<\/h1>\n<p><a href=\"https:\/\/abelfigueiredo.pa.gov.br\/site\/wp-content\/uploads\/2026\/04\/IMG_E8987-scaled.jpg\"><img loading=\"lazy\" decoding=\"async\" class=\"alignnone size-medium wp-image-19892\" src=\"https:\/\/abelfigueiredo.pa.gov.br\/site\/wp-content\/uploads\/2026\/04\/IMG_E8987-225x300.jpg\" alt=\"\" width=\"225\" height=\"300\" srcset=\"https:\/\/abelfigueiredo.pa.gov.br\/site\/wp-content\/uploads\/2026\/04\/IMG_E8987-225x300.jpg 225w, https:\/\/abelfigueiredo.pa.gov.br\/site\/wp-content\/uploads\/2026\/04\/IMG_E8987-768x1024.jpg 768w, https:\/\/abelfigueiredo.pa.gov.br\/site\/wp-content\/uploads\/2026\/04\/IMG_E8987-1152x1536.jpg 1152w, https:\/\/abelfigueiredo.pa.gov.br\/site\/wp-content\/uploads\/2026\/04\/IMG_E8987-1536x2048.jpg 1536w, https:\/\/abelfigueiredo.pa.gov.br\/site\/wp-content\/uploads\/2026\/04\/IMG_E8987-scaled.jpg 1920w\" sizes=\"auto, (max-width: 225px) 100vw, 225px\" \/><\/a> <a href=\"https:\/\/abelfigueiredo.pa.gov.br\/site\/wp-content\/uploads\/2026\/04\/IMG_E8990-scaled.jpg\"><img loading=\"lazy\" decoding=\"async\" class=\"alignnone size-medium wp-image-19893\" src=\"https:\/\/abelfigueiredo.pa.gov.br\/site\/wp-content\/uploads\/2026\/04\/IMG_E8990-225x300.jpg\" alt=\"\" width=\"225\" height=\"300\" srcset=\"https:\/\/abelfigueiredo.pa.gov.br\/site\/wp-content\/uploads\/2026\/04\/IMG_E8990-225x300.jpg 225w, https:\/\/abelfigueiredo.pa.gov.br\/site\/wp-content\/uploads\/2026\/04\/IMG_E8990-768x1024.jpg 768w, https:\/\/abelfigueiredo.pa.gov.br\/site\/wp-content\/uploads\/2026\/04\/IMG_E8990-1152x1536.jpg 1152w, https:\/\/abelfigueiredo.pa.gov.br\/site\/wp-content\/uploads\/2026\/04\/IMG_E8990-1536x2048.jpg 1536w, https:\/\/abelfigueiredo.pa.gov.br\/site\/wp-content\/uploads\/2026\/04\/IMG_E8990-scaled.jpg 1920w\" sizes=\"auto, (max-width: 225px) 100vw, 225px\" \/><\/a> <a href=\"https:\/\/abelfigueiredo.pa.gov.br\/site\/wp-content\/uploads\/2026\/04\/IMG_E8995-scaled.jpg\"><img loading=\"lazy\" decoding=\"async\" class=\"alignnone size-medium wp-image-19894\" src=\"https:\/\/abelfigueiredo.pa.gov.br\/site\/wp-content\/uploads\/2026\/04\/IMG_E8995-225x300.jpg\" alt=\"\" width=\"225\" height=\"300\" srcset=\"https:\/\/abelfigueiredo.pa.gov.br\/site\/wp-content\/uploads\/2026\/04\/IMG_E8995-225x300.jpg 225w, https:\/\/abelfigueiredo.pa.gov.br\/site\/wp-content\/uploads\/2026\/04\/IMG_E8995-768x1024.jpg 768w, https:\/\/abelfigueiredo.pa.gov.br\/site\/wp-content\/uploads\/2026\/04\/IMG_E8995-1152x1536.jpg 1152w, https:\/\/abelfigueiredo.pa.gov.br\/site\/wp-content\/uploads\/2026\/04\/IMG_E8995-1536x2048.jpg 1536w, https:\/\/abelfigueiredo.pa.gov.br\/site\/wp-content\/uploads\/2026\/04\/IMG_E8995-scaled.jpg 1920w\" sizes=\"auto, (max-width: 225px) 100vw, 225px\" \/><\/a> <a href=\"https:\/\/abelfigueiredo.pa.gov.br\/site\/wp-content\/uploads\/2026\/04\/IMG_E8997-scaled.jpg\"><img loading=\"lazy\" decoding=\"async\" class=\"alignnone size-medium wp-image-19895\" src=\"https:\/\/abelfigueiredo.pa.gov.br\/site\/wp-content\/uploads\/2026\/04\/IMG_E8997-225x300.jpg\" alt=\"\" width=\"225\" height=\"300\" srcset=\"https:\/\/abelfigueiredo.pa.gov.br\/site\/wp-content\/uploads\/2026\/04\/IMG_E8997-225x300.jpg 225w, https:\/\/abelfigueiredo.pa.gov.br\/site\/wp-content\/uploads\/2026\/04\/IMG_E8997-768x1024.jpg 768w, https:\/\/abelfigueiredo.pa.gov.br\/site\/wp-content\/uploads\/2026\/04\/IMG_E8997-1152x1536.jpg 1152w, https:\/\/abelfigueiredo.pa.gov.br\/site\/wp-content\/uploads\/2026\/04\/IMG_E8997-1536x2048.jpg 1536w, https:\/\/abelfigueiredo.pa.gov.br\/site\/wp-content\/uploads\/2026\/04\/IMG_E8997-scaled.jpg 1920w\" sizes=\"auto, (max-width: 225px) 100vw, 225px\" \/><\/a> <a href=\"https:\/\/abelfigueiredo.pa.gov.br\/site\/wp-content\/uploads\/2026\/04\/IMG_E8999-scaled.jpg\"><img loading=\"lazy\" decoding=\"async\" class=\"alignnone size-medium wp-image-19896\" src=\"https:\/\/abelfigueiredo.pa.gov.br\/site\/wp-content\/uploads\/2026\/04\/IMG_E8999-300x225.jpg\" alt=\"\" width=\"300\" height=\"225\" srcset=\"https:\/\/abelfigueiredo.pa.gov.br\/site\/wp-content\/uploads\/2026\/04\/IMG_E8999-300x225.jpg 300w, https:\/\/abelfigueiredo.pa.gov.br\/site\/wp-content\/uploads\/2026\/04\/IMG_E8999-1024x768.jpg 1024w, https:\/\/abelfigueiredo.pa.gov.br\/site\/wp-content\/uploads\/2026\/04\/IMG_E8999-768x576.jpg 768w, https:\/\/abelfigueiredo.pa.gov.br\/site\/wp-content\/uploads\/2026\/04\/IMG_E8999-1536x1152.jpg 1536w, https:\/\/abelfigueiredo.pa.gov.br\/site\/wp-content\/uploads\/2026\/04\/IMG_E8999-2048x1536.jpg 2048w\" sizes=\"auto, (max-width: 300px) 100vw, 300px\" \/><\/a> <a href=\"https:\/\/abelfigueiredo.pa.gov.br\/site\/wp-content\/uploads\/2026\/04\/IMG_E9003-scaled.jpg\"><img loading=\"lazy\" decoding=\"async\" class=\"alignnone size-medium wp-image-19897\" src=\"https:\/\/abelfigueiredo.pa.gov.br\/site\/wp-content\/uploads\/2026\/04\/IMG_E9003-300x225.jpg\" alt=\"\" width=\"300\" height=\"225\" srcset=\"https:\/\/abelfigueiredo.pa.gov.br\/site\/wp-content\/uploads\/2026\/04\/IMG_E9003-300x225.jpg 300w, https:\/\/abelfigueiredo.pa.gov.br\/site\/wp-content\/uploads\/2026\/04\/IMG_E9003-1024x768.jpg 1024w, https:\/\/abelfigueiredo.pa.gov.br\/site\/wp-content\/uploads\/2026\/04\/IMG_E9003-768x576.jpg 768w, https:\/\/abelfigueiredo.pa.gov.br\/site\/wp-content\/uploads\/2026\/04\/IMG_E9003-1536x1152.jpg 1536w, https:\/\/abelfigueiredo.pa.gov.br\/site\/wp-content\/uploads\/2026\/04\/IMG_E9003-2048x1536.jpg 2048w\" sizes=\"auto, (max-width: 300px) 100vw, 300px\" \/><\/a> <a href=\"https:\/\/abelfigueiredo.pa.gov.br\/site\/wp-content\/uploads\/2026\/04\/IMG_E9005-scaled.jpg\"><img loading=\"lazy\" decoding=\"async\" class=\"alignnone size-medium wp-image-19898\" src=\"https:\/\/abelfigueiredo.pa.gov.br\/site\/wp-content\/uploads\/2026\/04\/IMG_E9005-300x225.jpg\" alt=\"\" width=\"300\" height=\"225\" srcset=\"https:\/\/abelfigueiredo.pa.gov.br\/site\/wp-content\/uploads\/2026\/04\/IMG_E9005-300x225.jpg 300w, https:\/\/abelfigueiredo.pa.gov.br\/site\/wp-content\/uploads\/2026\/04\/IMG_E9005-1024x768.jpg 1024w, https:\/\/abelfigueiredo.pa.gov.br\/site\/wp-content\/uploads\/2026\/04\/IMG_E9005-768x576.jpg 768w, https:\/\/abelfigueiredo.pa.gov.br\/site\/wp-content\/uploads\/2026\/04\/IMG_E9005-1536x1152.jpg 1536w, https:\/\/abelfigueiredo.pa.gov.br\/site\/wp-content\/uploads\/2026\/04\/IMG_E9005-2048x1536.jpg 2048w\" sizes=\"auto, (max-width: 300px) 100vw, 300px\" \/><\/a> <a href=\"https:\/\/abelfigueiredo.pa.gov.br\/site\/wp-content\/uploads\/2026\/04\/IMG_E9007-scaled.jpg\"><img loading=\"lazy\" decoding=\"async\" class=\"alignnone size-medium wp-image-19899\" src=\"https:\/\/abelfigueiredo.pa.gov.br\/site\/wp-content\/uploads\/2026\/04\/IMG_E9007-300x225.jpg\" alt=\"\" width=\"300\" height=\"225\" srcset=\"https:\/\/abelfigueiredo.pa.gov.br\/site\/wp-content\/uploads\/2026\/04\/IMG_E9007-300x225.jpg 300w, https:\/\/abelfigueiredo.pa.gov.br\/site\/wp-content\/uploads\/2026\/04\/IMG_E9007-1024x768.jpg 1024w, https:\/\/abelfigueiredo.pa.gov.br\/site\/wp-content\/uploads\/2026\/04\/IMG_E9007-768x576.jpg 768w, https:\/\/abelfigueiredo.pa.gov.br\/site\/wp-content\/uploads\/2026\/04\/IMG_E9007-1536x1152.jpg 1536w, https:\/\/abelfigueiredo.pa.gov.br\/site\/wp-content\/uploads\/2026\/04\/IMG_E9007-2048x1536.jpg 2048w\" sizes=\"auto, (max-width: 300px) 100vw, 300px\" \/><\/a> <a href=\"https:\/\/abelfigueiredo.pa.gov.br\/site\/wp-content\/uploads\/2026\/04\/IMG_E9011-scaled.jpg\"><img loading=\"lazy\" decoding=\"async\" class=\"alignnone size-medium wp-image-19900\" src=\"https:\/\/abelfigueiredo.pa.gov.br\/site\/wp-content\/uploads\/2026\/04\/IMG_E9011-300x225.jpg\" alt=\"\" width=\"300\" height=\"225\" srcset=\"https:\/\/abelfigueiredo.pa.gov.br\/site\/wp-content\/uploads\/2026\/04\/IMG_E9011-300x225.jpg 300w, https:\/\/abelfigueiredo.pa.gov.br\/site\/wp-content\/uploads\/2026\/04\/IMG_E9011-1024x768.jpg 1024w, https:\/\/abelfigueiredo.pa.gov.br\/site\/wp-content\/uploads\/2026\/04\/IMG_E9011-768x576.jpg 768w, https:\/\/abelfigueiredo.pa.gov.br\/site\/wp-content\/uploads\/2026\/04\/IMG_E9011-1536x1152.jpg 1536w, https:\/\/abelfigueiredo.pa.gov.br\/site\/wp-content\/uploads\/2026\/04\/IMG_E9011-2048x1536.jpg 2048w\" sizes=\"auto, (max-width: 300px) 100vw, 300px\" \/><\/a> <a href=\"https:\/\/abelfigueiredo.pa.gov.br\/site\/wp-content\/uploads\/2026\/04\/IMG_E9012-scaled.jpg\"><img loading=\"lazy\" decoding=\"async\" class=\"alignnone size-medium wp-image-19901\" src=\"https:\/\/abelfigueiredo.pa.gov.br\/site\/wp-content\/uploads\/2026\/04\/IMG_E9012-300x225.jpg\" alt=\"\" width=\"300\" height=\"225\" srcset=\"https:\/\/abelfigueiredo.pa.gov.br\/site\/wp-content\/uploads\/2026\/04\/IMG_E9012-300x225.jpg 300w, https:\/\/abelfigueiredo.pa.gov.br\/site\/wp-content\/uploads\/2026\/04\/IMG_E9012-1024x768.jpg 1024w, https:\/\/abelfigueiredo.pa.gov.br\/site\/wp-content\/uploads\/2026\/04\/IMG_E9012-768x576.jpg 768w, https:\/\/abelfigueiredo.pa.gov.br\/site\/wp-content\/uploads\/2026\/04\/IMG_E9012-1536x1152.jpg 1536w, https:\/\/abelfigueiredo.pa.gov.br\/site\/wp-content\/uploads\/2026\/04\/IMG_E9012-2048x1536.jpg 2048w\" sizes=\"auto, (max-width: 300px) 100vw, 300px\" \/><\/a><\/p>\n<\/div>\n<div class=\"html-div x14z9mp x1lziwak xexx8yu xyri2b x18d9i69 x1c1uobl x9f619 xjbqb8w x78zum5 x15mokao x1ga7v0g x16uus16 xbiv7yw x1xmf6yo x12nagc x1n2onr6 x1plvlek xryxfnj x1c4vz4f x2lah0s xdt5ytf xqjyukv x1qjc9v5 x1oa3qoh x1nhvcw1\"><span class=\"x1lliihq x1plvlek xryxfnj x1n2onr6 xyejjpt x15dsfln x193iq5w xeuugli x1fj9vlw x13faqbe x1vvkbs x1s928wv xhkezso x1gmr53x x1cpjm7i x1fgarty x1943h6x x1i0vuye x1fhwpqd xo1l8bm x1roi4f4 x1s3etm8 x676frb\" dir=\"ltr\"><time class=\"_a9ze _a9zf\" title=\"14 de abril de 2026\" datetime=\"2026-04-14T21:24:57.000Z\">1 sem<\/time><\/span><\/div>\n<\/div>\n<\/div>\n<\/div>\n<\/li>\n<\/ul>\n<\/div>\n","protected":false},"excerpt":{"rendered":"<p>Hoje celebramos a posse das gestoras escolares eleitas de forma democr\u00e1tica, refor\u00e7ando o compromisso da gest\u00e3o com a transpar\u00eancia e a participa\u00e7\u00e3o. Parabenizamos a Secretaria Municipal de Educa\u00e7\u00e3o e desejamos sucesso \u00e0s gestoras nessa miss\u00e3o de fortalecer uma educa\u00e7\u00e3o p\u00fablica de qualidade. Seguimos juntos: Sim \u00e0 Educa\u00e7\u00e3o! 1 sem<\/p>\n","protected":false},"author":40,"featured_media":19901,"comment_status":"closed","ping_status":"closed","sticky":false,"template":"","format":"standard","meta":{"footnotes":""},"categories":[1],"tags":[],"class_list":{"0":"post-19890","1":"post","2":"type-post","3":"status-publish","4":"format-standard","5":"has-post-thumbnail","7":"category-noticias"},"yoast_head":"<!-- This site is optimized with the Yoast SEO plugin v26.6 - https:\/\/yoast.com\/wordpress\/plugins\/seo\/ -->\n<title>Posse das Gestoras Escolares eleitas de forma Democr\u00e1tica - Prefeitura Municipal de Abel Figueiredo | Gest\u00e3o 2025-2028<\/title>\n<meta name=\"robots\" content=\"index, follow, max-snippet:-1, max-image-preview:large, max-video-preview:-1\" \/>\n<link rel=\"canonical\" href=\"https:\/\/abelfigueiredo.pa.gov.br\/site\/posse-das-gestoras-escolares-eleitas-de-forma-democratica\/\" \/>\n<meta property=\"og:locale\" content=\"pt_BR\" \/>\n<meta property=\"og:type\" content=\"article\" \/>\n<meta property=\"og:title\" content=\"Posse das Gestoras Escolares eleitas de forma Democr\u00e1tica - Prefeitura Municipal de Abel Figueiredo | Gest\u00e3o 2025-2028\" \/>\n<meta property=\"og:description\" content=\"Hoje celebramos a posse das gestoras escolares eleitas de forma democr\u00e1tica, refor\u00e7ando o compromisso da gest\u00e3o com a transpar\u00eancia e a participa\u00e7\u00e3o. Parabenizamos a Secretaria Municipal de Educa\u00e7\u00e3o e desejamos sucesso \u00e0s gestoras nessa miss\u00e3o de fortalecer uma educa\u00e7\u00e3o p\u00fablica de qualidade. Seguimos juntos: Sim \u00e0 Educa\u00e7\u00e3o! 1 sem\" \/>\n<meta property=\"og:url\" content=\"https:\/\/abelfigueiredo.pa.gov.br\/site\/posse-das-gestoras-escolares-eleitas-de-forma-democratica\/\" \/>\n<meta property=\"og:site_name\" content=\"Prefeitura Municipal de Abel Figueiredo | Gest\u00e3o 2025-2028\" \/>\n<meta property=\"article:published_time\" content=\"2026-04-14T19:06:01+00:00\" \/>\n<meta property=\"article:modified_time\" content=\"2026-04-28T19:44:15+00:00\" \/>\n<meta property=\"og:image\" content=\"https:\/\/abelfigueiredo.pa.gov.br\/site\/wp-content\/uploads\/2026\/04\/IMG_E9012-scaled.jpg\" \/>\n\t<meta property=\"og:image:width\" content=\"2560\" \/>\n\t<meta property=\"og:image:height\" content=\"1920\" \/>\n\t<meta property=\"og:image:type\" content=\"image\/jpeg\" \/>\n<meta name=\"author\" content=\"ASCOM\" \/>\n<meta name=\"twitter:label1\" content=\"Escrito por\" \/>\n\t<meta name=\"twitter:data1\" content=\"ASCOM\" \/>\n<script type=\"application\/ld+json\" class=\"yoast-schema-graph\">{\"@context\":\"https:\/\/schema.org\",\"@graph\":[{\"@type\":\"WebPage\",\"@id\":\"https:\/\/abelfigueiredo.pa.gov.br\/site\/posse-das-gestoras-escolares-eleitas-de-forma-democratica\/\",\"url\":\"https:\/\/abelfigueiredo.pa.gov.br\/site\/posse-das-gestoras-escolares-eleitas-de-forma-democratica\/\",\"name\":\"Posse das Gestoras Escolares eleitas de forma Democr\u00e1tica - Prefeitura Municipal de Abel Figueiredo | Gest\u00e3o 2025-2028\",\"isPartOf\":{\"@id\":\"https:\/\/abelfigueiredo.pa.gov.br\/site\/#website\"},\"primaryImageOfPage\":{\"@id\":\"https:\/\/abelfigueiredo.pa.gov.br\/site\/posse-das-gestoras-escolares-eleitas-de-forma-democratica\/#primaryimage\"},\"image\":{\"@id\":\"https:\/\/abelfigueiredo.pa.gov.br\/site\/posse-das-gestoras-escolares-eleitas-de-forma-democratica\/#primaryimage\"},\"thumbnailUrl\":\"https:\/\/abelfigueiredo.pa.gov.br\/site\/wp-content\/uploads\/2026\/04\/IMG_E9012-scaled.jpg\",\"datePublished\":\"2026-04-14T19:06:01+00:00\",\"dateModified\":\"2026-04-28T19:44:15+00:00\",\"author\":{\"@id\":\"https:\/\/abelfigueiredo.pa.gov.br\/site\/#\/schema\/person\/b7030c2e32bccfa38e6086b1ab3be678\"},\"inLanguage\":\"pt-BR\",\"potentialAction\":[{\"@type\":\"ReadAction\",\"target\":[\"https:\/\/abelfigueiredo.pa.gov.br\/site\/posse-das-gestoras-escolares-eleitas-de-forma-democratica\/\"]}]},{\"@type\":\"ImageObject\",\"inLanguage\":\"pt-BR\",\"@id\":\"https:\/\/abelfigueiredo.pa.gov.br\/site\/posse-das-gestoras-escolares-eleitas-de-forma-democratica\/#primaryimage\",\"url\":\"https:\/\/abelfigueiredo.pa.gov.br\/site\/wp-content\/uploads\/2026\/04\/IMG_E9012-scaled.jpg\",\"contentUrl\":\"https:\/\/abelfigueiredo.pa.gov.br\/site\/wp-content\/uploads\/2026\/04\/IMG_E9012-scaled.jpg\",\"width\":2560,\"height\":1920},{\"@type\":\"WebSite\",\"@id\":\"https:\/\/abelfigueiredo.pa.gov.br\/site\/#website\",\"url\":\"https:\/\/abelfigueiredo.pa.gov.br\/site\/\",\"name\":\"Prefeitura Municipal de Abel Figueiredo | Gest\u00e3o 2025-2028\",\"description\":\"Site oficial da Prefeitura Municipal de Abel Figueiredo\",\"potentialAction\":[{\"@type\":\"SearchAction\",\"target\":{\"@type\":\"EntryPoint\",\"urlTemplate\":\"https:\/\/abelfigueiredo.pa.gov.br\/site\/?s={search_term_string}\"},\"query-input\":{\"@type\":\"PropertyValueSpecification\",\"valueRequired\":true,\"valueName\":\"search_term_string\"}}],\"inLanguage\":\"pt-BR\"},{\"@type\":\"Person\",\"@id\":\"https:\/\/abelfigueiredo.pa.gov.br\/site\/#\/schema\/person\/b7030c2e32bccfa38e6086b1ab3be678\",\"name\":\"ASCOM\",\"image\":{\"@type\":\"ImageObject\",\"inLanguage\":\"pt-BR\",\"@id\":\"https:\/\/abelfigueiredo.pa.gov.br\/site\/#\/schema\/person\/image\/\",\"url\":\"https:\/\/secure.gravatar.com\/avatar\/ee6e3a6ac5793d71ee85d0aa82a0987b97fbd6c53d55b2480f9468ae70cdea28?s=96&d=mm&r=g\",\"contentUrl\":\"https:\/\/secure.gravatar.com\/avatar\/ee6e3a6ac5793d71ee85d0aa82a0987b97fbd6c53d55b2480f9468ae70cdea28?s=96&d=mm&r=g\",\"caption\":\"ASCOM\"},\"url\":\"https:\/\/abelfigueiredo.pa.gov.br\/site\/author\/ilhaproducoes\/\"}]}<\/script>\n<!-- \/ Yoast SEO plugin. -->","yoast_head_json":{"title":"Posse das Gestoras Escolares eleitas de forma Democr\u00e1tica - Prefeitura Municipal de Abel Figueiredo | Gest\u00e3o 2025-2028","robots":{"index":"index","follow":"follow","max-snippet":"max-snippet:-1","max-image-preview":"max-image-preview:large","max-video-preview":"max-video-preview:-1"},"canonical":"https:\/\/abelfigueiredo.pa.gov.br\/site\/posse-das-gestoras-escolares-eleitas-de-forma-democratica\/","og_locale":"pt_BR","og_type":"article","og_title":"Posse das Gestoras Escolares eleitas de forma Democr\u00e1tica - Prefeitura Municipal de Abel Figueiredo | Gest\u00e3o 2025-2028","og_description":"Hoje celebramos a posse das gestoras escolares eleitas de forma democr\u00e1tica, refor\u00e7ando o compromisso da gest\u00e3o com a transpar\u00eancia e a participa\u00e7\u00e3o. Parabenizamos a Secretaria Municipal de Educa\u00e7\u00e3o e desejamos sucesso \u00e0s gestoras nessa miss\u00e3o de fortalecer uma educa\u00e7\u00e3o p\u00fablica de qualidade. Seguimos juntos: Sim \u00e0 Educa\u00e7\u00e3o! 1 sem","og_url":"https:\/\/abelfigueiredo.pa.gov.br\/site\/posse-das-gestoras-escolares-eleitas-de-forma-democratica\/","og_site_name":"Prefeitura Municipal de Abel Figueiredo | Gest\u00e3o 2025-2028","article_published_time":"2026-04-14T19:06:01+00:00","article_modified_time":"2026-04-28T19:44:15+00:00","og_image":[{"width":2560,"height":1920,"url":"https:\/\/abelfigueiredo.pa.gov.br\/site\/wp-content\/uploads\/2026\/04\/IMG_E9012-scaled.jpg","type":"image\/jpeg"}],"author":"ASCOM","twitter_misc":{"Escrito por":"ASCOM"},"schema":{"@context":"https:\/\/schema.org","@graph":[{"@type":"WebPage","@id":"https:\/\/abelfigueiredo.pa.gov.br\/site\/posse-das-gestoras-escolares-eleitas-de-forma-democratica\/","url":"https:\/\/abelfigueiredo.pa.gov.br\/site\/posse-das-gestoras-escolares-eleitas-de-forma-democratica\/","name":"Posse das Gestoras Escolares eleitas de forma Democr\u00e1tica - Prefeitura Municipal de Abel Figueiredo | Gest\u00e3o 2025-2028","isPartOf":{"@id":"https:\/\/abelfigueiredo.pa.gov.br\/site\/#website"},"primaryImageOfPage":{"@id":"https:\/\/abelfigueiredo.pa.gov.br\/site\/posse-das-gestoras-escolares-eleitas-de-forma-democratica\/#primaryimage"},"image":{"@id":"https:\/\/abelfigueiredo.pa.gov.br\/site\/posse-das-gestoras-escolares-eleitas-de-forma-democratica\/#primaryimage"},"thumbnailUrl":"https:\/\/abelfigueiredo.pa.gov.br\/site\/wp-content\/uploads\/2026\/04\/IMG_E9012-scaled.jpg","datePublished":"2026-04-14T19:06:01+00:00","dateModified":"2026-04-28T19:44:15+00:00","author":{"@id":"https:\/\/abelfigueiredo.pa.gov.br\/site\/#\/schema\/person\/b7030c2e32bccfa38e6086b1ab3be678"},"inLanguage":"pt-BR","potentialAction":[{"@type":"ReadAction","target":["https:\/\/abelfigueiredo.pa.gov.br\/site\/posse-das-gestoras-escolares-eleitas-de-forma-democratica\/"]}]},{"@type":"ImageObject","inLanguage":"pt-BR","@id":"https:\/\/abelfigueiredo.pa.gov.br\/site\/posse-das-gestoras-escolares-eleitas-de-forma-democratica\/#primaryimage","url":"https:\/\/abelfigueiredo.pa.gov.br\/site\/wp-content\/uploads\/2026\/04\/IMG_E9012-scaled.jpg","contentUrl":"https:\/\/abelfigueiredo.pa.gov.br\/site\/wp-content\/uploads\/2026\/04\/IMG_E9012-scaled.jpg","width":2560,"height":1920},{"@type":"WebSite","@id":"https:\/\/abelfigueiredo.pa.gov.br\/site\/#website","url":"https:\/\/abelfigueiredo.pa.gov.br\/site\/","name":"Prefeitura Municipal de Abel Figueiredo | Gest\u00e3o 2025-2028","description":"Site oficial da Prefeitura Municipal de Abel Figueiredo","potentialAction":[{"@type":"SearchAction","target":{"@type":"EntryPoint","urlTemplate":"https:\/\/abelfigueiredo.pa.gov.br\/site\/?s={search_term_string}"},"query-input":{"@type":"PropertyValueSpecification","valueRequired":true,"valueName":"search_term_string"}}],"inLanguage":"pt-BR"},{"@type":"Person","@id":"https:\/\/abelfigueiredo.pa.gov.br\/site\/#\/schema\/person\/b7030c2e32bccfa38e6086b1ab3be678","name":"ASCOM","image":{"@type":"ImageObject","inLanguage":"pt-BR","@id":"https:\/\/abelfigueiredo.pa.gov.br\/site\/#\/schema\/person\/image\/","url":"https:\/\/secure.gravatar.com\/avatar\/ee6e3a6ac5793d71ee85d0aa82a0987b97fbd6c53d55b2480f9468ae70cdea28?s=96&d=mm&r=g","contentUrl":"https:\/\/secure.gravatar.com\/avatar\/ee6e3a6ac5793d71ee85d0aa82a0987b97fbd6c53d55b2480f9468ae70cdea28?s=96&d=mm&r=g","caption":"ASCOM"},"url":"https:\/\/abelfigueiredo.pa.gov.br\/site\/author\/ilhaproducoes\/"}]}},"_links":{"self":[{"href":"https:\/\/abelfigueiredo.pa.gov.br\/site\/wp-json\/wp\/v2\/posts\/19890","targetHints":{"allow":["GET"]}}],"collection":[{"href":"https:\/\/abelfigueiredo.pa.gov.br\/site\/wp-json\/wp\/v2\/posts"}],"about":[{"href":"https:\/\/abelfigueiredo.pa.gov.br\/site\/wp-json\/wp\/v2\/types\/post"}],"author":[{"embeddable":true,"href":"https:\/\/abelfigueiredo.pa.gov.br\/site\/wp-json\/wp\/v2\/users\/40"}],"replies":[{"embeddable":true,"href":"https:\/\/abelfigueiredo.pa.gov.br\/site\/wp-json\/wp\/v2\/comments?post=19890"}],"version-history":[{"count":1,"href":"https:\/\/abelfigueiredo.pa.gov.br\/site\/wp-json\/wp\/v2\/posts\/19890\/revisions"}],"predecessor-version":[{"id":19902,"href":"https:\/\/abelfigueiredo.pa.gov.br\/site\/wp-json\/wp\/v2\/posts\/19890\/revisions\/19902"}],"wp:featuredmedia":[{"embeddable":true,"href":"https:\/\/abelfigueiredo.pa.gov.br\/site\/wp-json\/wp\/v2\/media\/19901"}],"wp:attachment":[{"href":"https:\/\/abelfigueiredo.pa.gov.br\/site\/wp-json\/wp\/v2\/media?parent=19890"}],"wp:term":[{"taxonomy":"category","embeddable":true,"href":"https:\/\/abelfigueiredo.pa.gov.br\/site\/wp-json\/wp\/v2\/categories?post=19890"},{"taxonomy":"post_tag","embeddable":true,"href":"https:\/\/abelfigueiredo.pa.gov.br\/site\/wp-json\/wp\/v2\/tags?post=19890"}],"curies":[{"name":"wp","href":"https:\/\/api.w.org\/{rel}","templated":true}]}}