{"id":19823,"date":"2026-03-27T09:52:20","date_gmt":"2026-03-27T12:52:20","guid":{"rendered":"https:\/\/abelfigueiredo.pa.gov.br\/site\/?p=19823"},"modified":"2026-04-07T09:56:12","modified_gmt":"2026-04-07T12:56:12","slug":"cuidar-das-pessoas-e-tambem-garantir-o-essencial-na-mesa-%f0%9f%a5%9b%f0%9f%92%9a","status":"publish","type":"post","link":"https:\/\/abelfigueiredo.pa.gov.br\/site\/cuidar-das-pessoas-e-tambem-garantir-o-essencial-na-mesa-%f0%9f%a5%9b%f0%9f%92%9a\/","title":{"rendered":"Cuidar das pessoas \u00e9 tamb\u00e9m garantir o essencial na mesa. \ud83e\udd5b\ud83d\udc9a"},"content":{"rendered":"<p>O Programa Mais Leite segue levando nutri\u00e7\u00e3o, cuidado e dignidade para quem mais precisa em nosso munic\u00edpio.<\/p>\n<div style=\"width: 702px;\" class=\"wp-video\"><video class=\"wp-video-shortcode\" id=\"video-19823-1\" width=\"702\" height=\"1248\" preload=\"metadata\" controls=\"controls\"><source type=\"video\/mp4\" src=\"https:\/\/abelfigueiredo.pa.gov.br\/site\/wp-content\/uploads\/2026\/04\/REUNIAO-DO-MAIS-LEITE.mp4?_=1\" \/><a href=\"https:\/\/abelfigueiredo.pa.gov.br\/site\/wp-content\/uploads\/2026\/04\/REUNIAO-DO-MAIS-LEITE.mp4\">https:\/\/abelfigueiredo.pa.gov.br\/site\/wp-content\/uploads\/2026\/04\/REUNIAO-DO-MAIS-LEITE.mp4<\/a><\/video><\/div>\n","protected":false},"excerpt":{"rendered":"<p>O Programa Mais Leite segue levando nutri\u00e7\u00e3o, cuidado e dignidade para quem mais precisa em nosso munic\u00edpio.<\/p>\n","protected":false},"author":40,"featured_media":19825,"comment_status":"closed","ping_status":"closed","sticky":false,"template":"","format":"standard","meta":{"footnotes":""},"categories":[1],"tags":[],"class_list":{"0":"post-19823","1":"post","2":"type-post","3":"status-publish","4":"format-standard","5":"has-post-thumbnail","7":"category-noticias"},"yoast_head":"<!-- This site is optimized with the Yoast SEO plugin v26.6 - https:\/\/yoast.com\/wordpress\/plugins\/seo\/ -->\n<title>Cuidar das pessoas \u00e9 tamb\u00e9m garantir o essencial na mesa. \ud83e\udd5b\ud83d\udc9a - Prefeitura Municipal de Abel Figueiredo | Gest\u00e3o 2025-2028<\/title>\n<meta name=\"robots\" content=\"index, follow, max-snippet:-1, max-image-preview:large, max-video-preview:-1\" \/>\n<link rel=\"canonical\" href=\"https:\/\/abelfigueiredo.pa.gov.br\/site\/cuidar-das-pessoas-e-tambem-garantir-o-essencial-na-mesa-\ud83e\udd5b\ud83d\udc9a\/\" \/>\n<meta property=\"og:locale\" content=\"pt_BR\" \/>\n<meta property=\"og:type\" content=\"article\" \/>\n<meta property=\"og:title\" content=\"Cuidar das pessoas \u00e9 tamb\u00e9m garantir o essencial na mesa. \ud83e\udd5b\ud83d\udc9a - Prefeitura Municipal de Abel Figueiredo | Gest\u00e3o 2025-2028\" \/>\n<meta property=\"og:description\" content=\"O Programa Mais Leite segue levando nutri\u00e7\u00e3o, cuidado e dignidade para quem mais precisa em nosso munic\u00edpio.\" \/>\n<meta property=\"og:url\" content=\"https:\/\/abelfigueiredo.pa.gov.br\/site\/cuidar-das-pessoas-e-tambem-garantir-o-essencial-na-mesa-\ud83e\udd5b\ud83d\udc9a\/\" \/>\n<meta property=\"og:site_name\" content=\"Prefeitura Municipal de Abel Figueiredo | Gest\u00e3o 2025-2028\" \/>\n<meta property=\"article:published_time\" content=\"2026-03-27T12:52:20+00:00\" \/>\n<meta property=\"article:modified_time\" content=\"2026-04-07T12:56:12+00:00\" \/>\n<meta property=\"og:image\" content=\"https:\/\/abelfigueiredo.pa.gov.br\/site\/wp-content\/uploads\/2026\/04\/Screenshot_8.png\" \/>\n\t<meta property=\"og:image:width\" content=\"502\" \/>\n\t<meta property=\"og:image:height\" content=\"795\" \/>\n\t<meta property=\"og:image:type\" content=\"image\/png\" \/>\n<meta name=\"author\" content=\"ASCOM\" \/>\n<meta name=\"twitter:label1\" content=\"Escrito por\" \/>\n\t<meta name=\"twitter:data1\" content=\"ASCOM\" \/>\n<script type=\"application\/ld+json\" class=\"yoast-schema-graph\">{\"@context\":\"https:\/\/schema.org\",\"@graph\":[{\"@type\":\"WebPage\",\"@id\":\"https:\/\/abelfigueiredo.pa.gov.br\/site\/cuidar-das-pessoas-e-tambem-garantir-o-essencial-na-mesa-%f0%9f%a5%9b%f0%9f%92%9a\/\",\"url\":\"https:\/\/abelfigueiredo.pa.gov.br\/site\/cuidar-das-pessoas-e-tambem-garantir-o-essencial-na-mesa-%f0%9f%a5%9b%f0%9f%92%9a\/\",\"name\":\"Cuidar das pessoas \u00e9 tamb\u00e9m garantir o essencial na mesa. \ud83e\udd5b\ud83d\udc9a - Prefeitura Municipal de Abel Figueiredo | Gest\u00e3o 2025-2028\",\"isPartOf\":{\"@id\":\"https:\/\/abelfigueiredo.pa.gov.br\/site\/#website\"},\"primaryImageOfPage\":{\"@id\":\"https:\/\/abelfigueiredo.pa.gov.br\/site\/cuidar-das-pessoas-e-tambem-garantir-o-essencial-na-mesa-%f0%9f%a5%9b%f0%9f%92%9a\/#primaryimage\"},\"image\":{\"@id\":\"https:\/\/abelfigueiredo.pa.gov.br\/site\/cuidar-das-pessoas-e-tambem-garantir-o-essencial-na-mesa-%f0%9f%a5%9b%f0%9f%92%9a\/#primaryimage\"},\"thumbnailUrl\":\"https:\/\/abelfigueiredo.pa.gov.br\/site\/wp-content\/uploads\/2026\/04\/Screenshot_8.png\",\"datePublished\":\"2026-03-27T12:52:20+00:00\",\"dateModified\":\"2026-04-07T12:56:12+00:00\",\"author\":{\"@id\":\"https:\/\/abelfigueiredo.pa.gov.br\/site\/#\/schema\/person\/b7030c2e32bccfa38e6086b1ab3be678\"},\"inLanguage\":\"pt-BR\",\"potentialAction\":[{\"@type\":\"ReadAction\",\"target\":[\"https:\/\/abelfigueiredo.pa.gov.br\/site\/cuidar-das-pessoas-e-tambem-garantir-o-essencial-na-mesa-%f0%9f%a5%9b%f0%9f%92%9a\/\"]}]},{\"@type\":\"ImageObject\",\"inLanguage\":\"pt-BR\",\"@id\":\"https:\/\/abelfigueiredo.pa.gov.br\/site\/cuidar-das-pessoas-e-tambem-garantir-o-essencial-na-mesa-%f0%9f%a5%9b%f0%9f%92%9a\/#primaryimage\",\"url\":\"https:\/\/abelfigueiredo.pa.gov.br\/site\/wp-content\/uploads\/2026\/04\/Screenshot_8.png\",\"contentUrl\":\"https:\/\/abelfigueiredo.pa.gov.br\/site\/wp-content\/uploads\/2026\/04\/Screenshot_8.png\",\"width\":502,\"height\":795},{\"@type\":\"WebSite\",\"@id\":\"https:\/\/abelfigueiredo.pa.gov.br\/site\/#website\",\"url\":\"https:\/\/abelfigueiredo.pa.gov.br\/site\/\",\"name\":\"Prefeitura Municipal de Abel Figueiredo | Gest\u00e3o 2025-2028\",\"description\":\"Site oficial da Prefeitura Municipal de Abel Figueiredo\",\"potentialAction\":[{\"@type\":\"SearchAction\",\"target\":{\"@type\":\"EntryPoint\",\"urlTemplate\":\"https:\/\/abelfigueiredo.pa.gov.br\/site\/?s={search_term_string}\"},\"query-input\":{\"@type\":\"PropertyValueSpecification\",\"valueRequired\":true,\"valueName\":\"search_term_string\"}}],\"inLanguage\":\"pt-BR\"},{\"@type\":\"Person\",\"@id\":\"https:\/\/abelfigueiredo.pa.gov.br\/site\/#\/schema\/person\/b7030c2e32bccfa38e6086b1ab3be678\",\"name\":\"ASCOM\",\"image\":{\"@type\":\"ImageObject\",\"inLanguage\":\"pt-BR\",\"@id\":\"https:\/\/abelfigueiredo.pa.gov.br\/site\/#\/schema\/person\/image\/\",\"url\":\"https:\/\/secure.gravatar.com\/avatar\/ee6e3a6ac5793d71ee85d0aa82a0987b97fbd6c53d55b2480f9468ae70cdea28?s=96&d=mm&r=g\",\"contentUrl\":\"https:\/\/secure.gravatar.com\/avatar\/ee6e3a6ac5793d71ee85d0aa82a0987b97fbd6c53d55b2480f9468ae70cdea28?s=96&d=mm&r=g\",\"caption\":\"ASCOM\"},\"url\":\"https:\/\/abelfigueiredo.pa.gov.br\/site\/author\/ilhaproducoes\/\"}]}<\/script>\n<!-- \/ Yoast SEO plugin. -->","yoast_head_json":{"title":"Cuidar das pessoas \u00e9 tamb\u00e9m garantir o essencial na mesa. \ud83e\udd5b\ud83d\udc9a - Prefeitura Municipal de Abel Figueiredo | Gest\u00e3o 2025-2028","robots":{"index":"index","follow":"follow","max-snippet":"max-snippet:-1","max-image-preview":"max-image-preview:large","max-video-preview":"max-video-preview:-1"},"canonical":"https:\/\/abelfigueiredo.pa.gov.br\/site\/cuidar-das-pessoas-e-tambem-garantir-o-essencial-na-mesa-\ud83e\udd5b\ud83d\udc9a\/","og_locale":"pt_BR","og_type":"article","og_title":"Cuidar das pessoas \u00e9 tamb\u00e9m garantir o essencial na mesa. \ud83e\udd5b\ud83d\udc9a - Prefeitura Municipal de Abel Figueiredo | Gest\u00e3o 2025-2028","og_description":"O Programa Mais Leite segue levando nutri\u00e7\u00e3o, cuidado e dignidade para quem mais precisa em nosso munic\u00edpio.","og_url":"https:\/\/abelfigueiredo.pa.gov.br\/site\/cuidar-das-pessoas-e-tambem-garantir-o-essencial-na-mesa-\ud83e\udd5b\ud83d\udc9a\/","og_site_name":"Prefeitura Municipal de Abel Figueiredo | Gest\u00e3o 2025-2028","article_published_time":"2026-03-27T12:52:20+00:00","article_modified_time":"2026-04-07T12:56:12+00:00","og_image":[{"width":502,"height":795,"url":"https:\/\/abelfigueiredo.pa.gov.br\/site\/wp-content\/uploads\/2026\/04\/Screenshot_8.png","type":"image\/png"}],"author":"ASCOM","twitter_misc":{"Escrito por":"ASCOM"},"schema":{"@context":"https:\/\/schema.org","@graph":[{"@type":"WebPage","@id":"https:\/\/abelfigueiredo.pa.gov.br\/site\/cuidar-das-pessoas-e-tambem-garantir-o-essencial-na-mesa-%f0%9f%a5%9b%f0%9f%92%9a\/","url":"https:\/\/abelfigueiredo.pa.gov.br\/site\/cuidar-das-pessoas-e-tambem-garantir-o-essencial-na-mesa-%f0%9f%a5%9b%f0%9f%92%9a\/","name":"Cuidar das pessoas \u00e9 tamb\u00e9m garantir o essencial na mesa. \ud83e\udd5b\ud83d\udc9a - Prefeitura Municipal de Abel Figueiredo | Gest\u00e3o 2025-2028","isPartOf":{"@id":"https:\/\/abelfigueiredo.pa.gov.br\/site\/#website"},"primaryImageOfPage":{"@id":"https:\/\/abelfigueiredo.pa.gov.br\/site\/cuidar-das-pessoas-e-tambem-garantir-o-essencial-na-mesa-%f0%9f%a5%9b%f0%9f%92%9a\/#primaryimage"},"image":{"@id":"https:\/\/abelfigueiredo.pa.gov.br\/site\/cuidar-das-pessoas-e-tambem-garantir-o-essencial-na-mesa-%f0%9f%a5%9b%f0%9f%92%9a\/#primaryimage"},"thumbnailUrl":"https:\/\/abelfigueiredo.pa.gov.br\/site\/wp-content\/uploads\/2026\/04\/Screenshot_8.png","datePublished":"2026-03-27T12:52:20+00:00","dateModified":"2026-04-07T12:56:12+00:00","author":{"@id":"https:\/\/abelfigueiredo.pa.gov.br\/site\/#\/schema\/person\/b7030c2e32bccfa38e6086b1ab3be678"},"inLanguage":"pt-BR","potentialAction":[{"@type":"ReadAction","target":["https:\/\/abelfigueiredo.pa.gov.br\/site\/cuidar-das-pessoas-e-tambem-garantir-o-essencial-na-mesa-%f0%9f%a5%9b%f0%9f%92%9a\/"]}]},{"@type":"ImageObject","inLanguage":"pt-BR","@id":"https:\/\/abelfigueiredo.pa.gov.br\/site\/cuidar-das-pessoas-e-tambem-garantir-o-essencial-na-mesa-%f0%9f%a5%9b%f0%9f%92%9a\/#primaryimage","url":"https:\/\/abelfigueiredo.pa.gov.br\/site\/wp-content\/uploads\/2026\/04\/Screenshot_8.png","contentUrl":"https:\/\/abelfigueiredo.pa.gov.br\/site\/wp-content\/uploads\/2026\/04\/Screenshot_8.png","width":502,"height":795},{"@type":"WebSite","@id":"https:\/\/abelfigueiredo.pa.gov.br\/site\/#website","url":"https:\/\/abelfigueiredo.pa.gov.br\/site\/","name":"Prefeitura Municipal de Abel Figueiredo | Gest\u00e3o 2025-2028","description":"Site oficial da Prefeitura Municipal de Abel Figueiredo","potentialAction":[{"@type":"SearchAction","target":{"@type":"EntryPoint","urlTemplate":"https:\/\/abelfigueiredo.pa.gov.br\/site\/?s={search_term_string}"},"query-input":{"@type":"PropertyValueSpecification","valueRequired":true,"valueName":"search_term_string"}}],"inLanguage":"pt-BR"},{"@type":"Person","@id":"https:\/\/abelfigueiredo.pa.gov.br\/site\/#\/schema\/person\/b7030c2e32bccfa38e6086b1ab3be678","name":"ASCOM","image":{"@type":"ImageObject","inLanguage":"pt-BR","@id":"https:\/\/abelfigueiredo.pa.gov.br\/site\/#\/schema\/person\/image\/","url":"https:\/\/secure.gravatar.com\/avatar\/ee6e3a6ac5793d71ee85d0aa82a0987b97fbd6c53d55b2480f9468ae70cdea28?s=96&d=mm&r=g","contentUrl":"https:\/\/secure.gravatar.com\/avatar\/ee6e3a6ac5793d71ee85d0aa82a0987b97fbd6c53d55b2480f9468ae70cdea28?s=96&d=mm&r=g","caption":"ASCOM"},"url":"https:\/\/abelfigueiredo.pa.gov.br\/site\/author\/ilhaproducoes\/"}]}},"_links":{"self":[{"href":"https:\/\/abelfigueiredo.pa.gov.br\/site\/wp-json\/wp\/v2\/posts\/19823","targetHints":{"allow":["GET"]}}],"collection":[{"href":"https:\/\/abelfigueiredo.pa.gov.br\/site\/wp-json\/wp\/v2\/posts"}],"about":[{"href":"https:\/\/abelfigueiredo.pa.gov.br\/site\/wp-json\/wp\/v2\/types\/post"}],"author":[{"embeddable":true,"href":"https:\/\/abelfigueiredo.pa.gov.br\/site\/wp-json\/wp\/v2\/users\/40"}],"replies":[{"embeddable":true,"href":"https:\/\/abelfigueiredo.pa.gov.br\/site\/wp-json\/wp\/v2\/comments?post=19823"}],"version-history":[{"count":1,"href":"https:\/\/abelfigueiredo.pa.gov.br\/site\/wp-json\/wp\/v2\/posts\/19823\/revisions"}],"predecessor-version":[{"id":19826,"href":"https:\/\/abelfigueiredo.pa.gov.br\/site\/wp-json\/wp\/v2\/posts\/19823\/revisions\/19826"}],"wp:featuredmedia":[{"embeddable":true,"href":"https:\/\/abelfigueiredo.pa.gov.br\/site\/wp-json\/wp\/v2\/media\/19825"}],"wp:attachment":[{"href":"https:\/\/abelfigueiredo.pa.gov.br\/site\/wp-json\/wp\/v2\/media?parent=19823"}],"wp:term":[{"taxonomy":"category","embeddable":true,"href":"https:\/\/abelfigueiredo.pa.gov.br\/site\/wp-json\/wp\/v2\/categories?post=19823"},{"taxonomy":"post_tag","embeddable":true,"href":"https:\/\/abelfigueiredo.pa.gov.br\/site\/wp-json\/wp\/v2\/tags?post=19823"}],"curies":[{"name":"wp","href":"https:\/\/api.w.org\/{rel}","templated":true}]}}