{"id":19742,"date":"2026-01-08T14:54:32","date_gmt":"2026-01-08T17:54:32","guid":{"rendered":"https:\/\/abelfigueiredo.pa.gov.br\/site\/?p=19742"},"modified":"2026-01-08T14:54:32","modified_gmt":"2026-01-08T17:54:32","slug":"atencao-pais-e-responsaveis","status":"publish","type":"post","link":"https:\/\/abelfigueiredo.pa.gov.br\/site\/atencao-pais-e-responsaveis\/","title":{"rendered":"Aten\u00e7\u00e3o, pais e respons\u00e1veis!"},"content":{"rendered":"<p>As aulas est\u00e3o de volta no dia 14 de janeiro, marcando o in\u00edcio de um novo ano de aprendizado, crescimento e conquistas!<br \/>\nMatr\u00edculas abertas nos dias 12 e 13 de janeiro<br \/>\nN\u00e3o deixe para a \u00faltima hora.<br \/>\nEduca\u00e7\u00e3o \u00e9 o caminho para um futuro melhor<\/p>\n<p><a href=\"https:\/\/abelfigueiredo.pa.gov.br\/site\/wp-content\/uploads\/2026\/01\/WhatsApp-Image-2026-01-08-at-12.12.36.jpeg\"><img loading=\"lazy\" decoding=\"async\" class=\"alignnone size-medium wp-image-19743\" src=\"https:\/\/abelfigueiredo.pa.gov.br\/site\/wp-content\/uploads\/2026\/01\/WhatsApp-Image-2026-01-08-at-12.12.36-240x300.jpeg\" alt=\"\" width=\"240\" height=\"300\" srcset=\"https:\/\/abelfigueiredo.pa.gov.br\/site\/wp-content\/uploads\/2026\/01\/WhatsApp-Image-2026-01-08-at-12.12.36-240x300.jpeg 240w, https:\/\/abelfigueiredo.pa.gov.br\/site\/wp-content\/uploads\/2026\/01\/WhatsApp-Image-2026-01-08-at-12.12.36-819x1024.jpeg 819w, https:\/\/abelfigueiredo.pa.gov.br\/site\/wp-content\/uploads\/2026\/01\/WhatsApp-Image-2026-01-08-at-12.12.36-768x960.jpeg 768w, https:\/\/abelfigueiredo.pa.gov.br\/site\/wp-content\/uploads\/2026\/01\/WhatsApp-Image-2026-01-08-at-12.12.36.jpeg 1024w\" sizes=\"auto, (max-width: 240px) 100vw, 240px\" \/><\/a> <a href=\"https:\/\/abelfigueiredo.pa.gov.br\/site\/wp-content\/uploads\/2026\/01\/WhatsApp-Image-2026-01-08-at-12.12.32.jpeg\"><img loading=\"lazy\" decoding=\"async\" class=\"alignnone size-medium wp-image-19744\" src=\"https:\/\/abelfigueiredo.pa.gov.br\/site\/wp-content\/uploads\/2026\/01\/WhatsApp-Image-2026-01-08-at-12.12.32-240x300.jpeg\" alt=\"\" width=\"240\" height=\"300\" srcset=\"https:\/\/abelfigueiredo.pa.gov.br\/site\/wp-content\/uploads\/2026\/01\/WhatsApp-Image-2026-01-08-at-12.12.32-240x300.jpeg 240w, https:\/\/abelfigueiredo.pa.gov.br\/site\/wp-content\/uploads\/2026\/01\/WhatsApp-Image-2026-01-08-at-12.12.32-819x1024.jpeg 819w, https:\/\/abelfigueiredo.pa.gov.br\/site\/wp-content\/uploads\/2026\/01\/WhatsApp-Image-2026-01-08-at-12.12.32-768x960.jpeg 768w, https:\/\/abelfigueiredo.pa.gov.br\/site\/wp-content\/uploads\/2026\/01\/WhatsApp-Image-2026-01-08-at-12.12.32.jpeg 1024w\" sizes=\"auto, (max-width: 240px) 100vw, 240px\" \/><\/a><\/p>\n","protected":false},"excerpt":{"rendered":"<p>As aulas est\u00e3o de volta no dia 14 de janeiro, marcando o in\u00edcio de um novo ano de aprendizado, crescimento e conquistas! Matr\u00edculas abertas nos dias 12 e 13 de janeiro N\u00e3o deixe para a \u00faltima hora. Educa\u00e7\u00e3o \u00e9 o caminho para um futuro melhor<\/p>\n","protected":false},"author":40,"featured_media":19744,"comment_status":"closed","ping_status":"closed","sticky":false,"template":"","format":"standard","meta":{"footnotes":""},"categories":[1],"tags":[],"class_list":{"0":"post-19742","1":"post","2":"type-post","3":"status-publish","4":"format-standard","5":"has-post-thumbnail","7":"category-noticias"},"yoast_head":"<!-- This site is optimized with the Yoast SEO plugin v26.6 - https:\/\/yoast.com\/wordpress\/plugins\/seo\/ -->\n<title>Aten\u00e7\u00e3o, pais e respons\u00e1veis! - Prefeitura Municipal de Abel Figueiredo | Gest\u00e3o 2025-2028<\/title>\n<meta name=\"robots\" content=\"index, follow, max-snippet:-1, max-image-preview:large, max-video-preview:-1\" \/>\n<link rel=\"canonical\" href=\"https:\/\/abelfigueiredo.pa.gov.br\/site\/atencao-pais-e-responsaveis\/\" \/>\n<meta property=\"og:locale\" content=\"pt_BR\" \/>\n<meta property=\"og:type\" content=\"article\" \/>\n<meta property=\"og:title\" content=\"Aten\u00e7\u00e3o, pais e respons\u00e1veis! - Prefeitura Municipal de Abel Figueiredo | Gest\u00e3o 2025-2028\" \/>\n<meta property=\"og:description\" content=\"As aulas est\u00e3o de volta no dia 14 de janeiro, marcando o in\u00edcio de um novo ano de aprendizado, crescimento e conquistas! Matr\u00edculas abertas nos dias 12 e 13 de janeiro N\u00e3o deixe para a \u00faltima hora. Educa\u00e7\u00e3o \u00e9 o caminho para um futuro melhor\" \/>\n<meta property=\"og:url\" content=\"https:\/\/abelfigueiredo.pa.gov.br\/site\/atencao-pais-e-responsaveis\/\" \/>\n<meta property=\"og:site_name\" content=\"Prefeitura Municipal de Abel Figueiredo | Gest\u00e3o 2025-2028\" \/>\n<meta property=\"article:published_time\" content=\"2026-01-08T17:54:32+00:00\" \/>\n<meta property=\"og:image\" content=\"https:\/\/abelfigueiredo.pa.gov.br\/site\/wp-content\/uploads\/2026\/01\/WhatsApp-Image-2026-01-08-at-12.12.32.jpeg\" \/>\n\t<meta property=\"og:image:width\" content=\"1024\" \/>\n\t<meta property=\"og:image:height\" content=\"1280\" \/>\n\t<meta property=\"og:image:type\" content=\"image\/jpeg\" \/>\n<meta name=\"author\" content=\"ASCOM\" \/>\n<meta name=\"twitter:label1\" content=\"Escrito por\" \/>\n\t<meta name=\"twitter:data1\" content=\"ASCOM\" \/>\n<script type=\"application\/ld+json\" class=\"yoast-schema-graph\">{\"@context\":\"https:\/\/schema.org\",\"@graph\":[{\"@type\":\"WebPage\",\"@id\":\"https:\/\/abelfigueiredo.pa.gov.br\/site\/atencao-pais-e-responsaveis\/\",\"url\":\"https:\/\/abelfigueiredo.pa.gov.br\/site\/atencao-pais-e-responsaveis\/\",\"name\":\"Aten\u00e7\u00e3o, pais e respons\u00e1veis! - Prefeitura Municipal de Abel Figueiredo | Gest\u00e3o 2025-2028\",\"isPartOf\":{\"@id\":\"https:\/\/abelfigueiredo.pa.gov.br\/site\/#website\"},\"primaryImageOfPage\":{\"@id\":\"https:\/\/abelfigueiredo.pa.gov.br\/site\/atencao-pais-e-responsaveis\/#primaryimage\"},\"image\":{\"@id\":\"https:\/\/abelfigueiredo.pa.gov.br\/site\/atencao-pais-e-responsaveis\/#primaryimage\"},\"thumbnailUrl\":\"https:\/\/abelfigueiredo.pa.gov.br\/site\/wp-content\/uploads\/2026\/01\/WhatsApp-Image-2026-01-08-at-12.12.32.jpeg\",\"datePublished\":\"2026-01-08T17:54:32+00:00\",\"author\":{\"@id\":\"https:\/\/abelfigueiredo.pa.gov.br\/site\/#\/schema\/person\/b7030c2e32bccfa38e6086b1ab3be678\"},\"inLanguage\":\"pt-BR\",\"potentialAction\":[{\"@type\":\"ReadAction\",\"target\":[\"https:\/\/abelfigueiredo.pa.gov.br\/site\/atencao-pais-e-responsaveis\/\"]}]},{\"@type\":\"ImageObject\",\"inLanguage\":\"pt-BR\",\"@id\":\"https:\/\/abelfigueiredo.pa.gov.br\/site\/atencao-pais-e-responsaveis\/#primaryimage\",\"url\":\"https:\/\/abelfigueiredo.pa.gov.br\/site\/wp-content\/uploads\/2026\/01\/WhatsApp-Image-2026-01-08-at-12.12.32.jpeg\",\"contentUrl\":\"https:\/\/abelfigueiredo.pa.gov.br\/site\/wp-content\/uploads\/2026\/01\/WhatsApp-Image-2026-01-08-at-12.12.32.jpeg\",\"width\":1024,\"height\":1280},{\"@type\":\"WebSite\",\"@id\":\"https:\/\/abelfigueiredo.pa.gov.br\/site\/#website\",\"url\":\"https:\/\/abelfigueiredo.pa.gov.br\/site\/\",\"name\":\"Prefeitura Municipal de Abel Figueiredo | Gest\u00e3o 2025-2028\",\"description\":\"Site oficial da Prefeitura Municipal de Abel Figueiredo\",\"potentialAction\":[{\"@type\":\"SearchAction\",\"target\":{\"@type\":\"EntryPoint\",\"urlTemplate\":\"https:\/\/abelfigueiredo.pa.gov.br\/site\/?s={search_term_string}\"},\"query-input\":{\"@type\":\"PropertyValueSpecification\",\"valueRequired\":true,\"valueName\":\"search_term_string\"}}],\"inLanguage\":\"pt-BR\"},{\"@type\":\"Person\",\"@id\":\"https:\/\/abelfigueiredo.pa.gov.br\/site\/#\/schema\/person\/b7030c2e32bccfa38e6086b1ab3be678\",\"name\":\"ASCOM\",\"image\":{\"@type\":\"ImageObject\",\"inLanguage\":\"pt-BR\",\"@id\":\"https:\/\/abelfigueiredo.pa.gov.br\/site\/#\/schema\/person\/image\/\",\"url\":\"https:\/\/secure.gravatar.com\/avatar\/ee6e3a6ac5793d71ee85d0aa82a0987b97fbd6c53d55b2480f9468ae70cdea28?s=96&d=mm&r=g\",\"contentUrl\":\"https:\/\/secure.gravatar.com\/avatar\/ee6e3a6ac5793d71ee85d0aa82a0987b97fbd6c53d55b2480f9468ae70cdea28?s=96&d=mm&r=g\",\"caption\":\"ASCOM\"},\"url\":\"https:\/\/abelfigueiredo.pa.gov.br\/site\/author\/ilhaproducoes\/\"}]}<\/script>\n<!-- \/ Yoast SEO plugin. -->","yoast_head_json":{"title":"Aten\u00e7\u00e3o, pais e respons\u00e1veis! - Prefeitura Municipal de Abel Figueiredo | Gest\u00e3o 2025-2028","robots":{"index":"index","follow":"follow","max-snippet":"max-snippet:-1","max-image-preview":"max-image-preview:large","max-video-preview":"max-video-preview:-1"},"canonical":"https:\/\/abelfigueiredo.pa.gov.br\/site\/atencao-pais-e-responsaveis\/","og_locale":"pt_BR","og_type":"article","og_title":"Aten\u00e7\u00e3o, pais e respons\u00e1veis! - Prefeitura Municipal de Abel Figueiredo | Gest\u00e3o 2025-2028","og_description":"As aulas est\u00e3o de volta no dia 14 de janeiro, marcando o in\u00edcio de um novo ano de aprendizado, crescimento e conquistas! Matr\u00edculas abertas nos dias 12 e 13 de janeiro N\u00e3o deixe para a \u00faltima hora. Educa\u00e7\u00e3o \u00e9 o caminho para um futuro melhor","og_url":"https:\/\/abelfigueiredo.pa.gov.br\/site\/atencao-pais-e-responsaveis\/","og_site_name":"Prefeitura Municipal de Abel Figueiredo | Gest\u00e3o 2025-2028","article_published_time":"2026-01-08T17:54:32+00:00","og_image":[{"width":1024,"height":1280,"url":"https:\/\/abelfigueiredo.pa.gov.br\/site\/wp-content\/uploads\/2026\/01\/WhatsApp-Image-2026-01-08-at-12.12.32.jpeg","type":"image\/jpeg"}],"author":"ASCOM","twitter_misc":{"Escrito por":"ASCOM"},"schema":{"@context":"https:\/\/schema.org","@graph":[{"@type":"WebPage","@id":"https:\/\/abelfigueiredo.pa.gov.br\/site\/atencao-pais-e-responsaveis\/","url":"https:\/\/abelfigueiredo.pa.gov.br\/site\/atencao-pais-e-responsaveis\/","name":"Aten\u00e7\u00e3o, pais e respons\u00e1veis! - Prefeitura Municipal de Abel Figueiredo | Gest\u00e3o 2025-2028","isPartOf":{"@id":"https:\/\/abelfigueiredo.pa.gov.br\/site\/#website"},"primaryImageOfPage":{"@id":"https:\/\/abelfigueiredo.pa.gov.br\/site\/atencao-pais-e-responsaveis\/#primaryimage"},"image":{"@id":"https:\/\/abelfigueiredo.pa.gov.br\/site\/atencao-pais-e-responsaveis\/#primaryimage"},"thumbnailUrl":"https:\/\/abelfigueiredo.pa.gov.br\/site\/wp-content\/uploads\/2026\/01\/WhatsApp-Image-2026-01-08-at-12.12.32.jpeg","datePublished":"2026-01-08T17:54:32+00:00","author":{"@id":"https:\/\/abelfigueiredo.pa.gov.br\/site\/#\/schema\/person\/b7030c2e32bccfa38e6086b1ab3be678"},"inLanguage":"pt-BR","potentialAction":[{"@type":"ReadAction","target":["https:\/\/abelfigueiredo.pa.gov.br\/site\/atencao-pais-e-responsaveis\/"]}]},{"@type":"ImageObject","inLanguage":"pt-BR","@id":"https:\/\/abelfigueiredo.pa.gov.br\/site\/atencao-pais-e-responsaveis\/#primaryimage","url":"https:\/\/abelfigueiredo.pa.gov.br\/site\/wp-content\/uploads\/2026\/01\/WhatsApp-Image-2026-01-08-at-12.12.32.jpeg","contentUrl":"https:\/\/abelfigueiredo.pa.gov.br\/site\/wp-content\/uploads\/2026\/01\/WhatsApp-Image-2026-01-08-at-12.12.32.jpeg","width":1024,"height":1280},{"@type":"WebSite","@id":"https:\/\/abelfigueiredo.pa.gov.br\/site\/#website","url":"https:\/\/abelfigueiredo.pa.gov.br\/site\/","name":"Prefeitura Municipal de Abel Figueiredo | Gest\u00e3o 2025-2028","description":"Site oficial da Prefeitura Municipal de Abel Figueiredo","potentialAction":[{"@type":"SearchAction","target":{"@type":"EntryPoint","urlTemplate":"https:\/\/abelfigueiredo.pa.gov.br\/site\/?s={search_term_string}"},"query-input":{"@type":"PropertyValueSpecification","valueRequired":true,"valueName":"search_term_string"}}],"inLanguage":"pt-BR"},{"@type":"Person","@id":"https:\/\/abelfigueiredo.pa.gov.br\/site\/#\/schema\/person\/b7030c2e32bccfa38e6086b1ab3be678","name":"ASCOM","image":{"@type":"ImageObject","inLanguage":"pt-BR","@id":"https:\/\/abelfigueiredo.pa.gov.br\/site\/#\/schema\/person\/image\/","url":"https:\/\/secure.gravatar.com\/avatar\/ee6e3a6ac5793d71ee85d0aa82a0987b97fbd6c53d55b2480f9468ae70cdea28?s=96&d=mm&r=g","contentUrl":"https:\/\/secure.gravatar.com\/avatar\/ee6e3a6ac5793d71ee85d0aa82a0987b97fbd6c53d55b2480f9468ae70cdea28?s=96&d=mm&r=g","caption":"ASCOM"},"url":"https:\/\/abelfigueiredo.pa.gov.br\/site\/author\/ilhaproducoes\/"}]}},"_links":{"self":[{"href":"https:\/\/abelfigueiredo.pa.gov.br\/site\/wp-json\/wp\/v2\/posts\/19742","targetHints":{"allow":["GET"]}}],"collection":[{"href":"https:\/\/abelfigueiredo.pa.gov.br\/site\/wp-json\/wp\/v2\/posts"}],"about":[{"href":"https:\/\/abelfigueiredo.pa.gov.br\/site\/wp-json\/wp\/v2\/types\/post"}],"author":[{"embeddable":true,"href":"https:\/\/abelfigueiredo.pa.gov.br\/site\/wp-json\/wp\/v2\/users\/40"}],"replies":[{"embeddable":true,"href":"https:\/\/abelfigueiredo.pa.gov.br\/site\/wp-json\/wp\/v2\/comments?post=19742"}],"version-history":[{"count":1,"href":"https:\/\/abelfigueiredo.pa.gov.br\/site\/wp-json\/wp\/v2\/posts\/19742\/revisions"}],"predecessor-version":[{"id":19745,"href":"https:\/\/abelfigueiredo.pa.gov.br\/site\/wp-json\/wp\/v2\/posts\/19742\/revisions\/19745"}],"wp:featuredmedia":[{"embeddable":true,"href":"https:\/\/abelfigueiredo.pa.gov.br\/site\/wp-json\/wp\/v2\/media\/19744"}],"wp:attachment":[{"href":"https:\/\/abelfigueiredo.pa.gov.br\/site\/wp-json\/wp\/v2\/media?parent=19742"}],"wp:term":[{"taxonomy":"category","embeddable":true,"href":"https:\/\/abelfigueiredo.pa.gov.br\/site\/wp-json\/wp\/v2\/categories?post=19742"},{"taxonomy":"post_tag","embeddable":true,"href":"https:\/\/abelfigueiredo.pa.gov.br\/site\/wp-json\/wp\/v2\/tags?post=19742"}],"curies":[{"name":"wp","href":"https:\/\/api.w.org\/{rel}","templated":true}]}}