{"id":19709,"date":"2025-11-26T14:45:27","date_gmt":"2025-11-26T17:45:27","guid":{"rendered":"https:\/\/abelfigueiredo.pa.gov.br\/site\/?p=19709"},"modified":"2025-12-10T14:48:18","modified_gmt":"2025-12-10T17:48:18","slug":"reuniao-com-os-pais-do-servico-de-convivencia-e-fortalecimento-de-vinculos","status":"publish","type":"post","link":"https:\/\/abelfigueiredo.pa.gov.br\/site\/reuniao-com-os-pais-do-servico-de-convivencia-e-fortalecimento-de-vinculos\/","title":{"rendered":"Reuni\u00e3o com os pais do Servi\u00e7o de Conviv\u00eancia e Fortalecimento de V\u00ednculos"},"content":{"rendered":"<p>Um momento de di\u00e1logo, participa\u00e7\u00e3o e troca que fortalece ainda mais o nosso trabalho.<\/p>\n<p>Hoje apresentamos as atividades desenvolvidas com as crian\u00e7as \u2014 carimb\u00f3, capoeira e teatro \u2014 mostrando a import\u00e2ncia de cada a\u00e7\u00e3o na constru\u00e7\u00e3o da conviv\u00eancia, da criatividade, da cultura e dos v\u00ednculos comunit\u00e1rios.<\/p>\n<p>A parceria com as fam\u00edlias \u00e9 essencial para seguir cuidando, incentivando e transformando vidas.<\/p>\n<div style=\"width: 480px;\" class=\"wp-video\"><video class=\"wp-video-shortcode\" id=\"video-19709-1\" width=\"480\" height=\"848\" preload=\"metadata\" controls=\"controls\"><source type=\"video\/mp4\" src=\"https:\/\/abelfigueiredo.pa.gov.br\/site\/wp-content\/uploads\/2025\/12\/WhatsApp-Video-2025-11-26-at-14.44.52.mp4?_=1\" \/><a href=\"https:\/\/abelfigueiredo.pa.gov.br\/site\/wp-content\/uploads\/2025\/12\/WhatsApp-Video-2025-11-26-at-14.44.52.mp4\">https:\/\/abelfigueiredo.pa.gov.br\/site\/wp-content\/uploads\/2025\/12\/WhatsApp-Video-2025-11-26-at-14.44.52.mp4<\/a><\/video><\/div>\n","protected":false},"excerpt":{"rendered":"<p>Um momento de di\u00e1logo, participa\u00e7\u00e3o e troca que fortalece ainda mais o nosso trabalho. Hoje apresentamos as atividades desenvolvidas com as crian\u00e7as \u2014 carimb\u00f3, capoeira e teatro \u2014 mostrando a import\u00e2ncia de cada a\u00e7\u00e3o na constru\u00e7\u00e3o da conviv\u00eancia, da criatividade, da cultura e dos v\u00ednculos comunit\u00e1rios. A parceria com as fam\u00edlias \u00e9 essencial para seguir<\/p>\n<div class=\"read-more\"><a href=\"https:\/\/abelfigueiredo.pa.gov.br\/site\/reuniao-com-os-pais-do-servico-de-convivencia-e-fortalecimento-de-vinculos\/\" title=\"Veja mais\">Veja mais<\/a><\/div>\n","protected":false},"author":40,"featured_media":19711,"comment_status":"closed","ping_status":"closed","sticky":false,"template":"","format":"standard","meta":{"footnotes":""},"categories":[1],"tags":[],"class_list":{"0":"post-19709","1":"post","2":"type-post","3":"status-publish","4":"format-standard","5":"has-post-thumbnail","7":"category-noticias"},"yoast_head":"<!-- This site is optimized with the Yoast SEO plugin v26.6 - https:\/\/yoast.com\/wordpress\/plugins\/seo\/ -->\n<title>Reuni\u00e3o com os pais do Servi\u00e7o de Conviv\u00eancia e Fortalecimento de V\u00ednculos - Prefeitura Municipal de Abel Figueiredo | Gest\u00e3o 2025-2028<\/title>\n<meta name=\"robots\" content=\"index, follow, max-snippet:-1, max-image-preview:large, max-video-preview:-1\" \/>\n<link rel=\"canonical\" href=\"https:\/\/abelfigueiredo.pa.gov.br\/site\/reuniao-com-os-pais-do-servico-de-convivencia-e-fortalecimento-de-vinculos\/\" \/>\n<meta property=\"og:locale\" content=\"pt_BR\" \/>\n<meta property=\"og:type\" content=\"article\" \/>\n<meta property=\"og:title\" content=\"Reuni\u00e3o com os pais do Servi\u00e7o de Conviv\u00eancia e Fortalecimento de V\u00ednculos - Prefeitura Municipal de Abel Figueiredo | Gest\u00e3o 2025-2028\" \/>\n<meta property=\"og:description\" content=\"Um momento de di\u00e1logo, participa\u00e7\u00e3o e troca que fortalece ainda mais o nosso trabalho. Hoje apresentamos as atividades desenvolvidas com as crian\u00e7as \u2014 carimb\u00f3, capoeira e teatro \u2014 mostrando a import\u00e2ncia de cada a\u00e7\u00e3o na constru\u00e7\u00e3o da conviv\u00eancia, da criatividade, da cultura e dos v\u00ednculos comunit\u00e1rios. A parceria com as fam\u00edlias \u00e9 essencial para seguirVeja mais\" \/>\n<meta property=\"og:url\" content=\"https:\/\/abelfigueiredo.pa.gov.br\/site\/reuniao-com-os-pais-do-servico-de-convivencia-e-fortalecimento-de-vinculos\/\" \/>\n<meta property=\"og:site_name\" content=\"Prefeitura Municipal de Abel Figueiredo | Gest\u00e3o 2025-2028\" \/>\n<meta property=\"article:published_time\" content=\"2025-11-26T17:45:27+00:00\" \/>\n<meta property=\"article:modified_time\" content=\"2025-12-10T17:48:18+00:00\" \/>\n<meta property=\"og:image\" content=\"https:\/\/abelfigueiredo.pa.gov.br\/site\/wp-content\/uploads\/2025\/12\/Screenshot_15.png\" \/>\n\t<meta property=\"og:image:width\" content=\"480\" \/>\n\t<meta property=\"og:image:height\" content=\"827\" \/>\n\t<meta property=\"og:image:type\" content=\"image\/png\" \/>\n<meta name=\"author\" content=\"ASCOM\" \/>\n<meta name=\"twitter:label1\" content=\"Escrito por\" \/>\n\t<meta name=\"twitter:data1\" content=\"ASCOM\" \/>\n<script type=\"application\/ld+json\" class=\"yoast-schema-graph\">{\"@context\":\"https:\/\/schema.org\",\"@graph\":[{\"@type\":\"WebPage\",\"@id\":\"https:\/\/abelfigueiredo.pa.gov.br\/site\/reuniao-com-os-pais-do-servico-de-convivencia-e-fortalecimento-de-vinculos\/\",\"url\":\"https:\/\/abelfigueiredo.pa.gov.br\/site\/reuniao-com-os-pais-do-servico-de-convivencia-e-fortalecimento-de-vinculos\/\",\"name\":\"Reuni\u00e3o com os pais do Servi\u00e7o de Conviv\u00eancia e Fortalecimento de V\u00ednculos - Prefeitura Municipal de Abel Figueiredo | Gest\u00e3o 2025-2028\",\"isPartOf\":{\"@id\":\"https:\/\/abelfigueiredo.pa.gov.br\/site\/#website\"},\"primaryImageOfPage\":{\"@id\":\"https:\/\/abelfigueiredo.pa.gov.br\/site\/reuniao-com-os-pais-do-servico-de-convivencia-e-fortalecimento-de-vinculos\/#primaryimage\"},\"image\":{\"@id\":\"https:\/\/abelfigueiredo.pa.gov.br\/site\/reuniao-com-os-pais-do-servico-de-convivencia-e-fortalecimento-de-vinculos\/#primaryimage\"},\"thumbnailUrl\":\"https:\/\/abelfigueiredo.pa.gov.br\/site\/wp-content\/uploads\/2025\/12\/Screenshot_15.png\",\"datePublished\":\"2025-11-26T17:45:27+00:00\",\"dateModified\":\"2025-12-10T17:48:18+00:00\",\"author\":{\"@id\":\"https:\/\/abelfigueiredo.pa.gov.br\/site\/#\/schema\/person\/b7030c2e32bccfa38e6086b1ab3be678\"},\"inLanguage\":\"pt-BR\",\"potentialAction\":[{\"@type\":\"ReadAction\",\"target\":[\"https:\/\/abelfigueiredo.pa.gov.br\/site\/reuniao-com-os-pais-do-servico-de-convivencia-e-fortalecimento-de-vinculos\/\"]}]},{\"@type\":\"ImageObject\",\"inLanguage\":\"pt-BR\",\"@id\":\"https:\/\/abelfigueiredo.pa.gov.br\/site\/reuniao-com-os-pais-do-servico-de-convivencia-e-fortalecimento-de-vinculos\/#primaryimage\",\"url\":\"https:\/\/abelfigueiredo.pa.gov.br\/site\/wp-content\/uploads\/2025\/12\/Screenshot_15.png\",\"contentUrl\":\"https:\/\/abelfigueiredo.pa.gov.br\/site\/wp-content\/uploads\/2025\/12\/Screenshot_15.png\",\"width\":480,\"height\":827},{\"@type\":\"WebSite\",\"@id\":\"https:\/\/abelfigueiredo.pa.gov.br\/site\/#website\",\"url\":\"https:\/\/abelfigueiredo.pa.gov.br\/site\/\",\"name\":\"Prefeitura Municipal de Abel Figueiredo | Gest\u00e3o 2025-2028\",\"description\":\"Site oficial da Prefeitura Municipal de Abel Figueiredo\",\"potentialAction\":[{\"@type\":\"SearchAction\",\"target\":{\"@type\":\"EntryPoint\",\"urlTemplate\":\"https:\/\/abelfigueiredo.pa.gov.br\/site\/?s={search_term_string}\"},\"query-input\":{\"@type\":\"PropertyValueSpecification\",\"valueRequired\":true,\"valueName\":\"search_term_string\"}}],\"inLanguage\":\"pt-BR\"},{\"@type\":\"Person\",\"@id\":\"https:\/\/abelfigueiredo.pa.gov.br\/site\/#\/schema\/person\/b7030c2e32bccfa38e6086b1ab3be678\",\"name\":\"ASCOM\",\"image\":{\"@type\":\"ImageObject\",\"inLanguage\":\"pt-BR\",\"@id\":\"https:\/\/abelfigueiredo.pa.gov.br\/site\/#\/schema\/person\/image\/\",\"url\":\"https:\/\/secure.gravatar.com\/avatar\/ee6e3a6ac5793d71ee85d0aa82a0987b97fbd6c53d55b2480f9468ae70cdea28?s=96&d=mm&r=g\",\"contentUrl\":\"https:\/\/secure.gravatar.com\/avatar\/ee6e3a6ac5793d71ee85d0aa82a0987b97fbd6c53d55b2480f9468ae70cdea28?s=96&d=mm&r=g\",\"caption\":\"ASCOM\"},\"url\":\"https:\/\/abelfigueiredo.pa.gov.br\/site\/author\/ilhaproducoes\/\"}]}<\/script>\n<!-- \/ Yoast SEO plugin. -->","yoast_head_json":{"title":"Reuni\u00e3o com os pais do Servi\u00e7o de Conviv\u00eancia e Fortalecimento de V\u00ednculos - Prefeitura Municipal de Abel Figueiredo | Gest\u00e3o 2025-2028","robots":{"index":"index","follow":"follow","max-snippet":"max-snippet:-1","max-image-preview":"max-image-preview:large","max-video-preview":"max-video-preview:-1"},"canonical":"https:\/\/abelfigueiredo.pa.gov.br\/site\/reuniao-com-os-pais-do-servico-de-convivencia-e-fortalecimento-de-vinculos\/","og_locale":"pt_BR","og_type":"article","og_title":"Reuni\u00e3o com os pais do Servi\u00e7o de Conviv\u00eancia e Fortalecimento de V\u00ednculos - Prefeitura Municipal de Abel Figueiredo | Gest\u00e3o 2025-2028","og_description":"Um momento de di\u00e1logo, participa\u00e7\u00e3o e troca que fortalece ainda mais o nosso trabalho. Hoje apresentamos as atividades desenvolvidas com as crian\u00e7as \u2014 carimb\u00f3, capoeira e teatro \u2014 mostrando a import\u00e2ncia de cada a\u00e7\u00e3o na constru\u00e7\u00e3o da conviv\u00eancia, da criatividade, da cultura e dos v\u00ednculos comunit\u00e1rios. A parceria com as fam\u00edlias \u00e9 essencial para seguirVeja mais","og_url":"https:\/\/abelfigueiredo.pa.gov.br\/site\/reuniao-com-os-pais-do-servico-de-convivencia-e-fortalecimento-de-vinculos\/","og_site_name":"Prefeitura Municipal de Abel Figueiredo | Gest\u00e3o 2025-2028","article_published_time":"2025-11-26T17:45:27+00:00","article_modified_time":"2025-12-10T17:48:18+00:00","og_image":[{"width":480,"height":827,"url":"https:\/\/abelfigueiredo.pa.gov.br\/site\/wp-content\/uploads\/2025\/12\/Screenshot_15.png","type":"image\/png"}],"author":"ASCOM","twitter_misc":{"Escrito por":"ASCOM"},"schema":{"@context":"https:\/\/schema.org","@graph":[{"@type":"WebPage","@id":"https:\/\/abelfigueiredo.pa.gov.br\/site\/reuniao-com-os-pais-do-servico-de-convivencia-e-fortalecimento-de-vinculos\/","url":"https:\/\/abelfigueiredo.pa.gov.br\/site\/reuniao-com-os-pais-do-servico-de-convivencia-e-fortalecimento-de-vinculos\/","name":"Reuni\u00e3o com os pais do Servi\u00e7o de Conviv\u00eancia e Fortalecimento de V\u00ednculos - Prefeitura Municipal de Abel Figueiredo | Gest\u00e3o 2025-2028","isPartOf":{"@id":"https:\/\/abelfigueiredo.pa.gov.br\/site\/#website"},"primaryImageOfPage":{"@id":"https:\/\/abelfigueiredo.pa.gov.br\/site\/reuniao-com-os-pais-do-servico-de-convivencia-e-fortalecimento-de-vinculos\/#primaryimage"},"image":{"@id":"https:\/\/abelfigueiredo.pa.gov.br\/site\/reuniao-com-os-pais-do-servico-de-convivencia-e-fortalecimento-de-vinculos\/#primaryimage"},"thumbnailUrl":"https:\/\/abelfigueiredo.pa.gov.br\/site\/wp-content\/uploads\/2025\/12\/Screenshot_15.png","datePublished":"2025-11-26T17:45:27+00:00","dateModified":"2025-12-10T17:48:18+00:00","author":{"@id":"https:\/\/abelfigueiredo.pa.gov.br\/site\/#\/schema\/person\/b7030c2e32bccfa38e6086b1ab3be678"},"inLanguage":"pt-BR","potentialAction":[{"@type":"ReadAction","target":["https:\/\/abelfigueiredo.pa.gov.br\/site\/reuniao-com-os-pais-do-servico-de-convivencia-e-fortalecimento-de-vinculos\/"]}]},{"@type":"ImageObject","inLanguage":"pt-BR","@id":"https:\/\/abelfigueiredo.pa.gov.br\/site\/reuniao-com-os-pais-do-servico-de-convivencia-e-fortalecimento-de-vinculos\/#primaryimage","url":"https:\/\/abelfigueiredo.pa.gov.br\/site\/wp-content\/uploads\/2025\/12\/Screenshot_15.png","contentUrl":"https:\/\/abelfigueiredo.pa.gov.br\/site\/wp-content\/uploads\/2025\/12\/Screenshot_15.png","width":480,"height":827},{"@type":"WebSite","@id":"https:\/\/abelfigueiredo.pa.gov.br\/site\/#website","url":"https:\/\/abelfigueiredo.pa.gov.br\/site\/","name":"Prefeitura Municipal de Abel Figueiredo | Gest\u00e3o 2025-2028","description":"Site oficial da Prefeitura Municipal de Abel Figueiredo","potentialAction":[{"@type":"SearchAction","target":{"@type":"EntryPoint","urlTemplate":"https:\/\/abelfigueiredo.pa.gov.br\/site\/?s={search_term_string}"},"query-input":{"@type":"PropertyValueSpecification","valueRequired":true,"valueName":"search_term_string"}}],"inLanguage":"pt-BR"},{"@type":"Person","@id":"https:\/\/abelfigueiredo.pa.gov.br\/site\/#\/schema\/person\/b7030c2e32bccfa38e6086b1ab3be678","name":"ASCOM","image":{"@type":"ImageObject","inLanguage":"pt-BR","@id":"https:\/\/abelfigueiredo.pa.gov.br\/site\/#\/schema\/person\/image\/","url":"https:\/\/secure.gravatar.com\/avatar\/ee6e3a6ac5793d71ee85d0aa82a0987b97fbd6c53d55b2480f9468ae70cdea28?s=96&d=mm&r=g","contentUrl":"https:\/\/secure.gravatar.com\/avatar\/ee6e3a6ac5793d71ee85d0aa82a0987b97fbd6c53d55b2480f9468ae70cdea28?s=96&d=mm&r=g","caption":"ASCOM"},"url":"https:\/\/abelfigueiredo.pa.gov.br\/site\/author\/ilhaproducoes\/"}]}},"_links":{"self":[{"href":"https:\/\/abelfigueiredo.pa.gov.br\/site\/wp-json\/wp\/v2\/posts\/19709","targetHints":{"allow":["GET"]}}],"collection":[{"href":"https:\/\/abelfigueiredo.pa.gov.br\/site\/wp-json\/wp\/v2\/posts"}],"about":[{"href":"https:\/\/abelfigueiredo.pa.gov.br\/site\/wp-json\/wp\/v2\/types\/post"}],"author":[{"embeddable":true,"href":"https:\/\/abelfigueiredo.pa.gov.br\/site\/wp-json\/wp\/v2\/users\/40"}],"replies":[{"embeddable":true,"href":"https:\/\/abelfigueiredo.pa.gov.br\/site\/wp-json\/wp\/v2\/comments?post=19709"}],"version-history":[{"count":1,"href":"https:\/\/abelfigueiredo.pa.gov.br\/site\/wp-json\/wp\/v2\/posts\/19709\/revisions"}],"predecessor-version":[{"id":19712,"href":"https:\/\/abelfigueiredo.pa.gov.br\/site\/wp-json\/wp\/v2\/posts\/19709\/revisions\/19712"}],"wp:featuredmedia":[{"embeddable":true,"href":"https:\/\/abelfigueiredo.pa.gov.br\/site\/wp-json\/wp\/v2\/media\/19711"}],"wp:attachment":[{"href":"https:\/\/abelfigueiredo.pa.gov.br\/site\/wp-json\/wp\/v2\/media?parent=19709"}],"wp:term":[{"taxonomy":"category","embeddable":true,"href":"https:\/\/abelfigueiredo.pa.gov.br\/site\/wp-json\/wp\/v2\/categories?post=19709"},{"taxonomy":"post_tag","embeddable":true,"href":"https:\/\/abelfigueiredo.pa.gov.br\/site\/wp-json\/wp\/v2\/tags?post=19709"}],"curies":[{"name":"wp","href":"https:\/\/api.w.org\/{rel}","templated":true}]}}