{"id":19701,"date":"2025-12-10T14:33:19","date_gmt":"2025-12-10T17:33:19","guid":{"rendered":"https:\/\/abelfigueiredo.pa.gov.br\/site\/?p=19701"},"modified":"2025-12-10T14:33:19","modified_gmt":"2025-12-10T17:33:19","slug":"a-escola-dom-pedro-celebrou-o-dia-da-consciencia-negra","status":"publish","type":"post","link":"https:\/\/abelfigueiredo.pa.gov.br\/site\/a-escola-dom-pedro-celebrou-o-dia-da-consciencia-negra\/","title":{"rendered":"A Escola Dom Pedro celebrou o Dia da Consci\u00eancia Negra"},"content":{"rendered":"<p>A Escola Dom Pedro celebrou o Dia da Consci\u00eancia Negra com atividades que valorizam a cultura afro-brasileira e refor\u00e7am a import\u00e2ncia do respeito e da igualdade.<\/p>\n<p>Por meio de apresenta\u00e7\u00f5es e momentos de aprendizado, nossos alunos refletiram sobre a hist\u00f3ria, a luta e as contribui\u00e7\u00f5es do povo negro.<\/p>\n<p>A Prefeitura de Abel Figueiredo segue comprometida com a promo\u00e7\u00e3o da diversidade. \ud83d\udc9b\ud83d\udda4<\/p>\n<div style=\"width: 464px;\" class=\"wp-video\"><video class=\"wp-video-shortcode\" id=\"video-19701-1\" width=\"464\" height=\"832\" preload=\"metadata\" controls=\"controls\"><source type=\"video\/mp4\" src=\"https:\/\/abelfigueiredo.pa.gov.br\/site\/wp-content\/uploads\/2025\/12\/WhatsApp-Video-2025-12-10-at-11.56.50.mp4?_=1\" \/><a href=\"https:\/\/abelfigueiredo.pa.gov.br\/site\/wp-content\/uploads\/2025\/12\/WhatsApp-Video-2025-12-10-at-11.56.50.mp4\">https:\/\/abelfigueiredo.pa.gov.br\/site\/wp-content\/uploads\/2025\/12\/WhatsApp-Video-2025-12-10-at-11.56.50.mp4<\/a><\/video><\/div>\n","protected":false},"excerpt":{"rendered":"<p>A Escola Dom Pedro celebrou o Dia da Consci\u00eancia Negra com atividades que valorizam a cultura afro-brasileira e refor\u00e7am a import\u00e2ncia do respeito e da igualdade. Por meio de apresenta\u00e7\u00f5es e momentos de aprendizado, nossos alunos refletiram sobre a hist\u00f3ria, a luta e as contribui\u00e7\u00f5es do povo negro. A Prefeitura de Abel Figueiredo segue comprometida<\/p>\n<div class=\"read-more\"><a href=\"https:\/\/abelfigueiredo.pa.gov.br\/site\/a-escola-dom-pedro-celebrou-o-dia-da-consciencia-negra\/\" title=\"Veja mais\">Veja mais<\/a><\/div>\n","protected":false},"author":40,"featured_media":19703,"comment_status":"closed","ping_status":"closed","sticky":false,"template":"","format":"standard","meta":{"footnotes":""},"categories":[1],"tags":[],"class_list":{"0":"post-19701","1":"post","2":"type-post","3":"status-publish","4":"format-standard","5":"has-post-thumbnail","7":"category-noticias"},"yoast_head":"<!-- This site is optimized with the Yoast SEO plugin v26.6 - https:\/\/yoast.com\/wordpress\/plugins\/seo\/ -->\n<title>A Escola Dom Pedro celebrou o Dia da Consci\u00eancia Negra - Prefeitura Municipal de Abel Figueiredo | Gest\u00e3o 2025-2028<\/title>\n<meta name=\"robots\" content=\"index, follow, max-snippet:-1, max-image-preview:large, max-video-preview:-1\" \/>\n<link rel=\"canonical\" href=\"https:\/\/abelfigueiredo.pa.gov.br\/site\/a-escola-dom-pedro-celebrou-o-dia-da-consciencia-negra\/\" \/>\n<meta property=\"og:locale\" content=\"pt_BR\" \/>\n<meta property=\"og:type\" content=\"article\" \/>\n<meta property=\"og:title\" content=\"A Escola Dom Pedro celebrou o Dia da Consci\u00eancia Negra - Prefeitura Municipal de Abel Figueiredo | Gest\u00e3o 2025-2028\" \/>\n<meta property=\"og:description\" content=\"A Escola Dom Pedro celebrou o Dia da Consci\u00eancia Negra com atividades que valorizam a cultura afro-brasileira e refor\u00e7am a import\u00e2ncia do respeito e da igualdade. Por meio de apresenta\u00e7\u00f5es e momentos de aprendizado, nossos alunos refletiram sobre a hist\u00f3ria, a luta e as contribui\u00e7\u00f5es do povo negro. A Prefeitura de Abel Figueiredo segue comprometidaVeja mais\" \/>\n<meta property=\"og:url\" content=\"https:\/\/abelfigueiredo.pa.gov.br\/site\/a-escola-dom-pedro-celebrou-o-dia-da-consciencia-negra\/\" \/>\n<meta property=\"og:site_name\" content=\"Prefeitura Municipal de Abel Figueiredo | Gest\u00e3o 2025-2028\" \/>\n<meta property=\"article:published_time\" content=\"2025-12-10T17:33:19+00:00\" \/>\n<meta property=\"og:image\" content=\"https:\/\/abelfigueiredo.pa.gov.br\/site\/wp-content\/uploads\/2025\/12\/Screenshot_12.png\" \/>\n\t<meta property=\"og:image:width\" content=\"466\" \/>\n\t<meta property=\"og:image:height\" content=\"708\" \/>\n\t<meta property=\"og:image:type\" content=\"image\/png\" \/>\n<meta name=\"author\" content=\"ASCOM\" \/>\n<meta name=\"twitter:label1\" content=\"Escrito por\" \/>\n\t<meta name=\"twitter:data1\" content=\"ASCOM\" \/>\n<script type=\"application\/ld+json\" class=\"yoast-schema-graph\">{\"@context\":\"https:\/\/schema.org\",\"@graph\":[{\"@type\":\"WebPage\",\"@id\":\"https:\/\/abelfigueiredo.pa.gov.br\/site\/a-escola-dom-pedro-celebrou-o-dia-da-consciencia-negra\/\",\"url\":\"https:\/\/abelfigueiredo.pa.gov.br\/site\/a-escola-dom-pedro-celebrou-o-dia-da-consciencia-negra\/\",\"name\":\"A Escola Dom Pedro celebrou o Dia da Consci\u00eancia Negra - Prefeitura Municipal de Abel Figueiredo | Gest\u00e3o 2025-2028\",\"isPartOf\":{\"@id\":\"https:\/\/abelfigueiredo.pa.gov.br\/site\/#website\"},\"primaryImageOfPage\":{\"@id\":\"https:\/\/abelfigueiredo.pa.gov.br\/site\/a-escola-dom-pedro-celebrou-o-dia-da-consciencia-negra\/#primaryimage\"},\"image\":{\"@id\":\"https:\/\/abelfigueiredo.pa.gov.br\/site\/a-escola-dom-pedro-celebrou-o-dia-da-consciencia-negra\/#primaryimage\"},\"thumbnailUrl\":\"https:\/\/abelfigueiredo.pa.gov.br\/site\/wp-content\/uploads\/2025\/12\/Screenshot_12.png\",\"datePublished\":\"2025-12-10T17:33:19+00:00\",\"author\":{\"@id\":\"https:\/\/abelfigueiredo.pa.gov.br\/site\/#\/schema\/person\/b7030c2e32bccfa38e6086b1ab3be678\"},\"inLanguage\":\"pt-BR\",\"potentialAction\":[{\"@type\":\"ReadAction\",\"target\":[\"https:\/\/abelfigueiredo.pa.gov.br\/site\/a-escola-dom-pedro-celebrou-o-dia-da-consciencia-negra\/\"]}]},{\"@type\":\"ImageObject\",\"inLanguage\":\"pt-BR\",\"@id\":\"https:\/\/abelfigueiredo.pa.gov.br\/site\/a-escola-dom-pedro-celebrou-o-dia-da-consciencia-negra\/#primaryimage\",\"url\":\"https:\/\/abelfigueiredo.pa.gov.br\/site\/wp-content\/uploads\/2025\/12\/Screenshot_12.png\",\"contentUrl\":\"https:\/\/abelfigueiredo.pa.gov.br\/site\/wp-content\/uploads\/2025\/12\/Screenshot_12.png\",\"width\":466,\"height\":708},{\"@type\":\"WebSite\",\"@id\":\"https:\/\/abelfigueiredo.pa.gov.br\/site\/#website\",\"url\":\"https:\/\/abelfigueiredo.pa.gov.br\/site\/\",\"name\":\"Prefeitura Municipal de Abel Figueiredo | Gest\u00e3o 2025-2028\",\"description\":\"Site oficial da Prefeitura Municipal de Abel Figueiredo\",\"potentialAction\":[{\"@type\":\"SearchAction\",\"target\":{\"@type\":\"EntryPoint\",\"urlTemplate\":\"https:\/\/abelfigueiredo.pa.gov.br\/site\/?s={search_term_string}\"},\"query-input\":{\"@type\":\"PropertyValueSpecification\",\"valueRequired\":true,\"valueName\":\"search_term_string\"}}],\"inLanguage\":\"pt-BR\"},{\"@type\":\"Person\",\"@id\":\"https:\/\/abelfigueiredo.pa.gov.br\/site\/#\/schema\/person\/b7030c2e32bccfa38e6086b1ab3be678\",\"name\":\"ASCOM\",\"image\":{\"@type\":\"ImageObject\",\"inLanguage\":\"pt-BR\",\"@id\":\"https:\/\/abelfigueiredo.pa.gov.br\/site\/#\/schema\/person\/image\/\",\"url\":\"https:\/\/secure.gravatar.com\/avatar\/ee6e3a6ac5793d71ee85d0aa82a0987b97fbd6c53d55b2480f9468ae70cdea28?s=96&d=mm&r=g\",\"contentUrl\":\"https:\/\/secure.gravatar.com\/avatar\/ee6e3a6ac5793d71ee85d0aa82a0987b97fbd6c53d55b2480f9468ae70cdea28?s=96&d=mm&r=g\",\"caption\":\"ASCOM\"},\"url\":\"https:\/\/abelfigueiredo.pa.gov.br\/site\/author\/ilhaproducoes\/\"}]}<\/script>\n<!-- \/ Yoast SEO plugin. -->","yoast_head_json":{"title":"A Escola Dom Pedro celebrou o Dia da Consci\u00eancia Negra - Prefeitura Municipal de Abel Figueiredo | Gest\u00e3o 2025-2028","robots":{"index":"index","follow":"follow","max-snippet":"max-snippet:-1","max-image-preview":"max-image-preview:large","max-video-preview":"max-video-preview:-1"},"canonical":"https:\/\/abelfigueiredo.pa.gov.br\/site\/a-escola-dom-pedro-celebrou-o-dia-da-consciencia-negra\/","og_locale":"pt_BR","og_type":"article","og_title":"A Escola Dom Pedro celebrou o Dia da Consci\u00eancia Negra - Prefeitura Municipal de Abel Figueiredo | Gest\u00e3o 2025-2028","og_description":"A Escola Dom Pedro celebrou o Dia da Consci\u00eancia Negra com atividades que valorizam a cultura afro-brasileira e refor\u00e7am a import\u00e2ncia do respeito e da igualdade. Por meio de apresenta\u00e7\u00f5es e momentos de aprendizado, nossos alunos refletiram sobre a hist\u00f3ria, a luta e as contribui\u00e7\u00f5es do povo negro. A Prefeitura de Abel Figueiredo segue comprometidaVeja mais","og_url":"https:\/\/abelfigueiredo.pa.gov.br\/site\/a-escola-dom-pedro-celebrou-o-dia-da-consciencia-negra\/","og_site_name":"Prefeitura Municipal de Abel Figueiredo | Gest\u00e3o 2025-2028","article_published_time":"2025-12-10T17:33:19+00:00","og_image":[{"width":466,"height":708,"url":"https:\/\/abelfigueiredo.pa.gov.br\/site\/wp-content\/uploads\/2025\/12\/Screenshot_12.png","type":"image\/png"}],"author":"ASCOM","twitter_misc":{"Escrito por":"ASCOM"},"schema":{"@context":"https:\/\/schema.org","@graph":[{"@type":"WebPage","@id":"https:\/\/abelfigueiredo.pa.gov.br\/site\/a-escola-dom-pedro-celebrou-o-dia-da-consciencia-negra\/","url":"https:\/\/abelfigueiredo.pa.gov.br\/site\/a-escola-dom-pedro-celebrou-o-dia-da-consciencia-negra\/","name":"A Escola Dom Pedro celebrou o Dia da Consci\u00eancia Negra - Prefeitura Municipal de Abel Figueiredo | Gest\u00e3o 2025-2028","isPartOf":{"@id":"https:\/\/abelfigueiredo.pa.gov.br\/site\/#website"},"primaryImageOfPage":{"@id":"https:\/\/abelfigueiredo.pa.gov.br\/site\/a-escola-dom-pedro-celebrou-o-dia-da-consciencia-negra\/#primaryimage"},"image":{"@id":"https:\/\/abelfigueiredo.pa.gov.br\/site\/a-escola-dom-pedro-celebrou-o-dia-da-consciencia-negra\/#primaryimage"},"thumbnailUrl":"https:\/\/abelfigueiredo.pa.gov.br\/site\/wp-content\/uploads\/2025\/12\/Screenshot_12.png","datePublished":"2025-12-10T17:33:19+00:00","author":{"@id":"https:\/\/abelfigueiredo.pa.gov.br\/site\/#\/schema\/person\/b7030c2e32bccfa38e6086b1ab3be678"},"inLanguage":"pt-BR","potentialAction":[{"@type":"ReadAction","target":["https:\/\/abelfigueiredo.pa.gov.br\/site\/a-escola-dom-pedro-celebrou-o-dia-da-consciencia-negra\/"]}]},{"@type":"ImageObject","inLanguage":"pt-BR","@id":"https:\/\/abelfigueiredo.pa.gov.br\/site\/a-escola-dom-pedro-celebrou-o-dia-da-consciencia-negra\/#primaryimage","url":"https:\/\/abelfigueiredo.pa.gov.br\/site\/wp-content\/uploads\/2025\/12\/Screenshot_12.png","contentUrl":"https:\/\/abelfigueiredo.pa.gov.br\/site\/wp-content\/uploads\/2025\/12\/Screenshot_12.png","width":466,"height":708},{"@type":"WebSite","@id":"https:\/\/abelfigueiredo.pa.gov.br\/site\/#website","url":"https:\/\/abelfigueiredo.pa.gov.br\/site\/","name":"Prefeitura Municipal de Abel Figueiredo | Gest\u00e3o 2025-2028","description":"Site oficial da Prefeitura Municipal de Abel Figueiredo","potentialAction":[{"@type":"SearchAction","target":{"@type":"EntryPoint","urlTemplate":"https:\/\/abelfigueiredo.pa.gov.br\/site\/?s={search_term_string}"},"query-input":{"@type":"PropertyValueSpecification","valueRequired":true,"valueName":"search_term_string"}}],"inLanguage":"pt-BR"},{"@type":"Person","@id":"https:\/\/abelfigueiredo.pa.gov.br\/site\/#\/schema\/person\/b7030c2e32bccfa38e6086b1ab3be678","name":"ASCOM","image":{"@type":"ImageObject","inLanguage":"pt-BR","@id":"https:\/\/abelfigueiredo.pa.gov.br\/site\/#\/schema\/person\/image\/","url":"https:\/\/secure.gravatar.com\/avatar\/ee6e3a6ac5793d71ee85d0aa82a0987b97fbd6c53d55b2480f9468ae70cdea28?s=96&d=mm&r=g","contentUrl":"https:\/\/secure.gravatar.com\/avatar\/ee6e3a6ac5793d71ee85d0aa82a0987b97fbd6c53d55b2480f9468ae70cdea28?s=96&d=mm&r=g","caption":"ASCOM"},"url":"https:\/\/abelfigueiredo.pa.gov.br\/site\/author\/ilhaproducoes\/"}]}},"_links":{"self":[{"href":"https:\/\/abelfigueiredo.pa.gov.br\/site\/wp-json\/wp\/v2\/posts\/19701","targetHints":{"allow":["GET"]}}],"collection":[{"href":"https:\/\/abelfigueiredo.pa.gov.br\/site\/wp-json\/wp\/v2\/posts"}],"about":[{"href":"https:\/\/abelfigueiredo.pa.gov.br\/site\/wp-json\/wp\/v2\/types\/post"}],"author":[{"embeddable":true,"href":"https:\/\/abelfigueiredo.pa.gov.br\/site\/wp-json\/wp\/v2\/users\/40"}],"replies":[{"embeddable":true,"href":"https:\/\/abelfigueiredo.pa.gov.br\/site\/wp-json\/wp\/v2\/comments?post=19701"}],"version-history":[{"count":1,"href":"https:\/\/abelfigueiredo.pa.gov.br\/site\/wp-json\/wp\/v2\/posts\/19701\/revisions"}],"predecessor-version":[{"id":19704,"href":"https:\/\/abelfigueiredo.pa.gov.br\/site\/wp-json\/wp\/v2\/posts\/19701\/revisions\/19704"}],"wp:featuredmedia":[{"embeddable":true,"href":"https:\/\/abelfigueiredo.pa.gov.br\/site\/wp-json\/wp\/v2\/media\/19703"}],"wp:attachment":[{"href":"https:\/\/abelfigueiredo.pa.gov.br\/site\/wp-json\/wp\/v2\/media?parent=19701"}],"wp:term":[{"taxonomy":"category","embeddable":true,"href":"https:\/\/abelfigueiredo.pa.gov.br\/site\/wp-json\/wp\/v2\/categories?post=19701"},{"taxonomy":"post_tag","embeddable":true,"href":"https:\/\/abelfigueiredo.pa.gov.br\/site\/wp-json\/wp\/v2\/tags?post=19701"}],"curies":[{"name":"wp","href":"https:\/\/api.w.org\/{rel}","templated":true}]}}