{"id":19698,"date":"2025-12-10T14:30:26","date_gmt":"2025-12-10T17:30:26","guid":{"rendered":"https:\/\/abelfigueiredo.pa.gov.br\/site\/?p=19698"},"modified":"2025-12-10T14:30:26","modified_gmt":"2025-12-10T17:30:26","slug":"abel-figueiredo-agora-faz-parte-do-mapa-do-turismo-brasileiro","status":"publish","type":"post","link":"https:\/\/abelfigueiredo.pa.gov.br\/site\/abel-figueiredo-agora-faz-parte-do-mapa-do-turismo-brasileiro\/","title":{"rendered":"Abel Figueiredo agora faz parte do Mapa do Turismo Brasileiro!"},"content":{"rendered":"<p>Essa conquista refor\u00e7a o potencial da nossa cidade e abre portas para mais investimentos, expans\u00e3o da infraestrutura tur\u00edstica e maior visibilidade em todo o pa\u00eds.<\/p>\n<p>O reconhecimento do Minist\u00e9rio do Turismo fortalece o nosso compromisso com o desenvolvimento, valoriza\u00e7\u00e3o da cultura local e cria\u00e7\u00e3o de novas oportunidades para a nossa gente.<\/p>\n<p>Abel Figueiredo segue avan\u00e7ando, crescendo e ocupando seu lugar no cen\u00e1rio tur\u00edstico brasileiro. \ud83d\udc9a\ud83e\udd0d<\/p>\n<p><a href=\"https:\/\/abelfigueiredo.pa.gov.br\/site\/wp-content\/uploads\/2025\/12\/WhatsApp-Image-2025-12-10-at-11.59.39.jpeg\"><img loading=\"lazy\" decoding=\"async\" class=\"alignnone size-medium wp-image-19699\" src=\"https:\/\/abelfigueiredo.pa.gov.br\/site\/wp-content\/uploads\/2025\/12\/WhatsApp-Image-2025-12-10-at-11.59.39-240x300.jpeg\" alt=\"\" width=\"240\" height=\"300\" srcset=\"https:\/\/abelfigueiredo.pa.gov.br\/site\/wp-content\/uploads\/2025\/12\/WhatsApp-Image-2025-12-10-at-11.59.39-240x300.jpeg 240w, https:\/\/abelfigueiredo.pa.gov.br\/site\/wp-content\/uploads\/2025\/12\/WhatsApp-Image-2025-12-10-at-11.59.39-819x1024.jpeg 819w, https:\/\/abelfigueiredo.pa.gov.br\/site\/wp-content\/uploads\/2025\/12\/WhatsApp-Image-2025-12-10-at-11.59.39-768x960.jpeg 768w, https:\/\/abelfigueiredo.pa.gov.br\/site\/wp-content\/uploads\/2025\/12\/WhatsApp-Image-2025-12-10-at-11.59.39.jpeg 1080w\" sizes=\"auto, (max-width: 240px) 100vw, 240px\" \/><\/a><\/p>\n","protected":false},"excerpt":{"rendered":"<p>Essa conquista refor\u00e7a o potencial da nossa cidade e abre portas para mais investimentos, expans\u00e3o da infraestrutura tur\u00edstica e maior visibilidade em todo o pa\u00eds. O reconhecimento do Minist\u00e9rio do Turismo fortalece o nosso compromisso com o desenvolvimento, valoriza\u00e7\u00e3o da cultura local e cria\u00e7\u00e3o de novas oportunidades para a nossa gente. Abel Figueiredo segue avan\u00e7ando,<\/p>\n<div class=\"read-more\"><a href=\"https:\/\/abelfigueiredo.pa.gov.br\/site\/abel-figueiredo-agora-faz-parte-do-mapa-do-turismo-brasileiro\/\" title=\"Veja mais\">Veja mais<\/a><\/div>\n","protected":false},"author":40,"featured_media":19699,"comment_status":"closed","ping_status":"closed","sticky":false,"template":"","format":"standard","meta":{"footnotes":""},"categories":[1],"tags":[],"class_list":{"0":"post-19698","1":"post","2":"type-post","3":"status-publish","4":"format-standard","5":"has-post-thumbnail","7":"category-noticias"},"yoast_head":"<!-- This site is optimized with the Yoast SEO plugin v26.6 - https:\/\/yoast.com\/wordpress\/plugins\/seo\/ -->\n<title>Abel Figueiredo agora faz parte do Mapa do Turismo Brasileiro! - Prefeitura Municipal de Abel Figueiredo | Gest\u00e3o 2025-2028<\/title>\n<meta name=\"robots\" content=\"index, follow, max-snippet:-1, max-image-preview:large, max-video-preview:-1\" \/>\n<link rel=\"canonical\" href=\"https:\/\/abelfigueiredo.pa.gov.br\/site\/abel-figueiredo-agora-faz-parte-do-mapa-do-turismo-brasileiro\/\" \/>\n<meta property=\"og:locale\" content=\"pt_BR\" \/>\n<meta property=\"og:type\" content=\"article\" \/>\n<meta property=\"og:title\" content=\"Abel Figueiredo agora faz parte do Mapa do Turismo Brasileiro! - Prefeitura Municipal de Abel Figueiredo | Gest\u00e3o 2025-2028\" \/>\n<meta property=\"og:description\" content=\"Essa conquista refor\u00e7a o potencial da nossa cidade e abre portas para mais investimentos, expans\u00e3o da infraestrutura tur\u00edstica e maior visibilidade em todo o pa\u00eds. O reconhecimento do Minist\u00e9rio do Turismo fortalece o nosso compromisso com o desenvolvimento, valoriza\u00e7\u00e3o da cultura local e cria\u00e7\u00e3o de novas oportunidades para a nossa gente. Abel Figueiredo segue avan\u00e7ando,Veja mais\" \/>\n<meta property=\"og:url\" content=\"https:\/\/abelfigueiredo.pa.gov.br\/site\/abel-figueiredo-agora-faz-parte-do-mapa-do-turismo-brasileiro\/\" \/>\n<meta property=\"og:site_name\" content=\"Prefeitura Municipal de Abel Figueiredo | Gest\u00e3o 2025-2028\" \/>\n<meta property=\"article:published_time\" content=\"2025-12-10T17:30:26+00:00\" \/>\n<meta property=\"og:image\" content=\"https:\/\/abelfigueiredo.pa.gov.br\/site\/wp-content\/uploads\/2025\/12\/WhatsApp-Image-2025-12-10-at-11.59.39.jpeg\" \/>\n\t<meta property=\"og:image:width\" content=\"1080\" \/>\n\t<meta property=\"og:image:height\" content=\"1350\" \/>\n\t<meta property=\"og:image:type\" content=\"image\/jpeg\" \/>\n<meta name=\"author\" content=\"ASCOM\" \/>\n<meta name=\"twitter:label1\" content=\"Escrito por\" \/>\n\t<meta name=\"twitter:data1\" content=\"ASCOM\" \/>\n<script type=\"application\/ld+json\" class=\"yoast-schema-graph\">{\"@context\":\"https:\/\/schema.org\",\"@graph\":[{\"@type\":\"WebPage\",\"@id\":\"https:\/\/abelfigueiredo.pa.gov.br\/site\/abel-figueiredo-agora-faz-parte-do-mapa-do-turismo-brasileiro\/\",\"url\":\"https:\/\/abelfigueiredo.pa.gov.br\/site\/abel-figueiredo-agora-faz-parte-do-mapa-do-turismo-brasileiro\/\",\"name\":\"Abel Figueiredo agora faz parte do Mapa do Turismo Brasileiro! - Prefeitura Municipal de Abel Figueiredo | Gest\u00e3o 2025-2028\",\"isPartOf\":{\"@id\":\"https:\/\/abelfigueiredo.pa.gov.br\/site\/#website\"},\"primaryImageOfPage\":{\"@id\":\"https:\/\/abelfigueiredo.pa.gov.br\/site\/abel-figueiredo-agora-faz-parte-do-mapa-do-turismo-brasileiro\/#primaryimage\"},\"image\":{\"@id\":\"https:\/\/abelfigueiredo.pa.gov.br\/site\/abel-figueiredo-agora-faz-parte-do-mapa-do-turismo-brasileiro\/#primaryimage\"},\"thumbnailUrl\":\"https:\/\/abelfigueiredo.pa.gov.br\/site\/wp-content\/uploads\/2025\/12\/WhatsApp-Image-2025-12-10-at-11.59.39.jpeg\",\"datePublished\":\"2025-12-10T17:30:26+00:00\",\"author\":{\"@id\":\"https:\/\/abelfigueiredo.pa.gov.br\/site\/#\/schema\/person\/b7030c2e32bccfa38e6086b1ab3be678\"},\"inLanguage\":\"pt-BR\",\"potentialAction\":[{\"@type\":\"ReadAction\",\"target\":[\"https:\/\/abelfigueiredo.pa.gov.br\/site\/abel-figueiredo-agora-faz-parte-do-mapa-do-turismo-brasileiro\/\"]}]},{\"@type\":\"ImageObject\",\"inLanguage\":\"pt-BR\",\"@id\":\"https:\/\/abelfigueiredo.pa.gov.br\/site\/abel-figueiredo-agora-faz-parte-do-mapa-do-turismo-brasileiro\/#primaryimage\",\"url\":\"https:\/\/abelfigueiredo.pa.gov.br\/site\/wp-content\/uploads\/2025\/12\/WhatsApp-Image-2025-12-10-at-11.59.39.jpeg\",\"contentUrl\":\"https:\/\/abelfigueiredo.pa.gov.br\/site\/wp-content\/uploads\/2025\/12\/WhatsApp-Image-2025-12-10-at-11.59.39.jpeg\",\"width\":1080,\"height\":1350},{\"@type\":\"WebSite\",\"@id\":\"https:\/\/abelfigueiredo.pa.gov.br\/site\/#website\",\"url\":\"https:\/\/abelfigueiredo.pa.gov.br\/site\/\",\"name\":\"Prefeitura Municipal de Abel Figueiredo | Gest\u00e3o 2025-2028\",\"description\":\"Site oficial da Prefeitura Municipal de Abel Figueiredo\",\"potentialAction\":[{\"@type\":\"SearchAction\",\"target\":{\"@type\":\"EntryPoint\",\"urlTemplate\":\"https:\/\/abelfigueiredo.pa.gov.br\/site\/?s={search_term_string}\"},\"query-input\":{\"@type\":\"PropertyValueSpecification\",\"valueRequired\":true,\"valueName\":\"search_term_string\"}}],\"inLanguage\":\"pt-BR\"},{\"@type\":\"Person\",\"@id\":\"https:\/\/abelfigueiredo.pa.gov.br\/site\/#\/schema\/person\/b7030c2e32bccfa38e6086b1ab3be678\",\"name\":\"ASCOM\",\"image\":{\"@type\":\"ImageObject\",\"inLanguage\":\"pt-BR\",\"@id\":\"https:\/\/abelfigueiredo.pa.gov.br\/site\/#\/schema\/person\/image\/\",\"url\":\"https:\/\/secure.gravatar.com\/avatar\/ee6e3a6ac5793d71ee85d0aa82a0987b97fbd6c53d55b2480f9468ae70cdea28?s=96&d=mm&r=g\",\"contentUrl\":\"https:\/\/secure.gravatar.com\/avatar\/ee6e3a6ac5793d71ee85d0aa82a0987b97fbd6c53d55b2480f9468ae70cdea28?s=96&d=mm&r=g\",\"caption\":\"ASCOM\"},\"url\":\"https:\/\/abelfigueiredo.pa.gov.br\/site\/author\/ilhaproducoes\/\"}]}<\/script>\n<!-- \/ Yoast SEO plugin. -->","yoast_head_json":{"title":"Abel Figueiredo agora faz parte do Mapa do Turismo Brasileiro! - Prefeitura Municipal de Abel Figueiredo | Gest\u00e3o 2025-2028","robots":{"index":"index","follow":"follow","max-snippet":"max-snippet:-1","max-image-preview":"max-image-preview:large","max-video-preview":"max-video-preview:-1"},"canonical":"https:\/\/abelfigueiredo.pa.gov.br\/site\/abel-figueiredo-agora-faz-parte-do-mapa-do-turismo-brasileiro\/","og_locale":"pt_BR","og_type":"article","og_title":"Abel Figueiredo agora faz parte do Mapa do Turismo Brasileiro! - Prefeitura Municipal de Abel Figueiredo | Gest\u00e3o 2025-2028","og_description":"Essa conquista refor\u00e7a o potencial da nossa cidade e abre portas para mais investimentos, expans\u00e3o da infraestrutura tur\u00edstica e maior visibilidade em todo o pa\u00eds. O reconhecimento do Minist\u00e9rio do Turismo fortalece o nosso compromisso com o desenvolvimento, valoriza\u00e7\u00e3o da cultura local e cria\u00e7\u00e3o de novas oportunidades para a nossa gente. Abel Figueiredo segue avan\u00e7ando,Veja mais","og_url":"https:\/\/abelfigueiredo.pa.gov.br\/site\/abel-figueiredo-agora-faz-parte-do-mapa-do-turismo-brasileiro\/","og_site_name":"Prefeitura Municipal de Abel Figueiredo | Gest\u00e3o 2025-2028","article_published_time":"2025-12-10T17:30:26+00:00","og_image":[{"width":1080,"height":1350,"url":"https:\/\/abelfigueiredo.pa.gov.br\/site\/wp-content\/uploads\/2025\/12\/WhatsApp-Image-2025-12-10-at-11.59.39.jpeg","type":"image\/jpeg"}],"author":"ASCOM","twitter_misc":{"Escrito por":"ASCOM"},"schema":{"@context":"https:\/\/schema.org","@graph":[{"@type":"WebPage","@id":"https:\/\/abelfigueiredo.pa.gov.br\/site\/abel-figueiredo-agora-faz-parte-do-mapa-do-turismo-brasileiro\/","url":"https:\/\/abelfigueiredo.pa.gov.br\/site\/abel-figueiredo-agora-faz-parte-do-mapa-do-turismo-brasileiro\/","name":"Abel Figueiredo agora faz parte do Mapa do Turismo Brasileiro! - Prefeitura Municipal de Abel Figueiredo | Gest\u00e3o 2025-2028","isPartOf":{"@id":"https:\/\/abelfigueiredo.pa.gov.br\/site\/#website"},"primaryImageOfPage":{"@id":"https:\/\/abelfigueiredo.pa.gov.br\/site\/abel-figueiredo-agora-faz-parte-do-mapa-do-turismo-brasileiro\/#primaryimage"},"image":{"@id":"https:\/\/abelfigueiredo.pa.gov.br\/site\/abel-figueiredo-agora-faz-parte-do-mapa-do-turismo-brasileiro\/#primaryimage"},"thumbnailUrl":"https:\/\/abelfigueiredo.pa.gov.br\/site\/wp-content\/uploads\/2025\/12\/WhatsApp-Image-2025-12-10-at-11.59.39.jpeg","datePublished":"2025-12-10T17:30:26+00:00","author":{"@id":"https:\/\/abelfigueiredo.pa.gov.br\/site\/#\/schema\/person\/b7030c2e32bccfa38e6086b1ab3be678"},"inLanguage":"pt-BR","potentialAction":[{"@type":"ReadAction","target":["https:\/\/abelfigueiredo.pa.gov.br\/site\/abel-figueiredo-agora-faz-parte-do-mapa-do-turismo-brasileiro\/"]}]},{"@type":"ImageObject","inLanguage":"pt-BR","@id":"https:\/\/abelfigueiredo.pa.gov.br\/site\/abel-figueiredo-agora-faz-parte-do-mapa-do-turismo-brasileiro\/#primaryimage","url":"https:\/\/abelfigueiredo.pa.gov.br\/site\/wp-content\/uploads\/2025\/12\/WhatsApp-Image-2025-12-10-at-11.59.39.jpeg","contentUrl":"https:\/\/abelfigueiredo.pa.gov.br\/site\/wp-content\/uploads\/2025\/12\/WhatsApp-Image-2025-12-10-at-11.59.39.jpeg","width":1080,"height":1350},{"@type":"WebSite","@id":"https:\/\/abelfigueiredo.pa.gov.br\/site\/#website","url":"https:\/\/abelfigueiredo.pa.gov.br\/site\/","name":"Prefeitura Municipal de Abel Figueiredo | Gest\u00e3o 2025-2028","description":"Site oficial da Prefeitura Municipal de Abel Figueiredo","potentialAction":[{"@type":"SearchAction","target":{"@type":"EntryPoint","urlTemplate":"https:\/\/abelfigueiredo.pa.gov.br\/site\/?s={search_term_string}"},"query-input":{"@type":"PropertyValueSpecification","valueRequired":true,"valueName":"search_term_string"}}],"inLanguage":"pt-BR"},{"@type":"Person","@id":"https:\/\/abelfigueiredo.pa.gov.br\/site\/#\/schema\/person\/b7030c2e32bccfa38e6086b1ab3be678","name":"ASCOM","image":{"@type":"ImageObject","inLanguage":"pt-BR","@id":"https:\/\/abelfigueiredo.pa.gov.br\/site\/#\/schema\/person\/image\/","url":"https:\/\/secure.gravatar.com\/avatar\/ee6e3a6ac5793d71ee85d0aa82a0987b97fbd6c53d55b2480f9468ae70cdea28?s=96&d=mm&r=g","contentUrl":"https:\/\/secure.gravatar.com\/avatar\/ee6e3a6ac5793d71ee85d0aa82a0987b97fbd6c53d55b2480f9468ae70cdea28?s=96&d=mm&r=g","caption":"ASCOM"},"url":"https:\/\/abelfigueiredo.pa.gov.br\/site\/author\/ilhaproducoes\/"}]}},"_links":{"self":[{"href":"https:\/\/abelfigueiredo.pa.gov.br\/site\/wp-json\/wp\/v2\/posts\/19698","targetHints":{"allow":["GET"]}}],"collection":[{"href":"https:\/\/abelfigueiredo.pa.gov.br\/site\/wp-json\/wp\/v2\/posts"}],"about":[{"href":"https:\/\/abelfigueiredo.pa.gov.br\/site\/wp-json\/wp\/v2\/types\/post"}],"author":[{"embeddable":true,"href":"https:\/\/abelfigueiredo.pa.gov.br\/site\/wp-json\/wp\/v2\/users\/40"}],"replies":[{"embeddable":true,"href":"https:\/\/abelfigueiredo.pa.gov.br\/site\/wp-json\/wp\/v2\/comments?post=19698"}],"version-history":[{"count":1,"href":"https:\/\/abelfigueiredo.pa.gov.br\/site\/wp-json\/wp\/v2\/posts\/19698\/revisions"}],"predecessor-version":[{"id":19700,"href":"https:\/\/abelfigueiredo.pa.gov.br\/site\/wp-json\/wp\/v2\/posts\/19698\/revisions\/19700"}],"wp:featuredmedia":[{"embeddable":true,"href":"https:\/\/abelfigueiredo.pa.gov.br\/site\/wp-json\/wp\/v2\/media\/19699"}],"wp:attachment":[{"href":"https:\/\/abelfigueiredo.pa.gov.br\/site\/wp-json\/wp\/v2\/media?parent=19698"}],"wp:term":[{"taxonomy":"category","embeddable":true,"href":"https:\/\/abelfigueiredo.pa.gov.br\/site\/wp-json\/wp\/v2\/categories?post=19698"},{"taxonomy":"post_tag","embeddable":true,"href":"https:\/\/abelfigueiredo.pa.gov.br\/site\/wp-json\/wp\/v2\/tags?post=19698"}],"curies":[{"name":"wp","href":"https:\/\/api.w.org\/{rel}","templated":true}]}}