{"id":19680,"date":"2025-11-04T15:01:36","date_gmt":"2025-11-04T18:01:36","guid":{"rendered":"https:\/\/abelfigueiredo.pa.gov.br\/site\/?p=19680"},"modified":"2025-12-02T12:02:02","modified_gmt":"2025-12-02T15:02:02","slug":"mais-uma-conquista-da-nossa-gestao","status":"publish","type":"post","link":"https:\/\/abelfigueiredo.pa.gov.br\/site\/mais-uma-conquista-da-nossa-gestao\/","title":{"rendered":"Mais uma conquista da nossa gest\u00e3o!"},"content":{"rendered":"<p>Quero mostrar para voc\u00eas mais uma conquista da nossa gest\u00e3o! \ud83d\udcaa<br \/>\nCom recursos pr\u00f3prios, estamos investindo em manilhas que v\u00e3o trazer mais qualidade de vida para a nossa popula\u00e7\u00e3o e economia para o munic\u00edpio.<br \/>\nCom elas, vamos poder fazer o saneamento do esgoto da orla que estamos construindo aqui em Abel Figueiredo.<br \/>\n\u00c9 mais um avan\u00e7o para o desenvolvimento da nossa cidade! \ud83d\udea7\u2728<\/p>\n<p>#AbelFigueiredo #PrefeituraDeAbelFigueiredo #TrabalhoQueTransforma #Gest\u00e3oComResponsabilidade #Obras #Infraestrutura #Desenvolvimento #QualidadeDeVida #RecursosPr\u00f3prios #Progresso #Saneamento #OrlaDeAbelFigueiredo<\/p>\n<div style=\"width: 480px;\" class=\"wp-video\"><video class=\"wp-video-shortcode\" id=\"video-19680-1\" width=\"480\" height=\"848\" preload=\"metadata\" controls=\"controls\"><source type=\"video\/mp4\" src=\"https:\/\/abelfigueiredo.pa.gov.br\/site\/wp-content\/uploads\/2025\/11\/WhatsApp-Video-2025-11-01-at-19.00.38.mp4?_=1\" \/><a href=\"https:\/\/abelfigueiredo.pa.gov.br\/site\/wp-content\/uploads\/2025\/11\/WhatsApp-Video-2025-11-01-at-19.00.38.mp4\">https:\/\/abelfigueiredo.pa.gov.br\/site\/wp-content\/uploads\/2025\/11\/WhatsApp-Video-2025-11-01-at-19.00.38.mp4<\/a><\/video><\/div>\n","protected":false},"excerpt":{"rendered":"<p>Quero mostrar para voc\u00eas mais uma conquista da nossa gest\u00e3o! \ud83d\udcaa Com recursos pr\u00f3prios, estamos investindo em manilhas que v\u00e3o trazer mais qualidade de vida para a nossa popula\u00e7\u00e3o e economia para o munic\u00edpio. Com elas, vamos poder fazer o saneamento do esgoto da orla que estamos construindo aqui em Abel Figueiredo. \u00c9 mais um<\/p>\n<div class=\"read-more\"><a href=\"https:\/\/abelfigueiredo.pa.gov.br\/site\/mais-uma-conquista-da-nossa-gestao\/\" title=\"Veja mais\">Veja mais<\/a><\/div>\n","protected":false},"author":40,"featured_media":19692,"comment_status":"closed","ping_status":"closed","sticky":false,"template":"","format":"standard","meta":{"footnotes":""},"categories":[1],"tags":[],"class_list":{"0":"post-19680","1":"post","2":"type-post","3":"status-publish","4":"format-standard","5":"has-post-thumbnail","7":"category-noticias"},"yoast_head":"<!-- This site is optimized with the Yoast SEO plugin v26.6 - https:\/\/yoast.com\/wordpress\/plugins\/seo\/ -->\n<title>Mais uma conquista da nossa gest\u00e3o! - Prefeitura Municipal de Abel Figueiredo | Gest\u00e3o 2025-2028<\/title>\n<meta name=\"robots\" content=\"index, follow, max-snippet:-1, max-image-preview:large, max-video-preview:-1\" \/>\n<link rel=\"canonical\" href=\"https:\/\/abelfigueiredo.pa.gov.br\/site\/mais-uma-conquista-da-nossa-gestao\/\" \/>\n<meta property=\"og:locale\" content=\"pt_BR\" \/>\n<meta property=\"og:type\" content=\"article\" \/>\n<meta property=\"og:title\" content=\"Mais uma conquista da nossa gest\u00e3o! - Prefeitura Municipal de Abel Figueiredo | Gest\u00e3o 2025-2028\" \/>\n<meta property=\"og:description\" content=\"Quero mostrar para voc\u00eas mais uma conquista da nossa gest\u00e3o! \ud83d\udcaa Com recursos pr\u00f3prios, estamos investindo em manilhas que v\u00e3o trazer mais qualidade de vida para a nossa popula\u00e7\u00e3o e economia para o munic\u00edpio. Com elas, vamos poder fazer o saneamento do esgoto da orla que estamos construindo aqui em Abel Figueiredo. \u00c9 mais umVeja mais\" \/>\n<meta property=\"og:url\" content=\"https:\/\/abelfigueiredo.pa.gov.br\/site\/mais-uma-conquista-da-nossa-gestao\/\" \/>\n<meta property=\"og:site_name\" content=\"Prefeitura Municipal de Abel Figueiredo | Gest\u00e3o 2025-2028\" \/>\n<meta property=\"article:published_time\" content=\"2025-11-04T18:01:36+00:00\" \/>\n<meta property=\"article:modified_time\" content=\"2025-12-02T15:02:02+00:00\" \/>\n<meta property=\"og:image\" content=\"https:\/\/abelfigueiredo.pa.gov.br\/site\/wp-content\/uploads\/2025\/11\/Design-sem-nome.png\" \/>\n\t<meta property=\"og:image:width\" content=\"1920\" \/>\n\t<meta property=\"og:image:height\" content=\"1080\" \/>\n\t<meta property=\"og:image:type\" content=\"image\/png\" \/>\n<meta name=\"author\" content=\"ASCOM\" \/>\n<meta name=\"twitter:label1\" content=\"Escrito por\" \/>\n\t<meta name=\"twitter:data1\" content=\"ASCOM\" \/>\n<script type=\"application\/ld+json\" class=\"yoast-schema-graph\">{\"@context\":\"https:\/\/schema.org\",\"@graph\":[{\"@type\":\"WebPage\",\"@id\":\"https:\/\/abelfigueiredo.pa.gov.br\/site\/mais-uma-conquista-da-nossa-gestao\/\",\"url\":\"https:\/\/abelfigueiredo.pa.gov.br\/site\/mais-uma-conquista-da-nossa-gestao\/\",\"name\":\"Mais uma conquista da nossa gest\u00e3o! - Prefeitura Municipal de Abel Figueiredo | Gest\u00e3o 2025-2028\",\"isPartOf\":{\"@id\":\"https:\/\/abelfigueiredo.pa.gov.br\/site\/#website\"},\"primaryImageOfPage\":{\"@id\":\"https:\/\/abelfigueiredo.pa.gov.br\/site\/mais-uma-conquista-da-nossa-gestao\/#primaryimage\"},\"image\":{\"@id\":\"https:\/\/abelfigueiredo.pa.gov.br\/site\/mais-uma-conquista-da-nossa-gestao\/#primaryimage\"},\"thumbnailUrl\":\"https:\/\/abelfigueiredo.pa.gov.br\/site\/wp-content\/uploads\/2025\/11\/Design-sem-nome.png\",\"datePublished\":\"2025-11-04T18:01:36+00:00\",\"dateModified\":\"2025-12-02T15:02:02+00:00\",\"author\":{\"@id\":\"https:\/\/abelfigueiredo.pa.gov.br\/site\/#\/schema\/person\/b7030c2e32bccfa38e6086b1ab3be678\"},\"inLanguage\":\"pt-BR\",\"potentialAction\":[{\"@type\":\"ReadAction\",\"target\":[\"https:\/\/abelfigueiredo.pa.gov.br\/site\/mais-uma-conquista-da-nossa-gestao\/\"]}]},{\"@type\":\"ImageObject\",\"inLanguage\":\"pt-BR\",\"@id\":\"https:\/\/abelfigueiredo.pa.gov.br\/site\/mais-uma-conquista-da-nossa-gestao\/#primaryimage\",\"url\":\"https:\/\/abelfigueiredo.pa.gov.br\/site\/wp-content\/uploads\/2025\/11\/Design-sem-nome.png\",\"contentUrl\":\"https:\/\/abelfigueiredo.pa.gov.br\/site\/wp-content\/uploads\/2025\/11\/Design-sem-nome.png\",\"width\":1920,\"height\":1080},{\"@type\":\"WebSite\",\"@id\":\"https:\/\/abelfigueiredo.pa.gov.br\/site\/#website\",\"url\":\"https:\/\/abelfigueiredo.pa.gov.br\/site\/\",\"name\":\"Prefeitura Municipal de Abel Figueiredo | Gest\u00e3o 2025-2028\",\"description\":\"Site oficial da Prefeitura Municipal de Abel Figueiredo\",\"potentialAction\":[{\"@type\":\"SearchAction\",\"target\":{\"@type\":\"EntryPoint\",\"urlTemplate\":\"https:\/\/abelfigueiredo.pa.gov.br\/site\/?s={search_term_string}\"},\"query-input\":{\"@type\":\"PropertyValueSpecification\",\"valueRequired\":true,\"valueName\":\"search_term_string\"}}],\"inLanguage\":\"pt-BR\"},{\"@type\":\"Person\",\"@id\":\"https:\/\/abelfigueiredo.pa.gov.br\/site\/#\/schema\/person\/b7030c2e32bccfa38e6086b1ab3be678\",\"name\":\"ASCOM\",\"image\":{\"@type\":\"ImageObject\",\"inLanguage\":\"pt-BR\",\"@id\":\"https:\/\/abelfigueiredo.pa.gov.br\/site\/#\/schema\/person\/image\/\",\"url\":\"https:\/\/secure.gravatar.com\/avatar\/ee6e3a6ac5793d71ee85d0aa82a0987b97fbd6c53d55b2480f9468ae70cdea28?s=96&d=mm&r=g\",\"contentUrl\":\"https:\/\/secure.gravatar.com\/avatar\/ee6e3a6ac5793d71ee85d0aa82a0987b97fbd6c53d55b2480f9468ae70cdea28?s=96&d=mm&r=g\",\"caption\":\"ASCOM\"},\"url\":\"https:\/\/abelfigueiredo.pa.gov.br\/site\/author\/ilhaproducoes\/\"}]}<\/script>\n<!-- \/ Yoast SEO plugin. -->","yoast_head_json":{"title":"Mais uma conquista da nossa gest\u00e3o! - Prefeitura Municipal de Abel Figueiredo | Gest\u00e3o 2025-2028","robots":{"index":"index","follow":"follow","max-snippet":"max-snippet:-1","max-image-preview":"max-image-preview:large","max-video-preview":"max-video-preview:-1"},"canonical":"https:\/\/abelfigueiredo.pa.gov.br\/site\/mais-uma-conquista-da-nossa-gestao\/","og_locale":"pt_BR","og_type":"article","og_title":"Mais uma conquista da nossa gest\u00e3o! - Prefeitura Municipal de Abel Figueiredo | Gest\u00e3o 2025-2028","og_description":"Quero mostrar para voc\u00eas mais uma conquista da nossa gest\u00e3o! \ud83d\udcaa Com recursos pr\u00f3prios, estamos investindo em manilhas que v\u00e3o trazer mais qualidade de vida para a nossa popula\u00e7\u00e3o e economia para o munic\u00edpio. Com elas, vamos poder fazer o saneamento do esgoto da orla que estamos construindo aqui em Abel Figueiredo. \u00c9 mais umVeja mais","og_url":"https:\/\/abelfigueiredo.pa.gov.br\/site\/mais-uma-conquista-da-nossa-gestao\/","og_site_name":"Prefeitura Municipal de Abel Figueiredo | Gest\u00e3o 2025-2028","article_published_time":"2025-11-04T18:01:36+00:00","article_modified_time":"2025-12-02T15:02:02+00:00","og_image":[{"width":1920,"height":1080,"url":"https:\/\/abelfigueiredo.pa.gov.br\/site\/wp-content\/uploads\/2025\/11\/Design-sem-nome.png","type":"image\/png"}],"author":"ASCOM","twitter_misc":{"Escrito por":"ASCOM"},"schema":{"@context":"https:\/\/schema.org","@graph":[{"@type":"WebPage","@id":"https:\/\/abelfigueiredo.pa.gov.br\/site\/mais-uma-conquista-da-nossa-gestao\/","url":"https:\/\/abelfigueiredo.pa.gov.br\/site\/mais-uma-conquista-da-nossa-gestao\/","name":"Mais uma conquista da nossa gest\u00e3o! - Prefeitura Municipal de Abel Figueiredo | Gest\u00e3o 2025-2028","isPartOf":{"@id":"https:\/\/abelfigueiredo.pa.gov.br\/site\/#website"},"primaryImageOfPage":{"@id":"https:\/\/abelfigueiredo.pa.gov.br\/site\/mais-uma-conquista-da-nossa-gestao\/#primaryimage"},"image":{"@id":"https:\/\/abelfigueiredo.pa.gov.br\/site\/mais-uma-conquista-da-nossa-gestao\/#primaryimage"},"thumbnailUrl":"https:\/\/abelfigueiredo.pa.gov.br\/site\/wp-content\/uploads\/2025\/11\/Design-sem-nome.png","datePublished":"2025-11-04T18:01:36+00:00","dateModified":"2025-12-02T15:02:02+00:00","author":{"@id":"https:\/\/abelfigueiredo.pa.gov.br\/site\/#\/schema\/person\/b7030c2e32bccfa38e6086b1ab3be678"},"inLanguage":"pt-BR","potentialAction":[{"@type":"ReadAction","target":["https:\/\/abelfigueiredo.pa.gov.br\/site\/mais-uma-conquista-da-nossa-gestao\/"]}]},{"@type":"ImageObject","inLanguage":"pt-BR","@id":"https:\/\/abelfigueiredo.pa.gov.br\/site\/mais-uma-conquista-da-nossa-gestao\/#primaryimage","url":"https:\/\/abelfigueiredo.pa.gov.br\/site\/wp-content\/uploads\/2025\/11\/Design-sem-nome.png","contentUrl":"https:\/\/abelfigueiredo.pa.gov.br\/site\/wp-content\/uploads\/2025\/11\/Design-sem-nome.png","width":1920,"height":1080},{"@type":"WebSite","@id":"https:\/\/abelfigueiredo.pa.gov.br\/site\/#website","url":"https:\/\/abelfigueiredo.pa.gov.br\/site\/","name":"Prefeitura Municipal de Abel Figueiredo | Gest\u00e3o 2025-2028","description":"Site oficial da Prefeitura Municipal de Abel Figueiredo","potentialAction":[{"@type":"SearchAction","target":{"@type":"EntryPoint","urlTemplate":"https:\/\/abelfigueiredo.pa.gov.br\/site\/?s={search_term_string}"},"query-input":{"@type":"PropertyValueSpecification","valueRequired":true,"valueName":"search_term_string"}}],"inLanguage":"pt-BR"},{"@type":"Person","@id":"https:\/\/abelfigueiredo.pa.gov.br\/site\/#\/schema\/person\/b7030c2e32bccfa38e6086b1ab3be678","name":"ASCOM","image":{"@type":"ImageObject","inLanguage":"pt-BR","@id":"https:\/\/abelfigueiredo.pa.gov.br\/site\/#\/schema\/person\/image\/","url":"https:\/\/secure.gravatar.com\/avatar\/ee6e3a6ac5793d71ee85d0aa82a0987b97fbd6c53d55b2480f9468ae70cdea28?s=96&d=mm&r=g","contentUrl":"https:\/\/secure.gravatar.com\/avatar\/ee6e3a6ac5793d71ee85d0aa82a0987b97fbd6c53d55b2480f9468ae70cdea28?s=96&d=mm&r=g","caption":"ASCOM"},"url":"https:\/\/abelfigueiredo.pa.gov.br\/site\/author\/ilhaproducoes\/"}]}},"_links":{"self":[{"href":"https:\/\/abelfigueiredo.pa.gov.br\/site\/wp-json\/wp\/v2\/posts\/19680","targetHints":{"allow":["GET"]}}],"collection":[{"href":"https:\/\/abelfigueiredo.pa.gov.br\/site\/wp-json\/wp\/v2\/posts"}],"about":[{"href":"https:\/\/abelfigueiredo.pa.gov.br\/site\/wp-json\/wp\/v2\/types\/post"}],"author":[{"embeddable":true,"href":"https:\/\/abelfigueiredo.pa.gov.br\/site\/wp-json\/wp\/v2\/users\/40"}],"replies":[{"embeddable":true,"href":"https:\/\/abelfigueiredo.pa.gov.br\/site\/wp-json\/wp\/v2\/comments?post=19680"}],"version-history":[{"count":2,"href":"https:\/\/abelfigueiredo.pa.gov.br\/site\/wp-json\/wp\/v2\/posts\/19680\/revisions"}],"predecessor-version":[{"id":19693,"href":"https:\/\/abelfigueiredo.pa.gov.br\/site\/wp-json\/wp\/v2\/posts\/19680\/revisions\/19693"}],"wp:featuredmedia":[{"embeddable":true,"href":"https:\/\/abelfigueiredo.pa.gov.br\/site\/wp-json\/wp\/v2\/media\/19692"}],"wp:attachment":[{"href":"https:\/\/abelfigueiredo.pa.gov.br\/site\/wp-json\/wp\/v2\/media?parent=19680"}],"wp:term":[{"taxonomy":"category","embeddable":true,"href":"https:\/\/abelfigueiredo.pa.gov.br\/site\/wp-json\/wp\/v2\/categories?post=19680"},{"taxonomy":"post_tag","embeddable":true,"href":"https:\/\/abelfigueiredo.pa.gov.br\/site\/wp-json\/wp\/v2\/tags?post=19680"}],"curies":[{"name":"wp","href":"https:\/\/api.w.org\/{rel}","templated":true}]}}