{"id":19676,"date":"2025-11-04T14:59:00","date_gmt":"2025-11-04T17:59:00","guid":{"rendered":"https:\/\/abelfigueiredo.pa.gov.br\/site\/?p=19676"},"modified":"2025-11-04T14:59:00","modified_gmt":"2025-11-04T17:59:00","slug":"estradas-melhores-significam-mais-%f0%9f%9a%9cdignidade","status":"publish","type":"post","link":"https:\/\/abelfigueiredo.pa.gov.br\/site\/estradas-melhores-significam-mais-%f0%9f%9a%9cdignidade\/","title":{"rendered":"Estradas melhores significam mais \ud83d\ude9cdignidade"},"content":{"rendered":"<p>Estradas melhores significam mais \ud83d\ude9cdignidade para quem vive e produz no campo!<br \/>\nEstive nas vias que d\u00e3o acesso \u00e0 Vila Flor do Ip\u00ea e \u00e0 Vila Gavi\u00e3o, acompanhando de perto o trabalho que vem sendo feito para melhorar nossas estradas.<br \/>\nCom o pi\u00e7arramento e a manuten\u00e7\u00e3o constante, garantimos mais facilidade para os produtores rurais transportarem suas mercadorias e seguirem fortalecendo a economia local de Abel Figueiredo.<br \/>\nSeguimos firmes, ao lado do nosso produtor rural, levando desenvolvimento e qualidade de vida para o interior de Abel Figueiredo! \ud83c\udf3e\ud83d\udcaa<\/p>\n<p>#AbelFigueiredo<br \/>\n#TrabalhoQueTransforma #PrefeituraDeAbelFigueiredo #ZonaRural #ProdutorRural #Desenvolvimento #Infraestrutura #CuidandoDoPovo<\/p>\n<div style=\"width: 480px;\" class=\"wp-video\"><video class=\"wp-video-shortcode\" id=\"video-19676-1\" width=\"480\" height=\"848\" preload=\"metadata\" controls=\"controls\"><source type=\"video\/mp4\" src=\"https:\/\/abelfigueiredo.pa.gov.br\/site\/wp-content\/uploads\/2025\/11\/WhatsApp-Video-2025-11-01-at-19.00.28.mp4?_=1\" \/><a href=\"https:\/\/abelfigueiredo.pa.gov.br\/site\/wp-content\/uploads\/2025\/11\/WhatsApp-Video-2025-11-01-at-19.00.28.mp4\">https:\/\/abelfigueiredo.pa.gov.br\/site\/wp-content\/uploads\/2025\/11\/WhatsApp-Video-2025-11-01-at-19.00.28.mp4<\/a><\/video><\/div>\n","protected":false},"excerpt":{"rendered":"<p>Estradas melhores significam mais \ud83d\ude9cdignidade para quem vive e produz no campo! Estive nas vias que d\u00e3o acesso \u00e0 Vila Flor do Ip\u00ea e \u00e0 Vila Gavi\u00e3o, acompanhando de perto o trabalho que vem sendo feito para melhorar nossas estradas. Com o pi\u00e7arramento e a manuten\u00e7\u00e3o constante, garantimos mais facilidade para os produtores rurais transportarem<\/p>\n<div class=\"read-more\"><a href=\"https:\/\/abelfigueiredo.pa.gov.br\/site\/estradas-melhores-significam-mais-%f0%9f%9a%9cdignidade\/\" title=\"Veja mais\">Veja mais<\/a><\/div>\n","protected":false},"author":40,"featured_media":19678,"comment_status":"closed","ping_status":"closed","sticky":false,"template":"","format":"standard","meta":{"footnotes":""},"categories":[1],"tags":[],"class_list":{"0":"post-19676","1":"post","2":"type-post","3":"status-publish","4":"format-standard","5":"has-post-thumbnail","7":"category-noticias"},"yoast_head":"<!-- This site is optimized with the Yoast SEO plugin v26.6 - https:\/\/yoast.com\/wordpress\/plugins\/seo\/ -->\n<title>Estradas melhores significam mais \ud83d\ude9cdignidade - Prefeitura Municipal de Abel Figueiredo | Gest\u00e3o 2025-2028<\/title>\n<meta name=\"robots\" content=\"index, follow, max-snippet:-1, max-image-preview:large, max-video-preview:-1\" \/>\n<link rel=\"canonical\" href=\"https:\/\/abelfigueiredo.pa.gov.br\/site\/estradas-melhores-significam-mais-\ud83d\ude9cdignidade\/\" \/>\n<meta property=\"og:locale\" content=\"pt_BR\" \/>\n<meta property=\"og:type\" content=\"article\" \/>\n<meta property=\"og:title\" content=\"Estradas melhores significam mais \ud83d\ude9cdignidade - Prefeitura Municipal de Abel Figueiredo | Gest\u00e3o 2025-2028\" \/>\n<meta property=\"og:description\" content=\"Estradas melhores significam mais \ud83d\ude9cdignidade para quem vive e produz no campo! Estive nas vias que d\u00e3o acesso \u00e0 Vila Flor do Ip\u00ea e \u00e0 Vila Gavi\u00e3o, acompanhando de perto o trabalho que vem sendo feito para melhorar nossas estradas. Com o pi\u00e7arramento e a manuten\u00e7\u00e3o constante, garantimos mais facilidade para os produtores rurais transportaremVeja mais\" \/>\n<meta property=\"og:url\" content=\"https:\/\/abelfigueiredo.pa.gov.br\/site\/estradas-melhores-significam-mais-\ud83d\ude9cdignidade\/\" \/>\n<meta property=\"og:site_name\" content=\"Prefeitura Municipal de Abel Figueiredo | Gest\u00e3o 2025-2028\" \/>\n<meta property=\"article:published_time\" content=\"2025-11-04T17:59:00+00:00\" \/>\n<meta property=\"og:image\" content=\"https:\/\/abelfigueiredo.pa.gov.br\/site\/wp-content\/uploads\/2025\/11\/Screenshot_5.png\" \/>\n\t<meta property=\"og:image:width\" content=\"478\" \/>\n\t<meta property=\"og:image:height\" content=\"706\" \/>\n\t<meta property=\"og:image:type\" content=\"image\/png\" \/>\n<meta name=\"author\" content=\"ASCOM\" \/>\n<meta name=\"twitter:label1\" content=\"Escrito por\" \/>\n\t<meta name=\"twitter:data1\" content=\"ASCOM\" \/>\n\t<meta name=\"twitter:label2\" content=\"Est. tempo de leitura\" \/>\n\t<meta name=\"twitter:data2\" content=\"1 minuto\" \/>\n<script type=\"application\/ld+json\" class=\"yoast-schema-graph\">{\"@context\":\"https:\/\/schema.org\",\"@graph\":[{\"@type\":\"WebPage\",\"@id\":\"https:\/\/abelfigueiredo.pa.gov.br\/site\/estradas-melhores-significam-mais-%f0%9f%9a%9cdignidade\/\",\"url\":\"https:\/\/abelfigueiredo.pa.gov.br\/site\/estradas-melhores-significam-mais-%f0%9f%9a%9cdignidade\/\",\"name\":\"Estradas melhores significam mais \ud83d\ude9cdignidade - Prefeitura Municipal de Abel Figueiredo | Gest\u00e3o 2025-2028\",\"isPartOf\":{\"@id\":\"https:\/\/abelfigueiredo.pa.gov.br\/site\/#website\"},\"primaryImageOfPage\":{\"@id\":\"https:\/\/abelfigueiredo.pa.gov.br\/site\/estradas-melhores-significam-mais-%f0%9f%9a%9cdignidade\/#primaryimage\"},\"image\":{\"@id\":\"https:\/\/abelfigueiredo.pa.gov.br\/site\/estradas-melhores-significam-mais-%f0%9f%9a%9cdignidade\/#primaryimage\"},\"thumbnailUrl\":\"https:\/\/abelfigueiredo.pa.gov.br\/site\/wp-content\/uploads\/2025\/11\/Screenshot_5.png\",\"datePublished\":\"2025-11-04T17:59:00+00:00\",\"author\":{\"@id\":\"https:\/\/abelfigueiredo.pa.gov.br\/site\/#\/schema\/person\/b7030c2e32bccfa38e6086b1ab3be678\"},\"inLanguage\":\"pt-BR\",\"potentialAction\":[{\"@type\":\"ReadAction\",\"target\":[\"https:\/\/abelfigueiredo.pa.gov.br\/site\/estradas-melhores-significam-mais-%f0%9f%9a%9cdignidade\/\"]}]},{\"@type\":\"ImageObject\",\"inLanguage\":\"pt-BR\",\"@id\":\"https:\/\/abelfigueiredo.pa.gov.br\/site\/estradas-melhores-significam-mais-%f0%9f%9a%9cdignidade\/#primaryimage\",\"url\":\"https:\/\/abelfigueiredo.pa.gov.br\/site\/wp-content\/uploads\/2025\/11\/Screenshot_5.png\",\"contentUrl\":\"https:\/\/abelfigueiredo.pa.gov.br\/site\/wp-content\/uploads\/2025\/11\/Screenshot_5.png\",\"width\":478,\"height\":706},{\"@type\":\"WebSite\",\"@id\":\"https:\/\/abelfigueiredo.pa.gov.br\/site\/#website\",\"url\":\"https:\/\/abelfigueiredo.pa.gov.br\/site\/\",\"name\":\"Prefeitura Municipal de Abel Figueiredo | Gest\u00e3o 2025-2028\",\"description\":\"Site oficial da Prefeitura Municipal de Abel Figueiredo\",\"potentialAction\":[{\"@type\":\"SearchAction\",\"target\":{\"@type\":\"EntryPoint\",\"urlTemplate\":\"https:\/\/abelfigueiredo.pa.gov.br\/site\/?s={search_term_string}\"},\"query-input\":{\"@type\":\"PropertyValueSpecification\",\"valueRequired\":true,\"valueName\":\"search_term_string\"}}],\"inLanguage\":\"pt-BR\"},{\"@type\":\"Person\",\"@id\":\"https:\/\/abelfigueiredo.pa.gov.br\/site\/#\/schema\/person\/b7030c2e32bccfa38e6086b1ab3be678\",\"name\":\"ASCOM\",\"image\":{\"@type\":\"ImageObject\",\"inLanguage\":\"pt-BR\",\"@id\":\"https:\/\/abelfigueiredo.pa.gov.br\/site\/#\/schema\/person\/image\/\",\"url\":\"https:\/\/secure.gravatar.com\/avatar\/ee6e3a6ac5793d71ee85d0aa82a0987b97fbd6c53d55b2480f9468ae70cdea28?s=96&d=mm&r=g\",\"contentUrl\":\"https:\/\/secure.gravatar.com\/avatar\/ee6e3a6ac5793d71ee85d0aa82a0987b97fbd6c53d55b2480f9468ae70cdea28?s=96&d=mm&r=g\",\"caption\":\"ASCOM\"},\"url\":\"https:\/\/abelfigueiredo.pa.gov.br\/site\/author\/ilhaproducoes\/\"}]}<\/script>\n<!-- \/ Yoast SEO plugin. -->","yoast_head_json":{"title":"Estradas melhores significam mais \ud83d\ude9cdignidade - Prefeitura Municipal de Abel Figueiredo | Gest\u00e3o 2025-2028","robots":{"index":"index","follow":"follow","max-snippet":"max-snippet:-1","max-image-preview":"max-image-preview:large","max-video-preview":"max-video-preview:-1"},"canonical":"https:\/\/abelfigueiredo.pa.gov.br\/site\/estradas-melhores-significam-mais-\ud83d\ude9cdignidade\/","og_locale":"pt_BR","og_type":"article","og_title":"Estradas melhores significam mais \ud83d\ude9cdignidade - Prefeitura Municipal de Abel Figueiredo | Gest\u00e3o 2025-2028","og_description":"Estradas melhores significam mais \ud83d\ude9cdignidade para quem vive e produz no campo! Estive nas vias que d\u00e3o acesso \u00e0 Vila Flor do Ip\u00ea e \u00e0 Vila Gavi\u00e3o, acompanhando de perto o trabalho que vem sendo feito para melhorar nossas estradas. Com o pi\u00e7arramento e a manuten\u00e7\u00e3o constante, garantimos mais facilidade para os produtores rurais transportaremVeja mais","og_url":"https:\/\/abelfigueiredo.pa.gov.br\/site\/estradas-melhores-significam-mais-\ud83d\ude9cdignidade\/","og_site_name":"Prefeitura Municipal de Abel Figueiredo | Gest\u00e3o 2025-2028","article_published_time":"2025-11-04T17:59:00+00:00","og_image":[{"width":478,"height":706,"url":"https:\/\/abelfigueiredo.pa.gov.br\/site\/wp-content\/uploads\/2025\/11\/Screenshot_5.png","type":"image\/png"}],"author":"ASCOM","twitter_misc":{"Escrito por":"ASCOM","Est. tempo de leitura":"1 minuto"},"schema":{"@context":"https:\/\/schema.org","@graph":[{"@type":"WebPage","@id":"https:\/\/abelfigueiredo.pa.gov.br\/site\/estradas-melhores-significam-mais-%f0%9f%9a%9cdignidade\/","url":"https:\/\/abelfigueiredo.pa.gov.br\/site\/estradas-melhores-significam-mais-%f0%9f%9a%9cdignidade\/","name":"Estradas melhores significam mais \ud83d\ude9cdignidade - Prefeitura Municipal de Abel Figueiredo | Gest\u00e3o 2025-2028","isPartOf":{"@id":"https:\/\/abelfigueiredo.pa.gov.br\/site\/#website"},"primaryImageOfPage":{"@id":"https:\/\/abelfigueiredo.pa.gov.br\/site\/estradas-melhores-significam-mais-%f0%9f%9a%9cdignidade\/#primaryimage"},"image":{"@id":"https:\/\/abelfigueiredo.pa.gov.br\/site\/estradas-melhores-significam-mais-%f0%9f%9a%9cdignidade\/#primaryimage"},"thumbnailUrl":"https:\/\/abelfigueiredo.pa.gov.br\/site\/wp-content\/uploads\/2025\/11\/Screenshot_5.png","datePublished":"2025-11-04T17:59:00+00:00","author":{"@id":"https:\/\/abelfigueiredo.pa.gov.br\/site\/#\/schema\/person\/b7030c2e32bccfa38e6086b1ab3be678"},"inLanguage":"pt-BR","potentialAction":[{"@type":"ReadAction","target":["https:\/\/abelfigueiredo.pa.gov.br\/site\/estradas-melhores-significam-mais-%f0%9f%9a%9cdignidade\/"]}]},{"@type":"ImageObject","inLanguage":"pt-BR","@id":"https:\/\/abelfigueiredo.pa.gov.br\/site\/estradas-melhores-significam-mais-%f0%9f%9a%9cdignidade\/#primaryimage","url":"https:\/\/abelfigueiredo.pa.gov.br\/site\/wp-content\/uploads\/2025\/11\/Screenshot_5.png","contentUrl":"https:\/\/abelfigueiredo.pa.gov.br\/site\/wp-content\/uploads\/2025\/11\/Screenshot_5.png","width":478,"height":706},{"@type":"WebSite","@id":"https:\/\/abelfigueiredo.pa.gov.br\/site\/#website","url":"https:\/\/abelfigueiredo.pa.gov.br\/site\/","name":"Prefeitura Municipal de Abel Figueiredo | Gest\u00e3o 2025-2028","description":"Site oficial da Prefeitura Municipal de Abel Figueiredo","potentialAction":[{"@type":"SearchAction","target":{"@type":"EntryPoint","urlTemplate":"https:\/\/abelfigueiredo.pa.gov.br\/site\/?s={search_term_string}"},"query-input":{"@type":"PropertyValueSpecification","valueRequired":true,"valueName":"search_term_string"}}],"inLanguage":"pt-BR"},{"@type":"Person","@id":"https:\/\/abelfigueiredo.pa.gov.br\/site\/#\/schema\/person\/b7030c2e32bccfa38e6086b1ab3be678","name":"ASCOM","image":{"@type":"ImageObject","inLanguage":"pt-BR","@id":"https:\/\/abelfigueiredo.pa.gov.br\/site\/#\/schema\/person\/image\/","url":"https:\/\/secure.gravatar.com\/avatar\/ee6e3a6ac5793d71ee85d0aa82a0987b97fbd6c53d55b2480f9468ae70cdea28?s=96&d=mm&r=g","contentUrl":"https:\/\/secure.gravatar.com\/avatar\/ee6e3a6ac5793d71ee85d0aa82a0987b97fbd6c53d55b2480f9468ae70cdea28?s=96&d=mm&r=g","caption":"ASCOM"},"url":"https:\/\/abelfigueiredo.pa.gov.br\/site\/author\/ilhaproducoes\/"}]}},"_links":{"self":[{"href":"https:\/\/abelfigueiredo.pa.gov.br\/site\/wp-json\/wp\/v2\/posts\/19676","targetHints":{"allow":["GET"]}}],"collection":[{"href":"https:\/\/abelfigueiredo.pa.gov.br\/site\/wp-json\/wp\/v2\/posts"}],"about":[{"href":"https:\/\/abelfigueiredo.pa.gov.br\/site\/wp-json\/wp\/v2\/types\/post"}],"author":[{"embeddable":true,"href":"https:\/\/abelfigueiredo.pa.gov.br\/site\/wp-json\/wp\/v2\/users\/40"}],"replies":[{"embeddable":true,"href":"https:\/\/abelfigueiredo.pa.gov.br\/site\/wp-json\/wp\/v2\/comments?post=19676"}],"version-history":[{"count":1,"href":"https:\/\/abelfigueiredo.pa.gov.br\/site\/wp-json\/wp\/v2\/posts\/19676\/revisions"}],"predecessor-version":[{"id":19679,"href":"https:\/\/abelfigueiredo.pa.gov.br\/site\/wp-json\/wp\/v2\/posts\/19676\/revisions\/19679"}],"wp:featuredmedia":[{"embeddable":true,"href":"https:\/\/abelfigueiredo.pa.gov.br\/site\/wp-json\/wp\/v2\/media\/19678"}],"wp:attachment":[{"href":"https:\/\/abelfigueiredo.pa.gov.br\/site\/wp-json\/wp\/v2\/media?parent=19676"}],"wp:term":[{"taxonomy":"category","embeddable":true,"href":"https:\/\/abelfigueiredo.pa.gov.br\/site\/wp-json\/wp\/v2\/categories?post=19676"},{"taxonomy":"post_tag","embeddable":true,"href":"https:\/\/abelfigueiredo.pa.gov.br\/site\/wp-json\/wp\/v2\/tags?post=19676"}],"curies":[{"name":"wp","href":"https:\/\/api.w.org\/{rel}","templated":true}]}}