{"id":19673,"date":"2025-11-02T14:55:01","date_gmt":"2025-11-02T17:55:01","guid":{"rendered":"https:\/\/abelfigueiredo.pa.gov.br\/site\/?p=19673"},"modified":"2025-11-04T14:55:53","modified_gmt":"2025-11-04T17:55:53","slug":"2-de-novembro-dia-de-finados","status":"publish","type":"post","link":"https:\/\/abelfigueiredo.pa.gov.br\/site\/2-de-novembro-dia-de-finados\/","title":{"rendered":"2 de Novembro \u2014 Dia de Finados"},"content":{"rendered":"<p>Hoje prestamos nossa homenagem a todas as pessoas queridas que partiram e deixaram saudades.<\/p>\n<p>Que a f\u00e9 e a esperan\u00e7a confortem nossos cora\u00e7\u00f5es e fortale\u00e7am as fam\u00edlias que lembram com amor de seus entes queridos.<\/p>\n<p>Que Deus ilumine nossos caminhos e nos conceda paz. \u2728<\/p>\n<p><a href=\"https:\/\/abelfigueiredo.pa.gov.br\/site\/wp-content\/uploads\/2025\/11\/c629ee5b-adbb-4f63-b99a-1b48e712c5fc.jpg\"><img loading=\"lazy\" decoding=\"async\" class=\"alignnone size-medium wp-image-19674\" src=\"https:\/\/abelfigueiredo.pa.gov.br\/site\/wp-content\/uploads\/2025\/11\/c629ee5b-adbb-4f63-b99a-1b48e712c5fc-169x300.jpg\" alt=\"\" width=\"169\" height=\"300\" srcset=\"https:\/\/abelfigueiredo.pa.gov.br\/site\/wp-content\/uploads\/2025\/11\/c629ee5b-adbb-4f63-b99a-1b48e712c5fc-169x300.jpg 169w, https:\/\/abelfigueiredo.pa.gov.br\/site\/wp-content\/uploads\/2025\/11\/c629ee5b-adbb-4f63-b99a-1b48e712c5fc-576x1024.jpg 576w, https:\/\/abelfigueiredo.pa.gov.br\/site\/wp-content\/uploads\/2025\/11\/c629ee5b-adbb-4f63-b99a-1b48e712c5fc-768x1365.jpg 768w, https:\/\/abelfigueiredo.pa.gov.br\/site\/wp-content\/uploads\/2025\/11\/c629ee5b-adbb-4f63-b99a-1b48e712c5fc-864x1536.jpg 864w, https:\/\/abelfigueiredo.pa.gov.br\/site\/wp-content\/uploads\/2025\/11\/c629ee5b-adbb-4f63-b99a-1b48e712c5fc.jpg 900w\" sizes=\"auto, (max-width: 169px) 100vw, 169px\" \/><\/a><\/p>\n","protected":false},"excerpt":{"rendered":"<p>Hoje prestamos nossa homenagem a todas as pessoas queridas que partiram e deixaram saudades. Que a f\u00e9 e a esperan\u00e7a confortem nossos cora\u00e7\u00f5es e fortale\u00e7am as fam\u00edlias que lembram com amor de seus entes queridos. Que Deus ilumine nossos caminhos e nos conceda paz. \u2728<\/p>\n","protected":false},"author":40,"featured_media":19674,"comment_status":"closed","ping_status":"closed","sticky":false,"template":"","format":"standard","meta":{"footnotes":""},"categories":[1],"tags":[],"class_list":{"0":"post-19673","1":"post","2":"type-post","3":"status-publish","4":"format-standard","5":"has-post-thumbnail","7":"category-noticias"},"yoast_head":"<!-- This site is optimized with the Yoast SEO plugin v26.6 - https:\/\/yoast.com\/wordpress\/plugins\/seo\/ -->\n<title>2 de Novembro \u2014 Dia de Finados - Prefeitura Municipal de Abel Figueiredo | Gest\u00e3o 2025-2028<\/title>\n<meta name=\"robots\" content=\"index, follow, max-snippet:-1, max-image-preview:large, max-video-preview:-1\" \/>\n<link rel=\"canonical\" href=\"https:\/\/abelfigueiredo.pa.gov.br\/site\/2-de-novembro-dia-de-finados\/\" \/>\n<meta property=\"og:locale\" content=\"pt_BR\" \/>\n<meta property=\"og:type\" content=\"article\" \/>\n<meta property=\"og:title\" content=\"2 de Novembro \u2014 Dia de Finados - Prefeitura Municipal de Abel Figueiredo | Gest\u00e3o 2025-2028\" \/>\n<meta property=\"og:description\" content=\"Hoje prestamos nossa homenagem a todas as pessoas queridas que partiram e deixaram saudades. Que a f\u00e9 e a esperan\u00e7a confortem nossos cora\u00e7\u00f5es e fortale\u00e7am as fam\u00edlias que lembram com amor de seus entes queridos. Que Deus ilumine nossos caminhos e nos conceda paz. \u2728\" \/>\n<meta property=\"og:url\" content=\"https:\/\/abelfigueiredo.pa.gov.br\/site\/2-de-novembro-dia-de-finados\/\" \/>\n<meta property=\"og:site_name\" content=\"Prefeitura Municipal de Abel Figueiredo | Gest\u00e3o 2025-2028\" \/>\n<meta property=\"article:published_time\" content=\"2025-11-02T17:55:01+00:00\" \/>\n<meta property=\"article:modified_time\" content=\"2025-11-04T17:55:53+00:00\" \/>\n<meta property=\"og:image\" content=\"https:\/\/abelfigueiredo.pa.gov.br\/site\/wp-content\/uploads\/2025\/11\/c629ee5b-adbb-4f63-b99a-1b48e712c5fc.jpg\" \/>\n\t<meta property=\"og:image:width\" content=\"900\" \/>\n\t<meta property=\"og:image:height\" content=\"1600\" \/>\n\t<meta property=\"og:image:type\" content=\"image\/jpeg\" \/>\n<meta name=\"author\" content=\"ASCOM\" \/>\n<meta name=\"twitter:label1\" content=\"Escrito por\" \/>\n\t<meta name=\"twitter:data1\" content=\"ASCOM\" \/>\n<script type=\"application\/ld+json\" class=\"yoast-schema-graph\">{\"@context\":\"https:\/\/schema.org\",\"@graph\":[{\"@type\":\"WebPage\",\"@id\":\"https:\/\/abelfigueiredo.pa.gov.br\/site\/2-de-novembro-dia-de-finados\/\",\"url\":\"https:\/\/abelfigueiredo.pa.gov.br\/site\/2-de-novembro-dia-de-finados\/\",\"name\":\"2 de Novembro \u2014 Dia de Finados - Prefeitura Municipal de Abel Figueiredo | Gest\u00e3o 2025-2028\",\"isPartOf\":{\"@id\":\"https:\/\/abelfigueiredo.pa.gov.br\/site\/#website\"},\"primaryImageOfPage\":{\"@id\":\"https:\/\/abelfigueiredo.pa.gov.br\/site\/2-de-novembro-dia-de-finados\/#primaryimage\"},\"image\":{\"@id\":\"https:\/\/abelfigueiredo.pa.gov.br\/site\/2-de-novembro-dia-de-finados\/#primaryimage\"},\"thumbnailUrl\":\"https:\/\/abelfigueiredo.pa.gov.br\/site\/wp-content\/uploads\/2025\/11\/c629ee5b-adbb-4f63-b99a-1b48e712c5fc.jpg\",\"datePublished\":\"2025-11-02T17:55:01+00:00\",\"dateModified\":\"2025-11-04T17:55:53+00:00\",\"author\":{\"@id\":\"https:\/\/abelfigueiredo.pa.gov.br\/site\/#\/schema\/person\/b7030c2e32bccfa38e6086b1ab3be678\"},\"inLanguage\":\"pt-BR\",\"potentialAction\":[{\"@type\":\"ReadAction\",\"target\":[\"https:\/\/abelfigueiredo.pa.gov.br\/site\/2-de-novembro-dia-de-finados\/\"]}]},{\"@type\":\"ImageObject\",\"inLanguage\":\"pt-BR\",\"@id\":\"https:\/\/abelfigueiredo.pa.gov.br\/site\/2-de-novembro-dia-de-finados\/#primaryimage\",\"url\":\"https:\/\/abelfigueiredo.pa.gov.br\/site\/wp-content\/uploads\/2025\/11\/c629ee5b-adbb-4f63-b99a-1b48e712c5fc.jpg\",\"contentUrl\":\"https:\/\/abelfigueiredo.pa.gov.br\/site\/wp-content\/uploads\/2025\/11\/c629ee5b-adbb-4f63-b99a-1b48e712c5fc.jpg\",\"width\":900,\"height\":1600},{\"@type\":\"WebSite\",\"@id\":\"https:\/\/abelfigueiredo.pa.gov.br\/site\/#website\",\"url\":\"https:\/\/abelfigueiredo.pa.gov.br\/site\/\",\"name\":\"Prefeitura Municipal de Abel Figueiredo | Gest\u00e3o 2025-2028\",\"description\":\"Site oficial da Prefeitura Municipal de Abel Figueiredo\",\"potentialAction\":[{\"@type\":\"SearchAction\",\"target\":{\"@type\":\"EntryPoint\",\"urlTemplate\":\"https:\/\/abelfigueiredo.pa.gov.br\/site\/?s={search_term_string}\"},\"query-input\":{\"@type\":\"PropertyValueSpecification\",\"valueRequired\":true,\"valueName\":\"search_term_string\"}}],\"inLanguage\":\"pt-BR\"},{\"@type\":\"Person\",\"@id\":\"https:\/\/abelfigueiredo.pa.gov.br\/site\/#\/schema\/person\/b7030c2e32bccfa38e6086b1ab3be678\",\"name\":\"ASCOM\",\"image\":{\"@type\":\"ImageObject\",\"inLanguage\":\"pt-BR\",\"@id\":\"https:\/\/abelfigueiredo.pa.gov.br\/site\/#\/schema\/person\/image\/\",\"url\":\"https:\/\/secure.gravatar.com\/avatar\/ee6e3a6ac5793d71ee85d0aa82a0987b97fbd6c53d55b2480f9468ae70cdea28?s=96&d=mm&r=g\",\"contentUrl\":\"https:\/\/secure.gravatar.com\/avatar\/ee6e3a6ac5793d71ee85d0aa82a0987b97fbd6c53d55b2480f9468ae70cdea28?s=96&d=mm&r=g\",\"caption\":\"ASCOM\"},\"url\":\"https:\/\/abelfigueiredo.pa.gov.br\/site\/author\/ilhaproducoes\/\"}]}<\/script>\n<!-- \/ Yoast SEO plugin. -->","yoast_head_json":{"title":"2 de Novembro \u2014 Dia de Finados - Prefeitura Municipal de Abel Figueiredo | Gest\u00e3o 2025-2028","robots":{"index":"index","follow":"follow","max-snippet":"max-snippet:-1","max-image-preview":"max-image-preview:large","max-video-preview":"max-video-preview:-1"},"canonical":"https:\/\/abelfigueiredo.pa.gov.br\/site\/2-de-novembro-dia-de-finados\/","og_locale":"pt_BR","og_type":"article","og_title":"2 de Novembro \u2014 Dia de Finados - Prefeitura Municipal de Abel Figueiredo | Gest\u00e3o 2025-2028","og_description":"Hoje prestamos nossa homenagem a todas as pessoas queridas que partiram e deixaram saudades. Que a f\u00e9 e a esperan\u00e7a confortem nossos cora\u00e7\u00f5es e fortale\u00e7am as fam\u00edlias que lembram com amor de seus entes queridos. Que Deus ilumine nossos caminhos e nos conceda paz. \u2728","og_url":"https:\/\/abelfigueiredo.pa.gov.br\/site\/2-de-novembro-dia-de-finados\/","og_site_name":"Prefeitura Municipal de Abel Figueiredo | Gest\u00e3o 2025-2028","article_published_time":"2025-11-02T17:55:01+00:00","article_modified_time":"2025-11-04T17:55:53+00:00","og_image":[{"width":900,"height":1600,"url":"https:\/\/abelfigueiredo.pa.gov.br\/site\/wp-content\/uploads\/2025\/11\/c629ee5b-adbb-4f63-b99a-1b48e712c5fc.jpg","type":"image\/jpeg"}],"author":"ASCOM","twitter_misc":{"Escrito por":"ASCOM"},"schema":{"@context":"https:\/\/schema.org","@graph":[{"@type":"WebPage","@id":"https:\/\/abelfigueiredo.pa.gov.br\/site\/2-de-novembro-dia-de-finados\/","url":"https:\/\/abelfigueiredo.pa.gov.br\/site\/2-de-novembro-dia-de-finados\/","name":"2 de Novembro \u2014 Dia de Finados - Prefeitura Municipal de Abel Figueiredo | Gest\u00e3o 2025-2028","isPartOf":{"@id":"https:\/\/abelfigueiredo.pa.gov.br\/site\/#website"},"primaryImageOfPage":{"@id":"https:\/\/abelfigueiredo.pa.gov.br\/site\/2-de-novembro-dia-de-finados\/#primaryimage"},"image":{"@id":"https:\/\/abelfigueiredo.pa.gov.br\/site\/2-de-novembro-dia-de-finados\/#primaryimage"},"thumbnailUrl":"https:\/\/abelfigueiredo.pa.gov.br\/site\/wp-content\/uploads\/2025\/11\/c629ee5b-adbb-4f63-b99a-1b48e712c5fc.jpg","datePublished":"2025-11-02T17:55:01+00:00","dateModified":"2025-11-04T17:55:53+00:00","author":{"@id":"https:\/\/abelfigueiredo.pa.gov.br\/site\/#\/schema\/person\/b7030c2e32bccfa38e6086b1ab3be678"},"inLanguage":"pt-BR","potentialAction":[{"@type":"ReadAction","target":["https:\/\/abelfigueiredo.pa.gov.br\/site\/2-de-novembro-dia-de-finados\/"]}]},{"@type":"ImageObject","inLanguage":"pt-BR","@id":"https:\/\/abelfigueiredo.pa.gov.br\/site\/2-de-novembro-dia-de-finados\/#primaryimage","url":"https:\/\/abelfigueiredo.pa.gov.br\/site\/wp-content\/uploads\/2025\/11\/c629ee5b-adbb-4f63-b99a-1b48e712c5fc.jpg","contentUrl":"https:\/\/abelfigueiredo.pa.gov.br\/site\/wp-content\/uploads\/2025\/11\/c629ee5b-adbb-4f63-b99a-1b48e712c5fc.jpg","width":900,"height":1600},{"@type":"WebSite","@id":"https:\/\/abelfigueiredo.pa.gov.br\/site\/#website","url":"https:\/\/abelfigueiredo.pa.gov.br\/site\/","name":"Prefeitura Municipal de Abel Figueiredo | Gest\u00e3o 2025-2028","description":"Site oficial da Prefeitura Municipal de Abel Figueiredo","potentialAction":[{"@type":"SearchAction","target":{"@type":"EntryPoint","urlTemplate":"https:\/\/abelfigueiredo.pa.gov.br\/site\/?s={search_term_string}"},"query-input":{"@type":"PropertyValueSpecification","valueRequired":true,"valueName":"search_term_string"}}],"inLanguage":"pt-BR"},{"@type":"Person","@id":"https:\/\/abelfigueiredo.pa.gov.br\/site\/#\/schema\/person\/b7030c2e32bccfa38e6086b1ab3be678","name":"ASCOM","image":{"@type":"ImageObject","inLanguage":"pt-BR","@id":"https:\/\/abelfigueiredo.pa.gov.br\/site\/#\/schema\/person\/image\/","url":"https:\/\/secure.gravatar.com\/avatar\/ee6e3a6ac5793d71ee85d0aa82a0987b97fbd6c53d55b2480f9468ae70cdea28?s=96&d=mm&r=g","contentUrl":"https:\/\/secure.gravatar.com\/avatar\/ee6e3a6ac5793d71ee85d0aa82a0987b97fbd6c53d55b2480f9468ae70cdea28?s=96&d=mm&r=g","caption":"ASCOM"},"url":"https:\/\/abelfigueiredo.pa.gov.br\/site\/author\/ilhaproducoes\/"}]}},"_links":{"self":[{"href":"https:\/\/abelfigueiredo.pa.gov.br\/site\/wp-json\/wp\/v2\/posts\/19673","targetHints":{"allow":["GET"]}}],"collection":[{"href":"https:\/\/abelfigueiredo.pa.gov.br\/site\/wp-json\/wp\/v2\/posts"}],"about":[{"href":"https:\/\/abelfigueiredo.pa.gov.br\/site\/wp-json\/wp\/v2\/types\/post"}],"author":[{"embeddable":true,"href":"https:\/\/abelfigueiredo.pa.gov.br\/site\/wp-json\/wp\/v2\/users\/40"}],"replies":[{"embeddable":true,"href":"https:\/\/abelfigueiredo.pa.gov.br\/site\/wp-json\/wp\/v2\/comments?post=19673"}],"version-history":[{"count":1,"href":"https:\/\/abelfigueiredo.pa.gov.br\/site\/wp-json\/wp\/v2\/posts\/19673\/revisions"}],"predecessor-version":[{"id":19675,"href":"https:\/\/abelfigueiredo.pa.gov.br\/site\/wp-json\/wp\/v2\/posts\/19673\/revisions\/19675"}],"wp:featuredmedia":[{"embeddable":true,"href":"https:\/\/abelfigueiredo.pa.gov.br\/site\/wp-json\/wp\/v2\/media\/19674"}],"wp:attachment":[{"href":"https:\/\/abelfigueiredo.pa.gov.br\/site\/wp-json\/wp\/v2\/media?parent=19673"}],"wp:term":[{"taxonomy":"category","embeddable":true,"href":"https:\/\/abelfigueiredo.pa.gov.br\/site\/wp-json\/wp\/v2\/categories?post=19673"},{"taxonomy":"post_tag","embeddable":true,"href":"https:\/\/abelfigueiredo.pa.gov.br\/site\/wp-json\/wp\/v2\/tags?post=19673"}],"curies":[{"name":"wp","href":"https:\/\/api.w.org\/{rel}","templated":true}]}}