{"id":19657,"date":"2025-10-28T15:33:26","date_gmt":"2025-10-28T18:33:26","guid":{"rendered":"https:\/\/abelfigueiredo.pa.gov.br\/site\/?p=19657"},"modified":"2025-10-28T15:34:49","modified_gmt":"2025-10-28T18:34:49","slug":"dia-do-servidor-publico","status":"publish","type":"post","link":"https:\/\/abelfigueiredo.pa.gov.br\/site\/dia-do-servidor-publico\/","title":{"rendered":"DIA DO SERVIDOR P\u00daBLICO"},"content":{"rendered":"<div style=\"width: 480px;\" class=\"wp-video\"><video class=\"wp-video-shortcode\" id=\"video-19657-1\" width=\"480\" height=\"848\" preload=\"metadata\" controls=\"controls\"><source type=\"video\/mp4\" src=\"https:\/\/abelfigueiredo.pa.gov.br\/site\/wp-content\/uploads\/2025\/10\/WhatsApp-Video-2025-10-28-at-07.50.09.mp4?_=1\" \/><a href=\"https:\/\/abelfigueiredo.pa.gov.br\/site\/wp-content\/uploads\/2025\/10\/WhatsApp-Video-2025-10-28-at-07.50.09.mp4\">https:\/\/abelfigueiredo.pa.gov.br\/site\/wp-content\/uploads\/2025\/10\/WhatsApp-Video-2025-10-28-at-07.50.09.mp4<\/a><\/video><\/div>\n<p>Hoje \u00e9 dia de celebrar quem faz a nossa cidade acontecer! \ud83d\udc9b<\/p>\n<p>Com compromisso, dedica\u00e7\u00e3o e amor pelo que faz, cada servidor p\u00fablico de Abel Figueiredo \u00e9 parte essencial do nosso desenvolvimento.<\/p>\n<p>Em nome da gest\u00e3o, deixamos nosso muito obrigado a todos voc\u00eas! \ud83d\ude4c<br \/>\nFeliz Dia do Servidor P\u00fablico! \ud83d\udc4f\ud83d\udc99<\/p>\n<p>#DiaDoServidor #AbelFigueiredo #Valoriza\u00e7\u00e3o #Servi\u00e7oP\u00fablico #Gest\u00e3oComResponsabilidade<\/p>\n","protected":false},"excerpt":{"rendered":"<p>Hoje \u00e9 dia de celebrar quem faz a nossa cidade acontecer! \ud83d\udc9b Com compromisso, dedica\u00e7\u00e3o e amor pelo que faz, cada servidor p\u00fablico de Abel Figueiredo \u00e9 parte essencial do nosso desenvolvimento. Em nome da gest\u00e3o, deixamos nosso muito obrigado a todos voc\u00eas! \ud83d\ude4c Feliz Dia do Servidor P\u00fablico! \ud83d\udc4f\ud83d\udc99 #DiaDoServidor #AbelFigueiredo #Valoriza\u00e7\u00e3o #Servi\u00e7oP\u00fablico #Gest\u00e3oComResponsabilidade<\/p>\n","protected":false},"author":40,"featured_media":19660,"comment_status":"closed","ping_status":"closed","sticky":false,"template":"","format":"standard","meta":{"footnotes":""},"categories":[1],"tags":[],"class_list":{"0":"post-19657","1":"post","2":"type-post","3":"status-publish","4":"format-standard","5":"has-post-thumbnail","7":"category-noticias"},"yoast_head":"<!-- This site is optimized with the Yoast SEO plugin v26.6 - https:\/\/yoast.com\/wordpress\/plugins\/seo\/ -->\n<title>DIA DO SERVIDOR P\u00daBLICO - Prefeitura Municipal de Abel Figueiredo | Gest\u00e3o 2025-2028<\/title>\n<meta name=\"robots\" content=\"index, follow, max-snippet:-1, max-image-preview:large, max-video-preview:-1\" \/>\n<link rel=\"canonical\" href=\"https:\/\/abelfigueiredo.pa.gov.br\/site\/dia-do-servidor-publico\/\" \/>\n<meta property=\"og:locale\" content=\"pt_BR\" \/>\n<meta property=\"og:type\" content=\"article\" \/>\n<meta property=\"og:title\" content=\"DIA DO SERVIDOR P\u00daBLICO - Prefeitura Municipal de Abel Figueiredo | Gest\u00e3o 2025-2028\" \/>\n<meta property=\"og:description\" content=\"Hoje \u00e9 dia de celebrar quem faz a nossa cidade acontecer! \ud83d\udc9b Com compromisso, dedica\u00e7\u00e3o e amor pelo que faz, cada servidor p\u00fablico de Abel Figueiredo \u00e9 parte essencial do nosso desenvolvimento. Em nome da gest\u00e3o, deixamos nosso muito obrigado a todos voc\u00eas! \ud83d\ude4c Feliz Dia do Servidor P\u00fablico! \ud83d\udc4f\ud83d\udc99 #DiaDoServidor #AbelFigueiredo #Valoriza\u00e7\u00e3o #Servi\u00e7oP\u00fablico #Gest\u00e3oComResponsabilidade\" \/>\n<meta property=\"og:url\" content=\"https:\/\/abelfigueiredo.pa.gov.br\/site\/dia-do-servidor-publico\/\" \/>\n<meta property=\"og:site_name\" content=\"Prefeitura Municipal de Abel Figueiredo | Gest\u00e3o 2025-2028\" \/>\n<meta property=\"article:published_time\" content=\"2025-10-28T18:33:26+00:00\" \/>\n<meta property=\"article:modified_time\" content=\"2025-10-28T18:34:49+00:00\" \/>\n<meta property=\"og:image\" content=\"https:\/\/abelfigueiredo.pa.gov.br\/site\/wp-content\/uploads\/2025\/10\/Screenshot_3.png\" \/>\n\t<meta property=\"og:image:width\" content=\"482\" \/>\n\t<meta property=\"og:image:height\" content=\"742\" \/>\n\t<meta property=\"og:image:type\" content=\"image\/png\" \/>\n<meta name=\"author\" content=\"ASCOM\" \/>\n<meta name=\"twitter:label1\" content=\"Escrito por\" \/>\n\t<meta name=\"twitter:data1\" content=\"ASCOM\" \/>\n<script type=\"application\/ld+json\" class=\"yoast-schema-graph\">{\"@context\":\"https:\/\/schema.org\",\"@graph\":[{\"@type\":\"WebPage\",\"@id\":\"https:\/\/abelfigueiredo.pa.gov.br\/site\/dia-do-servidor-publico\/\",\"url\":\"https:\/\/abelfigueiredo.pa.gov.br\/site\/dia-do-servidor-publico\/\",\"name\":\"DIA DO SERVIDOR P\u00daBLICO - Prefeitura Municipal de Abel Figueiredo | Gest\u00e3o 2025-2028\",\"isPartOf\":{\"@id\":\"https:\/\/abelfigueiredo.pa.gov.br\/site\/#website\"},\"primaryImageOfPage\":{\"@id\":\"https:\/\/abelfigueiredo.pa.gov.br\/site\/dia-do-servidor-publico\/#primaryimage\"},\"image\":{\"@id\":\"https:\/\/abelfigueiredo.pa.gov.br\/site\/dia-do-servidor-publico\/#primaryimage\"},\"thumbnailUrl\":\"https:\/\/abelfigueiredo.pa.gov.br\/site\/wp-content\/uploads\/2025\/10\/Screenshot_3.png\",\"datePublished\":\"2025-10-28T18:33:26+00:00\",\"dateModified\":\"2025-10-28T18:34:49+00:00\",\"author\":{\"@id\":\"https:\/\/abelfigueiredo.pa.gov.br\/site\/#\/schema\/person\/b7030c2e32bccfa38e6086b1ab3be678\"},\"inLanguage\":\"pt-BR\",\"potentialAction\":[{\"@type\":\"ReadAction\",\"target\":[\"https:\/\/abelfigueiredo.pa.gov.br\/site\/dia-do-servidor-publico\/\"]}]},{\"@type\":\"ImageObject\",\"inLanguage\":\"pt-BR\",\"@id\":\"https:\/\/abelfigueiredo.pa.gov.br\/site\/dia-do-servidor-publico\/#primaryimage\",\"url\":\"https:\/\/abelfigueiredo.pa.gov.br\/site\/wp-content\/uploads\/2025\/10\/Screenshot_3.png\",\"contentUrl\":\"https:\/\/abelfigueiredo.pa.gov.br\/site\/wp-content\/uploads\/2025\/10\/Screenshot_3.png\",\"width\":482,\"height\":742},{\"@type\":\"WebSite\",\"@id\":\"https:\/\/abelfigueiredo.pa.gov.br\/site\/#website\",\"url\":\"https:\/\/abelfigueiredo.pa.gov.br\/site\/\",\"name\":\"Prefeitura Municipal de Abel Figueiredo | Gest\u00e3o 2025-2028\",\"description\":\"Site oficial da Prefeitura Municipal de Abel Figueiredo\",\"potentialAction\":[{\"@type\":\"SearchAction\",\"target\":{\"@type\":\"EntryPoint\",\"urlTemplate\":\"https:\/\/abelfigueiredo.pa.gov.br\/site\/?s={search_term_string}\"},\"query-input\":{\"@type\":\"PropertyValueSpecification\",\"valueRequired\":true,\"valueName\":\"search_term_string\"}}],\"inLanguage\":\"pt-BR\"},{\"@type\":\"Person\",\"@id\":\"https:\/\/abelfigueiredo.pa.gov.br\/site\/#\/schema\/person\/b7030c2e32bccfa38e6086b1ab3be678\",\"name\":\"ASCOM\",\"image\":{\"@type\":\"ImageObject\",\"inLanguage\":\"pt-BR\",\"@id\":\"https:\/\/abelfigueiredo.pa.gov.br\/site\/#\/schema\/person\/image\/\",\"url\":\"https:\/\/secure.gravatar.com\/avatar\/ee6e3a6ac5793d71ee85d0aa82a0987b97fbd6c53d55b2480f9468ae70cdea28?s=96&d=mm&r=g\",\"contentUrl\":\"https:\/\/secure.gravatar.com\/avatar\/ee6e3a6ac5793d71ee85d0aa82a0987b97fbd6c53d55b2480f9468ae70cdea28?s=96&d=mm&r=g\",\"caption\":\"ASCOM\"},\"url\":\"https:\/\/abelfigueiredo.pa.gov.br\/site\/author\/ilhaproducoes\/\"}]}<\/script>\n<!-- \/ Yoast SEO plugin. -->","yoast_head_json":{"title":"DIA DO SERVIDOR P\u00daBLICO - Prefeitura Municipal de Abel Figueiredo | Gest\u00e3o 2025-2028","robots":{"index":"index","follow":"follow","max-snippet":"max-snippet:-1","max-image-preview":"max-image-preview:large","max-video-preview":"max-video-preview:-1"},"canonical":"https:\/\/abelfigueiredo.pa.gov.br\/site\/dia-do-servidor-publico\/","og_locale":"pt_BR","og_type":"article","og_title":"DIA DO SERVIDOR P\u00daBLICO - Prefeitura Municipal de Abel Figueiredo | Gest\u00e3o 2025-2028","og_description":"Hoje \u00e9 dia de celebrar quem faz a nossa cidade acontecer! \ud83d\udc9b Com compromisso, dedica\u00e7\u00e3o e amor pelo que faz, cada servidor p\u00fablico de Abel Figueiredo \u00e9 parte essencial do nosso desenvolvimento. Em nome da gest\u00e3o, deixamos nosso muito obrigado a todos voc\u00eas! \ud83d\ude4c Feliz Dia do Servidor P\u00fablico! \ud83d\udc4f\ud83d\udc99 #DiaDoServidor #AbelFigueiredo #Valoriza\u00e7\u00e3o #Servi\u00e7oP\u00fablico #Gest\u00e3oComResponsabilidade","og_url":"https:\/\/abelfigueiredo.pa.gov.br\/site\/dia-do-servidor-publico\/","og_site_name":"Prefeitura Municipal de Abel Figueiredo | Gest\u00e3o 2025-2028","article_published_time":"2025-10-28T18:33:26+00:00","article_modified_time":"2025-10-28T18:34:49+00:00","og_image":[{"width":482,"height":742,"url":"https:\/\/abelfigueiredo.pa.gov.br\/site\/wp-content\/uploads\/2025\/10\/Screenshot_3.png","type":"image\/png"}],"author":"ASCOM","twitter_misc":{"Escrito por":"ASCOM"},"schema":{"@context":"https:\/\/schema.org","@graph":[{"@type":"WebPage","@id":"https:\/\/abelfigueiredo.pa.gov.br\/site\/dia-do-servidor-publico\/","url":"https:\/\/abelfigueiredo.pa.gov.br\/site\/dia-do-servidor-publico\/","name":"DIA DO SERVIDOR P\u00daBLICO - Prefeitura Municipal de Abel Figueiredo | Gest\u00e3o 2025-2028","isPartOf":{"@id":"https:\/\/abelfigueiredo.pa.gov.br\/site\/#website"},"primaryImageOfPage":{"@id":"https:\/\/abelfigueiredo.pa.gov.br\/site\/dia-do-servidor-publico\/#primaryimage"},"image":{"@id":"https:\/\/abelfigueiredo.pa.gov.br\/site\/dia-do-servidor-publico\/#primaryimage"},"thumbnailUrl":"https:\/\/abelfigueiredo.pa.gov.br\/site\/wp-content\/uploads\/2025\/10\/Screenshot_3.png","datePublished":"2025-10-28T18:33:26+00:00","dateModified":"2025-10-28T18:34:49+00:00","author":{"@id":"https:\/\/abelfigueiredo.pa.gov.br\/site\/#\/schema\/person\/b7030c2e32bccfa38e6086b1ab3be678"},"inLanguage":"pt-BR","potentialAction":[{"@type":"ReadAction","target":["https:\/\/abelfigueiredo.pa.gov.br\/site\/dia-do-servidor-publico\/"]}]},{"@type":"ImageObject","inLanguage":"pt-BR","@id":"https:\/\/abelfigueiredo.pa.gov.br\/site\/dia-do-servidor-publico\/#primaryimage","url":"https:\/\/abelfigueiredo.pa.gov.br\/site\/wp-content\/uploads\/2025\/10\/Screenshot_3.png","contentUrl":"https:\/\/abelfigueiredo.pa.gov.br\/site\/wp-content\/uploads\/2025\/10\/Screenshot_3.png","width":482,"height":742},{"@type":"WebSite","@id":"https:\/\/abelfigueiredo.pa.gov.br\/site\/#website","url":"https:\/\/abelfigueiredo.pa.gov.br\/site\/","name":"Prefeitura Municipal de Abel Figueiredo | Gest\u00e3o 2025-2028","description":"Site oficial da Prefeitura Municipal de Abel Figueiredo","potentialAction":[{"@type":"SearchAction","target":{"@type":"EntryPoint","urlTemplate":"https:\/\/abelfigueiredo.pa.gov.br\/site\/?s={search_term_string}"},"query-input":{"@type":"PropertyValueSpecification","valueRequired":true,"valueName":"search_term_string"}}],"inLanguage":"pt-BR"},{"@type":"Person","@id":"https:\/\/abelfigueiredo.pa.gov.br\/site\/#\/schema\/person\/b7030c2e32bccfa38e6086b1ab3be678","name":"ASCOM","image":{"@type":"ImageObject","inLanguage":"pt-BR","@id":"https:\/\/abelfigueiredo.pa.gov.br\/site\/#\/schema\/person\/image\/","url":"https:\/\/secure.gravatar.com\/avatar\/ee6e3a6ac5793d71ee85d0aa82a0987b97fbd6c53d55b2480f9468ae70cdea28?s=96&d=mm&r=g","contentUrl":"https:\/\/secure.gravatar.com\/avatar\/ee6e3a6ac5793d71ee85d0aa82a0987b97fbd6c53d55b2480f9468ae70cdea28?s=96&d=mm&r=g","caption":"ASCOM"},"url":"https:\/\/abelfigueiredo.pa.gov.br\/site\/author\/ilhaproducoes\/"}]}},"_links":{"self":[{"href":"https:\/\/abelfigueiredo.pa.gov.br\/site\/wp-json\/wp\/v2\/posts\/19657","targetHints":{"allow":["GET"]}}],"collection":[{"href":"https:\/\/abelfigueiredo.pa.gov.br\/site\/wp-json\/wp\/v2\/posts"}],"about":[{"href":"https:\/\/abelfigueiredo.pa.gov.br\/site\/wp-json\/wp\/v2\/types\/post"}],"author":[{"embeddable":true,"href":"https:\/\/abelfigueiredo.pa.gov.br\/site\/wp-json\/wp\/v2\/users\/40"}],"replies":[{"embeddable":true,"href":"https:\/\/abelfigueiredo.pa.gov.br\/site\/wp-json\/wp\/v2\/comments?post=19657"}],"version-history":[{"count":1,"href":"https:\/\/abelfigueiredo.pa.gov.br\/site\/wp-json\/wp\/v2\/posts\/19657\/revisions"}],"predecessor-version":[{"id":19659,"href":"https:\/\/abelfigueiredo.pa.gov.br\/site\/wp-json\/wp\/v2\/posts\/19657\/revisions\/19659"}],"wp:featuredmedia":[{"embeddable":true,"href":"https:\/\/abelfigueiredo.pa.gov.br\/site\/wp-json\/wp\/v2\/media\/19660"}],"wp:attachment":[{"href":"https:\/\/abelfigueiredo.pa.gov.br\/site\/wp-json\/wp\/v2\/media?parent=19657"}],"wp:term":[{"taxonomy":"category","embeddable":true,"href":"https:\/\/abelfigueiredo.pa.gov.br\/site\/wp-json\/wp\/v2\/categories?post=19657"},{"taxonomy":"post_tag","embeddable":true,"href":"https:\/\/abelfigueiredo.pa.gov.br\/site\/wp-json\/wp\/v2\/tags?post=19657"}],"curies":[{"name":"wp","href":"https:\/\/api.w.org\/{rel}","templated":true}]}}