{"id":19631,"date":"2025-10-06T10:00:17","date_gmt":"2025-10-06T13:00:17","guid":{"rendered":"https:\/\/abelfigueiredo.pa.gov.br\/site\/?p=19631"},"modified":"2025-10-09T10:02:12","modified_gmt":"2025-10-09T13:02:12","slug":"06-de-outubro-dia-do-prefeito-3","status":"publish","type":"post","link":"https:\/\/abelfigueiredo.pa.gov.br\/site\/06-de-outubro-dia-do-prefeito-3\/","title":{"rendered":"06 de Outubro | Dia do Prefeito"},"content":{"rendered":"<p>Hoje \u00e9 dia de reconhecer o trabalho e a dedica\u00e7\u00e3o de quem luta todos os dias pelo desenvolvimento da nossa cidade! \ud83d\udc4f\ud83d\udc9a<\/p>\n<p>Parab\u00e9ns, Prefeito Marcone Lacerda, por sua lideran\u00e7a, compromisso e amor por Abel Figueiredo! \ud83c\udde7\ud83c\uddf7\u2728<\/p>\n<p>#DiaDoPrefeito #AbelFigueiredo #Gest\u00e3oComResponsabilidade #TrabalhoQueTransforma<\/p>\n<p><a href=\"https:\/\/abelfigueiredo.pa.gov.br\/site\/wp-content\/uploads\/2025\/10\/WhatsApp-Image-2025-10-06-at-14.46.38.jpeg\"><img loading=\"lazy\" decoding=\"async\" class=\"alignnone size-medium wp-image-19632\" src=\"https:\/\/abelfigueiredo.pa.gov.br\/site\/wp-content\/uploads\/2025\/10\/WhatsApp-Image-2025-10-06-at-14.46.38-240x300.jpeg\" alt=\"\" width=\"240\" height=\"300\" srcset=\"https:\/\/abelfigueiredo.pa.gov.br\/site\/wp-content\/uploads\/2025\/10\/WhatsApp-Image-2025-10-06-at-14.46.38-240x300.jpeg 240w, https:\/\/abelfigueiredo.pa.gov.br\/site\/wp-content\/uploads\/2025\/10\/WhatsApp-Image-2025-10-06-at-14.46.38-819x1024.jpeg 819w, https:\/\/abelfigueiredo.pa.gov.br\/site\/wp-content\/uploads\/2025\/10\/WhatsApp-Image-2025-10-06-at-14.46.38-768x960.jpeg 768w, https:\/\/abelfigueiredo.pa.gov.br\/site\/wp-content\/uploads\/2025\/10\/WhatsApp-Image-2025-10-06-at-14.46.38.jpeg 1080w\" sizes=\"auto, (max-width: 240px) 100vw, 240px\" \/><\/a><\/p>\n","protected":false},"excerpt":{"rendered":"<p>Hoje \u00e9 dia de reconhecer o trabalho e a dedica\u00e7\u00e3o de quem luta todos os dias pelo desenvolvimento da nossa cidade! \ud83d\udc4f\ud83d\udc9a Parab\u00e9ns, Prefeito Marcone Lacerda, por sua lideran\u00e7a, compromisso e amor por Abel Figueiredo! \ud83c\udde7\ud83c\uddf7\u2728 #DiaDoPrefeito #AbelFigueiredo #Gest\u00e3oComResponsabilidade #TrabalhoQueTransforma<\/p>\n","protected":false},"author":40,"featured_media":19632,"comment_status":"closed","ping_status":"closed","sticky":false,"template":"","format":"standard","meta":{"footnotes":""},"categories":[1],"tags":[],"class_list":{"0":"post-19631","1":"post","2":"type-post","3":"status-publish","4":"format-standard","5":"has-post-thumbnail","7":"category-noticias"},"yoast_head":"<!-- This site is optimized with the Yoast SEO plugin v26.6 - https:\/\/yoast.com\/wordpress\/plugins\/seo\/ -->\n<title>06 de Outubro | Dia do Prefeito - Prefeitura Municipal de Abel Figueiredo | Gest\u00e3o 2025-2028<\/title>\n<meta name=\"robots\" content=\"index, follow, max-snippet:-1, max-image-preview:large, max-video-preview:-1\" \/>\n<link rel=\"canonical\" href=\"https:\/\/abelfigueiredo.pa.gov.br\/site\/06-de-outubro-dia-do-prefeito-3\/\" \/>\n<meta property=\"og:locale\" content=\"pt_BR\" \/>\n<meta property=\"og:type\" content=\"article\" \/>\n<meta property=\"og:title\" content=\"06 de Outubro | Dia do Prefeito - Prefeitura Municipal de Abel Figueiredo | Gest\u00e3o 2025-2028\" \/>\n<meta property=\"og:description\" content=\"Hoje \u00e9 dia de reconhecer o trabalho e a dedica\u00e7\u00e3o de quem luta todos os dias pelo desenvolvimento da nossa cidade! \ud83d\udc4f\ud83d\udc9a Parab\u00e9ns, Prefeito Marcone Lacerda, por sua lideran\u00e7a, compromisso e amor por Abel Figueiredo! \ud83c\udde7\ud83c\uddf7\u2728 #DiaDoPrefeito #AbelFigueiredo #Gest\u00e3oComResponsabilidade #TrabalhoQueTransforma\" \/>\n<meta property=\"og:url\" content=\"https:\/\/abelfigueiredo.pa.gov.br\/site\/06-de-outubro-dia-do-prefeito-3\/\" \/>\n<meta property=\"og:site_name\" content=\"Prefeitura Municipal de Abel Figueiredo | Gest\u00e3o 2025-2028\" \/>\n<meta property=\"article:published_time\" content=\"2025-10-06T13:00:17+00:00\" \/>\n<meta property=\"article:modified_time\" content=\"2025-10-09T13:02:12+00:00\" \/>\n<meta property=\"og:image\" content=\"https:\/\/abelfigueiredo.pa.gov.br\/site\/wp-content\/uploads\/2025\/10\/WhatsApp-Image-2025-10-06-at-14.46.38.jpeg\" \/>\n\t<meta property=\"og:image:width\" content=\"1080\" \/>\n\t<meta property=\"og:image:height\" content=\"1350\" \/>\n\t<meta property=\"og:image:type\" content=\"image\/jpeg\" \/>\n<meta name=\"author\" content=\"ASCOM\" \/>\n<meta name=\"twitter:label1\" content=\"Escrito por\" \/>\n\t<meta name=\"twitter:data1\" content=\"ASCOM\" \/>\n<script type=\"application\/ld+json\" class=\"yoast-schema-graph\">{\"@context\":\"https:\/\/schema.org\",\"@graph\":[{\"@type\":\"WebPage\",\"@id\":\"https:\/\/abelfigueiredo.pa.gov.br\/site\/06-de-outubro-dia-do-prefeito-3\/\",\"url\":\"https:\/\/abelfigueiredo.pa.gov.br\/site\/06-de-outubro-dia-do-prefeito-3\/\",\"name\":\"06 de Outubro | Dia do Prefeito - Prefeitura Municipal de Abel Figueiredo | Gest\u00e3o 2025-2028\",\"isPartOf\":{\"@id\":\"https:\/\/abelfigueiredo.pa.gov.br\/site\/#website\"},\"primaryImageOfPage\":{\"@id\":\"https:\/\/abelfigueiredo.pa.gov.br\/site\/06-de-outubro-dia-do-prefeito-3\/#primaryimage\"},\"image\":{\"@id\":\"https:\/\/abelfigueiredo.pa.gov.br\/site\/06-de-outubro-dia-do-prefeito-3\/#primaryimage\"},\"thumbnailUrl\":\"https:\/\/abelfigueiredo.pa.gov.br\/site\/wp-content\/uploads\/2025\/10\/WhatsApp-Image-2025-10-06-at-14.46.38.jpeg\",\"datePublished\":\"2025-10-06T13:00:17+00:00\",\"dateModified\":\"2025-10-09T13:02:12+00:00\",\"author\":{\"@id\":\"https:\/\/abelfigueiredo.pa.gov.br\/site\/#\/schema\/person\/b7030c2e32bccfa38e6086b1ab3be678\"},\"inLanguage\":\"pt-BR\",\"potentialAction\":[{\"@type\":\"ReadAction\",\"target\":[\"https:\/\/abelfigueiredo.pa.gov.br\/site\/06-de-outubro-dia-do-prefeito-3\/\"]}]},{\"@type\":\"ImageObject\",\"inLanguage\":\"pt-BR\",\"@id\":\"https:\/\/abelfigueiredo.pa.gov.br\/site\/06-de-outubro-dia-do-prefeito-3\/#primaryimage\",\"url\":\"https:\/\/abelfigueiredo.pa.gov.br\/site\/wp-content\/uploads\/2025\/10\/WhatsApp-Image-2025-10-06-at-14.46.38.jpeg\",\"contentUrl\":\"https:\/\/abelfigueiredo.pa.gov.br\/site\/wp-content\/uploads\/2025\/10\/WhatsApp-Image-2025-10-06-at-14.46.38.jpeg\",\"width\":1080,\"height\":1350},{\"@type\":\"WebSite\",\"@id\":\"https:\/\/abelfigueiredo.pa.gov.br\/site\/#website\",\"url\":\"https:\/\/abelfigueiredo.pa.gov.br\/site\/\",\"name\":\"Prefeitura Municipal de Abel Figueiredo | Gest\u00e3o 2025-2028\",\"description\":\"Site oficial da Prefeitura Municipal de Abel Figueiredo\",\"potentialAction\":[{\"@type\":\"SearchAction\",\"target\":{\"@type\":\"EntryPoint\",\"urlTemplate\":\"https:\/\/abelfigueiredo.pa.gov.br\/site\/?s={search_term_string}\"},\"query-input\":{\"@type\":\"PropertyValueSpecification\",\"valueRequired\":true,\"valueName\":\"search_term_string\"}}],\"inLanguage\":\"pt-BR\"},{\"@type\":\"Person\",\"@id\":\"https:\/\/abelfigueiredo.pa.gov.br\/site\/#\/schema\/person\/b7030c2e32bccfa38e6086b1ab3be678\",\"name\":\"ASCOM\",\"image\":{\"@type\":\"ImageObject\",\"inLanguage\":\"pt-BR\",\"@id\":\"https:\/\/abelfigueiredo.pa.gov.br\/site\/#\/schema\/person\/image\/\",\"url\":\"https:\/\/secure.gravatar.com\/avatar\/ee6e3a6ac5793d71ee85d0aa82a0987b97fbd6c53d55b2480f9468ae70cdea28?s=96&d=mm&r=g\",\"contentUrl\":\"https:\/\/secure.gravatar.com\/avatar\/ee6e3a6ac5793d71ee85d0aa82a0987b97fbd6c53d55b2480f9468ae70cdea28?s=96&d=mm&r=g\",\"caption\":\"ASCOM\"},\"url\":\"https:\/\/abelfigueiredo.pa.gov.br\/site\/author\/ilhaproducoes\/\"}]}<\/script>\n<!-- \/ Yoast SEO plugin. -->","yoast_head_json":{"title":"06 de Outubro | Dia do Prefeito - Prefeitura Municipal de Abel Figueiredo | Gest\u00e3o 2025-2028","robots":{"index":"index","follow":"follow","max-snippet":"max-snippet:-1","max-image-preview":"max-image-preview:large","max-video-preview":"max-video-preview:-1"},"canonical":"https:\/\/abelfigueiredo.pa.gov.br\/site\/06-de-outubro-dia-do-prefeito-3\/","og_locale":"pt_BR","og_type":"article","og_title":"06 de Outubro | Dia do Prefeito - Prefeitura Municipal de Abel Figueiredo | Gest\u00e3o 2025-2028","og_description":"Hoje \u00e9 dia de reconhecer o trabalho e a dedica\u00e7\u00e3o de quem luta todos os dias pelo desenvolvimento da nossa cidade! \ud83d\udc4f\ud83d\udc9a Parab\u00e9ns, Prefeito Marcone Lacerda, por sua lideran\u00e7a, compromisso e amor por Abel Figueiredo! \ud83c\udde7\ud83c\uddf7\u2728 #DiaDoPrefeito #AbelFigueiredo #Gest\u00e3oComResponsabilidade #TrabalhoQueTransforma","og_url":"https:\/\/abelfigueiredo.pa.gov.br\/site\/06-de-outubro-dia-do-prefeito-3\/","og_site_name":"Prefeitura Municipal de Abel Figueiredo | Gest\u00e3o 2025-2028","article_published_time":"2025-10-06T13:00:17+00:00","article_modified_time":"2025-10-09T13:02:12+00:00","og_image":[{"width":1080,"height":1350,"url":"https:\/\/abelfigueiredo.pa.gov.br\/site\/wp-content\/uploads\/2025\/10\/WhatsApp-Image-2025-10-06-at-14.46.38.jpeg","type":"image\/jpeg"}],"author":"ASCOM","twitter_misc":{"Escrito por":"ASCOM"},"schema":{"@context":"https:\/\/schema.org","@graph":[{"@type":"WebPage","@id":"https:\/\/abelfigueiredo.pa.gov.br\/site\/06-de-outubro-dia-do-prefeito-3\/","url":"https:\/\/abelfigueiredo.pa.gov.br\/site\/06-de-outubro-dia-do-prefeito-3\/","name":"06 de Outubro | Dia do Prefeito - Prefeitura Municipal de Abel Figueiredo | Gest\u00e3o 2025-2028","isPartOf":{"@id":"https:\/\/abelfigueiredo.pa.gov.br\/site\/#website"},"primaryImageOfPage":{"@id":"https:\/\/abelfigueiredo.pa.gov.br\/site\/06-de-outubro-dia-do-prefeito-3\/#primaryimage"},"image":{"@id":"https:\/\/abelfigueiredo.pa.gov.br\/site\/06-de-outubro-dia-do-prefeito-3\/#primaryimage"},"thumbnailUrl":"https:\/\/abelfigueiredo.pa.gov.br\/site\/wp-content\/uploads\/2025\/10\/WhatsApp-Image-2025-10-06-at-14.46.38.jpeg","datePublished":"2025-10-06T13:00:17+00:00","dateModified":"2025-10-09T13:02:12+00:00","author":{"@id":"https:\/\/abelfigueiredo.pa.gov.br\/site\/#\/schema\/person\/b7030c2e32bccfa38e6086b1ab3be678"},"inLanguage":"pt-BR","potentialAction":[{"@type":"ReadAction","target":["https:\/\/abelfigueiredo.pa.gov.br\/site\/06-de-outubro-dia-do-prefeito-3\/"]}]},{"@type":"ImageObject","inLanguage":"pt-BR","@id":"https:\/\/abelfigueiredo.pa.gov.br\/site\/06-de-outubro-dia-do-prefeito-3\/#primaryimage","url":"https:\/\/abelfigueiredo.pa.gov.br\/site\/wp-content\/uploads\/2025\/10\/WhatsApp-Image-2025-10-06-at-14.46.38.jpeg","contentUrl":"https:\/\/abelfigueiredo.pa.gov.br\/site\/wp-content\/uploads\/2025\/10\/WhatsApp-Image-2025-10-06-at-14.46.38.jpeg","width":1080,"height":1350},{"@type":"WebSite","@id":"https:\/\/abelfigueiredo.pa.gov.br\/site\/#website","url":"https:\/\/abelfigueiredo.pa.gov.br\/site\/","name":"Prefeitura Municipal de Abel Figueiredo | Gest\u00e3o 2025-2028","description":"Site oficial da Prefeitura Municipal de Abel Figueiredo","potentialAction":[{"@type":"SearchAction","target":{"@type":"EntryPoint","urlTemplate":"https:\/\/abelfigueiredo.pa.gov.br\/site\/?s={search_term_string}"},"query-input":{"@type":"PropertyValueSpecification","valueRequired":true,"valueName":"search_term_string"}}],"inLanguage":"pt-BR"},{"@type":"Person","@id":"https:\/\/abelfigueiredo.pa.gov.br\/site\/#\/schema\/person\/b7030c2e32bccfa38e6086b1ab3be678","name":"ASCOM","image":{"@type":"ImageObject","inLanguage":"pt-BR","@id":"https:\/\/abelfigueiredo.pa.gov.br\/site\/#\/schema\/person\/image\/","url":"https:\/\/secure.gravatar.com\/avatar\/ee6e3a6ac5793d71ee85d0aa82a0987b97fbd6c53d55b2480f9468ae70cdea28?s=96&d=mm&r=g","contentUrl":"https:\/\/secure.gravatar.com\/avatar\/ee6e3a6ac5793d71ee85d0aa82a0987b97fbd6c53d55b2480f9468ae70cdea28?s=96&d=mm&r=g","caption":"ASCOM"},"url":"https:\/\/abelfigueiredo.pa.gov.br\/site\/author\/ilhaproducoes\/"}]}},"_links":{"self":[{"href":"https:\/\/abelfigueiredo.pa.gov.br\/site\/wp-json\/wp\/v2\/posts\/19631","targetHints":{"allow":["GET"]}}],"collection":[{"href":"https:\/\/abelfigueiredo.pa.gov.br\/site\/wp-json\/wp\/v2\/posts"}],"about":[{"href":"https:\/\/abelfigueiredo.pa.gov.br\/site\/wp-json\/wp\/v2\/types\/post"}],"author":[{"embeddable":true,"href":"https:\/\/abelfigueiredo.pa.gov.br\/site\/wp-json\/wp\/v2\/users\/40"}],"replies":[{"embeddable":true,"href":"https:\/\/abelfigueiredo.pa.gov.br\/site\/wp-json\/wp\/v2\/comments?post=19631"}],"version-history":[{"count":1,"href":"https:\/\/abelfigueiredo.pa.gov.br\/site\/wp-json\/wp\/v2\/posts\/19631\/revisions"}],"predecessor-version":[{"id":19633,"href":"https:\/\/abelfigueiredo.pa.gov.br\/site\/wp-json\/wp\/v2\/posts\/19631\/revisions\/19633"}],"wp:featuredmedia":[{"embeddable":true,"href":"https:\/\/abelfigueiredo.pa.gov.br\/site\/wp-json\/wp\/v2\/media\/19632"}],"wp:attachment":[{"href":"https:\/\/abelfigueiredo.pa.gov.br\/site\/wp-json\/wp\/v2\/media?parent=19631"}],"wp:term":[{"taxonomy":"category","embeddable":true,"href":"https:\/\/abelfigueiredo.pa.gov.br\/site\/wp-json\/wp\/v2\/categories?post=19631"},{"taxonomy":"post_tag","embeddable":true,"href":"https:\/\/abelfigueiredo.pa.gov.br\/site\/wp-json\/wp\/v2\/tags?post=19631"}],"curies":[{"name":"wp","href":"https:\/\/api.w.org\/{rel}","templated":true}]}}