{"id":19606,"date":"2025-09-19T16:43:27","date_gmt":"2025-09-19T19:43:27","guid":{"rendered":"https:\/\/abelfigueiredo.pa.gov.br\/site\/?p=19606"},"modified":"2025-12-18T12:56:29","modified_gmt":"2025-12-18T15:56:29","slug":"processo-para-selecao-de-candidatos-para-o-cargo-de-gestor-escolar-das-escolas-municipais-de-abel-figueiredo-para","status":"publish","type":"post","link":"https:\/\/abelfigueiredo.pa.gov.br\/site\/processo-para-selecao-de-candidatos-para-o-cargo-de-gestor-escolar-das-escolas-municipais-de-abel-figueiredo-para\/","title":{"rendered":"PROCESSO PARA SELE\u00c7\u00c3O DE CANDIDATOS PARA O CARGO DE GESTOR ESCOLAR DAS ESCOLAS MUNICIPAIS DE ABEL FIGUEIREDO &#8211; PAR\u00c1"},"content":{"rendered":"<ul>\n<li><a href=\"https:\/\/abelfigueiredo.pa.gov.br\/site\/wp-content\/uploads\/2025\/09\/EDITAL-No-001-SEMED-2025.docx\">EDITAL N\u00ba 001-SEMED &#8211; 2025<\/a><\/li>\n<li><a href=\"https:\/\/abelfigueiredo.pa.gov.br\/site\/wp-content\/uploads\/2025\/09\/GABARITO.pdf\">GABARITO<\/a><\/li>\n<li><a href=\"https:\/\/abelfigueiredo.pa.gov.br\/site\/wp-content\/uploads\/2025\/09\/resultado-preliminar-prova-objetiva.pdf\">resultado preliminar prova objetiva<\/a><\/li>\n<li><a href=\"https:\/\/abelfigueiredo.pa.gov.br\/site\/wp-content\/uploads\/2025\/09\/Portaria-da-Comissao-atualizada.pdf\">Portaria da Comiss\u00e3o atualizada<\/a><\/li>\n<li><a href=\"https:\/\/abelfigueiredo.pa.gov.br\/site\/wp-content\/uploads\/2025\/09\/Edital-no-003.pdf\">Edital n\u00ba 003<\/a><\/li>\n<li><a href=\"https:\/\/abelfigueiredo.pa.gov.br\/site\/wp-content\/uploads\/2025\/09\/Edital-no-004.pdf\">Edital n\u00ba 004<\/a><\/li>\n<li><a href=\"https:\/\/abelfigueiredo.pa.gov.br\/site\/wp-content\/uploads\/2025\/09\/Normativa-SEMED-2025.pdf\">Normativa SEMED &#8211; 2025<\/a><\/li>\n<\/ul>\n","protected":false},"excerpt":{"rendered":"<p>EDITAL N\u00ba 001-SEMED &#8211; 2025 GABARITO resultado preliminar prova objetiva Portaria da Comiss\u00e3o atualizada Edital n\u00ba 003 Edital n\u00ba 004 Normativa SEMED &#8211; 2025<\/p>\n","protected":false},"author":1,"featured_media":19357,"comment_status":"closed","ping_status":"closed","sticky":false,"template":"","format":"standard","meta":{"footnotes":""},"categories":[1],"tags":[],"class_list":{"0":"post-19606","1":"post","2":"type-post","3":"status-publish","4":"format-standard","5":"has-post-thumbnail","7":"category-noticias"},"yoast_head":"<!-- This site is optimized with the Yoast SEO plugin v26.6 - https:\/\/yoast.com\/wordpress\/plugins\/seo\/ -->\n<title>PROCESSO PARA SELE\u00c7\u00c3O DE CANDIDATOS PARA O CARGO DE GESTOR ESCOLAR DAS ESCOLAS MUNICIPAIS DE ABEL FIGUEIREDO - PAR\u00c1 - Prefeitura Municipal de Abel Figueiredo | Gest\u00e3o 2025-2028<\/title>\n<meta name=\"robots\" content=\"index, follow, max-snippet:-1, max-image-preview:large, max-video-preview:-1\" \/>\n<link rel=\"canonical\" href=\"https:\/\/abelfigueiredo.pa.gov.br\/site\/processo-para-selecao-de-candidatos-para-o-cargo-de-gestor-escolar-das-escolas-municipais-de-abel-figueiredo-para\/\" \/>\n<meta property=\"og:locale\" content=\"pt_BR\" \/>\n<meta property=\"og:type\" content=\"article\" \/>\n<meta property=\"og:title\" content=\"PROCESSO PARA SELE\u00c7\u00c3O DE CANDIDATOS PARA O CARGO DE GESTOR ESCOLAR DAS ESCOLAS MUNICIPAIS DE ABEL FIGUEIREDO - PAR\u00c1 - Prefeitura Municipal de Abel Figueiredo | Gest\u00e3o 2025-2028\" \/>\n<meta property=\"og:description\" content=\"EDITAL N\u00ba 001-SEMED &#8211; 2025 GABARITO resultado preliminar prova objetiva Portaria da Comiss\u00e3o atualizada Edital n\u00ba 003 Edital n\u00ba 004 Normativa SEMED &#8211; 2025\" \/>\n<meta property=\"og:url\" content=\"https:\/\/abelfigueiredo.pa.gov.br\/site\/processo-para-selecao-de-candidatos-para-o-cargo-de-gestor-escolar-das-escolas-municipais-de-abel-figueiredo-para\/\" \/>\n<meta property=\"og:site_name\" content=\"Prefeitura Municipal de Abel Figueiredo | Gest\u00e3o 2025-2028\" \/>\n<meta property=\"article:published_time\" content=\"2025-09-19T19:43:27+00:00\" \/>\n<meta property=\"article:modified_time\" content=\"2025-12-18T15:56:29+00:00\" \/>\n<meta property=\"og:image\" content=\"https:\/\/abelfigueiredo.pa.gov.br\/site\/wp-content\/uploads\/2025\/05\/sem-imagem.jpg\" \/>\n\t<meta property=\"og:image:width\" content=\"1024\" \/>\n\t<meta property=\"og:image:height\" content=\"768\" \/>\n\t<meta property=\"og:image:type\" content=\"image\/jpeg\" \/>\n<meta name=\"author\" content=\"CR2\" \/>\n<meta name=\"twitter:label1\" content=\"Escrito por\" \/>\n\t<meta name=\"twitter:data1\" content=\"CR2\" \/>\n<script type=\"application\/ld+json\" class=\"yoast-schema-graph\">{\"@context\":\"https:\/\/schema.org\",\"@graph\":[{\"@type\":\"WebPage\",\"@id\":\"https:\/\/abelfigueiredo.pa.gov.br\/site\/processo-para-selecao-de-candidatos-para-o-cargo-de-gestor-escolar-das-escolas-municipais-de-abel-figueiredo-para\/\",\"url\":\"https:\/\/abelfigueiredo.pa.gov.br\/site\/processo-para-selecao-de-candidatos-para-o-cargo-de-gestor-escolar-das-escolas-municipais-de-abel-figueiredo-para\/\",\"name\":\"PROCESSO PARA SELE\u00c7\u00c3O DE CANDIDATOS PARA O CARGO DE GESTOR ESCOLAR DAS ESCOLAS MUNICIPAIS DE ABEL FIGUEIREDO - PAR\u00c1 - Prefeitura Municipal de Abel Figueiredo | Gest\u00e3o 2025-2028\",\"isPartOf\":{\"@id\":\"https:\/\/abelfigueiredo.pa.gov.br\/site\/#website\"},\"primaryImageOfPage\":{\"@id\":\"https:\/\/abelfigueiredo.pa.gov.br\/site\/processo-para-selecao-de-candidatos-para-o-cargo-de-gestor-escolar-das-escolas-municipais-de-abel-figueiredo-para\/#primaryimage\"},\"image\":{\"@id\":\"https:\/\/abelfigueiredo.pa.gov.br\/site\/processo-para-selecao-de-candidatos-para-o-cargo-de-gestor-escolar-das-escolas-municipais-de-abel-figueiredo-para\/#primaryimage\"},\"thumbnailUrl\":\"https:\/\/abelfigueiredo.pa.gov.br\/site\/wp-content\/uploads\/2025\/05\/sem-imagem.jpg\",\"datePublished\":\"2025-09-19T19:43:27+00:00\",\"dateModified\":\"2025-12-18T15:56:29+00:00\",\"author\":{\"@id\":\"https:\/\/abelfigueiredo.pa.gov.br\/site\/#\/schema\/person\/cd339873ac029367c3231ceff74255e2\"},\"inLanguage\":\"pt-BR\",\"potentialAction\":[{\"@type\":\"ReadAction\",\"target\":[\"https:\/\/abelfigueiredo.pa.gov.br\/site\/processo-para-selecao-de-candidatos-para-o-cargo-de-gestor-escolar-das-escolas-municipais-de-abel-figueiredo-para\/\"]}]},{\"@type\":\"ImageObject\",\"inLanguage\":\"pt-BR\",\"@id\":\"https:\/\/abelfigueiredo.pa.gov.br\/site\/processo-para-selecao-de-candidatos-para-o-cargo-de-gestor-escolar-das-escolas-municipais-de-abel-figueiredo-para\/#primaryimage\",\"url\":\"https:\/\/abelfigueiredo.pa.gov.br\/site\/wp-content\/uploads\/2025\/05\/sem-imagem.jpg\",\"contentUrl\":\"https:\/\/abelfigueiredo.pa.gov.br\/site\/wp-content\/uploads\/2025\/05\/sem-imagem.jpg\",\"width\":1024,\"height\":768},{\"@type\":\"WebSite\",\"@id\":\"https:\/\/abelfigueiredo.pa.gov.br\/site\/#website\",\"url\":\"https:\/\/abelfigueiredo.pa.gov.br\/site\/\",\"name\":\"Prefeitura Municipal de Abel Figueiredo | Gest\u00e3o 2025-2028\",\"description\":\"Site oficial da Prefeitura Municipal de Abel Figueiredo\",\"potentialAction\":[{\"@type\":\"SearchAction\",\"target\":{\"@type\":\"EntryPoint\",\"urlTemplate\":\"https:\/\/abelfigueiredo.pa.gov.br\/site\/?s={search_term_string}\"},\"query-input\":{\"@type\":\"PropertyValueSpecification\",\"valueRequired\":true,\"valueName\":\"search_term_string\"}}],\"inLanguage\":\"pt-BR\"},{\"@type\":\"Person\",\"@id\":\"https:\/\/abelfigueiredo.pa.gov.br\/site\/#\/schema\/person\/cd339873ac029367c3231ceff74255e2\",\"name\":\"CR2\",\"image\":{\"@type\":\"ImageObject\",\"inLanguage\":\"pt-BR\",\"@id\":\"https:\/\/abelfigueiredo.pa.gov.br\/site\/#\/schema\/person\/image\/\",\"url\":\"https:\/\/secure.gravatar.com\/avatar\/10abeee85fe3535c186151596ff19e8203d3ce50cd496637349b0394b06377b7?s=96&d=mm&r=g\",\"contentUrl\":\"https:\/\/secure.gravatar.com\/avatar\/10abeee85fe3535c186151596ff19e8203d3ce50cd496637349b0394b06377b7?s=96&d=mm&r=g\",\"caption\":\"CR2\"},\"url\":\"https:\/\/abelfigueiredo.pa.gov.br\/site\/author\/admin\/\"}]}<\/script>\n<!-- \/ Yoast SEO plugin. -->","yoast_head_json":{"title":"PROCESSO PARA SELE\u00c7\u00c3O DE CANDIDATOS PARA O CARGO DE GESTOR ESCOLAR DAS ESCOLAS MUNICIPAIS DE ABEL FIGUEIREDO - PAR\u00c1 - Prefeitura Municipal de Abel Figueiredo | Gest\u00e3o 2025-2028","robots":{"index":"index","follow":"follow","max-snippet":"max-snippet:-1","max-image-preview":"max-image-preview:large","max-video-preview":"max-video-preview:-1"},"canonical":"https:\/\/abelfigueiredo.pa.gov.br\/site\/processo-para-selecao-de-candidatos-para-o-cargo-de-gestor-escolar-das-escolas-municipais-de-abel-figueiredo-para\/","og_locale":"pt_BR","og_type":"article","og_title":"PROCESSO PARA SELE\u00c7\u00c3O DE CANDIDATOS PARA O CARGO DE GESTOR ESCOLAR DAS ESCOLAS MUNICIPAIS DE ABEL FIGUEIREDO - PAR\u00c1 - Prefeitura Municipal de Abel Figueiredo | Gest\u00e3o 2025-2028","og_description":"EDITAL N\u00ba 001-SEMED &#8211; 2025 GABARITO resultado preliminar prova objetiva Portaria da Comiss\u00e3o atualizada Edital n\u00ba 003 Edital n\u00ba 004 Normativa SEMED &#8211; 2025","og_url":"https:\/\/abelfigueiredo.pa.gov.br\/site\/processo-para-selecao-de-candidatos-para-o-cargo-de-gestor-escolar-das-escolas-municipais-de-abel-figueiredo-para\/","og_site_name":"Prefeitura Municipal de Abel Figueiredo | Gest\u00e3o 2025-2028","article_published_time":"2025-09-19T19:43:27+00:00","article_modified_time":"2025-12-18T15:56:29+00:00","og_image":[{"width":1024,"height":768,"url":"https:\/\/abelfigueiredo.pa.gov.br\/site\/wp-content\/uploads\/2025\/05\/sem-imagem.jpg","type":"image\/jpeg"}],"author":"CR2","twitter_misc":{"Escrito por":"CR2"},"schema":{"@context":"https:\/\/schema.org","@graph":[{"@type":"WebPage","@id":"https:\/\/abelfigueiredo.pa.gov.br\/site\/processo-para-selecao-de-candidatos-para-o-cargo-de-gestor-escolar-das-escolas-municipais-de-abel-figueiredo-para\/","url":"https:\/\/abelfigueiredo.pa.gov.br\/site\/processo-para-selecao-de-candidatos-para-o-cargo-de-gestor-escolar-das-escolas-municipais-de-abel-figueiredo-para\/","name":"PROCESSO PARA SELE\u00c7\u00c3O DE CANDIDATOS PARA O CARGO DE GESTOR ESCOLAR DAS ESCOLAS MUNICIPAIS DE ABEL FIGUEIREDO - PAR\u00c1 - Prefeitura Municipal de Abel Figueiredo | Gest\u00e3o 2025-2028","isPartOf":{"@id":"https:\/\/abelfigueiredo.pa.gov.br\/site\/#website"},"primaryImageOfPage":{"@id":"https:\/\/abelfigueiredo.pa.gov.br\/site\/processo-para-selecao-de-candidatos-para-o-cargo-de-gestor-escolar-das-escolas-municipais-de-abel-figueiredo-para\/#primaryimage"},"image":{"@id":"https:\/\/abelfigueiredo.pa.gov.br\/site\/processo-para-selecao-de-candidatos-para-o-cargo-de-gestor-escolar-das-escolas-municipais-de-abel-figueiredo-para\/#primaryimage"},"thumbnailUrl":"https:\/\/abelfigueiredo.pa.gov.br\/site\/wp-content\/uploads\/2025\/05\/sem-imagem.jpg","datePublished":"2025-09-19T19:43:27+00:00","dateModified":"2025-12-18T15:56:29+00:00","author":{"@id":"https:\/\/abelfigueiredo.pa.gov.br\/site\/#\/schema\/person\/cd339873ac029367c3231ceff74255e2"},"inLanguage":"pt-BR","potentialAction":[{"@type":"ReadAction","target":["https:\/\/abelfigueiredo.pa.gov.br\/site\/processo-para-selecao-de-candidatos-para-o-cargo-de-gestor-escolar-das-escolas-municipais-de-abel-figueiredo-para\/"]}]},{"@type":"ImageObject","inLanguage":"pt-BR","@id":"https:\/\/abelfigueiredo.pa.gov.br\/site\/processo-para-selecao-de-candidatos-para-o-cargo-de-gestor-escolar-das-escolas-municipais-de-abel-figueiredo-para\/#primaryimage","url":"https:\/\/abelfigueiredo.pa.gov.br\/site\/wp-content\/uploads\/2025\/05\/sem-imagem.jpg","contentUrl":"https:\/\/abelfigueiredo.pa.gov.br\/site\/wp-content\/uploads\/2025\/05\/sem-imagem.jpg","width":1024,"height":768},{"@type":"WebSite","@id":"https:\/\/abelfigueiredo.pa.gov.br\/site\/#website","url":"https:\/\/abelfigueiredo.pa.gov.br\/site\/","name":"Prefeitura Municipal de Abel Figueiredo | Gest\u00e3o 2025-2028","description":"Site oficial da Prefeitura Municipal de Abel Figueiredo","potentialAction":[{"@type":"SearchAction","target":{"@type":"EntryPoint","urlTemplate":"https:\/\/abelfigueiredo.pa.gov.br\/site\/?s={search_term_string}"},"query-input":{"@type":"PropertyValueSpecification","valueRequired":true,"valueName":"search_term_string"}}],"inLanguage":"pt-BR"},{"@type":"Person","@id":"https:\/\/abelfigueiredo.pa.gov.br\/site\/#\/schema\/person\/cd339873ac029367c3231ceff74255e2","name":"CR2","image":{"@type":"ImageObject","inLanguage":"pt-BR","@id":"https:\/\/abelfigueiredo.pa.gov.br\/site\/#\/schema\/person\/image\/","url":"https:\/\/secure.gravatar.com\/avatar\/10abeee85fe3535c186151596ff19e8203d3ce50cd496637349b0394b06377b7?s=96&d=mm&r=g","contentUrl":"https:\/\/secure.gravatar.com\/avatar\/10abeee85fe3535c186151596ff19e8203d3ce50cd496637349b0394b06377b7?s=96&d=mm&r=g","caption":"CR2"},"url":"https:\/\/abelfigueiredo.pa.gov.br\/site\/author\/admin\/"}]}},"_links":{"self":[{"href":"https:\/\/abelfigueiredo.pa.gov.br\/site\/wp-json\/wp\/v2\/posts\/19606","targetHints":{"allow":["GET"]}}],"collection":[{"href":"https:\/\/abelfigueiredo.pa.gov.br\/site\/wp-json\/wp\/v2\/posts"}],"about":[{"href":"https:\/\/abelfigueiredo.pa.gov.br\/site\/wp-json\/wp\/v2\/types\/post"}],"author":[{"embeddable":true,"href":"https:\/\/abelfigueiredo.pa.gov.br\/site\/wp-json\/wp\/v2\/users\/1"}],"replies":[{"embeddable":true,"href":"https:\/\/abelfigueiredo.pa.gov.br\/site\/wp-json\/wp\/v2\/comments?post=19606"}],"version-history":[{"count":5,"href":"https:\/\/abelfigueiredo.pa.gov.br\/site\/wp-json\/wp\/v2\/posts\/19606\/revisions"}],"predecessor-version":[{"id":19730,"href":"https:\/\/abelfigueiredo.pa.gov.br\/site\/wp-json\/wp\/v2\/posts\/19606\/revisions\/19730"}],"wp:featuredmedia":[{"embeddable":true,"href":"https:\/\/abelfigueiredo.pa.gov.br\/site\/wp-json\/wp\/v2\/media\/19357"}],"wp:attachment":[{"href":"https:\/\/abelfigueiredo.pa.gov.br\/site\/wp-json\/wp\/v2\/media?parent=19606"}],"wp:term":[{"taxonomy":"category","embeddable":true,"href":"https:\/\/abelfigueiredo.pa.gov.br\/site\/wp-json\/wp\/v2\/categories?post=19606"},{"taxonomy":"post_tag","embeddable":true,"href":"https:\/\/abelfigueiredo.pa.gov.br\/site\/wp-json\/wp\/v2\/tags?post=19606"}],"curies":[{"name":"wp","href":"https:\/\/api.w.org\/{rel}","templated":true}]}}