{"id":19569,"date":"2025-09-04T08:40:37","date_gmt":"2025-09-04T11:40:37","guid":{"rendered":"https:\/\/abelfigueiredo.pa.gov.br\/site\/?p=19569"},"modified":"2025-09-04T09:05:11","modified_gmt":"2025-09-04T12:05:11","slug":"consulta-com-o-dr-aston-chaves-urologista","status":"publish","type":"post","link":"https:\/\/abelfigueiredo.pa.gov.br\/site\/consulta-com-o-dr-aston-chaves-urologista\/","title":{"rendered":"Consulta com o Dr. Aston Chaves, Urologista."},"content":{"rendered":"<p>Nesta quinta-feira, 4 de setembro, o CIG \u2013 Centro Integrado de Governo recebeu mais uma consulta com o Dr. Aston Chaves, urologista.<br \/>\nUma a\u00e7\u00e3o realizada pela Prefeitura Municipal de Abel Figueiredo, por meio da Secretaria de Sa\u00fade.<\/p>\n<p><a href=\"https:\/\/abelfigueiredo.pa.gov.br\/site\/wp-content\/uploads\/2025\/09\/WhatsApp-Image-2025-09-04-at-08.07.38-1.jpeg\"><img loading=\"lazy\" decoding=\"async\" class=\"alignnone size-medium wp-image-19570\" src=\"https:\/\/abelfigueiredo.pa.gov.br\/site\/wp-content\/uploads\/2025\/09\/WhatsApp-Image-2025-09-04-at-08.07.38-1-300x225.jpeg\" alt=\"\" width=\"300\" height=\"225\" srcset=\"https:\/\/abelfigueiredo.pa.gov.br\/site\/wp-content\/uploads\/2025\/09\/WhatsApp-Image-2025-09-04-at-08.07.38-1-300x225.jpeg 300w, https:\/\/abelfigueiredo.pa.gov.br\/site\/wp-content\/uploads\/2025\/09\/WhatsApp-Image-2025-09-04-at-08.07.38-1-1024x768.jpeg 1024w, https:\/\/abelfigueiredo.pa.gov.br\/site\/wp-content\/uploads\/2025\/09\/WhatsApp-Image-2025-09-04-at-08.07.38-1-768x576.jpeg 768w, https:\/\/abelfigueiredo.pa.gov.br\/site\/wp-content\/uploads\/2025\/09\/WhatsApp-Image-2025-09-04-at-08.07.38-1-1536x1152.jpeg 1536w, https:\/\/abelfigueiredo.pa.gov.br\/site\/wp-content\/uploads\/2025\/09\/WhatsApp-Image-2025-09-04-at-08.07.38-1.jpeg 1600w\" sizes=\"auto, (max-width: 300px) 100vw, 300px\" \/><\/a> <a href=\"https:\/\/abelfigueiredo.pa.gov.br\/site\/wp-content\/uploads\/2025\/09\/WhatsApp-Image-2025-09-04-at-08.07.38.jpeg\"><img loading=\"lazy\" decoding=\"async\" class=\"alignnone size-medium wp-image-19571\" src=\"https:\/\/abelfigueiredo.pa.gov.br\/site\/wp-content\/uploads\/2025\/09\/WhatsApp-Image-2025-09-04-at-08.07.38-300x225.jpeg\" alt=\"\" width=\"300\" height=\"225\" srcset=\"https:\/\/abelfigueiredo.pa.gov.br\/site\/wp-content\/uploads\/2025\/09\/WhatsApp-Image-2025-09-04-at-08.07.38-300x225.jpeg 300w, https:\/\/abelfigueiredo.pa.gov.br\/site\/wp-content\/uploads\/2025\/09\/WhatsApp-Image-2025-09-04-at-08.07.38-1024x768.jpeg 1024w, https:\/\/abelfigueiredo.pa.gov.br\/site\/wp-content\/uploads\/2025\/09\/WhatsApp-Image-2025-09-04-at-08.07.38-768x576.jpeg 768w, https:\/\/abelfigueiredo.pa.gov.br\/site\/wp-content\/uploads\/2025\/09\/WhatsApp-Image-2025-09-04-at-08.07.38-1536x1152.jpeg 1536w, https:\/\/abelfigueiredo.pa.gov.br\/site\/wp-content\/uploads\/2025\/09\/WhatsApp-Image-2025-09-04-at-08.07.38.jpeg 1600w\" sizes=\"auto, (max-width: 300px) 100vw, 300px\" \/><\/a> <a href=\"https:\/\/abelfigueiredo.pa.gov.br\/site\/wp-content\/uploads\/2025\/09\/WhatsApp-Image-2025-09-04-at-08.07.37-2.jpeg\"><img loading=\"lazy\" decoding=\"async\" class=\"alignnone size-medium wp-image-19572\" src=\"https:\/\/abelfigueiredo.pa.gov.br\/site\/wp-content\/uploads\/2025\/09\/WhatsApp-Image-2025-09-04-at-08.07.37-2-300x225.jpeg\" alt=\"\" width=\"300\" height=\"225\" srcset=\"https:\/\/abelfigueiredo.pa.gov.br\/site\/wp-content\/uploads\/2025\/09\/WhatsApp-Image-2025-09-04-at-08.07.37-2-300x225.jpeg 300w, https:\/\/abelfigueiredo.pa.gov.br\/site\/wp-content\/uploads\/2025\/09\/WhatsApp-Image-2025-09-04-at-08.07.37-2-1024x768.jpeg 1024w, https:\/\/abelfigueiredo.pa.gov.br\/site\/wp-content\/uploads\/2025\/09\/WhatsApp-Image-2025-09-04-at-08.07.37-2-768x576.jpeg 768w, https:\/\/abelfigueiredo.pa.gov.br\/site\/wp-content\/uploads\/2025\/09\/WhatsApp-Image-2025-09-04-at-08.07.37-2-1536x1152.jpeg 1536w, https:\/\/abelfigueiredo.pa.gov.br\/site\/wp-content\/uploads\/2025\/09\/WhatsApp-Image-2025-09-04-at-08.07.37-2.jpeg 1600w\" sizes=\"auto, (max-width: 300px) 100vw, 300px\" \/><\/a> <a href=\"https:\/\/abelfigueiredo.pa.gov.br\/site\/wp-content\/uploads\/2025\/09\/WhatsApp-Image-2025-09-04-at-08.07.37-1.jpeg\"><img loading=\"lazy\" decoding=\"async\" class=\"alignnone size-medium wp-image-19573\" src=\"https:\/\/abelfigueiredo.pa.gov.br\/site\/wp-content\/uploads\/2025\/09\/WhatsApp-Image-2025-09-04-at-08.07.37-1-225x300.jpeg\" alt=\"\" width=\"225\" height=\"300\" srcset=\"https:\/\/abelfigueiredo.pa.gov.br\/site\/wp-content\/uploads\/2025\/09\/WhatsApp-Image-2025-09-04-at-08.07.37-1-225x300.jpeg 225w, https:\/\/abelfigueiredo.pa.gov.br\/site\/wp-content\/uploads\/2025\/09\/WhatsApp-Image-2025-09-04-at-08.07.37-1-768x1024.jpeg 768w, https:\/\/abelfigueiredo.pa.gov.br\/site\/wp-content\/uploads\/2025\/09\/WhatsApp-Image-2025-09-04-at-08.07.37-1-1152x1536.jpeg 1152w, https:\/\/abelfigueiredo.pa.gov.br\/site\/wp-content\/uploads\/2025\/09\/WhatsApp-Image-2025-09-04-at-08.07.37-1.jpeg 1200w\" sizes=\"auto, (max-width: 225px) 100vw, 225px\" \/><\/a> <a href=\"https:\/\/abelfigueiredo.pa.gov.br\/site\/wp-content\/uploads\/2025\/09\/WhatsApp-Image-2025-09-04-at-08.07.37.jpeg\"><img loading=\"lazy\" decoding=\"async\" class=\"alignnone size-medium wp-image-19574\" src=\"https:\/\/abelfigueiredo.pa.gov.br\/site\/wp-content\/uploads\/2025\/09\/WhatsApp-Image-2025-09-04-at-08.07.37-225x300.jpeg\" alt=\"\" width=\"225\" height=\"300\" srcset=\"https:\/\/abelfigueiredo.pa.gov.br\/site\/wp-content\/uploads\/2025\/09\/WhatsApp-Image-2025-09-04-at-08.07.37-225x300.jpeg 225w, https:\/\/abelfigueiredo.pa.gov.br\/site\/wp-content\/uploads\/2025\/09\/WhatsApp-Image-2025-09-04-at-08.07.37-768x1024.jpeg 768w, https:\/\/abelfigueiredo.pa.gov.br\/site\/wp-content\/uploads\/2025\/09\/WhatsApp-Image-2025-09-04-at-08.07.37-1152x1536.jpeg 1152w, https:\/\/abelfigueiredo.pa.gov.br\/site\/wp-content\/uploads\/2025\/09\/WhatsApp-Image-2025-09-04-at-08.07.37.jpeg 1200w\" sizes=\"auto, (max-width: 225px) 100vw, 225px\" \/><\/a> <a href=\"https:\/\/abelfigueiredo.pa.gov.br\/site\/wp-content\/uploads\/2025\/09\/WhatsApp-Image-2025-09-04-at-08.07.36.jpeg\"><img loading=\"lazy\" decoding=\"async\" class=\"alignnone size-medium wp-image-19575\" src=\"https:\/\/abelfigueiredo.pa.gov.br\/site\/wp-content\/uploads\/2025\/09\/WhatsApp-Image-2025-09-04-at-08.07.36-300x225.jpeg\" alt=\"\" width=\"300\" height=\"225\" srcset=\"https:\/\/abelfigueiredo.pa.gov.br\/site\/wp-content\/uploads\/2025\/09\/WhatsApp-Image-2025-09-04-at-08.07.36-300x225.jpeg 300w, https:\/\/abelfigueiredo.pa.gov.br\/site\/wp-content\/uploads\/2025\/09\/WhatsApp-Image-2025-09-04-at-08.07.36-1024x768.jpeg 1024w, https:\/\/abelfigueiredo.pa.gov.br\/site\/wp-content\/uploads\/2025\/09\/WhatsApp-Image-2025-09-04-at-08.07.36-768x576.jpeg 768w, https:\/\/abelfigueiredo.pa.gov.br\/site\/wp-content\/uploads\/2025\/09\/WhatsApp-Image-2025-09-04-at-08.07.36-1536x1152.jpeg 1536w, https:\/\/abelfigueiredo.pa.gov.br\/site\/wp-content\/uploads\/2025\/09\/WhatsApp-Image-2025-09-04-at-08.07.36.jpeg 1600w\" sizes=\"auto, (max-width: 300px) 100vw, 300px\" \/><\/a><\/p>\n","protected":false},"excerpt":{"rendered":"<p>Nesta quinta-feira, 4 de setembro, o CIG \u2013 Centro Integrado de Governo recebeu mais uma consulta com o Dr. Aston Chaves, urologista. Uma a\u00e7\u00e3o realizada pela Prefeitura Municipal de Abel Figueiredo, por meio da Secretaria de Sa\u00fade.<\/p>\n","protected":false},"author":40,"featured_media":19572,"comment_status":"closed","ping_status":"closed","sticky":false,"template":"","format":"standard","meta":{"footnotes":""},"categories":[1],"tags":[],"class_list":{"0":"post-19569","1":"post","2":"type-post","3":"status-publish","4":"format-standard","5":"has-post-thumbnail","7":"category-noticias"},"yoast_head":"<!-- This site is optimized with the Yoast SEO plugin v26.6 - https:\/\/yoast.com\/wordpress\/plugins\/seo\/ -->\n<title>Consulta com o Dr. Aston Chaves, Urologista. - Prefeitura Municipal de Abel Figueiredo | Gest\u00e3o 2025-2028<\/title>\n<meta name=\"robots\" content=\"index, follow, max-snippet:-1, max-image-preview:large, max-video-preview:-1\" \/>\n<link rel=\"canonical\" href=\"https:\/\/abelfigueiredo.pa.gov.br\/site\/consulta-com-o-dr-aston-chaves-urologista\/\" \/>\n<meta property=\"og:locale\" content=\"pt_BR\" \/>\n<meta property=\"og:type\" content=\"article\" \/>\n<meta property=\"og:title\" content=\"Consulta com o Dr. Aston Chaves, Urologista. - Prefeitura Municipal de Abel Figueiredo | Gest\u00e3o 2025-2028\" \/>\n<meta property=\"og:description\" content=\"Nesta quinta-feira, 4 de setembro, o CIG \u2013 Centro Integrado de Governo recebeu mais uma consulta com o Dr. Aston Chaves, urologista. Uma a\u00e7\u00e3o realizada pela Prefeitura Municipal de Abel Figueiredo, por meio da Secretaria de Sa\u00fade.\" \/>\n<meta property=\"og:url\" content=\"https:\/\/abelfigueiredo.pa.gov.br\/site\/consulta-com-o-dr-aston-chaves-urologista\/\" \/>\n<meta property=\"og:site_name\" content=\"Prefeitura Municipal de Abel Figueiredo | Gest\u00e3o 2025-2028\" \/>\n<meta property=\"article:published_time\" content=\"2025-09-04T11:40:37+00:00\" \/>\n<meta property=\"article:modified_time\" content=\"2025-09-04T12:05:11+00:00\" \/>\n<meta property=\"og:image\" content=\"https:\/\/abelfigueiredo.pa.gov.br\/site\/wp-content\/uploads\/2025\/09\/WhatsApp-Image-2025-09-04-at-08.07.37-2.jpeg\" \/>\n\t<meta property=\"og:image:width\" content=\"1600\" \/>\n\t<meta property=\"og:image:height\" content=\"1200\" \/>\n\t<meta property=\"og:image:type\" content=\"image\/jpeg\" \/>\n<meta name=\"author\" content=\"ASCOM\" \/>\n<meta name=\"twitter:label1\" content=\"Escrito por\" \/>\n\t<meta name=\"twitter:data1\" content=\"ASCOM\" \/>\n<script type=\"application\/ld+json\" class=\"yoast-schema-graph\">{\"@context\":\"https:\/\/schema.org\",\"@graph\":[{\"@type\":\"WebPage\",\"@id\":\"https:\/\/abelfigueiredo.pa.gov.br\/site\/consulta-com-o-dr-aston-chaves-urologista\/\",\"url\":\"https:\/\/abelfigueiredo.pa.gov.br\/site\/consulta-com-o-dr-aston-chaves-urologista\/\",\"name\":\"Consulta com o Dr. Aston Chaves, Urologista. - Prefeitura Municipal de Abel Figueiredo | Gest\u00e3o 2025-2028\",\"isPartOf\":{\"@id\":\"https:\/\/abelfigueiredo.pa.gov.br\/site\/#website\"},\"primaryImageOfPage\":{\"@id\":\"https:\/\/abelfigueiredo.pa.gov.br\/site\/consulta-com-o-dr-aston-chaves-urologista\/#primaryimage\"},\"image\":{\"@id\":\"https:\/\/abelfigueiredo.pa.gov.br\/site\/consulta-com-o-dr-aston-chaves-urologista\/#primaryimage\"},\"thumbnailUrl\":\"https:\/\/abelfigueiredo.pa.gov.br\/site\/wp-content\/uploads\/2025\/09\/WhatsApp-Image-2025-09-04-at-08.07.37-2.jpeg\",\"datePublished\":\"2025-09-04T11:40:37+00:00\",\"dateModified\":\"2025-09-04T12:05:11+00:00\",\"author\":{\"@id\":\"https:\/\/abelfigueiredo.pa.gov.br\/site\/#\/schema\/person\/b7030c2e32bccfa38e6086b1ab3be678\"},\"inLanguage\":\"pt-BR\",\"potentialAction\":[{\"@type\":\"ReadAction\",\"target\":[\"https:\/\/abelfigueiredo.pa.gov.br\/site\/consulta-com-o-dr-aston-chaves-urologista\/\"]}]},{\"@type\":\"ImageObject\",\"inLanguage\":\"pt-BR\",\"@id\":\"https:\/\/abelfigueiredo.pa.gov.br\/site\/consulta-com-o-dr-aston-chaves-urologista\/#primaryimage\",\"url\":\"https:\/\/abelfigueiredo.pa.gov.br\/site\/wp-content\/uploads\/2025\/09\/WhatsApp-Image-2025-09-04-at-08.07.37-2.jpeg\",\"contentUrl\":\"https:\/\/abelfigueiredo.pa.gov.br\/site\/wp-content\/uploads\/2025\/09\/WhatsApp-Image-2025-09-04-at-08.07.37-2.jpeg\",\"width\":1600,\"height\":1200},{\"@type\":\"WebSite\",\"@id\":\"https:\/\/abelfigueiredo.pa.gov.br\/site\/#website\",\"url\":\"https:\/\/abelfigueiredo.pa.gov.br\/site\/\",\"name\":\"Prefeitura Municipal de Abel Figueiredo | Gest\u00e3o 2025-2028\",\"description\":\"Site oficial da Prefeitura Municipal de Abel Figueiredo\",\"potentialAction\":[{\"@type\":\"SearchAction\",\"target\":{\"@type\":\"EntryPoint\",\"urlTemplate\":\"https:\/\/abelfigueiredo.pa.gov.br\/site\/?s={search_term_string}\"},\"query-input\":{\"@type\":\"PropertyValueSpecification\",\"valueRequired\":true,\"valueName\":\"search_term_string\"}}],\"inLanguage\":\"pt-BR\"},{\"@type\":\"Person\",\"@id\":\"https:\/\/abelfigueiredo.pa.gov.br\/site\/#\/schema\/person\/b7030c2e32bccfa38e6086b1ab3be678\",\"name\":\"ASCOM\",\"image\":{\"@type\":\"ImageObject\",\"inLanguage\":\"pt-BR\",\"@id\":\"https:\/\/abelfigueiredo.pa.gov.br\/site\/#\/schema\/person\/image\/\",\"url\":\"https:\/\/secure.gravatar.com\/avatar\/ee6e3a6ac5793d71ee85d0aa82a0987b97fbd6c53d55b2480f9468ae70cdea28?s=96&d=mm&r=g\",\"contentUrl\":\"https:\/\/secure.gravatar.com\/avatar\/ee6e3a6ac5793d71ee85d0aa82a0987b97fbd6c53d55b2480f9468ae70cdea28?s=96&d=mm&r=g\",\"caption\":\"ASCOM\"},\"url\":\"https:\/\/abelfigueiredo.pa.gov.br\/site\/author\/ilhaproducoes\/\"}]}<\/script>\n<!-- \/ Yoast SEO plugin. -->","yoast_head_json":{"title":"Consulta com o Dr. Aston Chaves, Urologista. - Prefeitura Municipal de Abel Figueiredo | Gest\u00e3o 2025-2028","robots":{"index":"index","follow":"follow","max-snippet":"max-snippet:-1","max-image-preview":"max-image-preview:large","max-video-preview":"max-video-preview:-1"},"canonical":"https:\/\/abelfigueiredo.pa.gov.br\/site\/consulta-com-o-dr-aston-chaves-urologista\/","og_locale":"pt_BR","og_type":"article","og_title":"Consulta com o Dr. Aston Chaves, Urologista. - Prefeitura Municipal de Abel Figueiredo | Gest\u00e3o 2025-2028","og_description":"Nesta quinta-feira, 4 de setembro, o CIG \u2013 Centro Integrado de Governo recebeu mais uma consulta com o Dr. Aston Chaves, urologista. Uma a\u00e7\u00e3o realizada pela Prefeitura Municipal de Abel Figueiredo, por meio da Secretaria de Sa\u00fade.","og_url":"https:\/\/abelfigueiredo.pa.gov.br\/site\/consulta-com-o-dr-aston-chaves-urologista\/","og_site_name":"Prefeitura Municipal de Abel Figueiredo | Gest\u00e3o 2025-2028","article_published_time":"2025-09-04T11:40:37+00:00","article_modified_time":"2025-09-04T12:05:11+00:00","og_image":[{"width":1600,"height":1200,"url":"https:\/\/abelfigueiredo.pa.gov.br\/site\/wp-content\/uploads\/2025\/09\/WhatsApp-Image-2025-09-04-at-08.07.37-2.jpeg","type":"image\/jpeg"}],"author":"ASCOM","twitter_misc":{"Escrito por":"ASCOM"},"schema":{"@context":"https:\/\/schema.org","@graph":[{"@type":"WebPage","@id":"https:\/\/abelfigueiredo.pa.gov.br\/site\/consulta-com-o-dr-aston-chaves-urologista\/","url":"https:\/\/abelfigueiredo.pa.gov.br\/site\/consulta-com-o-dr-aston-chaves-urologista\/","name":"Consulta com o Dr. Aston Chaves, Urologista. - Prefeitura Municipal de Abel Figueiredo | Gest\u00e3o 2025-2028","isPartOf":{"@id":"https:\/\/abelfigueiredo.pa.gov.br\/site\/#website"},"primaryImageOfPage":{"@id":"https:\/\/abelfigueiredo.pa.gov.br\/site\/consulta-com-o-dr-aston-chaves-urologista\/#primaryimage"},"image":{"@id":"https:\/\/abelfigueiredo.pa.gov.br\/site\/consulta-com-o-dr-aston-chaves-urologista\/#primaryimage"},"thumbnailUrl":"https:\/\/abelfigueiredo.pa.gov.br\/site\/wp-content\/uploads\/2025\/09\/WhatsApp-Image-2025-09-04-at-08.07.37-2.jpeg","datePublished":"2025-09-04T11:40:37+00:00","dateModified":"2025-09-04T12:05:11+00:00","author":{"@id":"https:\/\/abelfigueiredo.pa.gov.br\/site\/#\/schema\/person\/b7030c2e32bccfa38e6086b1ab3be678"},"inLanguage":"pt-BR","potentialAction":[{"@type":"ReadAction","target":["https:\/\/abelfigueiredo.pa.gov.br\/site\/consulta-com-o-dr-aston-chaves-urologista\/"]}]},{"@type":"ImageObject","inLanguage":"pt-BR","@id":"https:\/\/abelfigueiredo.pa.gov.br\/site\/consulta-com-o-dr-aston-chaves-urologista\/#primaryimage","url":"https:\/\/abelfigueiredo.pa.gov.br\/site\/wp-content\/uploads\/2025\/09\/WhatsApp-Image-2025-09-04-at-08.07.37-2.jpeg","contentUrl":"https:\/\/abelfigueiredo.pa.gov.br\/site\/wp-content\/uploads\/2025\/09\/WhatsApp-Image-2025-09-04-at-08.07.37-2.jpeg","width":1600,"height":1200},{"@type":"WebSite","@id":"https:\/\/abelfigueiredo.pa.gov.br\/site\/#website","url":"https:\/\/abelfigueiredo.pa.gov.br\/site\/","name":"Prefeitura Municipal de Abel Figueiredo | Gest\u00e3o 2025-2028","description":"Site oficial da Prefeitura Municipal de Abel Figueiredo","potentialAction":[{"@type":"SearchAction","target":{"@type":"EntryPoint","urlTemplate":"https:\/\/abelfigueiredo.pa.gov.br\/site\/?s={search_term_string}"},"query-input":{"@type":"PropertyValueSpecification","valueRequired":true,"valueName":"search_term_string"}}],"inLanguage":"pt-BR"},{"@type":"Person","@id":"https:\/\/abelfigueiredo.pa.gov.br\/site\/#\/schema\/person\/b7030c2e32bccfa38e6086b1ab3be678","name":"ASCOM","image":{"@type":"ImageObject","inLanguage":"pt-BR","@id":"https:\/\/abelfigueiredo.pa.gov.br\/site\/#\/schema\/person\/image\/","url":"https:\/\/secure.gravatar.com\/avatar\/ee6e3a6ac5793d71ee85d0aa82a0987b97fbd6c53d55b2480f9468ae70cdea28?s=96&d=mm&r=g","contentUrl":"https:\/\/secure.gravatar.com\/avatar\/ee6e3a6ac5793d71ee85d0aa82a0987b97fbd6c53d55b2480f9468ae70cdea28?s=96&d=mm&r=g","caption":"ASCOM"},"url":"https:\/\/abelfigueiredo.pa.gov.br\/site\/author\/ilhaproducoes\/"}]}},"_links":{"self":[{"href":"https:\/\/abelfigueiredo.pa.gov.br\/site\/wp-json\/wp\/v2\/posts\/19569","targetHints":{"allow":["GET"]}}],"collection":[{"href":"https:\/\/abelfigueiredo.pa.gov.br\/site\/wp-json\/wp\/v2\/posts"}],"about":[{"href":"https:\/\/abelfigueiredo.pa.gov.br\/site\/wp-json\/wp\/v2\/types\/post"}],"author":[{"embeddable":true,"href":"https:\/\/abelfigueiredo.pa.gov.br\/site\/wp-json\/wp\/v2\/users\/40"}],"replies":[{"embeddable":true,"href":"https:\/\/abelfigueiredo.pa.gov.br\/site\/wp-json\/wp\/v2\/comments?post=19569"}],"version-history":[{"count":4,"href":"https:\/\/abelfigueiredo.pa.gov.br\/site\/wp-json\/wp\/v2\/posts\/19569\/revisions"}],"predecessor-version":[{"id":19585,"href":"https:\/\/abelfigueiredo.pa.gov.br\/site\/wp-json\/wp\/v2\/posts\/19569\/revisions\/19585"}],"wp:featuredmedia":[{"embeddable":true,"href":"https:\/\/abelfigueiredo.pa.gov.br\/site\/wp-json\/wp\/v2\/media\/19572"}],"wp:attachment":[{"href":"https:\/\/abelfigueiredo.pa.gov.br\/site\/wp-json\/wp\/v2\/media?parent=19569"}],"wp:term":[{"taxonomy":"category","embeddable":true,"href":"https:\/\/abelfigueiredo.pa.gov.br\/site\/wp-json\/wp\/v2\/categories?post=19569"},{"taxonomy":"post_tag","embeddable":true,"href":"https:\/\/abelfigueiredo.pa.gov.br\/site\/wp-json\/wp\/v2\/tags?post=19569"}],"curies":[{"name":"wp","href":"https:\/\/api.w.org\/{rel}","templated":true}]}}