{"id":19564,"date":"2025-09-02T16:31:21","date_gmt":"2025-09-02T19:31:21","guid":{"rendered":"https:\/\/abelfigueiredo.pa.gov.br\/site\/?p=19564"},"modified":"2025-09-04T08:55:34","modified_gmt":"2025-09-04T11:55:34","slug":"abertura-oficial-dos-jogos-estudantis","status":"publish","type":"post","link":"https:\/\/abelfigueiredo.pa.gov.br\/site\/abertura-oficial-dos-jogos-estudantis\/","title":{"rendered":"Abertura oficial dos Jogos Estudantis"},"content":{"rendered":"<p>Abertura oficial dos Jogos Estudantis marcou o in\u00edcio da Semana da P\u00e1tria!<\/p>\n<p>Um momento de integra\u00e7\u00e3o, esporte e patriotismo, realizado em parceria pela SEMED \u2013 Secretaria de Educa\u00e7\u00e3o e pela SEMTEL \u2013 Secretaria de Esporte, Turismo e Lazer.\ud83c\udfc5\u26bd\ud83d\udcda<\/p>\n<p>A juventude \u00e9 o futuro da nossa cidade, e seguimos firmes no compromisso de apoiar e valorizar cada conquista! \ud83d\udc4f\ud83d\ude4c<\/p>\n<div style=\"width: 702px;\" class=\"wp-video\"><video class=\"wp-video-shortcode\" id=\"video-19564-1\" width=\"702\" height=\"1248\" preload=\"metadata\" controls=\"controls\"><source type=\"video\/mp4\" src=\"https:\/\/abelfigueiredo.pa.gov.br\/site\/wp-content\/uploads\/2025\/09\/WhatsApp-Video-2025-09-03-at-10.28.34-1.mp4?_=1\" \/><a href=\"https:\/\/abelfigueiredo.pa.gov.br\/site\/wp-content\/uploads\/2025\/09\/WhatsApp-Video-2025-09-03-at-10.28.34-1.mp4\">https:\/\/abelfigueiredo.pa.gov.br\/site\/wp-content\/uploads\/2025\/09\/WhatsApp-Video-2025-09-03-at-10.28.34-1.mp4<\/a><\/video><\/div>\n","protected":false},"excerpt":{"rendered":"<p>Abertura oficial dos Jogos Estudantis marcou o in\u00edcio da Semana da P\u00e1tria! Um momento de integra\u00e7\u00e3o, esporte e patriotismo, realizado em parceria pela SEMED \u2013 Secretaria de Educa\u00e7\u00e3o e pela SEMTEL \u2013 Secretaria de Esporte, Turismo e Lazer.\ud83c\udfc5\u26bd\ud83d\udcda A juventude \u00e9 o futuro da nossa cidade, e seguimos firmes no compromisso de apoiar e valorizar<\/p>\n<div class=\"read-more\"><a href=\"https:\/\/abelfigueiredo.pa.gov.br\/site\/abertura-oficial-dos-jogos-estudantis\/\" title=\"Veja mais\">Veja mais<\/a><\/div>\n","protected":false},"author":40,"featured_media":19581,"comment_status":"closed","ping_status":"closed","sticky":false,"template":"","format":"standard","meta":{"footnotes":""},"categories":[1],"tags":[],"class_list":{"0":"post-19564","1":"post","2":"type-post","3":"status-publish","4":"format-standard","5":"has-post-thumbnail","7":"category-noticias"},"yoast_head":"<!-- This site is optimized with the Yoast SEO plugin v26.6 - https:\/\/yoast.com\/wordpress\/plugins\/seo\/ -->\n<title>Abertura oficial dos Jogos Estudantis - Prefeitura Municipal de Abel Figueiredo | Gest\u00e3o 2025-2028<\/title>\n<meta name=\"robots\" content=\"index, follow, max-snippet:-1, max-image-preview:large, max-video-preview:-1\" \/>\n<link rel=\"canonical\" href=\"https:\/\/abelfigueiredo.pa.gov.br\/site\/abertura-oficial-dos-jogos-estudantis\/\" \/>\n<meta property=\"og:locale\" content=\"pt_BR\" \/>\n<meta property=\"og:type\" content=\"article\" \/>\n<meta property=\"og:title\" content=\"Abertura oficial dos Jogos Estudantis - Prefeitura Municipal de Abel Figueiredo | Gest\u00e3o 2025-2028\" \/>\n<meta property=\"og:description\" content=\"Abertura oficial dos Jogos Estudantis marcou o in\u00edcio da Semana da P\u00e1tria! Um momento de integra\u00e7\u00e3o, esporte e patriotismo, realizado em parceria pela SEMED \u2013 Secretaria de Educa\u00e7\u00e3o e pela SEMTEL \u2013 Secretaria de Esporte, Turismo e Lazer.\ud83c\udfc5\u26bd\ud83d\udcda A juventude \u00e9 o futuro da nossa cidade, e seguimos firmes no compromisso de apoiar e valorizarVeja mais\" \/>\n<meta property=\"og:url\" content=\"https:\/\/abelfigueiredo.pa.gov.br\/site\/abertura-oficial-dos-jogos-estudantis\/\" \/>\n<meta property=\"og:site_name\" content=\"Prefeitura Municipal de Abel Figueiredo | Gest\u00e3o 2025-2028\" \/>\n<meta property=\"article:published_time\" content=\"2025-09-02T19:31:21+00:00\" \/>\n<meta property=\"article:modified_time\" content=\"2025-09-04T11:55:34+00:00\" \/>\n<meta property=\"og:image\" content=\"https:\/\/abelfigueiredo.pa.gov.br\/site\/wp-content\/uploads\/2025\/09\/IMG_1750-scaled.jpg\" \/>\n\t<meta property=\"og:image:width\" content=\"2560\" \/>\n\t<meta property=\"og:image:height\" content=\"1920\" \/>\n\t<meta property=\"og:image:type\" content=\"image\/jpeg\" \/>\n<meta name=\"author\" content=\"ASCOM\" \/>\n<meta name=\"twitter:label1\" content=\"Escrito por\" \/>\n\t<meta name=\"twitter:data1\" content=\"ASCOM\" \/>\n<script type=\"application\/ld+json\" class=\"yoast-schema-graph\">{\"@context\":\"https:\/\/schema.org\",\"@graph\":[{\"@type\":\"WebPage\",\"@id\":\"https:\/\/abelfigueiredo.pa.gov.br\/site\/abertura-oficial-dos-jogos-estudantis\/\",\"url\":\"https:\/\/abelfigueiredo.pa.gov.br\/site\/abertura-oficial-dos-jogos-estudantis\/\",\"name\":\"Abertura oficial dos Jogos Estudantis - Prefeitura Municipal de Abel Figueiredo | Gest\u00e3o 2025-2028\",\"isPartOf\":{\"@id\":\"https:\/\/abelfigueiredo.pa.gov.br\/site\/#website\"},\"primaryImageOfPage\":{\"@id\":\"https:\/\/abelfigueiredo.pa.gov.br\/site\/abertura-oficial-dos-jogos-estudantis\/#primaryimage\"},\"image\":{\"@id\":\"https:\/\/abelfigueiredo.pa.gov.br\/site\/abertura-oficial-dos-jogos-estudantis\/#primaryimage\"},\"thumbnailUrl\":\"https:\/\/abelfigueiredo.pa.gov.br\/site\/wp-content\/uploads\/2025\/09\/IMG_1750-scaled.jpg\",\"datePublished\":\"2025-09-02T19:31:21+00:00\",\"dateModified\":\"2025-09-04T11:55:34+00:00\",\"author\":{\"@id\":\"https:\/\/abelfigueiredo.pa.gov.br\/site\/#\/schema\/person\/b7030c2e32bccfa38e6086b1ab3be678\"},\"inLanguage\":\"pt-BR\",\"potentialAction\":[{\"@type\":\"ReadAction\",\"target\":[\"https:\/\/abelfigueiredo.pa.gov.br\/site\/abertura-oficial-dos-jogos-estudantis\/\"]}]},{\"@type\":\"ImageObject\",\"inLanguage\":\"pt-BR\",\"@id\":\"https:\/\/abelfigueiredo.pa.gov.br\/site\/abertura-oficial-dos-jogos-estudantis\/#primaryimage\",\"url\":\"https:\/\/abelfigueiredo.pa.gov.br\/site\/wp-content\/uploads\/2025\/09\/IMG_1750-scaled.jpg\",\"contentUrl\":\"https:\/\/abelfigueiredo.pa.gov.br\/site\/wp-content\/uploads\/2025\/09\/IMG_1750-scaled.jpg\",\"width\":2560,\"height\":1920},{\"@type\":\"WebSite\",\"@id\":\"https:\/\/abelfigueiredo.pa.gov.br\/site\/#website\",\"url\":\"https:\/\/abelfigueiredo.pa.gov.br\/site\/\",\"name\":\"Prefeitura Municipal de Abel Figueiredo | Gest\u00e3o 2025-2028\",\"description\":\"Site oficial da Prefeitura Municipal de Abel Figueiredo\",\"potentialAction\":[{\"@type\":\"SearchAction\",\"target\":{\"@type\":\"EntryPoint\",\"urlTemplate\":\"https:\/\/abelfigueiredo.pa.gov.br\/site\/?s={search_term_string}\"},\"query-input\":{\"@type\":\"PropertyValueSpecification\",\"valueRequired\":true,\"valueName\":\"search_term_string\"}}],\"inLanguage\":\"pt-BR\"},{\"@type\":\"Person\",\"@id\":\"https:\/\/abelfigueiredo.pa.gov.br\/site\/#\/schema\/person\/b7030c2e32bccfa38e6086b1ab3be678\",\"name\":\"ASCOM\",\"image\":{\"@type\":\"ImageObject\",\"inLanguage\":\"pt-BR\",\"@id\":\"https:\/\/abelfigueiredo.pa.gov.br\/site\/#\/schema\/person\/image\/\",\"url\":\"https:\/\/secure.gravatar.com\/avatar\/ee6e3a6ac5793d71ee85d0aa82a0987b97fbd6c53d55b2480f9468ae70cdea28?s=96&d=mm&r=g\",\"contentUrl\":\"https:\/\/secure.gravatar.com\/avatar\/ee6e3a6ac5793d71ee85d0aa82a0987b97fbd6c53d55b2480f9468ae70cdea28?s=96&d=mm&r=g\",\"caption\":\"ASCOM\"},\"url\":\"https:\/\/abelfigueiredo.pa.gov.br\/site\/author\/ilhaproducoes\/\"}]}<\/script>\n<!-- \/ Yoast SEO plugin. -->","yoast_head_json":{"title":"Abertura oficial dos Jogos Estudantis - Prefeitura Municipal de Abel Figueiredo | Gest\u00e3o 2025-2028","robots":{"index":"index","follow":"follow","max-snippet":"max-snippet:-1","max-image-preview":"max-image-preview:large","max-video-preview":"max-video-preview:-1"},"canonical":"https:\/\/abelfigueiredo.pa.gov.br\/site\/abertura-oficial-dos-jogos-estudantis\/","og_locale":"pt_BR","og_type":"article","og_title":"Abertura oficial dos Jogos Estudantis - Prefeitura Municipal de Abel Figueiredo | Gest\u00e3o 2025-2028","og_description":"Abertura oficial dos Jogos Estudantis marcou o in\u00edcio da Semana da P\u00e1tria! Um momento de integra\u00e7\u00e3o, esporte e patriotismo, realizado em parceria pela SEMED \u2013 Secretaria de Educa\u00e7\u00e3o e pela SEMTEL \u2013 Secretaria de Esporte, Turismo e Lazer.\ud83c\udfc5\u26bd\ud83d\udcda A juventude \u00e9 o futuro da nossa cidade, e seguimos firmes no compromisso de apoiar e valorizarVeja mais","og_url":"https:\/\/abelfigueiredo.pa.gov.br\/site\/abertura-oficial-dos-jogos-estudantis\/","og_site_name":"Prefeitura Municipal de Abel Figueiredo | Gest\u00e3o 2025-2028","article_published_time":"2025-09-02T19:31:21+00:00","article_modified_time":"2025-09-04T11:55:34+00:00","og_image":[{"width":2560,"height":1920,"url":"https:\/\/abelfigueiredo.pa.gov.br\/site\/wp-content\/uploads\/2025\/09\/IMG_1750-scaled.jpg","type":"image\/jpeg"}],"author":"ASCOM","twitter_misc":{"Escrito por":"ASCOM"},"schema":{"@context":"https:\/\/schema.org","@graph":[{"@type":"WebPage","@id":"https:\/\/abelfigueiredo.pa.gov.br\/site\/abertura-oficial-dos-jogos-estudantis\/","url":"https:\/\/abelfigueiredo.pa.gov.br\/site\/abertura-oficial-dos-jogos-estudantis\/","name":"Abertura oficial dos Jogos Estudantis - Prefeitura Municipal de Abel Figueiredo | Gest\u00e3o 2025-2028","isPartOf":{"@id":"https:\/\/abelfigueiredo.pa.gov.br\/site\/#website"},"primaryImageOfPage":{"@id":"https:\/\/abelfigueiredo.pa.gov.br\/site\/abertura-oficial-dos-jogos-estudantis\/#primaryimage"},"image":{"@id":"https:\/\/abelfigueiredo.pa.gov.br\/site\/abertura-oficial-dos-jogos-estudantis\/#primaryimage"},"thumbnailUrl":"https:\/\/abelfigueiredo.pa.gov.br\/site\/wp-content\/uploads\/2025\/09\/IMG_1750-scaled.jpg","datePublished":"2025-09-02T19:31:21+00:00","dateModified":"2025-09-04T11:55:34+00:00","author":{"@id":"https:\/\/abelfigueiredo.pa.gov.br\/site\/#\/schema\/person\/b7030c2e32bccfa38e6086b1ab3be678"},"inLanguage":"pt-BR","potentialAction":[{"@type":"ReadAction","target":["https:\/\/abelfigueiredo.pa.gov.br\/site\/abertura-oficial-dos-jogos-estudantis\/"]}]},{"@type":"ImageObject","inLanguage":"pt-BR","@id":"https:\/\/abelfigueiredo.pa.gov.br\/site\/abertura-oficial-dos-jogos-estudantis\/#primaryimage","url":"https:\/\/abelfigueiredo.pa.gov.br\/site\/wp-content\/uploads\/2025\/09\/IMG_1750-scaled.jpg","contentUrl":"https:\/\/abelfigueiredo.pa.gov.br\/site\/wp-content\/uploads\/2025\/09\/IMG_1750-scaled.jpg","width":2560,"height":1920},{"@type":"WebSite","@id":"https:\/\/abelfigueiredo.pa.gov.br\/site\/#website","url":"https:\/\/abelfigueiredo.pa.gov.br\/site\/","name":"Prefeitura Municipal de Abel Figueiredo | Gest\u00e3o 2025-2028","description":"Site oficial da Prefeitura Municipal de Abel Figueiredo","potentialAction":[{"@type":"SearchAction","target":{"@type":"EntryPoint","urlTemplate":"https:\/\/abelfigueiredo.pa.gov.br\/site\/?s={search_term_string}"},"query-input":{"@type":"PropertyValueSpecification","valueRequired":true,"valueName":"search_term_string"}}],"inLanguage":"pt-BR"},{"@type":"Person","@id":"https:\/\/abelfigueiredo.pa.gov.br\/site\/#\/schema\/person\/b7030c2e32bccfa38e6086b1ab3be678","name":"ASCOM","image":{"@type":"ImageObject","inLanguage":"pt-BR","@id":"https:\/\/abelfigueiredo.pa.gov.br\/site\/#\/schema\/person\/image\/","url":"https:\/\/secure.gravatar.com\/avatar\/ee6e3a6ac5793d71ee85d0aa82a0987b97fbd6c53d55b2480f9468ae70cdea28?s=96&d=mm&r=g","contentUrl":"https:\/\/secure.gravatar.com\/avatar\/ee6e3a6ac5793d71ee85d0aa82a0987b97fbd6c53d55b2480f9468ae70cdea28?s=96&d=mm&r=g","caption":"ASCOM"},"url":"https:\/\/abelfigueiredo.pa.gov.br\/site\/author\/ilhaproducoes\/"}]}},"_links":{"self":[{"href":"https:\/\/abelfigueiredo.pa.gov.br\/site\/wp-json\/wp\/v2\/posts\/19564","targetHints":{"allow":["GET"]}}],"collection":[{"href":"https:\/\/abelfigueiredo.pa.gov.br\/site\/wp-json\/wp\/v2\/posts"}],"about":[{"href":"https:\/\/abelfigueiredo.pa.gov.br\/site\/wp-json\/wp\/v2\/types\/post"}],"author":[{"embeddable":true,"href":"https:\/\/abelfigueiredo.pa.gov.br\/site\/wp-json\/wp\/v2\/users\/40"}],"replies":[{"embeddable":true,"href":"https:\/\/abelfigueiredo.pa.gov.br\/site\/wp-json\/wp\/v2\/comments?post=19564"}],"version-history":[{"count":1,"href":"https:\/\/abelfigueiredo.pa.gov.br\/site\/wp-json\/wp\/v2\/posts\/19564\/revisions"}],"predecessor-version":[{"id":19567,"href":"https:\/\/abelfigueiredo.pa.gov.br\/site\/wp-json\/wp\/v2\/posts\/19564\/revisions\/19567"}],"wp:featuredmedia":[{"embeddable":true,"href":"https:\/\/abelfigueiredo.pa.gov.br\/site\/wp-json\/wp\/v2\/media\/19581"}],"wp:attachment":[{"href":"https:\/\/abelfigueiredo.pa.gov.br\/site\/wp-json\/wp\/v2\/media?parent=19564"}],"wp:term":[{"taxonomy":"category","embeddable":true,"href":"https:\/\/abelfigueiredo.pa.gov.br\/site\/wp-json\/wp\/v2\/categories?post=19564"},{"taxonomy":"post_tag","embeddable":true,"href":"https:\/\/abelfigueiredo.pa.gov.br\/site\/wp-json\/wp\/v2\/tags?post=19564"}],"curies":[{"name":"wp","href":"https:\/\/api.w.org\/{rel}","templated":true}]}}