{"id":19428,"date":"2025-07-19T11:55:59","date_gmt":"2025-07-19T14:55:59","guid":{"rendered":"https:\/\/abelfigueiredo.pa.gov.br\/site\/?p=19428"},"modified":"2025-07-22T12:04:11","modified_gmt":"2025-07-22T15:04:11","slug":"neste-sabado-dia-19-07-foi-a-grande-abertura-do-19o-copao-intermunicipal-de-abel-figueiredo","status":"publish","type":"post","link":"https:\/\/abelfigueiredo.pa.gov.br\/site\/neste-sabado-dia-19-07-foi-a-grande-abertura-do-19o-copao-intermunicipal-de-abel-figueiredo\/","title":{"rendered":"Abertura do 19\u00ba Cop\u00e3o Intermunicipal agita Abel Figueiredo com jogos emocionantes e premia\u00e7\u00e3o recorde"},"content":{"rendered":"<p>Neste s\u00e1bado, 19 de julho, foi realizada a grande abertura do 19\u00ba Cop\u00e3o Intermunicipal de Abel Figueiredo, promovido pela Secretaria Municipal de Esporte, Turismo e Lazer (SEMTEL) e com realiza\u00e7\u00e3o da Prefeitura Municipal.<\/p>\n<p>A edi\u00e7\u00e3o 2025 come\u00e7ou com jogos cheios de emo\u00e7\u00e3o e a presen\u00e7a animada da torcida. O prefeito Marcone Lacerda anunciou uma premia\u00e7\u00e3o hist\u00f3rica de R$ 17 mil, sendo R$ 12 mil para o campe\u00e3o e R$ 5 mil para o vice-campe\u00e3o.<\/p>\n<p>Mais do que competi\u00e7\u00e3o, o Cop\u00e3o valoriza o esporte local, movimenta a cidade e promove integra\u00e7\u00e3o entre comunidades.<\/p>\n<p>E o melhor: isso \u00e9 s\u00f3 o come\u00e7o! Que venham os pr\u00f3ximos jogos!<\/p>\n<div style=\"width: 702px;\" class=\"wp-video\"><video class=\"wp-video-shortcode\" id=\"video-19428-1\" width=\"702\" height=\"1248\" preload=\"metadata\" controls=\"controls\"><source type=\"video\/mp4\" src=\"https:\/\/abelfigueiredo.pa.gov.br\/site\/wp-content\/uploads\/2025\/07\/WhatsApp-Video-2025-07-22-at-11.43.28.mp4?_=1\" \/><a href=\"https:\/\/abelfigueiredo.pa.gov.br\/site\/wp-content\/uploads\/2025\/07\/WhatsApp-Video-2025-07-22-at-11.43.28.mp4\">https:\/\/abelfigueiredo.pa.gov.br\/site\/wp-content\/uploads\/2025\/07\/WhatsApp-Video-2025-07-22-at-11.43.28.mp4<\/a><\/video><\/div>\n","protected":false},"excerpt":{"rendered":"<p>Neste s\u00e1bado, 19 de julho, foi realizada a grande abertura do 19\u00ba Cop\u00e3o Intermunicipal de Abel Figueiredo, promovido pela Secretaria Municipal de Esporte, Turismo e Lazer (SEMTEL) e com realiza\u00e7\u00e3o da Prefeitura Municipal. A edi\u00e7\u00e3o 2025 come\u00e7ou com jogos cheios de emo\u00e7\u00e3o e a presen\u00e7a animada da torcida. O prefeito Marcone Lacerda anunciou uma premia\u00e7\u00e3o<\/p>\n<div class=\"read-more\"><a href=\"https:\/\/abelfigueiredo.pa.gov.br\/site\/neste-sabado-dia-19-07-foi-a-grande-abertura-do-19o-copao-intermunicipal-de-abel-figueiredo\/\" title=\"Veja mais\">Veja mais<\/a><\/div>\n","protected":false},"author":40,"featured_media":19430,"comment_status":"closed","ping_status":"closed","sticky":false,"template":"","format":"standard","meta":{"footnotes":""},"categories":[1],"tags":[],"class_list":{"0":"post-19428","1":"post","2":"type-post","3":"status-publish","4":"format-standard","5":"has-post-thumbnail","7":"category-noticias"},"yoast_head":"<!-- This site is optimized with the Yoast SEO plugin v26.6 - https:\/\/yoast.com\/wordpress\/plugins\/seo\/ -->\n<title>Abertura do 19\u00ba Cop\u00e3o Intermunicipal agita Abel Figueiredo com jogos emocionantes e premia\u00e7\u00e3o recorde - Prefeitura Municipal de Abel Figueiredo | Gest\u00e3o 2025-2028<\/title>\n<meta name=\"robots\" content=\"index, follow, max-snippet:-1, max-image-preview:large, max-video-preview:-1\" \/>\n<link rel=\"canonical\" href=\"https:\/\/abelfigueiredo.pa.gov.br\/site\/neste-sabado-dia-19-07-foi-a-grande-abertura-do-19o-copao-intermunicipal-de-abel-figueiredo\/\" \/>\n<meta property=\"og:locale\" content=\"pt_BR\" \/>\n<meta property=\"og:type\" content=\"article\" \/>\n<meta property=\"og:title\" content=\"Abertura do 19\u00ba Cop\u00e3o Intermunicipal agita Abel Figueiredo com jogos emocionantes e premia\u00e7\u00e3o recorde - Prefeitura Municipal de Abel Figueiredo | Gest\u00e3o 2025-2028\" \/>\n<meta property=\"og:description\" content=\"Neste s\u00e1bado, 19 de julho, foi realizada a grande abertura do 19\u00ba Cop\u00e3o Intermunicipal de Abel Figueiredo, promovido pela Secretaria Municipal de Esporte, Turismo e Lazer (SEMTEL) e com realiza\u00e7\u00e3o da Prefeitura Municipal. A edi\u00e7\u00e3o 2025 come\u00e7ou com jogos cheios de emo\u00e7\u00e3o e a presen\u00e7a animada da torcida. O prefeito Marcone Lacerda anunciou uma premia\u00e7\u00e3oVeja mais\" \/>\n<meta property=\"og:url\" content=\"https:\/\/abelfigueiredo.pa.gov.br\/site\/neste-sabado-dia-19-07-foi-a-grande-abertura-do-19o-copao-intermunicipal-de-abel-figueiredo\/\" \/>\n<meta property=\"og:site_name\" content=\"Prefeitura Municipal de Abel Figueiredo | Gest\u00e3o 2025-2028\" \/>\n<meta property=\"article:published_time\" content=\"2025-07-19T14:55:59+00:00\" \/>\n<meta property=\"article:modified_time\" content=\"2025-07-22T15:04:11+00:00\" \/>\n<meta property=\"og:image\" content=\"https:\/\/abelfigueiredo.pa.gov.br\/site\/wp-content\/uploads\/2025\/07\/WhatsApp-Image-2025-07-22-at-11.58.14-scaled.jpeg\" \/>\n\t<meta property=\"og:image:width\" content=\"2560\" \/>\n\t<meta property=\"og:image:height\" content=\"1920\" \/>\n\t<meta property=\"og:image:type\" content=\"image\/jpeg\" \/>\n<meta name=\"author\" content=\"ASCOM\" \/>\n<meta name=\"twitter:label1\" content=\"Escrito por\" \/>\n\t<meta name=\"twitter:data1\" content=\"ASCOM\" \/>\n\t<meta name=\"twitter:label2\" content=\"Est. tempo de leitura\" \/>\n\t<meta name=\"twitter:data2\" content=\"1 minuto\" \/>\n<script type=\"application\/ld+json\" class=\"yoast-schema-graph\">{\"@context\":\"https:\/\/schema.org\",\"@graph\":[{\"@type\":\"WebPage\",\"@id\":\"https:\/\/abelfigueiredo.pa.gov.br\/site\/neste-sabado-dia-19-07-foi-a-grande-abertura-do-19o-copao-intermunicipal-de-abel-figueiredo\/\",\"url\":\"https:\/\/abelfigueiredo.pa.gov.br\/site\/neste-sabado-dia-19-07-foi-a-grande-abertura-do-19o-copao-intermunicipal-de-abel-figueiredo\/\",\"name\":\"Abertura do 19\u00ba Cop\u00e3o Intermunicipal agita Abel Figueiredo com jogos emocionantes e premia\u00e7\u00e3o recorde - Prefeitura Municipal de Abel Figueiredo | Gest\u00e3o 2025-2028\",\"isPartOf\":{\"@id\":\"https:\/\/abelfigueiredo.pa.gov.br\/site\/#website\"},\"primaryImageOfPage\":{\"@id\":\"https:\/\/abelfigueiredo.pa.gov.br\/site\/neste-sabado-dia-19-07-foi-a-grande-abertura-do-19o-copao-intermunicipal-de-abel-figueiredo\/#primaryimage\"},\"image\":{\"@id\":\"https:\/\/abelfigueiredo.pa.gov.br\/site\/neste-sabado-dia-19-07-foi-a-grande-abertura-do-19o-copao-intermunicipal-de-abel-figueiredo\/#primaryimage\"},\"thumbnailUrl\":\"https:\/\/abelfigueiredo.pa.gov.br\/site\/wp-content\/uploads\/2025\/07\/WhatsApp-Image-2025-07-22-at-11.58.14-scaled.jpeg\",\"datePublished\":\"2025-07-19T14:55:59+00:00\",\"dateModified\":\"2025-07-22T15:04:11+00:00\",\"author\":{\"@id\":\"https:\/\/abelfigueiredo.pa.gov.br\/site\/#\/schema\/person\/b7030c2e32bccfa38e6086b1ab3be678\"},\"inLanguage\":\"pt-BR\",\"potentialAction\":[{\"@type\":\"ReadAction\",\"target\":[\"https:\/\/abelfigueiredo.pa.gov.br\/site\/neste-sabado-dia-19-07-foi-a-grande-abertura-do-19o-copao-intermunicipal-de-abel-figueiredo\/\"]}]},{\"@type\":\"ImageObject\",\"inLanguage\":\"pt-BR\",\"@id\":\"https:\/\/abelfigueiredo.pa.gov.br\/site\/neste-sabado-dia-19-07-foi-a-grande-abertura-do-19o-copao-intermunicipal-de-abel-figueiredo\/#primaryimage\",\"url\":\"https:\/\/abelfigueiredo.pa.gov.br\/site\/wp-content\/uploads\/2025\/07\/WhatsApp-Image-2025-07-22-at-11.58.14-scaled.jpeg\",\"contentUrl\":\"https:\/\/abelfigueiredo.pa.gov.br\/site\/wp-content\/uploads\/2025\/07\/WhatsApp-Image-2025-07-22-at-11.58.14-scaled.jpeg\",\"width\":2560,\"height\":1920},{\"@type\":\"WebSite\",\"@id\":\"https:\/\/abelfigueiredo.pa.gov.br\/site\/#website\",\"url\":\"https:\/\/abelfigueiredo.pa.gov.br\/site\/\",\"name\":\"Prefeitura Municipal de Abel Figueiredo | Gest\u00e3o 2025-2028\",\"description\":\"Site oficial da Prefeitura Municipal de Abel Figueiredo\",\"potentialAction\":[{\"@type\":\"SearchAction\",\"target\":{\"@type\":\"EntryPoint\",\"urlTemplate\":\"https:\/\/abelfigueiredo.pa.gov.br\/site\/?s={search_term_string}\"},\"query-input\":{\"@type\":\"PropertyValueSpecification\",\"valueRequired\":true,\"valueName\":\"search_term_string\"}}],\"inLanguage\":\"pt-BR\"},{\"@type\":\"Person\",\"@id\":\"https:\/\/abelfigueiredo.pa.gov.br\/site\/#\/schema\/person\/b7030c2e32bccfa38e6086b1ab3be678\",\"name\":\"ASCOM\",\"image\":{\"@type\":\"ImageObject\",\"inLanguage\":\"pt-BR\",\"@id\":\"https:\/\/abelfigueiredo.pa.gov.br\/site\/#\/schema\/person\/image\/\",\"url\":\"https:\/\/secure.gravatar.com\/avatar\/ee6e3a6ac5793d71ee85d0aa82a0987b97fbd6c53d55b2480f9468ae70cdea28?s=96&d=mm&r=g\",\"contentUrl\":\"https:\/\/secure.gravatar.com\/avatar\/ee6e3a6ac5793d71ee85d0aa82a0987b97fbd6c53d55b2480f9468ae70cdea28?s=96&d=mm&r=g\",\"caption\":\"ASCOM\"},\"url\":\"https:\/\/abelfigueiredo.pa.gov.br\/site\/author\/ilhaproducoes\/\"}]}<\/script>\n<!-- \/ Yoast SEO plugin. -->","yoast_head_json":{"title":"Abertura do 19\u00ba Cop\u00e3o Intermunicipal agita Abel Figueiredo com jogos emocionantes e premia\u00e7\u00e3o recorde - Prefeitura Municipal de Abel Figueiredo | Gest\u00e3o 2025-2028","robots":{"index":"index","follow":"follow","max-snippet":"max-snippet:-1","max-image-preview":"max-image-preview:large","max-video-preview":"max-video-preview:-1"},"canonical":"https:\/\/abelfigueiredo.pa.gov.br\/site\/neste-sabado-dia-19-07-foi-a-grande-abertura-do-19o-copao-intermunicipal-de-abel-figueiredo\/","og_locale":"pt_BR","og_type":"article","og_title":"Abertura do 19\u00ba Cop\u00e3o Intermunicipal agita Abel Figueiredo com jogos emocionantes e premia\u00e7\u00e3o recorde - Prefeitura Municipal de Abel Figueiredo | Gest\u00e3o 2025-2028","og_description":"Neste s\u00e1bado, 19 de julho, foi realizada a grande abertura do 19\u00ba Cop\u00e3o Intermunicipal de Abel Figueiredo, promovido pela Secretaria Municipal de Esporte, Turismo e Lazer (SEMTEL) e com realiza\u00e7\u00e3o da Prefeitura Municipal. A edi\u00e7\u00e3o 2025 come\u00e7ou com jogos cheios de emo\u00e7\u00e3o e a presen\u00e7a animada da torcida. O prefeito Marcone Lacerda anunciou uma premia\u00e7\u00e3oVeja mais","og_url":"https:\/\/abelfigueiredo.pa.gov.br\/site\/neste-sabado-dia-19-07-foi-a-grande-abertura-do-19o-copao-intermunicipal-de-abel-figueiredo\/","og_site_name":"Prefeitura Municipal de Abel Figueiredo | Gest\u00e3o 2025-2028","article_published_time":"2025-07-19T14:55:59+00:00","article_modified_time":"2025-07-22T15:04:11+00:00","og_image":[{"width":2560,"height":1920,"url":"https:\/\/abelfigueiredo.pa.gov.br\/site\/wp-content\/uploads\/2025\/07\/WhatsApp-Image-2025-07-22-at-11.58.14-scaled.jpeg","type":"image\/jpeg"}],"author":"ASCOM","twitter_misc":{"Escrito por":"ASCOM","Est. tempo de leitura":"1 minuto"},"schema":{"@context":"https:\/\/schema.org","@graph":[{"@type":"WebPage","@id":"https:\/\/abelfigueiredo.pa.gov.br\/site\/neste-sabado-dia-19-07-foi-a-grande-abertura-do-19o-copao-intermunicipal-de-abel-figueiredo\/","url":"https:\/\/abelfigueiredo.pa.gov.br\/site\/neste-sabado-dia-19-07-foi-a-grande-abertura-do-19o-copao-intermunicipal-de-abel-figueiredo\/","name":"Abertura do 19\u00ba Cop\u00e3o Intermunicipal agita Abel Figueiredo com jogos emocionantes e premia\u00e7\u00e3o recorde - Prefeitura Municipal de Abel Figueiredo | Gest\u00e3o 2025-2028","isPartOf":{"@id":"https:\/\/abelfigueiredo.pa.gov.br\/site\/#website"},"primaryImageOfPage":{"@id":"https:\/\/abelfigueiredo.pa.gov.br\/site\/neste-sabado-dia-19-07-foi-a-grande-abertura-do-19o-copao-intermunicipal-de-abel-figueiredo\/#primaryimage"},"image":{"@id":"https:\/\/abelfigueiredo.pa.gov.br\/site\/neste-sabado-dia-19-07-foi-a-grande-abertura-do-19o-copao-intermunicipal-de-abel-figueiredo\/#primaryimage"},"thumbnailUrl":"https:\/\/abelfigueiredo.pa.gov.br\/site\/wp-content\/uploads\/2025\/07\/WhatsApp-Image-2025-07-22-at-11.58.14-scaled.jpeg","datePublished":"2025-07-19T14:55:59+00:00","dateModified":"2025-07-22T15:04:11+00:00","author":{"@id":"https:\/\/abelfigueiredo.pa.gov.br\/site\/#\/schema\/person\/b7030c2e32bccfa38e6086b1ab3be678"},"inLanguage":"pt-BR","potentialAction":[{"@type":"ReadAction","target":["https:\/\/abelfigueiredo.pa.gov.br\/site\/neste-sabado-dia-19-07-foi-a-grande-abertura-do-19o-copao-intermunicipal-de-abel-figueiredo\/"]}]},{"@type":"ImageObject","inLanguage":"pt-BR","@id":"https:\/\/abelfigueiredo.pa.gov.br\/site\/neste-sabado-dia-19-07-foi-a-grande-abertura-do-19o-copao-intermunicipal-de-abel-figueiredo\/#primaryimage","url":"https:\/\/abelfigueiredo.pa.gov.br\/site\/wp-content\/uploads\/2025\/07\/WhatsApp-Image-2025-07-22-at-11.58.14-scaled.jpeg","contentUrl":"https:\/\/abelfigueiredo.pa.gov.br\/site\/wp-content\/uploads\/2025\/07\/WhatsApp-Image-2025-07-22-at-11.58.14-scaled.jpeg","width":2560,"height":1920},{"@type":"WebSite","@id":"https:\/\/abelfigueiredo.pa.gov.br\/site\/#website","url":"https:\/\/abelfigueiredo.pa.gov.br\/site\/","name":"Prefeitura Municipal de Abel Figueiredo | Gest\u00e3o 2025-2028","description":"Site oficial da Prefeitura Municipal de Abel Figueiredo","potentialAction":[{"@type":"SearchAction","target":{"@type":"EntryPoint","urlTemplate":"https:\/\/abelfigueiredo.pa.gov.br\/site\/?s={search_term_string}"},"query-input":{"@type":"PropertyValueSpecification","valueRequired":true,"valueName":"search_term_string"}}],"inLanguage":"pt-BR"},{"@type":"Person","@id":"https:\/\/abelfigueiredo.pa.gov.br\/site\/#\/schema\/person\/b7030c2e32bccfa38e6086b1ab3be678","name":"ASCOM","image":{"@type":"ImageObject","inLanguage":"pt-BR","@id":"https:\/\/abelfigueiredo.pa.gov.br\/site\/#\/schema\/person\/image\/","url":"https:\/\/secure.gravatar.com\/avatar\/ee6e3a6ac5793d71ee85d0aa82a0987b97fbd6c53d55b2480f9468ae70cdea28?s=96&d=mm&r=g","contentUrl":"https:\/\/secure.gravatar.com\/avatar\/ee6e3a6ac5793d71ee85d0aa82a0987b97fbd6c53d55b2480f9468ae70cdea28?s=96&d=mm&r=g","caption":"ASCOM"},"url":"https:\/\/abelfigueiredo.pa.gov.br\/site\/author\/ilhaproducoes\/"}]}},"_links":{"self":[{"href":"https:\/\/abelfigueiredo.pa.gov.br\/site\/wp-json\/wp\/v2\/posts\/19428","targetHints":{"allow":["GET"]}}],"collection":[{"href":"https:\/\/abelfigueiredo.pa.gov.br\/site\/wp-json\/wp\/v2\/posts"}],"about":[{"href":"https:\/\/abelfigueiredo.pa.gov.br\/site\/wp-json\/wp\/v2\/types\/post"}],"author":[{"embeddable":true,"href":"https:\/\/abelfigueiredo.pa.gov.br\/site\/wp-json\/wp\/v2\/users\/40"}],"replies":[{"embeddable":true,"href":"https:\/\/abelfigueiredo.pa.gov.br\/site\/wp-json\/wp\/v2\/comments?post=19428"}],"version-history":[{"count":3,"href":"https:\/\/abelfigueiredo.pa.gov.br\/site\/wp-json\/wp\/v2\/posts\/19428\/revisions"}],"predecessor-version":[{"id":19433,"href":"https:\/\/abelfigueiredo.pa.gov.br\/site\/wp-json\/wp\/v2\/posts\/19428\/revisions\/19433"}],"wp:featuredmedia":[{"embeddable":true,"href":"https:\/\/abelfigueiredo.pa.gov.br\/site\/wp-json\/wp\/v2\/media\/19430"}],"wp:attachment":[{"href":"https:\/\/abelfigueiredo.pa.gov.br\/site\/wp-json\/wp\/v2\/media?parent=19428"}],"wp:term":[{"taxonomy":"category","embeddable":true,"href":"https:\/\/abelfigueiredo.pa.gov.br\/site\/wp-json\/wp\/v2\/categories?post=19428"},{"taxonomy":"post_tag","embeddable":true,"href":"https:\/\/abelfigueiredo.pa.gov.br\/site\/wp-json\/wp\/v2\/tags?post=19428"}],"curies":[{"name":"wp","href":"https:\/\/api.w.org\/{rel}","templated":true}]}}