{"id":19415,"date":"2025-07-15T09:43:37","date_gmt":"2025-07-15T12:43:37","guid":{"rendered":"https:\/\/abelfigueiredo.pa.gov.br\/site\/?p=19415"},"modified":"2025-07-15T09:43:37","modified_gmt":"2025-07-15T12:43:37","slug":"o-municipio-acaba-de-receber-grandes-conquistas-com-o-apoio-do-ministro-do-turismo-celso-sabino","status":"publish","type":"post","link":"https:\/\/abelfigueiredo.pa.gov.br\/site\/o-municipio-acaba-de-receber-grandes-conquistas-com-o-apoio-do-ministro-do-turismo-celso-sabino\/","title":{"rendered":"O munic\u00edpio acaba de receber grandes conquistas com o apoio do ministro do Turismo, Celso Sabino:"},"content":{"rendered":"<p><a href=\"https:\/\/abelfigueiredo.pa.gov.br\/site\/wp-content\/uploads\/2025\/07\/WhatsApp-Image-2025-07-15-at-09.40.02.jpeg\"><img loading=\"lazy\" decoding=\"async\" class=\"alignnone size-medium wp-image-19417\" src=\"https:\/\/abelfigueiredo.pa.gov.br\/site\/wp-content\/uploads\/2025\/07\/WhatsApp-Image-2025-07-15-at-09.40.02-225x300.jpeg\" alt=\"\" width=\"225\" height=\"300\" srcset=\"https:\/\/abelfigueiredo.pa.gov.br\/site\/wp-content\/uploads\/2025\/07\/WhatsApp-Image-2025-07-15-at-09.40.02-225x300.jpeg 225w, https:\/\/abelfigueiredo.pa.gov.br\/site\/wp-content\/uploads\/2025\/07\/WhatsApp-Image-2025-07-15-at-09.40.02-768x1024.jpeg 768w, https:\/\/abelfigueiredo.pa.gov.br\/site\/wp-content\/uploads\/2025\/07\/WhatsApp-Image-2025-07-15-at-09.40.02.jpeg 960w\" sizes=\"auto, (max-width: 225px) 100vw, 225px\" \/><\/a> <a href=\"https:\/\/abelfigueiredo.pa.gov.br\/site\/wp-content\/uploads\/2025\/07\/WhatsApp-Image-2025-07-15-at-09.40.01.jpeg\"><img loading=\"lazy\" decoding=\"async\" class=\"alignnone size-medium wp-image-19418\" src=\"https:\/\/abelfigueiredo.pa.gov.br\/site\/wp-content\/uploads\/2025\/07\/WhatsApp-Image-2025-07-15-at-09.40.01-300x225.jpeg\" alt=\"\" width=\"300\" height=\"225\" srcset=\"https:\/\/abelfigueiredo.pa.gov.br\/site\/wp-content\/uploads\/2025\/07\/WhatsApp-Image-2025-07-15-at-09.40.01-300x225.jpeg 300w, https:\/\/abelfigueiredo.pa.gov.br\/site\/wp-content\/uploads\/2025\/07\/WhatsApp-Image-2025-07-15-at-09.40.01-1024x768.jpeg 1024w, https:\/\/abelfigueiredo.pa.gov.br\/site\/wp-content\/uploads\/2025\/07\/WhatsApp-Image-2025-07-15-at-09.40.01-768x576.jpeg 768w, https:\/\/abelfigueiredo.pa.gov.br\/site\/wp-content\/uploads\/2025\/07\/WhatsApp-Image-2025-07-15-at-09.40.01.jpeg 1280w\" sizes=\"auto, (max-width: 300px) 100vw, 300px\" \/><\/a> <a href=\"https:\/\/abelfigueiredo.pa.gov.br\/site\/wp-content\/uploads\/2025\/07\/WhatsApp-Image-2025-07-15-at-09.39.58.jpeg\"><img loading=\"lazy\" decoding=\"async\" class=\"alignnone size-medium wp-image-19419\" src=\"https:\/\/abelfigueiredo.pa.gov.br\/site\/wp-content\/uploads\/2025\/07\/WhatsApp-Image-2025-07-15-at-09.39.58-225x300.jpeg\" alt=\"\" width=\"225\" height=\"300\" srcset=\"https:\/\/abelfigueiredo.pa.gov.br\/site\/wp-content\/uploads\/2025\/07\/WhatsApp-Image-2025-07-15-at-09.39.58-225x300.jpeg 225w, https:\/\/abelfigueiredo.pa.gov.br\/site\/wp-content\/uploads\/2025\/07\/WhatsApp-Image-2025-07-15-at-09.39.58-768x1024.jpeg 768w, https:\/\/abelfigueiredo.pa.gov.br\/site\/wp-content\/uploads\/2025\/07\/WhatsApp-Image-2025-07-15-at-09.39.58.jpeg 960w\" sizes=\"auto, (max-width: 225px) 100vw, 225px\" \/><\/a><\/p>\n<div style=\"width: 702px;\" class=\"wp-video\"><video class=\"wp-video-shortcode\" id=\"video-19415-1\" width=\"702\" height=\"1248\" preload=\"metadata\" controls=\"controls\"><source type=\"video\/mp4\" src=\"https:\/\/abelfigueiredo.pa.gov.br\/site\/wp-content\/uploads\/2025\/07\/WhatsApp-Video-2025-07-10-at-19.38.50.mp4?_=1\" \/><a href=\"https:\/\/abelfigueiredo.pa.gov.br\/site\/wp-content\/uploads\/2025\/07\/WhatsApp-Video-2025-07-10-at-19.38.50.mp4\">https:\/\/abelfigueiredo.pa.gov.br\/site\/wp-content\/uploads\/2025\/07\/WhatsApp-Video-2025-07-10-at-19.38.50.mp4<\/a><\/video><\/div>\n<p>\u2705 Uma retroescavadeira hidr\u00e1ulica<br \/>\n\u2705 Um caminh\u00e3o de pequeno porte<br \/>\n\u2705 E R$ 500 mil investidos na sa\u00fade p\u00fablica \ud83c\udfe5\ud83d\udcb5<\/p>\n<p>Durante o encontro desta quarta-feira (10), o prefeito Marcone Lacerda reafirmou a import\u00e2ncia da parceria entre os governos municipal e federal para garantir mais qualidade de vida \u00e0 popula\u00e7\u00e3o \ud83d\ude4c<\/p>\n<p>\ud83d\udcca Com esses investimentos, ganham a infraestrutura, os pequenos produtores rurais \ud83c\udf3e e, principalmente, a sa\u00fade do nosso povo \u2764\ufe0f<\/p>\n<p>Abel Figueiredo segue avan\u00e7ando! \ud83d\ude9c\ud83d\udcaa<\/p>\n<p>Prefeitura de Abel Figueiredo<br \/>\nGoverno de Oportunidades e Renova\u00e7\u00e3o \ud83e\udd1d\u2728<\/p>\n","protected":false},"excerpt":{"rendered":"<p>\u2705 Uma retroescavadeira hidr\u00e1ulica \u2705 Um caminh\u00e3o de pequeno porte \u2705 E R$ 500 mil investidos na sa\u00fade p\u00fablica \ud83c\udfe5\ud83d\udcb5 Durante o encontro desta quarta-feira (10), o prefeito Marcone Lacerda reafirmou a import\u00e2ncia da parceria entre os governos municipal e federal para garantir mais qualidade de vida \u00e0 popula\u00e7\u00e3o \ud83d\ude4c \ud83d\udcca Com esses investimentos, ganham<\/p>\n<div class=\"read-more\"><a href=\"https:\/\/abelfigueiredo.pa.gov.br\/site\/o-municipio-acaba-de-receber-grandes-conquistas-com-o-apoio-do-ministro-do-turismo-celso-sabino\/\" title=\"Veja mais\">Veja mais<\/a><\/div>\n","protected":false},"author":40,"featured_media":19418,"comment_status":"closed","ping_status":"closed","sticky":false,"template":"","format":"standard","meta":{"footnotes":""},"categories":[1],"tags":[],"class_list":{"0":"post-19415","1":"post","2":"type-post","3":"status-publish","4":"format-standard","5":"has-post-thumbnail","7":"category-noticias"},"yoast_head":"<!-- This site is optimized with the Yoast SEO plugin v26.6 - https:\/\/yoast.com\/wordpress\/plugins\/seo\/ -->\n<title>O munic\u00edpio acaba de receber grandes conquistas com o apoio do ministro do Turismo, Celso Sabino: - Prefeitura Municipal de Abel Figueiredo | Gest\u00e3o 2025-2028<\/title>\n<meta name=\"robots\" content=\"index, follow, max-snippet:-1, max-image-preview:large, max-video-preview:-1\" \/>\n<link rel=\"canonical\" href=\"https:\/\/abelfigueiredo.pa.gov.br\/site\/o-municipio-acaba-de-receber-grandes-conquistas-com-o-apoio-do-ministro-do-turismo-celso-sabino\/\" \/>\n<meta property=\"og:locale\" content=\"pt_BR\" \/>\n<meta property=\"og:type\" content=\"article\" \/>\n<meta property=\"og:title\" content=\"O munic\u00edpio acaba de receber grandes conquistas com o apoio do ministro do Turismo, Celso Sabino: - Prefeitura Municipal de Abel Figueiredo | Gest\u00e3o 2025-2028\" \/>\n<meta property=\"og:description\" content=\"\u2705 Uma retroescavadeira hidr\u00e1ulica \u2705 Um caminh\u00e3o de pequeno porte \u2705 E R$ 500 mil investidos na sa\u00fade p\u00fablica \ud83c\udfe5\ud83d\udcb5 Durante o encontro desta quarta-feira (10), o prefeito Marcone Lacerda reafirmou a import\u00e2ncia da parceria entre os governos municipal e federal para garantir mais qualidade de vida \u00e0 popula\u00e7\u00e3o \ud83d\ude4c \ud83d\udcca Com esses investimentos, ganhamVeja mais\" \/>\n<meta property=\"og:url\" content=\"https:\/\/abelfigueiredo.pa.gov.br\/site\/o-municipio-acaba-de-receber-grandes-conquistas-com-o-apoio-do-ministro-do-turismo-celso-sabino\/\" \/>\n<meta property=\"og:site_name\" content=\"Prefeitura Municipal de Abel Figueiredo | Gest\u00e3o 2025-2028\" \/>\n<meta property=\"article:published_time\" content=\"2025-07-15T12:43:37+00:00\" \/>\n<meta property=\"og:image\" content=\"https:\/\/abelfigueiredo.pa.gov.br\/site\/wp-content\/uploads\/2025\/07\/WhatsApp-Image-2025-07-15-at-09.40.01.jpeg\" \/>\n\t<meta property=\"og:image:width\" content=\"1280\" \/>\n\t<meta property=\"og:image:height\" content=\"960\" \/>\n\t<meta property=\"og:image:type\" content=\"image\/jpeg\" \/>\n<meta name=\"author\" content=\"ASCOM\" \/>\n<meta name=\"twitter:label1\" content=\"Escrito por\" \/>\n\t<meta name=\"twitter:data1\" content=\"ASCOM\" \/>\n<script type=\"application\/ld+json\" class=\"yoast-schema-graph\">{\"@context\":\"https:\/\/schema.org\",\"@graph\":[{\"@type\":\"WebPage\",\"@id\":\"https:\/\/abelfigueiredo.pa.gov.br\/site\/o-municipio-acaba-de-receber-grandes-conquistas-com-o-apoio-do-ministro-do-turismo-celso-sabino\/\",\"url\":\"https:\/\/abelfigueiredo.pa.gov.br\/site\/o-municipio-acaba-de-receber-grandes-conquistas-com-o-apoio-do-ministro-do-turismo-celso-sabino\/\",\"name\":\"O munic\u00edpio acaba de receber grandes conquistas com o apoio do ministro do Turismo, Celso Sabino: - Prefeitura Municipal de Abel Figueiredo | Gest\u00e3o 2025-2028\",\"isPartOf\":{\"@id\":\"https:\/\/abelfigueiredo.pa.gov.br\/site\/#website\"},\"primaryImageOfPage\":{\"@id\":\"https:\/\/abelfigueiredo.pa.gov.br\/site\/o-municipio-acaba-de-receber-grandes-conquistas-com-o-apoio-do-ministro-do-turismo-celso-sabino\/#primaryimage\"},\"image\":{\"@id\":\"https:\/\/abelfigueiredo.pa.gov.br\/site\/o-municipio-acaba-de-receber-grandes-conquistas-com-o-apoio-do-ministro-do-turismo-celso-sabino\/#primaryimage\"},\"thumbnailUrl\":\"https:\/\/abelfigueiredo.pa.gov.br\/site\/wp-content\/uploads\/2025\/07\/WhatsApp-Image-2025-07-15-at-09.40.01.jpeg\",\"datePublished\":\"2025-07-15T12:43:37+00:00\",\"author\":{\"@id\":\"https:\/\/abelfigueiredo.pa.gov.br\/site\/#\/schema\/person\/b7030c2e32bccfa38e6086b1ab3be678\"},\"inLanguage\":\"pt-BR\",\"potentialAction\":[{\"@type\":\"ReadAction\",\"target\":[\"https:\/\/abelfigueiredo.pa.gov.br\/site\/o-municipio-acaba-de-receber-grandes-conquistas-com-o-apoio-do-ministro-do-turismo-celso-sabino\/\"]}]},{\"@type\":\"ImageObject\",\"inLanguage\":\"pt-BR\",\"@id\":\"https:\/\/abelfigueiredo.pa.gov.br\/site\/o-municipio-acaba-de-receber-grandes-conquistas-com-o-apoio-do-ministro-do-turismo-celso-sabino\/#primaryimage\",\"url\":\"https:\/\/abelfigueiredo.pa.gov.br\/site\/wp-content\/uploads\/2025\/07\/WhatsApp-Image-2025-07-15-at-09.40.01.jpeg\",\"contentUrl\":\"https:\/\/abelfigueiredo.pa.gov.br\/site\/wp-content\/uploads\/2025\/07\/WhatsApp-Image-2025-07-15-at-09.40.01.jpeg\",\"width\":1280,\"height\":960},{\"@type\":\"WebSite\",\"@id\":\"https:\/\/abelfigueiredo.pa.gov.br\/site\/#website\",\"url\":\"https:\/\/abelfigueiredo.pa.gov.br\/site\/\",\"name\":\"Prefeitura Municipal de Abel Figueiredo | Gest\u00e3o 2025-2028\",\"description\":\"Site oficial da Prefeitura Municipal de Abel Figueiredo\",\"potentialAction\":[{\"@type\":\"SearchAction\",\"target\":{\"@type\":\"EntryPoint\",\"urlTemplate\":\"https:\/\/abelfigueiredo.pa.gov.br\/site\/?s={search_term_string}\"},\"query-input\":{\"@type\":\"PropertyValueSpecification\",\"valueRequired\":true,\"valueName\":\"search_term_string\"}}],\"inLanguage\":\"pt-BR\"},{\"@type\":\"Person\",\"@id\":\"https:\/\/abelfigueiredo.pa.gov.br\/site\/#\/schema\/person\/b7030c2e32bccfa38e6086b1ab3be678\",\"name\":\"ASCOM\",\"image\":{\"@type\":\"ImageObject\",\"inLanguage\":\"pt-BR\",\"@id\":\"https:\/\/abelfigueiredo.pa.gov.br\/site\/#\/schema\/person\/image\/\",\"url\":\"https:\/\/secure.gravatar.com\/avatar\/ee6e3a6ac5793d71ee85d0aa82a0987b97fbd6c53d55b2480f9468ae70cdea28?s=96&d=mm&r=g\",\"contentUrl\":\"https:\/\/secure.gravatar.com\/avatar\/ee6e3a6ac5793d71ee85d0aa82a0987b97fbd6c53d55b2480f9468ae70cdea28?s=96&d=mm&r=g\",\"caption\":\"ASCOM\"},\"url\":\"https:\/\/abelfigueiredo.pa.gov.br\/site\/author\/ilhaproducoes\/\"}]}<\/script>\n<!-- \/ Yoast SEO plugin. -->","yoast_head_json":{"title":"O munic\u00edpio acaba de receber grandes conquistas com o apoio do ministro do Turismo, Celso Sabino: - Prefeitura Municipal de Abel Figueiredo | Gest\u00e3o 2025-2028","robots":{"index":"index","follow":"follow","max-snippet":"max-snippet:-1","max-image-preview":"max-image-preview:large","max-video-preview":"max-video-preview:-1"},"canonical":"https:\/\/abelfigueiredo.pa.gov.br\/site\/o-municipio-acaba-de-receber-grandes-conquistas-com-o-apoio-do-ministro-do-turismo-celso-sabino\/","og_locale":"pt_BR","og_type":"article","og_title":"O munic\u00edpio acaba de receber grandes conquistas com o apoio do ministro do Turismo, Celso Sabino: - Prefeitura Municipal de Abel Figueiredo | Gest\u00e3o 2025-2028","og_description":"\u2705 Uma retroescavadeira hidr\u00e1ulica \u2705 Um caminh\u00e3o de pequeno porte \u2705 E R$ 500 mil investidos na sa\u00fade p\u00fablica \ud83c\udfe5\ud83d\udcb5 Durante o encontro desta quarta-feira (10), o prefeito Marcone Lacerda reafirmou a import\u00e2ncia da parceria entre os governos municipal e federal para garantir mais qualidade de vida \u00e0 popula\u00e7\u00e3o \ud83d\ude4c \ud83d\udcca Com esses investimentos, ganhamVeja mais","og_url":"https:\/\/abelfigueiredo.pa.gov.br\/site\/o-municipio-acaba-de-receber-grandes-conquistas-com-o-apoio-do-ministro-do-turismo-celso-sabino\/","og_site_name":"Prefeitura Municipal de Abel Figueiredo | Gest\u00e3o 2025-2028","article_published_time":"2025-07-15T12:43:37+00:00","og_image":[{"width":1280,"height":960,"url":"https:\/\/abelfigueiredo.pa.gov.br\/site\/wp-content\/uploads\/2025\/07\/WhatsApp-Image-2025-07-15-at-09.40.01.jpeg","type":"image\/jpeg"}],"author":"ASCOM","twitter_misc":{"Escrito por":"ASCOM"},"schema":{"@context":"https:\/\/schema.org","@graph":[{"@type":"WebPage","@id":"https:\/\/abelfigueiredo.pa.gov.br\/site\/o-municipio-acaba-de-receber-grandes-conquistas-com-o-apoio-do-ministro-do-turismo-celso-sabino\/","url":"https:\/\/abelfigueiredo.pa.gov.br\/site\/o-municipio-acaba-de-receber-grandes-conquistas-com-o-apoio-do-ministro-do-turismo-celso-sabino\/","name":"O munic\u00edpio acaba de receber grandes conquistas com o apoio do ministro do Turismo, Celso Sabino: - Prefeitura Municipal de Abel Figueiredo | Gest\u00e3o 2025-2028","isPartOf":{"@id":"https:\/\/abelfigueiredo.pa.gov.br\/site\/#website"},"primaryImageOfPage":{"@id":"https:\/\/abelfigueiredo.pa.gov.br\/site\/o-municipio-acaba-de-receber-grandes-conquistas-com-o-apoio-do-ministro-do-turismo-celso-sabino\/#primaryimage"},"image":{"@id":"https:\/\/abelfigueiredo.pa.gov.br\/site\/o-municipio-acaba-de-receber-grandes-conquistas-com-o-apoio-do-ministro-do-turismo-celso-sabino\/#primaryimage"},"thumbnailUrl":"https:\/\/abelfigueiredo.pa.gov.br\/site\/wp-content\/uploads\/2025\/07\/WhatsApp-Image-2025-07-15-at-09.40.01.jpeg","datePublished":"2025-07-15T12:43:37+00:00","author":{"@id":"https:\/\/abelfigueiredo.pa.gov.br\/site\/#\/schema\/person\/b7030c2e32bccfa38e6086b1ab3be678"},"inLanguage":"pt-BR","potentialAction":[{"@type":"ReadAction","target":["https:\/\/abelfigueiredo.pa.gov.br\/site\/o-municipio-acaba-de-receber-grandes-conquistas-com-o-apoio-do-ministro-do-turismo-celso-sabino\/"]}]},{"@type":"ImageObject","inLanguage":"pt-BR","@id":"https:\/\/abelfigueiredo.pa.gov.br\/site\/o-municipio-acaba-de-receber-grandes-conquistas-com-o-apoio-do-ministro-do-turismo-celso-sabino\/#primaryimage","url":"https:\/\/abelfigueiredo.pa.gov.br\/site\/wp-content\/uploads\/2025\/07\/WhatsApp-Image-2025-07-15-at-09.40.01.jpeg","contentUrl":"https:\/\/abelfigueiredo.pa.gov.br\/site\/wp-content\/uploads\/2025\/07\/WhatsApp-Image-2025-07-15-at-09.40.01.jpeg","width":1280,"height":960},{"@type":"WebSite","@id":"https:\/\/abelfigueiredo.pa.gov.br\/site\/#website","url":"https:\/\/abelfigueiredo.pa.gov.br\/site\/","name":"Prefeitura Municipal de Abel Figueiredo | Gest\u00e3o 2025-2028","description":"Site oficial da Prefeitura Municipal de Abel Figueiredo","potentialAction":[{"@type":"SearchAction","target":{"@type":"EntryPoint","urlTemplate":"https:\/\/abelfigueiredo.pa.gov.br\/site\/?s={search_term_string}"},"query-input":{"@type":"PropertyValueSpecification","valueRequired":true,"valueName":"search_term_string"}}],"inLanguage":"pt-BR"},{"@type":"Person","@id":"https:\/\/abelfigueiredo.pa.gov.br\/site\/#\/schema\/person\/b7030c2e32bccfa38e6086b1ab3be678","name":"ASCOM","image":{"@type":"ImageObject","inLanguage":"pt-BR","@id":"https:\/\/abelfigueiredo.pa.gov.br\/site\/#\/schema\/person\/image\/","url":"https:\/\/secure.gravatar.com\/avatar\/ee6e3a6ac5793d71ee85d0aa82a0987b97fbd6c53d55b2480f9468ae70cdea28?s=96&d=mm&r=g","contentUrl":"https:\/\/secure.gravatar.com\/avatar\/ee6e3a6ac5793d71ee85d0aa82a0987b97fbd6c53d55b2480f9468ae70cdea28?s=96&d=mm&r=g","caption":"ASCOM"},"url":"https:\/\/abelfigueiredo.pa.gov.br\/site\/author\/ilhaproducoes\/"}]}},"_links":{"self":[{"href":"https:\/\/abelfigueiredo.pa.gov.br\/site\/wp-json\/wp\/v2\/posts\/19415","targetHints":{"allow":["GET"]}}],"collection":[{"href":"https:\/\/abelfigueiredo.pa.gov.br\/site\/wp-json\/wp\/v2\/posts"}],"about":[{"href":"https:\/\/abelfigueiredo.pa.gov.br\/site\/wp-json\/wp\/v2\/types\/post"}],"author":[{"embeddable":true,"href":"https:\/\/abelfigueiredo.pa.gov.br\/site\/wp-json\/wp\/v2\/users\/40"}],"replies":[{"embeddable":true,"href":"https:\/\/abelfigueiredo.pa.gov.br\/site\/wp-json\/wp\/v2\/comments?post=19415"}],"version-history":[{"count":1,"href":"https:\/\/abelfigueiredo.pa.gov.br\/site\/wp-json\/wp\/v2\/posts\/19415\/revisions"}],"predecessor-version":[{"id":19420,"href":"https:\/\/abelfigueiredo.pa.gov.br\/site\/wp-json\/wp\/v2\/posts\/19415\/revisions\/19420"}],"wp:featuredmedia":[{"embeddable":true,"href":"https:\/\/abelfigueiredo.pa.gov.br\/site\/wp-json\/wp\/v2\/media\/19418"}],"wp:attachment":[{"href":"https:\/\/abelfigueiredo.pa.gov.br\/site\/wp-json\/wp\/v2\/media?parent=19415"}],"wp:term":[{"taxonomy":"category","embeddable":true,"href":"https:\/\/abelfigueiredo.pa.gov.br\/site\/wp-json\/wp\/v2\/categories?post=19415"},{"taxonomy":"post_tag","embeddable":true,"href":"https:\/\/abelfigueiredo.pa.gov.br\/site\/wp-json\/wp\/v2\/tags?post=19415"}],"curies":[{"name":"wp","href":"https:\/\/api.w.org\/{rel}","templated":true}]}}