{"id":19375,"date":"2025-05-26T12:03:22","date_gmt":"2025-05-26T15:03:22","guid":{"rendered":"https:\/\/abelfigueiredo.pa.gov.br\/site\/?p=19375"},"modified":"2025-05-30T12:08:33","modified_gmt":"2025-05-30T15:08:33","slug":"plano-de-aplicacao-dos-recursos-da-politica-nacional-aldir-blanc-de-fomento-a-cultura","status":"publish","type":"post","link":"https:\/\/abelfigueiredo.pa.gov.br\/site\/plano-de-aplicacao-dos-recursos-da-politica-nacional-aldir-blanc-de-fomento-a-cultura\/","title":{"rendered":"Plano de aplica\u00e7\u00e3o dos recursos da pol\u00edtica nacional Aldir Blanc de fomento\u00a0\u00e0\u00a0cultura"},"content":{"rendered":"<p>\u2705 No dia 26 de maio, reunimos agentes culturais, fazedores e produtores de cultura no Audit\u00f3rio da Secretaria Municipal de Desenvolvimento Social para debater a constru\u00e7\u00e3o do plano de aplica\u00e7\u00e3o dos recursos da pol\u00edtica nacional Aldir Blanc de fomento \u00e0 cultura.<\/p>\n<p>\u203cUm momento de di\u00e1logo, escuta e constru\u00e7\u00e3o coletiva por uma cultura mais representativa e eficaz em Abel\u00a0Figueiredo.<\/p>\n<p><a href=\"https:\/\/abelfigueiredo.pa.gov.br\/site\/wp-content\/uploads\/2025\/05\/1-bab1c550-scaled.jpg\"><img loading=\"lazy\" decoding=\"async\" class=\"alignnone size-medium wp-image-19376\" src=\"https:\/\/abelfigueiredo.pa.gov.br\/site\/wp-content\/uploads\/2025\/05\/1-bab1c550-300x225.jpg\" alt=\"\" width=\"300\" height=\"225\" srcset=\"https:\/\/abelfigueiredo.pa.gov.br\/site\/wp-content\/uploads\/2025\/05\/1-bab1c550-300x225.jpg 300w, https:\/\/abelfigueiredo.pa.gov.br\/site\/wp-content\/uploads\/2025\/05\/1-bab1c550-1024x768.jpg 1024w, https:\/\/abelfigueiredo.pa.gov.br\/site\/wp-content\/uploads\/2025\/05\/1-bab1c550-768x576.jpg 768w, https:\/\/abelfigueiredo.pa.gov.br\/site\/wp-content\/uploads\/2025\/05\/1-bab1c550-1536x1152.jpg 1536w, https:\/\/abelfigueiredo.pa.gov.br\/site\/wp-content\/uploads\/2025\/05\/1-bab1c550-2048x1536.jpg 2048w\" sizes=\"auto, (max-width: 300px) 100vw, 300px\" \/><\/a> <a href=\"https:\/\/abelfigueiredo.pa.gov.br\/site\/wp-content\/uploads\/2025\/05\/IMG_9537.jpg\"><img loading=\"lazy\" decoding=\"async\" class=\"alignnone size-medium wp-image-19377\" src=\"https:\/\/abelfigueiredo.pa.gov.br\/site\/wp-content\/uploads\/2025\/05\/IMG_9537-300x200.jpg\" alt=\"\" width=\"300\" height=\"200\" srcset=\"https:\/\/abelfigueiredo.pa.gov.br\/site\/wp-content\/uploads\/2025\/05\/IMG_9537-300x200.jpg 300w, https:\/\/abelfigueiredo.pa.gov.br\/site\/wp-content\/uploads\/2025\/05\/IMG_9537-1024x683.jpg 1024w, https:\/\/abelfigueiredo.pa.gov.br\/site\/wp-content\/uploads\/2025\/05\/IMG_9537-768x512.jpg 768w, https:\/\/abelfigueiredo.pa.gov.br\/site\/wp-content\/uploads\/2025\/05\/IMG_9537-1536x1024.jpg 1536w, https:\/\/abelfigueiredo.pa.gov.br\/site\/wp-content\/uploads\/2025\/05\/IMG_9537-2048x1365.jpg 2048w\" sizes=\"auto, (max-width: 300px) 100vw, 300px\" \/><\/a> <a href=\"https:\/\/abelfigueiredo.pa.gov.br\/site\/wp-content\/uploads\/2025\/05\/IMG_9543.jpg\"><img loading=\"lazy\" decoding=\"async\" class=\"alignnone size-medium wp-image-19378\" src=\"https:\/\/abelfigueiredo.pa.gov.br\/site\/wp-content\/uploads\/2025\/05\/IMG_9543-300x200.jpg\" alt=\"\" width=\"300\" height=\"200\" srcset=\"https:\/\/abelfigueiredo.pa.gov.br\/site\/wp-content\/uploads\/2025\/05\/IMG_9543-300x200.jpg 300w, https:\/\/abelfigueiredo.pa.gov.br\/site\/wp-content\/uploads\/2025\/05\/IMG_9543-1024x683.jpg 1024w, https:\/\/abelfigueiredo.pa.gov.br\/site\/wp-content\/uploads\/2025\/05\/IMG_9543-768x512.jpg 768w, https:\/\/abelfigueiredo.pa.gov.br\/site\/wp-content\/uploads\/2025\/05\/IMG_9543-1536x1024.jpg 1536w, https:\/\/abelfigueiredo.pa.gov.br\/site\/wp-content\/uploads\/2025\/05\/IMG_9543-2048x1365.jpg 2048w\" sizes=\"auto, (max-width: 300px) 100vw, 300px\" \/><\/a><\/p>\n","protected":false},"excerpt":{"rendered":"<p>\u2705 No dia 26 de maio, reunimos agentes culturais, fazedores e produtores de cultura no Audit\u00f3rio da Secretaria Municipal de Desenvolvimento Social para debater a constru\u00e7\u00e3o do plano de aplica\u00e7\u00e3o dos recursos da pol\u00edtica nacional Aldir Blanc de fomento \u00e0 cultura. \u203cUm momento de di\u00e1logo, escuta e constru\u00e7\u00e3o coletiva por uma cultura mais representativa e<\/p>\n<div class=\"read-more\"><a href=\"https:\/\/abelfigueiredo.pa.gov.br\/site\/plano-de-aplicacao-dos-recursos-da-politica-nacional-aldir-blanc-de-fomento-a-cultura\/\" title=\"Veja mais\">Veja mais<\/a><\/div>\n","protected":false},"author":40,"featured_media":19376,"comment_status":"closed","ping_status":"closed","sticky":false,"template":"","format":"standard","meta":{"footnotes":""},"categories":[1],"tags":[],"class_list":{"0":"post-19375","1":"post","2":"type-post","3":"status-publish","4":"format-standard","5":"has-post-thumbnail","7":"category-noticias"},"yoast_head":"<!-- This site is optimized with the Yoast SEO plugin v26.6 - https:\/\/yoast.com\/wordpress\/plugins\/seo\/ -->\n<title>Plano de aplica\u00e7\u00e3o dos recursos da pol\u00edtica nacional Aldir Blanc de fomento\u00a0\u00e0\u00a0cultura - Prefeitura Municipal de Abel Figueiredo | Gest\u00e3o 2025-2028<\/title>\n<meta name=\"robots\" content=\"index, follow, max-snippet:-1, max-image-preview:large, max-video-preview:-1\" \/>\n<link rel=\"canonical\" href=\"https:\/\/abelfigueiredo.pa.gov.br\/site\/plano-de-aplicacao-dos-recursos-da-politica-nacional-aldir-blanc-de-fomento-a-cultura\/\" \/>\n<meta property=\"og:locale\" content=\"pt_BR\" \/>\n<meta property=\"og:type\" content=\"article\" \/>\n<meta property=\"og:title\" content=\"Plano de aplica\u00e7\u00e3o dos recursos da pol\u00edtica nacional Aldir Blanc de fomento\u00a0\u00e0\u00a0cultura - Prefeitura Municipal de Abel Figueiredo | Gest\u00e3o 2025-2028\" \/>\n<meta property=\"og:description\" content=\"\u2705 No dia 26 de maio, reunimos agentes culturais, fazedores e produtores de cultura no Audit\u00f3rio da Secretaria Municipal de Desenvolvimento Social para debater a constru\u00e7\u00e3o do plano de aplica\u00e7\u00e3o dos recursos da pol\u00edtica nacional Aldir Blanc de fomento \u00e0 cultura. \u203cUm momento de di\u00e1logo, escuta e constru\u00e7\u00e3o coletiva por uma cultura mais representativa eVeja mais\" \/>\n<meta property=\"og:url\" content=\"https:\/\/abelfigueiredo.pa.gov.br\/site\/plano-de-aplicacao-dos-recursos-da-politica-nacional-aldir-blanc-de-fomento-a-cultura\/\" \/>\n<meta property=\"og:site_name\" content=\"Prefeitura Municipal de Abel Figueiredo | Gest\u00e3o 2025-2028\" \/>\n<meta property=\"article:published_time\" content=\"2025-05-26T15:03:22+00:00\" \/>\n<meta property=\"article:modified_time\" content=\"2025-05-30T15:08:33+00:00\" \/>\n<meta property=\"og:image\" content=\"https:\/\/abelfigueiredo.pa.gov.br\/site\/wp-content\/uploads\/2025\/05\/1-bab1c550-scaled.jpg\" \/>\n\t<meta property=\"og:image:width\" content=\"2560\" \/>\n\t<meta property=\"og:image:height\" content=\"1920\" \/>\n\t<meta property=\"og:image:type\" content=\"image\/jpeg\" \/>\n<meta name=\"author\" content=\"ASCOM\" \/>\n<meta name=\"twitter:label1\" content=\"Escrito por\" \/>\n\t<meta name=\"twitter:data1\" content=\"ASCOM\" \/>\n<script type=\"application\/ld+json\" class=\"yoast-schema-graph\">{\"@context\":\"https:\/\/schema.org\",\"@graph\":[{\"@type\":\"WebPage\",\"@id\":\"https:\/\/abelfigueiredo.pa.gov.br\/site\/plano-de-aplicacao-dos-recursos-da-politica-nacional-aldir-blanc-de-fomento-a-cultura\/\",\"url\":\"https:\/\/abelfigueiredo.pa.gov.br\/site\/plano-de-aplicacao-dos-recursos-da-politica-nacional-aldir-blanc-de-fomento-a-cultura\/\",\"name\":\"Plano de aplica\u00e7\u00e3o dos recursos da pol\u00edtica nacional Aldir Blanc de fomento\u00a0\u00e0\u00a0cultura - Prefeitura Municipal de Abel Figueiredo | Gest\u00e3o 2025-2028\",\"isPartOf\":{\"@id\":\"https:\/\/abelfigueiredo.pa.gov.br\/site\/#website\"},\"primaryImageOfPage\":{\"@id\":\"https:\/\/abelfigueiredo.pa.gov.br\/site\/plano-de-aplicacao-dos-recursos-da-politica-nacional-aldir-blanc-de-fomento-a-cultura\/#primaryimage\"},\"image\":{\"@id\":\"https:\/\/abelfigueiredo.pa.gov.br\/site\/plano-de-aplicacao-dos-recursos-da-politica-nacional-aldir-blanc-de-fomento-a-cultura\/#primaryimage\"},\"thumbnailUrl\":\"https:\/\/abelfigueiredo.pa.gov.br\/site\/wp-content\/uploads\/2025\/05\/1-bab1c550-scaled.jpg\",\"datePublished\":\"2025-05-26T15:03:22+00:00\",\"dateModified\":\"2025-05-30T15:08:33+00:00\",\"author\":{\"@id\":\"https:\/\/abelfigueiredo.pa.gov.br\/site\/#\/schema\/person\/b7030c2e32bccfa38e6086b1ab3be678\"},\"inLanguage\":\"pt-BR\",\"potentialAction\":[{\"@type\":\"ReadAction\",\"target\":[\"https:\/\/abelfigueiredo.pa.gov.br\/site\/plano-de-aplicacao-dos-recursos-da-politica-nacional-aldir-blanc-de-fomento-a-cultura\/\"]}]},{\"@type\":\"ImageObject\",\"inLanguage\":\"pt-BR\",\"@id\":\"https:\/\/abelfigueiredo.pa.gov.br\/site\/plano-de-aplicacao-dos-recursos-da-politica-nacional-aldir-blanc-de-fomento-a-cultura\/#primaryimage\",\"url\":\"https:\/\/abelfigueiredo.pa.gov.br\/site\/wp-content\/uploads\/2025\/05\/1-bab1c550-scaled.jpg\",\"contentUrl\":\"https:\/\/abelfigueiredo.pa.gov.br\/site\/wp-content\/uploads\/2025\/05\/1-bab1c550-scaled.jpg\",\"width\":2560,\"height\":1920},{\"@type\":\"WebSite\",\"@id\":\"https:\/\/abelfigueiredo.pa.gov.br\/site\/#website\",\"url\":\"https:\/\/abelfigueiredo.pa.gov.br\/site\/\",\"name\":\"Prefeitura Municipal de Abel Figueiredo | Gest\u00e3o 2025-2028\",\"description\":\"Site oficial da Prefeitura Municipal de Abel Figueiredo\",\"potentialAction\":[{\"@type\":\"SearchAction\",\"target\":{\"@type\":\"EntryPoint\",\"urlTemplate\":\"https:\/\/abelfigueiredo.pa.gov.br\/site\/?s={search_term_string}\"},\"query-input\":{\"@type\":\"PropertyValueSpecification\",\"valueRequired\":true,\"valueName\":\"search_term_string\"}}],\"inLanguage\":\"pt-BR\"},{\"@type\":\"Person\",\"@id\":\"https:\/\/abelfigueiredo.pa.gov.br\/site\/#\/schema\/person\/b7030c2e32bccfa38e6086b1ab3be678\",\"name\":\"ASCOM\",\"image\":{\"@type\":\"ImageObject\",\"inLanguage\":\"pt-BR\",\"@id\":\"https:\/\/abelfigueiredo.pa.gov.br\/site\/#\/schema\/person\/image\/\",\"url\":\"https:\/\/secure.gravatar.com\/avatar\/ee6e3a6ac5793d71ee85d0aa82a0987b97fbd6c53d55b2480f9468ae70cdea28?s=96&d=mm&r=g\",\"contentUrl\":\"https:\/\/secure.gravatar.com\/avatar\/ee6e3a6ac5793d71ee85d0aa82a0987b97fbd6c53d55b2480f9468ae70cdea28?s=96&d=mm&r=g\",\"caption\":\"ASCOM\"},\"url\":\"https:\/\/abelfigueiredo.pa.gov.br\/site\/author\/ilhaproducoes\/\"}]}<\/script>\n<!-- \/ Yoast SEO plugin. -->","yoast_head_json":{"title":"Plano de aplica\u00e7\u00e3o dos recursos da pol\u00edtica nacional Aldir Blanc de fomento\u00a0\u00e0\u00a0cultura - Prefeitura Municipal de Abel Figueiredo | Gest\u00e3o 2025-2028","robots":{"index":"index","follow":"follow","max-snippet":"max-snippet:-1","max-image-preview":"max-image-preview:large","max-video-preview":"max-video-preview:-1"},"canonical":"https:\/\/abelfigueiredo.pa.gov.br\/site\/plano-de-aplicacao-dos-recursos-da-politica-nacional-aldir-blanc-de-fomento-a-cultura\/","og_locale":"pt_BR","og_type":"article","og_title":"Plano de aplica\u00e7\u00e3o dos recursos da pol\u00edtica nacional Aldir Blanc de fomento\u00a0\u00e0\u00a0cultura - Prefeitura Municipal de Abel Figueiredo | Gest\u00e3o 2025-2028","og_description":"\u2705 No dia 26 de maio, reunimos agentes culturais, fazedores e produtores de cultura no Audit\u00f3rio da Secretaria Municipal de Desenvolvimento Social para debater a constru\u00e7\u00e3o do plano de aplica\u00e7\u00e3o dos recursos da pol\u00edtica nacional Aldir Blanc de fomento \u00e0 cultura. \u203cUm momento de di\u00e1logo, escuta e constru\u00e7\u00e3o coletiva por uma cultura mais representativa eVeja mais","og_url":"https:\/\/abelfigueiredo.pa.gov.br\/site\/plano-de-aplicacao-dos-recursos-da-politica-nacional-aldir-blanc-de-fomento-a-cultura\/","og_site_name":"Prefeitura Municipal de Abel Figueiredo | Gest\u00e3o 2025-2028","article_published_time":"2025-05-26T15:03:22+00:00","article_modified_time":"2025-05-30T15:08:33+00:00","og_image":[{"width":2560,"height":1920,"url":"https:\/\/abelfigueiredo.pa.gov.br\/site\/wp-content\/uploads\/2025\/05\/1-bab1c550-scaled.jpg","type":"image\/jpeg"}],"author":"ASCOM","twitter_misc":{"Escrito por":"ASCOM"},"schema":{"@context":"https:\/\/schema.org","@graph":[{"@type":"WebPage","@id":"https:\/\/abelfigueiredo.pa.gov.br\/site\/plano-de-aplicacao-dos-recursos-da-politica-nacional-aldir-blanc-de-fomento-a-cultura\/","url":"https:\/\/abelfigueiredo.pa.gov.br\/site\/plano-de-aplicacao-dos-recursos-da-politica-nacional-aldir-blanc-de-fomento-a-cultura\/","name":"Plano de aplica\u00e7\u00e3o dos recursos da pol\u00edtica nacional Aldir Blanc de fomento\u00a0\u00e0\u00a0cultura - Prefeitura Municipal de Abel Figueiredo | Gest\u00e3o 2025-2028","isPartOf":{"@id":"https:\/\/abelfigueiredo.pa.gov.br\/site\/#website"},"primaryImageOfPage":{"@id":"https:\/\/abelfigueiredo.pa.gov.br\/site\/plano-de-aplicacao-dos-recursos-da-politica-nacional-aldir-blanc-de-fomento-a-cultura\/#primaryimage"},"image":{"@id":"https:\/\/abelfigueiredo.pa.gov.br\/site\/plano-de-aplicacao-dos-recursos-da-politica-nacional-aldir-blanc-de-fomento-a-cultura\/#primaryimage"},"thumbnailUrl":"https:\/\/abelfigueiredo.pa.gov.br\/site\/wp-content\/uploads\/2025\/05\/1-bab1c550-scaled.jpg","datePublished":"2025-05-26T15:03:22+00:00","dateModified":"2025-05-30T15:08:33+00:00","author":{"@id":"https:\/\/abelfigueiredo.pa.gov.br\/site\/#\/schema\/person\/b7030c2e32bccfa38e6086b1ab3be678"},"inLanguage":"pt-BR","potentialAction":[{"@type":"ReadAction","target":["https:\/\/abelfigueiredo.pa.gov.br\/site\/plano-de-aplicacao-dos-recursos-da-politica-nacional-aldir-blanc-de-fomento-a-cultura\/"]}]},{"@type":"ImageObject","inLanguage":"pt-BR","@id":"https:\/\/abelfigueiredo.pa.gov.br\/site\/plano-de-aplicacao-dos-recursos-da-politica-nacional-aldir-blanc-de-fomento-a-cultura\/#primaryimage","url":"https:\/\/abelfigueiredo.pa.gov.br\/site\/wp-content\/uploads\/2025\/05\/1-bab1c550-scaled.jpg","contentUrl":"https:\/\/abelfigueiredo.pa.gov.br\/site\/wp-content\/uploads\/2025\/05\/1-bab1c550-scaled.jpg","width":2560,"height":1920},{"@type":"WebSite","@id":"https:\/\/abelfigueiredo.pa.gov.br\/site\/#website","url":"https:\/\/abelfigueiredo.pa.gov.br\/site\/","name":"Prefeitura Municipal de Abel Figueiredo | Gest\u00e3o 2025-2028","description":"Site oficial da Prefeitura Municipal de Abel Figueiredo","potentialAction":[{"@type":"SearchAction","target":{"@type":"EntryPoint","urlTemplate":"https:\/\/abelfigueiredo.pa.gov.br\/site\/?s={search_term_string}"},"query-input":{"@type":"PropertyValueSpecification","valueRequired":true,"valueName":"search_term_string"}}],"inLanguage":"pt-BR"},{"@type":"Person","@id":"https:\/\/abelfigueiredo.pa.gov.br\/site\/#\/schema\/person\/b7030c2e32bccfa38e6086b1ab3be678","name":"ASCOM","image":{"@type":"ImageObject","inLanguage":"pt-BR","@id":"https:\/\/abelfigueiredo.pa.gov.br\/site\/#\/schema\/person\/image\/","url":"https:\/\/secure.gravatar.com\/avatar\/ee6e3a6ac5793d71ee85d0aa82a0987b97fbd6c53d55b2480f9468ae70cdea28?s=96&d=mm&r=g","contentUrl":"https:\/\/secure.gravatar.com\/avatar\/ee6e3a6ac5793d71ee85d0aa82a0987b97fbd6c53d55b2480f9468ae70cdea28?s=96&d=mm&r=g","caption":"ASCOM"},"url":"https:\/\/abelfigueiredo.pa.gov.br\/site\/author\/ilhaproducoes\/"}]}},"_links":{"self":[{"href":"https:\/\/abelfigueiredo.pa.gov.br\/site\/wp-json\/wp\/v2\/posts\/19375","targetHints":{"allow":["GET"]}}],"collection":[{"href":"https:\/\/abelfigueiredo.pa.gov.br\/site\/wp-json\/wp\/v2\/posts"}],"about":[{"href":"https:\/\/abelfigueiredo.pa.gov.br\/site\/wp-json\/wp\/v2\/types\/post"}],"author":[{"embeddable":true,"href":"https:\/\/abelfigueiredo.pa.gov.br\/site\/wp-json\/wp\/v2\/users\/40"}],"replies":[{"embeddable":true,"href":"https:\/\/abelfigueiredo.pa.gov.br\/site\/wp-json\/wp\/v2\/comments?post=19375"}],"version-history":[{"count":1,"href":"https:\/\/abelfigueiredo.pa.gov.br\/site\/wp-json\/wp\/v2\/posts\/19375\/revisions"}],"predecessor-version":[{"id":19379,"href":"https:\/\/abelfigueiredo.pa.gov.br\/site\/wp-json\/wp\/v2\/posts\/19375\/revisions\/19379"}],"wp:featuredmedia":[{"embeddable":true,"href":"https:\/\/abelfigueiredo.pa.gov.br\/site\/wp-json\/wp\/v2\/media\/19376"}],"wp:attachment":[{"href":"https:\/\/abelfigueiredo.pa.gov.br\/site\/wp-json\/wp\/v2\/media?parent=19375"}],"wp:term":[{"taxonomy":"category","embeddable":true,"href":"https:\/\/abelfigueiredo.pa.gov.br\/site\/wp-json\/wp\/v2\/categories?post=19375"},{"taxonomy":"post_tag","embeddable":true,"href":"https:\/\/abelfigueiredo.pa.gov.br\/site\/wp-json\/wp\/v2\/tags?post=19375"}],"curies":[{"name":"wp","href":"https:\/\/api.w.org\/{rel}","templated":true}]}}