{"id":19194,"date":"2025-05-12T11:28:24","date_gmt":"2025-05-12T14:28:24","guid":{"rendered":"https:\/\/abelfigueiredo.pa.gov.br\/site\/?p=19194"},"modified":"2025-05-13T11:31:57","modified_gmt":"2025-05-13T14:31:57","slug":"12-de-maio-dia-internacional-da-enfermagem","status":"publish","type":"post","link":"https:\/\/abelfigueiredo.pa.gov.br\/site\/12-de-maio-dia-internacional-da-enfermagem\/","title":{"rendered":"12 de Maio \u2013 Dia Internacional da Enfermagem"},"content":{"rendered":"<p>Homenagem a Diones Souza Brasil \u2013 In Memoriam<\/p>\n<p>Neste 12 de maio, Dia Internacional da Enfermagem, prestamos uma homenagem especial e cheia de carinho \u00e0 mem\u00f3ria de Diones Souza, (Enfermeiro)<\/p>\n<p>Com mais de 20 anos de atua\u00e7\u00e3o dedicada ao munic\u00edpio de Abel Figueiredo, Diones foi muito mais que um profissional da sa\u00fade. Foi presen\u00e7a constante nos momentos mais delicados, sempre com aten\u00e7\u00e3o, empatia e o compromisso de servir ao pr\u00f3ximo com dignidade e humanidade.<\/p>\n<p>Sua aus\u00eancia \u00e9 sentida, mas seu legado permanece vivo em cada hist\u00f3ria de cuidado, em cada vida tocada por seu trabalho.<\/p>\n<p>Neste dia de reconhecimento a todos os profissionais da enfermagem, reverenciamos tamb\u00e9m a vida e a contribui\u00e7\u00e3o de Diones Souza Brasil \u2013 In Memoriam, exemplo de amor, servi\u00e7o e voca\u00e7\u00e3o.<\/p>\n<p><a href=\"https:\/\/abelfigueiredo.pa.gov.br\/site\/wp-content\/uploads\/2025\/05\/WhatsApp-Image-2025-05-12-at-19.00.27-2.jpeg\"><img loading=\"lazy\" decoding=\"async\" class=\"alignnone size-medium wp-image-19195\" src=\"https:\/\/abelfigueiredo.pa.gov.br\/site\/wp-content\/uploads\/2025\/05\/WhatsApp-Image-2025-05-12-at-19.00.27-2-169x300.jpeg\" alt=\"\" width=\"169\" height=\"300\" srcset=\"https:\/\/abelfigueiredo.pa.gov.br\/site\/wp-content\/uploads\/2025\/05\/WhatsApp-Image-2025-05-12-at-19.00.27-2-169x300.jpeg 169w, https:\/\/abelfigueiredo.pa.gov.br\/site\/wp-content\/uploads\/2025\/05\/WhatsApp-Image-2025-05-12-at-19.00.27-2-576x1024.jpeg 576w, https:\/\/abelfigueiredo.pa.gov.br\/site\/wp-content\/uploads\/2025\/05\/WhatsApp-Image-2025-05-12-at-19.00.27-2-768x1365.jpeg 768w, https:\/\/abelfigueiredo.pa.gov.br\/site\/wp-content\/uploads\/2025\/05\/WhatsApp-Image-2025-05-12-at-19.00.27-2-864x1536.jpeg 864w, https:\/\/abelfigueiredo.pa.gov.br\/site\/wp-content\/uploads\/2025\/05\/WhatsApp-Image-2025-05-12-at-19.00.27-2.jpeg 900w\" sizes=\"auto, (max-width: 169px) 100vw, 169px\" \/><\/a> <a href=\"https:\/\/abelfigueiredo.pa.gov.br\/site\/wp-content\/uploads\/2025\/05\/WhatsApp-Image-2025-05-12-at-19.00.27-1.jpeg\"><img loading=\"lazy\" decoding=\"async\" class=\"alignnone size-medium wp-image-19196\" src=\"https:\/\/abelfigueiredo.pa.gov.br\/site\/wp-content\/uploads\/2025\/05\/WhatsApp-Image-2025-05-12-at-19.00.27-1-169x300.jpeg\" alt=\"\" width=\"169\" height=\"300\" srcset=\"https:\/\/abelfigueiredo.pa.gov.br\/site\/wp-content\/uploads\/2025\/05\/WhatsApp-Image-2025-05-12-at-19.00.27-1-169x300.jpeg 169w, https:\/\/abelfigueiredo.pa.gov.br\/site\/wp-content\/uploads\/2025\/05\/WhatsApp-Image-2025-05-12-at-19.00.27-1-576x1024.jpeg 576w, https:\/\/abelfigueiredo.pa.gov.br\/site\/wp-content\/uploads\/2025\/05\/WhatsApp-Image-2025-05-12-at-19.00.27-1-768x1365.jpeg 768w, https:\/\/abelfigueiredo.pa.gov.br\/site\/wp-content\/uploads\/2025\/05\/WhatsApp-Image-2025-05-12-at-19.00.27-1-864x1536.jpeg 864w, https:\/\/abelfigueiredo.pa.gov.br\/site\/wp-content\/uploads\/2025\/05\/WhatsApp-Image-2025-05-12-at-19.00.27-1.jpeg 900w\" sizes=\"auto, (max-width: 169px) 100vw, 169px\" \/><\/a> <a href=\"https:\/\/abelfigueiredo.pa.gov.br\/site\/wp-content\/uploads\/2025\/05\/WhatsApp-Image-2025-05-12-at-19.00.27.jpeg\"><img loading=\"lazy\" decoding=\"async\" class=\"alignnone size-medium wp-image-19197\" src=\"https:\/\/abelfigueiredo.pa.gov.br\/site\/wp-content\/uploads\/2025\/05\/WhatsApp-Image-2025-05-12-at-19.00.27-169x300.jpeg\" alt=\"\" width=\"169\" height=\"300\" srcset=\"https:\/\/abelfigueiredo.pa.gov.br\/site\/wp-content\/uploads\/2025\/05\/WhatsApp-Image-2025-05-12-at-19.00.27-169x300.jpeg 169w, https:\/\/abelfigueiredo.pa.gov.br\/site\/wp-content\/uploads\/2025\/05\/WhatsApp-Image-2025-05-12-at-19.00.27-576x1024.jpeg 576w, https:\/\/abelfigueiredo.pa.gov.br\/site\/wp-content\/uploads\/2025\/05\/WhatsApp-Image-2025-05-12-at-19.00.27-768x1365.jpeg 768w, https:\/\/abelfigueiredo.pa.gov.br\/site\/wp-content\/uploads\/2025\/05\/WhatsApp-Image-2025-05-12-at-19.00.27-864x1536.jpeg 864w, https:\/\/abelfigueiredo.pa.gov.br\/site\/wp-content\/uploads\/2025\/05\/WhatsApp-Image-2025-05-12-at-19.00.27.jpeg 900w\" sizes=\"auto, (max-width: 169px) 100vw, 169px\" \/><\/a><\/p>\n","protected":false},"excerpt":{"rendered":"<p>Homenagem a Diones Souza Brasil \u2013 In Memoriam Neste 12 de maio, Dia Internacional da Enfermagem, prestamos uma homenagem especial e cheia de carinho \u00e0 mem\u00f3ria de Diones Souza, (Enfermeiro) Com mais de 20 anos de atua\u00e7\u00e3o dedicada ao munic\u00edpio de Abel Figueiredo, Diones foi muito mais que um profissional da sa\u00fade. Foi presen\u00e7a constante<\/p>\n<div class=\"read-more\"><a href=\"https:\/\/abelfigueiredo.pa.gov.br\/site\/12-de-maio-dia-internacional-da-enfermagem\/\" title=\"Veja mais\">Veja mais<\/a><\/div>\n","protected":false},"author":40,"featured_media":19197,"comment_status":"closed","ping_status":"closed","sticky":false,"template":"","format":"standard","meta":{"footnotes":""},"categories":[1],"tags":[],"class_list":{"0":"post-19194","1":"post","2":"type-post","3":"status-publish","4":"format-standard","5":"has-post-thumbnail","7":"category-noticias"},"yoast_head":"<!-- This site is optimized with the Yoast SEO plugin v26.6 - https:\/\/yoast.com\/wordpress\/plugins\/seo\/ -->\n<title>12 de Maio \u2013 Dia Internacional da Enfermagem - Prefeitura Municipal de Abel Figueiredo | Gest\u00e3o 2025-2028<\/title>\n<meta name=\"robots\" content=\"index, follow, max-snippet:-1, max-image-preview:large, max-video-preview:-1\" \/>\n<link rel=\"canonical\" href=\"https:\/\/abelfigueiredo.pa.gov.br\/site\/12-de-maio-dia-internacional-da-enfermagem\/\" \/>\n<meta property=\"og:locale\" content=\"pt_BR\" \/>\n<meta property=\"og:type\" content=\"article\" \/>\n<meta property=\"og:title\" content=\"12 de Maio \u2013 Dia Internacional da Enfermagem - Prefeitura Municipal de Abel Figueiredo | Gest\u00e3o 2025-2028\" \/>\n<meta property=\"og:description\" content=\"Homenagem a Diones Souza Brasil \u2013 In Memoriam Neste 12 de maio, Dia Internacional da Enfermagem, prestamos uma homenagem especial e cheia de carinho \u00e0 mem\u00f3ria de Diones Souza, (Enfermeiro) Com mais de 20 anos de atua\u00e7\u00e3o dedicada ao munic\u00edpio de Abel Figueiredo, Diones foi muito mais que um profissional da sa\u00fade. Foi presen\u00e7a constanteVeja mais\" \/>\n<meta property=\"og:url\" content=\"https:\/\/abelfigueiredo.pa.gov.br\/site\/12-de-maio-dia-internacional-da-enfermagem\/\" \/>\n<meta property=\"og:site_name\" content=\"Prefeitura Municipal de Abel Figueiredo | Gest\u00e3o 2025-2028\" \/>\n<meta property=\"article:published_time\" content=\"2025-05-12T14:28:24+00:00\" \/>\n<meta property=\"article:modified_time\" content=\"2025-05-13T14:31:57+00:00\" \/>\n<meta property=\"og:image\" content=\"https:\/\/abelfigueiredo.pa.gov.br\/site\/wp-content\/uploads\/2025\/05\/WhatsApp-Image-2025-05-12-at-19.00.27.jpeg\" \/>\n\t<meta property=\"og:image:width\" content=\"900\" \/>\n\t<meta property=\"og:image:height\" content=\"1600\" \/>\n\t<meta property=\"og:image:type\" content=\"image\/jpeg\" \/>\n<meta name=\"author\" content=\"ASCOM\" \/>\n<meta name=\"twitter:label1\" content=\"Escrito por\" \/>\n\t<meta name=\"twitter:data1\" content=\"ASCOM\" \/>\n\t<meta name=\"twitter:label2\" content=\"Est. tempo de leitura\" \/>\n\t<meta name=\"twitter:data2\" content=\"1 minuto\" \/>\n<script type=\"application\/ld+json\" class=\"yoast-schema-graph\">{\"@context\":\"https:\/\/schema.org\",\"@graph\":[{\"@type\":\"WebPage\",\"@id\":\"https:\/\/abelfigueiredo.pa.gov.br\/site\/12-de-maio-dia-internacional-da-enfermagem\/\",\"url\":\"https:\/\/abelfigueiredo.pa.gov.br\/site\/12-de-maio-dia-internacional-da-enfermagem\/\",\"name\":\"12 de Maio \u2013 Dia Internacional da Enfermagem - Prefeitura Municipal de Abel Figueiredo | Gest\u00e3o 2025-2028\",\"isPartOf\":{\"@id\":\"https:\/\/abelfigueiredo.pa.gov.br\/site\/#website\"},\"primaryImageOfPage\":{\"@id\":\"https:\/\/abelfigueiredo.pa.gov.br\/site\/12-de-maio-dia-internacional-da-enfermagem\/#primaryimage\"},\"image\":{\"@id\":\"https:\/\/abelfigueiredo.pa.gov.br\/site\/12-de-maio-dia-internacional-da-enfermagem\/#primaryimage\"},\"thumbnailUrl\":\"https:\/\/abelfigueiredo.pa.gov.br\/site\/wp-content\/uploads\/2025\/05\/WhatsApp-Image-2025-05-12-at-19.00.27.jpeg\",\"datePublished\":\"2025-05-12T14:28:24+00:00\",\"dateModified\":\"2025-05-13T14:31:57+00:00\",\"author\":{\"@id\":\"https:\/\/abelfigueiredo.pa.gov.br\/site\/#\/schema\/person\/b7030c2e32bccfa38e6086b1ab3be678\"},\"inLanguage\":\"pt-BR\",\"potentialAction\":[{\"@type\":\"ReadAction\",\"target\":[\"https:\/\/abelfigueiredo.pa.gov.br\/site\/12-de-maio-dia-internacional-da-enfermagem\/\"]}]},{\"@type\":\"ImageObject\",\"inLanguage\":\"pt-BR\",\"@id\":\"https:\/\/abelfigueiredo.pa.gov.br\/site\/12-de-maio-dia-internacional-da-enfermagem\/#primaryimage\",\"url\":\"https:\/\/abelfigueiredo.pa.gov.br\/site\/wp-content\/uploads\/2025\/05\/WhatsApp-Image-2025-05-12-at-19.00.27.jpeg\",\"contentUrl\":\"https:\/\/abelfigueiredo.pa.gov.br\/site\/wp-content\/uploads\/2025\/05\/WhatsApp-Image-2025-05-12-at-19.00.27.jpeg\",\"width\":900,\"height\":1600},{\"@type\":\"WebSite\",\"@id\":\"https:\/\/abelfigueiredo.pa.gov.br\/site\/#website\",\"url\":\"https:\/\/abelfigueiredo.pa.gov.br\/site\/\",\"name\":\"Prefeitura Municipal de Abel Figueiredo | Gest\u00e3o 2025-2028\",\"description\":\"Site oficial da Prefeitura Municipal de Abel Figueiredo\",\"potentialAction\":[{\"@type\":\"SearchAction\",\"target\":{\"@type\":\"EntryPoint\",\"urlTemplate\":\"https:\/\/abelfigueiredo.pa.gov.br\/site\/?s={search_term_string}\"},\"query-input\":{\"@type\":\"PropertyValueSpecification\",\"valueRequired\":true,\"valueName\":\"search_term_string\"}}],\"inLanguage\":\"pt-BR\"},{\"@type\":\"Person\",\"@id\":\"https:\/\/abelfigueiredo.pa.gov.br\/site\/#\/schema\/person\/b7030c2e32bccfa38e6086b1ab3be678\",\"name\":\"ASCOM\",\"image\":{\"@type\":\"ImageObject\",\"inLanguage\":\"pt-BR\",\"@id\":\"https:\/\/abelfigueiredo.pa.gov.br\/site\/#\/schema\/person\/image\/\",\"url\":\"https:\/\/secure.gravatar.com\/avatar\/ee6e3a6ac5793d71ee85d0aa82a0987b97fbd6c53d55b2480f9468ae70cdea28?s=96&d=mm&r=g\",\"contentUrl\":\"https:\/\/secure.gravatar.com\/avatar\/ee6e3a6ac5793d71ee85d0aa82a0987b97fbd6c53d55b2480f9468ae70cdea28?s=96&d=mm&r=g\",\"caption\":\"ASCOM\"},\"url\":\"https:\/\/abelfigueiredo.pa.gov.br\/site\/author\/ilhaproducoes\/\"}]}<\/script>\n<!-- \/ Yoast SEO plugin. -->","yoast_head_json":{"title":"12 de Maio \u2013 Dia Internacional da Enfermagem - Prefeitura Municipal de Abel Figueiredo | Gest\u00e3o 2025-2028","robots":{"index":"index","follow":"follow","max-snippet":"max-snippet:-1","max-image-preview":"max-image-preview:large","max-video-preview":"max-video-preview:-1"},"canonical":"https:\/\/abelfigueiredo.pa.gov.br\/site\/12-de-maio-dia-internacional-da-enfermagem\/","og_locale":"pt_BR","og_type":"article","og_title":"12 de Maio \u2013 Dia Internacional da Enfermagem - Prefeitura Municipal de Abel Figueiredo | Gest\u00e3o 2025-2028","og_description":"Homenagem a Diones Souza Brasil \u2013 In Memoriam Neste 12 de maio, Dia Internacional da Enfermagem, prestamos uma homenagem especial e cheia de carinho \u00e0 mem\u00f3ria de Diones Souza, (Enfermeiro) Com mais de 20 anos de atua\u00e7\u00e3o dedicada ao munic\u00edpio de Abel Figueiredo, Diones foi muito mais que um profissional da sa\u00fade. Foi presen\u00e7a constanteVeja mais","og_url":"https:\/\/abelfigueiredo.pa.gov.br\/site\/12-de-maio-dia-internacional-da-enfermagem\/","og_site_name":"Prefeitura Municipal de Abel Figueiredo | Gest\u00e3o 2025-2028","article_published_time":"2025-05-12T14:28:24+00:00","article_modified_time":"2025-05-13T14:31:57+00:00","og_image":[{"width":900,"height":1600,"url":"https:\/\/abelfigueiredo.pa.gov.br\/site\/wp-content\/uploads\/2025\/05\/WhatsApp-Image-2025-05-12-at-19.00.27.jpeg","type":"image\/jpeg"}],"author":"ASCOM","twitter_misc":{"Escrito por":"ASCOM","Est. tempo de leitura":"1 minuto"},"schema":{"@context":"https:\/\/schema.org","@graph":[{"@type":"WebPage","@id":"https:\/\/abelfigueiredo.pa.gov.br\/site\/12-de-maio-dia-internacional-da-enfermagem\/","url":"https:\/\/abelfigueiredo.pa.gov.br\/site\/12-de-maio-dia-internacional-da-enfermagem\/","name":"12 de Maio \u2013 Dia Internacional da Enfermagem - Prefeitura Municipal de Abel Figueiredo | Gest\u00e3o 2025-2028","isPartOf":{"@id":"https:\/\/abelfigueiredo.pa.gov.br\/site\/#website"},"primaryImageOfPage":{"@id":"https:\/\/abelfigueiredo.pa.gov.br\/site\/12-de-maio-dia-internacional-da-enfermagem\/#primaryimage"},"image":{"@id":"https:\/\/abelfigueiredo.pa.gov.br\/site\/12-de-maio-dia-internacional-da-enfermagem\/#primaryimage"},"thumbnailUrl":"https:\/\/abelfigueiredo.pa.gov.br\/site\/wp-content\/uploads\/2025\/05\/WhatsApp-Image-2025-05-12-at-19.00.27.jpeg","datePublished":"2025-05-12T14:28:24+00:00","dateModified":"2025-05-13T14:31:57+00:00","author":{"@id":"https:\/\/abelfigueiredo.pa.gov.br\/site\/#\/schema\/person\/b7030c2e32bccfa38e6086b1ab3be678"},"inLanguage":"pt-BR","potentialAction":[{"@type":"ReadAction","target":["https:\/\/abelfigueiredo.pa.gov.br\/site\/12-de-maio-dia-internacional-da-enfermagem\/"]}]},{"@type":"ImageObject","inLanguage":"pt-BR","@id":"https:\/\/abelfigueiredo.pa.gov.br\/site\/12-de-maio-dia-internacional-da-enfermagem\/#primaryimage","url":"https:\/\/abelfigueiredo.pa.gov.br\/site\/wp-content\/uploads\/2025\/05\/WhatsApp-Image-2025-05-12-at-19.00.27.jpeg","contentUrl":"https:\/\/abelfigueiredo.pa.gov.br\/site\/wp-content\/uploads\/2025\/05\/WhatsApp-Image-2025-05-12-at-19.00.27.jpeg","width":900,"height":1600},{"@type":"WebSite","@id":"https:\/\/abelfigueiredo.pa.gov.br\/site\/#website","url":"https:\/\/abelfigueiredo.pa.gov.br\/site\/","name":"Prefeitura Municipal de Abel Figueiredo | Gest\u00e3o 2025-2028","description":"Site oficial da Prefeitura Municipal de Abel Figueiredo","potentialAction":[{"@type":"SearchAction","target":{"@type":"EntryPoint","urlTemplate":"https:\/\/abelfigueiredo.pa.gov.br\/site\/?s={search_term_string}"},"query-input":{"@type":"PropertyValueSpecification","valueRequired":true,"valueName":"search_term_string"}}],"inLanguage":"pt-BR"},{"@type":"Person","@id":"https:\/\/abelfigueiredo.pa.gov.br\/site\/#\/schema\/person\/b7030c2e32bccfa38e6086b1ab3be678","name":"ASCOM","image":{"@type":"ImageObject","inLanguage":"pt-BR","@id":"https:\/\/abelfigueiredo.pa.gov.br\/site\/#\/schema\/person\/image\/","url":"https:\/\/secure.gravatar.com\/avatar\/ee6e3a6ac5793d71ee85d0aa82a0987b97fbd6c53d55b2480f9468ae70cdea28?s=96&d=mm&r=g","contentUrl":"https:\/\/secure.gravatar.com\/avatar\/ee6e3a6ac5793d71ee85d0aa82a0987b97fbd6c53d55b2480f9468ae70cdea28?s=96&d=mm&r=g","caption":"ASCOM"},"url":"https:\/\/abelfigueiredo.pa.gov.br\/site\/author\/ilhaproducoes\/"}]}},"_links":{"self":[{"href":"https:\/\/abelfigueiredo.pa.gov.br\/site\/wp-json\/wp\/v2\/posts\/19194","targetHints":{"allow":["GET"]}}],"collection":[{"href":"https:\/\/abelfigueiredo.pa.gov.br\/site\/wp-json\/wp\/v2\/posts"}],"about":[{"href":"https:\/\/abelfigueiredo.pa.gov.br\/site\/wp-json\/wp\/v2\/types\/post"}],"author":[{"embeddable":true,"href":"https:\/\/abelfigueiredo.pa.gov.br\/site\/wp-json\/wp\/v2\/users\/40"}],"replies":[{"embeddable":true,"href":"https:\/\/abelfigueiredo.pa.gov.br\/site\/wp-json\/wp\/v2\/comments?post=19194"}],"version-history":[{"count":1,"href":"https:\/\/abelfigueiredo.pa.gov.br\/site\/wp-json\/wp\/v2\/posts\/19194\/revisions"}],"predecessor-version":[{"id":19198,"href":"https:\/\/abelfigueiredo.pa.gov.br\/site\/wp-json\/wp\/v2\/posts\/19194\/revisions\/19198"}],"wp:featuredmedia":[{"embeddable":true,"href":"https:\/\/abelfigueiredo.pa.gov.br\/site\/wp-json\/wp\/v2\/media\/19197"}],"wp:attachment":[{"href":"https:\/\/abelfigueiredo.pa.gov.br\/site\/wp-json\/wp\/v2\/media?parent=19194"}],"wp:term":[{"taxonomy":"category","embeddable":true,"href":"https:\/\/abelfigueiredo.pa.gov.br\/site\/wp-json\/wp\/v2\/categories?post=19194"},{"taxonomy":"post_tag","embeddable":true,"href":"https:\/\/abelfigueiredo.pa.gov.br\/site\/wp-json\/wp\/v2\/tags?post=19194"}],"curies":[{"name":"wp","href":"https:\/\/api.w.org\/{rel}","templated":true}]}}