{"id":19179,"date":"2025-05-10T11:04:23","date_gmt":"2025-05-10T14:04:23","guid":{"rendered":"https:\/\/abelfigueiredo.pa.gov.br\/site\/?p=19179"},"modified":"2025-05-12T11:32:50","modified_gmt":"2025-05-12T14:32:50","slug":"visita-do-ministro-do-turismo-celso-sabino-na-obra-da-futura-lagoa-de-abel-figueiredo-pa","status":"publish","type":"post","link":"https:\/\/abelfigueiredo.pa.gov.br\/site\/visita-do-ministro-do-turismo-celso-sabino-na-obra-da-futura-lagoa-de-abel-figueiredo-pa\/","title":{"rendered":"VISITA DO MINISTRO DO TURISMO CELSO SABINO NA OBRA DA FUTURA LAGOA DE ABEL FIGUEIREDO-PA"},"content":{"rendered":"<p><span class=\"_fadeIn_m1hgl_8\">Neste <\/span><span class=\"_fadeIn_m1hgl_8\">s\u00e1bado, <\/span><span class=\"_fadeIn_m1hgl_8\">Abel <\/span><span class=\"_fadeIn_m1hgl_8\">Figueiredo <\/span><span class=\"_fadeIn_m1hgl_8\">teve <\/span><span class=\"_fadeIn_m1hgl_8\">a <\/span><span class=\"_fadeIn_m1hgl_8\">honra <\/span><span class=\"_fadeIn_m1hgl_8\">de <\/span><span class=\"_fadeIn_m1hgl_8\">receber <\/span><span class=\"_fadeIn_m1hgl_8\">a <\/span><span class=\"_fadeIn_m1hgl_8\">ilustre <\/span><span class=\"_fadeIn_m1hgl_8\">presen\u00e7a <\/span><span class=\"_fadeIn_m1hgl_8\">do <\/span><span class=\"_fadeIn_m1hgl_8\">Ministro <\/span><span class=\"_fadeIn_m1hgl_8\">do <\/span><span class=\"_fadeIn_m1hgl_8\">Turismo, <\/span><span class=\"_fadeIn_m1hgl_8\">Celso <\/span><span class=\"_fadeIn_m1hgl_8\">Sabino, <\/span><span class=\"_fadeIn_m1hgl_8\">que <\/span><span class=\"_fadeIn_m1hgl_8\">visitou <\/span><span class=\"_fadeIn_m1hgl_8\">as <\/span><span class=\"_fadeIn_m1hgl_8\">obras <\/span><span class=\"_fadeIn_m1hgl_8\">da <\/span><span class=\"_fadeIn_m1hgl_8\">Lagoa \u2014 <\/span><span class=\"_fadeIn_m1hgl_8\">futuro <\/span><span class=\"_fadeIn_m1hgl_8\">cart\u00e3o-<\/span><span class=\"_fadeIn_m1hgl_8\">postal <\/span><span class=\"_fadeIn_m1hgl_8\">da <\/span><span class=\"_fadeIn_m1hgl_8\">cidade. <\/span><span class=\"_fadeIn_m1hgl_8\">Durante <\/span><span class=\"_fadeIn_m1hgl_8\">a <\/span><span class=\"_fadeIn_m1hgl_8\">visita, <\/span><span class=\"_fadeIn_m1hgl_8\">o <\/span><span class=\"_fadeIn_m1hgl_8\">ministro <\/span><span class=\"_fadeIn_m1hgl_8\">reafirmou <\/span><span class=\"_fadeIn_m1hgl_8\">total <\/span><span class=\"_fadeIn_m1hgl_8\">apoio <\/span><span class=\"_fadeIn_m1hgl_8\">e <\/span><span class=\"_fadeIn_m1hgl_8\">parceria <\/span><span class=\"_fadeIn_m1hgl_8\">com <\/span><span class=\"_fadeIn_m1hgl_8\">o <\/span><span class=\"_fadeIn_m1hgl_8\">prefeito <\/span><span class=\"_fadeIn_m1hgl_8\">Marcone <\/span><span class=\"_fadeIn_m1hgl_8\">para <\/span><span class=\"_fadeIn_m1hgl_8\">a <\/span><span class=\"_fadeIn_m1hgl_8\">concretiza\u00e7\u00e3o <\/span><span class=\"_fadeIn_m1hgl_8\">desse <\/span><span class=\"_fadeIn_m1hgl_8\">grande <\/span><span class=\"_fadeIn_m1hgl_8\">sonho <\/span><span class=\"_fadeIn_m1hgl_8\">da <\/span><span class=\"_fadeIn_m1hgl_8\">popula\u00e7\u00e3o: <\/span><span class=\"_fadeIn_m1hgl_8\">a <\/span><span class=\"_fadeIn_m1hgl_8\">constru\u00e7\u00e3o <\/span><span class=\"_fadeIn_m1hgl_8\">da <\/span><span class=\"_fadeIn_m1hgl_8\">Lagoa.<\/span><\/p>\n<p><a href=\"https:\/\/abelfigueiredo.pa.gov.br\/site\/wp-content\/uploads\/2025\/05\/WhatsApp-Image-2025-05-12-at-11.29.42-1.jpeg\"><img loading=\"lazy\" decoding=\"async\" class=\"alignnone size-medium wp-image-19191\" src=\"https:\/\/abelfigueiredo.pa.gov.br\/site\/wp-content\/uploads\/2025\/05\/WhatsApp-Image-2025-05-12-at-11.29.42-1-300x225.jpeg\" alt=\"\" width=\"300\" height=\"225\" srcset=\"https:\/\/abelfigueiredo.pa.gov.br\/site\/wp-content\/uploads\/2025\/05\/WhatsApp-Image-2025-05-12-at-11.29.42-1-300x225.jpeg 300w, https:\/\/abelfigueiredo.pa.gov.br\/site\/wp-content\/uploads\/2025\/05\/WhatsApp-Image-2025-05-12-at-11.29.42-1-1024x768.jpeg 1024w, https:\/\/abelfigueiredo.pa.gov.br\/site\/wp-content\/uploads\/2025\/05\/WhatsApp-Image-2025-05-12-at-11.29.42-1-768x576.jpeg 768w, https:\/\/abelfigueiredo.pa.gov.br\/site\/wp-content\/uploads\/2025\/05\/WhatsApp-Image-2025-05-12-at-11.29.42-1-1536x1152.jpeg 1536w, https:\/\/abelfigueiredo.pa.gov.br\/site\/wp-content\/uploads\/2025\/05\/WhatsApp-Image-2025-05-12-at-11.29.42-1.jpeg 1600w\" sizes=\"auto, (max-width: 300px) 100vw, 300px\" \/><\/a><\/p>\n\n\t\t<style type=\"text\/css\">\n\t\t\t#gallery-1 {\n\t\t\t\tmargin: auto;\n\t\t\t}\n\t\t\t#gallery-1 .gallery-item {\n\t\t\t\tfloat: left;\n\t\t\t\tmargin-top: 10px;\n\t\t\t\ttext-align: center;\n\t\t\t\twidth: 33%;\n\t\t\t}\n\t\t\t#gallery-1 img {\n\t\t\t\tborder: 2px solid #cfcfcf;\n\t\t\t}\n\t\t\t#gallery-1 .gallery-caption {\n\t\t\t\tmargin-left: 0;\n\t\t\t}\n\t\t\t\/* see gallery_shortcode() in wp-includes\/media.php *\/\n\t\t<\/style>\n\t\t<div id='gallery-1' class='gallery galleryid-19179 gallery-columns-3 gallery-size-thumbnail'><dl class='gallery-item'>\n\t\t\t<dt class='gallery-icon landscape'>\n\t\t\t\t<a href='https:\/\/abelfigueiredo.pa.gov.br\/site\/visita-do-ministro-do-turismo-celso-sabino-na-obra-da-futura-lagoa-de-abel-figueiredo-pa\/whatsapp-image-2025-05-12-at-11-11-29-1\/'><img loading=\"lazy\" decoding=\"async\" width=\"150\" height=\"150\" src=\"https:\/\/abelfigueiredo.pa.gov.br\/site\/wp-content\/uploads\/2025\/05\/WhatsApp-Image-2025-05-12-at-11.11.29-1-150x150.jpeg\" class=\"attachment-thumbnail size-thumbnail\" alt=\"\" \/><\/a>\n\t\t\t<\/dt><\/dl><dl class='gallery-item'>\n\t\t\t<dt class='gallery-icon landscape'>\n\t\t\t\t<a href='https:\/\/abelfigueiredo.pa.gov.br\/site\/visita-do-ministro-do-turismo-celso-sabino-na-obra-da-futura-lagoa-de-abel-figueiredo-pa\/whatsapp-image-2025-05-12-at-11-11-29\/'><img loading=\"lazy\" decoding=\"async\" width=\"150\" height=\"150\" src=\"https:\/\/abelfigueiredo.pa.gov.br\/site\/wp-content\/uploads\/2025\/05\/WhatsApp-Image-2025-05-12-at-11.11.29-150x150.jpeg\" class=\"attachment-thumbnail size-thumbnail\" alt=\"\" \/><\/a>\n\t\t\t<\/dt><\/dl><dl class='gallery-item'>\n\t\t\t<dt class='gallery-icon landscape'>\n\t\t\t\t<a href='https:\/\/abelfigueiredo.pa.gov.br\/site\/visita-do-ministro-do-turismo-celso-sabino-na-obra-da-futura-lagoa-de-abel-figueiredo-pa\/whatsapp-image-2025-05-12-at-11-11-28-1\/'><img loading=\"lazy\" decoding=\"async\" width=\"150\" height=\"150\" src=\"https:\/\/abelfigueiredo.pa.gov.br\/site\/wp-content\/uploads\/2025\/05\/WhatsApp-Image-2025-05-12-at-11.11.28-1-150x150.jpeg\" class=\"attachment-thumbnail size-thumbnail\" alt=\"\" \/><\/a>\n\t\t\t<\/dt><\/dl><br style=\"clear: both\" \/><dl class='gallery-item'>\n\t\t\t<dt class='gallery-icon portrait'>\n\t\t\t\t<a href='https:\/\/abelfigueiredo.pa.gov.br\/site\/visita-do-ministro-do-turismo-celso-sabino-na-obra-da-futura-lagoa-de-abel-figueiredo-pa\/whatsapp-image-2025-05-12-at-11-11-28\/'><img loading=\"lazy\" decoding=\"async\" width=\"150\" height=\"150\" src=\"https:\/\/abelfigueiredo.pa.gov.br\/site\/wp-content\/uploads\/2025\/05\/WhatsApp-Image-2025-05-12-at-11.11.28-150x150.jpeg\" class=\"attachment-thumbnail size-thumbnail\" alt=\"\" \/><\/a>\n\t\t\t<\/dt><\/dl><dl class='gallery-item'>\n\t\t\t<dt class='gallery-icon landscape'>\n\t\t\t\t<a href='https:\/\/abelfigueiredo.pa.gov.br\/site\/visita-do-ministro-do-turismo-celso-sabino-na-obra-da-futura-lagoa-de-abel-figueiredo-pa\/whatsapp-image-2025-05-12-at-11-11-25-1\/'><img loading=\"lazy\" decoding=\"async\" width=\"150\" height=\"150\" src=\"https:\/\/abelfigueiredo.pa.gov.br\/site\/wp-content\/uploads\/2025\/05\/WhatsApp-Image-2025-05-12-at-11.11.25-1-150x150.jpeg\" class=\"attachment-thumbnail size-thumbnail\" alt=\"\" \/><\/a>\n\t\t\t<\/dt><\/dl><dl class='gallery-item'>\n\t\t\t<dt class='gallery-icon landscape'>\n\t\t\t\t<a href='https:\/\/abelfigueiredo.pa.gov.br\/site\/visita-do-ministro-do-turismo-celso-sabino-na-obra-da-futura-lagoa-de-abel-figueiredo-pa\/whatsapp-image-2025-05-12-at-11-11-25\/'><img loading=\"lazy\" decoding=\"async\" width=\"150\" height=\"150\" src=\"https:\/\/abelfigueiredo.pa.gov.br\/site\/wp-content\/uploads\/2025\/05\/WhatsApp-Image-2025-05-12-at-11.11.25-150x150.jpeg\" class=\"attachment-thumbnail size-thumbnail\" alt=\"\" \/><\/a>\n\t\t\t<\/dt><\/dl><br style=\"clear: both\" \/><dl class='gallery-item'>\n\t\t\t<dt class='gallery-icon landscape'>\n\t\t\t\t<a href='https:\/\/abelfigueiredo.pa.gov.br\/site\/visita-do-ministro-do-turismo-celso-sabino-na-obra-da-futura-lagoa-de-abel-figueiredo-pa\/whatsapp-image-2025-05-12-at-11-14-53\/'><img loading=\"lazy\" decoding=\"async\" width=\"150\" height=\"150\" src=\"https:\/\/abelfigueiredo.pa.gov.br\/site\/wp-content\/uploads\/2025\/05\/WhatsApp-Image-2025-05-12-at-11.14.53-150x150.jpeg\" class=\"attachment-thumbnail size-thumbnail\" alt=\"\" \/><\/a>\n\t\t\t<\/dt><\/dl>\n\t\t\t<br style='clear: both' \/>\n\t\t<\/div>\n","protected":false},"excerpt":{"rendered":"<p>Neste s\u00e1bado, Abel Figueiredo teve a honra de receber a ilustre presen\u00e7a do Ministro do Turismo, Celso Sabino, que visitou as obras da Lagoa \u2014 futuro cart\u00e3o-postal da cidade. Durante a visita, o ministro reafirmou total apoio e parceria com o prefeito Marcone para a concretiza\u00e7\u00e3o desse grande sonho da popula\u00e7\u00e3o: a constru\u00e7\u00e3o da Lagoa.<\/p>\n","protected":false},"author":40,"featured_media":19191,"comment_status":"closed","ping_status":"closed","sticky":false,"template":"","format":"standard","meta":{"footnotes":""},"categories":[1],"tags":[],"class_list":{"0":"post-19179","1":"post","2":"type-post","3":"status-publish","4":"format-standard","5":"has-post-thumbnail","7":"category-noticias"},"yoast_head":"<!-- This site is optimized with the Yoast SEO plugin v26.6 - https:\/\/yoast.com\/wordpress\/plugins\/seo\/ -->\n<title>VISITA DO MINISTRO DO TURISMO CELSO SABINO NA OBRA DA FUTURA LAGOA DE ABEL FIGUEIREDO-PA - Prefeitura Municipal de Abel Figueiredo | Gest\u00e3o 2025-2028<\/title>\n<meta name=\"robots\" content=\"index, follow, max-snippet:-1, max-image-preview:large, max-video-preview:-1\" \/>\n<link rel=\"canonical\" href=\"https:\/\/abelfigueiredo.pa.gov.br\/site\/visita-do-ministro-do-turismo-celso-sabino-na-obra-da-futura-lagoa-de-abel-figueiredo-pa\/\" \/>\n<meta property=\"og:locale\" content=\"pt_BR\" \/>\n<meta property=\"og:type\" content=\"article\" \/>\n<meta property=\"og:title\" content=\"VISITA DO MINISTRO DO TURISMO CELSO SABINO NA OBRA DA FUTURA LAGOA DE ABEL FIGUEIREDO-PA - Prefeitura Municipal de Abel Figueiredo | Gest\u00e3o 2025-2028\" \/>\n<meta property=\"og:description\" content=\"Neste s\u00e1bado, Abel Figueiredo teve a honra de receber a ilustre presen\u00e7a do Ministro do Turismo, Celso Sabino, que visitou as obras da Lagoa \u2014 futuro cart\u00e3o-postal da cidade. Durante a visita, o ministro reafirmou total apoio e parceria com o prefeito Marcone para a concretiza\u00e7\u00e3o desse grande sonho da popula\u00e7\u00e3o: a constru\u00e7\u00e3o da Lagoa.\" \/>\n<meta property=\"og:url\" content=\"https:\/\/abelfigueiredo.pa.gov.br\/site\/visita-do-ministro-do-turismo-celso-sabino-na-obra-da-futura-lagoa-de-abel-figueiredo-pa\/\" \/>\n<meta property=\"og:site_name\" content=\"Prefeitura Municipal de Abel Figueiredo | Gest\u00e3o 2025-2028\" \/>\n<meta property=\"article:published_time\" content=\"2025-05-10T14:04:23+00:00\" \/>\n<meta property=\"article:modified_time\" content=\"2025-05-12T14:32:50+00:00\" \/>\n<meta property=\"og:image\" content=\"https:\/\/abelfigueiredo.pa.gov.br\/site\/wp-content\/uploads\/2025\/05\/WhatsApp-Image-2025-05-12-at-11.29.42-1.jpeg\" \/>\n\t<meta property=\"og:image:width\" content=\"1600\" \/>\n\t<meta property=\"og:image:height\" content=\"1200\" \/>\n\t<meta property=\"og:image:type\" content=\"image\/jpeg\" \/>\n<meta name=\"author\" content=\"ASCOM\" \/>\n<meta name=\"twitter:label1\" content=\"Escrito por\" \/>\n\t<meta name=\"twitter:data1\" content=\"ASCOM\" \/>\n<script type=\"application\/ld+json\" class=\"yoast-schema-graph\">{\"@context\":\"https:\/\/schema.org\",\"@graph\":[{\"@type\":\"WebPage\",\"@id\":\"https:\/\/abelfigueiredo.pa.gov.br\/site\/visita-do-ministro-do-turismo-celso-sabino-na-obra-da-futura-lagoa-de-abel-figueiredo-pa\/\",\"url\":\"https:\/\/abelfigueiredo.pa.gov.br\/site\/visita-do-ministro-do-turismo-celso-sabino-na-obra-da-futura-lagoa-de-abel-figueiredo-pa\/\",\"name\":\"VISITA DO MINISTRO DO TURISMO CELSO SABINO NA OBRA DA FUTURA LAGOA DE ABEL FIGUEIREDO-PA - Prefeitura Municipal de Abel Figueiredo | Gest\u00e3o 2025-2028\",\"isPartOf\":{\"@id\":\"https:\/\/abelfigueiredo.pa.gov.br\/site\/#website\"},\"primaryImageOfPage\":{\"@id\":\"https:\/\/abelfigueiredo.pa.gov.br\/site\/visita-do-ministro-do-turismo-celso-sabino-na-obra-da-futura-lagoa-de-abel-figueiredo-pa\/#primaryimage\"},\"image\":{\"@id\":\"https:\/\/abelfigueiredo.pa.gov.br\/site\/visita-do-ministro-do-turismo-celso-sabino-na-obra-da-futura-lagoa-de-abel-figueiredo-pa\/#primaryimage\"},\"thumbnailUrl\":\"https:\/\/abelfigueiredo.pa.gov.br\/site\/wp-content\/uploads\/2025\/05\/WhatsApp-Image-2025-05-12-at-11.29.42-1.jpeg\",\"datePublished\":\"2025-05-10T14:04:23+00:00\",\"dateModified\":\"2025-05-12T14:32:50+00:00\",\"author\":{\"@id\":\"https:\/\/abelfigueiredo.pa.gov.br\/site\/#\/schema\/person\/b7030c2e32bccfa38e6086b1ab3be678\"},\"inLanguage\":\"pt-BR\",\"potentialAction\":[{\"@type\":\"ReadAction\",\"target\":[\"https:\/\/abelfigueiredo.pa.gov.br\/site\/visita-do-ministro-do-turismo-celso-sabino-na-obra-da-futura-lagoa-de-abel-figueiredo-pa\/\"]}]},{\"@type\":\"ImageObject\",\"inLanguage\":\"pt-BR\",\"@id\":\"https:\/\/abelfigueiredo.pa.gov.br\/site\/visita-do-ministro-do-turismo-celso-sabino-na-obra-da-futura-lagoa-de-abel-figueiredo-pa\/#primaryimage\",\"url\":\"https:\/\/abelfigueiredo.pa.gov.br\/site\/wp-content\/uploads\/2025\/05\/WhatsApp-Image-2025-05-12-at-11.29.42-1.jpeg\",\"contentUrl\":\"https:\/\/abelfigueiredo.pa.gov.br\/site\/wp-content\/uploads\/2025\/05\/WhatsApp-Image-2025-05-12-at-11.29.42-1.jpeg\",\"width\":1600,\"height\":1200},{\"@type\":\"WebSite\",\"@id\":\"https:\/\/abelfigueiredo.pa.gov.br\/site\/#website\",\"url\":\"https:\/\/abelfigueiredo.pa.gov.br\/site\/\",\"name\":\"Prefeitura Municipal de Abel Figueiredo | Gest\u00e3o 2025-2028\",\"description\":\"Site oficial da Prefeitura Municipal de Abel Figueiredo\",\"potentialAction\":[{\"@type\":\"SearchAction\",\"target\":{\"@type\":\"EntryPoint\",\"urlTemplate\":\"https:\/\/abelfigueiredo.pa.gov.br\/site\/?s={search_term_string}\"},\"query-input\":{\"@type\":\"PropertyValueSpecification\",\"valueRequired\":true,\"valueName\":\"search_term_string\"}}],\"inLanguage\":\"pt-BR\"},{\"@type\":\"Person\",\"@id\":\"https:\/\/abelfigueiredo.pa.gov.br\/site\/#\/schema\/person\/b7030c2e32bccfa38e6086b1ab3be678\",\"name\":\"ASCOM\",\"image\":{\"@type\":\"ImageObject\",\"inLanguage\":\"pt-BR\",\"@id\":\"https:\/\/abelfigueiredo.pa.gov.br\/site\/#\/schema\/person\/image\/\",\"url\":\"https:\/\/secure.gravatar.com\/avatar\/ee6e3a6ac5793d71ee85d0aa82a0987b97fbd6c53d55b2480f9468ae70cdea28?s=96&d=mm&r=g\",\"contentUrl\":\"https:\/\/secure.gravatar.com\/avatar\/ee6e3a6ac5793d71ee85d0aa82a0987b97fbd6c53d55b2480f9468ae70cdea28?s=96&d=mm&r=g\",\"caption\":\"ASCOM\"},\"url\":\"https:\/\/abelfigueiredo.pa.gov.br\/site\/author\/ilhaproducoes\/\"}]}<\/script>\n<!-- \/ Yoast SEO plugin. -->","yoast_head_json":{"title":"VISITA DO MINISTRO DO TURISMO CELSO SABINO NA OBRA DA FUTURA LAGOA DE ABEL FIGUEIREDO-PA - Prefeitura Municipal de Abel Figueiredo | Gest\u00e3o 2025-2028","robots":{"index":"index","follow":"follow","max-snippet":"max-snippet:-1","max-image-preview":"max-image-preview:large","max-video-preview":"max-video-preview:-1"},"canonical":"https:\/\/abelfigueiredo.pa.gov.br\/site\/visita-do-ministro-do-turismo-celso-sabino-na-obra-da-futura-lagoa-de-abel-figueiredo-pa\/","og_locale":"pt_BR","og_type":"article","og_title":"VISITA DO MINISTRO DO TURISMO CELSO SABINO NA OBRA DA FUTURA LAGOA DE ABEL FIGUEIREDO-PA - Prefeitura Municipal de Abel Figueiredo | Gest\u00e3o 2025-2028","og_description":"Neste s\u00e1bado, Abel Figueiredo teve a honra de receber a ilustre presen\u00e7a do Ministro do Turismo, Celso Sabino, que visitou as obras da Lagoa \u2014 futuro cart\u00e3o-postal da cidade. Durante a visita, o ministro reafirmou total apoio e parceria com o prefeito Marcone para a concretiza\u00e7\u00e3o desse grande sonho da popula\u00e7\u00e3o: a constru\u00e7\u00e3o da Lagoa.","og_url":"https:\/\/abelfigueiredo.pa.gov.br\/site\/visita-do-ministro-do-turismo-celso-sabino-na-obra-da-futura-lagoa-de-abel-figueiredo-pa\/","og_site_name":"Prefeitura Municipal de Abel Figueiredo | Gest\u00e3o 2025-2028","article_published_time":"2025-05-10T14:04:23+00:00","article_modified_time":"2025-05-12T14:32:50+00:00","og_image":[{"width":1600,"height":1200,"url":"https:\/\/abelfigueiredo.pa.gov.br\/site\/wp-content\/uploads\/2025\/05\/WhatsApp-Image-2025-05-12-at-11.29.42-1.jpeg","type":"image\/jpeg"}],"author":"ASCOM","twitter_misc":{"Escrito por":"ASCOM"},"schema":{"@context":"https:\/\/schema.org","@graph":[{"@type":"WebPage","@id":"https:\/\/abelfigueiredo.pa.gov.br\/site\/visita-do-ministro-do-turismo-celso-sabino-na-obra-da-futura-lagoa-de-abel-figueiredo-pa\/","url":"https:\/\/abelfigueiredo.pa.gov.br\/site\/visita-do-ministro-do-turismo-celso-sabino-na-obra-da-futura-lagoa-de-abel-figueiredo-pa\/","name":"VISITA DO MINISTRO DO TURISMO CELSO SABINO NA OBRA DA FUTURA LAGOA DE ABEL FIGUEIREDO-PA - Prefeitura Municipal de Abel Figueiredo | Gest\u00e3o 2025-2028","isPartOf":{"@id":"https:\/\/abelfigueiredo.pa.gov.br\/site\/#website"},"primaryImageOfPage":{"@id":"https:\/\/abelfigueiredo.pa.gov.br\/site\/visita-do-ministro-do-turismo-celso-sabino-na-obra-da-futura-lagoa-de-abel-figueiredo-pa\/#primaryimage"},"image":{"@id":"https:\/\/abelfigueiredo.pa.gov.br\/site\/visita-do-ministro-do-turismo-celso-sabino-na-obra-da-futura-lagoa-de-abel-figueiredo-pa\/#primaryimage"},"thumbnailUrl":"https:\/\/abelfigueiredo.pa.gov.br\/site\/wp-content\/uploads\/2025\/05\/WhatsApp-Image-2025-05-12-at-11.29.42-1.jpeg","datePublished":"2025-05-10T14:04:23+00:00","dateModified":"2025-05-12T14:32:50+00:00","author":{"@id":"https:\/\/abelfigueiredo.pa.gov.br\/site\/#\/schema\/person\/b7030c2e32bccfa38e6086b1ab3be678"},"inLanguage":"pt-BR","potentialAction":[{"@type":"ReadAction","target":["https:\/\/abelfigueiredo.pa.gov.br\/site\/visita-do-ministro-do-turismo-celso-sabino-na-obra-da-futura-lagoa-de-abel-figueiredo-pa\/"]}]},{"@type":"ImageObject","inLanguage":"pt-BR","@id":"https:\/\/abelfigueiredo.pa.gov.br\/site\/visita-do-ministro-do-turismo-celso-sabino-na-obra-da-futura-lagoa-de-abel-figueiredo-pa\/#primaryimage","url":"https:\/\/abelfigueiredo.pa.gov.br\/site\/wp-content\/uploads\/2025\/05\/WhatsApp-Image-2025-05-12-at-11.29.42-1.jpeg","contentUrl":"https:\/\/abelfigueiredo.pa.gov.br\/site\/wp-content\/uploads\/2025\/05\/WhatsApp-Image-2025-05-12-at-11.29.42-1.jpeg","width":1600,"height":1200},{"@type":"WebSite","@id":"https:\/\/abelfigueiredo.pa.gov.br\/site\/#website","url":"https:\/\/abelfigueiredo.pa.gov.br\/site\/","name":"Prefeitura Municipal de Abel Figueiredo | Gest\u00e3o 2025-2028","description":"Site oficial da Prefeitura Municipal de Abel Figueiredo","potentialAction":[{"@type":"SearchAction","target":{"@type":"EntryPoint","urlTemplate":"https:\/\/abelfigueiredo.pa.gov.br\/site\/?s={search_term_string}"},"query-input":{"@type":"PropertyValueSpecification","valueRequired":true,"valueName":"search_term_string"}}],"inLanguage":"pt-BR"},{"@type":"Person","@id":"https:\/\/abelfigueiredo.pa.gov.br\/site\/#\/schema\/person\/b7030c2e32bccfa38e6086b1ab3be678","name":"ASCOM","image":{"@type":"ImageObject","inLanguage":"pt-BR","@id":"https:\/\/abelfigueiredo.pa.gov.br\/site\/#\/schema\/person\/image\/","url":"https:\/\/secure.gravatar.com\/avatar\/ee6e3a6ac5793d71ee85d0aa82a0987b97fbd6c53d55b2480f9468ae70cdea28?s=96&d=mm&r=g","contentUrl":"https:\/\/secure.gravatar.com\/avatar\/ee6e3a6ac5793d71ee85d0aa82a0987b97fbd6c53d55b2480f9468ae70cdea28?s=96&d=mm&r=g","caption":"ASCOM"},"url":"https:\/\/abelfigueiredo.pa.gov.br\/site\/author\/ilhaproducoes\/"}]}},"_links":{"self":[{"href":"https:\/\/abelfigueiredo.pa.gov.br\/site\/wp-json\/wp\/v2\/posts\/19179","targetHints":{"allow":["GET"]}}],"collection":[{"href":"https:\/\/abelfigueiredo.pa.gov.br\/site\/wp-json\/wp\/v2\/posts"}],"about":[{"href":"https:\/\/abelfigueiredo.pa.gov.br\/site\/wp-json\/wp\/v2\/types\/post"}],"author":[{"embeddable":true,"href":"https:\/\/abelfigueiredo.pa.gov.br\/site\/wp-json\/wp\/v2\/users\/40"}],"replies":[{"embeddable":true,"href":"https:\/\/abelfigueiredo.pa.gov.br\/site\/wp-json\/wp\/v2\/comments?post=19179"}],"version-history":[{"count":3,"href":"https:\/\/abelfigueiredo.pa.gov.br\/site\/wp-json\/wp\/v2\/posts\/19179\/revisions"}],"predecessor-version":[{"id":19193,"href":"https:\/\/abelfigueiredo.pa.gov.br\/site\/wp-json\/wp\/v2\/posts\/19179\/revisions\/19193"}],"wp:featuredmedia":[{"embeddable":true,"href":"https:\/\/abelfigueiredo.pa.gov.br\/site\/wp-json\/wp\/v2\/media\/19191"}],"wp:attachment":[{"href":"https:\/\/abelfigueiredo.pa.gov.br\/site\/wp-json\/wp\/v2\/media?parent=19179"}],"wp:term":[{"taxonomy":"category","embeddable":true,"href":"https:\/\/abelfigueiredo.pa.gov.br\/site\/wp-json\/wp\/v2\/categories?post=19179"},{"taxonomy":"post_tag","embeddable":true,"href":"https:\/\/abelfigueiredo.pa.gov.br\/site\/wp-json\/wp\/v2\/tags?post=19179"}],"curies":[{"name":"wp","href":"https:\/\/api.w.org\/{rel}","templated":true}]}}