{"id":19083,"date":"2025-02-24T15:24:32","date_gmt":"2025-02-24T18:24:32","guid":{"rendered":"https:\/\/abelfigueiredo.pa.gov.br\/site\/?p=19083"},"modified":"2025-02-24T15:24:50","modified_gmt":"2025-02-24T18:24:50","slug":"abel-figueiredo-assume-papel-estrategico-na-undime-para-em-eleicao-na-capital-belem","status":"publish","type":"post","link":"https:\/\/abelfigueiredo.pa.gov.br\/site\/abel-figueiredo-assume-papel-estrategico-na-undime-para-em-eleicao-na-capital-belem\/","title":{"rendered":"Abel Figueiredo assume papel estrat\u00e9gico na Undime Par\u00e1 em elei\u00e7\u00e3o na capital Bel\u00e9m"},"content":{"rendered":"<p>Na manh\u00e3 da \u00faltima quarta-feira, dia 19 de fevereiro, a capital paraense, Bel\u00e9m, foi palco da elei\u00e7\u00e3o para a nova diretoria executiva da Uni\u00e3o dos Dirigentes Municipais de Educa\u00e7\u00e3o (Undime-PA). O evento reuniu gestores educacionais de diversas regi\u00f5es do estado, refor\u00e7ando o compromisso com a qualidade da educa\u00e7\u00e3o p\u00fablica.<\/p>\n<p>Com grande honra e responsabilidade, o munic\u00edpio de Abel Figueiredo conquistou um papel de destaque na institui\u00e7\u00e3o, com a Secret\u00e1ria de Educa\u00e7\u00e3o, Rafaele Souza, assumindo a fun\u00e7\u00e3o de Secret\u00e1ria de Articula\u00e7\u00e3o da Undime Par\u00e1. Essa posi\u00e7\u00e3o fortalece a presen\u00e7a do munic\u00edpio nas discuss\u00f5es sobre pol\u00edticas p\u00fablicas educacionais e amplia sua atua\u00e7\u00e3o junto ao Minist\u00e9rio da Educa\u00e7\u00e3o (MEC).<\/p>\n<p>A Undime tem como miss\u00e3o articular, mobilizar e integrar os dirigentes municipais de educa\u00e7\u00e3o para a constru\u00e7\u00e3o e defesa de um ensino p\u00fablico de qualidade social. A participa\u00e7\u00e3o ativa de Abel Figueiredo na entidade representa um passo significativo para o fortalecimento da educa\u00e7\u00e3o no munic\u00edpio e em todo o estado do Par\u00e1.<\/p>\n<p>O compromisso da nova diretoria ser\u00e1 essencial para avan\u00e7ar em pautas estrat\u00e9gicas e garantir que as pol\u00edticas educacionais contemplem as necessidades das redes municipais de ensino.<\/p>\n<p><a href=\"https:\/\/abelfigueiredo.pa.gov.br\/site\/wp-content\/uploads\/2025\/02\/05af59f4-33b9-43cb-ae96-fc453e7d9c40.jpeg\"><img loading=\"lazy\" decoding=\"async\" class=\"alignnone size-medium wp-image-19085\" src=\"https:\/\/abelfigueiredo.pa.gov.br\/site\/wp-content\/uploads\/2025\/02\/05af59f4-33b9-43cb-ae96-fc453e7d9c40-300x225.jpeg\" alt=\"\" width=\"300\" height=\"225\" srcset=\"https:\/\/abelfigueiredo.pa.gov.br\/site\/wp-content\/uploads\/2025\/02\/05af59f4-33b9-43cb-ae96-fc453e7d9c40-300x225.jpeg 300w, https:\/\/abelfigueiredo.pa.gov.br\/site\/wp-content\/uploads\/2025\/02\/05af59f4-33b9-43cb-ae96-fc453e7d9c40-1024x768.jpeg 1024w, https:\/\/abelfigueiredo.pa.gov.br\/site\/wp-content\/uploads\/2025\/02\/05af59f4-33b9-43cb-ae96-fc453e7d9c40-768x576.jpeg 768w, https:\/\/abelfigueiredo.pa.gov.br\/site\/wp-content\/uploads\/2025\/02\/05af59f4-33b9-43cb-ae96-fc453e7d9c40-1536x1152.jpeg 1536w, https:\/\/abelfigueiredo.pa.gov.br\/site\/wp-content\/uploads\/2025\/02\/05af59f4-33b9-43cb-ae96-fc453e7d9c40.jpeg 1600w\" sizes=\"auto, (max-width: 300px) 100vw, 300px\" \/><\/a><a href=\"https:\/\/abelfigueiredo.pa.gov.br\/site\/wp-content\/uploads\/2025\/02\/994cd767-44f6-4b92-b34a-33534b398db4-scaled.jpeg\"><img loading=\"lazy\" decoding=\"async\" class=\"alignnone size-medium wp-image-19086\" src=\"https:\/\/abelfigueiredo.pa.gov.br\/site\/wp-content\/uploads\/2025\/02\/994cd767-44f6-4b92-b34a-33534b398db4-211x300.jpeg\" alt=\"\" width=\"211\" height=\"300\" srcset=\"https:\/\/abelfigueiredo.pa.gov.br\/site\/wp-content\/uploads\/2025\/02\/994cd767-44f6-4b92-b34a-33534b398db4-211x300.jpeg 211w, https:\/\/abelfigueiredo.pa.gov.br\/site\/wp-content\/uploads\/2025\/02\/994cd767-44f6-4b92-b34a-33534b398db4-720x1024.jpeg 720w, https:\/\/abelfigueiredo.pa.gov.br\/site\/wp-content\/uploads\/2025\/02\/994cd767-44f6-4b92-b34a-33534b398db4-768x1093.jpeg 768w, https:\/\/abelfigueiredo.pa.gov.br\/site\/wp-content\/uploads\/2025\/02\/994cd767-44f6-4b92-b34a-33534b398db4-1080x1536.jpeg 1080w, https:\/\/abelfigueiredo.pa.gov.br\/site\/wp-content\/uploads\/2025\/02\/994cd767-44f6-4b92-b34a-33534b398db4-1439x2048.jpeg 1439w, https:\/\/abelfigueiredo.pa.gov.br\/site\/wp-content\/uploads\/2025\/02\/994cd767-44f6-4b92-b34a-33534b398db4-scaled.jpeg 1799w\" sizes=\"auto, (max-width: 211px) 100vw, 211px\" \/><\/a><\/p>\n","protected":false},"excerpt":{"rendered":"<p>Na manh\u00e3 da \u00faltima quarta-feira, dia 19 de fevereiro, a capital paraense, Bel\u00e9m, foi palco da elei\u00e7\u00e3o para a nova diretoria executiva da Uni\u00e3o dos Dirigentes Municipais de Educa\u00e7\u00e3o (Undime-PA). O evento reuniu gestores educacionais de diversas regi\u00f5es do estado, refor\u00e7ando o compromisso com a qualidade da educa\u00e7\u00e3o p\u00fablica. Com grande honra e responsabilidade, o<\/p>\n<div class=\"read-more\"><a href=\"https:\/\/abelfigueiredo.pa.gov.br\/site\/abel-figueiredo-assume-papel-estrategico-na-undime-para-em-eleicao-na-capital-belem\/\" title=\"Veja mais\">Veja mais<\/a><\/div>\n","protected":false},"author":40,"featured_media":19084,"comment_status":"closed","ping_status":"closed","sticky":false,"template":"","format":"standard","meta":{"footnotes":""},"categories":[1],"tags":[113],"class_list":{"0":"post-19083","1":"post","2":"type-post","3":"status-publish","4":"format-standard","5":"has-post-thumbnail","7":"category-noticias","8":"tag-abel-figueiredo-assume-papel-estrategico-na-undime-para-em-eleicao-na-capital-belem"},"yoast_head":"<!-- This site is optimized with the Yoast SEO plugin v26.6 - https:\/\/yoast.com\/wordpress\/plugins\/seo\/ -->\n<title>Abel Figueiredo assume papel estrat\u00e9gico na Undime Par\u00e1 em elei\u00e7\u00e3o na capital Bel\u00e9m - Prefeitura Municipal de Abel Figueiredo | Gest\u00e3o 2025-2028<\/title>\n<meta name=\"robots\" content=\"index, follow, max-snippet:-1, max-image-preview:large, max-video-preview:-1\" \/>\n<link rel=\"canonical\" href=\"https:\/\/abelfigueiredo.pa.gov.br\/site\/abel-figueiredo-assume-papel-estrategico-na-undime-para-em-eleicao-na-capital-belem\/\" \/>\n<meta property=\"og:locale\" content=\"pt_BR\" \/>\n<meta property=\"og:type\" content=\"article\" \/>\n<meta property=\"og:title\" content=\"Abel Figueiredo assume papel estrat\u00e9gico na Undime Par\u00e1 em elei\u00e7\u00e3o na capital Bel\u00e9m - Prefeitura Municipal de Abel Figueiredo | Gest\u00e3o 2025-2028\" \/>\n<meta property=\"og:description\" content=\"Na manh\u00e3 da \u00faltima quarta-feira, dia 19 de fevereiro, a capital paraense, Bel\u00e9m, foi palco da elei\u00e7\u00e3o para a nova diretoria executiva da Uni\u00e3o dos Dirigentes Municipais de Educa\u00e7\u00e3o (Undime-PA). O evento reuniu gestores educacionais de diversas regi\u00f5es do estado, refor\u00e7ando o compromisso com a qualidade da educa\u00e7\u00e3o p\u00fablica. Com grande honra e responsabilidade, oVeja mais\" \/>\n<meta property=\"og:url\" content=\"https:\/\/abelfigueiredo.pa.gov.br\/site\/abel-figueiredo-assume-papel-estrategico-na-undime-para-em-eleicao-na-capital-belem\/\" \/>\n<meta property=\"og:site_name\" content=\"Prefeitura Municipal de Abel Figueiredo | Gest\u00e3o 2025-2028\" \/>\n<meta property=\"article:published_time\" content=\"2025-02-24T18:24:32+00:00\" \/>\n<meta property=\"article:modified_time\" content=\"2025-02-24T18:24:50+00:00\" \/>\n<meta property=\"og:image\" content=\"https:\/\/abelfigueiredo.pa.gov.br\/site\/wp-content\/uploads\/2025\/02\/8f757321-a947-4a19-8891-2e7b0bd465c7-scaled.jpeg\" \/>\n\t<meta property=\"og:image:width\" content=\"1799\" \/>\n\t<meta property=\"og:image:height\" content=\"2560\" \/>\n\t<meta property=\"og:image:type\" content=\"image\/jpeg\" \/>\n<meta name=\"author\" content=\"ASCOM\" \/>\n<meta name=\"twitter:label1\" content=\"Escrito por\" \/>\n\t<meta name=\"twitter:data1\" content=\"ASCOM\" \/>\n\t<meta name=\"twitter:label2\" content=\"Est. tempo de leitura\" \/>\n\t<meta name=\"twitter:data2\" content=\"1 minuto\" \/>\n<script type=\"application\/ld+json\" class=\"yoast-schema-graph\">{\"@context\":\"https:\/\/schema.org\",\"@graph\":[{\"@type\":\"WebPage\",\"@id\":\"https:\/\/abelfigueiredo.pa.gov.br\/site\/abel-figueiredo-assume-papel-estrategico-na-undime-para-em-eleicao-na-capital-belem\/\",\"url\":\"https:\/\/abelfigueiredo.pa.gov.br\/site\/abel-figueiredo-assume-papel-estrategico-na-undime-para-em-eleicao-na-capital-belem\/\",\"name\":\"Abel Figueiredo assume papel estrat\u00e9gico na Undime Par\u00e1 em elei\u00e7\u00e3o na capital Bel\u00e9m - Prefeitura Municipal de Abel Figueiredo | Gest\u00e3o 2025-2028\",\"isPartOf\":{\"@id\":\"https:\/\/abelfigueiredo.pa.gov.br\/site\/#website\"},\"primaryImageOfPage\":{\"@id\":\"https:\/\/abelfigueiredo.pa.gov.br\/site\/abel-figueiredo-assume-papel-estrategico-na-undime-para-em-eleicao-na-capital-belem\/#primaryimage\"},\"image\":{\"@id\":\"https:\/\/abelfigueiredo.pa.gov.br\/site\/abel-figueiredo-assume-papel-estrategico-na-undime-para-em-eleicao-na-capital-belem\/#primaryimage\"},\"thumbnailUrl\":\"https:\/\/abelfigueiredo.pa.gov.br\/site\/wp-content\/uploads\/2025\/02\/8f757321-a947-4a19-8891-2e7b0bd465c7-scaled-e1740422501383.jpeg\",\"datePublished\":\"2025-02-24T18:24:32+00:00\",\"dateModified\":\"2025-02-24T18:24:50+00:00\",\"author\":{\"@id\":\"https:\/\/abelfigueiredo.pa.gov.br\/site\/#\/schema\/person\/b7030c2e32bccfa38e6086b1ab3be678\"},\"inLanguage\":\"pt-BR\",\"potentialAction\":[{\"@type\":\"ReadAction\",\"target\":[\"https:\/\/abelfigueiredo.pa.gov.br\/site\/abel-figueiredo-assume-papel-estrategico-na-undime-para-em-eleicao-na-capital-belem\/\"]}]},{\"@type\":\"ImageObject\",\"inLanguage\":\"pt-BR\",\"@id\":\"https:\/\/abelfigueiredo.pa.gov.br\/site\/abel-figueiredo-assume-papel-estrategico-na-undime-para-em-eleicao-na-capital-belem\/#primaryimage\",\"url\":\"https:\/\/abelfigueiredo.pa.gov.br\/site\/wp-content\/uploads\/2025\/02\/8f757321-a947-4a19-8891-2e7b0bd465c7-scaled-e1740422501383.jpeg\",\"contentUrl\":\"https:\/\/abelfigueiredo.pa.gov.br\/site\/wp-content\/uploads\/2025\/02\/8f757321-a947-4a19-8891-2e7b0bd465c7-scaled-e1740422501383.jpeg\",\"width\":1602,\"height\":960},{\"@type\":\"WebSite\",\"@id\":\"https:\/\/abelfigueiredo.pa.gov.br\/site\/#website\",\"url\":\"https:\/\/abelfigueiredo.pa.gov.br\/site\/\",\"name\":\"Prefeitura Municipal de Abel Figueiredo | Gest\u00e3o 2025-2028\",\"description\":\"Site oficial da Prefeitura Municipal de Abel Figueiredo\",\"potentialAction\":[{\"@type\":\"SearchAction\",\"target\":{\"@type\":\"EntryPoint\",\"urlTemplate\":\"https:\/\/abelfigueiredo.pa.gov.br\/site\/?s={search_term_string}\"},\"query-input\":{\"@type\":\"PropertyValueSpecification\",\"valueRequired\":true,\"valueName\":\"search_term_string\"}}],\"inLanguage\":\"pt-BR\"},{\"@type\":\"Person\",\"@id\":\"https:\/\/abelfigueiredo.pa.gov.br\/site\/#\/schema\/person\/b7030c2e32bccfa38e6086b1ab3be678\",\"name\":\"ASCOM\",\"image\":{\"@type\":\"ImageObject\",\"inLanguage\":\"pt-BR\",\"@id\":\"https:\/\/abelfigueiredo.pa.gov.br\/site\/#\/schema\/person\/image\/\",\"url\":\"https:\/\/secure.gravatar.com\/avatar\/ee6e3a6ac5793d71ee85d0aa82a0987b97fbd6c53d55b2480f9468ae70cdea28?s=96&d=mm&r=g\",\"contentUrl\":\"https:\/\/secure.gravatar.com\/avatar\/ee6e3a6ac5793d71ee85d0aa82a0987b97fbd6c53d55b2480f9468ae70cdea28?s=96&d=mm&r=g\",\"caption\":\"ASCOM\"},\"url\":\"https:\/\/abelfigueiredo.pa.gov.br\/site\/author\/ilhaproducoes\/\"}]}<\/script>\n<!-- \/ Yoast SEO plugin. -->","yoast_head_json":{"title":"Abel Figueiredo assume papel estrat\u00e9gico na Undime Par\u00e1 em elei\u00e7\u00e3o na capital Bel\u00e9m - Prefeitura Municipal de Abel Figueiredo | Gest\u00e3o 2025-2028","robots":{"index":"index","follow":"follow","max-snippet":"max-snippet:-1","max-image-preview":"max-image-preview:large","max-video-preview":"max-video-preview:-1"},"canonical":"https:\/\/abelfigueiredo.pa.gov.br\/site\/abel-figueiredo-assume-papel-estrategico-na-undime-para-em-eleicao-na-capital-belem\/","og_locale":"pt_BR","og_type":"article","og_title":"Abel Figueiredo assume papel estrat\u00e9gico na Undime Par\u00e1 em elei\u00e7\u00e3o na capital Bel\u00e9m - Prefeitura Municipal de Abel Figueiredo | Gest\u00e3o 2025-2028","og_description":"Na manh\u00e3 da \u00faltima quarta-feira, dia 19 de fevereiro, a capital paraense, Bel\u00e9m, foi palco da elei\u00e7\u00e3o para a nova diretoria executiva da Uni\u00e3o dos Dirigentes Municipais de Educa\u00e7\u00e3o (Undime-PA). O evento reuniu gestores educacionais de diversas regi\u00f5es do estado, refor\u00e7ando o compromisso com a qualidade da educa\u00e7\u00e3o p\u00fablica. Com grande honra e responsabilidade, oVeja mais","og_url":"https:\/\/abelfigueiredo.pa.gov.br\/site\/abel-figueiredo-assume-papel-estrategico-na-undime-para-em-eleicao-na-capital-belem\/","og_site_name":"Prefeitura Municipal de Abel Figueiredo | Gest\u00e3o 2025-2028","article_published_time":"2025-02-24T18:24:32+00:00","article_modified_time":"2025-02-24T18:24:50+00:00","og_image":[{"width":1799,"height":2560,"url":"https:\/\/abelfigueiredo.pa.gov.br\/site\/wp-content\/uploads\/2025\/02\/8f757321-a947-4a19-8891-2e7b0bd465c7-scaled.jpeg","type":"image\/jpeg"}],"author":"ASCOM","twitter_misc":{"Escrito por":"ASCOM","Est. tempo de leitura":"1 minuto"},"schema":{"@context":"https:\/\/schema.org","@graph":[{"@type":"WebPage","@id":"https:\/\/abelfigueiredo.pa.gov.br\/site\/abel-figueiredo-assume-papel-estrategico-na-undime-para-em-eleicao-na-capital-belem\/","url":"https:\/\/abelfigueiredo.pa.gov.br\/site\/abel-figueiredo-assume-papel-estrategico-na-undime-para-em-eleicao-na-capital-belem\/","name":"Abel Figueiredo assume papel estrat\u00e9gico na Undime Par\u00e1 em elei\u00e7\u00e3o na capital Bel\u00e9m - Prefeitura Municipal de Abel Figueiredo | Gest\u00e3o 2025-2028","isPartOf":{"@id":"https:\/\/abelfigueiredo.pa.gov.br\/site\/#website"},"primaryImageOfPage":{"@id":"https:\/\/abelfigueiredo.pa.gov.br\/site\/abel-figueiredo-assume-papel-estrategico-na-undime-para-em-eleicao-na-capital-belem\/#primaryimage"},"image":{"@id":"https:\/\/abelfigueiredo.pa.gov.br\/site\/abel-figueiredo-assume-papel-estrategico-na-undime-para-em-eleicao-na-capital-belem\/#primaryimage"},"thumbnailUrl":"https:\/\/abelfigueiredo.pa.gov.br\/site\/wp-content\/uploads\/2025\/02\/8f757321-a947-4a19-8891-2e7b0bd465c7-scaled-e1740422501383.jpeg","datePublished":"2025-02-24T18:24:32+00:00","dateModified":"2025-02-24T18:24:50+00:00","author":{"@id":"https:\/\/abelfigueiredo.pa.gov.br\/site\/#\/schema\/person\/b7030c2e32bccfa38e6086b1ab3be678"},"inLanguage":"pt-BR","potentialAction":[{"@type":"ReadAction","target":["https:\/\/abelfigueiredo.pa.gov.br\/site\/abel-figueiredo-assume-papel-estrategico-na-undime-para-em-eleicao-na-capital-belem\/"]}]},{"@type":"ImageObject","inLanguage":"pt-BR","@id":"https:\/\/abelfigueiredo.pa.gov.br\/site\/abel-figueiredo-assume-papel-estrategico-na-undime-para-em-eleicao-na-capital-belem\/#primaryimage","url":"https:\/\/abelfigueiredo.pa.gov.br\/site\/wp-content\/uploads\/2025\/02\/8f757321-a947-4a19-8891-2e7b0bd465c7-scaled-e1740422501383.jpeg","contentUrl":"https:\/\/abelfigueiredo.pa.gov.br\/site\/wp-content\/uploads\/2025\/02\/8f757321-a947-4a19-8891-2e7b0bd465c7-scaled-e1740422501383.jpeg","width":1602,"height":960},{"@type":"WebSite","@id":"https:\/\/abelfigueiredo.pa.gov.br\/site\/#website","url":"https:\/\/abelfigueiredo.pa.gov.br\/site\/","name":"Prefeitura Municipal de Abel Figueiredo | Gest\u00e3o 2025-2028","description":"Site oficial da Prefeitura Municipal de Abel Figueiredo","potentialAction":[{"@type":"SearchAction","target":{"@type":"EntryPoint","urlTemplate":"https:\/\/abelfigueiredo.pa.gov.br\/site\/?s={search_term_string}"},"query-input":{"@type":"PropertyValueSpecification","valueRequired":true,"valueName":"search_term_string"}}],"inLanguage":"pt-BR"},{"@type":"Person","@id":"https:\/\/abelfigueiredo.pa.gov.br\/site\/#\/schema\/person\/b7030c2e32bccfa38e6086b1ab3be678","name":"ASCOM","image":{"@type":"ImageObject","inLanguage":"pt-BR","@id":"https:\/\/abelfigueiredo.pa.gov.br\/site\/#\/schema\/person\/image\/","url":"https:\/\/secure.gravatar.com\/avatar\/ee6e3a6ac5793d71ee85d0aa82a0987b97fbd6c53d55b2480f9468ae70cdea28?s=96&d=mm&r=g","contentUrl":"https:\/\/secure.gravatar.com\/avatar\/ee6e3a6ac5793d71ee85d0aa82a0987b97fbd6c53d55b2480f9468ae70cdea28?s=96&d=mm&r=g","caption":"ASCOM"},"url":"https:\/\/abelfigueiredo.pa.gov.br\/site\/author\/ilhaproducoes\/"}]}},"_links":{"self":[{"href":"https:\/\/abelfigueiredo.pa.gov.br\/site\/wp-json\/wp\/v2\/posts\/19083","targetHints":{"allow":["GET"]}}],"collection":[{"href":"https:\/\/abelfigueiredo.pa.gov.br\/site\/wp-json\/wp\/v2\/posts"}],"about":[{"href":"https:\/\/abelfigueiredo.pa.gov.br\/site\/wp-json\/wp\/v2\/types\/post"}],"author":[{"embeddable":true,"href":"https:\/\/abelfigueiredo.pa.gov.br\/site\/wp-json\/wp\/v2\/users\/40"}],"replies":[{"embeddable":true,"href":"https:\/\/abelfigueiredo.pa.gov.br\/site\/wp-json\/wp\/v2\/comments?post=19083"}],"version-history":[{"count":1,"href":"https:\/\/abelfigueiredo.pa.gov.br\/site\/wp-json\/wp\/v2\/posts\/19083\/revisions"}],"predecessor-version":[{"id":19087,"href":"https:\/\/abelfigueiredo.pa.gov.br\/site\/wp-json\/wp\/v2\/posts\/19083\/revisions\/19087"}],"wp:featuredmedia":[{"embeddable":true,"href":"https:\/\/abelfigueiredo.pa.gov.br\/site\/wp-json\/wp\/v2\/media\/19084"}],"wp:attachment":[{"href":"https:\/\/abelfigueiredo.pa.gov.br\/site\/wp-json\/wp\/v2\/media?parent=19083"}],"wp:term":[{"taxonomy":"category","embeddable":true,"href":"https:\/\/abelfigueiredo.pa.gov.br\/site\/wp-json\/wp\/v2\/categories?post=19083"},{"taxonomy":"post_tag","embeddable":true,"href":"https:\/\/abelfigueiredo.pa.gov.br\/site\/wp-json\/wp\/v2\/tags?post=19083"}],"curies":[{"name":"wp","href":"https:\/\/api.w.org\/{rel}","templated":true}]}}