{"id":19073,"date":"2025-02-14T14:40:26","date_gmt":"2025-02-14T17:40:26","guid":{"rendered":"https:\/\/abelfigueiredo.pa.gov.br\/site\/?p=19073"},"modified":"2025-02-14T17:20:13","modified_gmt":"2025-02-14T20:20:13","slug":"educacao-em-foco-reforma-do-colegio-maria-ilza-e-nova-rota-do-transporte-escolar-beneficiam-comunidade","status":"publish","type":"post","link":"https:\/\/abelfigueiredo.pa.gov.br\/site\/educacao-em-foco-reforma-do-colegio-maria-ilza-e-nova-rota-do-transporte-escolar-beneficiam-comunidade\/","title":{"rendered":"Educa\u00e7\u00e3o em Foco: Reforma do Col\u00e9gio Maria Ilza e Nova Rota do Transporte Escolar Beneficiam Comunidade"},"content":{"rendered":"<p data-start=\"111\" data-end=\"453\">A educa\u00e7\u00e3o tem sido um dos pilares da gest\u00e3o do prefeito Marcone Lacerda, que, desde o in\u00edcio de seu mandato, tem priorizado investimentos na infraestrutura escolar e na acessibilidade dos alunos. Um exemplo concreto desse compromisso \u00e9 a reforma do Col\u00e9gio Maria Ilza, uma das primeiras prioridades do governo, que est\u00e1 em pleno andamento.<\/p>\n<p data-start=\"455\" data-end=\"812\">A revitaliza\u00e7\u00e3o da estrutura escolar visa proporcionar um ambiente mais seguro, confort\u00e1vel e adequado para o aprendizado, garantindo melhores condi\u00e7\u00f5es tanto para os alunos quanto para os profissionais da educa\u00e7\u00e3o. Al\u00e9m das melhorias f\u00edsicas, a escola tamb\u00e9m contar\u00e1 com novos recursos pedag\u00f3gicos, fortalecendo ainda mais o ensino ofertado no munic\u00edpio.<\/p>\n<p data-start=\"814\" data-end=\"1174\">Outro avan\u00e7o significativo na \u00e1rea da educa\u00e7\u00e3o \u00e9 a implementa\u00e7\u00e3o de uma nova rota do transporte escolar municipal, planejada para facilitar o acesso dos estudantes \u00e0s unidades de ensino. Essa medida beneficiar\u00e1 in\u00fameras fam\u00edlias, reduzindo as dificuldades de locomo\u00e7\u00e3o e assegurando que os alunos possam frequentar as aulas com mais regularidade e seguran\u00e7a.<\/p>\n<p data-start=\"1176\" data-end=\"1495\" data-is-last-node=\"\">A iniciativa refor\u00e7a o compromisso da administra\u00e7\u00e3o municipal com o desenvolvimento educacional e social, promovendo oportunidades reais para as crian\u00e7as e jovens do munic\u00edpio. Com uma gest\u00e3o voltada para a renova\u00e7\u00e3o e o progresso, a educa\u00e7\u00e3o segue como um dos grandes focos do <strong data-start=\"1454\" data-end=\"1494\">Governo de Oportunidades e Renova\u00e7\u00e3o<\/strong>.<\/p>\n<p data-start=\"1176\" data-end=\"1495\" data-is-last-node=\"\"><a href=\"https:\/\/abelfigueiredo.pa.gov.br\/site\/wp-content\/uploads\/2025\/02\/16cea7b0-7441-4460-90fb-6e79683b0fd4.jpeg\"><img loading=\"lazy\" decoding=\"async\" class=\"alignnone wp-image-19074\" src=\"https:\/\/abelfigueiredo.pa.gov.br\/site\/wp-content\/uploads\/2025\/02\/16cea7b0-7441-4460-90fb-6e79683b0fd4-170x300.jpeg\" alt=\"\" width=\"374\" height=\"659\" srcset=\"https:\/\/abelfigueiredo.pa.gov.br\/site\/wp-content\/uploads\/2025\/02\/16cea7b0-7441-4460-90fb-6e79683b0fd4-170x300.jpeg 170w, https:\/\/abelfigueiredo.pa.gov.br\/site\/wp-content\/uploads\/2025\/02\/16cea7b0-7441-4460-90fb-6e79683b0fd4-581x1024.jpeg 581w, https:\/\/abelfigueiredo.pa.gov.br\/site\/wp-content\/uploads\/2025\/02\/16cea7b0-7441-4460-90fb-6e79683b0fd4-768x1353.jpeg 768w, https:\/\/abelfigueiredo.pa.gov.br\/site\/wp-content\/uploads\/2025\/02\/16cea7b0-7441-4460-90fb-6e79683b0fd4-872x1536.jpeg 872w, https:\/\/abelfigueiredo.pa.gov.br\/site\/wp-content\/uploads\/2025\/02\/16cea7b0-7441-4460-90fb-6e79683b0fd4.jpeg 908w\" sizes=\"auto, (max-width: 374px) 100vw, 374px\" \/><\/a> <a href=\"https:\/\/abelfigueiredo.pa.gov.br\/site\/wp-content\/uploads\/2025\/02\/7825206a-157f-4386-9b83-86f9f5a3d32e-scaled.jpeg\"><img loading=\"lazy\" decoding=\"async\" class=\"alignnone wp-image-19075\" src=\"https:\/\/abelfigueiredo.pa.gov.br\/site\/wp-content\/uploads\/2025\/02\/7825206a-157f-4386-9b83-86f9f5a3d32e-300x225.jpeg\" alt=\"\" width=\"581\" height=\"436\" srcset=\"https:\/\/abelfigueiredo.pa.gov.br\/site\/wp-content\/uploads\/2025\/02\/7825206a-157f-4386-9b83-86f9f5a3d32e-300x225.jpeg 300w, https:\/\/abelfigueiredo.pa.gov.br\/site\/wp-content\/uploads\/2025\/02\/7825206a-157f-4386-9b83-86f9f5a3d32e-1024x768.jpeg 1024w, https:\/\/abelfigueiredo.pa.gov.br\/site\/wp-content\/uploads\/2025\/02\/7825206a-157f-4386-9b83-86f9f5a3d32e-768x576.jpeg 768w, https:\/\/abelfigueiredo.pa.gov.br\/site\/wp-content\/uploads\/2025\/02\/7825206a-157f-4386-9b83-86f9f5a3d32e-1536x1152.jpeg 1536w, https:\/\/abelfigueiredo.pa.gov.br\/site\/wp-content\/uploads\/2025\/02\/7825206a-157f-4386-9b83-86f9f5a3d32e-2048x1536.jpeg 2048w\" sizes=\"auto, (max-width: 581px) 100vw, 581px\" \/><\/a> <a href=\"https:\/\/abelfigueiredo.pa.gov.br\/site\/wp-content\/uploads\/2025\/02\/67ee5b27-bc8b-4430-b216-df356fdd56b0-scaled.jpeg\"><img loading=\"lazy\" decoding=\"async\" class=\"alignnone wp-image-19076\" src=\"https:\/\/abelfigueiredo.pa.gov.br\/site\/wp-content\/uploads\/2025\/02\/67ee5b27-bc8b-4430-b216-df356fdd56b0-300x225.jpeg\" alt=\"\" width=\"584\" height=\"438\" srcset=\"https:\/\/abelfigueiredo.pa.gov.br\/site\/wp-content\/uploads\/2025\/02\/67ee5b27-bc8b-4430-b216-df356fdd56b0-300x225.jpeg 300w, https:\/\/abelfigueiredo.pa.gov.br\/site\/wp-content\/uploads\/2025\/02\/67ee5b27-bc8b-4430-b216-df356fdd56b0-1024x768.jpeg 1024w, https:\/\/abelfigueiredo.pa.gov.br\/site\/wp-content\/uploads\/2025\/02\/67ee5b27-bc8b-4430-b216-df356fdd56b0-768x576.jpeg 768w, https:\/\/abelfigueiredo.pa.gov.br\/site\/wp-content\/uploads\/2025\/02\/67ee5b27-bc8b-4430-b216-df356fdd56b0-1536x1152.jpeg 1536w, https:\/\/abelfigueiredo.pa.gov.br\/site\/wp-content\/uploads\/2025\/02\/67ee5b27-bc8b-4430-b216-df356fdd56b0-2048x1536.jpeg 2048w\" sizes=\"auto, (max-width: 584px) 100vw, 584px\" \/><\/a><\/p>\n","protected":false},"excerpt":{"rendered":"<p>A educa\u00e7\u00e3o tem sido um dos pilares da gest\u00e3o do prefeito Marcone Lacerda, que, desde o in\u00edcio de seu mandato, tem priorizado investimentos na infraestrutura escolar e na acessibilidade dos alunos. Um exemplo concreto desse compromisso \u00e9 a reforma do Col\u00e9gio Maria Ilza, uma das primeiras prioridades do governo, que est\u00e1 em pleno andamento. A<\/p>\n<div class=\"read-more\"><a href=\"https:\/\/abelfigueiredo.pa.gov.br\/site\/educacao-em-foco-reforma-do-colegio-maria-ilza-e-nova-rota-do-transporte-escolar-beneficiam-comunidade\/\" title=\"Veja mais\">Veja mais<\/a><\/div>\n","protected":false},"author":40,"featured_media":19079,"comment_status":"closed","ping_status":"closed","sticky":false,"template":"","format":"standard","meta":{"footnotes":""},"categories":[1],"tags":[112],"class_list":{"0":"post-19073","1":"post","2":"type-post","3":"status-publish","4":"format-standard","5":"has-post-thumbnail","7":"category-noticias","8":"tag-educacao-em-foco-reforma-do-colegio-maria-ilza-e-nova-rota-do-transporte-escolar-beneficiam-comunidade"},"yoast_head":"<!-- This site is optimized with the Yoast SEO plugin v26.6 - https:\/\/yoast.com\/wordpress\/plugins\/seo\/ -->\n<title>Educa\u00e7\u00e3o em Foco: Reforma do Col\u00e9gio Maria Ilza e Nova Rota do Transporte Escolar Beneficiam Comunidade - Prefeitura Municipal de Abel Figueiredo | Gest\u00e3o 2025-2028<\/title>\n<meta name=\"robots\" content=\"index, follow, max-snippet:-1, max-image-preview:large, max-video-preview:-1\" \/>\n<link rel=\"canonical\" href=\"https:\/\/abelfigueiredo.pa.gov.br\/site\/educacao-em-foco-reforma-do-colegio-maria-ilza-e-nova-rota-do-transporte-escolar-beneficiam-comunidade\/\" \/>\n<meta property=\"og:locale\" content=\"pt_BR\" \/>\n<meta property=\"og:type\" content=\"article\" \/>\n<meta property=\"og:title\" content=\"Educa\u00e7\u00e3o em Foco: Reforma do Col\u00e9gio Maria Ilza e Nova Rota do Transporte Escolar Beneficiam Comunidade - Prefeitura Municipal de Abel Figueiredo | Gest\u00e3o 2025-2028\" \/>\n<meta property=\"og:description\" content=\"A educa\u00e7\u00e3o tem sido um dos pilares da gest\u00e3o do prefeito Marcone Lacerda, que, desde o in\u00edcio de seu mandato, tem priorizado investimentos na infraestrutura escolar e na acessibilidade dos alunos. Um exemplo concreto desse compromisso \u00e9 a reforma do Col\u00e9gio Maria Ilza, uma das primeiras prioridades do governo, que est\u00e1 em pleno andamento. AVeja mais\" \/>\n<meta property=\"og:url\" content=\"https:\/\/abelfigueiredo.pa.gov.br\/site\/educacao-em-foco-reforma-do-colegio-maria-ilza-e-nova-rota-do-transporte-escolar-beneficiam-comunidade\/\" \/>\n<meta property=\"og:site_name\" content=\"Prefeitura Municipal de Abel Figueiredo | Gest\u00e3o 2025-2028\" \/>\n<meta property=\"article:published_time\" content=\"2025-02-14T17:40:26+00:00\" \/>\n<meta property=\"article:modified_time\" content=\"2025-02-14T20:20:13+00:00\" \/>\n<meta property=\"og:image\" content=\"https:\/\/abelfigueiredo.pa.gov.br\/site\/wp-content\/uploads\/2025\/02\/7825206a-157f-4386-9b83-86f9f5a3d32e-scaled.jpg\" \/>\n\t<meta property=\"og:image:width\" content=\"2560\" \/>\n\t<meta property=\"og:image:height\" content=\"1920\" \/>\n\t<meta property=\"og:image:type\" content=\"image\/jpeg\" \/>\n<meta name=\"author\" content=\"ASCOM\" \/>\n<meta name=\"twitter:label1\" content=\"Escrito por\" \/>\n\t<meta name=\"twitter:data1\" content=\"ASCOM\" \/>\n\t<meta name=\"twitter:label2\" content=\"Est. tempo de leitura\" \/>\n\t<meta name=\"twitter:data2\" content=\"1 minuto\" \/>\n<script type=\"application\/ld+json\" class=\"yoast-schema-graph\">{\"@context\":\"https:\/\/schema.org\",\"@graph\":[{\"@type\":\"WebPage\",\"@id\":\"https:\/\/abelfigueiredo.pa.gov.br\/site\/educacao-em-foco-reforma-do-colegio-maria-ilza-e-nova-rota-do-transporte-escolar-beneficiam-comunidade\/\",\"url\":\"https:\/\/abelfigueiredo.pa.gov.br\/site\/educacao-em-foco-reforma-do-colegio-maria-ilza-e-nova-rota-do-transporte-escolar-beneficiam-comunidade\/\",\"name\":\"Educa\u00e7\u00e3o em Foco: Reforma do Col\u00e9gio Maria Ilza e Nova Rota do Transporte Escolar Beneficiam Comunidade - Prefeitura Municipal de Abel Figueiredo | Gest\u00e3o 2025-2028\",\"isPartOf\":{\"@id\":\"https:\/\/abelfigueiredo.pa.gov.br\/site\/#website\"},\"primaryImageOfPage\":{\"@id\":\"https:\/\/abelfigueiredo.pa.gov.br\/site\/educacao-em-foco-reforma-do-colegio-maria-ilza-e-nova-rota-do-transporte-escolar-beneficiam-comunidade\/#primaryimage\"},\"image\":{\"@id\":\"https:\/\/abelfigueiredo.pa.gov.br\/site\/educacao-em-foco-reforma-do-colegio-maria-ilza-e-nova-rota-do-transporte-escolar-beneficiam-comunidade\/#primaryimage\"},\"thumbnailUrl\":\"https:\/\/abelfigueiredo.pa.gov.br\/site\/wp-content\/uploads\/2025\/02\/7825206a-157f-4386-9b83-86f9f5a3d32e-scaled-e1739564543194.jpg\",\"datePublished\":\"2025-02-14T17:40:26+00:00\",\"dateModified\":\"2025-02-14T20:20:13+00:00\",\"author\":{\"@id\":\"https:\/\/abelfigueiredo.pa.gov.br\/site\/#\/schema\/person\/b7030c2e32bccfa38e6086b1ab3be678\"},\"inLanguage\":\"pt-BR\",\"potentialAction\":[{\"@type\":\"ReadAction\",\"target\":[\"https:\/\/abelfigueiredo.pa.gov.br\/site\/educacao-em-foco-reforma-do-colegio-maria-ilza-e-nova-rota-do-transporte-escolar-beneficiam-comunidade\/\"]}]},{\"@type\":\"ImageObject\",\"inLanguage\":\"pt-BR\",\"@id\":\"https:\/\/abelfigueiredo.pa.gov.br\/site\/educacao-em-foco-reforma-do-colegio-maria-ilza-e-nova-rota-do-transporte-escolar-beneficiam-comunidade\/#primaryimage\",\"url\":\"https:\/\/abelfigueiredo.pa.gov.br\/site\/wp-content\/uploads\/2025\/02\/7825206a-157f-4386-9b83-86f9f5a3d32e-scaled-e1739564543194.jpg\",\"contentUrl\":\"https:\/\/abelfigueiredo.pa.gov.br\/site\/wp-content\/uploads\/2025\/02\/7825206a-157f-4386-9b83-86f9f5a3d32e-scaled-e1739564543194.jpg\",\"width\":2551,\"height\":1301},{\"@type\":\"WebSite\",\"@id\":\"https:\/\/abelfigueiredo.pa.gov.br\/site\/#website\",\"url\":\"https:\/\/abelfigueiredo.pa.gov.br\/site\/\",\"name\":\"Prefeitura Municipal de Abel Figueiredo | Gest\u00e3o 2025-2028\",\"description\":\"Site oficial da Prefeitura Municipal de Abel Figueiredo\",\"potentialAction\":[{\"@type\":\"SearchAction\",\"target\":{\"@type\":\"EntryPoint\",\"urlTemplate\":\"https:\/\/abelfigueiredo.pa.gov.br\/site\/?s={search_term_string}\"},\"query-input\":{\"@type\":\"PropertyValueSpecification\",\"valueRequired\":true,\"valueName\":\"search_term_string\"}}],\"inLanguage\":\"pt-BR\"},{\"@type\":\"Person\",\"@id\":\"https:\/\/abelfigueiredo.pa.gov.br\/site\/#\/schema\/person\/b7030c2e32bccfa38e6086b1ab3be678\",\"name\":\"ASCOM\",\"image\":{\"@type\":\"ImageObject\",\"inLanguage\":\"pt-BR\",\"@id\":\"https:\/\/abelfigueiredo.pa.gov.br\/site\/#\/schema\/person\/image\/\",\"url\":\"https:\/\/secure.gravatar.com\/avatar\/ee6e3a6ac5793d71ee85d0aa82a0987b97fbd6c53d55b2480f9468ae70cdea28?s=96&d=mm&r=g\",\"contentUrl\":\"https:\/\/secure.gravatar.com\/avatar\/ee6e3a6ac5793d71ee85d0aa82a0987b97fbd6c53d55b2480f9468ae70cdea28?s=96&d=mm&r=g\",\"caption\":\"ASCOM\"},\"url\":\"https:\/\/abelfigueiredo.pa.gov.br\/site\/author\/ilhaproducoes\/\"}]}<\/script>\n<!-- \/ Yoast SEO plugin. -->","yoast_head_json":{"title":"Educa\u00e7\u00e3o em Foco: Reforma do Col\u00e9gio Maria Ilza e Nova Rota do Transporte Escolar Beneficiam Comunidade - Prefeitura Municipal de Abel Figueiredo | Gest\u00e3o 2025-2028","robots":{"index":"index","follow":"follow","max-snippet":"max-snippet:-1","max-image-preview":"max-image-preview:large","max-video-preview":"max-video-preview:-1"},"canonical":"https:\/\/abelfigueiredo.pa.gov.br\/site\/educacao-em-foco-reforma-do-colegio-maria-ilza-e-nova-rota-do-transporte-escolar-beneficiam-comunidade\/","og_locale":"pt_BR","og_type":"article","og_title":"Educa\u00e7\u00e3o em Foco: Reforma do Col\u00e9gio Maria Ilza e Nova Rota do Transporte Escolar Beneficiam Comunidade - Prefeitura Municipal de Abel Figueiredo | Gest\u00e3o 2025-2028","og_description":"A educa\u00e7\u00e3o tem sido um dos pilares da gest\u00e3o do prefeito Marcone Lacerda, que, desde o in\u00edcio de seu mandato, tem priorizado investimentos na infraestrutura escolar e na acessibilidade dos alunos. Um exemplo concreto desse compromisso \u00e9 a reforma do Col\u00e9gio Maria Ilza, uma das primeiras prioridades do governo, que est\u00e1 em pleno andamento. AVeja mais","og_url":"https:\/\/abelfigueiredo.pa.gov.br\/site\/educacao-em-foco-reforma-do-colegio-maria-ilza-e-nova-rota-do-transporte-escolar-beneficiam-comunidade\/","og_site_name":"Prefeitura Municipal de Abel Figueiredo | Gest\u00e3o 2025-2028","article_published_time":"2025-02-14T17:40:26+00:00","article_modified_time":"2025-02-14T20:20:13+00:00","og_image":[{"width":2560,"height":1920,"url":"https:\/\/abelfigueiredo.pa.gov.br\/site\/wp-content\/uploads\/2025\/02\/7825206a-157f-4386-9b83-86f9f5a3d32e-scaled.jpg","type":"image\/jpeg"}],"author":"ASCOM","twitter_misc":{"Escrito por":"ASCOM","Est. tempo de leitura":"1 minuto"},"schema":{"@context":"https:\/\/schema.org","@graph":[{"@type":"WebPage","@id":"https:\/\/abelfigueiredo.pa.gov.br\/site\/educacao-em-foco-reforma-do-colegio-maria-ilza-e-nova-rota-do-transporte-escolar-beneficiam-comunidade\/","url":"https:\/\/abelfigueiredo.pa.gov.br\/site\/educacao-em-foco-reforma-do-colegio-maria-ilza-e-nova-rota-do-transporte-escolar-beneficiam-comunidade\/","name":"Educa\u00e7\u00e3o em Foco: Reforma do Col\u00e9gio Maria Ilza e Nova Rota do Transporte Escolar Beneficiam Comunidade - Prefeitura Municipal de Abel Figueiredo | Gest\u00e3o 2025-2028","isPartOf":{"@id":"https:\/\/abelfigueiredo.pa.gov.br\/site\/#website"},"primaryImageOfPage":{"@id":"https:\/\/abelfigueiredo.pa.gov.br\/site\/educacao-em-foco-reforma-do-colegio-maria-ilza-e-nova-rota-do-transporte-escolar-beneficiam-comunidade\/#primaryimage"},"image":{"@id":"https:\/\/abelfigueiredo.pa.gov.br\/site\/educacao-em-foco-reforma-do-colegio-maria-ilza-e-nova-rota-do-transporte-escolar-beneficiam-comunidade\/#primaryimage"},"thumbnailUrl":"https:\/\/abelfigueiredo.pa.gov.br\/site\/wp-content\/uploads\/2025\/02\/7825206a-157f-4386-9b83-86f9f5a3d32e-scaled-e1739564543194.jpg","datePublished":"2025-02-14T17:40:26+00:00","dateModified":"2025-02-14T20:20:13+00:00","author":{"@id":"https:\/\/abelfigueiredo.pa.gov.br\/site\/#\/schema\/person\/b7030c2e32bccfa38e6086b1ab3be678"},"inLanguage":"pt-BR","potentialAction":[{"@type":"ReadAction","target":["https:\/\/abelfigueiredo.pa.gov.br\/site\/educacao-em-foco-reforma-do-colegio-maria-ilza-e-nova-rota-do-transporte-escolar-beneficiam-comunidade\/"]}]},{"@type":"ImageObject","inLanguage":"pt-BR","@id":"https:\/\/abelfigueiredo.pa.gov.br\/site\/educacao-em-foco-reforma-do-colegio-maria-ilza-e-nova-rota-do-transporte-escolar-beneficiam-comunidade\/#primaryimage","url":"https:\/\/abelfigueiredo.pa.gov.br\/site\/wp-content\/uploads\/2025\/02\/7825206a-157f-4386-9b83-86f9f5a3d32e-scaled-e1739564543194.jpg","contentUrl":"https:\/\/abelfigueiredo.pa.gov.br\/site\/wp-content\/uploads\/2025\/02\/7825206a-157f-4386-9b83-86f9f5a3d32e-scaled-e1739564543194.jpg","width":2551,"height":1301},{"@type":"WebSite","@id":"https:\/\/abelfigueiredo.pa.gov.br\/site\/#website","url":"https:\/\/abelfigueiredo.pa.gov.br\/site\/","name":"Prefeitura Municipal de Abel Figueiredo | Gest\u00e3o 2025-2028","description":"Site oficial da Prefeitura Municipal de Abel Figueiredo","potentialAction":[{"@type":"SearchAction","target":{"@type":"EntryPoint","urlTemplate":"https:\/\/abelfigueiredo.pa.gov.br\/site\/?s={search_term_string}"},"query-input":{"@type":"PropertyValueSpecification","valueRequired":true,"valueName":"search_term_string"}}],"inLanguage":"pt-BR"},{"@type":"Person","@id":"https:\/\/abelfigueiredo.pa.gov.br\/site\/#\/schema\/person\/b7030c2e32bccfa38e6086b1ab3be678","name":"ASCOM","image":{"@type":"ImageObject","inLanguage":"pt-BR","@id":"https:\/\/abelfigueiredo.pa.gov.br\/site\/#\/schema\/person\/image\/","url":"https:\/\/secure.gravatar.com\/avatar\/ee6e3a6ac5793d71ee85d0aa82a0987b97fbd6c53d55b2480f9468ae70cdea28?s=96&d=mm&r=g","contentUrl":"https:\/\/secure.gravatar.com\/avatar\/ee6e3a6ac5793d71ee85d0aa82a0987b97fbd6c53d55b2480f9468ae70cdea28?s=96&d=mm&r=g","caption":"ASCOM"},"url":"https:\/\/abelfigueiredo.pa.gov.br\/site\/author\/ilhaproducoes\/"}]}},"_links":{"self":[{"href":"https:\/\/abelfigueiredo.pa.gov.br\/site\/wp-json\/wp\/v2\/posts\/19073","targetHints":{"allow":["GET"]}}],"collection":[{"href":"https:\/\/abelfigueiredo.pa.gov.br\/site\/wp-json\/wp\/v2\/posts"}],"about":[{"href":"https:\/\/abelfigueiredo.pa.gov.br\/site\/wp-json\/wp\/v2\/types\/post"}],"author":[{"embeddable":true,"href":"https:\/\/abelfigueiredo.pa.gov.br\/site\/wp-json\/wp\/v2\/users\/40"}],"replies":[{"embeddable":true,"href":"https:\/\/abelfigueiredo.pa.gov.br\/site\/wp-json\/wp\/v2\/comments?post=19073"}],"version-history":[{"count":2,"href":"https:\/\/abelfigueiredo.pa.gov.br\/site\/wp-json\/wp\/v2\/posts\/19073\/revisions"}],"predecessor-version":[{"id":19080,"href":"https:\/\/abelfigueiredo.pa.gov.br\/site\/wp-json\/wp\/v2\/posts\/19073\/revisions\/19080"}],"wp:featuredmedia":[{"embeddable":true,"href":"https:\/\/abelfigueiredo.pa.gov.br\/site\/wp-json\/wp\/v2\/media\/19079"}],"wp:attachment":[{"href":"https:\/\/abelfigueiredo.pa.gov.br\/site\/wp-json\/wp\/v2\/media?parent=19073"}],"wp:term":[{"taxonomy":"category","embeddable":true,"href":"https:\/\/abelfigueiredo.pa.gov.br\/site\/wp-json\/wp\/v2\/categories?post=19073"},{"taxonomy":"post_tag","embeddable":true,"href":"https:\/\/abelfigueiredo.pa.gov.br\/site\/wp-json\/wp\/v2\/tags?post=19073"}],"curies":[{"name":"wp","href":"https:\/\/api.w.org\/{rel}","templated":true}]}}