{"id":19062,"date":"2025-02-12T16:13:27","date_gmt":"2025-02-12T19:13:27","guid":{"rendered":"https:\/\/abelfigueiredo.pa.gov.br\/site\/?p=19062"},"modified":"2025-02-12T16:17:44","modified_gmt":"2025-02-12T19:17:44","slug":"mais-de-100-oculos-entregues-e-80-consultas-oftalmologicas-realizadas-em-abel-figueiredo","status":"publish","type":"post","link":"https:\/\/abelfigueiredo.pa.gov.br\/site\/mais-de-100-oculos-entregues-e-80-consultas-oftalmologicas-realizadas-em-abel-figueiredo\/","title":{"rendered":"Mais de 100 \u00f3culos entregues e 80 consultas oftalmol\u00f3gicas realizadas em Abel Figueiredo"},"content":{"rendered":"<p>A Prefeitura de Abel Figueiredo, por meio da Secretaria Municipal de Sa\u00fade e em parceria com o Cons\u00f3rcio Intermunicipal de Sa\u00fade do Araguaia e Tocantins (CISAT), realizou mais uma importante a\u00e7\u00e3o voltada ao cuidado com a vis\u00e3o da popula\u00e7\u00e3o. Durante a iniciativa, foram realizadas 80 consultas oftalmol\u00f3gicas e entregues mais de 100 \u00f3culos, beneficiando diretamente aqueles que necessitavam de corre\u00e7\u00e3o visual.<\/p>\n<p>O prefeito Marcone Lacerda celebrou a realiza\u00e7\u00e3o da a\u00e7\u00e3o e destacou a import\u00e2ncia desse atendimento para os moradores:<br \/>\n&#8220;Ver a alegria de cada pessoa recebendo seus \u00f3culos e sabendo que ter\u00e3o mais qualidade de vida \u00e9 gratificante. Estamos trabalhando para que a sa\u00fade em Abel Figueiredo chegue a quem mais precisa, com servi\u00e7os cada vez mais acess\u00edveis.<\/p>\n<p>Al\u00e9m disso, o secret\u00e1rio municipal de sa\u00fade garantiu que essas a\u00e7\u00f5es se tornar\u00e3o frequentes no munic\u00edpio, refor\u00e7ando o compromisso da gest\u00e3o em oferecer atendimento oftalmol\u00f3gico cont\u00ednuo e acess\u00edvel \u00e0 popula\u00e7\u00e3o.<\/p>\n<p>A entrega dos \u00f3culos e a realiza\u00e7\u00e3o das consultas s\u00e3o reflexos dos investimentos da Prefeitura na sa\u00fade p\u00fablica, buscando atender \u00e0s necessidades da popula\u00e7\u00e3o com iniciativas que fazem a diferen\u00e7a. O atendimento oftalmol\u00f3gico foi viabilizado atrav\u00e9s do CISAT, refor\u00e7ando a import\u00e2ncia das parcerias para ampliar o alcance das pol\u00edticas p\u00fablicas e beneficiar quem mais precisa.<\/p>\n<p>O Governo de Abel Figueiredo segue investindo em a\u00e7\u00f5es que promovem bem-estar e inclus\u00e3o, reafirmando seu compromisso com um munic\u00edpio mais justo e acess\u00edvel para todos.<\/p>\n<p><a href=\"https:\/\/abelfigueiredo.pa.gov.br\/site\/wp-content\/uploads\/2025\/02\/IMG_0059.heic\"><img decoding=\"async\" class=\"alignnone size-full wp-image-19063\" src=\"https:\/\/abelfigueiredo.pa.gov.br\/site\/wp-content\/uploads\/2025\/02\/IMG_0059.heic\" alt=\"\" \/><\/a> <a href=\"https:\/\/abelfigueiredo.pa.gov.br\/site\/wp-content\/uploads\/2025\/02\/IMG_0107.heic\"><img decoding=\"async\" class=\"alignnone size-full wp-image-19067\" src=\"https:\/\/abelfigueiredo.pa.gov.br\/site\/wp-content\/uploads\/2025\/02\/IMG_0107.heic\" alt=\"\" \/><\/a> <a href=\"https:\/\/abelfigueiredo.pa.gov.br\/site\/wp-content\/uploads\/2025\/02\/IMG_0102.heic\"><img loading=\"lazy\" decoding=\"async\" class=\"alignnone size-medium wp-image-19066\" src=\"https:\/\/abelfigueiredo.pa.gov.br\/site\/wp-content\/uploads\/2025\/02\/IMG_0102.heic\" alt=\"\" width=\"1\" height=\"1\" \/><\/a> <a href=\"https:\/\/abelfigueiredo.pa.gov.br\/site\/wp-content\/uploads\/2025\/02\/IMG_0058.heic\"><img loading=\"lazy\" decoding=\"async\" class=\"alignnone size-medium wp-image-19065\" src=\"https:\/\/abelfigueiredo.pa.gov.br\/site\/wp-content\/uploads\/2025\/02\/IMG_0058.heic\" alt=\"\" width=\"1\" height=\"1\" \/><\/a> <a href=\"https:\/\/abelfigueiredo.pa.gov.br\/site\/wp-content\/uploads\/2025\/02\/IMG_0059-1.heic\"><img loading=\"lazy\" decoding=\"async\" class=\"alignnone size-medium wp-image-19064\" src=\"https:\/\/abelfigueiredo.pa.gov.br\/site\/wp-content\/uploads\/2025\/02\/IMG_0059-1.heic\" alt=\"\" width=\"1\" height=\"1\" \/><\/a><a href=\"https:\/\/abelfigueiredo.pa.gov.br\/site\/wp-content\/uploads\/2025\/02\/IMG_0058-scaled.jpg\"><img loading=\"lazy\" decoding=\"async\" class=\"size-medium wp-image-19068 alignleft\" src=\"https:\/\/abelfigueiredo.pa.gov.br\/site\/wp-content\/uploads\/2025\/02\/IMG_0058-300x225.jpg\" alt=\"\" width=\"300\" height=\"225\" srcset=\"https:\/\/abelfigueiredo.pa.gov.br\/site\/wp-content\/uploads\/2025\/02\/IMG_0058-300x225.jpg 300w, https:\/\/abelfigueiredo.pa.gov.br\/site\/wp-content\/uploads\/2025\/02\/IMG_0058-1024x768.jpg 1024w, https:\/\/abelfigueiredo.pa.gov.br\/site\/wp-content\/uploads\/2025\/02\/IMG_0058-768x576.jpg 768w, https:\/\/abelfigueiredo.pa.gov.br\/site\/wp-content\/uploads\/2025\/02\/IMG_0058-1536x1152.jpg 1536w, https:\/\/abelfigueiredo.pa.gov.br\/site\/wp-content\/uploads\/2025\/02\/IMG_0058-2048x1536.jpg 2048w\" sizes=\"auto, (max-width: 300px) 100vw, 300px\" \/><\/a><a href=\"https:\/\/abelfigueiredo.pa.gov.br\/site\/wp-content\/uploads\/2025\/02\/IMG_0059-scaled.jpg\"><img loading=\"lazy\" decoding=\"async\" class=\"size-medium wp-image-19069 alignleft\" src=\"https:\/\/abelfigueiredo.pa.gov.br\/site\/wp-content\/uploads\/2025\/02\/IMG_0059-300x225.jpg\" alt=\"\" width=\"300\" height=\"225\" \/><\/a><a href=\"https:\/\/abelfigueiredo.pa.gov.br\/site\/wp-content\/uploads\/2025\/02\/IMG_0102-scaled.jpg\"><img loading=\"lazy\" decoding=\"async\" class=\"size-medium wp-image-19070 alignleft\" src=\"https:\/\/abelfigueiredo.pa.gov.br\/site\/wp-content\/uploads\/2025\/02\/IMG_0102-225x300.jpg\" alt=\"\" width=\"225\" height=\"300\" srcset=\"https:\/\/abelfigueiredo.pa.gov.br\/site\/wp-content\/uploads\/2025\/02\/IMG_0102-225x300.jpg 225w, https:\/\/abelfigueiredo.pa.gov.br\/site\/wp-content\/uploads\/2025\/02\/IMG_0102-768x1024.jpg 768w, https:\/\/abelfigueiredo.pa.gov.br\/site\/wp-content\/uploads\/2025\/02\/IMG_0102-1152x1536.jpg 1152w, https:\/\/abelfigueiredo.pa.gov.br\/site\/wp-content\/uploads\/2025\/02\/IMG_0102-1536x2048.jpg 1536w, https:\/\/abelfigueiredo.pa.gov.br\/site\/wp-content\/uploads\/2025\/02\/IMG_0102-scaled.jpg 1920w\" sizes=\"auto, (max-width: 225px) 100vw, 225px\" \/><\/a><a href=\"https:\/\/abelfigueiredo.pa.gov.br\/site\/wp-content\/uploads\/2025\/02\/IMG_0107-scaled.jpg\"><img loading=\"lazy\" decoding=\"async\" class=\"size-medium wp-image-19071 alignleft\" src=\"https:\/\/abelfigueiredo.pa.gov.br\/site\/wp-content\/uploads\/2025\/02\/IMG_0107-225x300.jpg\" alt=\"\" width=\"225\" height=\"300\" srcset=\"https:\/\/abelfigueiredo.pa.gov.br\/site\/wp-content\/uploads\/2025\/02\/IMG_0107-225x300.jpg 225w, https:\/\/abelfigueiredo.pa.gov.br\/site\/wp-content\/uploads\/2025\/02\/IMG_0107-768x1024.jpg 768w, https:\/\/abelfigueiredo.pa.gov.br\/site\/wp-content\/uploads\/2025\/02\/IMG_0107-1152x1536.jpg 1152w, https:\/\/abelfigueiredo.pa.gov.br\/site\/wp-content\/uploads\/2025\/02\/IMG_0107-1536x2048.jpg 1536w, https:\/\/abelfigueiredo.pa.gov.br\/site\/wp-content\/uploads\/2025\/02\/IMG_0107-scaled.jpg 1920w\" sizes=\"auto, (max-width: 225px) 100vw, 225px\" \/><\/a><\/p>\n","protected":false},"excerpt":{"rendered":"<p>A Prefeitura de Abel Figueiredo, por meio da Secretaria Municipal de Sa\u00fade e em parceria com o Cons\u00f3rcio Intermunicipal de Sa\u00fade do Araguaia e Tocantins (CISAT), realizou mais uma importante a\u00e7\u00e3o voltada ao cuidado com a vis\u00e3o da popula\u00e7\u00e3o. Durante a iniciativa, foram realizadas 80 consultas oftalmol\u00f3gicas e entregues mais de 100 \u00f3culos, beneficiando diretamente<\/p>\n<div class=\"read-more\"><a href=\"https:\/\/abelfigueiredo.pa.gov.br\/site\/mais-de-100-oculos-entregues-e-80-consultas-oftalmologicas-realizadas-em-abel-figueiredo\/\" title=\"Veja mais\">Veja mais<\/a><\/div>\n","protected":false},"author":40,"featured_media":19069,"comment_status":"closed","ping_status":"closed","sticky":false,"template":"","format":"standard","meta":{"footnotes":""},"categories":[1],"tags":[],"class_list":{"0":"post-19062","1":"post","2":"type-post","3":"status-publish","4":"format-standard","5":"has-post-thumbnail","7":"category-noticias"},"yoast_head":"<!-- This site is optimized with the Yoast SEO plugin v26.6 - https:\/\/yoast.com\/wordpress\/plugins\/seo\/ -->\n<title>Mais de 100 \u00f3culos entregues e 80 consultas oftalmol\u00f3gicas realizadas em Abel Figueiredo - Prefeitura Municipal de Abel Figueiredo | Gest\u00e3o 2025-2028<\/title>\n<meta name=\"robots\" content=\"index, follow, max-snippet:-1, max-image-preview:large, max-video-preview:-1\" \/>\n<link rel=\"canonical\" href=\"https:\/\/abelfigueiredo.pa.gov.br\/site\/mais-de-100-oculos-entregues-e-80-consultas-oftalmologicas-realizadas-em-abel-figueiredo\/\" \/>\n<meta property=\"og:locale\" content=\"pt_BR\" \/>\n<meta property=\"og:type\" content=\"article\" \/>\n<meta property=\"og:title\" content=\"Mais de 100 \u00f3culos entregues e 80 consultas oftalmol\u00f3gicas realizadas em Abel Figueiredo - Prefeitura Municipal de Abel Figueiredo | Gest\u00e3o 2025-2028\" \/>\n<meta property=\"og:description\" content=\"A Prefeitura de Abel Figueiredo, por meio da Secretaria Municipal de Sa\u00fade e em parceria com o Cons\u00f3rcio Intermunicipal de Sa\u00fade do Araguaia e Tocantins (CISAT), realizou mais uma importante a\u00e7\u00e3o voltada ao cuidado com a vis\u00e3o da popula\u00e7\u00e3o. Durante a iniciativa, foram realizadas 80 consultas oftalmol\u00f3gicas e entregues mais de 100 \u00f3culos, beneficiando diretamenteVeja mais\" \/>\n<meta property=\"og:url\" content=\"https:\/\/abelfigueiredo.pa.gov.br\/site\/mais-de-100-oculos-entregues-e-80-consultas-oftalmologicas-realizadas-em-abel-figueiredo\/\" \/>\n<meta property=\"og:site_name\" content=\"Prefeitura Municipal de Abel Figueiredo | Gest\u00e3o 2025-2028\" \/>\n<meta property=\"article:published_time\" content=\"2025-02-12T19:13:27+00:00\" \/>\n<meta property=\"article:modified_time\" content=\"2025-02-12T19:17:44+00:00\" \/>\n<meta property=\"og:image\" content=\"https:\/\/abelfigueiredo.pa.gov.br\/site\/wp-content\/uploads\/2025\/02\/IMG_0059-scaled-e1739387584483.jpg\" \/>\n\t<meta property=\"og:image:width\" content=\"2560\" \/>\n\t<meta property=\"og:image:height\" content=\"1664\" \/>\n\t<meta property=\"og:image:type\" content=\"image\/jpeg\" \/>\n<meta name=\"author\" content=\"ASCOM\" \/>\n<meta name=\"twitter:label1\" content=\"Escrito por\" \/>\n\t<meta name=\"twitter:data1\" content=\"ASCOM\" \/>\n\t<meta name=\"twitter:label2\" content=\"Est. tempo de leitura\" \/>\n\t<meta name=\"twitter:data2\" content=\"1 minuto\" \/>\n<script type=\"application\/ld+json\" class=\"yoast-schema-graph\">{\"@context\":\"https:\/\/schema.org\",\"@graph\":[{\"@type\":\"WebPage\",\"@id\":\"https:\/\/abelfigueiredo.pa.gov.br\/site\/mais-de-100-oculos-entregues-e-80-consultas-oftalmologicas-realizadas-em-abel-figueiredo\/\",\"url\":\"https:\/\/abelfigueiredo.pa.gov.br\/site\/mais-de-100-oculos-entregues-e-80-consultas-oftalmologicas-realizadas-em-abel-figueiredo\/\",\"name\":\"Mais de 100 \u00f3culos entregues e 80 consultas oftalmol\u00f3gicas realizadas em Abel Figueiredo - Prefeitura Municipal de Abel Figueiredo | Gest\u00e3o 2025-2028\",\"isPartOf\":{\"@id\":\"https:\/\/abelfigueiredo.pa.gov.br\/site\/#website\"},\"primaryImageOfPage\":{\"@id\":\"https:\/\/abelfigueiredo.pa.gov.br\/site\/mais-de-100-oculos-entregues-e-80-consultas-oftalmologicas-realizadas-em-abel-figueiredo\/#primaryimage\"},\"image\":{\"@id\":\"https:\/\/abelfigueiredo.pa.gov.br\/site\/mais-de-100-oculos-entregues-e-80-consultas-oftalmologicas-realizadas-em-abel-figueiredo\/#primaryimage\"},\"thumbnailUrl\":\"https:\/\/abelfigueiredo.pa.gov.br\/site\/wp-content\/uploads\/2025\/02\/IMG_0059-scaled-e1739387584483.jpg\",\"datePublished\":\"2025-02-12T19:13:27+00:00\",\"dateModified\":\"2025-02-12T19:17:44+00:00\",\"author\":{\"@id\":\"https:\/\/abelfigueiredo.pa.gov.br\/site\/#\/schema\/person\/b7030c2e32bccfa38e6086b1ab3be678\"},\"inLanguage\":\"pt-BR\",\"potentialAction\":[{\"@type\":\"ReadAction\",\"target\":[\"https:\/\/abelfigueiredo.pa.gov.br\/site\/mais-de-100-oculos-entregues-e-80-consultas-oftalmologicas-realizadas-em-abel-figueiredo\/\"]}]},{\"@type\":\"ImageObject\",\"inLanguage\":\"pt-BR\",\"@id\":\"https:\/\/abelfigueiredo.pa.gov.br\/site\/mais-de-100-oculos-entregues-e-80-consultas-oftalmologicas-realizadas-em-abel-figueiredo\/#primaryimage\",\"url\":\"https:\/\/abelfigueiredo.pa.gov.br\/site\/wp-content\/uploads\/2025\/02\/IMG_0059-scaled-e1739387584483.jpg\",\"contentUrl\":\"https:\/\/abelfigueiredo.pa.gov.br\/site\/wp-content\/uploads\/2025\/02\/IMG_0059-scaled-e1739387584483.jpg\",\"width\":2560,\"height\":1664},{\"@type\":\"WebSite\",\"@id\":\"https:\/\/abelfigueiredo.pa.gov.br\/site\/#website\",\"url\":\"https:\/\/abelfigueiredo.pa.gov.br\/site\/\",\"name\":\"Prefeitura Municipal de Abel Figueiredo | Gest\u00e3o 2025-2028\",\"description\":\"Site oficial da Prefeitura Municipal de Abel Figueiredo\",\"potentialAction\":[{\"@type\":\"SearchAction\",\"target\":{\"@type\":\"EntryPoint\",\"urlTemplate\":\"https:\/\/abelfigueiredo.pa.gov.br\/site\/?s={search_term_string}\"},\"query-input\":{\"@type\":\"PropertyValueSpecification\",\"valueRequired\":true,\"valueName\":\"search_term_string\"}}],\"inLanguage\":\"pt-BR\"},{\"@type\":\"Person\",\"@id\":\"https:\/\/abelfigueiredo.pa.gov.br\/site\/#\/schema\/person\/b7030c2e32bccfa38e6086b1ab3be678\",\"name\":\"ASCOM\",\"image\":{\"@type\":\"ImageObject\",\"inLanguage\":\"pt-BR\",\"@id\":\"https:\/\/abelfigueiredo.pa.gov.br\/site\/#\/schema\/person\/image\/\",\"url\":\"https:\/\/secure.gravatar.com\/avatar\/ee6e3a6ac5793d71ee85d0aa82a0987b97fbd6c53d55b2480f9468ae70cdea28?s=96&d=mm&r=g\",\"contentUrl\":\"https:\/\/secure.gravatar.com\/avatar\/ee6e3a6ac5793d71ee85d0aa82a0987b97fbd6c53d55b2480f9468ae70cdea28?s=96&d=mm&r=g\",\"caption\":\"ASCOM\"},\"url\":\"https:\/\/abelfigueiredo.pa.gov.br\/site\/author\/ilhaproducoes\/\"}]}<\/script>\n<!-- \/ Yoast SEO plugin. -->","yoast_head_json":{"title":"Mais de 100 \u00f3culos entregues e 80 consultas oftalmol\u00f3gicas realizadas em Abel Figueiredo - Prefeitura Municipal de Abel Figueiredo | Gest\u00e3o 2025-2028","robots":{"index":"index","follow":"follow","max-snippet":"max-snippet:-1","max-image-preview":"max-image-preview:large","max-video-preview":"max-video-preview:-1"},"canonical":"https:\/\/abelfigueiredo.pa.gov.br\/site\/mais-de-100-oculos-entregues-e-80-consultas-oftalmologicas-realizadas-em-abel-figueiredo\/","og_locale":"pt_BR","og_type":"article","og_title":"Mais de 100 \u00f3culos entregues e 80 consultas oftalmol\u00f3gicas realizadas em Abel Figueiredo - Prefeitura Municipal de Abel Figueiredo | Gest\u00e3o 2025-2028","og_description":"A Prefeitura de Abel Figueiredo, por meio da Secretaria Municipal de Sa\u00fade e em parceria com o Cons\u00f3rcio Intermunicipal de Sa\u00fade do Araguaia e Tocantins (CISAT), realizou mais uma importante a\u00e7\u00e3o voltada ao cuidado com a vis\u00e3o da popula\u00e7\u00e3o. Durante a iniciativa, foram realizadas 80 consultas oftalmol\u00f3gicas e entregues mais de 100 \u00f3culos, beneficiando diretamenteVeja mais","og_url":"https:\/\/abelfigueiredo.pa.gov.br\/site\/mais-de-100-oculos-entregues-e-80-consultas-oftalmologicas-realizadas-em-abel-figueiredo\/","og_site_name":"Prefeitura Municipal de Abel Figueiredo | Gest\u00e3o 2025-2028","article_published_time":"2025-02-12T19:13:27+00:00","article_modified_time":"2025-02-12T19:17:44+00:00","og_image":[{"width":2560,"height":1664,"url":"https:\/\/abelfigueiredo.pa.gov.br\/site\/wp-content\/uploads\/2025\/02\/IMG_0059-scaled-e1739387584483.jpg","type":"image\/jpeg"}],"author":"ASCOM","twitter_misc":{"Escrito por":"ASCOM","Est. tempo de leitura":"1 minuto"},"schema":{"@context":"https:\/\/schema.org","@graph":[{"@type":"WebPage","@id":"https:\/\/abelfigueiredo.pa.gov.br\/site\/mais-de-100-oculos-entregues-e-80-consultas-oftalmologicas-realizadas-em-abel-figueiredo\/","url":"https:\/\/abelfigueiredo.pa.gov.br\/site\/mais-de-100-oculos-entregues-e-80-consultas-oftalmologicas-realizadas-em-abel-figueiredo\/","name":"Mais de 100 \u00f3culos entregues e 80 consultas oftalmol\u00f3gicas realizadas em Abel Figueiredo - Prefeitura Municipal de Abel Figueiredo | Gest\u00e3o 2025-2028","isPartOf":{"@id":"https:\/\/abelfigueiredo.pa.gov.br\/site\/#website"},"primaryImageOfPage":{"@id":"https:\/\/abelfigueiredo.pa.gov.br\/site\/mais-de-100-oculos-entregues-e-80-consultas-oftalmologicas-realizadas-em-abel-figueiredo\/#primaryimage"},"image":{"@id":"https:\/\/abelfigueiredo.pa.gov.br\/site\/mais-de-100-oculos-entregues-e-80-consultas-oftalmologicas-realizadas-em-abel-figueiredo\/#primaryimage"},"thumbnailUrl":"https:\/\/abelfigueiredo.pa.gov.br\/site\/wp-content\/uploads\/2025\/02\/IMG_0059-scaled-e1739387584483.jpg","datePublished":"2025-02-12T19:13:27+00:00","dateModified":"2025-02-12T19:17:44+00:00","author":{"@id":"https:\/\/abelfigueiredo.pa.gov.br\/site\/#\/schema\/person\/b7030c2e32bccfa38e6086b1ab3be678"},"inLanguage":"pt-BR","potentialAction":[{"@type":"ReadAction","target":["https:\/\/abelfigueiredo.pa.gov.br\/site\/mais-de-100-oculos-entregues-e-80-consultas-oftalmologicas-realizadas-em-abel-figueiredo\/"]}]},{"@type":"ImageObject","inLanguage":"pt-BR","@id":"https:\/\/abelfigueiredo.pa.gov.br\/site\/mais-de-100-oculos-entregues-e-80-consultas-oftalmologicas-realizadas-em-abel-figueiredo\/#primaryimage","url":"https:\/\/abelfigueiredo.pa.gov.br\/site\/wp-content\/uploads\/2025\/02\/IMG_0059-scaled-e1739387584483.jpg","contentUrl":"https:\/\/abelfigueiredo.pa.gov.br\/site\/wp-content\/uploads\/2025\/02\/IMG_0059-scaled-e1739387584483.jpg","width":2560,"height":1664},{"@type":"WebSite","@id":"https:\/\/abelfigueiredo.pa.gov.br\/site\/#website","url":"https:\/\/abelfigueiredo.pa.gov.br\/site\/","name":"Prefeitura Municipal de Abel Figueiredo | Gest\u00e3o 2025-2028","description":"Site oficial da Prefeitura Municipal de Abel Figueiredo","potentialAction":[{"@type":"SearchAction","target":{"@type":"EntryPoint","urlTemplate":"https:\/\/abelfigueiredo.pa.gov.br\/site\/?s={search_term_string}"},"query-input":{"@type":"PropertyValueSpecification","valueRequired":true,"valueName":"search_term_string"}}],"inLanguage":"pt-BR"},{"@type":"Person","@id":"https:\/\/abelfigueiredo.pa.gov.br\/site\/#\/schema\/person\/b7030c2e32bccfa38e6086b1ab3be678","name":"ASCOM","image":{"@type":"ImageObject","inLanguage":"pt-BR","@id":"https:\/\/abelfigueiredo.pa.gov.br\/site\/#\/schema\/person\/image\/","url":"https:\/\/secure.gravatar.com\/avatar\/ee6e3a6ac5793d71ee85d0aa82a0987b97fbd6c53d55b2480f9468ae70cdea28?s=96&d=mm&r=g","contentUrl":"https:\/\/secure.gravatar.com\/avatar\/ee6e3a6ac5793d71ee85d0aa82a0987b97fbd6c53d55b2480f9468ae70cdea28?s=96&d=mm&r=g","caption":"ASCOM"},"url":"https:\/\/abelfigueiredo.pa.gov.br\/site\/author\/ilhaproducoes\/"}]}},"_links":{"self":[{"href":"https:\/\/abelfigueiredo.pa.gov.br\/site\/wp-json\/wp\/v2\/posts\/19062","targetHints":{"allow":["GET"]}}],"collection":[{"href":"https:\/\/abelfigueiredo.pa.gov.br\/site\/wp-json\/wp\/v2\/posts"}],"about":[{"href":"https:\/\/abelfigueiredo.pa.gov.br\/site\/wp-json\/wp\/v2\/types\/post"}],"author":[{"embeddable":true,"href":"https:\/\/abelfigueiredo.pa.gov.br\/site\/wp-json\/wp\/v2\/users\/40"}],"replies":[{"embeddable":true,"href":"https:\/\/abelfigueiredo.pa.gov.br\/site\/wp-json\/wp\/v2\/comments?post=19062"}],"version-history":[{"count":1,"href":"https:\/\/abelfigueiredo.pa.gov.br\/site\/wp-json\/wp\/v2\/posts\/19062\/revisions"}],"predecessor-version":[{"id":19072,"href":"https:\/\/abelfigueiredo.pa.gov.br\/site\/wp-json\/wp\/v2\/posts\/19062\/revisions\/19072"}],"wp:featuredmedia":[{"embeddable":true,"href":"https:\/\/abelfigueiredo.pa.gov.br\/site\/wp-json\/wp\/v2\/media\/19069"}],"wp:attachment":[{"href":"https:\/\/abelfigueiredo.pa.gov.br\/site\/wp-json\/wp\/v2\/media?parent=19062"}],"wp:term":[{"taxonomy":"category","embeddable":true,"href":"https:\/\/abelfigueiredo.pa.gov.br\/site\/wp-json\/wp\/v2\/categories?post=19062"},{"taxonomy":"post_tag","embeddable":true,"href":"https:\/\/abelfigueiredo.pa.gov.br\/site\/wp-json\/wp\/v2\/tags?post=19062"}],"curies":[{"name":"wp","href":"https:\/\/api.w.org\/{rel}","templated":true}]}}