{"id":19051,"date":"2025-02-11T13:53:41","date_gmt":"2025-02-11T16:53:41","guid":{"rendered":"https:\/\/abelfigueiredo.pa.gov.br\/site\/?p=19051"},"modified":"2025-02-11T15:15:47","modified_gmt":"2025-02-11T18:15:47","slug":"%f0%9f%8f%86abel-figueiredo-recebe-selo-nacional-ouro-do-compromisso-com-a-alfabetizacao","status":"publish","type":"post","link":"https:\/\/abelfigueiredo.pa.gov.br\/site\/%f0%9f%8f%86abel-figueiredo-recebe-selo-nacional-ouro-do-compromisso-com-a-alfabetizacao\/","title":{"rendered":"\ud83c\udfc6Abel Figueiredo recebe Selo Nacional Ouro do Compromisso com a Alfabetiza\u00e7\u00e3o"},"content":{"rendered":"<p style=\"text-align: left;\">A Prefeitura de Abel Figueiredo tem a satisfa\u00e7\u00e3o de anunciar que nosso munic\u00edpio foi reconhecido com o Selo Nacional Ouro do Compromisso com a Alfabetiza\u00e7\u00e3o, um importante reconhecimento concedido pelo Minist\u00e9rio da Educa\u00e7\u00e3o aos munic\u00edpios que se destacam na garantia do direito \u00e0 alfabetiza\u00e7\u00e3o e no fortalecimento da educa\u00e7\u00e3o b\u00e1sica.<\/p>\n<p>A cerim\u00f4nia de premia\u00e7\u00e3o ocorreu no Centro Internacional de Conven\u00e7\u00f5es do Brasil, em Bras\u00edlia, e contou com a presen\u00e7a do presidente Luiz In\u00e1cio Lula da Silva e do ministro da Educa\u00e7\u00e3o, Camilo Santana. Representando Abel Figueiredo neste momento significativo, esteve presente a secret\u00e1ria municipal de educa\u00e7\u00e3o, Rafaele Souza.<\/p>\n<p>O selo reflete o trabalho cont\u00ednuo de nossos professores, gestores e toda a comunidade escolar em garantir uma educa\u00e7\u00e3o de qualidade.<\/p>\n<p>&nbsp;<\/p>\n<p><a href=\"https:\/\/abelfigueiredo.pa.gov.br\/site\/wp-content\/uploads\/2025\/02\/WhatsApp-Image-2025-02-10-at-21.25.07-scaled.jpeg\"><img loading=\"lazy\" decoding=\"async\" class=\"alignnone size-medium wp-image-19055\" src=\"https:\/\/abelfigueiredo.pa.gov.br\/site\/wp-content\/uploads\/2025\/02\/WhatsApp-Image-2025-02-10-at-21.25.07-225x300.jpeg\" alt=\"\" width=\"225\" height=\"300\" srcset=\"https:\/\/abelfigueiredo.pa.gov.br\/site\/wp-content\/uploads\/2025\/02\/WhatsApp-Image-2025-02-10-at-21.25.07-225x300.jpeg 225w, https:\/\/abelfigueiredo.pa.gov.br\/site\/wp-content\/uploads\/2025\/02\/WhatsApp-Image-2025-02-10-at-21.25.07-768x1024.jpeg 768w, https:\/\/abelfigueiredo.pa.gov.br\/site\/wp-content\/uploads\/2025\/02\/WhatsApp-Image-2025-02-10-at-21.25.07-1152x1536.jpeg 1152w, https:\/\/abelfigueiredo.pa.gov.br\/site\/wp-content\/uploads\/2025\/02\/WhatsApp-Image-2025-02-10-at-21.25.07-1536x2048.jpeg 1536w, https:\/\/abelfigueiredo.pa.gov.br\/site\/wp-content\/uploads\/2025\/02\/WhatsApp-Image-2025-02-10-at-21.25.07-scaled.jpeg 1920w\" sizes=\"auto, (max-width: 225px) 100vw, 225px\" \/><\/a> <a href=\"https:\/\/abelfigueiredo.pa.gov.br\/site\/wp-content\/uploads\/2025\/02\/WhatsApp-Image-2025-02-10-at-21.25.10-scaled.jpeg\"><img loading=\"lazy\" decoding=\"async\" class=\"alignnone size-medium wp-image-19054\" src=\"https:\/\/abelfigueiredo.pa.gov.br\/site\/wp-content\/uploads\/2025\/02\/WhatsApp-Image-2025-02-10-at-21.25.10-225x300.jpeg\" alt=\"\" width=\"225\" height=\"300\" srcset=\"https:\/\/abelfigueiredo.pa.gov.br\/site\/wp-content\/uploads\/2025\/02\/WhatsApp-Image-2025-02-10-at-21.25.10-225x300.jpeg 225w, https:\/\/abelfigueiredo.pa.gov.br\/site\/wp-content\/uploads\/2025\/02\/WhatsApp-Image-2025-02-10-at-21.25.10-768x1024.jpeg 768w, https:\/\/abelfigueiredo.pa.gov.br\/site\/wp-content\/uploads\/2025\/02\/WhatsApp-Image-2025-02-10-at-21.25.10-1152x1536.jpeg 1152w, https:\/\/abelfigueiredo.pa.gov.br\/site\/wp-content\/uploads\/2025\/02\/WhatsApp-Image-2025-02-10-at-21.25.10-1536x2048.jpeg 1536w, https:\/\/abelfigueiredo.pa.gov.br\/site\/wp-content\/uploads\/2025\/02\/WhatsApp-Image-2025-02-10-at-21.25.10-scaled.jpeg 1920w\" sizes=\"auto, (max-width: 225px) 100vw, 225px\" \/><\/a> <a href=\"https:\/\/abelfigueiredo.pa.gov.br\/site\/wp-content\/uploads\/2025\/02\/WhatsApp-Image-2025-02-10-at-21.25.09-scaled.jpeg\"><img loading=\"lazy\" decoding=\"async\" class=\"alignnone size-medium wp-image-19053\" src=\"https:\/\/abelfigueiredo.pa.gov.br\/site\/wp-content\/uploads\/2025\/02\/WhatsApp-Image-2025-02-10-at-21.25.09-225x300.jpeg\" alt=\"\" width=\"225\" height=\"300\" srcset=\"https:\/\/abelfigueiredo.pa.gov.br\/site\/wp-content\/uploads\/2025\/02\/WhatsApp-Image-2025-02-10-at-21.25.09-225x300.jpeg 225w, https:\/\/abelfigueiredo.pa.gov.br\/site\/wp-content\/uploads\/2025\/02\/WhatsApp-Image-2025-02-10-at-21.25.09-768x1024.jpeg 768w, https:\/\/abelfigueiredo.pa.gov.br\/site\/wp-content\/uploads\/2025\/02\/WhatsApp-Image-2025-02-10-at-21.25.09-1152x1536.jpeg 1152w, https:\/\/abelfigueiredo.pa.gov.br\/site\/wp-content\/uploads\/2025\/02\/WhatsApp-Image-2025-02-10-at-21.25.09-1536x2048.jpeg 1536w, https:\/\/abelfigueiredo.pa.gov.br\/site\/wp-content\/uploads\/2025\/02\/WhatsApp-Image-2025-02-10-at-21.25.09-scaled.jpeg 1920w\" sizes=\"auto, (max-width: 225px) 100vw, 225px\" \/><\/a><\/p>\n","protected":false},"excerpt":{"rendered":"<p>A Prefeitura de Abel Figueiredo tem a satisfa\u00e7\u00e3o de anunciar que nosso munic\u00edpio foi reconhecido com o Selo Nacional Ouro do Compromisso com a Alfabetiza\u00e7\u00e3o, um importante reconhecimento concedido pelo Minist\u00e9rio da Educa\u00e7\u00e3o aos munic\u00edpios que se destacam na garantia do direito \u00e0 alfabetiza\u00e7\u00e3o e no fortalecimento da educa\u00e7\u00e3o b\u00e1sica. A cerim\u00f4nia de premia\u00e7\u00e3o ocorreu<\/p>\n<div class=\"read-more\"><a href=\"https:\/\/abelfigueiredo.pa.gov.br\/site\/%f0%9f%8f%86abel-figueiredo-recebe-selo-nacional-ouro-do-compromisso-com-a-alfabetizacao\/\" title=\"Veja mais\">Veja mais<\/a><\/div>\n","protected":false},"author":40,"featured_media":19052,"comment_status":"closed","ping_status":"closed","sticky":false,"template":"","format":"standard","meta":{"footnotes":""},"categories":[1],"tags":[],"class_list":{"0":"post-19051","1":"post","2":"type-post","3":"status-publish","4":"format-standard","5":"has-post-thumbnail","7":"category-noticias"},"yoast_head":"<!-- This site is optimized with the Yoast SEO plugin v26.6 - https:\/\/yoast.com\/wordpress\/plugins\/seo\/ -->\n<title>\ud83c\udfc6Abel Figueiredo recebe Selo Nacional Ouro do Compromisso com a Alfabetiza\u00e7\u00e3o - Prefeitura Municipal de Abel Figueiredo | Gest\u00e3o 2025-2028<\/title>\n<meta name=\"robots\" content=\"index, follow, max-snippet:-1, max-image-preview:large, max-video-preview:-1\" \/>\n<link rel=\"canonical\" href=\"https:\/\/abelfigueiredo.pa.gov.br\/site\/\ud83c\udfc6abel-figueiredo-recebe-selo-nacional-ouro-do-compromisso-com-a-alfabetizacao\/\" \/>\n<meta property=\"og:locale\" content=\"pt_BR\" \/>\n<meta property=\"og:type\" content=\"article\" \/>\n<meta property=\"og:title\" content=\"\ud83c\udfc6Abel Figueiredo recebe Selo Nacional Ouro do Compromisso com a Alfabetiza\u00e7\u00e3o - Prefeitura Municipal de Abel Figueiredo | Gest\u00e3o 2025-2028\" \/>\n<meta property=\"og:description\" content=\"A Prefeitura de Abel Figueiredo tem a satisfa\u00e7\u00e3o de anunciar que nosso munic\u00edpio foi reconhecido com o Selo Nacional Ouro do Compromisso com a Alfabetiza\u00e7\u00e3o, um importante reconhecimento concedido pelo Minist\u00e9rio da Educa\u00e7\u00e3o aos munic\u00edpios que se destacam na garantia do direito \u00e0 alfabetiza\u00e7\u00e3o e no fortalecimento da educa\u00e7\u00e3o b\u00e1sica. A cerim\u00f4nia de premia\u00e7\u00e3o ocorreuVeja mais\" \/>\n<meta property=\"og:url\" content=\"https:\/\/abelfigueiredo.pa.gov.br\/site\/\ud83c\udfc6abel-figueiredo-recebe-selo-nacional-ouro-do-compromisso-com-a-alfabetizacao\/\" \/>\n<meta property=\"og:site_name\" content=\"Prefeitura Municipal de Abel Figueiredo | Gest\u00e3o 2025-2028\" \/>\n<meta property=\"article:published_time\" content=\"2025-02-11T16:53:41+00:00\" \/>\n<meta property=\"article:modified_time\" content=\"2025-02-11T18:15:47+00:00\" \/>\n<meta property=\"og:image\" content=\"https:\/\/abelfigueiredo.pa.gov.br\/site\/wp-content\/uploads\/2025\/02\/WhatsApp-Image-2025-02-11-at-12.48.35.jpeg\" \/>\n\t<meta property=\"og:image:width\" content=\"1920\" \/>\n\t<meta property=\"og:image:height\" content=\"2560\" \/>\n\t<meta property=\"og:image:type\" content=\"image\/jpeg\" \/>\n<meta name=\"author\" content=\"ASCOM\" \/>\n<meta name=\"twitter:label1\" content=\"Escrito por\" \/>\n\t<meta name=\"twitter:data1\" content=\"ASCOM\" \/>\n\t<meta name=\"twitter:label2\" content=\"Est. tempo de leitura\" \/>\n\t<meta name=\"twitter:data2\" content=\"1 minuto\" \/>\n<script type=\"application\/ld+json\" class=\"yoast-schema-graph\">{\"@context\":\"https:\/\/schema.org\",\"@graph\":[{\"@type\":\"WebPage\",\"@id\":\"https:\/\/abelfigueiredo.pa.gov.br\/site\/%f0%9f%8f%86abel-figueiredo-recebe-selo-nacional-ouro-do-compromisso-com-a-alfabetizacao\/\",\"url\":\"https:\/\/abelfigueiredo.pa.gov.br\/site\/%f0%9f%8f%86abel-figueiredo-recebe-selo-nacional-ouro-do-compromisso-com-a-alfabetizacao\/\",\"name\":\"\ud83c\udfc6Abel Figueiredo recebe Selo Nacional Ouro do Compromisso com a Alfabetiza\u00e7\u00e3o - Prefeitura Municipal de Abel Figueiredo | Gest\u00e3o 2025-2028\",\"isPartOf\":{\"@id\":\"https:\/\/abelfigueiredo.pa.gov.br\/site\/#website\"},\"primaryImageOfPage\":{\"@id\":\"https:\/\/abelfigueiredo.pa.gov.br\/site\/%f0%9f%8f%86abel-figueiredo-recebe-selo-nacional-ouro-do-compromisso-com-a-alfabetizacao\/#primaryimage\"},\"image\":{\"@id\":\"https:\/\/abelfigueiredo.pa.gov.br\/site\/%f0%9f%8f%86abel-figueiredo-recebe-selo-nacional-ouro-do-compromisso-com-a-alfabetizacao\/#primaryimage\"},\"thumbnailUrl\":\"https:\/\/abelfigueiredo.pa.gov.br\/site\/wp-content\/uploads\/2025\/02\/WhatsApp-Image-2025-02-11-at-12.48.35.jpeg\",\"datePublished\":\"2025-02-11T16:53:41+00:00\",\"dateModified\":\"2025-02-11T18:15:47+00:00\",\"author\":{\"@id\":\"https:\/\/abelfigueiredo.pa.gov.br\/site\/#\/schema\/person\/b7030c2e32bccfa38e6086b1ab3be678\"},\"inLanguage\":\"pt-BR\",\"potentialAction\":[{\"@type\":\"ReadAction\",\"target\":[\"https:\/\/abelfigueiredo.pa.gov.br\/site\/%f0%9f%8f%86abel-figueiredo-recebe-selo-nacional-ouro-do-compromisso-com-a-alfabetizacao\/\"]}]},{\"@type\":\"ImageObject\",\"inLanguage\":\"pt-BR\",\"@id\":\"https:\/\/abelfigueiredo.pa.gov.br\/site\/%f0%9f%8f%86abel-figueiredo-recebe-selo-nacional-ouro-do-compromisso-com-a-alfabetizacao\/#primaryimage\",\"url\":\"https:\/\/abelfigueiredo.pa.gov.br\/site\/wp-content\/uploads\/2025\/02\/WhatsApp-Image-2025-02-11-at-12.48.35.jpeg\",\"contentUrl\":\"https:\/\/abelfigueiredo.pa.gov.br\/site\/wp-content\/uploads\/2025\/02\/WhatsApp-Image-2025-02-11-at-12.48.35.jpeg\",\"width\":1920,\"height\":2560},{\"@type\":\"WebSite\",\"@id\":\"https:\/\/abelfigueiredo.pa.gov.br\/site\/#website\",\"url\":\"https:\/\/abelfigueiredo.pa.gov.br\/site\/\",\"name\":\"Prefeitura Municipal de Abel Figueiredo | Gest\u00e3o 2025-2028\",\"description\":\"Site oficial da Prefeitura Municipal de Abel Figueiredo\",\"potentialAction\":[{\"@type\":\"SearchAction\",\"target\":{\"@type\":\"EntryPoint\",\"urlTemplate\":\"https:\/\/abelfigueiredo.pa.gov.br\/site\/?s={search_term_string}\"},\"query-input\":{\"@type\":\"PropertyValueSpecification\",\"valueRequired\":true,\"valueName\":\"search_term_string\"}}],\"inLanguage\":\"pt-BR\"},{\"@type\":\"Person\",\"@id\":\"https:\/\/abelfigueiredo.pa.gov.br\/site\/#\/schema\/person\/b7030c2e32bccfa38e6086b1ab3be678\",\"name\":\"ASCOM\",\"image\":{\"@type\":\"ImageObject\",\"inLanguage\":\"pt-BR\",\"@id\":\"https:\/\/abelfigueiredo.pa.gov.br\/site\/#\/schema\/person\/image\/\",\"url\":\"https:\/\/secure.gravatar.com\/avatar\/ee6e3a6ac5793d71ee85d0aa82a0987b97fbd6c53d55b2480f9468ae70cdea28?s=96&d=mm&r=g\",\"contentUrl\":\"https:\/\/secure.gravatar.com\/avatar\/ee6e3a6ac5793d71ee85d0aa82a0987b97fbd6c53d55b2480f9468ae70cdea28?s=96&d=mm&r=g\",\"caption\":\"ASCOM\"},\"url\":\"https:\/\/abelfigueiredo.pa.gov.br\/site\/author\/ilhaproducoes\/\"}]}<\/script>\n<!-- \/ Yoast SEO plugin. -->","yoast_head_json":{"title":"\ud83c\udfc6Abel Figueiredo recebe Selo Nacional Ouro do Compromisso com a Alfabetiza\u00e7\u00e3o - Prefeitura Municipal de Abel Figueiredo | Gest\u00e3o 2025-2028","robots":{"index":"index","follow":"follow","max-snippet":"max-snippet:-1","max-image-preview":"max-image-preview:large","max-video-preview":"max-video-preview:-1"},"canonical":"https:\/\/abelfigueiredo.pa.gov.br\/site\/\ud83c\udfc6abel-figueiredo-recebe-selo-nacional-ouro-do-compromisso-com-a-alfabetizacao\/","og_locale":"pt_BR","og_type":"article","og_title":"\ud83c\udfc6Abel Figueiredo recebe Selo Nacional Ouro do Compromisso com a Alfabetiza\u00e7\u00e3o - Prefeitura Municipal de Abel Figueiredo | Gest\u00e3o 2025-2028","og_description":"A Prefeitura de Abel Figueiredo tem a satisfa\u00e7\u00e3o de anunciar que nosso munic\u00edpio foi reconhecido com o Selo Nacional Ouro do Compromisso com a Alfabetiza\u00e7\u00e3o, um importante reconhecimento concedido pelo Minist\u00e9rio da Educa\u00e7\u00e3o aos munic\u00edpios que se destacam na garantia do direito \u00e0 alfabetiza\u00e7\u00e3o e no fortalecimento da educa\u00e7\u00e3o b\u00e1sica. A cerim\u00f4nia de premia\u00e7\u00e3o ocorreuVeja mais","og_url":"https:\/\/abelfigueiredo.pa.gov.br\/site\/\ud83c\udfc6abel-figueiredo-recebe-selo-nacional-ouro-do-compromisso-com-a-alfabetizacao\/","og_site_name":"Prefeitura Municipal de Abel Figueiredo | Gest\u00e3o 2025-2028","article_published_time":"2025-02-11T16:53:41+00:00","article_modified_time":"2025-02-11T18:15:47+00:00","og_image":[{"width":1920,"height":2560,"url":"https:\/\/abelfigueiredo.pa.gov.br\/site\/wp-content\/uploads\/2025\/02\/WhatsApp-Image-2025-02-11-at-12.48.35.jpeg","type":"image\/jpeg"}],"author":"ASCOM","twitter_misc":{"Escrito por":"ASCOM","Est. tempo de leitura":"1 minuto"},"schema":{"@context":"https:\/\/schema.org","@graph":[{"@type":"WebPage","@id":"https:\/\/abelfigueiredo.pa.gov.br\/site\/%f0%9f%8f%86abel-figueiredo-recebe-selo-nacional-ouro-do-compromisso-com-a-alfabetizacao\/","url":"https:\/\/abelfigueiredo.pa.gov.br\/site\/%f0%9f%8f%86abel-figueiredo-recebe-selo-nacional-ouro-do-compromisso-com-a-alfabetizacao\/","name":"\ud83c\udfc6Abel Figueiredo recebe Selo Nacional Ouro do Compromisso com a Alfabetiza\u00e7\u00e3o - Prefeitura Municipal de Abel Figueiredo | Gest\u00e3o 2025-2028","isPartOf":{"@id":"https:\/\/abelfigueiredo.pa.gov.br\/site\/#website"},"primaryImageOfPage":{"@id":"https:\/\/abelfigueiredo.pa.gov.br\/site\/%f0%9f%8f%86abel-figueiredo-recebe-selo-nacional-ouro-do-compromisso-com-a-alfabetizacao\/#primaryimage"},"image":{"@id":"https:\/\/abelfigueiredo.pa.gov.br\/site\/%f0%9f%8f%86abel-figueiredo-recebe-selo-nacional-ouro-do-compromisso-com-a-alfabetizacao\/#primaryimage"},"thumbnailUrl":"https:\/\/abelfigueiredo.pa.gov.br\/site\/wp-content\/uploads\/2025\/02\/WhatsApp-Image-2025-02-11-at-12.48.35.jpeg","datePublished":"2025-02-11T16:53:41+00:00","dateModified":"2025-02-11T18:15:47+00:00","author":{"@id":"https:\/\/abelfigueiredo.pa.gov.br\/site\/#\/schema\/person\/b7030c2e32bccfa38e6086b1ab3be678"},"inLanguage":"pt-BR","potentialAction":[{"@type":"ReadAction","target":["https:\/\/abelfigueiredo.pa.gov.br\/site\/%f0%9f%8f%86abel-figueiredo-recebe-selo-nacional-ouro-do-compromisso-com-a-alfabetizacao\/"]}]},{"@type":"ImageObject","inLanguage":"pt-BR","@id":"https:\/\/abelfigueiredo.pa.gov.br\/site\/%f0%9f%8f%86abel-figueiredo-recebe-selo-nacional-ouro-do-compromisso-com-a-alfabetizacao\/#primaryimage","url":"https:\/\/abelfigueiredo.pa.gov.br\/site\/wp-content\/uploads\/2025\/02\/WhatsApp-Image-2025-02-11-at-12.48.35.jpeg","contentUrl":"https:\/\/abelfigueiredo.pa.gov.br\/site\/wp-content\/uploads\/2025\/02\/WhatsApp-Image-2025-02-11-at-12.48.35.jpeg","width":1920,"height":2560},{"@type":"WebSite","@id":"https:\/\/abelfigueiredo.pa.gov.br\/site\/#website","url":"https:\/\/abelfigueiredo.pa.gov.br\/site\/","name":"Prefeitura Municipal de Abel Figueiredo | Gest\u00e3o 2025-2028","description":"Site oficial da Prefeitura Municipal de Abel Figueiredo","potentialAction":[{"@type":"SearchAction","target":{"@type":"EntryPoint","urlTemplate":"https:\/\/abelfigueiredo.pa.gov.br\/site\/?s={search_term_string}"},"query-input":{"@type":"PropertyValueSpecification","valueRequired":true,"valueName":"search_term_string"}}],"inLanguage":"pt-BR"},{"@type":"Person","@id":"https:\/\/abelfigueiredo.pa.gov.br\/site\/#\/schema\/person\/b7030c2e32bccfa38e6086b1ab3be678","name":"ASCOM","image":{"@type":"ImageObject","inLanguage":"pt-BR","@id":"https:\/\/abelfigueiredo.pa.gov.br\/site\/#\/schema\/person\/image\/","url":"https:\/\/secure.gravatar.com\/avatar\/ee6e3a6ac5793d71ee85d0aa82a0987b97fbd6c53d55b2480f9468ae70cdea28?s=96&d=mm&r=g","contentUrl":"https:\/\/secure.gravatar.com\/avatar\/ee6e3a6ac5793d71ee85d0aa82a0987b97fbd6c53d55b2480f9468ae70cdea28?s=96&d=mm&r=g","caption":"ASCOM"},"url":"https:\/\/abelfigueiredo.pa.gov.br\/site\/author\/ilhaproducoes\/"}]}},"_links":{"self":[{"href":"https:\/\/abelfigueiredo.pa.gov.br\/site\/wp-json\/wp\/v2\/posts\/19051","targetHints":{"allow":["GET"]}}],"collection":[{"href":"https:\/\/abelfigueiredo.pa.gov.br\/site\/wp-json\/wp\/v2\/posts"}],"about":[{"href":"https:\/\/abelfigueiredo.pa.gov.br\/site\/wp-json\/wp\/v2\/types\/post"}],"author":[{"embeddable":true,"href":"https:\/\/abelfigueiredo.pa.gov.br\/site\/wp-json\/wp\/v2\/users\/40"}],"replies":[{"embeddable":true,"href":"https:\/\/abelfigueiredo.pa.gov.br\/site\/wp-json\/wp\/v2\/comments?post=19051"}],"version-history":[{"count":4,"href":"https:\/\/abelfigueiredo.pa.gov.br\/site\/wp-json\/wp\/v2\/posts\/19051\/revisions"}],"predecessor-version":[{"id":19061,"href":"https:\/\/abelfigueiredo.pa.gov.br\/site\/wp-json\/wp\/v2\/posts\/19051\/revisions\/19061"}],"wp:featuredmedia":[{"embeddable":true,"href":"https:\/\/abelfigueiredo.pa.gov.br\/site\/wp-json\/wp\/v2\/media\/19052"}],"wp:attachment":[{"href":"https:\/\/abelfigueiredo.pa.gov.br\/site\/wp-json\/wp\/v2\/media?parent=19051"}],"wp:term":[{"taxonomy":"category","embeddable":true,"href":"https:\/\/abelfigueiredo.pa.gov.br\/site\/wp-json\/wp\/v2\/categories?post=19051"},{"taxonomy":"post_tag","embeddable":true,"href":"https:\/\/abelfigueiredo.pa.gov.br\/site\/wp-json\/wp\/v2\/tags?post=19051"}],"curies":[{"name":"wp","href":"https:\/\/api.w.org\/{rel}","templated":true}]}}