{"id":19047,"date":"2025-02-11T13:47:45","date_gmt":"2025-02-11T16:47:45","guid":{"rendered":"https:\/\/abelfigueiredo.pa.gov.br\/site\/?p=19047"},"modified":"2025-02-11T13:47:45","modified_gmt":"2025-02-11T16:47:45","slug":"estudantes-de-abel-figueiredo-terao-transporte-escolar-para-maraba","status":"publish","type":"post","link":"https:\/\/abelfigueiredo.pa.gov.br\/site\/estudantes-de-abel-figueiredo-terao-transporte-escolar-para-maraba\/","title":{"rendered":"Estudantes de Abel Figueiredo Ter\u00e3o Transporte Escolar para Marab\u00e1"},"content":{"rendered":"<p data-start=\"0\" data-end=\"115\">Os alunos de Abel Figueiredo que precisam se deslocar at\u00e9 Marab\u00e1 para estudar contar\u00e3o com um transporte escolar.<\/p>\n<p data-start=\"117\" data-end=\"296\">A medida foi viabilizada por meio de uma emenda parlamentar destinada a pedido do prefeito Marcone Lacerda, do vice-prefeito Aldari Ferreira e com o apoio da C\u00e2mara Legislativa.<\/p>\n<p data-start=\"298\" data-end=\"618\">O parlamentar Victor Dias anunciou a destina\u00e7\u00e3o do recurso, destacando que o investimento trar\u00e1 mais seguran\u00e7a e conforto para os estudantes que enfrentam esse percurso em busca de educa\u00e7\u00e3o. Com essa iniciativa, a gest\u00e3o municipal refor\u00e7a o compromisso com a educa\u00e7\u00e3o p\u00fablica de qualidade e a acessibilidade ao ensino.<\/p>\n<p data-start=\"620\" data-end=\"1045\" data-is-last-node=\"\">O an\u00fancio acontece durante uma agenda intensa do prefeito Marcone em Bel\u00e9m, onde ele busca novos recursos para o munic\u00edpio. A viagem \u00e0 capital paraense inclui reuni\u00f5es com autoridades estaduais e parlamentares para tratar de investimentos em diversas \u00e1reas, como\u00a0 Sa\u00fade, educa\u00e7\u00e3o e agricultura.<\/p>\n<p data-start=\"620\" data-end=\"1045\" data-is-last-node=\"\">Esses esfor\u00e7o demonstra o empenho da administra\u00e7\u00e3o municipal em garantir avan\u00e7os e melhorias para a popula\u00e7\u00e3o de Abel Figueiredo.<\/p>\n<div style=\"width: 702px;\" class=\"wp-video\"><video class=\"wp-video-shortcode\" id=\"video-19047-1\" width=\"702\" height=\"395\" preload=\"metadata\" controls=\"controls\"><source type=\"video\/mp4\" src=\"https:\/\/abelfigueiredo.pa.gov.br\/site\/wp-content\/uploads\/2025\/02\/Img-6318.mp4?_=1\" \/><a href=\"https:\/\/abelfigueiredo.pa.gov.br\/site\/wp-content\/uploads\/2025\/02\/Img-6318.mp4\">https:\/\/abelfigueiredo.pa.gov.br\/site\/wp-content\/uploads\/2025\/02\/Img-6318.mp4<\/a><\/video><\/div>\n<p data-start=\"620\" data-end=\"1045\" data-is-last-node=\"\">\n","protected":false},"excerpt":{"rendered":"<p>Os alunos de Abel Figueiredo que precisam se deslocar at\u00e9 Marab\u00e1 para estudar contar\u00e3o com um transporte escolar. A medida foi viabilizada por meio de uma emenda parlamentar destinada a pedido do prefeito Marcone Lacerda, do vice-prefeito Aldari Ferreira e com o apoio da C\u00e2mara Legislativa. O parlamentar Victor Dias anunciou a destina\u00e7\u00e3o do recurso,<\/p>\n<div class=\"read-more\"><a href=\"https:\/\/abelfigueiredo.pa.gov.br\/site\/estudantes-de-abel-figueiredo-terao-transporte-escolar-para-maraba\/\" title=\"Veja mais\">Veja mais<\/a><\/div>\n","protected":false},"author":40,"featured_media":19048,"comment_status":"closed","ping_status":"closed","sticky":false,"template":"","format":"standard","meta":{"footnotes":""},"categories":[1],"tags":[],"class_list":{"0":"post-19047","1":"post","2":"type-post","3":"status-publish","4":"format-standard","5":"has-post-thumbnail","7":"category-noticias"},"yoast_head":"<!-- This site is optimized with the Yoast SEO plugin v26.6 - https:\/\/yoast.com\/wordpress\/plugins\/seo\/ -->\n<title>Estudantes de Abel Figueiredo Ter\u00e3o Transporte Escolar para Marab\u00e1 - Prefeitura Municipal de Abel Figueiredo | Gest\u00e3o 2025-2028<\/title>\n<meta name=\"robots\" content=\"index, follow, max-snippet:-1, max-image-preview:large, max-video-preview:-1\" \/>\n<link rel=\"canonical\" href=\"https:\/\/abelfigueiredo.pa.gov.br\/site\/estudantes-de-abel-figueiredo-terao-transporte-escolar-para-maraba\/\" \/>\n<meta property=\"og:locale\" content=\"pt_BR\" \/>\n<meta property=\"og:type\" content=\"article\" \/>\n<meta property=\"og:title\" content=\"Estudantes de Abel Figueiredo Ter\u00e3o Transporte Escolar para Marab\u00e1 - Prefeitura Municipal de Abel Figueiredo | Gest\u00e3o 2025-2028\" \/>\n<meta property=\"og:description\" content=\"Os alunos de Abel Figueiredo que precisam se deslocar at\u00e9 Marab\u00e1 para estudar contar\u00e3o com um transporte escolar. A medida foi viabilizada por meio de uma emenda parlamentar destinada a pedido do prefeito Marcone Lacerda, do vice-prefeito Aldari Ferreira e com o apoio da C\u00e2mara Legislativa. O parlamentar Victor Dias anunciou a destina\u00e7\u00e3o do recurso,Veja mais\" \/>\n<meta property=\"og:url\" content=\"https:\/\/abelfigueiredo.pa.gov.br\/site\/estudantes-de-abel-figueiredo-terao-transporte-escolar-para-maraba\/\" \/>\n<meta property=\"og:site_name\" content=\"Prefeitura Municipal de Abel Figueiredo | Gest\u00e3o 2025-2028\" \/>\n<meta property=\"article:published_time\" content=\"2025-02-11T16:47:45+00:00\" \/>\n<meta property=\"og:image\" content=\"https:\/\/abelfigueiredo.pa.gov.br\/site\/wp-content\/uploads\/2025\/02\/afdf40ca-9de7-4ee8-84b0-7636be577299.jpeg\" \/>\n\t<meta property=\"og:image:width\" content=\"1290\" \/>\n\t<meta property=\"og:image:height\" content=\"1731\" \/>\n\t<meta property=\"og:image:type\" content=\"image\/jpeg\" \/>\n<meta name=\"author\" content=\"ASCOM\" \/>\n<meta name=\"twitter:label1\" content=\"Escrito por\" \/>\n\t<meta name=\"twitter:data1\" content=\"ASCOM\" \/>\n\t<meta name=\"twitter:label2\" content=\"Est. tempo de leitura\" \/>\n\t<meta name=\"twitter:data2\" content=\"1 minuto\" \/>\n<script type=\"application\/ld+json\" class=\"yoast-schema-graph\">{\"@context\":\"https:\/\/schema.org\",\"@graph\":[{\"@type\":\"WebPage\",\"@id\":\"https:\/\/abelfigueiredo.pa.gov.br\/site\/estudantes-de-abel-figueiredo-terao-transporte-escolar-para-maraba\/\",\"url\":\"https:\/\/abelfigueiredo.pa.gov.br\/site\/estudantes-de-abel-figueiredo-terao-transporte-escolar-para-maraba\/\",\"name\":\"Estudantes de Abel Figueiredo Ter\u00e3o Transporte Escolar para Marab\u00e1 - Prefeitura Municipal de Abel Figueiredo | Gest\u00e3o 2025-2028\",\"isPartOf\":{\"@id\":\"https:\/\/abelfigueiredo.pa.gov.br\/site\/#website\"},\"primaryImageOfPage\":{\"@id\":\"https:\/\/abelfigueiredo.pa.gov.br\/site\/estudantes-de-abel-figueiredo-terao-transporte-escolar-para-maraba\/#primaryimage\"},\"image\":{\"@id\":\"https:\/\/abelfigueiredo.pa.gov.br\/site\/estudantes-de-abel-figueiredo-terao-transporte-escolar-para-maraba\/#primaryimage\"},\"thumbnailUrl\":\"https:\/\/abelfigueiredo.pa.gov.br\/site\/wp-content\/uploads\/2025\/02\/afdf40ca-9de7-4ee8-84b0-7636be577299-e1739299637347.jpeg\",\"datePublished\":\"2025-02-11T16:47:45+00:00\",\"author\":{\"@id\":\"https:\/\/abelfigueiredo.pa.gov.br\/site\/#\/schema\/person\/b7030c2e32bccfa38e6086b1ab3be678\"},\"inLanguage\":\"pt-BR\",\"potentialAction\":[{\"@type\":\"ReadAction\",\"target\":[\"https:\/\/abelfigueiredo.pa.gov.br\/site\/estudantes-de-abel-figueiredo-terao-transporte-escolar-para-maraba\/\"]}]},{\"@type\":\"ImageObject\",\"inLanguage\":\"pt-BR\",\"@id\":\"https:\/\/abelfigueiredo.pa.gov.br\/site\/estudantes-de-abel-figueiredo-terao-transporte-escolar-para-maraba\/#primaryimage\",\"url\":\"https:\/\/abelfigueiredo.pa.gov.br\/site\/wp-content\/uploads\/2025\/02\/afdf40ca-9de7-4ee8-84b0-7636be577299-e1739299637347.jpeg\",\"contentUrl\":\"https:\/\/abelfigueiredo.pa.gov.br\/site\/wp-content\/uploads\/2025\/02\/afdf40ca-9de7-4ee8-84b0-7636be577299-e1739299637347.jpeg\",\"width\":1289,\"height\":804},{\"@type\":\"WebSite\",\"@id\":\"https:\/\/abelfigueiredo.pa.gov.br\/site\/#website\",\"url\":\"https:\/\/abelfigueiredo.pa.gov.br\/site\/\",\"name\":\"Prefeitura Municipal de Abel Figueiredo | Gest\u00e3o 2025-2028\",\"description\":\"Site oficial da Prefeitura Municipal de Abel Figueiredo\",\"potentialAction\":[{\"@type\":\"SearchAction\",\"target\":{\"@type\":\"EntryPoint\",\"urlTemplate\":\"https:\/\/abelfigueiredo.pa.gov.br\/site\/?s={search_term_string}\"},\"query-input\":{\"@type\":\"PropertyValueSpecification\",\"valueRequired\":true,\"valueName\":\"search_term_string\"}}],\"inLanguage\":\"pt-BR\"},{\"@type\":\"Person\",\"@id\":\"https:\/\/abelfigueiredo.pa.gov.br\/site\/#\/schema\/person\/b7030c2e32bccfa38e6086b1ab3be678\",\"name\":\"ASCOM\",\"image\":{\"@type\":\"ImageObject\",\"inLanguage\":\"pt-BR\",\"@id\":\"https:\/\/abelfigueiredo.pa.gov.br\/site\/#\/schema\/person\/image\/\",\"url\":\"https:\/\/secure.gravatar.com\/avatar\/ee6e3a6ac5793d71ee85d0aa82a0987b97fbd6c53d55b2480f9468ae70cdea28?s=96&d=mm&r=g\",\"contentUrl\":\"https:\/\/secure.gravatar.com\/avatar\/ee6e3a6ac5793d71ee85d0aa82a0987b97fbd6c53d55b2480f9468ae70cdea28?s=96&d=mm&r=g\",\"caption\":\"ASCOM\"},\"url\":\"https:\/\/abelfigueiredo.pa.gov.br\/site\/author\/ilhaproducoes\/\"}]}<\/script>\n<!-- \/ Yoast SEO plugin. -->","yoast_head_json":{"title":"Estudantes de Abel Figueiredo Ter\u00e3o Transporte Escolar para Marab\u00e1 - Prefeitura Municipal de Abel Figueiredo | Gest\u00e3o 2025-2028","robots":{"index":"index","follow":"follow","max-snippet":"max-snippet:-1","max-image-preview":"max-image-preview:large","max-video-preview":"max-video-preview:-1"},"canonical":"https:\/\/abelfigueiredo.pa.gov.br\/site\/estudantes-de-abel-figueiredo-terao-transporte-escolar-para-maraba\/","og_locale":"pt_BR","og_type":"article","og_title":"Estudantes de Abel Figueiredo Ter\u00e3o Transporte Escolar para Marab\u00e1 - Prefeitura Municipal de Abel Figueiredo | Gest\u00e3o 2025-2028","og_description":"Os alunos de Abel Figueiredo que precisam se deslocar at\u00e9 Marab\u00e1 para estudar contar\u00e3o com um transporte escolar. A medida foi viabilizada por meio de uma emenda parlamentar destinada a pedido do prefeito Marcone Lacerda, do vice-prefeito Aldari Ferreira e com o apoio da C\u00e2mara Legislativa. O parlamentar Victor Dias anunciou a destina\u00e7\u00e3o do recurso,Veja mais","og_url":"https:\/\/abelfigueiredo.pa.gov.br\/site\/estudantes-de-abel-figueiredo-terao-transporte-escolar-para-maraba\/","og_site_name":"Prefeitura Municipal de Abel Figueiredo | Gest\u00e3o 2025-2028","article_published_time":"2025-02-11T16:47:45+00:00","og_image":[{"width":1290,"height":1731,"url":"https:\/\/abelfigueiredo.pa.gov.br\/site\/wp-content\/uploads\/2025\/02\/afdf40ca-9de7-4ee8-84b0-7636be577299.jpeg","type":"image\/jpeg"}],"author":"ASCOM","twitter_misc":{"Escrito por":"ASCOM","Est. tempo de leitura":"1 minuto"},"schema":{"@context":"https:\/\/schema.org","@graph":[{"@type":"WebPage","@id":"https:\/\/abelfigueiredo.pa.gov.br\/site\/estudantes-de-abel-figueiredo-terao-transporte-escolar-para-maraba\/","url":"https:\/\/abelfigueiredo.pa.gov.br\/site\/estudantes-de-abel-figueiredo-terao-transporte-escolar-para-maraba\/","name":"Estudantes de Abel Figueiredo Ter\u00e3o Transporte Escolar para Marab\u00e1 - Prefeitura Municipal de Abel Figueiredo | Gest\u00e3o 2025-2028","isPartOf":{"@id":"https:\/\/abelfigueiredo.pa.gov.br\/site\/#website"},"primaryImageOfPage":{"@id":"https:\/\/abelfigueiredo.pa.gov.br\/site\/estudantes-de-abel-figueiredo-terao-transporte-escolar-para-maraba\/#primaryimage"},"image":{"@id":"https:\/\/abelfigueiredo.pa.gov.br\/site\/estudantes-de-abel-figueiredo-terao-transporte-escolar-para-maraba\/#primaryimage"},"thumbnailUrl":"https:\/\/abelfigueiredo.pa.gov.br\/site\/wp-content\/uploads\/2025\/02\/afdf40ca-9de7-4ee8-84b0-7636be577299-e1739299637347.jpeg","datePublished":"2025-02-11T16:47:45+00:00","author":{"@id":"https:\/\/abelfigueiredo.pa.gov.br\/site\/#\/schema\/person\/b7030c2e32bccfa38e6086b1ab3be678"},"inLanguage":"pt-BR","potentialAction":[{"@type":"ReadAction","target":["https:\/\/abelfigueiredo.pa.gov.br\/site\/estudantes-de-abel-figueiredo-terao-transporte-escolar-para-maraba\/"]}]},{"@type":"ImageObject","inLanguage":"pt-BR","@id":"https:\/\/abelfigueiredo.pa.gov.br\/site\/estudantes-de-abel-figueiredo-terao-transporte-escolar-para-maraba\/#primaryimage","url":"https:\/\/abelfigueiredo.pa.gov.br\/site\/wp-content\/uploads\/2025\/02\/afdf40ca-9de7-4ee8-84b0-7636be577299-e1739299637347.jpeg","contentUrl":"https:\/\/abelfigueiredo.pa.gov.br\/site\/wp-content\/uploads\/2025\/02\/afdf40ca-9de7-4ee8-84b0-7636be577299-e1739299637347.jpeg","width":1289,"height":804},{"@type":"WebSite","@id":"https:\/\/abelfigueiredo.pa.gov.br\/site\/#website","url":"https:\/\/abelfigueiredo.pa.gov.br\/site\/","name":"Prefeitura Municipal de Abel Figueiredo | Gest\u00e3o 2025-2028","description":"Site oficial da Prefeitura Municipal de Abel Figueiredo","potentialAction":[{"@type":"SearchAction","target":{"@type":"EntryPoint","urlTemplate":"https:\/\/abelfigueiredo.pa.gov.br\/site\/?s={search_term_string}"},"query-input":{"@type":"PropertyValueSpecification","valueRequired":true,"valueName":"search_term_string"}}],"inLanguage":"pt-BR"},{"@type":"Person","@id":"https:\/\/abelfigueiredo.pa.gov.br\/site\/#\/schema\/person\/b7030c2e32bccfa38e6086b1ab3be678","name":"ASCOM","image":{"@type":"ImageObject","inLanguage":"pt-BR","@id":"https:\/\/abelfigueiredo.pa.gov.br\/site\/#\/schema\/person\/image\/","url":"https:\/\/secure.gravatar.com\/avatar\/ee6e3a6ac5793d71ee85d0aa82a0987b97fbd6c53d55b2480f9468ae70cdea28?s=96&d=mm&r=g","contentUrl":"https:\/\/secure.gravatar.com\/avatar\/ee6e3a6ac5793d71ee85d0aa82a0987b97fbd6c53d55b2480f9468ae70cdea28?s=96&d=mm&r=g","caption":"ASCOM"},"url":"https:\/\/abelfigueiredo.pa.gov.br\/site\/author\/ilhaproducoes\/"}]}},"_links":{"self":[{"href":"https:\/\/abelfigueiredo.pa.gov.br\/site\/wp-json\/wp\/v2\/posts\/19047","targetHints":{"allow":["GET"]}}],"collection":[{"href":"https:\/\/abelfigueiredo.pa.gov.br\/site\/wp-json\/wp\/v2\/posts"}],"about":[{"href":"https:\/\/abelfigueiredo.pa.gov.br\/site\/wp-json\/wp\/v2\/types\/post"}],"author":[{"embeddable":true,"href":"https:\/\/abelfigueiredo.pa.gov.br\/site\/wp-json\/wp\/v2\/users\/40"}],"replies":[{"embeddable":true,"href":"https:\/\/abelfigueiredo.pa.gov.br\/site\/wp-json\/wp\/v2\/comments?post=19047"}],"version-history":[{"count":1,"href":"https:\/\/abelfigueiredo.pa.gov.br\/site\/wp-json\/wp\/v2\/posts\/19047\/revisions"}],"predecessor-version":[{"id":19050,"href":"https:\/\/abelfigueiredo.pa.gov.br\/site\/wp-json\/wp\/v2\/posts\/19047\/revisions\/19050"}],"wp:featuredmedia":[{"embeddable":true,"href":"https:\/\/abelfigueiredo.pa.gov.br\/site\/wp-json\/wp\/v2\/media\/19048"}],"wp:attachment":[{"href":"https:\/\/abelfigueiredo.pa.gov.br\/site\/wp-json\/wp\/v2\/media?parent=19047"}],"wp:term":[{"taxonomy":"category","embeddable":true,"href":"https:\/\/abelfigueiredo.pa.gov.br\/site\/wp-json\/wp\/v2\/categories?post=19047"},{"taxonomy":"post_tag","embeddable":true,"href":"https:\/\/abelfigueiredo.pa.gov.br\/site\/wp-json\/wp\/v2\/tags?post=19047"}],"curies":[{"name":"wp","href":"https:\/\/api.w.org\/{rel}","templated":true}]}}