{"id":19035,"date":"2025-02-10T13:26:02","date_gmt":"2025-02-10T16:26:02","guid":{"rendered":"https:\/\/abelfigueiredo.pa.gov.br\/site\/?p=19035"},"modified":"2025-02-10T13:42:09","modified_gmt":"2025-02-10T16:42:09","slug":"prefeito-marcone-lacerda-busca-investimentos-para-saude-e-desenvolvimento-economico-em-belem","status":"publish","type":"post","link":"https:\/\/abelfigueiredo.pa.gov.br\/site\/prefeito-marcone-lacerda-busca-investimentos-para-saude-e-desenvolvimento-economico-em-belem\/","title":{"rendered":"Prefeito Marcone Lacerda busca investimentos para sa\u00fade e desenvolvimento econ\u00f4mico em Bel\u00e9m"},"content":{"rendered":"<div class=\"flex max-w-full flex-col flex-grow\">\n<div class=\"min-h-8 text-message flex w-full flex-col items-end gap-2 whitespace-normal break-words text-start [.text-message+&amp;]:mt-5\" dir=\"auto\" data-message-author-role=\"assistant\" data-message-id=\"dcf18ad6-2448-4bc4-b0e6-4e2d13e90866\" data-message-model-slug=\"gpt-4o\">\n<div class=\"flex w-full flex-col gap-1 empty:hidden first:pt-[3px]\">\n<div class=\"markdown prose w-full break-words dark:prose-invert light\">\n<p>&nbsp;<\/p>\n<p>O prefeito Marcone Lacerda, se encontra em Bel\u00e9m nesta segunda-feira (10) para cumprir uma s\u00e9rie de agendas em busca de investimentos para o munic\u00edpio. nos primeiro hor\u00e1rios da manh\u00e3, ele se reuniu com autoridades estaduais para tratar de melhorias na sa\u00fade p\u00fablica e no setor agropecu\u00e1rio.<\/p>\n<p><a href=\"https:\/\/abelfigueiredo.pa.gov.br\/site\/wp-content\/uploads\/2025\/02\/01945cde-4e12-4905-b354-c8c908594466-1.jpeg\"><img loading=\"lazy\" decoding=\"async\" class=\" wp-image-19040 aligncenter\" src=\"https:\/\/abelfigueiredo.pa.gov.br\/site\/wp-content\/uploads\/2025\/02\/01945cde-4e12-4905-b354-c8c908594466-1-225x300.jpeg\" alt=\"\" width=\"442\" height=\"589\" srcset=\"https:\/\/abelfigueiredo.pa.gov.br\/site\/wp-content\/uploads\/2025\/02\/01945cde-4e12-4905-b354-c8c908594466-1-225x300.jpeg 225w, https:\/\/abelfigueiredo.pa.gov.br\/site\/wp-content\/uploads\/2025\/02\/01945cde-4e12-4905-b354-c8c908594466-1-768x1024.jpeg 768w, https:\/\/abelfigueiredo.pa.gov.br\/site\/wp-content\/uploads\/2025\/02\/01945cde-4e12-4905-b354-c8c908594466-1-1152x1536.jpeg 1152w, https:\/\/abelfigueiredo.pa.gov.br\/site\/wp-content\/uploads\/2025\/02\/01945cde-4e12-4905-b354-c8c908594466-1.jpeg 1200w\" sizes=\"auto, (max-width: 442px) 100vw, 442px\" \/><\/a><\/p>\n<p>Na Secretaria de Sa\u00fade P\u00fablica do Estado (SESPA), o gestor foi recebido pela secret\u00e1ria Ivete Gadelha Vaz e pelo secret\u00e1rio adjunto Sipriano Ferraz Santos J\u00fanior. No encontro, Lacerda solicitou recursos para a reforma e amplia\u00e7\u00e3o das unidades de sa\u00fade do munic\u00edpio, al\u00e9m de investimentos no hospital municipal e aquisi\u00e7\u00e3o de novos equipamentos, visando aprimorar o atendimento \u00e0 popula\u00e7\u00e3o.<\/p>\n<p>O prefeito tamb\u00e9m esteve na Secretaria de Desenvolvimento Agropecu\u00e1rio e da Pesca (SEDAP), onde apresentou demandas voltadas \u00e0 piscicultura e agricultura. A proposta inclui incentivos para fortalecer a produ\u00e7\u00e3o local e impulsionar a gera\u00e7\u00e3o de emprego e renda para os trabalhadores do setor rural.<\/p>\n<p>As articula\u00e7\u00f5es em Bel\u00e9m refor\u00e7am o compromisso da gest\u00e3o municipal com o desenvolvimento de Abel Figueiredo, garantindo avan\u00e7os estruturais e econ\u00f4micos para a cidade.<\/p>\n<p><a href=\"https:\/\/abelfigueiredo.pa.gov.br\/site\/wp-content\/uploads\/2025\/02\/649fcac2-8d8b-4e6b-a91d-1a067ea21492.jpeg\"><img loading=\"lazy\" decoding=\"async\" class=\"alignnone size-medium wp-image-19039\" src=\"https:\/\/abelfigueiredo.pa.gov.br\/site\/wp-content\/uploads\/2025\/02\/649fcac2-8d8b-4e6b-a91d-1a067ea21492-225x300.jpeg\" alt=\"\" width=\"225\" height=\"300\" srcset=\"https:\/\/abelfigueiredo.pa.gov.br\/site\/wp-content\/uploads\/2025\/02\/649fcac2-8d8b-4e6b-a91d-1a067ea21492-225x300.jpeg 225w, https:\/\/abelfigueiredo.pa.gov.br\/site\/wp-content\/uploads\/2025\/02\/649fcac2-8d8b-4e6b-a91d-1a067ea21492-768x1024.jpeg 768w, https:\/\/abelfigueiredo.pa.gov.br\/site\/wp-content\/uploads\/2025\/02\/649fcac2-8d8b-4e6b-a91d-1a067ea21492-1152x1536.jpeg 1152w, https:\/\/abelfigueiredo.pa.gov.br\/site\/wp-content\/uploads\/2025\/02\/649fcac2-8d8b-4e6b-a91d-1a067ea21492.jpeg 1200w\" sizes=\"auto, (max-width: 225px) 100vw, 225px\" \/><\/a> <a href=\"https:\/\/abelfigueiredo.pa.gov.br\/site\/wp-content\/uploads\/2025\/02\/134c7a28-52d2-4c3a-a601-dcb1040efd94.jpeg\"><img loading=\"lazy\" decoding=\"async\" class=\"alignnone size-medium wp-image-19038\" src=\"https:\/\/abelfigueiredo.pa.gov.br\/site\/wp-content\/uploads\/2025\/02\/134c7a28-52d2-4c3a-a601-dcb1040efd94-225x300.jpeg\" alt=\"\" width=\"225\" height=\"300\" srcset=\"https:\/\/abelfigueiredo.pa.gov.br\/site\/wp-content\/uploads\/2025\/02\/134c7a28-52d2-4c3a-a601-dcb1040efd94-225x300.jpeg 225w, https:\/\/abelfigueiredo.pa.gov.br\/site\/wp-content\/uploads\/2025\/02\/134c7a28-52d2-4c3a-a601-dcb1040efd94-768x1024.jpeg 768w, https:\/\/abelfigueiredo.pa.gov.br\/site\/wp-content\/uploads\/2025\/02\/134c7a28-52d2-4c3a-a601-dcb1040efd94-1152x1536.jpeg 1152w, https:\/\/abelfigueiredo.pa.gov.br\/site\/wp-content\/uploads\/2025\/02\/134c7a28-52d2-4c3a-a601-dcb1040efd94.jpeg 1200w\" sizes=\"auto, (max-width: 225px) 100vw, 225px\" \/><\/a><a href=\"https:\/\/abelfigueiredo.pa.gov.br\/site\/wp-content\/uploads\/2025\/02\/77059f08-0462-41d7-8535-8d00eed093ff.jpeg\"><img loading=\"lazy\" decoding=\"async\" class=\"size-medium wp-image-19037 alignleft\" src=\"https:\/\/abelfigueiredo.pa.gov.br\/site\/wp-content\/uploads\/2025\/02\/77059f08-0462-41d7-8535-8d00eed093ff-300x225.jpeg\" alt=\"\" width=\"300\" height=\"225\" srcset=\"https:\/\/abelfigueiredo.pa.gov.br\/site\/wp-content\/uploads\/2025\/02\/77059f08-0462-41d7-8535-8d00eed093ff-300x225.jpeg 300w, https:\/\/abelfigueiredo.pa.gov.br\/site\/wp-content\/uploads\/2025\/02\/77059f08-0462-41d7-8535-8d00eed093ff-1024x768.jpeg 1024w, https:\/\/abelfigueiredo.pa.gov.br\/site\/wp-content\/uploads\/2025\/02\/77059f08-0462-41d7-8535-8d00eed093ff-768x576.jpeg 768w, https:\/\/abelfigueiredo.pa.gov.br\/site\/wp-content\/uploads\/2025\/02\/77059f08-0462-41d7-8535-8d00eed093ff-1536x1152.jpeg 1536w, https:\/\/abelfigueiredo.pa.gov.br\/site\/wp-content\/uploads\/2025\/02\/77059f08-0462-41d7-8535-8d00eed093ff.jpeg 1600w\" sizes=\"auto, (max-width: 300px) 100vw, 300px\" \/><\/a><\/p>\n<\/div>\n<\/div>\n<\/div>\n<\/div>\n<div class=\"mb-2 flex gap-3 empty:hidden -ml-2\">\n<div class=\"items-center justify-start rounded-xl p-1 flex\">\n<div class=\"flex items-center\">\n<p>&nbsp;<\/p>\n<div class=\"flex\"><\/div>\n<p>&nbsp;<\/p>\n<div class=\"flex items-center pb-0\"><\/div>\n<\/div>\n<\/div>\n<\/div>\n","protected":false},"excerpt":{"rendered":"<p>&nbsp; O prefeito Marcone Lacerda, se encontra em Bel\u00e9m nesta segunda-feira (10) para cumprir uma s\u00e9rie de agendas em busca de investimentos para o munic\u00edpio. nos primeiro hor\u00e1rios da manh\u00e3, ele se reuniu com autoridades estaduais para tratar de melhorias na sa\u00fade p\u00fablica e no setor agropecu\u00e1rio. Na Secretaria de Sa\u00fade P\u00fablica do Estado (SESPA),<\/p>\n<div class=\"read-more\"><a href=\"https:\/\/abelfigueiredo.pa.gov.br\/site\/prefeito-marcone-lacerda-busca-investimentos-para-saude-e-desenvolvimento-economico-em-belem\/\" title=\"Veja mais\">Veja mais<\/a><\/div>\n","protected":false},"author":40,"featured_media":19036,"comment_status":"closed","ping_status":"closed","sticky":false,"template":"","format":"standard","meta":{"footnotes":""},"categories":[1],"tags":[111],"class_list":{"0":"post-19035","1":"post","2":"type-post","3":"status-publish","4":"format-standard","5":"has-post-thumbnail","7":"category-noticias","8":"tag-prefeito-marcone-lacerda-busca-investimentos-para-saude-e-desenvolvimento-economico-em-belem"},"yoast_head":"<!-- This site is optimized with the Yoast SEO plugin v26.6 - https:\/\/yoast.com\/wordpress\/plugins\/seo\/ -->\n<title>Prefeito Marcone Lacerda busca investimentos para sa\u00fade e desenvolvimento econ\u00f4mico em Bel\u00e9m - Prefeitura Municipal de Abel Figueiredo | Gest\u00e3o 2025-2028<\/title>\n<meta name=\"robots\" content=\"index, follow, max-snippet:-1, max-image-preview:large, max-video-preview:-1\" \/>\n<link rel=\"canonical\" href=\"https:\/\/abelfigueiredo.pa.gov.br\/site\/prefeito-marcone-lacerda-busca-investimentos-para-saude-e-desenvolvimento-economico-em-belem\/\" \/>\n<meta property=\"og:locale\" content=\"pt_BR\" \/>\n<meta property=\"og:type\" content=\"article\" \/>\n<meta property=\"og:title\" content=\"Prefeito Marcone Lacerda busca investimentos para sa\u00fade e desenvolvimento econ\u00f4mico em Bel\u00e9m - Prefeitura Municipal de Abel Figueiredo | Gest\u00e3o 2025-2028\" \/>\n<meta property=\"og:description\" content=\"&nbsp; O prefeito Marcone Lacerda, se encontra em Bel\u00e9m nesta segunda-feira (10) para cumprir uma s\u00e9rie de agendas em busca de investimentos para o munic\u00edpio. nos primeiro hor\u00e1rios da manh\u00e3, ele se reuniu com autoridades estaduais para tratar de melhorias na sa\u00fade p\u00fablica e no setor agropecu\u00e1rio. Na Secretaria de Sa\u00fade P\u00fablica do Estado (SESPA),Veja mais\" \/>\n<meta property=\"og:url\" content=\"https:\/\/abelfigueiredo.pa.gov.br\/site\/prefeito-marcone-lacerda-busca-investimentos-para-saude-e-desenvolvimento-economico-em-belem\/\" \/>\n<meta property=\"og:site_name\" content=\"Prefeitura Municipal de Abel Figueiredo | Gest\u00e3o 2025-2028\" \/>\n<meta property=\"article:published_time\" content=\"2025-02-10T16:26:02+00:00\" \/>\n<meta property=\"article:modified_time\" content=\"2025-02-10T16:42:09+00:00\" \/>\n<meta property=\"og:image\" content=\"https:\/\/abelfigueiredo.pa.gov.br\/site\/wp-content\/uploads\/2025\/02\/01945cde-4e12-4905-b354-c8c908594466.jpeg\" \/>\n\t<meta property=\"og:image:width\" content=\"1200\" \/>\n\t<meta property=\"og:image:height\" content=\"1600\" \/>\n\t<meta property=\"og:image:type\" content=\"image\/jpeg\" \/>\n<meta name=\"author\" content=\"ASCOM\" \/>\n<meta name=\"twitter:label1\" content=\"Escrito por\" \/>\n\t<meta name=\"twitter:data1\" content=\"ASCOM\" \/>\n\t<meta name=\"twitter:label2\" content=\"Est. tempo de leitura\" \/>\n\t<meta name=\"twitter:data2\" content=\"1 minuto\" \/>\n<script type=\"application\/ld+json\" class=\"yoast-schema-graph\">{\"@context\":\"https:\/\/schema.org\",\"@graph\":[{\"@type\":\"WebPage\",\"@id\":\"https:\/\/abelfigueiredo.pa.gov.br\/site\/prefeito-marcone-lacerda-busca-investimentos-para-saude-e-desenvolvimento-economico-em-belem\/\",\"url\":\"https:\/\/abelfigueiredo.pa.gov.br\/site\/prefeito-marcone-lacerda-busca-investimentos-para-saude-e-desenvolvimento-economico-em-belem\/\",\"name\":\"Prefeito Marcone Lacerda busca investimentos para sa\u00fade e desenvolvimento econ\u00f4mico em Bel\u00e9m - Prefeitura Municipal de Abel Figueiredo | Gest\u00e3o 2025-2028\",\"isPartOf\":{\"@id\":\"https:\/\/abelfigueiredo.pa.gov.br\/site\/#website\"},\"primaryImageOfPage\":{\"@id\":\"https:\/\/abelfigueiredo.pa.gov.br\/site\/prefeito-marcone-lacerda-busca-investimentos-para-saude-e-desenvolvimento-economico-em-belem\/#primaryimage\"},\"image\":{\"@id\":\"https:\/\/abelfigueiredo.pa.gov.br\/site\/prefeito-marcone-lacerda-busca-investimentos-para-saude-e-desenvolvimento-economico-em-belem\/#primaryimage\"},\"thumbnailUrl\":\"https:\/\/abelfigueiredo.pa.gov.br\/site\/wp-content\/uploads\/2025\/02\/01945cde-4e12-4905-b354-c8c908594466.jpeg\",\"datePublished\":\"2025-02-10T16:26:02+00:00\",\"dateModified\":\"2025-02-10T16:42:09+00:00\",\"author\":{\"@id\":\"https:\/\/abelfigueiredo.pa.gov.br\/site\/#\/schema\/person\/b7030c2e32bccfa38e6086b1ab3be678\"},\"inLanguage\":\"pt-BR\",\"potentialAction\":[{\"@type\":\"ReadAction\",\"target\":[\"https:\/\/abelfigueiredo.pa.gov.br\/site\/prefeito-marcone-lacerda-busca-investimentos-para-saude-e-desenvolvimento-economico-em-belem\/\"]}]},{\"@type\":\"ImageObject\",\"inLanguage\":\"pt-BR\",\"@id\":\"https:\/\/abelfigueiredo.pa.gov.br\/site\/prefeito-marcone-lacerda-busca-investimentos-para-saude-e-desenvolvimento-economico-em-belem\/#primaryimage\",\"url\":\"https:\/\/abelfigueiredo.pa.gov.br\/site\/wp-content\/uploads\/2025\/02\/01945cde-4e12-4905-b354-c8c908594466.jpeg\",\"contentUrl\":\"https:\/\/abelfigueiredo.pa.gov.br\/site\/wp-content\/uploads\/2025\/02\/01945cde-4e12-4905-b354-c8c908594466.jpeg\",\"width\":1200,\"height\":1600},{\"@type\":\"WebSite\",\"@id\":\"https:\/\/abelfigueiredo.pa.gov.br\/site\/#website\",\"url\":\"https:\/\/abelfigueiredo.pa.gov.br\/site\/\",\"name\":\"Prefeitura Municipal de Abel Figueiredo | Gest\u00e3o 2025-2028\",\"description\":\"Site oficial da Prefeitura Municipal de Abel Figueiredo\",\"potentialAction\":[{\"@type\":\"SearchAction\",\"target\":{\"@type\":\"EntryPoint\",\"urlTemplate\":\"https:\/\/abelfigueiredo.pa.gov.br\/site\/?s={search_term_string}\"},\"query-input\":{\"@type\":\"PropertyValueSpecification\",\"valueRequired\":true,\"valueName\":\"search_term_string\"}}],\"inLanguage\":\"pt-BR\"},{\"@type\":\"Person\",\"@id\":\"https:\/\/abelfigueiredo.pa.gov.br\/site\/#\/schema\/person\/b7030c2e32bccfa38e6086b1ab3be678\",\"name\":\"ASCOM\",\"image\":{\"@type\":\"ImageObject\",\"inLanguage\":\"pt-BR\",\"@id\":\"https:\/\/abelfigueiredo.pa.gov.br\/site\/#\/schema\/person\/image\/\",\"url\":\"https:\/\/secure.gravatar.com\/avatar\/ee6e3a6ac5793d71ee85d0aa82a0987b97fbd6c53d55b2480f9468ae70cdea28?s=96&d=mm&r=g\",\"contentUrl\":\"https:\/\/secure.gravatar.com\/avatar\/ee6e3a6ac5793d71ee85d0aa82a0987b97fbd6c53d55b2480f9468ae70cdea28?s=96&d=mm&r=g\",\"caption\":\"ASCOM\"},\"url\":\"https:\/\/abelfigueiredo.pa.gov.br\/site\/author\/ilhaproducoes\/\"}]}<\/script>\n<!-- \/ Yoast SEO plugin. -->","yoast_head_json":{"title":"Prefeito Marcone Lacerda busca investimentos para sa\u00fade e desenvolvimento econ\u00f4mico em Bel\u00e9m - Prefeitura Municipal de Abel Figueiredo | Gest\u00e3o 2025-2028","robots":{"index":"index","follow":"follow","max-snippet":"max-snippet:-1","max-image-preview":"max-image-preview:large","max-video-preview":"max-video-preview:-1"},"canonical":"https:\/\/abelfigueiredo.pa.gov.br\/site\/prefeito-marcone-lacerda-busca-investimentos-para-saude-e-desenvolvimento-economico-em-belem\/","og_locale":"pt_BR","og_type":"article","og_title":"Prefeito Marcone Lacerda busca investimentos para sa\u00fade e desenvolvimento econ\u00f4mico em Bel\u00e9m - Prefeitura Municipal de Abel Figueiredo | Gest\u00e3o 2025-2028","og_description":"&nbsp; O prefeito Marcone Lacerda, se encontra em Bel\u00e9m nesta segunda-feira (10) para cumprir uma s\u00e9rie de agendas em busca de investimentos para o munic\u00edpio. nos primeiro hor\u00e1rios da manh\u00e3, ele se reuniu com autoridades estaduais para tratar de melhorias na sa\u00fade p\u00fablica e no setor agropecu\u00e1rio. Na Secretaria de Sa\u00fade P\u00fablica do Estado (SESPA),Veja mais","og_url":"https:\/\/abelfigueiredo.pa.gov.br\/site\/prefeito-marcone-lacerda-busca-investimentos-para-saude-e-desenvolvimento-economico-em-belem\/","og_site_name":"Prefeitura Municipal de Abel Figueiredo | Gest\u00e3o 2025-2028","article_published_time":"2025-02-10T16:26:02+00:00","article_modified_time":"2025-02-10T16:42:09+00:00","og_image":[{"width":1200,"height":1600,"url":"https:\/\/abelfigueiredo.pa.gov.br\/site\/wp-content\/uploads\/2025\/02\/01945cde-4e12-4905-b354-c8c908594466.jpeg","type":"image\/jpeg"}],"author":"ASCOM","twitter_misc":{"Escrito por":"ASCOM","Est. tempo de leitura":"1 minuto"},"schema":{"@context":"https:\/\/schema.org","@graph":[{"@type":"WebPage","@id":"https:\/\/abelfigueiredo.pa.gov.br\/site\/prefeito-marcone-lacerda-busca-investimentos-para-saude-e-desenvolvimento-economico-em-belem\/","url":"https:\/\/abelfigueiredo.pa.gov.br\/site\/prefeito-marcone-lacerda-busca-investimentos-para-saude-e-desenvolvimento-economico-em-belem\/","name":"Prefeito Marcone Lacerda busca investimentos para sa\u00fade e desenvolvimento econ\u00f4mico em Bel\u00e9m - Prefeitura Municipal de Abel Figueiredo | Gest\u00e3o 2025-2028","isPartOf":{"@id":"https:\/\/abelfigueiredo.pa.gov.br\/site\/#website"},"primaryImageOfPage":{"@id":"https:\/\/abelfigueiredo.pa.gov.br\/site\/prefeito-marcone-lacerda-busca-investimentos-para-saude-e-desenvolvimento-economico-em-belem\/#primaryimage"},"image":{"@id":"https:\/\/abelfigueiredo.pa.gov.br\/site\/prefeito-marcone-lacerda-busca-investimentos-para-saude-e-desenvolvimento-economico-em-belem\/#primaryimage"},"thumbnailUrl":"https:\/\/abelfigueiredo.pa.gov.br\/site\/wp-content\/uploads\/2025\/02\/01945cde-4e12-4905-b354-c8c908594466.jpeg","datePublished":"2025-02-10T16:26:02+00:00","dateModified":"2025-02-10T16:42:09+00:00","author":{"@id":"https:\/\/abelfigueiredo.pa.gov.br\/site\/#\/schema\/person\/b7030c2e32bccfa38e6086b1ab3be678"},"inLanguage":"pt-BR","potentialAction":[{"@type":"ReadAction","target":["https:\/\/abelfigueiredo.pa.gov.br\/site\/prefeito-marcone-lacerda-busca-investimentos-para-saude-e-desenvolvimento-economico-em-belem\/"]}]},{"@type":"ImageObject","inLanguage":"pt-BR","@id":"https:\/\/abelfigueiredo.pa.gov.br\/site\/prefeito-marcone-lacerda-busca-investimentos-para-saude-e-desenvolvimento-economico-em-belem\/#primaryimage","url":"https:\/\/abelfigueiredo.pa.gov.br\/site\/wp-content\/uploads\/2025\/02\/01945cde-4e12-4905-b354-c8c908594466.jpeg","contentUrl":"https:\/\/abelfigueiredo.pa.gov.br\/site\/wp-content\/uploads\/2025\/02\/01945cde-4e12-4905-b354-c8c908594466.jpeg","width":1200,"height":1600},{"@type":"WebSite","@id":"https:\/\/abelfigueiredo.pa.gov.br\/site\/#website","url":"https:\/\/abelfigueiredo.pa.gov.br\/site\/","name":"Prefeitura Municipal de Abel Figueiredo | Gest\u00e3o 2025-2028","description":"Site oficial da Prefeitura Municipal de Abel Figueiredo","potentialAction":[{"@type":"SearchAction","target":{"@type":"EntryPoint","urlTemplate":"https:\/\/abelfigueiredo.pa.gov.br\/site\/?s={search_term_string}"},"query-input":{"@type":"PropertyValueSpecification","valueRequired":true,"valueName":"search_term_string"}}],"inLanguage":"pt-BR"},{"@type":"Person","@id":"https:\/\/abelfigueiredo.pa.gov.br\/site\/#\/schema\/person\/b7030c2e32bccfa38e6086b1ab3be678","name":"ASCOM","image":{"@type":"ImageObject","inLanguage":"pt-BR","@id":"https:\/\/abelfigueiredo.pa.gov.br\/site\/#\/schema\/person\/image\/","url":"https:\/\/secure.gravatar.com\/avatar\/ee6e3a6ac5793d71ee85d0aa82a0987b97fbd6c53d55b2480f9468ae70cdea28?s=96&d=mm&r=g","contentUrl":"https:\/\/secure.gravatar.com\/avatar\/ee6e3a6ac5793d71ee85d0aa82a0987b97fbd6c53d55b2480f9468ae70cdea28?s=96&d=mm&r=g","caption":"ASCOM"},"url":"https:\/\/abelfigueiredo.pa.gov.br\/site\/author\/ilhaproducoes\/"}]}},"_links":{"self":[{"href":"https:\/\/abelfigueiredo.pa.gov.br\/site\/wp-json\/wp\/v2\/posts\/19035","targetHints":{"allow":["GET"]}}],"collection":[{"href":"https:\/\/abelfigueiredo.pa.gov.br\/site\/wp-json\/wp\/v2\/posts"}],"about":[{"href":"https:\/\/abelfigueiredo.pa.gov.br\/site\/wp-json\/wp\/v2\/types\/post"}],"author":[{"embeddable":true,"href":"https:\/\/abelfigueiredo.pa.gov.br\/site\/wp-json\/wp\/v2\/users\/40"}],"replies":[{"embeddable":true,"href":"https:\/\/abelfigueiredo.pa.gov.br\/site\/wp-json\/wp\/v2\/comments?post=19035"}],"version-history":[{"count":4,"href":"https:\/\/abelfigueiredo.pa.gov.br\/site\/wp-json\/wp\/v2\/posts\/19035\/revisions"}],"predecessor-version":[{"id":19044,"href":"https:\/\/abelfigueiredo.pa.gov.br\/site\/wp-json\/wp\/v2\/posts\/19035\/revisions\/19044"}],"wp:featuredmedia":[{"embeddable":true,"href":"https:\/\/abelfigueiredo.pa.gov.br\/site\/wp-json\/wp\/v2\/media\/19036"}],"wp:attachment":[{"href":"https:\/\/abelfigueiredo.pa.gov.br\/site\/wp-json\/wp\/v2\/media?parent=19035"}],"wp:term":[{"taxonomy":"category","embeddable":true,"href":"https:\/\/abelfigueiredo.pa.gov.br\/site\/wp-json\/wp\/v2\/categories?post=19035"},{"taxonomy":"post_tag","embeddable":true,"href":"https:\/\/abelfigueiredo.pa.gov.br\/site\/wp-json\/wp\/v2\/tags?post=19035"}],"curies":[{"name":"wp","href":"https:\/\/api.w.org\/{rel}","templated":true}]}}