{"id":18906,"date":"2024-11-25T15:30:16","date_gmt":"2024-11-25T18:30:16","guid":{"rendered":"https:\/\/abelfigueiredo.pa.gov.br\/site\/?p=18906"},"modified":"2024-11-28T15:34:22","modified_gmt":"2024-11-28T18:34:22","slug":"ordem-de-servico-para-a-construcao-da-praca-da-juventude-dando-inicio-a-segunda-fase-de-urbanizacao-da-lagoa","status":"publish","type":"post","link":"https:\/\/abelfigueiredo.pa.gov.br\/site\/ordem-de-servico-para-a-construcao-da-praca-da-juventude-dando-inicio-a-segunda-fase-de-urbanizacao-da-lagoa\/","title":{"rendered":"Ordem de servi\u00e7o para a Constru\u00e7\u00e3o da Pra\u00e7a da Juventude, dando in\u00edcio a segunda fase de urbaniza\u00e7\u00e3o da Lagoa"},"content":{"rendered":"<div class=\"xdj266r x11i5rnm xat24cr x1mh8g0r x1vvkbs x126k92a\">\n<div dir=\"auto\">Um marco hist\u00f3rico para o futuro da cidade! Na manh\u00e3 de hoje, o Prefeito Ant\u00f4nio Calhau assinou a ordem de servi\u00e7o, juntamente com a engenheira civil residente Jisane Portela representando a empresa Stylus Constru\u00e7\u00e3o Civil e Servi\u00e7os Ltda, acompanhado pelos Vereadores e Secret\u00e1rios Municipais, para a Constru\u00e7\u00e3o da Pra\u00e7a da Juventude, dando in\u00edcio a segunda fase de urbaniza\u00e7\u00e3o da Lagoa, por meio do Conv\u00eanio n\u00ba 043\/2024. Essa grandiosa obra trar\u00e1 uma infraestrutura moderna, com a execu\u00e7\u00e3o de:<\/div>\n<\/div>\n<div class=\"x11i5rnm xat24cr x1mh8g0r x1vvkbs xtlvy1s x126k92a\">\n<div dir=\"auto\">Uma quadra poliesportiva<\/div>\n<\/div>\n<div class=\"x11i5rnm xat24cr x1mh8g0r x1vvkbs xtlvy1s x126k92a\">\n<div dir=\"auto\">Uma quadra de t\u00eanis<\/div>\n<\/div>\n<div class=\"x11i5rnm xat24cr x1mh8g0r x1vvkbs xtlvy1s x126k92a\">\n<div dir=\"auto\">Uma pista de skate (half)<\/div>\n<\/div>\n<div class=\"x11i5rnm xat24cr x1mh8g0r x1vvkbs xtlvy1s x126k92a\">\n<div dir=\"auto\">Um anfiteatro<\/div>\n<\/div>\n<div class=\"x11i5rnm xat24cr x1mh8g0r x1vvkbs xtlvy1s x126k92a\">\n<div dir=\"auto\">Uma academia ao ar livre<\/div>\n<\/div>\n<div class=\"x11i5rnm xat24cr x1mh8g0r x1vvkbs xtlvy1s x126k92a\">\n<div dir=\"auto\">Um espa\u00e7o infantil<\/div>\n<\/div>\n<div class=\"x11i5rnm xat24cr x1mh8g0r x1vvkbs xtlvy1s x126k92a\">\n<div dir=\"auto\">Esse projeto \u00e9 resultado de uma emenda do deputado estadual Dirceu, em parceria com o governador Helder Barbalho, e representa um grande avan\u00e7o para o lazer, esporte e cultura no munic\u00edpio. A Pra\u00e7a da Juventude ser\u00e1 um espa\u00e7o de conviv\u00eancia e oportunidades para todas as gera\u00e7\u00f5es, trazendo qualidade de vida e orgulho para a nossa cidade. O futuro j\u00e1 come\u00e7ou!<\/div>\n<\/div>\n<div class=\"x11i5rnm xat24cr x1mh8g0r x1vvkbs xtlvy1s x126k92a\">\n<div dir=\"auto\"><span class=\"html-span xdj266r x11i5rnm xat24cr x1mh8g0r xexx8yu x4uap5 x18d9i69 xkhd6sd x1hl2dhg x16tdsg8 x1vvkbs\"><a class=\"x1i10hfl xjbqb8w x1ejq31n xd10rxx x1sy0etr x17r0tee x972fbf xcfux6l x1qhh985 xm0m39n x9f619 x1ypdohk xt0psk2 xe8uvvx xdj266r x11i5rnm xat24cr x1mh8g0r xexx8yu x4uap5 x18d9i69 xkhd6sd x16tdsg8 x1hl2dhg xggy1nq x1a2a7pz x1sur9pj xkrqix3 x1fey0fg x1s688f\" tabindex=\"0\" role=\"link\" href=\"https:\/\/www.facebook.com\/hashtag\/prefeituradeabel?__eep__=6&amp;__cft__[0]=AZVLDNLunMeY541K7MOLsGoEoJB3lGQQUEXgoc_6jbVpY5otmbL5KuWreMjqxWdo9QYUUAVLlMKFMb8mr1SzZLECUOtcXrFrohowxKzpF3Fxn44x7WUFyoz7PmFEPhSoVE35Id4Jpd7GUhIosot6NHAuNrcbPXRiRA98VG0rW8vP9F7xJabNZapvNWVtSLXY5Fa6Irgh_Ka0FLFZ6qYCzwsIzDRsXHdgIrxOO1DCa7ezuQ&amp;__tn__=*NK-R\">#prefeituradeabel<\/a><\/span><\/div>\n<div dir=\"auto\"><span class=\"html-span xdj266r x11i5rnm xat24cr x1mh8g0r xexx8yu x4uap5 x18d9i69 xkhd6sd x1hl2dhg x16tdsg8 x1vvkbs\"><a class=\"x1i10hfl xjbqb8w x1ejq31n xd10rxx x1sy0etr x17r0tee x972fbf xcfux6l x1qhh985 xm0m39n x9f619 x1ypdohk xt0psk2 xe8uvvx xdj266r x11i5rnm xat24cr x1mh8g0r xexx8yu x4uap5 x18d9i69 xkhd6sd x16tdsg8 x1hl2dhg xggy1nq x1a2a7pz x1sur9pj xkrqix3 x1fey0fg x1s688f\" tabindex=\"0\" role=\"link\" href=\"https:\/\/www.facebook.com\/hashtag\/secdeobras?__eep__=6&amp;__cft__[0]=AZVLDNLunMeY541K7MOLsGoEoJB3lGQQUEXgoc_6jbVpY5otmbL5KuWreMjqxWdo9QYUUAVLlMKFMb8mr1SzZLECUOtcXrFrohowxKzpF3Fxn44x7WUFyoz7PmFEPhSoVE35Id4Jpd7GUhIosot6NHAuNrcbPXRiRA98VG0rW8vP9F7xJabNZapvNWVtSLXY5Fa6Irgh_Ka0FLFZ6qYCzwsIzDRsXHdgIrxOO1DCa7ezuQ&amp;__tn__=*NK-R\">#secdeobras<\/a><\/span><\/div>\n<div dir=\"auto\"><span class=\"html-span xdj266r x11i5rnm xat24cr x1mh8g0r xexx8yu x4uap5 x18d9i69 xkhd6sd x1hl2dhg x16tdsg8 x1vvkbs\"><a class=\"x1i10hfl xjbqb8w x1ejq31n xd10rxx x1sy0etr x17r0tee x972fbf xcfux6l x1qhh985 xm0m39n x9f619 x1ypdohk xt0psk2 xe8uvvx xdj266r x11i5rnm xat24cr x1mh8g0r xexx8yu x4uap5 x18d9i69 xkhd6sd x16tdsg8 x1hl2dhg xggy1nq x1a2a7pz x1sur9pj xkrqix3 x1fey0fg x1s688f\" tabindex=\"0\" role=\"link\" href=\"https:\/\/www.facebook.com\/hashtag\/depdirceu?__eep__=6&amp;__cft__[0]=AZVLDNLunMeY541K7MOLsGoEoJB3lGQQUEXgoc_6jbVpY5otmbL5KuWreMjqxWdo9QYUUAVLlMKFMb8mr1SzZLECUOtcXrFrohowxKzpF3Fxn44x7WUFyoz7PmFEPhSoVE35Id4Jpd7GUhIosot6NHAuNrcbPXRiRA98VG0rW8vP9F7xJabNZapvNWVtSLXY5Fa6Irgh_Ka0FLFZ6qYCzwsIzDRsXHdgIrxOO1DCa7ezuQ&amp;__tn__=*NK-R\">#depdirceu<\/a><\/span><\/div>\n<div dir=\"auto\"><span class=\"html-span xdj266r x11i5rnm xat24cr x1mh8g0r xexx8yu x4uap5 x18d9i69 xkhd6sd x1hl2dhg x16tdsg8 x1vvkbs\"><a class=\"x1i10hfl xjbqb8w x1ejq31n xd10rxx x1sy0etr x17r0tee x972fbf xcfux6l x1qhh985 xm0m39n x9f619 x1ypdohk xt0psk2 xe8uvvx xdj266r x11i5rnm xat24cr x1mh8g0r xexx8yu x4uap5 x18d9i69 xkhd6sd x16tdsg8 x1hl2dhg xggy1nq x1a2a7pz x1sur9pj xkrqix3 x1fey0fg x1s688f\" tabindex=\"0\" role=\"link\" href=\"https:\/\/www.facebook.com\/hashtag\/governodopara?__eep__=6&amp;__cft__[0]=AZVLDNLunMeY541K7MOLsGoEoJB3lGQQUEXgoc_6jbVpY5otmbL5KuWreMjqxWdo9QYUUAVLlMKFMb8mr1SzZLECUOtcXrFrohowxKzpF3Fxn44x7WUFyoz7PmFEPhSoVE35Id4Jpd7GUhIosot6NHAuNrcbPXRiRA98VG0rW8vP9F7xJabNZapvNWVtSLXY5Fa6Irgh_Ka0FLFZ6qYCzwsIzDRsXHdgIrxOO1DCa7ezuQ&amp;__tn__=*NK-R\">#governodopara<\/a><\/span><\/div>\n<div dir=\"auto\"><span class=\"html-span xdj266r x11i5rnm xat24cr x1mh8g0r xexx8yu x4uap5 x18d9i69 xkhd6sd x1hl2dhg x16tdsg8 x1vvkbs\"><a class=\"x1i10hfl xjbqb8w x1ejq31n xd10rxx x1sy0etr x17r0tee x972fbf xcfux6l x1qhh985 xm0m39n x9f619 x1ypdohk xt0psk2 xe8uvvx xdj266r x11i5rnm xat24cr x1mh8g0r xexx8yu x4uap5 x18d9i69 xkhd6sd x16tdsg8 x1hl2dhg xggy1nq x1a2a7pz x1sur9pj xkrqix3 x1fey0fg x1s688f\" tabindex=\"0\" role=\"link\" href=\"https:\/\/www.facebook.com\/hashtag\/trabalhandoparaopovo?__eep__=6&amp;__cft__[0]=AZVLDNLunMeY541K7MOLsGoEoJB3lGQQUEXgoc_6jbVpY5otmbL5KuWreMjqxWdo9QYUUAVLlMKFMb8mr1SzZLECUOtcXrFrohowxKzpF3Fxn44x7WUFyoz7PmFEPhSoVE35Id4Jpd7GUhIosot6NHAuNrcbPXRiRA98VG0rW8vP9F7xJabNZapvNWVtSLXY5Fa6Irgh_Ka0FLFZ6qYCzwsIzDRsXHdgIrxOO1DCa7ezuQ&amp;__tn__=*NK-R\">#trabalhandoparaopovo<\/a><\/span><\/div>\n<div dir=\"auto\"><a href=\"https:\/\/abelfigueiredo.pa.gov.br\/site\/wp-content\/uploads\/2024\/11\/cultura-71.png\"><img loading=\"lazy\" decoding=\"async\" class=\"alignnone size-medium wp-image-18907\" src=\"https:\/\/abelfigueiredo.pa.gov.br\/site\/wp-content\/uploads\/2024\/11\/cultura-71-300x300.png\" alt=\"\" width=\"300\" height=\"300\" srcset=\"https:\/\/abelfigueiredo.pa.gov.br\/site\/wp-content\/uploads\/2024\/11\/cultura-71-300x300.png 300w, https:\/\/abelfigueiredo.pa.gov.br\/site\/wp-content\/uploads\/2024\/11\/cultura-71-150x150.png 150w, https:\/\/abelfigueiredo.pa.gov.br\/site\/wp-content\/uploads\/2024\/11\/cultura-71-768x768.png 768w, https:\/\/abelfigueiredo.pa.gov.br\/site\/wp-content\/uploads\/2024\/11\/cultura-71.png 1000w\" sizes=\"auto, (max-width: 300px) 100vw, 300px\" \/><\/a> <a href=\"https:\/\/abelfigueiredo.pa.gov.br\/site\/wp-content\/uploads\/2024\/11\/cultura-72.png\"><img loading=\"lazy\" decoding=\"async\" class=\"alignnone size-medium wp-image-18908\" src=\"https:\/\/abelfigueiredo.pa.gov.br\/site\/wp-content\/uploads\/2024\/11\/cultura-72-300x300.png\" alt=\"\" width=\"300\" height=\"300\" srcset=\"https:\/\/abelfigueiredo.pa.gov.br\/site\/wp-content\/uploads\/2024\/11\/cultura-72-300x300.png 300w, https:\/\/abelfigueiredo.pa.gov.br\/site\/wp-content\/uploads\/2024\/11\/cultura-72-150x150.png 150w, https:\/\/abelfigueiredo.pa.gov.br\/site\/wp-content\/uploads\/2024\/11\/cultura-72-768x768.png 768w, https:\/\/abelfigueiredo.pa.gov.br\/site\/wp-content\/uploads\/2024\/11\/cultura-72.png 1000w\" sizes=\"auto, (max-width: 300px) 100vw, 300px\" \/><\/a> <a href=\"https:\/\/abelfigueiredo.pa.gov.br\/site\/wp-content\/uploads\/2024\/11\/cultura-70.png\"><img loading=\"lazy\" decoding=\"async\" class=\"alignnone size-medium wp-image-18909\" src=\"https:\/\/abelfigueiredo.pa.gov.br\/site\/wp-content\/uploads\/2024\/11\/cultura-70-300x300.png\" alt=\"\" width=\"300\" height=\"300\" srcset=\"https:\/\/abelfigueiredo.pa.gov.br\/site\/wp-content\/uploads\/2024\/11\/cultura-70-300x300.png 300w, https:\/\/abelfigueiredo.pa.gov.br\/site\/wp-content\/uploads\/2024\/11\/cultura-70-150x150.png 150w, https:\/\/abelfigueiredo.pa.gov.br\/site\/wp-content\/uploads\/2024\/11\/cultura-70-768x768.png 768w, https:\/\/abelfigueiredo.pa.gov.br\/site\/wp-content\/uploads\/2024\/11\/cultura-70.png 1000w\" sizes=\"auto, (max-width: 300px) 100vw, 300px\" \/><\/a> <a href=\"https:\/\/abelfigueiredo.pa.gov.br\/site\/wp-content\/uploads\/2024\/11\/cultura-69.png\"><img loading=\"lazy\" decoding=\"async\" class=\"alignnone size-medium wp-image-18910\" src=\"https:\/\/abelfigueiredo.pa.gov.br\/site\/wp-content\/uploads\/2024\/11\/cultura-69-300x300.png\" alt=\"\" width=\"300\" height=\"300\" srcset=\"https:\/\/abelfigueiredo.pa.gov.br\/site\/wp-content\/uploads\/2024\/11\/cultura-69-300x300.png 300w, https:\/\/abelfigueiredo.pa.gov.br\/site\/wp-content\/uploads\/2024\/11\/cultura-69-150x150.png 150w, https:\/\/abelfigueiredo.pa.gov.br\/site\/wp-content\/uploads\/2024\/11\/cultura-69-768x768.png 768w, https:\/\/abelfigueiredo.pa.gov.br\/site\/wp-content\/uploads\/2024\/11\/cultura-69.png 1000w\" sizes=\"auto, (max-width: 300px) 100vw, 300px\" \/><\/a> <a href=\"https:\/\/abelfigueiredo.pa.gov.br\/site\/wp-content\/uploads\/2024\/11\/cultura-68.png\"><img loading=\"lazy\" decoding=\"async\" class=\"alignnone size-medium wp-image-18911\" src=\"https:\/\/abelfigueiredo.pa.gov.br\/site\/wp-content\/uploads\/2024\/11\/cultura-68-300x300.png\" alt=\"\" width=\"300\" height=\"300\" srcset=\"https:\/\/abelfigueiredo.pa.gov.br\/site\/wp-content\/uploads\/2024\/11\/cultura-68-300x300.png 300w, https:\/\/abelfigueiredo.pa.gov.br\/site\/wp-content\/uploads\/2024\/11\/cultura-68-150x150.png 150w, https:\/\/abelfigueiredo.pa.gov.br\/site\/wp-content\/uploads\/2024\/11\/cultura-68-768x768.png 768w, https:\/\/abelfigueiredo.pa.gov.br\/site\/wp-content\/uploads\/2024\/11\/cultura-68.png 1000w\" sizes=\"auto, (max-width: 300px) 100vw, 300px\" \/><\/a> <a href=\"https:\/\/abelfigueiredo.pa.gov.br\/site\/wp-content\/uploads\/2024\/11\/cultura-67.png\"><img loading=\"lazy\" decoding=\"async\" class=\"alignnone size-medium wp-image-18912\" src=\"https:\/\/abelfigueiredo.pa.gov.br\/site\/wp-content\/uploads\/2024\/11\/cultura-67-300x300.png\" alt=\"\" width=\"300\" height=\"300\" srcset=\"https:\/\/abelfigueiredo.pa.gov.br\/site\/wp-content\/uploads\/2024\/11\/cultura-67-300x300.png 300w, https:\/\/abelfigueiredo.pa.gov.br\/site\/wp-content\/uploads\/2024\/11\/cultura-67-150x150.png 150w, https:\/\/abelfigueiredo.pa.gov.br\/site\/wp-content\/uploads\/2024\/11\/cultura-67-768x768.png 768w, https:\/\/abelfigueiredo.pa.gov.br\/site\/wp-content\/uploads\/2024\/11\/cultura-67.png 1000w\" sizes=\"auto, (max-width: 300px) 100vw, 300px\" \/><\/a> <a href=\"https:\/\/abelfigueiredo.pa.gov.br\/site\/wp-content\/uploads\/2024\/11\/cultura-66.png\"><img loading=\"lazy\" decoding=\"async\" class=\"alignnone size-medium wp-image-18913\" src=\"https:\/\/abelfigueiredo.pa.gov.br\/site\/wp-content\/uploads\/2024\/11\/cultura-66-300x300.png\" alt=\"\" width=\"300\" height=\"300\" srcset=\"https:\/\/abelfigueiredo.pa.gov.br\/site\/wp-content\/uploads\/2024\/11\/cultura-66-300x300.png 300w, https:\/\/abelfigueiredo.pa.gov.br\/site\/wp-content\/uploads\/2024\/11\/cultura-66-150x150.png 150w, https:\/\/abelfigueiredo.pa.gov.br\/site\/wp-content\/uploads\/2024\/11\/cultura-66-768x768.png 768w, https:\/\/abelfigueiredo.pa.gov.br\/site\/wp-content\/uploads\/2024\/11\/cultura-66.png 1000w\" sizes=\"auto, (max-width: 300px) 100vw, 300px\" \/><\/a> <a href=\"https:\/\/abelfigueiredo.pa.gov.br\/site\/wp-content\/uploads\/2024\/11\/cultura-65.png\"><img loading=\"lazy\" decoding=\"async\" class=\"alignnone size-medium wp-image-18914\" src=\"https:\/\/abelfigueiredo.pa.gov.br\/site\/wp-content\/uploads\/2024\/11\/cultura-65-300x300.png\" alt=\"\" width=\"300\" height=\"300\" srcset=\"https:\/\/abelfigueiredo.pa.gov.br\/site\/wp-content\/uploads\/2024\/11\/cultura-65-300x300.png 300w, https:\/\/abelfigueiredo.pa.gov.br\/site\/wp-content\/uploads\/2024\/11\/cultura-65-150x150.png 150w, https:\/\/abelfigueiredo.pa.gov.br\/site\/wp-content\/uploads\/2024\/11\/cultura-65-768x768.png 768w, https:\/\/abelfigueiredo.pa.gov.br\/site\/wp-content\/uploads\/2024\/11\/cultura-65.png 1000w\" sizes=\"auto, (max-width: 300px) 100vw, 300px\" \/><\/a> <a href=\"https:\/\/abelfigueiredo.pa.gov.br\/site\/wp-content\/uploads\/2024\/11\/cultura-64.png\"><img loading=\"lazy\" decoding=\"async\" class=\"alignnone size-medium wp-image-18915\" src=\"https:\/\/abelfigueiredo.pa.gov.br\/site\/wp-content\/uploads\/2024\/11\/cultura-64-300x300.png\" alt=\"\" width=\"300\" height=\"300\" srcset=\"https:\/\/abelfigueiredo.pa.gov.br\/site\/wp-content\/uploads\/2024\/11\/cultura-64-300x300.png 300w, https:\/\/abelfigueiredo.pa.gov.br\/site\/wp-content\/uploads\/2024\/11\/cultura-64-150x150.png 150w, https:\/\/abelfigueiredo.pa.gov.br\/site\/wp-content\/uploads\/2024\/11\/cultura-64-768x768.png 768w, https:\/\/abelfigueiredo.pa.gov.br\/site\/wp-content\/uploads\/2024\/11\/cultura-64.png 1000w\" sizes=\"auto, (max-width: 300px) 100vw, 300px\" \/><\/a> <a href=\"https:\/\/abelfigueiredo.pa.gov.br\/site\/wp-content\/uploads\/2024\/11\/cultura-63.png\"><img loading=\"lazy\" decoding=\"async\" class=\"alignnone size-medium wp-image-18916\" src=\"https:\/\/abelfigueiredo.pa.gov.br\/site\/wp-content\/uploads\/2024\/11\/cultura-63-300x300.png\" alt=\"\" width=\"300\" height=\"300\" srcset=\"https:\/\/abelfigueiredo.pa.gov.br\/site\/wp-content\/uploads\/2024\/11\/cultura-63-300x300.png 300w, https:\/\/abelfigueiredo.pa.gov.br\/site\/wp-content\/uploads\/2024\/11\/cultura-63-150x150.png 150w, https:\/\/abelfigueiredo.pa.gov.br\/site\/wp-content\/uploads\/2024\/11\/cultura-63-768x768.png 768w, https:\/\/abelfigueiredo.pa.gov.br\/site\/wp-content\/uploads\/2024\/11\/cultura-63.png 1000w\" sizes=\"auto, (max-width: 300px) 100vw, 300px\" \/><\/a> <a href=\"https:\/\/abelfigueiredo.pa.gov.br\/site\/wp-content\/uploads\/2024\/11\/cultura-62.png\"><img loading=\"lazy\" decoding=\"async\" class=\"alignnone size-medium wp-image-18917\" src=\"https:\/\/abelfigueiredo.pa.gov.br\/site\/wp-content\/uploads\/2024\/11\/cultura-62-300x300.png\" alt=\"\" width=\"300\" height=\"300\" srcset=\"https:\/\/abelfigueiredo.pa.gov.br\/site\/wp-content\/uploads\/2024\/11\/cultura-62-300x300.png 300w, https:\/\/abelfigueiredo.pa.gov.br\/site\/wp-content\/uploads\/2024\/11\/cultura-62-150x150.png 150w, https:\/\/abelfigueiredo.pa.gov.br\/site\/wp-content\/uploads\/2024\/11\/cultura-62-768x768.png 768w, https:\/\/abelfigueiredo.pa.gov.br\/site\/wp-content\/uploads\/2024\/11\/cultura-62.png 1000w\" sizes=\"auto, (max-width: 300px) 100vw, 300px\" \/><\/a> <a href=\"https:\/\/abelfigueiredo.pa.gov.br\/site\/wp-content\/uploads\/2024\/11\/cultura-61.png\"><img loading=\"lazy\" decoding=\"async\" class=\"alignnone size-medium wp-image-18918\" src=\"https:\/\/abelfigueiredo.pa.gov.br\/site\/wp-content\/uploads\/2024\/11\/cultura-61-300x300.png\" alt=\"\" width=\"300\" height=\"300\" srcset=\"https:\/\/abelfigueiredo.pa.gov.br\/site\/wp-content\/uploads\/2024\/11\/cultura-61-300x300.png 300w, https:\/\/abelfigueiredo.pa.gov.br\/site\/wp-content\/uploads\/2024\/11\/cultura-61-150x150.png 150w, https:\/\/abelfigueiredo.pa.gov.br\/site\/wp-content\/uploads\/2024\/11\/cultura-61-768x768.png 768w, https:\/\/abelfigueiredo.pa.gov.br\/site\/wp-content\/uploads\/2024\/11\/cultura-61.png 1000w\" sizes=\"auto, (max-width: 300px) 100vw, 300px\" \/><\/a><\/div>\n<\/div>\n","protected":false},"excerpt":{"rendered":"<p>Um marco hist\u00f3rico para o futuro da cidade! Na manh\u00e3 de hoje, o Prefeito Ant\u00f4nio Calhau assinou a ordem de servi\u00e7o, juntamente com a engenheira civil residente Jisane Portela representando a empresa Stylus Constru\u00e7\u00e3o Civil e Servi\u00e7os Ltda, acompanhado pelos Vereadores e Secret\u00e1rios Municipais, para a Constru\u00e7\u00e3o da Pra\u00e7a da Juventude, dando in\u00edcio a segunda<\/p>\n<div class=\"read-more\"><a href=\"https:\/\/abelfigueiredo.pa.gov.br\/site\/ordem-de-servico-para-a-construcao-da-praca-da-juventude-dando-inicio-a-segunda-fase-de-urbanizacao-da-lagoa\/\" title=\"Veja mais\">Veja mais<\/a><\/div>\n","protected":false},"author":34,"featured_media":18911,"comment_status":"closed","ping_status":"closed","sticky":false,"template":"","format":"standard","meta":{"footnotes":""},"categories":[1],"tags":[],"class_list":{"0":"post-18906","1":"post","2":"type-post","3":"status-publish","4":"format-standard","5":"has-post-thumbnail","7":"category-noticias"},"yoast_head":"<!-- This site is optimized with the Yoast SEO plugin v26.6 - https:\/\/yoast.com\/wordpress\/plugins\/seo\/ -->\n<title>Ordem de servi\u00e7o para a Constru\u00e7\u00e3o da Pra\u00e7a da Juventude, dando in\u00edcio a segunda fase de urbaniza\u00e7\u00e3o da Lagoa - Prefeitura Municipal de Abel Figueiredo | Gest\u00e3o 2025-2028<\/title>\n<meta name=\"robots\" content=\"index, follow, max-snippet:-1, max-image-preview:large, max-video-preview:-1\" \/>\n<link rel=\"canonical\" href=\"https:\/\/abelfigueiredo.pa.gov.br\/site\/ordem-de-servico-para-a-construcao-da-praca-da-juventude-dando-inicio-a-segunda-fase-de-urbanizacao-da-lagoa\/\" \/>\n<meta property=\"og:locale\" content=\"pt_BR\" \/>\n<meta property=\"og:type\" content=\"article\" \/>\n<meta property=\"og:title\" content=\"Ordem de servi\u00e7o para a Constru\u00e7\u00e3o da Pra\u00e7a da Juventude, dando in\u00edcio a segunda fase de urbaniza\u00e7\u00e3o da Lagoa - Prefeitura Municipal de Abel Figueiredo | Gest\u00e3o 2025-2028\" \/>\n<meta property=\"og:description\" content=\"Um marco hist\u00f3rico para o futuro da cidade! Na manh\u00e3 de hoje, o Prefeito Ant\u00f4nio Calhau assinou a ordem de servi\u00e7o, juntamente com a engenheira civil residente Jisane Portela representando a empresa Stylus Constru\u00e7\u00e3o Civil e Servi\u00e7os Ltda, acompanhado pelos Vereadores e Secret\u00e1rios Municipais, para a Constru\u00e7\u00e3o da Pra\u00e7a da Juventude, dando in\u00edcio a segundaVeja mais\" \/>\n<meta property=\"og:url\" content=\"https:\/\/abelfigueiredo.pa.gov.br\/site\/ordem-de-servico-para-a-construcao-da-praca-da-juventude-dando-inicio-a-segunda-fase-de-urbanizacao-da-lagoa\/\" \/>\n<meta property=\"og:site_name\" content=\"Prefeitura Municipal de Abel Figueiredo | Gest\u00e3o 2025-2028\" \/>\n<meta property=\"article:published_time\" content=\"2024-11-25T18:30:16+00:00\" \/>\n<meta property=\"article:modified_time\" content=\"2024-11-28T18:34:22+00:00\" \/>\n<meta property=\"og:image\" content=\"https:\/\/abelfigueiredo.pa.gov.br\/site\/wp-content\/uploads\/2024\/11\/cultura-68.png\" \/>\n\t<meta property=\"og:image:width\" content=\"1000\" \/>\n\t<meta property=\"og:image:height\" content=\"1000\" \/>\n\t<meta property=\"og:image:type\" content=\"image\/png\" \/>\n<meta name=\"author\" content=\"djthiago\" \/>\n<meta name=\"twitter:label1\" content=\"Escrito por\" \/>\n\t<meta name=\"twitter:data1\" content=\"djthiago\" \/>\n\t<meta name=\"twitter:label2\" content=\"Est. tempo de leitura\" \/>\n\t<meta name=\"twitter:data2\" content=\"1 minuto\" \/>\n<script type=\"application\/ld+json\" class=\"yoast-schema-graph\">{\"@context\":\"https:\/\/schema.org\",\"@graph\":[{\"@type\":\"WebPage\",\"@id\":\"https:\/\/abelfigueiredo.pa.gov.br\/site\/ordem-de-servico-para-a-construcao-da-praca-da-juventude-dando-inicio-a-segunda-fase-de-urbanizacao-da-lagoa\/\",\"url\":\"https:\/\/abelfigueiredo.pa.gov.br\/site\/ordem-de-servico-para-a-construcao-da-praca-da-juventude-dando-inicio-a-segunda-fase-de-urbanizacao-da-lagoa\/\",\"name\":\"Ordem de servi\u00e7o para a Constru\u00e7\u00e3o da Pra\u00e7a da Juventude, dando in\u00edcio a segunda fase de urbaniza\u00e7\u00e3o da Lagoa - Prefeitura Municipal de Abel Figueiredo | Gest\u00e3o 2025-2028\",\"isPartOf\":{\"@id\":\"https:\/\/abelfigueiredo.pa.gov.br\/site\/#website\"},\"primaryImageOfPage\":{\"@id\":\"https:\/\/abelfigueiredo.pa.gov.br\/site\/ordem-de-servico-para-a-construcao-da-praca-da-juventude-dando-inicio-a-segunda-fase-de-urbanizacao-da-lagoa\/#primaryimage\"},\"image\":{\"@id\":\"https:\/\/abelfigueiredo.pa.gov.br\/site\/ordem-de-servico-para-a-construcao-da-praca-da-juventude-dando-inicio-a-segunda-fase-de-urbanizacao-da-lagoa\/#primaryimage\"},\"thumbnailUrl\":\"https:\/\/abelfigueiredo.pa.gov.br\/site\/wp-content\/uploads\/2024\/11\/cultura-68.png\",\"datePublished\":\"2024-11-25T18:30:16+00:00\",\"dateModified\":\"2024-11-28T18:34:22+00:00\",\"author\":{\"@id\":\"https:\/\/abelfigueiredo.pa.gov.br\/site\/#\/schema\/person\/7c1ecb1baa18502745b46b3921be7bbb\"},\"inLanguage\":\"pt-BR\",\"potentialAction\":[{\"@type\":\"ReadAction\",\"target\":[\"https:\/\/abelfigueiredo.pa.gov.br\/site\/ordem-de-servico-para-a-construcao-da-praca-da-juventude-dando-inicio-a-segunda-fase-de-urbanizacao-da-lagoa\/\"]}]},{\"@type\":\"ImageObject\",\"inLanguage\":\"pt-BR\",\"@id\":\"https:\/\/abelfigueiredo.pa.gov.br\/site\/ordem-de-servico-para-a-construcao-da-praca-da-juventude-dando-inicio-a-segunda-fase-de-urbanizacao-da-lagoa\/#primaryimage\",\"url\":\"https:\/\/abelfigueiredo.pa.gov.br\/site\/wp-content\/uploads\/2024\/11\/cultura-68.png\",\"contentUrl\":\"https:\/\/abelfigueiredo.pa.gov.br\/site\/wp-content\/uploads\/2024\/11\/cultura-68.png\",\"width\":1000,\"height\":1000},{\"@type\":\"WebSite\",\"@id\":\"https:\/\/abelfigueiredo.pa.gov.br\/site\/#website\",\"url\":\"https:\/\/abelfigueiredo.pa.gov.br\/site\/\",\"name\":\"Prefeitura Municipal de Abel Figueiredo | Gest\u00e3o 2025-2028\",\"description\":\"Site oficial da Prefeitura Municipal de Abel Figueiredo\",\"potentialAction\":[{\"@type\":\"SearchAction\",\"target\":{\"@type\":\"EntryPoint\",\"urlTemplate\":\"https:\/\/abelfigueiredo.pa.gov.br\/site\/?s={search_term_string}\"},\"query-input\":{\"@type\":\"PropertyValueSpecification\",\"valueRequired\":true,\"valueName\":\"search_term_string\"}}],\"inLanguage\":\"pt-BR\"},{\"@type\":\"Person\",\"@id\":\"https:\/\/abelfigueiredo.pa.gov.br\/site\/#\/schema\/person\/7c1ecb1baa18502745b46b3921be7bbb\",\"name\":\"djthiago\",\"image\":{\"@type\":\"ImageObject\",\"inLanguage\":\"pt-BR\",\"@id\":\"https:\/\/abelfigueiredo.pa.gov.br\/site\/#\/schema\/person\/image\/\",\"url\":\"https:\/\/secure.gravatar.com\/avatar\/2edad05cd7afbef8b9e1495dacdf55fd32bf2fe055ead3a385c32f41e201743d?s=96&d=mm&r=g\",\"contentUrl\":\"https:\/\/secure.gravatar.com\/avatar\/2edad05cd7afbef8b9e1495dacdf55fd32bf2fe055ead3a385c32f41e201743d?s=96&d=mm&r=g\",\"caption\":\"djthiago\"},\"url\":\"https:\/\/abelfigueiredo.pa.gov.br\/site\/author\/djthiago\/\"}]}<\/script>\n<!-- \/ Yoast SEO plugin. -->","yoast_head_json":{"title":"Ordem de servi\u00e7o para a Constru\u00e7\u00e3o da Pra\u00e7a da Juventude, dando in\u00edcio a segunda fase de urbaniza\u00e7\u00e3o da Lagoa - Prefeitura Municipal de Abel Figueiredo | Gest\u00e3o 2025-2028","robots":{"index":"index","follow":"follow","max-snippet":"max-snippet:-1","max-image-preview":"max-image-preview:large","max-video-preview":"max-video-preview:-1"},"canonical":"https:\/\/abelfigueiredo.pa.gov.br\/site\/ordem-de-servico-para-a-construcao-da-praca-da-juventude-dando-inicio-a-segunda-fase-de-urbanizacao-da-lagoa\/","og_locale":"pt_BR","og_type":"article","og_title":"Ordem de servi\u00e7o para a Constru\u00e7\u00e3o da Pra\u00e7a da Juventude, dando in\u00edcio a segunda fase de urbaniza\u00e7\u00e3o da Lagoa - Prefeitura Municipal de Abel Figueiredo | Gest\u00e3o 2025-2028","og_description":"Um marco hist\u00f3rico para o futuro da cidade! Na manh\u00e3 de hoje, o Prefeito Ant\u00f4nio Calhau assinou a ordem de servi\u00e7o, juntamente com a engenheira civil residente Jisane Portela representando a empresa Stylus Constru\u00e7\u00e3o Civil e Servi\u00e7os Ltda, acompanhado pelos Vereadores e Secret\u00e1rios Municipais, para a Constru\u00e7\u00e3o da Pra\u00e7a da Juventude, dando in\u00edcio a segundaVeja mais","og_url":"https:\/\/abelfigueiredo.pa.gov.br\/site\/ordem-de-servico-para-a-construcao-da-praca-da-juventude-dando-inicio-a-segunda-fase-de-urbanizacao-da-lagoa\/","og_site_name":"Prefeitura Municipal de Abel Figueiredo | Gest\u00e3o 2025-2028","article_published_time":"2024-11-25T18:30:16+00:00","article_modified_time":"2024-11-28T18:34:22+00:00","og_image":[{"width":1000,"height":1000,"url":"https:\/\/abelfigueiredo.pa.gov.br\/site\/wp-content\/uploads\/2024\/11\/cultura-68.png","type":"image\/png"}],"author":"djthiago","twitter_misc":{"Escrito por":"djthiago","Est. tempo de leitura":"1 minuto"},"schema":{"@context":"https:\/\/schema.org","@graph":[{"@type":"WebPage","@id":"https:\/\/abelfigueiredo.pa.gov.br\/site\/ordem-de-servico-para-a-construcao-da-praca-da-juventude-dando-inicio-a-segunda-fase-de-urbanizacao-da-lagoa\/","url":"https:\/\/abelfigueiredo.pa.gov.br\/site\/ordem-de-servico-para-a-construcao-da-praca-da-juventude-dando-inicio-a-segunda-fase-de-urbanizacao-da-lagoa\/","name":"Ordem de servi\u00e7o para a Constru\u00e7\u00e3o da Pra\u00e7a da Juventude, dando in\u00edcio a segunda fase de urbaniza\u00e7\u00e3o da Lagoa - Prefeitura Municipal de Abel Figueiredo | Gest\u00e3o 2025-2028","isPartOf":{"@id":"https:\/\/abelfigueiredo.pa.gov.br\/site\/#website"},"primaryImageOfPage":{"@id":"https:\/\/abelfigueiredo.pa.gov.br\/site\/ordem-de-servico-para-a-construcao-da-praca-da-juventude-dando-inicio-a-segunda-fase-de-urbanizacao-da-lagoa\/#primaryimage"},"image":{"@id":"https:\/\/abelfigueiredo.pa.gov.br\/site\/ordem-de-servico-para-a-construcao-da-praca-da-juventude-dando-inicio-a-segunda-fase-de-urbanizacao-da-lagoa\/#primaryimage"},"thumbnailUrl":"https:\/\/abelfigueiredo.pa.gov.br\/site\/wp-content\/uploads\/2024\/11\/cultura-68.png","datePublished":"2024-11-25T18:30:16+00:00","dateModified":"2024-11-28T18:34:22+00:00","author":{"@id":"https:\/\/abelfigueiredo.pa.gov.br\/site\/#\/schema\/person\/7c1ecb1baa18502745b46b3921be7bbb"},"inLanguage":"pt-BR","potentialAction":[{"@type":"ReadAction","target":["https:\/\/abelfigueiredo.pa.gov.br\/site\/ordem-de-servico-para-a-construcao-da-praca-da-juventude-dando-inicio-a-segunda-fase-de-urbanizacao-da-lagoa\/"]}]},{"@type":"ImageObject","inLanguage":"pt-BR","@id":"https:\/\/abelfigueiredo.pa.gov.br\/site\/ordem-de-servico-para-a-construcao-da-praca-da-juventude-dando-inicio-a-segunda-fase-de-urbanizacao-da-lagoa\/#primaryimage","url":"https:\/\/abelfigueiredo.pa.gov.br\/site\/wp-content\/uploads\/2024\/11\/cultura-68.png","contentUrl":"https:\/\/abelfigueiredo.pa.gov.br\/site\/wp-content\/uploads\/2024\/11\/cultura-68.png","width":1000,"height":1000},{"@type":"WebSite","@id":"https:\/\/abelfigueiredo.pa.gov.br\/site\/#website","url":"https:\/\/abelfigueiredo.pa.gov.br\/site\/","name":"Prefeitura Municipal de Abel Figueiredo | Gest\u00e3o 2025-2028","description":"Site oficial da Prefeitura Municipal de Abel Figueiredo","potentialAction":[{"@type":"SearchAction","target":{"@type":"EntryPoint","urlTemplate":"https:\/\/abelfigueiredo.pa.gov.br\/site\/?s={search_term_string}"},"query-input":{"@type":"PropertyValueSpecification","valueRequired":true,"valueName":"search_term_string"}}],"inLanguage":"pt-BR"},{"@type":"Person","@id":"https:\/\/abelfigueiredo.pa.gov.br\/site\/#\/schema\/person\/7c1ecb1baa18502745b46b3921be7bbb","name":"djthiago","image":{"@type":"ImageObject","inLanguage":"pt-BR","@id":"https:\/\/abelfigueiredo.pa.gov.br\/site\/#\/schema\/person\/image\/","url":"https:\/\/secure.gravatar.com\/avatar\/2edad05cd7afbef8b9e1495dacdf55fd32bf2fe055ead3a385c32f41e201743d?s=96&d=mm&r=g","contentUrl":"https:\/\/secure.gravatar.com\/avatar\/2edad05cd7afbef8b9e1495dacdf55fd32bf2fe055ead3a385c32f41e201743d?s=96&d=mm&r=g","caption":"djthiago"},"url":"https:\/\/abelfigueiredo.pa.gov.br\/site\/author\/djthiago\/"}]}},"_links":{"self":[{"href":"https:\/\/abelfigueiredo.pa.gov.br\/site\/wp-json\/wp\/v2\/posts\/18906","targetHints":{"allow":["GET"]}}],"collection":[{"href":"https:\/\/abelfigueiredo.pa.gov.br\/site\/wp-json\/wp\/v2\/posts"}],"about":[{"href":"https:\/\/abelfigueiredo.pa.gov.br\/site\/wp-json\/wp\/v2\/types\/post"}],"author":[{"embeddable":true,"href":"https:\/\/abelfigueiredo.pa.gov.br\/site\/wp-json\/wp\/v2\/users\/34"}],"replies":[{"embeddable":true,"href":"https:\/\/abelfigueiredo.pa.gov.br\/site\/wp-json\/wp\/v2\/comments?post=18906"}],"version-history":[{"count":1,"href":"https:\/\/abelfigueiredo.pa.gov.br\/site\/wp-json\/wp\/v2\/posts\/18906\/revisions"}],"predecessor-version":[{"id":18919,"href":"https:\/\/abelfigueiredo.pa.gov.br\/site\/wp-json\/wp\/v2\/posts\/18906\/revisions\/18919"}],"wp:featuredmedia":[{"embeddable":true,"href":"https:\/\/abelfigueiredo.pa.gov.br\/site\/wp-json\/wp\/v2\/media\/18911"}],"wp:attachment":[{"href":"https:\/\/abelfigueiredo.pa.gov.br\/site\/wp-json\/wp\/v2\/media?parent=18906"}],"wp:term":[{"taxonomy":"category","embeddable":true,"href":"https:\/\/abelfigueiredo.pa.gov.br\/site\/wp-json\/wp\/v2\/categories?post=18906"},{"taxonomy":"post_tag","embeddable":true,"href":"https:\/\/abelfigueiredo.pa.gov.br\/site\/wp-json\/wp\/v2\/tags?post=18906"}],"curies":[{"name":"wp","href":"https:\/\/api.w.org\/{rel}","templated":true}]}}