{"id":18903,"date":"2024-11-20T15:25:35","date_gmt":"2024-11-20T18:25:35","guid":{"rendered":"https:\/\/abelfigueiredo.pa.gov.br\/site\/?p=18903"},"modified":"2024-11-28T15:29:24","modified_gmt":"2024-11-28T18:29:24","slug":"dia-da-consciencia-negra","status":"publish","type":"post","link":"https:\/\/abelfigueiredo.pa.gov.br\/site\/dia-da-consciencia-negra\/","title":{"rendered":"Dia da Consci\u00eancia Negra"},"content":{"rendered":"<div class=\"html-div xdj266r x11i5rnm xat24cr x1mh8g0r xexx8yu x4uap5 x18d9i69 xkhd6sd\">\n<div class=\"html-div xdj266r x11i5rnm xat24cr x1mh8g0r xexx8yu x4uap5 x18d9i69 xkhd6sd\" dir=\"auto\">\n<div class=\"html-div xdj266r x11i5rnm xat24cr x1mh8g0r xexx8yu x4uap5 x18d9i69 xkhd6sd\" data-ad-rendering-role=\"story_message\">\n<div id=\":r3si:\" class=\"x1l90r2v x1pi30zi x1swvt13 x1iorvi4\" data-ad-comet-preview=\"message\" data-ad-preview=\"message\">\n<div class=\"x78zum5 xdt5ytf xz62fqu x16ldp7u\">\n<div class=\"xu06os2 x1ok221b\">\n<div class=\"xdj266r x11i5rnm xat24cr x1mh8g0r x1vvkbs x126k92a\">\n<div dir=\"auto\">A Prefeitura de Abel Figueiredo, na gest\u00e3o do Prefeito Ant\u00f4nio Calhau, celebra o Dia da Consci\u00eancia Negra como um momento de respeito e valoriza\u00e7\u00e3o da hist\u00f3ria e da cultura afro-brasileira.<\/div>\n<div dir=\"auto\">Este dia nos lembra da import\u00e2ncia da igualdade e da luta contra o preconceito. Juntos, podemos construir uma cidade onde todos sejam reconhecidos e respeitados por suas contribui\u00e7\u00f5es.<\/div>\n<\/div>\n<div class=\"x11i5rnm xat24cr x1mh8g0r x1vvkbs xtlvy1s x126k92a\">\n<div dir=\"auto\">Prefeitura de Abel Figueiredo<\/div>\n<div dir=\"auto\">Administra\u00e7\u00e3o Prefeito Ant\u00f4nio Calhau.<\/div>\n<\/div>\n<\/div>\n<\/div>\n<\/div>\n<\/div>\n<\/div>\n<div id=\":r3sj:\" class=\"html-div xdj266r x11i5rnm xat24cr x1mh8g0r xexx8yu x4uap5 x18d9i69 xkhd6sd x1n2onr6\">\n<div class=\"html-div xdj266r x11i5rnm xat24cr x1mh8g0r xexx8yu x4uap5 x18d9i69 xkhd6sd x1n2onr6\">\n<div class=\"x6s0dn4 x1jx94hy x78zum5 xdt5ytf x6ikm8r x10wlt62 x1n2onr6 xh8yej3\" data-ad-rendering-role=\"media-image\">\n<div>\n<div class=\"xqtp20y x6ikm8r x10wlt62 x1n2onr6\">\n<div class=\"x10l6tqk x13vifvy\"><img loading=\"lazy\" decoding=\"async\" class=\"x1ey2m1c xds687c x5yr21d x10l6tqk x17qophe x13vifvy xh8yej3 xl1xv1r\" src=\"https:\/\/scontent-for2-2.xx.fbcdn.net\/v\/t39.30808-6\/467669086_516106734909462_13359796227431257_n.jpg?stp=dst-jpg_p526x296_tt6&amp;_nc_cat=103&amp;ccb=1-7&amp;_nc_sid=833d8c&amp;_nc_eui2=AeHrsVvGgESw7H_lAoY-O4rRlkPD_cSmpA2WQ8P9xKakDTETcva0QMynLZYloexjXokKQ3nCU2gQvzAasXjGFqOS&amp;_nc_ohc=b9Hngk4-iCMQ7kNvgFWNayY&amp;_nc_zt=23&amp;_nc_ht=scontent-for2-2.xx&amp;_nc_gid=A2FYBYFn5-p99PrFVfZ_0Ke&amp;oh=00_AYC7cPEknnN3bqhgcPyy3TSeFKH-wR2ri7tQb4xKjCXfYA&amp;oe=674CC7AC\" alt=\"Pode ser uma imagem de 1 pessoa e texto\" width=\"526\" height=\"935\" \/><\/div>\n<\/div>\n<\/div>\n<\/div>\n<div class=\"x1nb4dca x1q0q8m5 xso031l x1exxf4d x13fuv20 x178xt8z x1ey2m1c xds687c x17qophe x47corl x10l6tqk x13vifvy\"><\/div>\n<div class=\"x1ey2m1c xds687c x17qophe xg01cxk x47corl x10l6tqk x13vifvy x1ebt8du x19991ni x1dhq9h x1o1ewxj x3x9cwd x1e5q0jg x13rtm0m\" role=\"none\" data-visualcompletion=\"ignore\"><\/div>\n<\/div>\n<div class=\"html-div xdj266r x11i5rnm xat24cr x1mh8g0r xexx8yu x4uap5 x18d9i69 xkhd6sd\"><\/div>\n<\/div>\n<\/div>\n<div>\n<div class=\"xabvvm4 xeyy32k x1ia1hqs x1a2w583 x6ikm8r x10wlt62\" data-visualcompletion=\"ignore-dynamic\">\n<div>\n<div>\n<div>\n<div class=\"x1n2onr6\">\n<div class=\"x6s0dn4 xi81zsa x78zum5 x6prxxf x13a6bvl xvq8zen xdj266r xat24cr x1d52u69 xktsk01 x889kno x1a8lsjc xkhd6sd x4uap5 x80vd3b x1q0q8m5 xso031l\">\n<div class=\"x9f619 x1ja2u2z x78zum5 x2lah0s x1n2onr6 x1qughib x1qjc9v5 xozqiw3 x1q0g3np xykv574 xbmpl8g x4cne27 xifccgj\"><\/div>\n<\/div>\n<\/div>\n<\/div>\n<\/div>\n<\/div>\n<\/div>\n<\/div>\n","protected":false},"excerpt":{"rendered":"<p>A Prefeitura de Abel Figueiredo, na gest\u00e3o do Prefeito Ant\u00f4nio Calhau, celebra o Dia da Consci\u00eancia Negra como um momento de respeito e valoriza\u00e7\u00e3o da hist\u00f3ria e da cultura afro-brasileira. Este dia nos lembra da import\u00e2ncia da igualdade e da luta contra o preconceito. Juntos, podemos construir uma cidade onde todos sejam reconhecidos e respeitados<\/p>\n<div class=\"read-more\"><a href=\"https:\/\/abelfigueiredo.pa.gov.br\/site\/dia-da-consciencia-negra\/\" title=\"Veja mais\">Veja mais<\/a><\/div>\n","protected":false},"author":34,"featured_media":18904,"comment_status":"closed","ping_status":"closed","sticky":false,"template":"","format":"standard","meta":{"footnotes":""},"categories":[1],"tags":[],"class_list":{"0":"post-18903","1":"post","2":"type-post","3":"status-publish","4":"format-standard","5":"has-post-thumbnail","7":"category-noticias"},"yoast_head":"<!-- This site is optimized with the Yoast SEO plugin v26.6 - https:\/\/yoast.com\/wordpress\/plugins\/seo\/ -->\n<title>Dia da Consci\u00eancia Negra - Prefeitura Municipal de Abel Figueiredo | Gest\u00e3o 2025-2028<\/title>\n<meta name=\"robots\" content=\"index, follow, max-snippet:-1, max-image-preview:large, max-video-preview:-1\" \/>\n<link rel=\"canonical\" href=\"https:\/\/abelfigueiredo.pa.gov.br\/site\/dia-da-consciencia-negra\/\" \/>\n<meta property=\"og:locale\" content=\"pt_BR\" \/>\n<meta property=\"og:type\" content=\"article\" \/>\n<meta property=\"og:title\" content=\"Dia da Consci\u00eancia Negra - Prefeitura Municipal de Abel Figueiredo | Gest\u00e3o 2025-2028\" \/>\n<meta property=\"og:description\" content=\"A Prefeitura de Abel Figueiredo, na gest\u00e3o do Prefeito Ant\u00f4nio Calhau, celebra o Dia da Consci\u00eancia Negra como um momento de respeito e valoriza\u00e7\u00e3o da hist\u00f3ria e da cultura afro-brasileira. Este dia nos lembra da import\u00e2ncia da igualdade e da luta contra o preconceito. Juntos, podemos construir uma cidade onde todos sejam reconhecidos e respeitadosVeja mais\" \/>\n<meta property=\"og:url\" content=\"https:\/\/abelfigueiredo.pa.gov.br\/site\/dia-da-consciencia-negra\/\" \/>\n<meta property=\"og:site_name\" content=\"Prefeitura Municipal de Abel Figueiredo | Gest\u00e3o 2025-2028\" \/>\n<meta property=\"article:published_time\" content=\"2024-11-20T18:25:35+00:00\" \/>\n<meta property=\"article:modified_time\" content=\"2024-11-28T18:29:24+00:00\" \/>\n<meta property=\"og:image\" content=\"https:\/\/abelfigueiredo.pa.gov.br\/site\/wp-content\/uploads\/2024\/11\/Dia-Nacional-da-Consciencia-Negra-PREFEITURA.jpg\" \/>\n\t<meta property=\"og:image:width\" content=\"1024\" \/>\n\t<meta property=\"og:image:height\" content=\"1820\" \/>\n\t<meta property=\"og:image:type\" content=\"image\/jpeg\" \/>\n<meta name=\"author\" content=\"djthiago\" \/>\n<meta name=\"twitter:label1\" content=\"Escrito por\" \/>\n\t<meta name=\"twitter:data1\" content=\"djthiago\" \/>\n<script type=\"application\/ld+json\" class=\"yoast-schema-graph\">{\"@context\":\"https:\/\/schema.org\",\"@graph\":[{\"@type\":\"WebPage\",\"@id\":\"https:\/\/abelfigueiredo.pa.gov.br\/site\/dia-da-consciencia-negra\/\",\"url\":\"https:\/\/abelfigueiredo.pa.gov.br\/site\/dia-da-consciencia-negra\/\",\"name\":\"Dia da Consci\u00eancia Negra - Prefeitura Municipal de Abel Figueiredo | Gest\u00e3o 2025-2028\",\"isPartOf\":{\"@id\":\"https:\/\/abelfigueiredo.pa.gov.br\/site\/#website\"},\"primaryImageOfPage\":{\"@id\":\"https:\/\/abelfigueiredo.pa.gov.br\/site\/dia-da-consciencia-negra\/#primaryimage\"},\"image\":{\"@id\":\"https:\/\/abelfigueiredo.pa.gov.br\/site\/dia-da-consciencia-negra\/#primaryimage\"},\"thumbnailUrl\":\"https:\/\/abelfigueiredo.pa.gov.br\/site\/wp-content\/uploads\/2024\/11\/Dia-Nacional-da-Consciencia-Negra-PREFEITURA.jpg\",\"datePublished\":\"2024-11-20T18:25:35+00:00\",\"dateModified\":\"2024-11-28T18:29:24+00:00\",\"author\":{\"@id\":\"https:\/\/abelfigueiredo.pa.gov.br\/site\/#\/schema\/person\/7c1ecb1baa18502745b46b3921be7bbb\"},\"inLanguage\":\"pt-BR\",\"potentialAction\":[{\"@type\":\"ReadAction\",\"target\":[\"https:\/\/abelfigueiredo.pa.gov.br\/site\/dia-da-consciencia-negra\/\"]}]},{\"@type\":\"ImageObject\",\"inLanguage\":\"pt-BR\",\"@id\":\"https:\/\/abelfigueiredo.pa.gov.br\/site\/dia-da-consciencia-negra\/#primaryimage\",\"url\":\"https:\/\/abelfigueiredo.pa.gov.br\/site\/wp-content\/uploads\/2024\/11\/Dia-Nacional-da-Consciencia-Negra-PREFEITURA.jpg\",\"contentUrl\":\"https:\/\/abelfigueiredo.pa.gov.br\/site\/wp-content\/uploads\/2024\/11\/Dia-Nacional-da-Consciencia-Negra-PREFEITURA.jpg\",\"width\":1024,\"height\":1820},{\"@type\":\"WebSite\",\"@id\":\"https:\/\/abelfigueiredo.pa.gov.br\/site\/#website\",\"url\":\"https:\/\/abelfigueiredo.pa.gov.br\/site\/\",\"name\":\"Prefeitura Municipal de Abel Figueiredo | Gest\u00e3o 2025-2028\",\"description\":\"Site oficial da Prefeitura Municipal de Abel Figueiredo\",\"potentialAction\":[{\"@type\":\"SearchAction\",\"target\":{\"@type\":\"EntryPoint\",\"urlTemplate\":\"https:\/\/abelfigueiredo.pa.gov.br\/site\/?s={search_term_string}\"},\"query-input\":{\"@type\":\"PropertyValueSpecification\",\"valueRequired\":true,\"valueName\":\"search_term_string\"}}],\"inLanguage\":\"pt-BR\"},{\"@type\":\"Person\",\"@id\":\"https:\/\/abelfigueiredo.pa.gov.br\/site\/#\/schema\/person\/7c1ecb1baa18502745b46b3921be7bbb\",\"name\":\"djthiago\",\"image\":{\"@type\":\"ImageObject\",\"inLanguage\":\"pt-BR\",\"@id\":\"https:\/\/abelfigueiredo.pa.gov.br\/site\/#\/schema\/person\/image\/\",\"url\":\"https:\/\/secure.gravatar.com\/avatar\/2edad05cd7afbef8b9e1495dacdf55fd32bf2fe055ead3a385c32f41e201743d?s=96&d=mm&r=g\",\"contentUrl\":\"https:\/\/secure.gravatar.com\/avatar\/2edad05cd7afbef8b9e1495dacdf55fd32bf2fe055ead3a385c32f41e201743d?s=96&d=mm&r=g\",\"caption\":\"djthiago\"},\"url\":\"https:\/\/abelfigueiredo.pa.gov.br\/site\/author\/djthiago\/\"}]}<\/script>\n<!-- \/ Yoast SEO plugin. -->","yoast_head_json":{"title":"Dia da Consci\u00eancia Negra - Prefeitura Municipal de Abel Figueiredo | Gest\u00e3o 2025-2028","robots":{"index":"index","follow":"follow","max-snippet":"max-snippet:-1","max-image-preview":"max-image-preview:large","max-video-preview":"max-video-preview:-1"},"canonical":"https:\/\/abelfigueiredo.pa.gov.br\/site\/dia-da-consciencia-negra\/","og_locale":"pt_BR","og_type":"article","og_title":"Dia da Consci\u00eancia Negra - Prefeitura Municipal de Abel Figueiredo | Gest\u00e3o 2025-2028","og_description":"A Prefeitura de Abel Figueiredo, na gest\u00e3o do Prefeito Ant\u00f4nio Calhau, celebra o Dia da Consci\u00eancia Negra como um momento de respeito e valoriza\u00e7\u00e3o da hist\u00f3ria e da cultura afro-brasileira. Este dia nos lembra da import\u00e2ncia da igualdade e da luta contra o preconceito. Juntos, podemos construir uma cidade onde todos sejam reconhecidos e respeitadosVeja mais","og_url":"https:\/\/abelfigueiredo.pa.gov.br\/site\/dia-da-consciencia-negra\/","og_site_name":"Prefeitura Municipal de Abel Figueiredo | Gest\u00e3o 2025-2028","article_published_time":"2024-11-20T18:25:35+00:00","article_modified_time":"2024-11-28T18:29:24+00:00","og_image":[{"width":1024,"height":1820,"url":"https:\/\/abelfigueiredo.pa.gov.br\/site\/wp-content\/uploads\/2024\/11\/Dia-Nacional-da-Consciencia-Negra-PREFEITURA.jpg","type":"image\/jpeg"}],"author":"djthiago","twitter_misc":{"Escrito por":"djthiago"},"schema":{"@context":"https:\/\/schema.org","@graph":[{"@type":"WebPage","@id":"https:\/\/abelfigueiredo.pa.gov.br\/site\/dia-da-consciencia-negra\/","url":"https:\/\/abelfigueiredo.pa.gov.br\/site\/dia-da-consciencia-negra\/","name":"Dia da Consci\u00eancia Negra - Prefeitura Municipal de Abel Figueiredo | Gest\u00e3o 2025-2028","isPartOf":{"@id":"https:\/\/abelfigueiredo.pa.gov.br\/site\/#website"},"primaryImageOfPage":{"@id":"https:\/\/abelfigueiredo.pa.gov.br\/site\/dia-da-consciencia-negra\/#primaryimage"},"image":{"@id":"https:\/\/abelfigueiredo.pa.gov.br\/site\/dia-da-consciencia-negra\/#primaryimage"},"thumbnailUrl":"https:\/\/abelfigueiredo.pa.gov.br\/site\/wp-content\/uploads\/2024\/11\/Dia-Nacional-da-Consciencia-Negra-PREFEITURA.jpg","datePublished":"2024-11-20T18:25:35+00:00","dateModified":"2024-11-28T18:29:24+00:00","author":{"@id":"https:\/\/abelfigueiredo.pa.gov.br\/site\/#\/schema\/person\/7c1ecb1baa18502745b46b3921be7bbb"},"inLanguage":"pt-BR","potentialAction":[{"@type":"ReadAction","target":["https:\/\/abelfigueiredo.pa.gov.br\/site\/dia-da-consciencia-negra\/"]}]},{"@type":"ImageObject","inLanguage":"pt-BR","@id":"https:\/\/abelfigueiredo.pa.gov.br\/site\/dia-da-consciencia-negra\/#primaryimage","url":"https:\/\/abelfigueiredo.pa.gov.br\/site\/wp-content\/uploads\/2024\/11\/Dia-Nacional-da-Consciencia-Negra-PREFEITURA.jpg","contentUrl":"https:\/\/abelfigueiredo.pa.gov.br\/site\/wp-content\/uploads\/2024\/11\/Dia-Nacional-da-Consciencia-Negra-PREFEITURA.jpg","width":1024,"height":1820},{"@type":"WebSite","@id":"https:\/\/abelfigueiredo.pa.gov.br\/site\/#website","url":"https:\/\/abelfigueiredo.pa.gov.br\/site\/","name":"Prefeitura Municipal de Abel Figueiredo | Gest\u00e3o 2025-2028","description":"Site oficial da Prefeitura Municipal de Abel Figueiredo","potentialAction":[{"@type":"SearchAction","target":{"@type":"EntryPoint","urlTemplate":"https:\/\/abelfigueiredo.pa.gov.br\/site\/?s={search_term_string}"},"query-input":{"@type":"PropertyValueSpecification","valueRequired":true,"valueName":"search_term_string"}}],"inLanguage":"pt-BR"},{"@type":"Person","@id":"https:\/\/abelfigueiredo.pa.gov.br\/site\/#\/schema\/person\/7c1ecb1baa18502745b46b3921be7bbb","name":"djthiago","image":{"@type":"ImageObject","inLanguage":"pt-BR","@id":"https:\/\/abelfigueiredo.pa.gov.br\/site\/#\/schema\/person\/image\/","url":"https:\/\/secure.gravatar.com\/avatar\/2edad05cd7afbef8b9e1495dacdf55fd32bf2fe055ead3a385c32f41e201743d?s=96&d=mm&r=g","contentUrl":"https:\/\/secure.gravatar.com\/avatar\/2edad05cd7afbef8b9e1495dacdf55fd32bf2fe055ead3a385c32f41e201743d?s=96&d=mm&r=g","caption":"djthiago"},"url":"https:\/\/abelfigueiredo.pa.gov.br\/site\/author\/djthiago\/"}]}},"_links":{"self":[{"href":"https:\/\/abelfigueiredo.pa.gov.br\/site\/wp-json\/wp\/v2\/posts\/18903","targetHints":{"allow":["GET"]}}],"collection":[{"href":"https:\/\/abelfigueiredo.pa.gov.br\/site\/wp-json\/wp\/v2\/posts"}],"about":[{"href":"https:\/\/abelfigueiredo.pa.gov.br\/site\/wp-json\/wp\/v2\/types\/post"}],"author":[{"embeddable":true,"href":"https:\/\/abelfigueiredo.pa.gov.br\/site\/wp-json\/wp\/v2\/users\/34"}],"replies":[{"embeddable":true,"href":"https:\/\/abelfigueiredo.pa.gov.br\/site\/wp-json\/wp\/v2\/comments?post=18903"}],"version-history":[{"count":1,"href":"https:\/\/abelfigueiredo.pa.gov.br\/site\/wp-json\/wp\/v2\/posts\/18903\/revisions"}],"predecessor-version":[{"id":18905,"href":"https:\/\/abelfigueiredo.pa.gov.br\/site\/wp-json\/wp\/v2\/posts\/18903\/revisions\/18905"}],"wp:featuredmedia":[{"embeddable":true,"href":"https:\/\/abelfigueiredo.pa.gov.br\/site\/wp-json\/wp\/v2\/media\/18904"}],"wp:attachment":[{"href":"https:\/\/abelfigueiredo.pa.gov.br\/site\/wp-json\/wp\/v2\/media?parent=18903"}],"wp:term":[{"taxonomy":"category","embeddable":true,"href":"https:\/\/abelfigueiredo.pa.gov.br\/site\/wp-json\/wp\/v2\/categories?post=18903"},{"taxonomy":"post_tag","embeddable":true,"href":"https:\/\/abelfigueiredo.pa.gov.br\/site\/wp-json\/wp\/v2\/tags?post=18903"}],"curies":[{"name":"wp","href":"https:\/\/api.w.org\/{rel}","templated":true}]}}