{"id":18900,"date":"2024-11-28T15:25:01","date_gmt":"2024-11-28T18:25:01","guid":{"rendered":"https:\/\/abelfigueiredo.pa.gov.br\/site\/?p=18900"},"modified":"2024-11-28T15:29:41","modified_gmt":"2024-11-28T18:29:41","slug":"e-selo-diamante-de-novo-abel-figueiredo-brilha-em-transparencia-publica","status":"publish","type":"post","link":"https:\/\/abelfigueiredo.pa.gov.br\/site\/e-selo-diamante-de-novo-abel-figueiredo-brilha-em-transparencia-publica\/","title":{"rendered":"\u00c9 Selo Diamante de Novo! Abel Figueiredo Brilha em Transpar\u00eancia P\u00fablica!"},"content":{"rendered":"<div class=\"html-div xdj266r x11i5rnm xat24cr x1mh8g0r xexx8yu x4uap5 x18d9i69 xkhd6sd\">\n<div class=\"html-div xdj266r x11i5rnm xat24cr x1mh8g0r xexx8yu x4uap5 x18d9i69 xkhd6sd\" dir=\"auto\">\n<div class=\"html-div xdj266r x11i5rnm xat24cr x1mh8g0r xexx8yu x4uap5 x18d9i69 xkhd6sd\" data-ad-rendering-role=\"story_message\">\n<div id=\":r3ta:\" class=\"x1l90r2v x1pi30zi x1swvt13 x1iorvi4\" data-ad-comet-preview=\"message\" data-ad-preview=\"message\">\n<div class=\"x78zum5 xdt5ytf xz62fqu x16ldp7u\">\n<div class=\"xu06os2 x1ok221b\">\n<div class=\"x11i5rnm xat24cr x1mh8g0r x1vvkbs xtlvy1s x126k92a\">\n<div dir=\"auto\">Sob o comando do Prefeito Ant\u00f4nio Calhau, Abel Figueiredo conquista mais uma vez o Selo Diamante em Transpar\u00eancia P\u00fablica, a mais alta avalia\u00e7\u00e3o do Programa Nacional de Transpar\u00eancia P\u00fablica!<\/div>\n<\/div>\n<div class=\"x11i5rnm xat24cr x1mh8g0r x1vvkbs xtlvy1s x126k92a\">\n<div dir=\"auto\">Essa vit\u00f3ria \u00e9 de todos n\u00f3s! \u00c9 a prova de que uma gest\u00e3o comprometida, \u00e9tica e participativa faz a diferen\u00e7a. Com trabalho s\u00e9rio e dedica\u00e7\u00e3o, mostramos que Abel Figueiredo est\u00e1 no topo quando o assunto \u00e9 responsabilidade com os recursos e informa\u00e7\u00e3o ao cidad\u00e3o.<\/div>\n<\/div>\n<div class=\"x11i5rnm xat24cr x1mh8g0r x1vvkbs xtlvy1s x126k92a\">\n<div dir=\"auto\"><span class=\"html-span xdj266r x11i5rnm xat24cr x1mh8g0r xexx8yu x4uap5 x18d9i69 xkhd6sd x1hl2dhg x16tdsg8 x1vvkbs\"><a class=\"x1i10hfl xjbqb8w x1ejq31n xd10rxx x1sy0etr x17r0tee x972fbf xcfux6l x1qhh985 xm0m39n x9f619 x1ypdohk xt0psk2 xe8uvvx xdj266r x11i5rnm xat24cr x1mh8g0r xexx8yu x4uap5 x18d9i69 xkhd6sd x16tdsg8 x1hl2dhg xggy1nq x1a2a7pz x1sur9pj xkrqix3 x1fey0fg x1s688f\" tabindex=\"0\" role=\"link\" href=\"https:\/\/www.facebook.com\/hashtag\/prefeituradeabel?__eep__=6&amp;__cft__[0]=AZVh5Qs7UZuNvnmLhxgtKWObAvlGmKe5AlgVPWteSIJGAVkKEj265JjZ5XLLlQ6oZJPmaE1VcIm4A0d1c1KnaPjVQCIV3i1_wNOHF0ZcGhESFJT5g3KQWdhjdL9LFwUkIK-jzqRgzmTgeiI4JLJi1FWakdIRy8vyV1x6d9WZrWHLTaENhjxYRp2tzeng4Yp4YAdWFqZWEVC4kxF5b80AEG-r9tYF2A33-6P7c613X2ajJCN3qtmxQ6KrTCFa-jwCTB8&amp;__tn__=*NK-R\">#prefeituradeabel<\/a><\/span><\/div>\n<div dir=\"auto\"><span class=\"html-span xdj266r x11i5rnm xat24cr x1mh8g0r xexx8yu x4uap5 x18d9i69 xkhd6sd x1hl2dhg x16tdsg8 x1vvkbs\"><a class=\"x1i10hfl xjbqb8w x1ejq31n xd10rxx x1sy0etr x17r0tee x972fbf xcfux6l x1qhh985 xm0m39n x9f619 x1ypdohk xt0psk2 xe8uvvx xdj266r x11i5rnm xat24cr x1mh8g0r xexx8yu x4uap5 x18d9i69 xkhd6sd x16tdsg8 x1hl2dhg xggy1nq x1a2a7pz x1sur9pj xkrqix3 x1fey0fg x1s688f\" tabindex=\"0\" role=\"link\" href=\"https:\/\/www.facebook.com\/hashtag\/secdeadministracao?__eep__=6&amp;__cft__[0]=AZVh5Qs7UZuNvnmLhxgtKWObAvlGmKe5AlgVPWteSIJGAVkKEj265JjZ5XLLlQ6oZJPmaE1VcIm4A0d1c1KnaPjVQCIV3i1_wNOHF0ZcGhESFJT5g3KQWdhjdL9LFwUkIK-jzqRgzmTgeiI4JLJi1FWakdIRy8vyV1x6d9WZrWHLTaENhjxYRp2tzeng4Yp4YAdWFqZWEVC4kxF5b80AEG-r9tYF2A33-6P7c613X2ajJCN3qtmxQ6KrTCFa-jwCTB8&amp;__tn__=*NK-R\">#secdeadministracao<\/a><\/span><\/div>\n<div dir=\"auto\"><span class=\"html-span xdj266r x11i5rnm xat24cr x1mh8g0r xexx8yu x4uap5 x18d9i69 xkhd6sd x1hl2dhg x16tdsg8 x1vvkbs\"><a class=\"x1i10hfl xjbqb8w x1ejq31n xd10rxx x1sy0etr x17r0tee x972fbf xcfux6l x1qhh985 xm0m39n x9f619 x1ypdohk xt0psk2 xe8uvvx xdj266r x11i5rnm xat24cr x1mh8g0r xexx8yu x4uap5 x18d9i69 xkhd6sd x16tdsg8 x1hl2dhg xggy1nq x1a2a7pz x1sur9pj xkrqix3 x1fey0fg x1s688f\" tabindex=\"0\" role=\"link\" href=\"https:\/\/www.facebook.com\/hashtag\/trabalhandoparaopovo?__eep__=6&amp;__cft__[0]=AZVh5Qs7UZuNvnmLhxgtKWObAvlGmKe5AlgVPWteSIJGAVkKEj265JjZ5XLLlQ6oZJPmaE1VcIm4A0d1c1KnaPjVQCIV3i1_wNOHF0ZcGhESFJT5g3KQWdhjdL9LFwUkIK-jzqRgzmTgeiI4JLJi1FWakdIRy8vyV1x6d9WZrWHLTaENhjxYRp2tzeng4Yp4YAdWFqZWEVC4kxF5b80AEG-r9tYF2A33-6P7c613X2ajJCN3qtmxQ6KrTCFa-jwCTB8&amp;__tn__=*NK-R\">#trabalhandoparaopovo<\/a><\/span><\/div>\n<\/div>\n<\/div>\n<\/div>\n<\/div>\n<\/div>\n<\/div>\n<div id=\":r3tb:\" class=\"html-div xdj266r x11i5rnm xat24cr x1mh8g0r xexx8yu x4uap5 x18d9i69 xkhd6sd x1n2onr6\">\n<div class=\"html-div xdj266r x11i5rnm xat24cr x1mh8g0r xexx8yu x4uap5 x18d9i69 xkhd6sd x1n2onr6\">\n<div class=\"x6s0dn4 x1jx94hy x78zum5 xdt5ytf x6ikm8r x10wlt62 x1n2onr6 xh8yej3\" data-ad-rendering-role=\"media-image\">\n<div>\n<div class=\"xqtp20y x6ikm8r x10wlt62 x1n2onr6\">\n<div class=\"x10l6tqk x13vifvy\"><img loading=\"lazy\" decoding=\"async\" class=\"x1ey2m1c xds687c x5yr21d x10l6tqk x17qophe x13vifvy xh8yej3 xl1xv1r\" src=\"https:\/\/scontent-for2-2.xx.fbcdn.net\/v\/t39.30808-6\/466975199_515603541626448_8825808997627136442_n.jpg?stp=dst-jpg_p526x296&amp;_nc_cat=108&amp;ccb=1-7&amp;_nc_sid=833d8c&amp;_nc_eui2=AeFoZig6frdY6omzJBTDjdr4WWKrhr3Y0OdZYquGvdjQ5zhfUgpPH7Wc28auThuukdmNq0a1TEA7n8OUKPZ5HHvg&amp;_nc_ohc=GZSLBv5P-bAQ7kNvgE1Mf3G&amp;_nc_zt=23&amp;_nc_ht=scontent-for2-2.xx&amp;_nc_gid=ALILit4iPclH0fMJtgAH3qe&amp;oh=00_AYCHCXNMfvt8eXwXbmd9McimzgYsovURNgsDJa8zzlTooQ&amp;oe=674E7875\" alt=\"Pode ser uma imagem de 1 pessoa e texto que diz &quot;SOMOS DIAMANTE NACIONAL PROGRAMA TP PUBLICA QUALIDADE EM t ANSPAR\u00caNCIA DIAMANTE 2024 2024 BEOTEHA TRIBUNAISDE _. CONTAR PARAB\u00c9NS A GEST\u00c3O DO PREFEITO ANT\u00d4NIO CALHAU Pela classifica\u00e7\u00e3o como diamante na gvalia\u00e7\u00e3o do Programa Nacional de Transpar\u00eancia P\u00fablica FIGUEIREDO Tabalhande FrobothendeponeePrel poreePovel ATRICON \u03c0\u03bf\u03c5 A mmt tc\u0119 OA ARRACON Conaci CMPTC Instituto RulBarbosa 50 ASUR&quot;\" width=\"526\" height=\"935\" \/><\/div>\n<\/div>\n<\/div>\n<\/div>\n<div class=\"x1nb4dca x1q0q8m5 xso031l x1exxf4d x13fuv20 x178xt8z x1ey2m1c xds687c x17qophe x47corl x10l6tqk x13vifvy\"><\/div>\n<div class=\"x1ey2m1c xds687c x17qophe xg01cxk x47corl x10l6tqk x13vifvy x1ebt8du x19991ni x1dhq9h x1o1ewxj x3x9cwd x1e5q0jg x13rtm0m\" role=\"none\" data-visualcompletion=\"ignore\"><\/div>\n<\/div>\n<div class=\"html-div xdj266r x11i5rnm xat24cr x1mh8g0r xexx8yu x4uap5 x18d9i69 xkhd6sd\">\n<div class=\"html-div xdj266r x11i5rnm xat24cr x1mh8g0r xexx8yu x4uap5 x18d9i69 xkhd6sd x6ikm8r x10wlt62\"><\/div>\n<\/div>\n<\/div>\n<\/div>\n<div>\n<div class=\"xabvvm4 xeyy32k x1ia1hqs x1a2w583 x6ikm8r x10wlt62\" data-visualcompletion=\"ignore-dynamic\">\n<div>\n<div>\n<div>\n<div class=\"x1n2onr6\">\n<div class=\"x6s0dn4 xi81zsa x78zum5 x6prxxf x13a6bvl xvq8zen xdj266r xat24cr x1d52u69 xktsk01 x889kno x1a8lsjc xkhd6sd x4uap5 x80vd3b x1q0q8m5 xso031l\">\n<div class=\"x9f619 x1ja2u2z x78zum5 x2lah0s x1n2onr6 x1qughib x1qjc9v5 xozqiw3 x1q0g3np xykv574 xbmpl8g x4cne27 xifccgj\"><\/div>\n<\/div>\n<\/div>\n<\/div>\n<\/div>\n<\/div>\n<\/div>\n<\/div>\n","protected":false},"excerpt":{"rendered":"<p>Sob o comando do Prefeito Ant\u00f4nio Calhau, Abel Figueiredo conquista mais uma vez o Selo Diamante em Transpar\u00eancia P\u00fablica, a mais alta avalia\u00e7\u00e3o do Programa Nacional de Transpar\u00eancia P\u00fablica! Essa vit\u00f3ria \u00e9 de todos n\u00f3s! \u00c9 a prova de que uma gest\u00e3o comprometida, \u00e9tica e participativa faz a diferen\u00e7a. Com trabalho s\u00e9rio e dedica\u00e7\u00e3o, mostramos<\/p>\n<div class=\"read-more\"><a href=\"https:\/\/abelfigueiredo.pa.gov.br\/site\/e-selo-diamante-de-novo-abel-figueiredo-brilha-em-transparencia-publica\/\" title=\"Veja mais\">Veja mais<\/a><\/div>\n","protected":false},"author":34,"featured_media":18901,"comment_status":"closed","ping_status":"closed","sticky":false,"template":"","format":"standard","meta":{"footnotes":""},"categories":[1],"tags":[],"class_list":{"0":"post-18900","1":"post","2":"type-post","3":"status-publish","4":"format-standard","5":"has-post-thumbnail","7":"category-noticias"},"yoast_head":"<!-- This site is optimized with the Yoast SEO plugin v26.6 - https:\/\/yoast.com\/wordpress\/plugins\/seo\/ -->\n<title>\u00c9 Selo Diamante de Novo! Abel Figueiredo Brilha em Transpar\u00eancia P\u00fablica! - Prefeitura Municipal de Abel Figueiredo | Gest\u00e3o 2025-2028<\/title>\n<meta name=\"robots\" content=\"index, follow, max-snippet:-1, max-image-preview:large, max-video-preview:-1\" \/>\n<link rel=\"canonical\" href=\"https:\/\/abelfigueiredo.pa.gov.br\/site\/e-selo-diamante-de-novo-abel-figueiredo-brilha-em-transparencia-publica\/\" \/>\n<meta property=\"og:locale\" content=\"pt_BR\" \/>\n<meta property=\"og:type\" content=\"article\" \/>\n<meta property=\"og:title\" content=\"\u00c9 Selo Diamante de Novo! Abel Figueiredo Brilha em Transpar\u00eancia P\u00fablica! - Prefeitura Municipal de Abel Figueiredo | Gest\u00e3o 2025-2028\" \/>\n<meta property=\"og:description\" content=\"Sob o comando do Prefeito Ant\u00f4nio Calhau, Abel Figueiredo conquista mais uma vez o Selo Diamante em Transpar\u00eancia P\u00fablica, a mais alta avalia\u00e7\u00e3o do Programa Nacional de Transpar\u00eancia P\u00fablica! Essa vit\u00f3ria \u00e9 de todos n\u00f3s! \u00c9 a prova de que uma gest\u00e3o comprometida, \u00e9tica e participativa faz a diferen\u00e7a. Com trabalho s\u00e9rio e dedica\u00e7\u00e3o, mostramosVeja mais\" \/>\n<meta property=\"og:url\" content=\"https:\/\/abelfigueiredo.pa.gov.br\/site\/e-selo-diamante-de-novo-abel-figueiredo-brilha-em-transparencia-publica\/\" \/>\n<meta property=\"og:site_name\" content=\"Prefeitura Municipal de Abel Figueiredo | Gest\u00e3o 2025-2028\" \/>\n<meta property=\"article:published_time\" content=\"2024-11-28T18:25:01+00:00\" \/>\n<meta property=\"article:modified_time\" content=\"2024-11-28T18:29:41+00:00\" \/>\n<meta property=\"og:image\" content=\"https:\/\/abelfigueiredo.pa.gov.br\/site\/wp-content\/uploads\/2024\/11\/WhatsApp-Image-2024-11-28-at-15.23.27.jpeg\" \/>\n\t<meta property=\"og:image:width\" content=\"900\" \/>\n\t<meta property=\"og:image:height\" content=\"1600\" \/>\n\t<meta property=\"og:image:type\" content=\"image\/jpeg\" \/>\n<meta name=\"author\" content=\"djthiago\" \/>\n<meta name=\"twitter:label1\" content=\"Escrito por\" \/>\n\t<meta name=\"twitter:data1\" content=\"djthiago\" \/>\n<script type=\"application\/ld+json\" class=\"yoast-schema-graph\">{\"@context\":\"https:\/\/schema.org\",\"@graph\":[{\"@type\":\"WebPage\",\"@id\":\"https:\/\/abelfigueiredo.pa.gov.br\/site\/e-selo-diamante-de-novo-abel-figueiredo-brilha-em-transparencia-publica\/\",\"url\":\"https:\/\/abelfigueiredo.pa.gov.br\/site\/e-selo-diamante-de-novo-abel-figueiredo-brilha-em-transparencia-publica\/\",\"name\":\"\u00c9 Selo Diamante de Novo! Abel Figueiredo Brilha em Transpar\u00eancia P\u00fablica! - Prefeitura Municipal de Abel Figueiredo | Gest\u00e3o 2025-2028\",\"isPartOf\":{\"@id\":\"https:\/\/abelfigueiredo.pa.gov.br\/site\/#website\"},\"primaryImageOfPage\":{\"@id\":\"https:\/\/abelfigueiredo.pa.gov.br\/site\/e-selo-diamante-de-novo-abel-figueiredo-brilha-em-transparencia-publica\/#primaryimage\"},\"image\":{\"@id\":\"https:\/\/abelfigueiredo.pa.gov.br\/site\/e-selo-diamante-de-novo-abel-figueiredo-brilha-em-transparencia-publica\/#primaryimage\"},\"thumbnailUrl\":\"https:\/\/abelfigueiredo.pa.gov.br\/site\/wp-content\/uploads\/2024\/11\/WhatsApp-Image-2024-11-28-at-15.23.27.jpeg\",\"datePublished\":\"2024-11-28T18:25:01+00:00\",\"dateModified\":\"2024-11-28T18:29:41+00:00\",\"author\":{\"@id\":\"https:\/\/abelfigueiredo.pa.gov.br\/site\/#\/schema\/person\/7c1ecb1baa18502745b46b3921be7bbb\"},\"inLanguage\":\"pt-BR\",\"potentialAction\":[{\"@type\":\"ReadAction\",\"target\":[\"https:\/\/abelfigueiredo.pa.gov.br\/site\/e-selo-diamante-de-novo-abel-figueiredo-brilha-em-transparencia-publica\/\"]}]},{\"@type\":\"ImageObject\",\"inLanguage\":\"pt-BR\",\"@id\":\"https:\/\/abelfigueiredo.pa.gov.br\/site\/e-selo-diamante-de-novo-abel-figueiredo-brilha-em-transparencia-publica\/#primaryimage\",\"url\":\"https:\/\/abelfigueiredo.pa.gov.br\/site\/wp-content\/uploads\/2024\/11\/WhatsApp-Image-2024-11-28-at-15.23.27.jpeg\",\"contentUrl\":\"https:\/\/abelfigueiredo.pa.gov.br\/site\/wp-content\/uploads\/2024\/11\/WhatsApp-Image-2024-11-28-at-15.23.27.jpeg\",\"width\":900,\"height\":1600},{\"@type\":\"WebSite\",\"@id\":\"https:\/\/abelfigueiredo.pa.gov.br\/site\/#website\",\"url\":\"https:\/\/abelfigueiredo.pa.gov.br\/site\/\",\"name\":\"Prefeitura Municipal de Abel Figueiredo | Gest\u00e3o 2025-2028\",\"description\":\"Site oficial da Prefeitura Municipal de Abel Figueiredo\",\"potentialAction\":[{\"@type\":\"SearchAction\",\"target\":{\"@type\":\"EntryPoint\",\"urlTemplate\":\"https:\/\/abelfigueiredo.pa.gov.br\/site\/?s={search_term_string}\"},\"query-input\":{\"@type\":\"PropertyValueSpecification\",\"valueRequired\":true,\"valueName\":\"search_term_string\"}}],\"inLanguage\":\"pt-BR\"},{\"@type\":\"Person\",\"@id\":\"https:\/\/abelfigueiredo.pa.gov.br\/site\/#\/schema\/person\/7c1ecb1baa18502745b46b3921be7bbb\",\"name\":\"djthiago\",\"image\":{\"@type\":\"ImageObject\",\"inLanguage\":\"pt-BR\",\"@id\":\"https:\/\/abelfigueiredo.pa.gov.br\/site\/#\/schema\/person\/image\/\",\"url\":\"https:\/\/secure.gravatar.com\/avatar\/2edad05cd7afbef8b9e1495dacdf55fd32bf2fe055ead3a385c32f41e201743d?s=96&d=mm&r=g\",\"contentUrl\":\"https:\/\/secure.gravatar.com\/avatar\/2edad05cd7afbef8b9e1495dacdf55fd32bf2fe055ead3a385c32f41e201743d?s=96&d=mm&r=g\",\"caption\":\"djthiago\"},\"url\":\"https:\/\/abelfigueiredo.pa.gov.br\/site\/author\/djthiago\/\"}]}<\/script>\n<!-- \/ Yoast SEO plugin. -->","yoast_head_json":{"title":"\u00c9 Selo Diamante de Novo! Abel Figueiredo Brilha em Transpar\u00eancia P\u00fablica! - Prefeitura Municipal de Abel Figueiredo | Gest\u00e3o 2025-2028","robots":{"index":"index","follow":"follow","max-snippet":"max-snippet:-1","max-image-preview":"max-image-preview:large","max-video-preview":"max-video-preview:-1"},"canonical":"https:\/\/abelfigueiredo.pa.gov.br\/site\/e-selo-diamante-de-novo-abel-figueiredo-brilha-em-transparencia-publica\/","og_locale":"pt_BR","og_type":"article","og_title":"\u00c9 Selo Diamante de Novo! Abel Figueiredo Brilha em Transpar\u00eancia P\u00fablica! - Prefeitura Municipal de Abel Figueiredo | Gest\u00e3o 2025-2028","og_description":"Sob o comando do Prefeito Ant\u00f4nio Calhau, Abel Figueiredo conquista mais uma vez o Selo Diamante em Transpar\u00eancia P\u00fablica, a mais alta avalia\u00e7\u00e3o do Programa Nacional de Transpar\u00eancia P\u00fablica! Essa vit\u00f3ria \u00e9 de todos n\u00f3s! \u00c9 a prova de que uma gest\u00e3o comprometida, \u00e9tica e participativa faz a diferen\u00e7a. Com trabalho s\u00e9rio e dedica\u00e7\u00e3o, mostramosVeja mais","og_url":"https:\/\/abelfigueiredo.pa.gov.br\/site\/e-selo-diamante-de-novo-abel-figueiredo-brilha-em-transparencia-publica\/","og_site_name":"Prefeitura Municipal de Abel Figueiredo | Gest\u00e3o 2025-2028","article_published_time":"2024-11-28T18:25:01+00:00","article_modified_time":"2024-11-28T18:29:41+00:00","og_image":[{"width":900,"height":1600,"url":"https:\/\/abelfigueiredo.pa.gov.br\/site\/wp-content\/uploads\/2024\/11\/WhatsApp-Image-2024-11-28-at-15.23.27.jpeg","type":"image\/jpeg"}],"author":"djthiago","twitter_misc":{"Escrito por":"djthiago"},"schema":{"@context":"https:\/\/schema.org","@graph":[{"@type":"WebPage","@id":"https:\/\/abelfigueiredo.pa.gov.br\/site\/e-selo-diamante-de-novo-abel-figueiredo-brilha-em-transparencia-publica\/","url":"https:\/\/abelfigueiredo.pa.gov.br\/site\/e-selo-diamante-de-novo-abel-figueiredo-brilha-em-transparencia-publica\/","name":"\u00c9 Selo Diamante de Novo! Abel Figueiredo Brilha em Transpar\u00eancia P\u00fablica! - Prefeitura Municipal de Abel Figueiredo | Gest\u00e3o 2025-2028","isPartOf":{"@id":"https:\/\/abelfigueiredo.pa.gov.br\/site\/#website"},"primaryImageOfPage":{"@id":"https:\/\/abelfigueiredo.pa.gov.br\/site\/e-selo-diamante-de-novo-abel-figueiredo-brilha-em-transparencia-publica\/#primaryimage"},"image":{"@id":"https:\/\/abelfigueiredo.pa.gov.br\/site\/e-selo-diamante-de-novo-abel-figueiredo-brilha-em-transparencia-publica\/#primaryimage"},"thumbnailUrl":"https:\/\/abelfigueiredo.pa.gov.br\/site\/wp-content\/uploads\/2024\/11\/WhatsApp-Image-2024-11-28-at-15.23.27.jpeg","datePublished":"2024-11-28T18:25:01+00:00","dateModified":"2024-11-28T18:29:41+00:00","author":{"@id":"https:\/\/abelfigueiredo.pa.gov.br\/site\/#\/schema\/person\/7c1ecb1baa18502745b46b3921be7bbb"},"inLanguage":"pt-BR","potentialAction":[{"@type":"ReadAction","target":["https:\/\/abelfigueiredo.pa.gov.br\/site\/e-selo-diamante-de-novo-abel-figueiredo-brilha-em-transparencia-publica\/"]}]},{"@type":"ImageObject","inLanguage":"pt-BR","@id":"https:\/\/abelfigueiredo.pa.gov.br\/site\/e-selo-diamante-de-novo-abel-figueiredo-brilha-em-transparencia-publica\/#primaryimage","url":"https:\/\/abelfigueiredo.pa.gov.br\/site\/wp-content\/uploads\/2024\/11\/WhatsApp-Image-2024-11-28-at-15.23.27.jpeg","contentUrl":"https:\/\/abelfigueiredo.pa.gov.br\/site\/wp-content\/uploads\/2024\/11\/WhatsApp-Image-2024-11-28-at-15.23.27.jpeg","width":900,"height":1600},{"@type":"WebSite","@id":"https:\/\/abelfigueiredo.pa.gov.br\/site\/#website","url":"https:\/\/abelfigueiredo.pa.gov.br\/site\/","name":"Prefeitura Municipal de Abel Figueiredo | Gest\u00e3o 2025-2028","description":"Site oficial da Prefeitura Municipal de Abel Figueiredo","potentialAction":[{"@type":"SearchAction","target":{"@type":"EntryPoint","urlTemplate":"https:\/\/abelfigueiredo.pa.gov.br\/site\/?s={search_term_string}"},"query-input":{"@type":"PropertyValueSpecification","valueRequired":true,"valueName":"search_term_string"}}],"inLanguage":"pt-BR"},{"@type":"Person","@id":"https:\/\/abelfigueiredo.pa.gov.br\/site\/#\/schema\/person\/7c1ecb1baa18502745b46b3921be7bbb","name":"djthiago","image":{"@type":"ImageObject","inLanguage":"pt-BR","@id":"https:\/\/abelfigueiredo.pa.gov.br\/site\/#\/schema\/person\/image\/","url":"https:\/\/secure.gravatar.com\/avatar\/2edad05cd7afbef8b9e1495dacdf55fd32bf2fe055ead3a385c32f41e201743d?s=96&d=mm&r=g","contentUrl":"https:\/\/secure.gravatar.com\/avatar\/2edad05cd7afbef8b9e1495dacdf55fd32bf2fe055ead3a385c32f41e201743d?s=96&d=mm&r=g","caption":"djthiago"},"url":"https:\/\/abelfigueiredo.pa.gov.br\/site\/author\/djthiago\/"}]}},"_links":{"self":[{"href":"https:\/\/abelfigueiredo.pa.gov.br\/site\/wp-json\/wp\/v2\/posts\/18900","targetHints":{"allow":["GET"]}}],"collection":[{"href":"https:\/\/abelfigueiredo.pa.gov.br\/site\/wp-json\/wp\/v2\/posts"}],"about":[{"href":"https:\/\/abelfigueiredo.pa.gov.br\/site\/wp-json\/wp\/v2\/types\/post"}],"author":[{"embeddable":true,"href":"https:\/\/abelfigueiredo.pa.gov.br\/site\/wp-json\/wp\/v2\/users\/34"}],"replies":[{"embeddable":true,"href":"https:\/\/abelfigueiredo.pa.gov.br\/site\/wp-json\/wp\/v2\/comments?post=18900"}],"version-history":[{"count":1,"href":"https:\/\/abelfigueiredo.pa.gov.br\/site\/wp-json\/wp\/v2\/posts\/18900\/revisions"}],"predecessor-version":[{"id":18902,"href":"https:\/\/abelfigueiredo.pa.gov.br\/site\/wp-json\/wp\/v2\/posts\/18900\/revisions\/18902"}],"wp:featuredmedia":[{"embeddable":true,"href":"https:\/\/abelfigueiredo.pa.gov.br\/site\/wp-json\/wp\/v2\/media\/18901"}],"wp:attachment":[{"href":"https:\/\/abelfigueiredo.pa.gov.br\/site\/wp-json\/wp\/v2\/media?parent=18900"}],"wp:term":[{"taxonomy":"category","embeddable":true,"href":"https:\/\/abelfigueiredo.pa.gov.br\/site\/wp-json\/wp\/v2\/categories?post=18900"},{"taxonomy":"post_tag","embeddable":true,"href":"https:\/\/abelfigueiredo.pa.gov.br\/site\/wp-json\/wp\/v2\/tags?post=18900"}],"curies":[{"name":"wp","href":"https:\/\/api.w.org\/{rel}","templated":true}]}}