{"id":18864,"date":"2024-11-19T15:09:09","date_gmt":"2024-11-19T18:09:09","guid":{"rendered":"https:\/\/abelfigueiredo.pa.gov.br\/site\/?p=18864"},"modified":"2024-11-28T15:13:45","modified_gmt":"2024-11-28T18:13:45","slug":"dia-d-do-novembro-azul","status":"publish","type":"post","link":"https:\/\/abelfigueiredo.pa.gov.br\/site\/dia-d-do-novembro-azul\/","title":{"rendered":"dia &#8220;D&#8221; do Novembro Azul"},"content":{"rendered":"<div class=\"xdj266r x11i5rnm xat24cr x1mh8g0r x1vvkbs x126k92a\">\n<div dir=\"auto\">Nossa campanha de preven\u00e7\u00e3o e cuidado com a sa\u00fade foi um grande sucesso! No dia &#8220;D&#8221; do Novembro Azul, oferecemos:<\/div>\n<div dir=\"auto\">Atendimentos com urologista e ortopedista,<\/div>\n<div dir=\"auto\">vacina\u00e7\u00e3o contra a gripe dispon\u00edvel em v\u00e1rios pontos estrat\u00e9gicos da cidade;<\/div>\n<div dir=\"auto\">Agradecemos a todos os profissionais envolvidos e \u00e0 popula\u00e7\u00e3o que compareceu para cuidar da sa\u00fade. Juntos, estamos construindo uma cidade mais saud\u00e1vel!<\/div>\n<div dir=\"auto\">A campanha continua pra voc\u00ea que ainda n\u00e3o vacinou, procure uma unidade de sa\u00fade mais pr\u00f3xima da sua casa e se proteja.<\/div>\n<\/div>\n<div class=\"x11i5rnm xat24cr x1mh8g0r x1vvkbs xtlvy1s x126k92a\">\n<div dir=\"auto\"><span class=\"html-span xdj266r x11i5rnm xat24cr x1mh8g0r xexx8yu x4uap5 x18d9i69 xkhd6sd x1hl2dhg x16tdsg8 x1vvkbs\"><a class=\"x1i10hfl xjbqb8w x1ejq31n xd10rxx x1sy0etr x17r0tee x972fbf xcfux6l x1qhh985 xm0m39n x9f619 x1ypdohk xt0psk2 xe8uvvx xdj266r x11i5rnm xat24cr x1mh8g0r xexx8yu x4uap5 x18d9i69 xkhd6sd x16tdsg8 x1hl2dhg xggy1nq x1a2a7pz x1sur9pj xkrqix3 x1fey0fg x1s688f\" tabindex=\"0\" role=\"link\" href=\"https:\/\/www.facebook.com\/hashtag\/prefeituradeabel?__eep__=6&amp;__cft__[0]=AZVTKRryAhWV10kULLGBjtFJobeVxMtna1MV041KCEZitWxQzUuFyXC4zgp2sWyVUpr7c0vnlbKVfAv65bA7vIQ8ZDIe4tXpdr3g3nEpmiYWfVtfBUBdmCUyGjlW9_dIyfFmrPUFjV_J6DUxWqPCtwwfUJ7h8DdNKOEqGByIjI0qddNNm8jBmrkrW8KkS9GvUPNLvtu5qmFoXY2vEbESP_1aYHxtU1XyYhYNgZYWuZivjw&amp;__tn__=*NK-R\">#prefeituradeabel<\/a><\/span><\/div>\n<div dir=\"auto\"><span class=\"html-span xdj266r x11i5rnm xat24cr x1mh8g0r xexx8yu x4uap5 x18d9i69 xkhd6sd x1hl2dhg x16tdsg8 x1vvkbs\"><a class=\"x1i10hfl xjbqb8w x1ejq31n xd10rxx x1sy0etr x17r0tee x972fbf xcfux6l x1qhh985 xm0m39n x9f619 x1ypdohk xt0psk2 xe8uvvx xdj266r x11i5rnm xat24cr x1mh8g0r xexx8yu x4uap5 x18d9i69 xkhd6sd x16tdsg8 x1hl2dhg xggy1nq x1a2a7pz x1sur9pj xkrqix3 x1fey0fg x1s688f\" tabindex=\"0\" role=\"link\" href=\"https:\/\/www.facebook.com\/hashtag\/secdesaude?__eep__=6&amp;__cft__[0]=AZVTKRryAhWV10kULLGBjtFJobeVxMtna1MV041KCEZitWxQzUuFyXC4zgp2sWyVUpr7c0vnlbKVfAv65bA7vIQ8ZDIe4tXpdr3g3nEpmiYWfVtfBUBdmCUyGjlW9_dIyfFmrPUFjV_J6DUxWqPCtwwfUJ7h8DdNKOEqGByIjI0qddNNm8jBmrkrW8KkS9GvUPNLvtu5qmFoXY2vEbESP_1aYHxtU1XyYhYNgZYWuZivjw&amp;__tn__=*NK-R\">#secdesaude<\/a><\/span><\/div>\n<div dir=\"auto\"><span class=\"html-span xdj266r x11i5rnm xat24cr x1mh8g0r xexx8yu x4uap5 x18d9i69 xkhd6sd x1hl2dhg x16tdsg8 x1vvkbs\"><a class=\"x1i10hfl xjbqb8w x1ejq31n xd10rxx x1sy0etr x17r0tee x972fbf xcfux6l x1qhh985 xm0m39n x9f619 x1ypdohk xt0psk2 xe8uvvx xdj266r x11i5rnm xat24cr x1mh8g0r xexx8yu x4uap5 x18d9i69 xkhd6sd x16tdsg8 x1hl2dhg xggy1nq x1a2a7pz x1sur9pj xkrqix3 x1fey0fg x1s688f\" tabindex=\"0\" role=\"link\" href=\"https:\/\/www.facebook.com\/hashtag\/trabalhabdoparaopovo?__eep__=6&amp;__cft__[0]=AZVTKRryAhWV10kULLGBjtFJobeVxMtna1MV041KCEZitWxQzUuFyXC4zgp2sWyVUpr7c0vnlbKVfAv65bA7vIQ8ZDIe4tXpdr3g3nEpmiYWfVtfBUBdmCUyGjlW9_dIyfFmrPUFjV_J6DUxWqPCtwwfUJ7h8DdNKOEqGByIjI0qddNNm8jBmrkrW8KkS9GvUPNLvtu5qmFoXY2vEbESP_1aYHxtU1XyYhYNgZYWuZivjw&amp;__tn__=*NK-R\">#trabalhabdoparaopovo<\/a><\/span><\/div>\n<div dir=\"auto\"><a href=\"https:\/\/abelfigueiredo.pa.gov.br\/site\/wp-content\/uploads\/2024\/11\/cultura-39.png\"><img loading=\"lazy\" decoding=\"async\" class=\"alignnone size-medium wp-image-18865\" src=\"https:\/\/abelfigueiredo.pa.gov.br\/site\/wp-content\/uploads\/2024\/11\/cultura-39-300x300.png\" alt=\"\" width=\"300\" height=\"300\" srcset=\"https:\/\/abelfigueiredo.pa.gov.br\/site\/wp-content\/uploads\/2024\/11\/cultura-39-300x300.png 300w, https:\/\/abelfigueiredo.pa.gov.br\/site\/wp-content\/uploads\/2024\/11\/cultura-39-150x150.png 150w, https:\/\/abelfigueiredo.pa.gov.br\/site\/wp-content\/uploads\/2024\/11\/cultura-39-768x768.png 768w, https:\/\/abelfigueiredo.pa.gov.br\/site\/wp-content\/uploads\/2024\/11\/cultura-39.png 1000w\" sizes=\"auto, (max-width: 300px) 100vw, 300px\" \/><\/a> <a href=\"https:\/\/abelfigueiredo.pa.gov.br\/site\/wp-content\/uploads\/2024\/11\/cultura-38.png\"><img loading=\"lazy\" decoding=\"async\" class=\"alignnone size-medium wp-image-18866\" src=\"https:\/\/abelfigueiredo.pa.gov.br\/site\/wp-content\/uploads\/2024\/11\/cultura-38-300x300.png\" alt=\"\" width=\"300\" height=\"300\" srcset=\"https:\/\/abelfigueiredo.pa.gov.br\/site\/wp-content\/uploads\/2024\/11\/cultura-38-300x300.png 300w, https:\/\/abelfigueiredo.pa.gov.br\/site\/wp-content\/uploads\/2024\/11\/cultura-38-150x150.png 150w, https:\/\/abelfigueiredo.pa.gov.br\/site\/wp-content\/uploads\/2024\/11\/cultura-38-768x768.png 768w, https:\/\/abelfigueiredo.pa.gov.br\/site\/wp-content\/uploads\/2024\/11\/cultura-38.png 1000w\" sizes=\"auto, (max-width: 300px) 100vw, 300px\" \/><\/a> <a href=\"https:\/\/abelfigueiredo.pa.gov.br\/site\/wp-content\/uploads\/2024\/11\/cultura-37.png\"><img loading=\"lazy\" decoding=\"async\" class=\"alignnone size-medium wp-image-18867\" src=\"https:\/\/abelfigueiredo.pa.gov.br\/site\/wp-content\/uploads\/2024\/11\/cultura-37-300x300.png\" alt=\"\" width=\"300\" height=\"300\" srcset=\"https:\/\/abelfigueiredo.pa.gov.br\/site\/wp-content\/uploads\/2024\/11\/cultura-37-300x300.png 300w, https:\/\/abelfigueiredo.pa.gov.br\/site\/wp-content\/uploads\/2024\/11\/cultura-37-150x150.png 150w, https:\/\/abelfigueiredo.pa.gov.br\/site\/wp-content\/uploads\/2024\/11\/cultura-37-768x768.png 768w, https:\/\/abelfigueiredo.pa.gov.br\/site\/wp-content\/uploads\/2024\/11\/cultura-37.png 1000w\" sizes=\"auto, (max-width: 300px) 100vw, 300px\" \/><\/a> <a href=\"https:\/\/abelfigueiredo.pa.gov.br\/site\/wp-content\/uploads\/2024\/11\/cultura-36.png\"><img loading=\"lazy\" decoding=\"async\" class=\"alignnone size-medium wp-image-18868\" src=\"https:\/\/abelfigueiredo.pa.gov.br\/site\/wp-content\/uploads\/2024\/11\/cultura-36-300x300.png\" alt=\"\" width=\"300\" height=\"300\" srcset=\"https:\/\/abelfigueiredo.pa.gov.br\/site\/wp-content\/uploads\/2024\/11\/cultura-36-300x300.png 300w, https:\/\/abelfigueiredo.pa.gov.br\/site\/wp-content\/uploads\/2024\/11\/cultura-36-150x150.png 150w, https:\/\/abelfigueiredo.pa.gov.br\/site\/wp-content\/uploads\/2024\/11\/cultura-36-768x768.png 768w, https:\/\/abelfigueiredo.pa.gov.br\/site\/wp-content\/uploads\/2024\/11\/cultura-36.png 1000w\" sizes=\"auto, (max-width: 300px) 100vw, 300px\" \/><\/a> <a href=\"https:\/\/abelfigueiredo.pa.gov.br\/site\/wp-content\/uploads\/2024\/11\/cultura-35.png\"><img loading=\"lazy\" decoding=\"async\" class=\"alignnone size-medium wp-image-18869\" src=\"https:\/\/abelfigueiredo.pa.gov.br\/site\/wp-content\/uploads\/2024\/11\/cultura-35-300x300.png\" alt=\"\" width=\"300\" height=\"300\" srcset=\"https:\/\/abelfigueiredo.pa.gov.br\/site\/wp-content\/uploads\/2024\/11\/cultura-35-300x300.png 300w, https:\/\/abelfigueiredo.pa.gov.br\/site\/wp-content\/uploads\/2024\/11\/cultura-35-150x150.png 150w, https:\/\/abelfigueiredo.pa.gov.br\/site\/wp-content\/uploads\/2024\/11\/cultura-35-768x768.png 768w, https:\/\/abelfigueiredo.pa.gov.br\/site\/wp-content\/uploads\/2024\/11\/cultura-35.png 1000w\" sizes=\"auto, (max-width: 300px) 100vw, 300px\" \/><\/a> <a href=\"https:\/\/abelfigueiredo.pa.gov.br\/site\/wp-content\/uploads\/2024\/11\/cultura-34.png\"><img loading=\"lazy\" decoding=\"async\" class=\"alignnone size-medium wp-image-18870\" src=\"https:\/\/abelfigueiredo.pa.gov.br\/site\/wp-content\/uploads\/2024\/11\/cultura-34-300x300.png\" alt=\"\" width=\"300\" height=\"300\" srcset=\"https:\/\/abelfigueiredo.pa.gov.br\/site\/wp-content\/uploads\/2024\/11\/cultura-34-300x300.png 300w, https:\/\/abelfigueiredo.pa.gov.br\/site\/wp-content\/uploads\/2024\/11\/cultura-34-150x150.png 150w, https:\/\/abelfigueiredo.pa.gov.br\/site\/wp-content\/uploads\/2024\/11\/cultura-34-768x768.png 768w, https:\/\/abelfigueiredo.pa.gov.br\/site\/wp-content\/uploads\/2024\/11\/cultura-34.png 1000w\" sizes=\"auto, (max-width: 300px) 100vw, 300px\" \/><\/a> <a href=\"https:\/\/abelfigueiredo.pa.gov.br\/site\/wp-content\/uploads\/2024\/11\/cultura-33.png\"><img loading=\"lazy\" decoding=\"async\" class=\"alignnone size-medium wp-image-18871\" src=\"https:\/\/abelfigueiredo.pa.gov.br\/site\/wp-content\/uploads\/2024\/11\/cultura-33-300x300.png\" alt=\"\" width=\"300\" height=\"300\" srcset=\"https:\/\/abelfigueiredo.pa.gov.br\/site\/wp-content\/uploads\/2024\/11\/cultura-33-300x300.png 300w, https:\/\/abelfigueiredo.pa.gov.br\/site\/wp-content\/uploads\/2024\/11\/cultura-33-150x150.png 150w, https:\/\/abelfigueiredo.pa.gov.br\/site\/wp-content\/uploads\/2024\/11\/cultura-33-768x768.png 768w, https:\/\/abelfigueiredo.pa.gov.br\/site\/wp-content\/uploads\/2024\/11\/cultura-33.png 1000w\" sizes=\"auto, (max-width: 300px) 100vw, 300px\" \/><\/a> <a href=\"https:\/\/abelfigueiredo.pa.gov.br\/site\/wp-content\/uploads\/2024\/11\/cultura-32.png\"><img loading=\"lazy\" decoding=\"async\" class=\"alignnone size-medium wp-image-18872\" src=\"https:\/\/abelfigueiredo.pa.gov.br\/site\/wp-content\/uploads\/2024\/11\/cultura-32-300x300.png\" alt=\"\" width=\"300\" height=\"300\" srcset=\"https:\/\/abelfigueiredo.pa.gov.br\/site\/wp-content\/uploads\/2024\/11\/cultura-32-300x300.png 300w, https:\/\/abelfigueiredo.pa.gov.br\/site\/wp-content\/uploads\/2024\/11\/cultura-32-150x150.png 150w, https:\/\/abelfigueiredo.pa.gov.br\/site\/wp-content\/uploads\/2024\/11\/cultura-32-768x768.png 768w, https:\/\/abelfigueiredo.pa.gov.br\/site\/wp-content\/uploads\/2024\/11\/cultura-32.png 1000w\" sizes=\"auto, (max-width: 300px) 100vw, 300px\" \/><\/a> <a href=\"https:\/\/abelfigueiredo.pa.gov.br\/site\/wp-content\/uploads\/2024\/11\/cultura-31.png\"><img loading=\"lazy\" decoding=\"async\" class=\"alignnone size-medium wp-image-18873\" src=\"https:\/\/abelfigueiredo.pa.gov.br\/site\/wp-content\/uploads\/2024\/11\/cultura-31-300x300.png\" alt=\"\" width=\"300\" height=\"300\" srcset=\"https:\/\/abelfigueiredo.pa.gov.br\/site\/wp-content\/uploads\/2024\/11\/cultura-31-300x300.png 300w, https:\/\/abelfigueiredo.pa.gov.br\/site\/wp-content\/uploads\/2024\/11\/cultura-31-150x150.png 150w, https:\/\/abelfigueiredo.pa.gov.br\/site\/wp-content\/uploads\/2024\/11\/cultura-31-768x768.png 768w, https:\/\/abelfigueiredo.pa.gov.br\/site\/wp-content\/uploads\/2024\/11\/cultura-31.png 1000w\" sizes=\"auto, (max-width: 300px) 100vw, 300px\" \/><\/a> <a href=\"https:\/\/abelfigueiredo.pa.gov.br\/site\/wp-content\/uploads\/2024\/11\/cultura-30.png\"><img loading=\"lazy\" decoding=\"async\" class=\"alignnone size-medium wp-image-18874\" src=\"https:\/\/abelfigueiredo.pa.gov.br\/site\/wp-content\/uploads\/2024\/11\/cultura-30-300x300.png\" alt=\"\" width=\"300\" height=\"300\" srcset=\"https:\/\/abelfigueiredo.pa.gov.br\/site\/wp-content\/uploads\/2024\/11\/cultura-30-300x300.png 300w, https:\/\/abelfigueiredo.pa.gov.br\/site\/wp-content\/uploads\/2024\/11\/cultura-30-150x150.png 150w, https:\/\/abelfigueiredo.pa.gov.br\/site\/wp-content\/uploads\/2024\/11\/cultura-30-768x768.png 768w, https:\/\/abelfigueiredo.pa.gov.br\/site\/wp-content\/uploads\/2024\/11\/cultura-30.png 1000w\" sizes=\"auto, (max-width: 300px) 100vw, 300px\" \/><\/a> <a href=\"https:\/\/abelfigueiredo.pa.gov.br\/site\/wp-content\/uploads\/2024\/11\/cultura-29.png\"><img loading=\"lazy\" decoding=\"async\" class=\"alignnone size-medium wp-image-18875\" src=\"https:\/\/abelfigueiredo.pa.gov.br\/site\/wp-content\/uploads\/2024\/11\/cultura-29-300x300.png\" alt=\"\" width=\"300\" height=\"300\" srcset=\"https:\/\/abelfigueiredo.pa.gov.br\/site\/wp-content\/uploads\/2024\/11\/cultura-29-300x300.png 300w, https:\/\/abelfigueiredo.pa.gov.br\/site\/wp-content\/uploads\/2024\/11\/cultura-29-150x150.png 150w, https:\/\/abelfigueiredo.pa.gov.br\/site\/wp-content\/uploads\/2024\/11\/cultura-29-768x768.png 768w, https:\/\/abelfigueiredo.pa.gov.br\/site\/wp-content\/uploads\/2024\/11\/cultura-29.png 1000w\" sizes=\"auto, (max-width: 300px) 100vw, 300px\" \/><\/a><\/div>\n<\/div>\n","protected":false},"excerpt":{"rendered":"<p>Nossa campanha de preven\u00e7\u00e3o e cuidado com a sa\u00fade foi um grande sucesso! No dia &#8220;D&#8221; do Novembro Azul, oferecemos: Atendimentos com urologista e ortopedista, vacina\u00e7\u00e3o contra a gripe dispon\u00edvel em v\u00e1rios pontos estrat\u00e9gicos da cidade; Agradecemos a todos os profissionais envolvidos e \u00e0 popula\u00e7\u00e3o que compareceu para cuidar da sa\u00fade. Juntos, estamos construindo uma<\/p>\n<div class=\"read-more\"><a href=\"https:\/\/abelfigueiredo.pa.gov.br\/site\/dia-d-do-novembro-azul\/\" title=\"Veja mais\">Veja mais<\/a><\/div>\n","protected":false},"author":34,"featured_media":18872,"comment_status":"closed","ping_status":"closed","sticky":false,"template":"","format":"standard","meta":{"footnotes":""},"categories":[1],"tags":[],"class_list":{"0":"post-18864","1":"post","2":"type-post","3":"status-publish","4":"format-standard","5":"has-post-thumbnail","7":"category-noticias"},"yoast_head":"<!-- This site is optimized with the Yoast SEO plugin v26.6 - https:\/\/yoast.com\/wordpress\/plugins\/seo\/ -->\n<title>dia &quot;D&quot; do Novembro Azul - Prefeitura Municipal de Abel Figueiredo | Gest\u00e3o 2025-2028<\/title>\n<meta name=\"robots\" content=\"index, follow, max-snippet:-1, max-image-preview:large, max-video-preview:-1\" \/>\n<link rel=\"canonical\" href=\"https:\/\/abelfigueiredo.pa.gov.br\/site\/dia-d-do-novembro-azul\/\" \/>\n<meta property=\"og:locale\" content=\"pt_BR\" \/>\n<meta property=\"og:type\" content=\"article\" \/>\n<meta property=\"og:title\" content=\"dia &quot;D&quot; do Novembro Azul - Prefeitura Municipal de Abel Figueiredo | Gest\u00e3o 2025-2028\" \/>\n<meta property=\"og:description\" content=\"Nossa campanha de preven\u00e7\u00e3o e cuidado com a sa\u00fade foi um grande sucesso! No dia &#8220;D&#8221; do Novembro Azul, oferecemos: Atendimentos com urologista e ortopedista, vacina\u00e7\u00e3o contra a gripe dispon\u00edvel em v\u00e1rios pontos estrat\u00e9gicos da cidade; Agradecemos a todos os profissionais envolvidos e \u00e0 popula\u00e7\u00e3o que compareceu para cuidar da sa\u00fade. Juntos, estamos construindo umaVeja mais\" \/>\n<meta property=\"og:url\" content=\"https:\/\/abelfigueiredo.pa.gov.br\/site\/dia-d-do-novembro-azul\/\" \/>\n<meta property=\"og:site_name\" content=\"Prefeitura Municipal de Abel Figueiredo | Gest\u00e3o 2025-2028\" \/>\n<meta property=\"article:published_time\" content=\"2024-11-19T18:09:09+00:00\" \/>\n<meta property=\"article:modified_time\" content=\"2024-11-28T18:13:45+00:00\" \/>\n<meta property=\"og:image\" content=\"https:\/\/abelfigueiredo.pa.gov.br\/site\/wp-content\/uploads\/2024\/11\/cultura-32.png\" \/>\n\t<meta property=\"og:image:width\" content=\"1000\" \/>\n\t<meta property=\"og:image:height\" content=\"1000\" \/>\n\t<meta property=\"og:image:type\" content=\"image\/png\" \/>\n<meta name=\"author\" content=\"djthiago\" \/>\n<meta name=\"twitter:label1\" content=\"Escrito por\" \/>\n\t<meta name=\"twitter:data1\" content=\"djthiago\" \/>\n<script type=\"application\/ld+json\" class=\"yoast-schema-graph\">{\"@context\":\"https:\/\/schema.org\",\"@graph\":[{\"@type\":\"WebPage\",\"@id\":\"https:\/\/abelfigueiredo.pa.gov.br\/site\/dia-d-do-novembro-azul\/\",\"url\":\"https:\/\/abelfigueiredo.pa.gov.br\/site\/dia-d-do-novembro-azul\/\",\"name\":\"dia \\\"D\\\" do Novembro Azul - Prefeitura Municipal de Abel Figueiredo | Gest\u00e3o 2025-2028\",\"isPartOf\":{\"@id\":\"https:\/\/abelfigueiredo.pa.gov.br\/site\/#website\"},\"primaryImageOfPage\":{\"@id\":\"https:\/\/abelfigueiredo.pa.gov.br\/site\/dia-d-do-novembro-azul\/#primaryimage\"},\"image\":{\"@id\":\"https:\/\/abelfigueiredo.pa.gov.br\/site\/dia-d-do-novembro-azul\/#primaryimage\"},\"thumbnailUrl\":\"https:\/\/abelfigueiredo.pa.gov.br\/site\/wp-content\/uploads\/2024\/11\/cultura-32.png\",\"datePublished\":\"2024-11-19T18:09:09+00:00\",\"dateModified\":\"2024-11-28T18:13:45+00:00\",\"author\":{\"@id\":\"https:\/\/abelfigueiredo.pa.gov.br\/site\/#\/schema\/person\/7c1ecb1baa18502745b46b3921be7bbb\"},\"inLanguage\":\"pt-BR\",\"potentialAction\":[{\"@type\":\"ReadAction\",\"target\":[\"https:\/\/abelfigueiredo.pa.gov.br\/site\/dia-d-do-novembro-azul\/\"]}]},{\"@type\":\"ImageObject\",\"inLanguage\":\"pt-BR\",\"@id\":\"https:\/\/abelfigueiredo.pa.gov.br\/site\/dia-d-do-novembro-azul\/#primaryimage\",\"url\":\"https:\/\/abelfigueiredo.pa.gov.br\/site\/wp-content\/uploads\/2024\/11\/cultura-32.png\",\"contentUrl\":\"https:\/\/abelfigueiredo.pa.gov.br\/site\/wp-content\/uploads\/2024\/11\/cultura-32.png\",\"width\":1000,\"height\":1000},{\"@type\":\"WebSite\",\"@id\":\"https:\/\/abelfigueiredo.pa.gov.br\/site\/#website\",\"url\":\"https:\/\/abelfigueiredo.pa.gov.br\/site\/\",\"name\":\"Prefeitura Municipal de Abel Figueiredo | Gest\u00e3o 2025-2028\",\"description\":\"Site oficial da Prefeitura Municipal de Abel Figueiredo\",\"potentialAction\":[{\"@type\":\"SearchAction\",\"target\":{\"@type\":\"EntryPoint\",\"urlTemplate\":\"https:\/\/abelfigueiredo.pa.gov.br\/site\/?s={search_term_string}\"},\"query-input\":{\"@type\":\"PropertyValueSpecification\",\"valueRequired\":true,\"valueName\":\"search_term_string\"}}],\"inLanguage\":\"pt-BR\"},{\"@type\":\"Person\",\"@id\":\"https:\/\/abelfigueiredo.pa.gov.br\/site\/#\/schema\/person\/7c1ecb1baa18502745b46b3921be7bbb\",\"name\":\"djthiago\",\"image\":{\"@type\":\"ImageObject\",\"inLanguage\":\"pt-BR\",\"@id\":\"https:\/\/abelfigueiredo.pa.gov.br\/site\/#\/schema\/person\/image\/\",\"url\":\"https:\/\/secure.gravatar.com\/avatar\/2edad05cd7afbef8b9e1495dacdf55fd32bf2fe055ead3a385c32f41e201743d?s=96&d=mm&r=g\",\"contentUrl\":\"https:\/\/secure.gravatar.com\/avatar\/2edad05cd7afbef8b9e1495dacdf55fd32bf2fe055ead3a385c32f41e201743d?s=96&d=mm&r=g\",\"caption\":\"djthiago\"},\"url\":\"https:\/\/abelfigueiredo.pa.gov.br\/site\/author\/djthiago\/\"}]}<\/script>\n<!-- \/ Yoast SEO plugin. -->","yoast_head_json":{"title":"dia \"D\" do Novembro Azul - Prefeitura Municipal de Abel Figueiredo | Gest\u00e3o 2025-2028","robots":{"index":"index","follow":"follow","max-snippet":"max-snippet:-1","max-image-preview":"max-image-preview:large","max-video-preview":"max-video-preview:-1"},"canonical":"https:\/\/abelfigueiredo.pa.gov.br\/site\/dia-d-do-novembro-azul\/","og_locale":"pt_BR","og_type":"article","og_title":"dia \"D\" do Novembro Azul - Prefeitura Municipal de Abel Figueiredo | Gest\u00e3o 2025-2028","og_description":"Nossa campanha de preven\u00e7\u00e3o e cuidado com a sa\u00fade foi um grande sucesso! No dia &#8220;D&#8221; do Novembro Azul, oferecemos: Atendimentos com urologista e ortopedista, vacina\u00e7\u00e3o contra a gripe dispon\u00edvel em v\u00e1rios pontos estrat\u00e9gicos da cidade; Agradecemos a todos os profissionais envolvidos e \u00e0 popula\u00e7\u00e3o que compareceu para cuidar da sa\u00fade. Juntos, estamos construindo umaVeja mais","og_url":"https:\/\/abelfigueiredo.pa.gov.br\/site\/dia-d-do-novembro-azul\/","og_site_name":"Prefeitura Municipal de Abel Figueiredo | Gest\u00e3o 2025-2028","article_published_time":"2024-11-19T18:09:09+00:00","article_modified_time":"2024-11-28T18:13:45+00:00","og_image":[{"width":1000,"height":1000,"url":"https:\/\/abelfigueiredo.pa.gov.br\/site\/wp-content\/uploads\/2024\/11\/cultura-32.png","type":"image\/png"}],"author":"djthiago","twitter_misc":{"Escrito por":"djthiago"},"schema":{"@context":"https:\/\/schema.org","@graph":[{"@type":"WebPage","@id":"https:\/\/abelfigueiredo.pa.gov.br\/site\/dia-d-do-novembro-azul\/","url":"https:\/\/abelfigueiredo.pa.gov.br\/site\/dia-d-do-novembro-azul\/","name":"dia \"D\" do Novembro Azul - Prefeitura Municipal de Abel Figueiredo | Gest\u00e3o 2025-2028","isPartOf":{"@id":"https:\/\/abelfigueiredo.pa.gov.br\/site\/#website"},"primaryImageOfPage":{"@id":"https:\/\/abelfigueiredo.pa.gov.br\/site\/dia-d-do-novembro-azul\/#primaryimage"},"image":{"@id":"https:\/\/abelfigueiredo.pa.gov.br\/site\/dia-d-do-novembro-azul\/#primaryimage"},"thumbnailUrl":"https:\/\/abelfigueiredo.pa.gov.br\/site\/wp-content\/uploads\/2024\/11\/cultura-32.png","datePublished":"2024-11-19T18:09:09+00:00","dateModified":"2024-11-28T18:13:45+00:00","author":{"@id":"https:\/\/abelfigueiredo.pa.gov.br\/site\/#\/schema\/person\/7c1ecb1baa18502745b46b3921be7bbb"},"inLanguage":"pt-BR","potentialAction":[{"@type":"ReadAction","target":["https:\/\/abelfigueiredo.pa.gov.br\/site\/dia-d-do-novembro-azul\/"]}]},{"@type":"ImageObject","inLanguage":"pt-BR","@id":"https:\/\/abelfigueiredo.pa.gov.br\/site\/dia-d-do-novembro-azul\/#primaryimage","url":"https:\/\/abelfigueiredo.pa.gov.br\/site\/wp-content\/uploads\/2024\/11\/cultura-32.png","contentUrl":"https:\/\/abelfigueiredo.pa.gov.br\/site\/wp-content\/uploads\/2024\/11\/cultura-32.png","width":1000,"height":1000},{"@type":"WebSite","@id":"https:\/\/abelfigueiredo.pa.gov.br\/site\/#website","url":"https:\/\/abelfigueiredo.pa.gov.br\/site\/","name":"Prefeitura Municipal de Abel Figueiredo | Gest\u00e3o 2025-2028","description":"Site oficial da Prefeitura Municipal de Abel Figueiredo","potentialAction":[{"@type":"SearchAction","target":{"@type":"EntryPoint","urlTemplate":"https:\/\/abelfigueiredo.pa.gov.br\/site\/?s={search_term_string}"},"query-input":{"@type":"PropertyValueSpecification","valueRequired":true,"valueName":"search_term_string"}}],"inLanguage":"pt-BR"},{"@type":"Person","@id":"https:\/\/abelfigueiredo.pa.gov.br\/site\/#\/schema\/person\/7c1ecb1baa18502745b46b3921be7bbb","name":"djthiago","image":{"@type":"ImageObject","inLanguage":"pt-BR","@id":"https:\/\/abelfigueiredo.pa.gov.br\/site\/#\/schema\/person\/image\/","url":"https:\/\/secure.gravatar.com\/avatar\/2edad05cd7afbef8b9e1495dacdf55fd32bf2fe055ead3a385c32f41e201743d?s=96&d=mm&r=g","contentUrl":"https:\/\/secure.gravatar.com\/avatar\/2edad05cd7afbef8b9e1495dacdf55fd32bf2fe055ead3a385c32f41e201743d?s=96&d=mm&r=g","caption":"djthiago"},"url":"https:\/\/abelfigueiredo.pa.gov.br\/site\/author\/djthiago\/"}]}},"_links":{"self":[{"href":"https:\/\/abelfigueiredo.pa.gov.br\/site\/wp-json\/wp\/v2\/posts\/18864","targetHints":{"allow":["GET"]}}],"collection":[{"href":"https:\/\/abelfigueiredo.pa.gov.br\/site\/wp-json\/wp\/v2\/posts"}],"about":[{"href":"https:\/\/abelfigueiredo.pa.gov.br\/site\/wp-json\/wp\/v2\/types\/post"}],"author":[{"embeddable":true,"href":"https:\/\/abelfigueiredo.pa.gov.br\/site\/wp-json\/wp\/v2\/users\/34"}],"replies":[{"embeddable":true,"href":"https:\/\/abelfigueiredo.pa.gov.br\/site\/wp-json\/wp\/v2\/comments?post=18864"}],"version-history":[{"count":1,"href":"https:\/\/abelfigueiredo.pa.gov.br\/site\/wp-json\/wp\/v2\/posts\/18864\/revisions"}],"predecessor-version":[{"id":18876,"href":"https:\/\/abelfigueiredo.pa.gov.br\/site\/wp-json\/wp\/v2\/posts\/18864\/revisions\/18876"}],"wp:featuredmedia":[{"embeddable":true,"href":"https:\/\/abelfigueiredo.pa.gov.br\/site\/wp-json\/wp\/v2\/media\/18872"}],"wp:attachment":[{"href":"https:\/\/abelfigueiredo.pa.gov.br\/site\/wp-json\/wp\/v2\/media?parent=18864"}],"wp:term":[{"taxonomy":"category","embeddable":true,"href":"https:\/\/abelfigueiredo.pa.gov.br\/site\/wp-json\/wp\/v2\/categories?post=18864"},{"taxonomy":"post_tag","embeddable":true,"href":"https:\/\/abelfigueiredo.pa.gov.br\/site\/wp-json\/wp\/v2\/tags?post=18864"}],"curies":[{"name":"wp","href":"https:\/\/api.w.org\/{rel}","templated":true}]}}