{"id":18819,"date":"2024-11-08T10:44:32","date_gmt":"2024-11-08T13:44:32","guid":{"rendered":"https:\/\/abelfigueiredo.pa.gov.br\/site\/?p=18819"},"modified":"2024-11-08T10:44:32","modified_gmt":"2024-11-08T13:44:32","slug":"construcao-da-galeria-para-drenagem-urbana-do-bairro-bela-vista","status":"publish","type":"post","link":"https:\/\/abelfigueiredo.pa.gov.br\/site\/construcao-da-galeria-para-drenagem-urbana-do-bairro-bela-vista\/","title":{"rendered":"CONSTRU\u00c7\u00c3O DA GALERIA PARA DRENAGEM URBANA DO BAIRRO BELA VISTA"},"content":{"rendered":"<div class=\"xdj266r x11i5rnm xat24cr x1mh8g0r x1vvkbs x126k92a\">\n<div dir=\"auto\">A Prefeitura de Abel Figueiredo, liderada pelo prefeito Ant\u00f4nio Calhau, est\u00e1 realizando uma obra hist\u00f3rica no bairro Bela Vista, com a constru\u00e7\u00e3o das t\u00e3o esperadas galerias de drenagem. Este projeto, executado com recursos pr\u00f3prios, \u00e9 um passo transformador que atende a uma antiga demanda da comunidade, trazendo al\u00edvio e seguran\u00e7a aos moradores que, por anos, enfrentaram problemas.<\/div>\n<\/div>\n<div class=\"x11i5rnm xat24cr x1mh8g0r x1vvkbs xtlvy1s x126k92a\">\n<div dir=\"auto\">A iniciativa vai muito al\u00e9m de uma simples obra de infraestrutura; representa a seriedade com que o governo municipal encara as necessidades da popula\u00e7\u00e3o. Cada fase desta obra refor\u00e7a o compromisso da administra\u00e7\u00e3o em promover uma cidade mais preparada para o futuro.<\/div>\n<\/div>\n<div class=\"x11i5rnm xat24cr x1mh8g0r x1vvkbs xtlvy1s x126k92a\">\n<div dir=\"auto\">A constru\u00e7\u00e3o das galerias de drenagem n\u00e3o s\u00f3 melhora a infraestrutura do bairro como tamb\u00e9m eleva a qualidade de vida e o valor do patrim\u00f4nio dos moradores, proporcionando ruas mais seguras, preservando o ambiente urbano e prevenindo transtornos em per\u00edodos de chuvas intensas. Essa a\u00e7\u00e3o \u00e9 um marco no plano de governo do Prefeito Ant\u00f4nio Calhau, que continua transformando Abel Figueiredo em um munic\u00edpio mais moderno, justo e acolhedor para todos os seus cidad\u00e3os.<\/div>\n<\/div>\n<div class=\"x11i5rnm xat24cr x1mh8g0r x1vvkbs xtlvy1s x126k92a\">\n<div dir=\"auto\"><span class=\"html-span xdj266r x11i5rnm xat24cr x1mh8g0r xexx8yu x4uap5 x18d9i69 xkhd6sd x1hl2dhg x16tdsg8 x1vvkbs\"><a class=\"x1i10hfl xjbqb8w x1ejq31n xd10rxx x1sy0etr x17r0tee x972fbf xcfux6l x1qhh985 xm0m39n x9f619 x1ypdohk xt0psk2 xe8uvvx xdj266r x11i5rnm xat24cr x1mh8g0r xexx8yu x4uap5 x18d9i69 xkhd6sd x16tdsg8 x1hl2dhg xggy1nq x1a2a7pz x1sur9pj xkrqix3 x1fey0fg x1s688f\" tabindex=\"0\" role=\"link\" href=\"https:\/\/www.facebook.com\/hashtag\/prefeituradeabel?__eep__=6&amp;__cft__[0]=AZWqINm_CHRemELdti-rRCiwupoWDneZu5HLxfPp-qLS5MCnF633tbTH53pKSRSq39DaQPf7chqDW-YzVaqE-IEkHC0XsQJ653xgs3CAIAeo_kGPO-xGWBV1FnFmURGnisTEkxbv9eJmz9rlhDayP-9jQeIbS1IfHOQxtltv3_VvoXaiZjxLQji_teplGai805gW_kZ4fMzbxO91DEXZ_leD-CLpyj_KKiaAUJn5j_CyVA&amp;__tn__=*NK-R\">#prefeituradeabel<\/a><\/span><\/div>\n<div dir=\"auto\"><span class=\"html-span xdj266r x11i5rnm xat24cr x1mh8g0r xexx8yu x4uap5 x18d9i69 xkhd6sd x1hl2dhg x16tdsg8 x1vvkbs\"><a class=\"x1i10hfl xjbqb8w x1ejq31n xd10rxx x1sy0etr x17r0tee x972fbf xcfux6l x1qhh985 xm0m39n x9f619 x1ypdohk xt0psk2 xe8uvvx xdj266r x11i5rnm xat24cr x1mh8g0r xexx8yu x4uap5 x18d9i69 xkhd6sd x16tdsg8 x1hl2dhg xggy1nq x1a2a7pz x1sur9pj xkrqix3 x1fey0fg x1s688f\" tabindex=\"0\" role=\"link\" href=\"https:\/\/www.facebook.com\/hashtag\/secdeobras?__eep__=6&amp;__cft__[0]=AZWqINm_CHRemELdti-rRCiwupoWDneZu5HLxfPp-qLS5MCnF633tbTH53pKSRSq39DaQPf7chqDW-YzVaqE-IEkHC0XsQJ653xgs3CAIAeo_kGPO-xGWBV1FnFmURGnisTEkxbv9eJmz9rlhDayP-9jQeIbS1IfHOQxtltv3_VvoXaiZjxLQji_teplGai805gW_kZ4fMzbxO91DEXZ_leD-CLpyj_KKiaAUJn5j_CyVA&amp;__tn__=*NK-R\">#secdeobras<\/a><\/span><\/div>\n<div dir=\"auto\"><span class=\"html-span xdj266r x11i5rnm xat24cr x1mh8g0r xexx8yu x4uap5 x18d9i69 xkhd6sd x1hl2dhg x16tdsg8 x1vvkbs\"><a class=\"x1i10hfl xjbqb8w x1ejq31n xd10rxx x1sy0etr x17r0tee x972fbf xcfux6l x1qhh985 xm0m39n x9f619 x1ypdohk xt0psk2 xe8uvvx xdj266r x11i5rnm xat24cr x1mh8g0r xexx8yu x4uap5 x18d9i69 xkhd6sd x16tdsg8 x1hl2dhg xggy1nq x1a2a7pz x1sur9pj xkrqix3 x1fey0fg x1s688f\" tabindex=\"0\" role=\"link\" href=\"https:\/\/www.facebook.com\/hashtag\/trabalhandoparaopovo?__eep__=6&amp;__cft__[0]=AZWqINm_CHRemELdti-rRCiwupoWDneZu5HLxfPp-qLS5MCnF633tbTH53pKSRSq39DaQPf7chqDW-YzVaqE-IEkHC0XsQJ653xgs3CAIAeo_kGPO-xGWBV1FnFmURGnisTEkxbv9eJmz9rlhDayP-9jQeIbS1IfHOQxtltv3_VvoXaiZjxLQji_teplGai805gW_kZ4fMzbxO91DEXZ_leD-CLpyj_KKiaAUJn5j_CyVA&amp;__tn__=*NK-R\">#trabalhandoparaopovo<\/a><\/span><\/div>\n<div dir=\"auto\"><a href=\"https:\/\/abelfigueiredo.pa.gov.br\/site\/wp-content\/uploads\/2024\/11\/cultura-17.png\"><img loading=\"lazy\" decoding=\"async\" class=\"alignnone size-medium wp-image-18820\" src=\"https:\/\/abelfigueiredo.pa.gov.br\/site\/wp-content\/uploads\/2024\/11\/cultura-17-300x300.png\" alt=\"\" width=\"300\" height=\"300\" srcset=\"https:\/\/abelfigueiredo.pa.gov.br\/site\/wp-content\/uploads\/2024\/11\/cultura-17-300x300.png 300w, https:\/\/abelfigueiredo.pa.gov.br\/site\/wp-content\/uploads\/2024\/11\/cultura-17-150x150.png 150w, https:\/\/abelfigueiredo.pa.gov.br\/site\/wp-content\/uploads\/2024\/11\/cultura-17-768x768.png 768w, https:\/\/abelfigueiredo.pa.gov.br\/site\/wp-content\/uploads\/2024\/11\/cultura-17.png 1000w\" sizes=\"auto, (max-width: 300px) 100vw, 300px\" \/><\/a> <a href=\"https:\/\/abelfigueiredo.pa.gov.br\/site\/wp-content\/uploads\/2024\/11\/cultura-16.png\"><img loading=\"lazy\" decoding=\"async\" class=\"alignnone size-medium wp-image-18821\" src=\"https:\/\/abelfigueiredo.pa.gov.br\/site\/wp-content\/uploads\/2024\/11\/cultura-16-300x300.png\" alt=\"\" width=\"300\" height=\"300\" srcset=\"https:\/\/abelfigueiredo.pa.gov.br\/site\/wp-content\/uploads\/2024\/11\/cultura-16-300x300.png 300w, https:\/\/abelfigueiredo.pa.gov.br\/site\/wp-content\/uploads\/2024\/11\/cultura-16-150x150.png 150w, https:\/\/abelfigueiredo.pa.gov.br\/site\/wp-content\/uploads\/2024\/11\/cultura-16-768x768.png 768w, https:\/\/abelfigueiredo.pa.gov.br\/site\/wp-content\/uploads\/2024\/11\/cultura-16.png 1000w\" sizes=\"auto, (max-width: 300px) 100vw, 300px\" \/><\/a> <a href=\"https:\/\/abelfigueiredo.pa.gov.br\/site\/wp-content\/uploads\/2024\/11\/cultura-15.png\"><img loading=\"lazy\" decoding=\"async\" class=\"alignnone size-medium wp-image-18822\" src=\"https:\/\/abelfigueiredo.pa.gov.br\/site\/wp-content\/uploads\/2024\/11\/cultura-15-300x300.png\" alt=\"\" width=\"300\" height=\"300\" srcset=\"https:\/\/abelfigueiredo.pa.gov.br\/site\/wp-content\/uploads\/2024\/11\/cultura-15-300x300.png 300w, https:\/\/abelfigueiredo.pa.gov.br\/site\/wp-content\/uploads\/2024\/11\/cultura-15-150x150.png 150w, https:\/\/abelfigueiredo.pa.gov.br\/site\/wp-content\/uploads\/2024\/11\/cultura-15-768x768.png 768w, https:\/\/abelfigueiredo.pa.gov.br\/site\/wp-content\/uploads\/2024\/11\/cultura-15.png 1000w\" sizes=\"auto, (max-width: 300px) 100vw, 300px\" \/><\/a> <a href=\"https:\/\/abelfigueiredo.pa.gov.br\/site\/wp-content\/uploads\/2024\/11\/cultura-14.png\"><img loading=\"lazy\" decoding=\"async\" class=\"alignnone size-medium wp-image-18823\" src=\"https:\/\/abelfigueiredo.pa.gov.br\/site\/wp-content\/uploads\/2024\/11\/cultura-14-300x300.png\" alt=\"\" width=\"300\" height=\"300\" srcset=\"https:\/\/abelfigueiredo.pa.gov.br\/site\/wp-content\/uploads\/2024\/11\/cultura-14-300x300.png 300w, https:\/\/abelfigueiredo.pa.gov.br\/site\/wp-content\/uploads\/2024\/11\/cultura-14-150x150.png 150w, https:\/\/abelfigueiredo.pa.gov.br\/site\/wp-content\/uploads\/2024\/11\/cultura-14-768x768.png 768w, https:\/\/abelfigueiredo.pa.gov.br\/site\/wp-content\/uploads\/2024\/11\/cultura-14.png 1000w\" sizes=\"auto, (max-width: 300px) 100vw, 300px\" \/><\/a> <a href=\"https:\/\/abelfigueiredo.pa.gov.br\/site\/wp-content\/uploads\/2024\/11\/cultura-13.png\"><img loading=\"lazy\" decoding=\"async\" class=\"alignnone size-medium wp-image-18824\" src=\"https:\/\/abelfigueiredo.pa.gov.br\/site\/wp-content\/uploads\/2024\/11\/cultura-13-300x300.png\" alt=\"\" width=\"300\" height=\"300\" srcset=\"https:\/\/abelfigueiredo.pa.gov.br\/site\/wp-content\/uploads\/2024\/11\/cultura-13-300x300.png 300w, https:\/\/abelfigueiredo.pa.gov.br\/site\/wp-content\/uploads\/2024\/11\/cultura-13-150x150.png 150w, https:\/\/abelfigueiredo.pa.gov.br\/site\/wp-content\/uploads\/2024\/11\/cultura-13-768x768.png 768w, https:\/\/abelfigueiredo.pa.gov.br\/site\/wp-content\/uploads\/2024\/11\/cultura-13.png 1000w\" sizes=\"auto, (max-width: 300px) 100vw, 300px\" \/><\/a> <a href=\"https:\/\/abelfigueiredo.pa.gov.br\/site\/wp-content\/uploads\/2024\/11\/cultura-12.png\"><img loading=\"lazy\" decoding=\"async\" class=\"alignnone size-medium wp-image-18825\" src=\"https:\/\/abelfigueiredo.pa.gov.br\/site\/wp-content\/uploads\/2024\/11\/cultura-12-300x300.png\" alt=\"\" width=\"300\" height=\"300\" srcset=\"https:\/\/abelfigueiredo.pa.gov.br\/site\/wp-content\/uploads\/2024\/11\/cultura-12-300x300.png 300w, https:\/\/abelfigueiredo.pa.gov.br\/site\/wp-content\/uploads\/2024\/11\/cultura-12-150x150.png 150w, https:\/\/abelfigueiredo.pa.gov.br\/site\/wp-content\/uploads\/2024\/11\/cultura-12-768x768.png 768w, https:\/\/abelfigueiredo.pa.gov.br\/site\/wp-content\/uploads\/2024\/11\/cultura-12.png 1000w\" sizes=\"auto, (max-width: 300px) 100vw, 300px\" \/><\/a> <a href=\"https:\/\/abelfigueiredo.pa.gov.br\/site\/wp-content\/uploads\/2024\/11\/cultura-11.png\"><img loading=\"lazy\" decoding=\"async\" class=\"alignnone size-medium wp-image-18826\" src=\"https:\/\/abelfigueiredo.pa.gov.br\/site\/wp-content\/uploads\/2024\/11\/cultura-11-300x300.png\" alt=\"\" width=\"300\" height=\"300\" srcset=\"https:\/\/abelfigueiredo.pa.gov.br\/site\/wp-content\/uploads\/2024\/11\/cultura-11-300x300.png 300w, https:\/\/abelfigueiredo.pa.gov.br\/site\/wp-content\/uploads\/2024\/11\/cultura-11-150x150.png 150w, https:\/\/abelfigueiredo.pa.gov.br\/site\/wp-content\/uploads\/2024\/11\/cultura-11-768x768.png 768w, https:\/\/abelfigueiredo.pa.gov.br\/site\/wp-content\/uploads\/2024\/11\/cultura-11.png 1000w\" sizes=\"auto, (max-width: 300px) 100vw, 300px\" \/><\/a> <a href=\"https:\/\/abelfigueiredo.pa.gov.br\/site\/wp-content\/uploads\/2024\/11\/cultura-10.png\"><img loading=\"lazy\" decoding=\"async\" class=\"alignnone size-medium wp-image-18827\" src=\"https:\/\/abelfigueiredo.pa.gov.br\/site\/wp-content\/uploads\/2024\/11\/cultura-10-300x300.png\" alt=\"\" width=\"300\" height=\"300\" srcset=\"https:\/\/abelfigueiredo.pa.gov.br\/site\/wp-content\/uploads\/2024\/11\/cultura-10-300x300.png 300w, https:\/\/abelfigueiredo.pa.gov.br\/site\/wp-content\/uploads\/2024\/11\/cultura-10-150x150.png 150w, https:\/\/abelfigueiredo.pa.gov.br\/site\/wp-content\/uploads\/2024\/11\/cultura-10-768x768.png 768w, https:\/\/abelfigueiredo.pa.gov.br\/site\/wp-content\/uploads\/2024\/11\/cultura-10.png 1000w\" sizes=\"auto, (max-width: 300px) 100vw, 300px\" \/><\/a> <a href=\"https:\/\/abelfigueiredo.pa.gov.br\/site\/wp-content\/uploads\/2024\/11\/cultura-9.png\"><img loading=\"lazy\" decoding=\"async\" class=\"alignnone size-medium wp-image-18828\" src=\"https:\/\/abelfigueiredo.pa.gov.br\/site\/wp-content\/uploads\/2024\/11\/cultura-9-300x300.png\" alt=\"\" width=\"300\" height=\"300\" srcset=\"https:\/\/abelfigueiredo.pa.gov.br\/site\/wp-content\/uploads\/2024\/11\/cultura-9-300x300.png 300w, https:\/\/abelfigueiredo.pa.gov.br\/site\/wp-content\/uploads\/2024\/11\/cultura-9-150x150.png 150w, https:\/\/abelfigueiredo.pa.gov.br\/site\/wp-content\/uploads\/2024\/11\/cultura-9-768x768.png 768w, https:\/\/abelfigueiredo.pa.gov.br\/site\/wp-content\/uploads\/2024\/11\/cultura-9.png 1000w\" sizes=\"auto, (max-width: 300px) 100vw, 300px\" \/><\/a> <a href=\"https:\/\/abelfigueiredo.pa.gov.br\/site\/wp-content\/uploads\/2024\/11\/cultura-8.png\"><img loading=\"lazy\" decoding=\"async\" class=\"alignnone size-medium wp-image-18829\" src=\"https:\/\/abelfigueiredo.pa.gov.br\/site\/wp-content\/uploads\/2024\/11\/cultura-8-300x300.png\" alt=\"\" width=\"300\" height=\"300\" srcset=\"https:\/\/abelfigueiredo.pa.gov.br\/site\/wp-content\/uploads\/2024\/11\/cultura-8-300x300.png 300w, https:\/\/abelfigueiredo.pa.gov.br\/site\/wp-content\/uploads\/2024\/11\/cultura-8-150x150.png 150w, https:\/\/abelfigueiredo.pa.gov.br\/site\/wp-content\/uploads\/2024\/11\/cultura-8-768x768.png 768w, https:\/\/abelfigueiredo.pa.gov.br\/site\/wp-content\/uploads\/2024\/11\/cultura-8.png 1000w\" sizes=\"auto, (max-width: 300px) 100vw, 300px\" \/><\/a> <a href=\"https:\/\/abelfigueiredo.pa.gov.br\/site\/wp-content\/uploads\/2024\/11\/cultura-7.png\"><img loading=\"lazy\" decoding=\"async\" class=\"alignnone size-medium wp-image-18830\" src=\"https:\/\/abelfigueiredo.pa.gov.br\/site\/wp-content\/uploads\/2024\/11\/cultura-7-300x300.png\" alt=\"\" width=\"300\" height=\"300\" srcset=\"https:\/\/abelfigueiredo.pa.gov.br\/site\/wp-content\/uploads\/2024\/11\/cultura-7-300x300.png 300w, https:\/\/abelfigueiredo.pa.gov.br\/site\/wp-content\/uploads\/2024\/11\/cultura-7-150x150.png 150w, https:\/\/abelfigueiredo.pa.gov.br\/site\/wp-content\/uploads\/2024\/11\/cultura-7-768x768.png 768w, https:\/\/abelfigueiredo.pa.gov.br\/site\/wp-content\/uploads\/2024\/11\/cultura-7.png 1000w\" sizes=\"auto, (max-width: 300px) 100vw, 300px\" \/><\/a> <a href=\"https:\/\/abelfigueiredo.pa.gov.br\/site\/wp-content\/uploads\/2024\/11\/cultura-6.png\"><img loading=\"lazy\" decoding=\"async\" class=\"alignnone size-medium wp-image-18831\" src=\"https:\/\/abelfigueiredo.pa.gov.br\/site\/wp-content\/uploads\/2024\/11\/cultura-6-300x300.png\" alt=\"\" width=\"300\" height=\"300\" srcset=\"https:\/\/abelfigueiredo.pa.gov.br\/site\/wp-content\/uploads\/2024\/11\/cultura-6-300x300.png 300w, https:\/\/abelfigueiredo.pa.gov.br\/site\/wp-content\/uploads\/2024\/11\/cultura-6-150x150.png 150w, https:\/\/abelfigueiredo.pa.gov.br\/site\/wp-content\/uploads\/2024\/11\/cultura-6-768x768.png 768w, https:\/\/abelfigueiredo.pa.gov.br\/site\/wp-content\/uploads\/2024\/11\/cultura-6.png 1000w\" sizes=\"auto, (max-width: 300px) 100vw, 300px\" \/><\/a> <a href=\"https:\/\/abelfigueiredo.pa.gov.br\/site\/wp-content\/uploads\/2024\/11\/cultura-5.png\"><img loading=\"lazy\" decoding=\"async\" class=\"alignnone size-medium wp-image-18832\" src=\"https:\/\/abelfigueiredo.pa.gov.br\/site\/wp-content\/uploads\/2024\/11\/cultura-5-300x300.png\" alt=\"\" width=\"300\" height=\"300\" srcset=\"https:\/\/abelfigueiredo.pa.gov.br\/site\/wp-content\/uploads\/2024\/11\/cultura-5-300x300.png 300w, https:\/\/abelfigueiredo.pa.gov.br\/site\/wp-content\/uploads\/2024\/11\/cultura-5-150x150.png 150w, https:\/\/abelfigueiredo.pa.gov.br\/site\/wp-content\/uploads\/2024\/11\/cultura-5-768x768.png 768w, https:\/\/abelfigueiredo.pa.gov.br\/site\/wp-content\/uploads\/2024\/11\/cultura-5.png 1000w\" sizes=\"auto, (max-width: 300px) 100vw, 300px\" \/><\/a> <a href=\"https:\/\/abelfigueiredo.pa.gov.br\/site\/wp-content\/uploads\/2024\/11\/cultura-4.png\"><img loading=\"lazy\" decoding=\"async\" class=\"alignnone size-medium wp-image-18833\" src=\"https:\/\/abelfigueiredo.pa.gov.br\/site\/wp-content\/uploads\/2024\/11\/cultura-4-300x300.png\" alt=\"\" width=\"300\" height=\"300\" srcset=\"https:\/\/abelfigueiredo.pa.gov.br\/site\/wp-content\/uploads\/2024\/11\/cultura-4-300x300.png 300w, https:\/\/abelfigueiredo.pa.gov.br\/site\/wp-content\/uploads\/2024\/11\/cultura-4-150x150.png 150w, https:\/\/abelfigueiredo.pa.gov.br\/site\/wp-content\/uploads\/2024\/11\/cultura-4-768x768.png 768w, https:\/\/abelfigueiredo.pa.gov.br\/site\/wp-content\/uploads\/2024\/11\/cultura-4.png 1000w\" sizes=\"auto, (max-width: 300px) 100vw, 300px\" \/><\/a> <a href=\"https:\/\/abelfigueiredo.pa.gov.br\/site\/wp-content\/uploads\/2024\/11\/cultura-3.png\"><img loading=\"lazy\" decoding=\"async\" class=\"alignnone size-medium wp-image-18834\" src=\"https:\/\/abelfigueiredo.pa.gov.br\/site\/wp-content\/uploads\/2024\/11\/cultura-3-300x300.png\" alt=\"\" width=\"300\" height=\"300\" srcset=\"https:\/\/abelfigueiredo.pa.gov.br\/site\/wp-content\/uploads\/2024\/11\/cultura-3-300x300.png 300w, https:\/\/abelfigueiredo.pa.gov.br\/site\/wp-content\/uploads\/2024\/11\/cultura-3-150x150.png 150w, https:\/\/abelfigueiredo.pa.gov.br\/site\/wp-content\/uploads\/2024\/11\/cultura-3-768x768.png 768w, https:\/\/abelfigueiredo.pa.gov.br\/site\/wp-content\/uploads\/2024\/11\/cultura-3.png 1000w\" sizes=\"auto, (max-width: 300px) 100vw, 300px\" \/><\/a> <a href=\"https:\/\/abelfigueiredo.pa.gov.br\/site\/wp-content\/uploads\/2024\/11\/cultura-2.png\"><img loading=\"lazy\" decoding=\"async\" class=\"alignnone size-medium wp-image-18835\" src=\"https:\/\/abelfigueiredo.pa.gov.br\/site\/wp-content\/uploads\/2024\/11\/cultura-2-300x300.png\" alt=\"\" width=\"300\" height=\"300\" srcset=\"https:\/\/abelfigueiredo.pa.gov.br\/site\/wp-content\/uploads\/2024\/11\/cultura-2-300x300.png 300w, https:\/\/abelfigueiredo.pa.gov.br\/site\/wp-content\/uploads\/2024\/11\/cultura-2-150x150.png 150w, https:\/\/abelfigueiredo.pa.gov.br\/site\/wp-content\/uploads\/2024\/11\/cultura-2-768x768.png 768w, https:\/\/abelfigueiredo.pa.gov.br\/site\/wp-content\/uploads\/2024\/11\/cultura-2.png 1000w\" sizes=\"auto, (max-width: 300px) 100vw, 300px\" \/><\/a> <a href=\"https:\/\/abelfigueiredo.pa.gov.br\/site\/wp-content\/uploads\/2024\/11\/cultura-1.png\"><img loading=\"lazy\" decoding=\"async\" class=\"alignnone size-medium wp-image-18836\" src=\"https:\/\/abelfigueiredo.pa.gov.br\/site\/wp-content\/uploads\/2024\/11\/cultura-1-300x300.png\" alt=\"\" width=\"300\" height=\"300\" srcset=\"https:\/\/abelfigueiredo.pa.gov.br\/site\/wp-content\/uploads\/2024\/11\/cultura-1-300x300.png 300w, https:\/\/abelfigueiredo.pa.gov.br\/site\/wp-content\/uploads\/2024\/11\/cultura-1-150x150.png 150w, https:\/\/abelfigueiredo.pa.gov.br\/site\/wp-content\/uploads\/2024\/11\/cultura-1-768x768.png 768w, https:\/\/abelfigueiredo.pa.gov.br\/site\/wp-content\/uploads\/2024\/11\/cultura-1.png 1000w\" sizes=\"auto, (max-width: 300px) 100vw, 300px\" \/><\/a> <a href=\"https:\/\/abelfigueiredo.pa.gov.br\/site\/wp-content\/uploads\/2024\/11\/cultura.png\"><img loading=\"lazy\" decoding=\"async\" class=\"alignnone size-medium wp-image-18837\" src=\"https:\/\/abelfigueiredo.pa.gov.br\/site\/wp-content\/uploads\/2024\/11\/cultura-300x300.png\" alt=\"\" width=\"300\" height=\"300\" srcset=\"https:\/\/abelfigueiredo.pa.gov.br\/site\/wp-content\/uploads\/2024\/11\/cultura-300x300.png 300w, https:\/\/abelfigueiredo.pa.gov.br\/site\/wp-content\/uploads\/2024\/11\/cultura-150x150.png 150w, https:\/\/abelfigueiredo.pa.gov.br\/site\/wp-content\/uploads\/2024\/11\/cultura-768x768.png 768w, https:\/\/abelfigueiredo.pa.gov.br\/site\/wp-content\/uploads\/2024\/11\/cultura.png 1000w\" sizes=\"auto, (max-width: 300px) 100vw, 300px\" \/><\/a><\/div>\n<\/div>\n","protected":false},"excerpt":{"rendered":"<p>A Prefeitura de Abel Figueiredo, liderada pelo prefeito Ant\u00f4nio Calhau, est\u00e1 realizando uma obra hist\u00f3rica no bairro Bela Vista, com a constru\u00e7\u00e3o das t\u00e3o esperadas galerias de drenagem. Este projeto, executado com recursos pr\u00f3prios, \u00e9 um passo transformador que atende a uma antiga demanda da comunidade, trazendo al\u00edvio e seguran\u00e7a aos moradores que, por anos,<\/p>\n<div class=\"read-more\"><a href=\"https:\/\/abelfigueiredo.pa.gov.br\/site\/construcao-da-galeria-para-drenagem-urbana-do-bairro-bela-vista\/\" title=\"Veja mais\">Veja mais<\/a><\/div>\n","protected":false},"author":34,"featured_media":18822,"comment_status":"closed","ping_status":"closed","sticky":false,"template":"","format":"standard","meta":{"footnotes":""},"categories":[1],"tags":[],"class_list":{"0":"post-18819","1":"post","2":"type-post","3":"status-publish","4":"format-standard","5":"has-post-thumbnail","7":"category-noticias"},"yoast_head":"<!-- This site is optimized with the Yoast SEO plugin v26.6 - https:\/\/yoast.com\/wordpress\/plugins\/seo\/ -->\n<title>CONSTRU\u00c7\u00c3O DA GALERIA PARA DRENAGEM URBANA DO BAIRRO BELA VISTA - Prefeitura Municipal de Abel Figueiredo | Gest\u00e3o 2025-2028<\/title>\n<meta name=\"robots\" content=\"index, follow, max-snippet:-1, max-image-preview:large, max-video-preview:-1\" \/>\n<link rel=\"canonical\" href=\"https:\/\/abelfigueiredo.pa.gov.br\/site\/construcao-da-galeria-para-drenagem-urbana-do-bairro-bela-vista\/\" \/>\n<meta property=\"og:locale\" content=\"pt_BR\" \/>\n<meta property=\"og:type\" content=\"article\" \/>\n<meta property=\"og:title\" content=\"CONSTRU\u00c7\u00c3O DA GALERIA PARA DRENAGEM URBANA DO BAIRRO BELA VISTA - Prefeitura Municipal de Abel Figueiredo | Gest\u00e3o 2025-2028\" \/>\n<meta property=\"og:description\" content=\"A Prefeitura de Abel Figueiredo, liderada pelo prefeito Ant\u00f4nio Calhau, est\u00e1 realizando uma obra hist\u00f3rica no bairro Bela Vista, com a constru\u00e7\u00e3o das t\u00e3o esperadas galerias de drenagem. Este projeto, executado com recursos pr\u00f3prios, \u00e9 um passo transformador que atende a uma antiga demanda da comunidade, trazendo al\u00edvio e seguran\u00e7a aos moradores que, por anos,Veja mais\" \/>\n<meta property=\"og:url\" content=\"https:\/\/abelfigueiredo.pa.gov.br\/site\/construcao-da-galeria-para-drenagem-urbana-do-bairro-bela-vista\/\" \/>\n<meta property=\"og:site_name\" content=\"Prefeitura Municipal de Abel Figueiredo | Gest\u00e3o 2025-2028\" \/>\n<meta property=\"article:published_time\" content=\"2024-11-08T13:44:32+00:00\" \/>\n<meta property=\"og:image\" content=\"https:\/\/abelfigueiredo.pa.gov.br\/site\/wp-content\/uploads\/2024\/11\/cultura-15.png\" \/>\n\t<meta property=\"og:image:width\" content=\"1000\" \/>\n\t<meta property=\"og:image:height\" content=\"1000\" \/>\n\t<meta property=\"og:image:type\" content=\"image\/png\" \/>\n<meta name=\"author\" content=\"djthiago\" \/>\n<meta name=\"twitter:label1\" content=\"Escrito por\" \/>\n\t<meta name=\"twitter:data1\" content=\"djthiago\" \/>\n\t<meta name=\"twitter:label2\" content=\"Est. tempo de leitura\" \/>\n\t<meta name=\"twitter:data2\" content=\"1 minuto\" \/>\n<script type=\"application\/ld+json\" class=\"yoast-schema-graph\">{\"@context\":\"https:\/\/schema.org\",\"@graph\":[{\"@type\":\"WebPage\",\"@id\":\"https:\/\/abelfigueiredo.pa.gov.br\/site\/construcao-da-galeria-para-drenagem-urbana-do-bairro-bela-vista\/\",\"url\":\"https:\/\/abelfigueiredo.pa.gov.br\/site\/construcao-da-galeria-para-drenagem-urbana-do-bairro-bela-vista\/\",\"name\":\"CONSTRU\u00c7\u00c3O DA GALERIA PARA DRENAGEM URBANA DO BAIRRO BELA VISTA - Prefeitura Municipal de Abel Figueiredo | Gest\u00e3o 2025-2028\",\"isPartOf\":{\"@id\":\"https:\/\/abelfigueiredo.pa.gov.br\/site\/#website\"},\"primaryImageOfPage\":{\"@id\":\"https:\/\/abelfigueiredo.pa.gov.br\/site\/construcao-da-galeria-para-drenagem-urbana-do-bairro-bela-vista\/#primaryimage\"},\"image\":{\"@id\":\"https:\/\/abelfigueiredo.pa.gov.br\/site\/construcao-da-galeria-para-drenagem-urbana-do-bairro-bela-vista\/#primaryimage\"},\"thumbnailUrl\":\"https:\/\/abelfigueiredo.pa.gov.br\/site\/wp-content\/uploads\/2024\/11\/cultura-15.png\",\"datePublished\":\"2024-11-08T13:44:32+00:00\",\"author\":{\"@id\":\"https:\/\/abelfigueiredo.pa.gov.br\/site\/#\/schema\/person\/7c1ecb1baa18502745b46b3921be7bbb\"},\"inLanguage\":\"pt-BR\",\"potentialAction\":[{\"@type\":\"ReadAction\",\"target\":[\"https:\/\/abelfigueiredo.pa.gov.br\/site\/construcao-da-galeria-para-drenagem-urbana-do-bairro-bela-vista\/\"]}]},{\"@type\":\"ImageObject\",\"inLanguage\":\"pt-BR\",\"@id\":\"https:\/\/abelfigueiredo.pa.gov.br\/site\/construcao-da-galeria-para-drenagem-urbana-do-bairro-bela-vista\/#primaryimage\",\"url\":\"https:\/\/abelfigueiredo.pa.gov.br\/site\/wp-content\/uploads\/2024\/11\/cultura-15.png\",\"contentUrl\":\"https:\/\/abelfigueiredo.pa.gov.br\/site\/wp-content\/uploads\/2024\/11\/cultura-15.png\",\"width\":1000,\"height\":1000},{\"@type\":\"WebSite\",\"@id\":\"https:\/\/abelfigueiredo.pa.gov.br\/site\/#website\",\"url\":\"https:\/\/abelfigueiredo.pa.gov.br\/site\/\",\"name\":\"Prefeitura Municipal de Abel Figueiredo | Gest\u00e3o 2025-2028\",\"description\":\"Site oficial da Prefeitura Municipal de Abel Figueiredo\",\"potentialAction\":[{\"@type\":\"SearchAction\",\"target\":{\"@type\":\"EntryPoint\",\"urlTemplate\":\"https:\/\/abelfigueiredo.pa.gov.br\/site\/?s={search_term_string}\"},\"query-input\":{\"@type\":\"PropertyValueSpecification\",\"valueRequired\":true,\"valueName\":\"search_term_string\"}}],\"inLanguage\":\"pt-BR\"},{\"@type\":\"Person\",\"@id\":\"https:\/\/abelfigueiredo.pa.gov.br\/site\/#\/schema\/person\/7c1ecb1baa18502745b46b3921be7bbb\",\"name\":\"djthiago\",\"image\":{\"@type\":\"ImageObject\",\"inLanguage\":\"pt-BR\",\"@id\":\"https:\/\/abelfigueiredo.pa.gov.br\/site\/#\/schema\/person\/image\/\",\"url\":\"https:\/\/secure.gravatar.com\/avatar\/2edad05cd7afbef8b9e1495dacdf55fd32bf2fe055ead3a385c32f41e201743d?s=96&d=mm&r=g\",\"contentUrl\":\"https:\/\/secure.gravatar.com\/avatar\/2edad05cd7afbef8b9e1495dacdf55fd32bf2fe055ead3a385c32f41e201743d?s=96&d=mm&r=g\",\"caption\":\"djthiago\"},\"url\":\"https:\/\/abelfigueiredo.pa.gov.br\/site\/author\/djthiago\/\"}]}<\/script>\n<!-- \/ Yoast SEO plugin. -->","yoast_head_json":{"title":"CONSTRU\u00c7\u00c3O DA GALERIA PARA DRENAGEM URBANA DO BAIRRO BELA VISTA - Prefeitura Municipal de Abel Figueiredo | Gest\u00e3o 2025-2028","robots":{"index":"index","follow":"follow","max-snippet":"max-snippet:-1","max-image-preview":"max-image-preview:large","max-video-preview":"max-video-preview:-1"},"canonical":"https:\/\/abelfigueiredo.pa.gov.br\/site\/construcao-da-galeria-para-drenagem-urbana-do-bairro-bela-vista\/","og_locale":"pt_BR","og_type":"article","og_title":"CONSTRU\u00c7\u00c3O DA GALERIA PARA DRENAGEM URBANA DO BAIRRO BELA VISTA - Prefeitura Municipal de Abel Figueiredo | Gest\u00e3o 2025-2028","og_description":"A Prefeitura de Abel Figueiredo, liderada pelo prefeito Ant\u00f4nio Calhau, est\u00e1 realizando uma obra hist\u00f3rica no bairro Bela Vista, com a constru\u00e7\u00e3o das t\u00e3o esperadas galerias de drenagem. Este projeto, executado com recursos pr\u00f3prios, \u00e9 um passo transformador que atende a uma antiga demanda da comunidade, trazendo al\u00edvio e seguran\u00e7a aos moradores que, por anos,Veja mais","og_url":"https:\/\/abelfigueiredo.pa.gov.br\/site\/construcao-da-galeria-para-drenagem-urbana-do-bairro-bela-vista\/","og_site_name":"Prefeitura Municipal de Abel Figueiredo | Gest\u00e3o 2025-2028","article_published_time":"2024-11-08T13:44:32+00:00","og_image":[{"width":1000,"height":1000,"url":"https:\/\/abelfigueiredo.pa.gov.br\/site\/wp-content\/uploads\/2024\/11\/cultura-15.png","type":"image\/png"}],"author":"djthiago","twitter_misc":{"Escrito por":"djthiago","Est. tempo de leitura":"1 minuto"},"schema":{"@context":"https:\/\/schema.org","@graph":[{"@type":"WebPage","@id":"https:\/\/abelfigueiredo.pa.gov.br\/site\/construcao-da-galeria-para-drenagem-urbana-do-bairro-bela-vista\/","url":"https:\/\/abelfigueiredo.pa.gov.br\/site\/construcao-da-galeria-para-drenagem-urbana-do-bairro-bela-vista\/","name":"CONSTRU\u00c7\u00c3O DA GALERIA PARA DRENAGEM URBANA DO BAIRRO BELA VISTA - Prefeitura Municipal de Abel Figueiredo | Gest\u00e3o 2025-2028","isPartOf":{"@id":"https:\/\/abelfigueiredo.pa.gov.br\/site\/#website"},"primaryImageOfPage":{"@id":"https:\/\/abelfigueiredo.pa.gov.br\/site\/construcao-da-galeria-para-drenagem-urbana-do-bairro-bela-vista\/#primaryimage"},"image":{"@id":"https:\/\/abelfigueiredo.pa.gov.br\/site\/construcao-da-galeria-para-drenagem-urbana-do-bairro-bela-vista\/#primaryimage"},"thumbnailUrl":"https:\/\/abelfigueiredo.pa.gov.br\/site\/wp-content\/uploads\/2024\/11\/cultura-15.png","datePublished":"2024-11-08T13:44:32+00:00","author":{"@id":"https:\/\/abelfigueiredo.pa.gov.br\/site\/#\/schema\/person\/7c1ecb1baa18502745b46b3921be7bbb"},"inLanguage":"pt-BR","potentialAction":[{"@type":"ReadAction","target":["https:\/\/abelfigueiredo.pa.gov.br\/site\/construcao-da-galeria-para-drenagem-urbana-do-bairro-bela-vista\/"]}]},{"@type":"ImageObject","inLanguage":"pt-BR","@id":"https:\/\/abelfigueiredo.pa.gov.br\/site\/construcao-da-galeria-para-drenagem-urbana-do-bairro-bela-vista\/#primaryimage","url":"https:\/\/abelfigueiredo.pa.gov.br\/site\/wp-content\/uploads\/2024\/11\/cultura-15.png","contentUrl":"https:\/\/abelfigueiredo.pa.gov.br\/site\/wp-content\/uploads\/2024\/11\/cultura-15.png","width":1000,"height":1000},{"@type":"WebSite","@id":"https:\/\/abelfigueiredo.pa.gov.br\/site\/#website","url":"https:\/\/abelfigueiredo.pa.gov.br\/site\/","name":"Prefeitura Municipal de Abel Figueiredo | Gest\u00e3o 2025-2028","description":"Site oficial da Prefeitura Municipal de Abel Figueiredo","potentialAction":[{"@type":"SearchAction","target":{"@type":"EntryPoint","urlTemplate":"https:\/\/abelfigueiredo.pa.gov.br\/site\/?s={search_term_string}"},"query-input":{"@type":"PropertyValueSpecification","valueRequired":true,"valueName":"search_term_string"}}],"inLanguage":"pt-BR"},{"@type":"Person","@id":"https:\/\/abelfigueiredo.pa.gov.br\/site\/#\/schema\/person\/7c1ecb1baa18502745b46b3921be7bbb","name":"djthiago","image":{"@type":"ImageObject","inLanguage":"pt-BR","@id":"https:\/\/abelfigueiredo.pa.gov.br\/site\/#\/schema\/person\/image\/","url":"https:\/\/secure.gravatar.com\/avatar\/2edad05cd7afbef8b9e1495dacdf55fd32bf2fe055ead3a385c32f41e201743d?s=96&d=mm&r=g","contentUrl":"https:\/\/secure.gravatar.com\/avatar\/2edad05cd7afbef8b9e1495dacdf55fd32bf2fe055ead3a385c32f41e201743d?s=96&d=mm&r=g","caption":"djthiago"},"url":"https:\/\/abelfigueiredo.pa.gov.br\/site\/author\/djthiago\/"}]}},"_links":{"self":[{"href":"https:\/\/abelfigueiredo.pa.gov.br\/site\/wp-json\/wp\/v2\/posts\/18819","targetHints":{"allow":["GET"]}}],"collection":[{"href":"https:\/\/abelfigueiredo.pa.gov.br\/site\/wp-json\/wp\/v2\/posts"}],"about":[{"href":"https:\/\/abelfigueiredo.pa.gov.br\/site\/wp-json\/wp\/v2\/types\/post"}],"author":[{"embeddable":true,"href":"https:\/\/abelfigueiredo.pa.gov.br\/site\/wp-json\/wp\/v2\/users\/34"}],"replies":[{"embeddable":true,"href":"https:\/\/abelfigueiredo.pa.gov.br\/site\/wp-json\/wp\/v2\/comments?post=18819"}],"version-history":[{"count":1,"href":"https:\/\/abelfigueiredo.pa.gov.br\/site\/wp-json\/wp\/v2\/posts\/18819\/revisions"}],"predecessor-version":[{"id":18838,"href":"https:\/\/abelfigueiredo.pa.gov.br\/site\/wp-json\/wp\/v2\/posts\/18819\/revisions\/18838"}],"wp:featuredmedia":[{"embeddable":true,"href":"https:\/\/abelfigueiredo.pa.gov.br\/site\/wp-json\/wp\/v2\/media\/18822"}],"wp:attachment":[{"href":"https:\/\/abelfigueiredo.pa.gov.br\/site\/wp-json\/wp\/v2\/media?parent=18819"}],"wp:term":[{"taxonomy":"category","embeddable":true,"href":"https:\/\/abelfigueiredo.pa.gov.br\/site\/wp-json\/wp\/v2\/categories?post=18819"},{"taxonomy":"post_tag","embeddable":true,"href":"https:\/\/abelfigueiredo.pa.gov.br\/site\/wp-json\/wp\/v2\/tags?post=18819"}],"curies":[{"name":"wp","href":"https:\/\/api.w.org\/{rel}","templated":true}]}}