{"id":17992,"date":"2024-05-30T17:08:04","date_gmt":"2024-05-30T20:08:04","guid":{"rendered":"https:\/\/abelfigueiredo.pa.gov.br\/site\/?p=17992"},"modified":"2024-05-30T17:08:04","modified_gmt":"2024-05-30T20:08:04","slug":"corpus-christi","status":"publish","type":"post","link":"https:\/\/abelfigueiredo.pa.gov.br\/site\/corpus-christi\/","title":{"rendered":"Corpus Christi"},"content":{"rendered":"<div class=\"html-div xe8uvvx xdj266r x11i5rnm xat24cr x1mh8g0r xexx8yu x4uap5 x18d9i69 xkhd6sd\">\n<div class=\"html-div xe8uvvx xdj266r x11i5rnm xat24cr x1mh8g0r xexx8yu x4uap5 x18d9i69 xkhd6sd\" dir=\"auto\">\n<div id=\":r1c8:\" class=\"x1iorvi4 x1pi30zi x1l90r2v x1swvt13\" data-ad-comet-preview=\"message\" data-ad-preview=\"message\">\n<div class=\"x78zum5 xdt5ytf xz62fqu x16ldp7u\">\n<div class=\"xu06os2 x1ok221b\">\n<div class=\"xdj266r x11i5rnm xat24cr x1mh8g0r x1vvkbs x126k92a\">\n<div dir=\"auto\">&#8220;Neste Corpus Christi, que a presen\u00e7a de Cristo na Eucaristia fortale\u00e7a sua f\u00e9 e traga b\u00ean\u00e7\u00e3os infinitas para voc\u00ea e sua fam\u00edlia.&#8221; &#8220;Que a solenidade de Corpus Christi inspire-nos a viver com mais amor, compaix\u00e3o e gratid\u00e3o.&#8221;<\/div>\n<\/div>\n<div class=\"x11i5rnm xat24cr x1mh8g0r x1vvkbs xtlvy1s x126k92a\">\n<div dir=\"auto\"><span class=\"html-span xdj266r x11i5rnm xat24cr x1mh8g0r xexx8yu x4uap5 x18d9i69 xkhd6sd x1hl2dhg x16tdsg8 x1vvkbs\"><a class=\"x1i10hfl xjbqb8w x1ejq31n xd10rxx x1sy0etr x17r0tee x972fbf xcfux6l x1qhh985 xm0m39n x9f619 x1ypdohk xt0psk2 xe8uvvx xdj266r x11i5rnm xat24cr x1mh8g0r xexx8yu x4uap5 x18d9i69 xkhd6sd x16tdsg8 x1hl2dhg xggy1nq x1a2a7pz x1sur9pj xkrqix3 x1fey0fg xo1l8bm\" tabindex=\"0\" role=\"link\" href=\"https:\/\/www.facebook.com\/hashtag\/prefeituradeabel?__eep__=6&amp;__cft__[0]=AZWA8HfJe_u6-W0YUk30E4yaqmgvXi1jPGgxAII0D0npt4iVPJIV7JiCgZ4ne6B3mtgcMknpCoc5deyK2g4wzOf1VJK4xZPMuI--c2sHHEDZ1qpIvJ7dmAx3xXNhvVVjdybCCEdYH5G2P79jcjzedmbymPu48xbpGxxqIZWG8mtQx0EFxfz-K_UbJVeFyxF-Ltlav3E_gzpPDlZA38ih1cefDCEvlHLrGBgTWuf0yC9UphuZqvk24F2dn8vn4EPQA-s&amp;__tn__=*NK-R\">#prefeituradeabel<\/a><\/span><\/div>\n<div dir=\"auto\"><span class=\"html-span xdj266r x11i5rnm xat24cr x1mh8g0r xexx8yu x4uap5 x18d9i69 xkhd6sd x1hl2dhg x16tdsg8 x1vvkbs\"><a class=\"x1i10hfl xjbqb8w x1ejq31n xd10rxx x1sy0etr x17r0tee x972fbf xcfux6l x1qhh985 xm0m39n x9f619 x1ypdohk xt0psk2 xe8uvvx xdj266r x11i5rnm xat24cr x1mh8g0r xexx8yu x4uap5 x18d9i69 xkhd6sd x16tdsg8 x1hl2dhg xggy1nq x1a2a7pz x1sur9pj xkrqix3 x1fey0fg xo1l8bm\" tabindex=\"0\" role=\"link\" href=\"https:\/\/www.facebook.com\/hashtag\/trabalhandoparaopovo?__eep__=6&amp;__cft__[0]=AZWA8HfJe_u6-W0YUk30E4yaqmgvXi1jPGgxAII0D0npt4iVPJIV7JiCgZ4ne6B3mtgcMknpCoc5deyK2g4wzOf1VJK4xZPMuI--c2sHHEDZ1qpIvJ7dmAx3xXNhvVVjdybCCEdYH5G2P79jcjzedmbymPu48xbpGxxqIZWG8mtQx0EFxfz-K_UbJVeFyxF-Ltlav3E_gzpPDlZA38ih1cefDCEvlHLrGBgTWuf0yC9UphuZqvk24F2dn8vn4EPQA-s&amp;__tn__=*NK-R\">#trabalhandoparaopovo<\/a><\/span><\/div>\n<\/div>\n<\/div>\n<\/div>\n<\/div>\n<\/div>\n<div id=\":r1c9:\" class=\"html-div xe8uvvx xdj266r x11i5rnm xat24cr x1mh8g0r xexx8yu x4uap5 x18d9i69 xkhd6sd x1n2onr6\">\n<div class=\"html-div xe8uvvx xdj266r x11i5rnm xat24cr x1mh8g0r xexx8yu x4uap5 x18d9i69 xkhd6sd x1n2onr6\">\n<div class=\"x6s0dn4 x1jx94hy x78zum5 xdt5ytf x6ikm8r x10wlt62 x1n2onr6 xh8yej3\">\n<div>\n<div class=\"xqtp20y x6ikm8r x10wlt62 x1n2onr6\">\n<div class=\"x10l6tqk x13vifvy\"><img loading=\"lazy\" decoding=\"async\" class=\"x1ey2m1c xds687c x5yr21d x10l6tqk x17qophe x13vifvy xh8yej3 xl1xv1r\" src=\"https:\/\/scontent-gru2-2.xx.fbcdn.net\/v\/t39.30808-6\/441871093_353451781174959_3734670808730831857_n.jpg?stp=dst-jpg_s640x640&amp;_nc_cat=106&amp;ccb=1-7&amp;_nc_sid=5f2048&amp;_nc_eui2=AeHPYf3kMSuHqkdOuUHc_amCcsoo1krAHt1yyijWSsAe3UUbLq7c1A9gnzMUfBJprw1vurm81Eu54UL2CQX9Ugwb&amp;_nc_ohc=IrweHR3lpEkQ7kNvgHMgsnZ&amp;_nc_ht=scontent-gru2-2.xx&amp;oh=00_AYDufFtdUFYuQO4A0jQX9Nz5ZSwkXrf29XvFRP1da0G2jg&amp;oe=66652907\" alt=\"Pode ser uma imagem de texto que diz &quot;PORPUS christi r A eucaristia nos alimenta alimentaparaserm para sermos construtores da paz. ABW PpBpBauBA FIGUEIREDO Trabofando FIGUEIREDO paraeP Povel&quot;\" width=\"515\" height=\"640\" \/><\/div>\n<\/div>\n<\/div>\n<\/div>\n<div class=\"xua58t2 xzg4506 x1ey2m1c xds687c x47corl x10l6tqk x17qophe x13vifvy\"><\/div>\n<div class=\"x1ey2m1c xds687c x17qophe xg01cxk x47corl x10l6tqk x13vifvy x1ebt8du x19991ni x1dhq9h x1o1ewxj x3x9cwd x1e5q0jg x13rtm0m\" role=\"none\" data-visualcompletion=\"ignore\"><\/div>\n<\/div>\n<\/div>\n<\/div>\n<div>\n<div class=\"x168nmei x13lgxp2 x30kzoy x9jhf4c x6ikm8r x10wlt62\" data-visualcompletion=\"ignore-dynamic\">\n<div class=\"x1n2onr6\">\n<div class=\"x6s0dn4 xi81zsa x78zum5 x6prxxf x13a6bvl xvq8zen xdj266r xat24cr x1d52u69 xktsk01 x889kno x1a8lsjc xkhd6sd x4uap5 xdppsyt\">\n<div class=\"x9f619 x1n2onr6 x1ja2u2z x78zum5 x2lah0s x1qughib x1qjc9v5 xozqiw3 x1q0g3np xykv574 xbmpl8g x4cne27 xifccgj\"><\/div>\n<\/div>\n<\/div>\n<\/div>\n<\/div>\n","protected":false},"excerpt":{"rendered":"<p>&#8220;Neste Corpus Christi, que a presen\u00e7a de Cristo na Eucaristia fortale\u00e7a sua f\u00e9 e traga b\u00ean\u00e7\u00e3os infinitas para voc\u00ea e sua fam\u00edlia.&#8221; &#8220;Que a solenidade de Corpus Christi inspire-nos a viver com mais amor, compaix\u00e3o e gratid\u00e3o.&#8221; #prefeituradeabel #trabalhandoparaopovo<\/p>\n","protected":false},"author":34,"featured_media":17993,"comment_status":"closed","ping_status":"closed","sticky":false,"template":"","format":"standard","meta":{"footnotes":""},"categories":[1],"tags":[],"class_list":{"0":"post-17992","1":"post","2":"type-post","3":"status-publish","4":"format-standard","5":"has-post-thumbnail","7":"category-noticias"},"yoast_head":"<!-- This site is optimized with the Yoast SEO plugin v26.6 - https:\/\/yoast.com\/wordpress\/plugins\/seo\/ -->\n<title>Corpus Christi - Prefeitura Municipal de Abel Figueiredo | Gest\u00e3o 2025-2028<\/title>\n<meta name=\"robots\" content=\"index, follow, max-snippet:-1, max-image-preview:large, max-video-preview:-1\" \/>\n<link rel=\"canonical\" href=\"https:\/\/abelfigueiredo.pa.gov.br\/site\/corpus-christi\/\" \/>\n<meta property=\"og:locale\" content=\"pt_BR\" \/>\n<meta property=\"og:type\" content=\"article\" \/>\n<meta property=\"og:title\" content=\"Corpus Christi - Prefeitura Municipal de Abel Figueiredo | Gest\u00e3o 2025-2028\" \/>\n<meta property=\"og:description\" content=\"&#8220;Neste Corpus Christi, que a presen\u00e7a de Cristo na Eucaristia fortale\u00e7a sua f\u00e9 e traga b\u00ean\u00e7\u00e3os infinitas para voc\u00ea e sua fam\u00edlia.&#8221; &#8220;Que a solenidade de Corpus Christi inspire-nos a viver com mais amor, compaix\u00e3o e gratid\u00e3o.&#8221; #prefeituradeabel #trabalhandoparaopovo\" \/>\n<meta property=\"og:url\" content=\"https:\/\/abelfigueiredo.pa.gov.br\/site\/corpus-christi\/\" \/>\n<meta property=\"og:site_name\" content=\"Prefeitura Municipal de Abel Figueiredo | Gest\u00e3o 2025-2028\" \/>\n<meta property=\"article:published_time\" content=\"2024-05-30T20:08:04+00:00\" \/>\n<meta property=\"og:image\" content=\"https:\/\/scontent-gru2-2.xx.fbcdn.net\/v\/t39.30808-6\/441871093_353451781174959_3734670808730831857_n.jpg?stp=dst-jpg_s640x640&amp;_nc_cat=106&amp;ccb=1-7&amp;_nc_sid=5f2048&amp;_nc_eui2=AeHPYf3kMSuHqkdOuUHc_amCcsoo1krAHt1yyijWSsAe3UUbLq7c1A9gnzMUfBJprw1vurm81Eu54UL2CQX9Ugwb&amp;_nc_ohc=IrweHR3lpEkQ7kNvgHMgsnZ&amp;_nc_ht=scontent-gru2-2.xx&amp;oh=00_AYDufFtdUFYuQO4A0jQX9Nz5ZSwkXrf29XvFRP1da0G2jg&amp;oe=66652907\" \/>\n<meta name=\"author\" content=\"djthiago\" \/>\n<meta name=\"twitter:label1\" content=\"Escrito por\" \/>\n\t<meta name=\"twitter:data1\" content=\"djthiago\" \/>\n<script type=\"application\/ld+json\" class=\"yoast-schema-graph\">{\"@context\":\"https:\/\/schema.org\",\"@graph\":[{\"@type\":\"WebPage\",\"@id\":\"https:\/\/abelfigueiredo.pa.gov.br\/site\/corpus-christi\/\",\"url\":\"https:\/\/abelfigueiredo.pa.gov.br\/site\/corpus-christi\/\",\"name\":\"Corpus Christi - Prefeitura Municipal de Abel Figueiredo | Gest\u00e3o 2025-2028\",\"isPartOf\":{\"@id\":\"https:\/\/abelfigueiredo.pa.gov.br\/site\/#website\"},\"primaryImageOfPage\":{\"@id\":\"https:\/\/abelfigueiredo.pa.gov.br\/site\/corpus-christi\/#primaryimage\"},\"image\":{\"@id\":\"https:\/\/abelfigueiredo.pa.gov.br\/site\/corpus-christi\/#primaryimage\"},\"thumbnailUrl\":\"https:\/\/abelfigueiredo.pa.gov.br\/site\/wp-content\/uploads\/2024\/06\/441871093_353451781174959_3734670808730831857_n.jpg\",\"datePublished\":\"2024-05-30T20:08:04+00:00\",\"author\":{\"@id\":\"https:\/\/abelfigueiredo.pa.gov.br\/site\/#\/schema\/person\/7c1ecb1baa18502745b46b3921be7bbb\"},\"inLanguage\":\"pt-BR\",\"potentialAction\":[{\"@type\":\"ReadAction\",\"target\":[\"https:\/\/abelfigueiredo.pa.gov.br\/site\/corpus-christi\/\"]}]},{\"@type\":\"ImageObject\",\"inLanguage\":\"pt-BR\",\"@id\":\"https:\/\/abelfigueiredo.pa.gov.br\/site\/corpus-christi\/#primaryimage\",\"url\":\"https:\/\/abelfigueiredo.pa.gov.br\/site\/wp-content\/uploads\/2024\/06\/441871093_353451781174959_3734670808730831857_n.jpg\",\"contentUrl\":\"https:\/\/abelfigueiredo.pa.gov.br\/site\/wp-content\/uploads\/2024\/06\/441871093_353451781174959_3734670808730831857_n.jpg\",\"width\":515,\"height\":640},{\"@type\":\"WebSite\",\"@id\":\"https:\/\/abelfigueiredo.pa.gov.br\/site\/#website\",\"url\":\"https:\/\/abelfigueiredo.pa.gov.br\/site\/\",\"name\":\"Prefeitura Municipal de Abel Figueiredo | Gest\u00e3o 2025-2028\",\"description\":\"Site oficial da Prefeitura Municipal de Abel Figueiredo\",\"potentialAction\":[{\"@type\":\"SearchAction\",\"target\":{\"@type\":\"EntryPoint\",\"urlTemplate\":\"https:\/\/abelfigueiredo.pa.gov.br\/site\/?s={search_term_string}\"},\"query-input\":{\"@type\":\"PropertyValueSpecification\",\"valueRequired\":true,\"valueName\":\"search_term_string\"}}],\"inLanguage\":\"pt-BR\"},{\"@type\":\"Person\",\"@id\":\"https:\/\/abelfigueiredo.pa.gov.br\/site\/#\/schema\/person\/7c1ecb1baa18502745b46b3921be7bbb\",\"name\":\"djthiago\",\"image\":{\"@type\":\"ImageObject\",\"inLanguage\":\"pt-BR\",\"@id\":\"https:\/\/abelfigueiredo.pa.gov.br\/site\/#\/schema\/person\/image\/\",\"url\":\"https:\/\/secure.gravatar.com\/avatar\/2edad05cd7afbef8b9e1495dacdf55fd32bf2fe055ead3a385c32f41e201743d?s=96&d=mm&r=g\",\"contentUrl\":\"https:\/\/secure.gravatar.com\/avatar\/2edad05cd7afbef8b9e1495dacdf55fd32bf2fe055ead3a385c32f41e201743d?s=96&d=mm&r=g\",\"caption\":\"djthiago\"},\"url\":\"https:\/\/abelfigueiredo.pa.gov.br\/site\/author\/djthiago\/\"}]}<\/script>\n<!-- \/ Yoast SEO plugin. -->","yoast_head_json":{"title":"Corpus Christi - Prefeitura Municipal de Abel Figueiredo | Gest\u00e3o 2025-2028","robots":{"index":"index","follow":"follow","max-snippet":"max-snippet:-1","max-image-preview":"max-image-preview:large","max-video-preview":"max-video-preview:-1"},"canonical":"https:\/\/abelfigueiredo.pa.gov.br\/site\/corpus-christi\/","og_locale":"pt_BR","og_type":"article","og_title":"Corpus Christi - Prefeitura Municipal de Abel Figueiredo | Gest\u00e3o 2025-2028","og_description":"&#8220;Neste Corpus Christi, que a presen\u00e7a de Cristo na Eucaristia fortale\u00e7a sua f\u00e9 e traga b\u00ean\u00e7\u00e3os infinitas para voc\u00ea e sua fam\u00edlia.&#8221; &#8220;Que a solenidade de Corpus Christi inspire-nos a viver com mais amor, compaix\u00e3o e gratid\u00e3o.&#8221; #prefeituradeabel #trabalhandoparaopovo","og_url":"https:\/\/abelfigueiredo.pa.gov.br\/site\/corpus-christi\/","og_site_name":"Prefeitura Municipal de Abel Figueiredo | Gest\u00e3o 2025-2028","article_published_time":"2024-05-30T20:08:04+00:00","og_image":[{"url":"https:\/\/scontent-gru2-2.xx.fbcdn.net\/v\/t39.30808-6\/441871093_353451781174959_3734670808730831857_n.jpg?stp=dst-jpg_s640x640&amp;_nc_cat=106&amp;ccb=1-7&amp;_nc_sid=5f2048&amp;_nc_eui2=AeHPYf3kMSuHqkdOuUHc_amCcsoo1krAHt1yyijWSsAe3UUbLq7c1A9gnzMUfBJprw1vurm81Eu54UL2CQX9Ugwb&amp;_nc_ohc=IrweHR3lpEkQ7kNvgHMgsnZ&amp;_nc_ht=scontent-gru2-2.xx&amp;oh=00_AYDufFtdUFYuQO4A0jQX9Nz5ZSwkXrf29XvFRP1da0G2jg&amp;oe=66652907","type":"","width":"","height":""}],"author":"djthiago","twitter_misc":{"Escrito por":"djthiago"},"schema":{"@context":"https:\/\/schema.org","@graph":[{"@type":"WebPage","@id":"https:\/\/abelfigueiredo.pa.gov.br\/site\/corpus-christi\/","url":"https:\/\/abelfigueiredo.pa.gov.br\/site\/corpus-christi\/","name":"Corpus Christi - Prefeitura Municipal de Abel Figueiredo | Gest\u00e3o 2025-2028","isPartOf":{"@id":"https:\/\/abelfigueiredo.pa.gov.br\/site\/#website"},"primaryImageOfPage":{"@id":"https:\/\/abelfigueiredo.pa.gov.br\/site\/corpus-christi\/#primaryimage"},"image":{"@id":"https:\/\/abelfigueiredo.pa.gov.br\/site\/corpus-christi\/#primaryimage"},"thumbnailUrl":"https:\/\/abelfigueiredo.pa.gov.br\/site\/wp-content\/uploads\/2024\/06\/441871093_353451781174959_3734670808730831857_n.jpg","datePublished":"2024-05-30T20:08:04+00:00","author":{"@id":"https:\/\/abelfigueiredo.pa.gov.br\/site\/#\/schema\/person\/7c1ecb1baa18502745b46b3921be7bbb"},"inLanguage":"pt-BR","potentialAction":[{"@type":"ReadAction","target":["https:\/\/abelfigueiredo.pa.gov.br\/site\/corpus-christi\/"]}]},{"@type":"ImageObject","inLanguage":"pt-BR","@id":"https:\/\/abelfigueiredo.pa.gov.br\/site\/corpus-christi\/#primaryimage","url":"https:\/\/abelfigueiredo.pa.gov.br\/site\/wp-content\/uploads\/2024\/06\/441871093_353451781174959_3734670808730831857_n.jpg","contentUrl":"https:\/\/abelfigueiredo.pa.gov.br\/site\/wp-content\/uploads\/2024\/06\/441871093_353451781174959_3734670808730831857_n.jpg","width":515,"height":640},{"@type":"WebSite","@id":"https:\/\/abelfigueiredo.pa.gov.br\/site\/#website","url":"https:\/\/abelfigueiredo.pa.gov.br\/site\/","name":"Prefeitura Municipal de Abel Figueiredo | Gest\u00e3o 2025-2028","description":"Site oficial da Prefeitura Municipal de Abel Figueiredo","potentialAction":[{"@type":"SearchAction","target":{"@type":"EntryPoint","urlTemplate":"https:\/\/abelfigueiredo.pa.gov.br\/site\/?s={search_term_string}"},"query-input":{"@type":"PropertyValueSpecification","valueRequired":true,"valueName":"search_term_string"}}],"inLanguage":"pt-BR"},{"@type":"Person","@id":"https:\/\/abelfigueiredo.pa.gov.br\/site\/#\/schema\/person\/7c1ecb1baa18502745b46b3921be7bbb","name":"djthiago","image":{"@type":"ImageObject","inLanguage":"pt-BR","@id":"https:\/\/abelfigueiredo.pa.gov.br\/site\/#\/schema\/person\/image\/","url":"https:\/\/secure.gravatar.com\/avatar\/2edad05cd7afbef8b9e1495dacdf55fd32bf2fe055ead3a385c32f41e201743d?s=96&d=mm&r=g","contentUrl":"https:\/\/secure.gravatar.com\/avatar\/2edad05cd7afbef8b9e1495dacdf55fd32bf2fe055ead3a385c32f41e201743d?s=96&d=mm&r=g","caption":"djthiago"},"url":"https:\/\/abelfigueiredo.pa.gov.br\/site\/author\/djthiago\/"}]}},"_links":{"self":[{"href":"https:\/\/abelfigueiredo.pa.gov.br\/site\/wp-json\/wp\/v2\/posts\/17992","targetHints":{"allow":["GET"]}}],"collection":[{"href":"https:\/\/abelfigueiredo.pa.gov.br\/site\/wp-json\/wp\/v2\/posts"}],"about":[{"href":"https:\/\/abelfigueiredo.pa.gov.br\/site\/wp-json\/wp\/v2\/types\/post"}],"author":[{"embeddable":true,"href":"https:\/\/abelfigueiredo.pa.gov.br\/site\/wp-json\/wp\/v2\/users\/34"}],"replies":[{"embeddable":true,"href":"https:\/\/abelfigueiredo.pa.gov.br\/site\/wp-json\/wp\/v2\/comments?post=17992"}],"version-history":[{"count":0,"href":"https:\/\/abelfigueiredo.pa.gov.br\/site\/wp-json\/wp\/v2\/posts\/17992\/revisions"}],"wp:featuredmedia":[{"embeddable":true,"href":"https:\/\/abelfigueiredo.pa.gov.br\/site\/wp-json\/wp\/v2\/media\/17993"}],"wp:attachment":[{"href":"https:\/\/abelfigueiredo.pa.gov.br\/site\/wp-json\/wp\/v2\/media?parent=17992"}],"wp:term":[{"taxonomy":"category","embeddable":true,"href":"https:\/\/abelfigueiredo.pa.gov.br\/site\/wp-json\/wp\/v2\/categories?post=17992"},{"taxonomy":"post_tag","embeddable":true,"href":"https:\/\/abelfigueiredo.pa.gov.br\/site\/wp-json\/wp\/v2\/tags?post=17992"}],"curies":[{"name":"wp","href":"https:\/\/api.w.org\/{rel}","templated":true}]}}