{"id":17791,"date":"2024-04-11T17:04:12","date_gmt":"2024-04-11T20:04:12","guid":{"rendered":"https:\/\/abelfigueiredo.pa.gov.br\/site\/?p=17791"},"modified":"2024-04-11T17:04:12","modified_gmt":"2024-04-11T20:04:12","slug":"11-de-abril-dia-de-parabenizar-o-prefeito-antonio-calhau-pelo-seu-dia","status":"publish","type":"post","link":"https:\/\/abelfigueiredo.pa.gov.br\/site\/11-de-abril-dia-de-parabenizar-o-prefeito-antonio-calhau-pelo-seu-dia\/","title":{"rendered":"11 de Abril, Dia de Parabenizar o Prefeito Ant\u00f4nio Calhau pelo seu Dia."},"content":{"rendered":"<div class=\"html-div xe8uvvx xdj266r x11i5rnm xat24cr x1mh8g0r xexx8yu x4uap5 x18d9i69 xkhd6sd\">\n<div class=\"html-div xe8uvvx xdj266r x11i5rnm xat24cr x1mh8g0r xexx8yu x4uap5 x18d9i69 xkhd6sd\" dir=\"auto\">\n<div id=\":r1h0:\" class=\"x1iorvi4 x1pi30zi x1l90r2v x1swvt13\" data-ad-comet-preview=\"message\" data-ad-preview=\"message\">\n<div class=\"x78zum5 xdt5ytf xz62fqu x16ldp7u\">\n<div class=\"xu06os2 x1ok221b\">\n<div class=\"x11i5rnm xat24cr x1mh8g0r x1vvkbs xtlvy1s x126k92a\">\n<div dir=\"auto\"><a class=\"x1i10hfl xjbqb8w x1ejq31n xd10rxx x1sy0etr x17r0tee x972fbf xcfux6l x1qhh985 xm0m39n x9f619 x1ypdohk xt0psk2 xe8uvvx xdj266r x11i5rnm xat24cr x1mh8g0r xexx8yu x4uap5 x18d9i69 xkhd6sd x16tdsg8 xggy1nq x1a2a7pz xt0b8zv x1hl2dhg x1fey0fg xo1l8bm\" tabindex=\"0\" role=\"link\" href=\"https:\/\/www.facebook.com\/hashtag\/compartilhe?__eep__=6&amp;__cft__[0]=AZV7DF7_hhhOr0TZqI6sGPi1puXB51S6Yf-2C2_Xj24bWTIk0Kzi5E3T8UgDORz2Z2Ds9mYVaTNYmaybtcAyWrmRv7cjgqqQmY2y_OBQA0ROLUlZlcKCn2r46M4pmMFTy9fZhVxqJxzNoG-pe4UXJMbKlPzXzcuW6k5dZ5oUqTbQsbfwHhaY5RGjuorUPqLOdWNz2cw3D8AueqayLhMDI_uO8F3K_5BzQ8xzP2R3jHDw8SKA-TEllEwdFGMdXxuvHLxtug-xTcc-4tilws6ec1Zz&amp;__tn__=*NK-R\">#compartilhe<\/a><\/div>\n<\/div>\n<div class=\"x11i5rnm xat24cr x1mh8g0r x1vvkbs xtlvy1s x126k92a\">\n<div dir=\"auto\">Nesta data dedicada ao Dia do Prefeito, queremos parabenizar voc\u00ea pelos esfor\u00e7os di\u00e1rios em prol da fam\u00edlia, da comunidade, da sociedade e do bem estar de todos.<\/div>\n<\/div>\n<div class=\"x11i5rnm xat24cr x1mh8g0r x1vvkbs xtlvy1s x126k92a\">\n<div dir=\"auto\">Parab\u00e9ns!!!<\/div>\n<\/div>\n<div class=\"x11i5rnm xat24cr x1mh8g0r x1vvkbs xtlvy1s x126k92a\">\n<div dir=\"auto\"><a class=\"x1i10hfl xjbqb8w x1ejq31n xd10rxx x1sy0etr x17r0tee x972fbf xcfux6l x1qhh985 xm0m39n x9f619 x1ypdohk xt0psk2 xe8uvvx xdj266r x11i5rnm xat24cr x1mh8g0r xexx8yu x4uap5 x18d9i69 xkhd6sd x16tdsg8 xggy1nq x1a2a7pz xt0b8zv x1hl2dhg x1fey0fg xo1l8bm\" tabindex=\"0\" role=\"link\" href=\"https:\/\/www.facebook.com\/hashtag\/prefeituradeabel?__eep__=6&amp;__cft__[0]=AZV7DF7_hhhOr0TZqI6sGPi1puXB51S6Yf-2C2_Xj24bWTIk0Kzi5E3T8UgDORz2Z2Ds9mYVaTNYmaybtcAyWrmRv7cjgqqQmY2y_OBQA0ROLUlZlcKCn2r46M4pmMFTy9fZhVxqJxzNoG-pe4UXJMbKlPzXzcuW6k5dZ5oUqTbQsbfwHhaY5RGjuorUPqLOdWNz2cw3D8AueqayLhMDI_uO8F3K_5BzQ8xzP2R3jHDw8SKA-TEllEwdFGMdXxuvHLxtug-xTcc-4tilws6ec1Zz&amp;__tn__=*NK-R\">#prefeituradeabel<\/a><\/div>\n<div dir=\"auto\"><a class=\"x1i10hfl xjbqb8w x1ejq31n xd10rxx x1sy0etr x17r0tee x972fbf xcfux6l x1qhh985 xm0m39n x9f619 x1ypdohk xt0psk2 xe8uvvx xdj266r x11i5rnm xat24cr x1mh8g0r xexx8yu x4uap5 x18d9i69 xkhd6sd x16tdsg8 xggy1nq x1a2a7pz xt0b8zv x1hl2dhg x1fey0fg xo1l8bm\" tabindex=\"0\" role=\"link\" href=\"https:\/\/www.facebook.com\/hashtag\/trabalhandoparaopovo?__eep__=6&amp;__cft__[0]=AZV7DF7_hhhOr0TZqI6sGPi1puXB51S6Yf-2C2_Xj24bWTIk0Kzi5E3T8UgDORz2Z2Ds9mYVaTNYmaybtcAyWrmRv7cjgqqQmY2y_OBQA0ROLUlZlcKCn2r46M4pmMFTy9fZhVxqJxzNoG-pe4UXJMbKlPzXzcuW6k5dZ5oUqTbQsbfwHhaY5RGjuorUPqLOdWNz2cw3D8AueqayLhMDI_uO8F3K_5BzQ8xzP2R3jHDw8SKA-TEllEwdFGMdXxuvHLxtug-xTcc-4tilws6ec1Zz&amp;__tn__=*NK-R\">#trabalhandoparaopovo<\/a><\/div>\n<\/div>\n<\/div>\n<\/div>\n<\/div>\n<\/div>\n<div id=\":r1h1:\" class=\"html-div xe8uvvx xdj266r x11i5rnm xat24cr x1mh8g0r xexx8yu x4uap5 x18d9i69 xkhd6sd x1n2onr6\">\n<div class=\"html-div xe8uvvx xdj266r x11i5rnm xat24cr x1mh8g0r xexx8yu x4uap5 x18d9i69 xkhd6sd x1n2onr6\">\n<div class=\"x6s0dn4 x1jx94hy x78zum5 xdt5ytf x6ikm8r x10wlt62 x1n2onr6 xh8yej3\">\n<div>\n<div class=\"xqtp20y x6ikm8r x10wlt62 x1n2onr6\">\n<div class=\"x10l6tqk x13vifvy\"><img loading=\"lazy\" decoding=\"async\" class=\"x1ey2m1c xds687c x5yr21d x10l6tqk x17qophe x13vifvy xh8yej3 xl1xv1r\" src=\"https:\/\/scontent-gru1-1.xx.fbcdn.net\/v\/t39.30808-6\/435172902_302935682893236_6084213626127897483_n.jpg?stp=dst-jpg_s640x640&amp;_nc_cat=104&amp;ccb=1-7&amp;_nc_sid=5f2048&amp;_nc_eui2=AeEJkge-zHS7TejMEtVfAW334JQxrL04PiHglDGsvTg-Iba1W1gUPfkD6DJAivwbIqmVzR4t2KTT3eoy7GQi4L6J&amp;_nc_ohc=zOxDPkHQ6nsQ7kNvgEw6PS7&amp;_nc_ht=scontent-gru1-1.xx&amp;oh=00_AYDvnC_zUNdJBkvAbufsOdUF9n6tJP3-ST0gJ71LiIGv_g&amp;oe=66430E66\" alt=\"Pode ser uma imagem de 1 pessoa e texto que diz &quot;11DEABRIL 11 DE ABRIL DIADO PREFEITO DIA DE HOMENAGEAR QUEM TRABALHA PARA FAZER A NOSSA CIDADE CADA VEZ MELHOR&quot; ANT\u00d4NIO CALHAU PREFEITURA ABEL DE ABEL FIGUEIREDO Krpy\u0436o\u0438R Trabalhando para Povo! www. www.abelfiqueliredo.pa.gov.br&quot;\" width=\"515\" height=\"640\" \/><\/div>\n<\/div>\n<\/div>\n<\/div>\n<div class=\"xua58t2 xzg4506 x1ey2m1c xds687c x47corl x10l6tqk x17qophe x13vifvy\"><\/div>\n<div class=\"x1ey2m1c xds687c x17qophe xg01cxk x47corl x10l6tqk x13vifvy x1ebt8du x19991ni x1dhq9h x1o1ewxj x3x9cwd x1e5q0jg x13rtm0m\" role=\"none\" data-visualcompletion=\"ignore\"><\/div>\n<\/div>\n<\/div>\n<\/div>\n","protected":false},"excerpt":{"rendered":"<p>#compartilhe Nesta data dedicada ao Dia do Prefeito, queremos parabenizar voc\u00ea pelos esfor\u00e7os di\u00e1rios em prol da fam\u00edlia, da comunidade, da sociedade e do bem estar de todos. Parab\u00e9ns!!! #prefeituradeabel #trabalhandoparaopovo<\/p>\n","protected":false},"author":34,"featured_media":17792,"comment_status":"closed","ping_status":"closed","sticky":false,"template":"","format":"standard","meta":{"footnotes":""},"categories":[1],"tags":[],"class_list":{"0":"post-17791","1":"post","2":"type-post","3":"status-publish","4":"format-standard","5":"has-post-thumbnail","7":"category-noticias"},"yoast_head":"<!-- This site is optimized with the Yoast SEO plugin v26.6 - https:\/\/yoast.com\/wordpress\/plugins\/seo\/ -->\n<title>11 de Abril, Dia de Parabenizar o Prefeito Ant\u00f4nio Calhau pelo seu Dia. - Prefeitura Municipal de Abel Figueiredo | Gest\u00e3o 2025-2028<\/title>\n<meta name=\"robots\" content=\"index, follow, max-snippet:-1, max-image-preview:large, max-video-preview:-1\" \/>\n<link rel=\"canonical\" href=\"https:\/\/abelfigueiredo.pa.gov.br\/site\/11-de-abril-dia-de-parabenizar-o-prefeito-antonio-calhau-pelo-seu-dia\/\" \/>\n<meta property=\"og:locale\" content=\"pt_BR\" \/>\n<meta property=\"og:type\" content=\"article\" \/>\n<meta property=\"og:title\" content=\"11 de Abril, Dia de Parabenizar o Prefeito Ant\u00f4nio Calhau pelo seu Dia. - Prefeitura Municipal de Abel Figueiredo | Gest\u00e3o 2025-2028\" \/>\n<meta property=\"og:description\" content=\"#compartilhe Nesta data dedicada ao Dia do Prefeito, queremos parabenizar voc\u00ea pelos esfor\u00e7os di\u00e1rios em prol da fam\u00edlia, da comunidade, da sociedade e do bem estar de todos. Parab\u00e9ns!!! #prefeituradeabel #trabalhandoparaopovo\" \/>\n<meta property=\"og:url\" content=\"https:\/\/abelfigueiredo.pa.gov.br\/site\/11-de-abril-dia-de-parabenizar-o-prefeito-antonio-calhau-pelo-seu-dia\/\" \/>\n<meta property=\"og:site_name\" content=\"Prefeitura Municipal de Abel Figueiredo | Gest\u00e3o 2025-2028\" \/>\n<meta property=\"article:published_time\" content=\"2024-04-11T20:04:12+00:00\" \/>\n<meta property=\"og:image\" content=\"https:\/\/scontent-gru1-1.xx.fbcdn.net\/v\/t39.30808-6\/435172902_302935682893236_6084213626127897483_n.jpg?stp=dst-jpg_s640x640&amp;_nc_cat=104&amp;ccb=1-7&amp;_nc_sid=5f2048&amp;_nc_eui2=AeEJkge-zHS7TejMEtVfAW334JQxrL04PiHglDGsvTg-Iba1W1gUPfkD6DJAivwbIqmVzR4t2KTT3eoy7GQi4L6J&amp;_nc_ohc=zOxDPkHQ6nsQ7kNvgEw6PS7&amp;_nc_ht=scontent-gru1-1.xx&amp;oh=00_AYDvnC_zUNdJBkvAbufsOdUF9n6tJP3-ST0gJ71LiIGv_g&amp;oe=66430E66\" \/>\n<meta name=\"author\" content=\"djthiago\" \/>\n<meta name=\"twitter:label1\" content=\"Escrito por\" \/>\n\t<meta name=\"twitter:data1\" content=\"djthiago\" \/>\n<script type=\"application\/ld+json\" class=\"yoast-schema-graph\">{\"@context\":\"https:\/\/schema.org\",\"@graph\":[{\"@type\":\"WebPage\",\"@id\":\"https:\/\/abelfigueiredo.pa.gov.br\/site\/11-de-abril-dia-de-parabenizar-o-prefeito-antonio-calhau-pelo-seu-dia\/\",\"url\":\"https:\/\/abelfigueiredo.pa.gov.br\/site\/11-de-abril-dia-de-parabenizar-o-prefeito-antonio-calhau-pelo-seu-dia\/\",\"name\":\"11 de Abril, Dia de Parabenizar o Prefeito Ant\u00f4nio Calhau pelo seu Dia. - Prefeitura Municipal de Abel Figueiredo | Gest\u00e3o 2025-2028\",\"isPartOf\":{\"@id\":\"https:\/\/abelfigueiredo.pa.gov.br\/site\/#website\"},\"primaryImageOfPage\":{\"@id\":\"https:\/\/abelfigueiredo.pa.gov.br\/site\/11-de-abril-dia-de-parabenizar-o-prefeito-antonio-calhau-pelo-seu-dia\/#primaryimage\"},\"image\":{\"@id\":\"https:\/\/abelfigueiredo.pa.gov.br\/site\/11-de-abril-dia-de-parabenizar-o-prefeito-antonio-calhau-pelo-seu-dia\/#primaryimage\"},\"thumbnailUrl\":\"https:\/\/abelfigueiredo.pa.gov.br\/site\/wp-content\/uploads\/2024\/05\/435172902_302935682893236_6084213626127897483_n.jpg\",\"datePublished\":\"2024-04-11T20:04:12+00:00\",\"author\":{\"@id\":\"https:\/\/abelfigueiredo.pa.gov.br\/site\/#\/schema\/person\/7c1ecb1baa18502745b46b3921be7bbb\"},\"inLanguage\":\"pt-BR\",\"potentialAction\":[{\"@type\":\"ReadAction\",\"target\":[\"https:\/\/abelfigueiredo.pa.gov.br\/site\/11-de-abril-dia-de-parabenizar-o-prefeito-antonio-calhau-pelo-seu-dia\/\"]}]},{\"@type\":\"ImageObject\",\"inLanguage\":\"pt-BR\",\"@id\":\"https:\/\/abelfigueiredo.pa.gov.br\/site\/11-de-abril-dia-de-parabenizar-o-prefeito-antonio-calhau-pelo-seu-dia\/#primaryimage\",\"url\":\"https:\/\/abelfigueiredo.pa.gov.br\/site\/wp-content\/uploads\/2024\/05\/435172902_302935682893236_6084213626127897483_n.jpg\",\"contentUrl\":\"https:\/\/abelfigueiredo.pa.gov.br\/site\/wp-content\/uploads\/2024\/05\/435172902_302935682893236_6084213626127897483_n.jpg\",\"width\":515,\"height\":640},{\"@type\":\"WebSite\",\"@id\":\"https:\/\/abelfigueiredo.pa.gov.br\/site\/#website\",\"url\":\"https:\/\/abelfigueiredo.pa.gov.br\/site\/\",\"name\":\"Prefeitura Municipal de Abel Figueiredo | Gest\u00e3o 2025-2028\",\"description\":\"Site oficial da Prefeitura Municipal de Abel Figueiredo\",\"potentialAction\":[{\"@type\":\"SearchAction\",\"target\":{\"@type\":\"EntryPoint\",\"urlTemplate\":\"https:\/\/abelfigueiredo.pa.gov.br\/site\/?s={search_term_string}\"},\"query-input\":{\"@type\":\"PropertyValueSpecification\",\"valueRequired\":true,\"valueName\":\"search_term_string\"}}],\"inLanguage\":\"pt-BR\"},{\"@type\":\"Person\",\"@id\":\"https:\/\/abelfigueiredo.pa.gov.br\/site\/#\/schema\/person\/7c1ecb1baa18502745b46b3921be7bbb\",\"name\":\"djthiago\",\"image\":{\"@type\":\"ImageObject\",\"inLanguage\":\"pt-BR\",\"@id\":\"https:\/\/abelfigueiredo.pa.gov.br\/site\/#\/schema\/person\/image\/\",\"url\":\"https:\/\/secure.gravatar.com\/avatar\/2edad05cd7afbef8b9e1495dacdf55fd32bf2fe055ead3a385c32f41e201743d?s=96&d=mm&r=g\",\"contentUrl\":\"https:\/\/secure.gravatar.com\/avatar\/2edad05cd7afbef8b9e1495dacdf55fd32bf2fe055ead3a385c32f41e201743d?s=96&d=mm&r=g\",\"caption\":\"djthiago\"},\"url\":\"https:\/\/abelfigueiredo.pa.gov.br\/site\/author\/djthiago\/\"}]}<\/script>\n<!-- \/ Yoast SEO plugin. -->","yoast_head_json":{"title":"11 de Abril, Dia de Parabenizar o Prefeito Ant\u00f4nio Calhau pelo seu Dia. - Prefeitura Municipal de Abel Figueiredo | Gest\u00e3o 2025-2028","robots":{"index":"index","follow":"follow","max-snippet":"max-snippet:-1","max-image-preview":"max-image-preview:large","max-video-preview":"max-video-preview:-1"},"canonical":"https:\/\/abelfigueiredo.pa.gov.br\/site\/11-de-abril-dia-de-parabenizar-o-prefeito-antonio-calhau-pelo-seu-dia\/","og_locale":"pt_BR","og_type":"article","og_title":"11 de Abril, Dia de Parabenizar o Prefeito Ant\u00f4nio Calhau pelo seu Dia. - Prefeitura Municipal de Abel Figueiredo | Gest\u00e3o 2025-2028","og_description":"#compartilhe Nesta data dedicada ao Dia do Prefeito, queremos parabenizar voc\u00ea pelos esfor\u00e7os di\u00e1rios em prol da fam\u00edlia, da comunidade, da sociedade e do bem estar de todos. Parab\u00e9ns!!! #prefeituradeabel #trabalhandoparaopovo","og_url":"https:\/\/abelfigueiredo.pa.gov.br\/site\/11-de-abril-dia-de-parabenizar-o-prefeito-antonio-calhau-pelo-seu-dia\/","og_site_name":"Prefeitura Municipal de Abel Figueiredo | Gest\u00e3o 2025-2028","article_published_time":"2024-04-11T20:04:12+00:00","og_image":[{"url":"https:\/\/scontent-gru1-1.xx.fbcdn.net\/v\/t39.30808-6\/435172902_302935682893236_6084213626127897483_n.jpg?stp=dst-jpg_s640x640&amp;_nc_cat=104&amp;ccb=1-7&amp;_nc_sid=5f2048&amp;_nc_eui2=AeEJkge-zHS7TejMEtVfAW334JQxrL04PiHglDGsvTg-Iba1W1gUPfkD6DJAivwbIqmVzR4t2KTT3eoy7GQi4L6J&amp;_nc_ohc=zOxDPkHQ6nsQ7kNvgEw6PS7&amp;_nc_ht=scontent-gru1-1.xx&amp;oh=00_AYDvnC_zUNdJBkvAbufsOdUF9n6tJP3-ST0gJ71LiIGv_g&amp;oe=66430E66","type":"","width":"","height":""}],"author":"djthiago","twitter_misc":{"Escrito por":"djthiago"},"schema":{"@context":"https:\/\/schema.org","@graph":[{"@type":"WebPage","@id":"https:\/\/abelfigueiredo.pa.gov.br\/site\/11-de-abril-dia-de-parabenizar-o-prefeito-antonio-calhau-pelo-seu-dia\/","url":"https:\/\/abelfigueiredo.pa.gov.br\/site\/11-de-abril-dia-de-parabenizar-o-prefeito-antonio-calhau-pelo-seu-dia\/","name":"11 de Abril, Dia de Parabenizar o Prefeito Ant\u00f4nio Calhau pelo seu Dia. - Prefeitura Municipal de Abel Figueiredo | Gest\u00e3o 2025-2028","isPartOf":{"@id":"https:\/\/abelfigueiredo.pa.gov.br\/site\/#website"},"primaryImageOfPage":{"@id":"https:\/\/abelfigueiredo.pa.gov.br\/site\/11-de-abril-dia-de-parabenizar-o-prefeito-antonio-calhau-pelo-seu-dia\/#primaryimage"},"image":{"@id":"https:\/\/abelfigueiredo.pa.gov.br\/site\/11-de-abril-dia-de-parabenizar-o-prefeito-antonio-calhau-pelo-seu-dia\/#primaryimage"},"thumbnailUrl":"https:\/\/abelfigueiredo.pa.gov.br\/site\/wp-content\/uploads\/2024\/05\/435172902_302935682893236_6084213626127897483_n.jpg","datePublished":"2024-04-11T20:04:12+00:00","author":{"@id":"https:\/\/abelfigueiredo.pa.gov.br\/site\/#\/schema\/person\/7c1ecb1baa18502745b46b3921be7bbb"},"inLanguage":"pt-BR","potentialAction":[{"@type":"ReadAction","target":["https:\/\/abelfigueiredo.pa.gov.br\/site\/11-de-abril-dia-de-parabenizar-o-prefeito-antonio-calhau-pelo-seu-dia\/"]}]},{"@type":"ImageObject","inLanguage":"pt-BR","@id":"https:\/\/abelfigueiredo.pa.gov.br\/site\/11-de-abril-dia-de-parabenizar-o-prefeito-antonio-calhau-pelo-seu-dia\/#primaryimage","url":"https:\/\/abelfigueiredo.pa.gov.br\/site\/wp-content\/uploads\/2024\/05\/435172902_302935682893236_6084213626127897483_n.jpg","contentUrl":"https:\/\/abelfigueiredo.pa.gov.br\/site\/wp-content\/uploads\/2024\/05\/435172902_302935682893236_6084213626127897483_n.jpg","width":515,"height":640},{"@type":"WebSite","@id":"https:\/\/abelfigueiredo.pa.gov.br\/site\/#website","url":"https:\/\/abelfigueiredo.pa.gov.br\/site\/","name":"Prefeitura Municipal de Abel Figueiredo | Gest\u00e3o 2025-2028","description":"Site oficial da Prefeitura Municipal de Abel Figueiredo","potentialAction":[{"@type":"SearchAction","target":{"@type":"EntryPoint","urlTemplate":"https:\/\/abelfigueiredo.pa.gov.br\/site\/?s={search_term_string}"},"query-input":{"@type":"PropertyValueSpecification","valueRequired":true,"valueName":"search_term_string"}}],"inLanguage":"pt-BR"},{"@type":"Person","@id":"https:\/\/abelfigueiredo.pa.gov.br\/site\/#\/schema\/person\/7c1ecb1baa18502745b46b3921be7bbb","name":"djthiago","image":{"@type":"ImageObject","inLanguage":"pt-BR","@id":"https:\/\/abelfigueiredo.pa.gov.br\/site\/#\/schema\/person\/image\/","url":"https:\/\/secure.gravatar.com\/avatar\/2edad05cd7afbef8b9e1495dacdf55fd32bf2fe055ead3a385c32f41e201743d?s=96&d=mm&r=g","contentUrl":"https:\/\/secure.gravatar.com\/avatar\/2edad05cd7afbef8b9e1495dacdf55fd32bf2fe055ead3a385c32f41e201743d?s=96&d=mm&r=g","caption":"djthiago"},"url":"https:\/\/abelfigueiredo.pa.gov.br\/site\/author\/djthiago\/"}]}},"_links":{"self":[{"href":"https:\/\/abelfigueiredo.pa.gov.br\/site\/wp-json\/wp\/v2\/posts\/17791","targetHints":{"allow":["GET"]}}],"collection":[{"href":"https:\/\/abelfigueiredo.pa.gov.br\/site\/wp-json\/wp\/v2\/posts"}],"about":[{"href":"https:\/\/abelfigueiredo.pa.gov.br\/site\/wp-json\/wp\/v2\/types\/post"}],"author":[{"embeddable":true,"href":"https:\/\/abelfigueiredo.pa.gov.br\/site\/wp-json\/wp\/v2\/users\/34"}],"replies":[{"embeddable":true,"href":"https:\/\/abelfigueiredo.pa.gov.br\/site\/wp-json\/wp\/v2\/comments?post=17791"}],"version-history":[{"count":0,"href":"https:\/\/abelfigueiredo.pa.gov.br\/site\/wp-json\/wp\/v2\/posts\/17791\/revisions"}],"wp:featuredmedia":[{"embeddable":true,"href":"https:\/\/abelfigueiredo.pa.gov.br\/site\/wp-json\/wp\/v2\/media\/17792"}],"wp:attachment":[{"href":"https:\/\/abelfigueiredo.pa.gov.br\/site\/wp-json\/wp\/v2\/media?parent=17791"}],"wp:term":[{"taxonomy":"category","embeddable":true,"href":"https:\/\/abelfigueiredo.pa.gov.br\/site\/wp-json\/wp\/v2\/categories?post=17791"},{"taxonomy":"post_tag","embeddable":true,"href":"https:\/\/abelfigueiredo.pa.gov.br\/site\/wp-json\/wp\/v2\/tags?post=17791"}],"curies":[{"name":"wp","href":"https:\/\/api.w.org\/{rel}","templated":true}]}}