{"id":17711,"date":"2024-04-05T10:21:06","date_gmt":"2024-04-05T13:21:06","guid":{"rendered":"https:\/\/abelfigueiredo.pa.gov.br\/site\/?p=17711"},"modified":"2024-04-05T10:21:06","modified_gmt":"2024-04-05T13:21:06","slug":"acao-saude-da-mulher","status":"publish","type":"post","link":"https:\/\/abelfigueiredo.pa.gov.br\/site\/acao-saude-da-mulher\/","title":{"rendered":"A\u00e7\u00e3o Sa\u00fade da Mulher"},"content":{"rendered":"<div>\n<div class=\"\" dir=\"auto\">\n<div id=\":r1n1:\" class=\"x1iorvi4 x1pi30zi x1l90r2v x1swvt13\" data-ad-comet-preview=\"message\" data-ad-preview=\"message\">\n<div class=\"x78zum5 xdt5ytf xz62fqu x16ldp7u\">\n<div class=\"xu06os2 x1ok221b\">\n<div class=\"x11i5rnm xat24cr x1mh8g0r x1vvkbs xtlvy1s x126k92a\">\n<div dir=\"auto\">Sexta dia 05 de Abril<\/div>\n<\/div>\n<div class=\"x11i5rnm xat24cr x1mh8g0r x1vvkbs xtlvy1s x126k92a\">\n<div dir=\"auto\">Das 07:30 \u00e0s 14:00h<\/div>\n<\/div>\n<div class=\"x11i5rnm xat24cr x1mh8g0r x1vvkbs xtlvy1s x126k92a\">\n<div dir=\"auto\">No CIG Centro Integrado de Governo com os seguintes atendimentos.<\/div>\n<\/div>\n<div class=\"x11i5rnm xat24cr x1mh8g0r x1vvkbs xtlvy1s x126k92a\">\n<div dir=\"auto\">Consulta com Ginecologista.<\/div>\n<div dir=\"auto\">Coleta de PCCU (Exame Preventivo).<\/div>\n<div dir=\"auto\">Oftalmologista.<\/div>\n<div dir=\"auto\">Testes R\u00e1pidos para s\u00edfilis, Hepatites B e C.<\/div>\n<div dir=\"auto\">Vacina\u00e7\u00e3o Contra Covid ( para Grupos Priorit\u00e1rios)<\/div>\n<div dir=\"auto\">Palestras e orienta\u00e7\u00f5es sobre alimenta\u00e7\u00e3o saud\u00e1vel. Atividades com a fisioterapeuta.<\/div>\n<div dir=\"auto\">Palestra sobre a preven\u00e7\u00e3o ao c\u00e2ncer do colo do \u00fatero.<a href=\"https:\/\/abelfigueiredo.pa.gov.br\/site\/wp-content\/uploads\/2024\/04\/cultura-2024-04-08T122800.004.png\"><img loading=\"lazy\" decoding=\"async\" class=\"alignnone size-medium wp-image-17712\" src=\"https:\/\/abelfigueiredo.pa.gov.br\/site\/wp-content\/uploads\/2024\/04\/cultura-2024-04-08T122800.004-300x300.png\" alt=\"\" width=\"300\" height=\"300\" srcset=\"https:\/\/abelfigueiredo.pa.gov.br\/site\/wp-content\/uploads\/2024\/04\/cultura-2024-04-08T122800.004-300x300.png 300w, https:\/\/abelfigueiredo.pa.gov.br\/site\/wp-content\/uploads\/2024\/04\/cultura-2024-04-08T122800.004-150x150.png 150w, https:\/\/abelfigueiredo.pa.gov.br\/site\/wp-content\/uploads\/2024\/04\/cultura-2024-04-08T122800.004-768x768.png 768w, https:\/\/abelfigueiredo.pa.gov.br\/site\/wp-content\/uploads\/2024\/04\/cultura-2024-04-08T122800.004.png 1000w\" sizes=\"auto, (max-width: 300px) 100vw, 300px\" \/><\/a> <a href=\"https:\/\/abelfigueiredo.pa.gov.br\/site\/wp-content\/uploads\/2024\/04\/cultura-2024-04-08T122557.436.png\"><img loading=\"lazy\" decoding=\"async\" class=\"alignnone size-medium wp-image-17713\" src=\"https:\/\/abelfigueiredo.pa.gov.br\/site\/wp-content\/uploads\/2024\/04\/cultura-2024-04-08T122557.436-300x300.png\" alt=\"\" width=\"300\" height=\"300\" srcset=\"https:\/\/abelfigueiredo.pa.gov.br\/site\/wp-content\/uploads\/2024\/04\/cultura-2024-04-08T122557.436-300x300.png 300w, https:\/\/abelfigueiredo.pa.gov.br\/site\/wp-content\/uploads\/2024\/04\/cultura-2024-04-08T122557.436-150x150.png 150w, https:\/\/abelfigueiredo.pa.gov.br\/site\/wp-content\/uploads\/2024\/04\/cultura-2024-04-08T122557.436-768x768.png 768w, https:\/\/abelfigueiredo.pa.gov.br\/site\/wp-content\/uploads\/2024\/04\/cultura-2024-04-08T122557.436.png 1000w\" sizes=\"auto, (max-width: 300px) 100vw, 300px\" \/><\/a> <a href=\"https:\/\/abelfigueiredo.pa.gov.br\/site\/wp-content\/uploads\/2024\/04\/cultura-2024-04-08T122341.422.png\"><img loading=\"lazy\" decoding=\"async\" class=\"alignnone size-medium wp-image-17714\" src=\"https:\/\/abelfigueiredo.pa.gov.br\/site\/wp-content\/uploads\/2024\/04\/cultura-2024-04-08T122341.422-300x300.png\" alt=\"\" width=\"300\" height=\"300\" srcset=\"https:\/\/abelfigueiredo.pa.gov.br\/site\/wp-content\/uploads\/2024\/04\/cultura-2024-04-08T122341.422-300x300.png 300w, https:\/\/abelfigueiredo.pa.gov.br\/site\/wp-content\/uploads\/2024\/04\/cultura-2024-04-08T122341.422-150x150.png 150w, https:\/\/abelfigueiredo.pa.gov.br\/site\/wp-content\/uploads\/2024\/04\/cultura-2024-04-08T122341.422-768x768.png 768w, https:\/\/abelfigueiredo.pa.gov.br\/site\/wp-content\/uploads\/2024\/04\/cultura-2024-04-08T122341.422.png 1000w\" sizes=\"auto, (max-width: 300px) 100vw, 300px\" \/><\/a> <a href=\"https:\/\/abelfigueiredo.pa.gov.br\/site\/wp-content\/uploads\/2024\/04\/cultura-2024-04-08T122249.435.png\"><img loading=\"lazy\" decoding=\"async\" class=\"alignnone size-medium wp-image-17715\" src=\"https:\/\/abelfigueiredo.pa.gov.br\/site\/wp-content\/uploads\/2024\/04\/cultura-2024-04-08T122249.435-300x300.png\" alt=\"\" width=\"300\" height=\"300\" srcset=\"https:\/\/abelfigueiredo.pa.gov.br\/site\/wp-content\/uploads\/2024\/04\/cultura-2024-04-08T122249.435-300x300.png 300w, https:\/\/abelfigueiredo.pa.gov.br\/site\/wp-content\/uploads\/2024\/04\/cultura-2024-04-08T122249.435-150x150.png 150w, https:\/\/abelfigueiredo.pa.gov.br\/site\/wp-content\/uploads\/2024\/04\/cultura-2024-04-08T122249.435-768x768.png 768w, https:\/\/abelfigueiredo.pa.gov.br\/site\/wp-content\/uploads\/2024\/04\/cultura-2024-04-08T122249.435.png 1000w\" sizes=\"auto, (max-width: 300px) 100vw, 300px\" \/><\/a> <a href=\"https:\/\/abelfigueiredo.pa.gov.br\/site\/wp-content\/uploads\/2024\/04\/cultura-2024-04-08T122141.678.png\"><img loading=\"lazy\" decoding=\"async\" class=\"alignnone size-medium wp-image-17716\" src=\"https:\/\/abelfigueiredo.pa.gov.br\/site\/wp-content\/uploads\/2024\/04\/cultura-2024-04-08T122141.678-300x300.png\" alt=\"\" width=\"300\" height=\"300\" srcset=\"https:\/\/abelfigueiredo.pa.gov.br\/site\/wp-content\/uploads\/2024\/04\/cultura-2024-04-08T122141.678-300x300.png 300w, https:\/\/abelfigueiredo.pa.gov.br\/site\/wp-content\/uploads\/2024\/04\/cultura-2024-04-08T122141.678-150x150.png 150w, https:\/\/abelfigueiredo.pa.gov.br\/site\/wp-content\/uploads\/2024\/04\/cultura-2024-04-08T122141.678-768x768.png 768w, https:\/\/abelfigueiredo.pa.gov.br\/site\/wp-content\/uploads\/2024\/04\/cultura-2024-04-08T122141.678.png 1000w\" sizes=\"auto, (max-width: 300px) 100vw, 300px\" \/><\/a> <a href=\"https:\/\/abelfigueiredo.pa.gov.br\/site\/wp-content\/uploads\/2024\/04\/cultura-2024-04-08T121757.570.png\"><img loading=\"lazy\" decoding=\"async\" class=\"alignnone size-medium wp-image-17717\" src=\"https:\/\/abelfigueiredo.pa.gov.br\/site\/wp-content\/uploads\/2024\/04\/cultura-2024-04-08T121757.570-300x300.png\" alt=\"\" width=\"300\" height=\"300\" srcset=\"https:\/\/abelfigueiredo.pa.gov.br\/site\/wp-content\/uploads\/2024\/04\/cultura-2024-04-08T121757.570-300x300.png 300w, https:\/\/abelfigueiredo.pa.gov.br\/site\/wp-content\/uploads\/2024\/04\/cultura-2024-04-08T121757.570-150x150.png 150w, https:\/\/abelfigueiredo.pa.gov.br\/site\/wp-content\/uploads\/2024\/04\/cultura-2024-04-08T121757.570-768x768.png 768w, https:\/\/abelfigueiredo.pa.gov.br\/site\/wp-content\/uploads\/2024\/04\/cultura-2024-04-08T121757.570.png 1000w\" sizes=\"auto, (max-width: 300px) 100vw, 300px\" \/><\/a> <a href=\"https:\/\/abelfigueiredo.pa.gov.br\/site\/wp-content\/uploads\/2024\/04\/cultura-2024-04-08T121949.979.png\"><img loading=\"lazy\" decoding=\"async\" class=\"alignnone size-medium wp-image-17718\" src=\"https:\/\/abelfigueiredo.pa.gov.br\/site\/wp-content\/uploads\/2024\/04\/cultura-2024-04-08T121949.979-300x300.png\" alt=\"\" width=\"300\" height=\"300\" srcset=\"https:\/\/abelfigueiredo.pa.gov.br\/site\/wp-content\/uploads\/2024\/04\/cultura-2024-04-08T121949.979-300x300.png 300w, https:\/\/abelfigueiredo.pa.gov.br\/site\/wp-content\/uploads\/2024\/04\/cultura-2024-04-08T121949.979-150x150.png 150w, https:\/\/abelfigueiredo.pa.gov.br\/site\/wp-content\/uploads\/2024\/04\/cultura-2024-04-08T121949.979-768x768.png 768w, https:\/\/abelfigueiredo.pa.gov.br\/site\/wp-content\/uploads\/2024\/04\/cultura-2024-04-08T121949.979.png 1000w\" sizes=\"auto, (max-width: 300px) 100vw, 300px\" \/><\/a> <a href=\"https:\/\/abelfigueiredo.pa.gov.br\/site\/wp-content\/uploads\/2024\/04\/cultura-2024-04-08T121628.585.png\"><img loading=\"lazy\" decoding=\"async\" class=\"alignnone size-medium wp-image-17719\" src=\"https:\/\/abelfigueiredo.pa.gov.br\/site\/wp-content\/uploads\/2024\/04\/cultura-2024-04-08T121628.585-300x300.png\" alt=\"\" width=\"300\" height=\"300\" srcset=\"https:\/\/abelfigueiredo.pa.gov.br\/site\/wp-content\/uploads\/2024\/04\/cultura-2024-04-08T121628.585-300x300.png 300w, https:\/\/abelfigueiredo.pa.gov.br\/site\/wp-content\/uploads\/2024\/04\/cultura-2024-04-08T121628.585-150x150.png 150w, https:\/\/abelfigueiredo.pa.gov.br\/site\/wp-content\/uploads\/2024\/04\/cultura-2024-04-08T121628.585-768x768.png 768w, https:\/\/abelfigueiredo.pa.gov.br\/site\/wp-content\/uploads\/2024\/04\/cultura-2024-04-08T121628.585.png 1000w\" sizes=\"auto, (max-width: 300px) 100vw, 300px\" \/><\/a> <a href=\"https:\/\/abelfigueiredo.pa.gov.br\/site\/wp-content\/uploads\/2024\/04\/cultura-2024-04-08T121454.631.png\"><img loading=\"lazy\" decoding=\"async\" class=\"alignnone size-medium wp-image-17720\" src=\"https:\/\/abelfigueiredo.pa.gov.br\/site\/wp-content\/uploads\/2024\/04\/cultura-2024-04-08T121454.631-300x300.png\" alt=\"\" width=\"300\" height=\"300\" srcset=\"https:\/\/abelfigueiredo.pa.gov.br\/site\/wp-content\/uploads\/2024\/04\/cultura-2024-04-08T121454.631-300x300.png 300w, https:\/\/abelfigueiredo.pa.gov.br\/site\/wp-content\/uploads\/2024\/04\/cultura-2024-04-08T121454.631-150x150.png 150w, https:\/\/abelfigueiredo.pa.gov.br\/site\/wp-content\/uploads\/2024\/04\/cultura-2024-04-08T121454.631-768x768.png 768w, https:\/\/abelfigueiredo.pa.gov.br\/site\/wp-content\/uploads\/2024\/04\/cultura-2024-04-08T121454.631.png 1000w\" sizes=\"auto, (max-width: 300px) 100vw, 300px\" \/><\/a> <a href=\"https:\/\/abelfigueiredo.pa.gov.br\/site\/wp-content\/uploads\/2024\/04\/cultura-2024-04-08T121428.616.png\"><img loading=\"lazy\" decoding=\"async\" class=\"alignnone size-medium wp-image-17721\" src=\"https:\/\/abelfigueiredo.pa.gov.br\/site\/wp-content\/uploads\/2024\/04\/cultura-2024-04-08T121428.616-300x300.png\" alt=\"\" width=\"300\" height=\"300\" srcset=\"https:\/\/abelfigueiredo.pa.gov.br\/site\/wp-content\/uploads\/2024\/04\/cultura-2024-04-08T121428.616-300x300.png 300w, https:\/\/abelfigueiredo.pa.gov.br\/site\/wp-content\/uploads\/2024\/04\/cultura-2024-04-08T121428.616-150x150.png 150w, https:\/\/abelfigueiredo.pa.gov.br\/site\/wp-content\/uploads\/2024\/04\/cultura-2024-04-08T121428.616-768x768.png 768w, https:\/\/abelfigueiredo.pa.gov.br\/site\/wp-content\/uploads\/2024\/04\/cultura-2024-04-08T121428.616.png 1000w\" sizes=\"auto, (max-width: 300px) 100vw, 300px\" \/><\/a> <a href=\"https:\/\/abelfigueiredo.pa.gov.br\/site\/wp-content\/uploads\/2024\/04\/cultura-2024-04-08T121340.891.png\"><img loading=\"lazy\" decoding=\"async\" class=\"alignnone size-medium wp-image-17722\" src=\"https:\/\/abelfigueiredo.pa.gov.br\/site\/wp-content\/uploads\/2024\/04\/cultura-2024-04-08T121340.891-300x300.png\" alt=\"\" width=\"300\" height=\"300\" srcset=\"https:\/\/abelfigueiredo.pa.gov.br\/site\/wp-content\/uploads\/2024\/04\/cultura-2024-04-08T121340.891-300x300.png 300w, https:\/\/abelfigueiredo.pa.gov.br\/site\/wp-content\/uploads\/2024\/04\/cultura-2024-04-08T121340.891-150x150.png 150w, https:\/\/abelfigueiredo.pa.gov.br\/site\/wp-content\/uploads\/2024\/04\/cultura-2024-04-08T121340.891-768x768.png 768w, https:\/\/abelfigueiredo.pa.gov.br\/site\/wp-content\/uploads\/2024\/04\/cultura-2024-04-08T121340.891.png 1000w\" sizes=\"auto, (max-width: 300px) 100vw, 300px\" \/><\/a> <a href=\"https:\/\/abelfigueiredo.pa.gov.br\/site\/wp-content\/uploads\/2024\/04\/cultura-2024-04-08T121141.407.png\"><img loading=\"lazy\" decoding=\"async\" class=\"alignnone size-medium wp-image-17723\" src=\"https:\/\/abelfigueiredo.pa.gov.br\/site\/wp-content\/uploads\/2024\/04\/cultura-2024-04-08T121141.407-300x300.png\" alt=\"\" width=\"300\" height=\"300\" srcset=\"https:\/\/abelfigueiredo.pa.gov.br\/site\/wp-content\/uploads\/2024\/04\/cultura-2024-04-08T121141.407-300x300.png 300w, https:\/\/abelfigueiredo.pa.gov.br\/site\/wp-content\/uploads\/2024\/04\/cultura-2024-04-08T121141.407-150x150.png 150w, https:\/\/abelfigueiredo.pa.gov.br\/site\/wp-content\/uploads\/2024\/04\/cultura-2024-04-08T121141.407-768x768.png 768w, https:\/\/abelfigueiredo.pa.gov.br\/site\/wp-content\/uploads\/2024\/04\/cultura-2024-04-08T121141.407.png 1000w\" sizes=\"auto, (max-width: 300px) 100vw, 300px\" \/><\/a> <a href=\"https:\/\/abelfigueiredo.pa.gov.br\/site\/wp-content\/uploads\/2024\/04\/cultura-100.png\"><img loading=\"lazy\" decoding=\"async\" class=\"alignnone size-medium wp-image-17724\" src=\"https:\/\/abelfigueiredo.pa.gov.br\/site\/wp-content\/uploads\/2024\/04\/cultura-100-300x300.png\" alt=\"\" width=\"300\" height=\"300\" srcset=\"https:\/\/abelfigueiredo.pa.gov.br\/site\/wp-content\/uploads\/2024\/04\/cultura-100-300x300.png 300w, https:\/\/abelfigueiredo.pa.gov.br\/site\/wp-content\/uploads\/2024\/04\/cultura-100-150x150.png 150w, https:\/\/abelfigueiredo.pa.gov.br\/site\/wp-content\/uploads\/2024\/04\/cultura-100-768x768.png 768w, https:\/\/abelfigueiredo.pa.gov.br\/site\/wp-content\/uploads\/2024\/04\/cultura-100.png 1000w\" sizes=\"auto, (max-width: 300px) 100vw, 300px\" \/><\/a> <a href=\"https:\/\/abelfigueiredo.pa.gov.br\/site\/wp-content\/uploads\/2024\/04\/cultura-99.png\"><img loading=\"lazy\" decoding=\"async\" class=\"alignnone size-medium wp-image-17725\" src=\"https:\/\/abelfigueiredo.pa.gov.br\/site\/wp-content\/uploads\/2024\/04\/cultura-99-300x300.png\" alt=\"\" width=\"300\" height=\"300\" srcset=\"https:\/\/abelfigueiredo.pa.gov.br\/site\/wp-content\/uploads\/2024\/04\/cultura-99-300x300.png 300w, https:\/\/abelfigueiredo.pa.gov.br\/site\/wp-content\/uploads\/2024\/04\/cultura-99-150x150.png 150w, https:\/\/abelfigueiredo.pa.gov.br\/site\/wp-content\/uploads\/2024\/04\/cultura-99-768x768.png 768w, https:\/\/abelfigueiredo.pa.gov.br\/site\/wp-content\/uploads\/2024\/04\/cultura-99.png 1000w\" sizes=\"auto, (max-width: 300px) 100vw, 300px\" \/><\/a> <a href=\"https:\/\/abelfigueiredo.pa.gov.br\/site\/wp-content\/uploads\/2024\/04\/cultura-98.png\"><img loading=\"lazy\" decoding=\"async\" class=\"alignnone size-medium wp-image-17726\" src=\"https:\/\/abelfigueiredo.pa.gov.br\/site\/wp-content\/uploads\/2024\/04\/cultura-98-300x300.png\" alt=\"\" width=\"300\" height=\"300\" srcset=\"https:\/\/abelfigueiredo.pa.gov.br\/site\/wp-content\/uploads\/2024\/04\/cultura-98-300x300.png 300w, https:\/\/abelfigueiredo.pa.gov.br\/site\/wp-content\/uploads\/2024\/04\/cultura-98-150x150.png 150w, https:\/\/abelfigueiredo.pa.gov.br\/site\/wp-content\/uploads\/2024\/04\/cultura-98-768x768.png 768w, https:\/\/abelfigueiredo.pa.gov.br\/site\/wp-content\/uploads\/2024\/04\/cultura-98.png 1000w\" sizes=\"auto, (max-width: 300px) 100vw, 300px\" \/><\/a> <a href=\"https:\/\/abelfigueiredo.pa.gov.br\/site\/wp-content\/uploads\/2024\/04\/cultura-97.png\"><img loading=\"lazy\" decoding=\"async\" class=\"alignnone size-medium wp-image-17727\" src=\"https:\/\/abelfigueiredo.pa.gov.br\/site\/wp-content\/uploads\/2024\/04\/cultura-97-300x300.png\" alt=\"\" width=\"300\" height=\"300\" srcset=\"https:\/\/abelfigueiredo.pa.gov.br\/site\/wp-content\/uploads\/2024\/04\/cultura-97-300x300.png 300w, https:\/\/abelfigueiredo.pa.gov.br\/site\/wp-content\/uploads\/2024\/04\/cultura-97-150x150.png 150w, https:\/\/abelfigueiredo.pa.gov.br\/site\/wp-content\/uploads\/2024\/04\/cultura-97-768x768.png 768w, https:\/\/abelfigueiredo.pa.gov.br\/site\/wp-content\/uploads\/2024\/04\/cultura-97.png 1000w\" sizes=\"auto, (max-width: 300px) 100vw, 300px\" \/><\/a> <a href=\"https:\/\/abelfigueiredo.pa.gov.br\/site\/wp-content\/uploads\/2024\/04\/cultura-96.png\"><img loading=\"lazy\" decoding=\"async\" class=\"alignnone size-medium wp-image-17728\" src=\"https:\/\/abelfigueiredo.pa.gov.br\/site\/wp-content\/uploads\/2024\/04\/cultura-96-300x300.png\" alt=\"\" width=\"300\" height=\"300\" srcset=\"https:\/\/abelfigueiredo.pa.gov.br\/site\/wp-content\/uploads\/2024\/04\/cultura-96-300x300.png 300w, https:\/\/abelfigueiredo.pa.gov.br\/site\/wp-content\/uploads\/2024\/04\/cultura-96-150x150.png 150w, https:\/\/abelfigueiredo.pa.gov.br\/site\/wp-content\/uploads\/2024\/04\/cultura-96-768x768.png 768w, https:\/\/abelfigueiredo.pa.gov.br\/site\/wp-content\/uploads\/2024\/04\/cultura-96.png 1000w\" sizes=\"auto, (max-width: 300px) 100vw, 300px\" \/><\/a> <a href=\"https:\/\/abelfigueiredo.pa.gov.br\/site\/wp-content\/uploads\/2024\/04\/cultura-95.png\"><img loading=\"lazy\" decoding=\"async\" class=\"alignnone size-medium wp-image-17729\" src=\"https:\/\/abelfigueiredo.pa.gov.br\/site\/wp-content\/uploads\/2024\/04\/cultura-95-300x300.png\" alt=\"\" width=\"300\" height=\"300\" srcset=\"https:\/\/abelfigueiredo.pa.gov.br\/site\/wp-content\/uploads\/2024\/04\/cultura-95-300x300.png 300w, https:\/\/abelfigueiredo.pa.gov.br\/site\/wp-content\/uploads\/2024\/04\/cultura-95-150x150.png 150w, https:\/\/abelfigueiredo.pa.gov.br\/site\/wp-content\/uploads\/2024\/04\/cultura-95-768x768.png 768w, https:\/\/abelfigueiredo.pa.gov.br\/site\/wp-content\/uploads\/2024\/04\/cultura-95.png 1000w\" sizes=\"auto, (max-width: 300px) 100vw, 300px\" \/><\/a> <a href=\"https:\/\/abelfigueiredo.pa.gov.br\/site\/wp-content\/uploads\/2024\/04\/cultura-94.png\"><img loading=\"lazy\" decoding=\"async\" class=\"alignnone size-medium wp-image-17730\" src=\"https:\/\/abelfigueiredo.pa.gov.br\/site\/wp-content\/uploads\/2024\/04\/cultura-94-300x300.png\" alt=\"\" width=\"300\" height=\"300\" srcset=\"https:\/\/abelfigueiredo.pa.gov.br\/site\/wp-content\/uploads\/2024\/04\/cultura-94-300x300.png 300w, https:\/\/abelfigueiredo.pa.gov.br\/site\/wp-content\/uploads\/2024\/04\/cultura-94-150x150.png 150w, https:\/\/abelfigueiredo.pa.gov.br\/site\/wp-content\/uploads\/2024\/04\/cultura-94-768x768.png 768w, https:\/\/abelfigueiredo.pa.gov.br\/site\/wp-content\/uploads\/2024\/04\/cultura-94.png 1000w\" sizes=\"auto, (max-width: 300px) 100vw, 300px\" \/><\/a> <a href=\"https:\/\/abelfigueiredo.pa.gov.br\/site\/wp-content\/uploads\/2024\/04\/cultura-93.png\"><img loading=\"lazy\" decoding=\"async\" class=\"alignnone size-medium wp-image-17731\" src=\"https:\/\/abelfigueiredo.pa.gov.br\/site\/wp-content\/uploads\/2024\/04\/cultura-93-300x300.png\" alt=\"\" width=\"300\" height=\"300\" srcset=\"https:\/\/abelfigueiredo.pa.gov.br\/site\/wp-content\/uploads\/2024\/04\/cultura-93-300x300.png 300w, https:\/\/abelfigueiredo.pa.gov.br\/site\/wp-content\/uploads\/2024\/04\/cultura-93-150x150.png 150w, https:\/\/abelfigueiredo.pa.gov.br\/site\/wp-content\/uploads\/2024\/04\/cultura-93-768x768.png 768w, https:\/\/abelfigueiredo.pa.gov.br\/site\/wp-content\/uploads\/2024\/04\/cultura-93.png 1000w\" sizes=\"auto, (max-width: 300px) 100vw, 300px\" \/><\/a> <a href=\"https:\/\/abelfigueiredo.pa.gov.br\/site\/wp-content\/uploads\/2024\/04\/cultura-92.png\"><img loading=\"lazy\" decoding=\"async\" class=\"alignnone size-medium wp-image-17732\" src=\"https:\/\/abelfigueiredo.pa.gov.br\/site\/wp-content\/uploads\/2024\/04\/cultura-92-300x300.png\" alt=\"\" width=\"300\" height=\"300\" srcset=\"https:\/\/abelfigueiredo.pa.gov.br\/site\/wp-content\/uploads\/2024\/04\/cultura-92-300x300.png 300w, https:\/\/abelfigueiredo.pa.gov.br\/site\/wp-content\/uploads\/2024\/04\/cultura-92-150x150.png 150w, https:\/\/abelfigueiredo.pa.gov.br\/site\/wp-content\/uploads\/2024\/04\/cultura-92-768x768.png 768w, https:\/\/abelfigueiredo.pa.gov.br\/site\/wp-content\/uploads\/2024\/04\/cultura-92.png 1000w\" sizes=\"auto, (max-width: 300px) 100vw, 300px\" \/><\/a> <a href=\"https:\/\/abelfigueiredo.pa.gov.br\/site\/wp-content\/uploads\/2024\/04\/cultura-91.png\"><img loading=\"lazy\" decoding=\"async\" class=\"alignnone size-medium wp-image-17733\" src=\"https:\/\/abelfigueiredo.pa.gov.br\/site\/wp-content\/uploads\/2024\/04\/cultura-91-300x300.png\" alt=\"\" width=\"300\" height=\"300\" srcset=\"https:\/\/abelfigueiredo.pa.gov.br\/site\/wp-content\/uploads\/2024\/04\/cultura-91-300x300.png 300w, https:\/\/abelfigueiredo.pa.gov.br\/site\/wp-content\/uploads\/2024\/04\/cultura-91-150x150.png 150w, https:\/\/abelfigueiredo.pa.gov.br\/site\/wp-content\/uploads\/2024\/04\/cultura-91-768x768.png 768w, https:\/\/abelfigueiredo.pa.gov.br\/site\/wp-content\/uploads\/2024\/04\/cultura-91.png 1000w\" sizes=\"auto, (max-width: 300px) 100vw, 300px\" \/><\/a> <a href=\"https:\/\/abelfigueiredo.pa.gov.br\/site\/wp-content\/uploads\/2024\/04\/cultura-90.png\"><img loading=\"lazy\" decoding=\"async\" class=\"alignnone size-medium wp-image-17734\" src=\"https:\/\/abelfigueiredo.pa.gov.br\/site\/wp-content\/uploads\/2024\/04\/cultura-90-300x300.png\" alt=\"\" width=\"300\" height=\"300\" srcset=\"https:\/\/abelfigueiredo.pa.gov.br\/site\/wp-content\/uploads\/2024\/04\/cultura-90-300x300.png 300w, https:\/\/abelfigueiredo.pa.gov.br\/site\/wp-content\/uploads\/2024\/04\/cultura-90-150x150.png 150w, https:\/\/abelfigueiredo.pa.gov.br\/site\/wp-content\/uploads\/2024\/04\/cultura-90-768x768.png 768w, https:\/\/abelfigueiredo.pa.gov.br\/site\/wp-content\/uploads\/2024\/04\/cultura-90.png 1000w\" sizes=\"auto, (max-width: 300px) 100vw, 300px\" \/><\/a> <a href=\"https:\/\/abelfigueiredo.pa.gov.br\/site\/wp-content\/uploads\/2024\/04\/cultura-89.png\"><img loading=\"lazy\" decoding=\"async\" class=\"alignnone size-medium wp-image-17735\" src=\"https:\/\/abelfigueiredo.pa.gov.br\/site\/wp-content\/uploads\/2024\/04\/cultura-89-300x300.png\" alt=\"\" width=\"300\" height=\"300\" srcset=\"https:\/\/abelfigueiredo.pa.gov.br\/site\/wp-content\/uploads\/2024\/04\/cultura-89-300x300.png 300w, https:\/\/abelfigueiredo.pa.gov.br\/site\/wp-content\/uploads\/2024\/04\/cultura-89-150x150.png 150w, https:\/\/abelfigueiredo.pa.gov.br\/site\/wp-content\/uploads\/2024\/04\/cultura-89-768x768.png 768w, https:\/\/abelfigueiredo.pa.gov.br\/site\/wp-content\/uploads\/2024\/04\/cultura-89.png 1000w\" sizes=\"auto, (max-width: 300px) 100vw, 300px\" \/><\/a> <a href=\"https:\/\/abelfigueiredo.pa.gov.br\/site\/wp-content\/uploads\/2024\/04\/cultura-88.png\"><img loading=\"lazy\" decoding=\"async\" class=\"alignnone size-medium wp-image-17736\" src=\"https:\/\/abelfigueiredo.pa.gov.br\/site\/wp-content\/uploads\/2024\/04\/cultura-88-300x300.png\" alt=\"\" width=\"300\" height=\"300\" srcset=\"https:\/\/abelfigueiredo.pa.gov.br\/site\/wp-content\/uploads\/2024\/04\/cultura-88-300x300.png 300w, https:\/\/abelfigueiredo.pa.gov.br\/site\/wp-content\/uploads\/2024\/04\/cultura-88-150x150.png 150w, https:\/\/abelfigueiredo.pa.gov.br\/site\/wp-content\/uploads\/2024\/04\/cultura-88-768x768.png 768w, https:\/\/abelfigueiredo.pa.gov.br\/site\/wp-content\/uploads\/2024\/04\/cultura-88.png 1000w\" sizes=\"auto, (max-width: 300px) 100vw, 300px\" \/><\/a> <a href=\"https:\/\/abelfigueiredo.pa.gov.br\/site\/wp-content\/uploads\/2024\/04\/cultura-87.png\"><img loading=\"lazy\" decoding=\"async\" class=\"alignnone size-medium wp-image-17737\" src=\"https:\/\/abelfigueiredo.pa.gov.br\/site\/wp-content\/uploads\/2024\/04\/cultura-87-300x300.png\" alt=\"\" width=\"300\" height=\"300\" srcset=\"https:\/\/abelfigueiredo.pa.gov.br\/site\/wp-content\/uploads\/2024\/04\/cultura-87-300x300.png 300w, https:\/\/abelfigueiredo.pa.gov.br\/site\/wp-content\/uploads\/2024\/04\/cultura-87-150x150.png 150w, https:\/\/abelfigueiredo.pa.gov.br\/site\/wp-content\/uploads\/2024\/04\/cultura-87-768x768.png 768w, https:\/\/abelfigueiredo.pa.gov.br\/site\/wp-content\/uploads\/2024\/04\/cultura-87.png 1000w\" sizes=\"auto, (max-width: 300px) 100vw, 300px\" \/><\/a> <a href=\"https:\/\/abelfigueiredo.pa.gov.br\/site\/wp-content\/uploads\/2024\/04\/cultura-85.png\"><img loading=\"lazy\" decoding=\"async\" class=\"alignnone size-medium wp-image-17738\" src=\"https:\/\/abelfigueiredo.pa.gov.br\/site\/wp-content\/uploads\/2024\/04\/cultura-85-300x300.png\" alt=\"\" width=\"300\" height=\"300\" srcset=\"https:\/\/abelfigueiredo.pa.gov.br\/site\/wp-content\/uploads\/2024\/04\/cultura-85-300x300.png 300w, https:\/\/abelfigueiredo.pa.gov.br\/site\/wp-content\/uploads\/2024\/04\/cultura-85-150x150.png 150w, https:\/\/abelfigueiredo.pa.gov.br\/site\/wp-content\/uploads\/2024\/04\/cultura-85-768x768.png 768w, https:\/\/abelfigueiredo.pa.gov.br\/site\/wp-content\/uploads\/2024\/04\/cultura-85.png 1000w\" sizes=\"auto, (max-width: 300px) 100vw, 300px\" \/><\/a><\/div>\n<\/div>\n<div class=\"x11i5rnm xat24cr x1mh8g0r x1vvkbs xtlvy1s x126k92a\">\n<div dir=\"auto\">Participe!!!<\/div>\n<\/div>\n<div class=\"x11i5rnm xat24cr x1mh8g0r x1vvkbs xtlvy1s x126k92a\">\n<div dir=\"auto\">Realiza\u00e7\u00e3o Prefeitura de Abel Figueiredo e Secretaria Municipal de Sa\u00fade.<\/div>\n<\/div>\n<div class=\"x11i5rnm xat24cr x1mh8g0r x1vvkbs xtlvy1s x126k92a\">\n<div dir=\"auto\"><a class=\"x1i10hfl xjbqb8w x1ejq31n xd10rxx x1sy0etr x17r0tee x972fbf xcfux6l x1qhh985 xm0m39n x9f619 x1ypdohk xt0psk2 xe8uvvx xdj266r x11i5rnm xat24cr x1mh8g0r xexx8yu x4uap5 x18d9i69 xkhd6sd x16tdsg8 x1hl2dhg xggy1nq x1a2a7pz xt0b8zv x1fey0fg xo1l8bm\" tabindex=\"0\" role=\"link\" href=\"https:\/\/www.facebook.com\/hashtag\/secdesaude?__eep__=6&amp;__cft__[0]=AZWcUunmaMZWIx93iqYn1KtzHgOxFWNJqXqzrBoJBEYWginB2aNa8RF_ycb6QnNK0-8K7C6HE13GM2ytO-aNALJKiX_WlzfpYuSVCm7IuQNj1zhC8d2nTlLv2KLEkgzHLMCnBxytA-8jvKhVi13TYNqLJvyj9wG6kiIO8A_QV7j-nyz4xBtTxkgPA2qYnxQA2GI&amp;__tn__=*NK-R\">#secdesaude<\/a><\/div>\n<div dir=\"auto\"><a class=\"x1i10hfl xjbqb8w x1ejq31n xd10rxx x1sy0etr x17r0tee x972fbf xcfux6l x1qhh985 xm0m39n x9f619 x1ypdohk xt0psk2 xe8uvvx xdj266r x11i5rnm xat24cr x1mh8g0r xexx8yu x4uap5 x18d9i69 xkhd6sd x16tdsg8 x1hl2dhg xggy1nq x1a2a7pz xt0b8zv x1fey0fg xo1l8bm\" tabindex=\"0\" role=\"link\" href=\"https:\/\/www.facebook.com\/hashtag\/prefeituradeabel?__eep__=6&amp;__cft__[0]=AZWcUunmaMZWIx93iqYn1KtzHgOxFWNJqXqzrBoJBEYWginB2aNa8RF_ycb6QnNK0-8K7C6HE13GM2ytO-aNALJKiX_WlzfpYuSVCm7IuQNj1zhC8d2nTlLv2KLEkgzHLMCnBxytA-8jvKhVi13TYNqLJvyj9wG6kiIO8A_QV7j-nyz4xBtTxkgPA2qYnxQA2GI&amp;__tn__=*NK-R\">#prefeituradeabel<\/a><\/div>\n<div dir=\"auto\"><a class=\"x1i10hfl xjbqb8w x1ejq31n xd10rxx x1sy0etr x17r0tee x972fbf xcfux6l x1qhh985 xm0m39n x9f619 x1ypdohk xt0psk2 xe8uvvx xdj266r x11i5rnm xat24cr x1mh8g0r xexx8yu x4uap5 x18d9i69 xkhd6sd x16tdsg8 x1hl2dhg xggy1nq x1a2a7pz xt0b8zv x1fey0fg xo1l8bm\" tabindex=\"0\" role=\"link\" href=\"https:\/\/www.facebook.com\/hashtag\/trabalhandoparaopovo?__eep__=6&amp;__cft__[0]=AZWcUunmaMZWIx93iqYn1KtzHgOxFWNJqXqzrBoJBEYWginB2aNa8RF_ycb6QnNK0-8K7C6HE13GM2ytO-aNALJKiX_WlzfpYuSVCm7IuQNj1zhC8d2nTlLv2KLEkgzHLMCnBxytA-8jvKhVi13TYNqLJvyj9wG6kiIO8A_QV7j-nyz4xBtTxkgPA2qYnxQA2GI&amp;__tn__=*NK-R\">#trabalhandoparaopovo<\/a><\/div>\n<\/div>\n<\/div>\n<\/div>\n<\/div>\n<\/div>\n<div id=\":r1n2:\" class=\"x1n2onr6\">\n<div class=\"x1n2onr6\">\n<div class=\"x6s0dn4 x1jx94hy x78zum5 xdt5ytf x6ikm8r x10wlt62 x1n2onr6 xh8yej3\">\n<div>\n<div class=\"xqtp20y x6ikm8r x10wlt62 x1n2onr6\">\n<div class=\"x10l6tqk x13vifvy\"><\/div>\n<\/div>\n<\/div>\n<\/div>\n<div class=\"xua58t2 xzg4506 x1ey2m1c xds687c x47corl x10l6tqk x17qophe x13vifvy\"><\/div>\n<div class=\"x1ey2m1c xds687c x17qophe xg01cxk x47corl x10l6tqk x13vifvy x1ebt8du x19991ni x1dhq9h x1o1ewxj x3x9cwd x1e5q0jg x13rtm0m\" role=\"none\" data-visualcompletion=\"ignore\"><\/div>\n<\/div>\n<\/div>\n<\/div>\n","protected":false},"excerpt":{"rendered":"<p>Sexta dia 05 de Abril Das 07:30 \u00e0s 14:00h No CIG Centro Integrado de Governo com os seguintes atendimentos. Consulta com Ginecologista. Coleta de PCCU (Exame Preventivo). Oftalmologista. Testes R\u00e1pidos para s\u00edfilis, Hepatites B e C. Vacina\u00e7\u00e3o Contra Covid ( para Grupos Priorit\u00e1rios) Palestras e orienta\u00e7\u00f5es sobre alimenta\u00e7\u00e3o saud\u00e1vel. Atividades com a fisioterapeuta. Palestra sobre<\/p>\n<div class=\"read-more\"><a href=\"https:\/\/abelfigueiredo.pa.gov.br\/site\/acao-saude-da-mulher\/\" title=\"Veja mais\">Veja mais<\/a><\/div>\n","protected":false},"author":34,"featured_media":17728,"comment_status":"closed","ping_status":"closed","sticky":false,"template":"","format":"standard","meta":{"footnotes":""},"categories":[1],"tags":[],"class_list":{"0":"post-17711","1":"post","2":"type-post","3":"status-publish","4":"format-standard","5":"has-post-thumbnail","7":"category-noticias"},"yoast_head":"<!-- This site is optimized with the Yoast SEO plugin v26.6 - https:\/\/yoast.com\/wordpress\/plugins\/seo\/ -->\n<title>A\u00e7\u00e3o Sa\u00fade da Mulher - Prefeitura Municipal de Abel Figueiredo | Gest\u00e3o 2025-2028<\/title>\n<meta name=\"robots\" content=\"index, follow, max-snippet:-1, max-image-preview:large, max-video-preview:-1\" \/>\n<link rel=\"canonical\" href=\"https:\/\/abelfigueiredo.pa.gov.br\/site\/acao-saude-da-mulher\/\" \/>\n<meta property=\"og:locale\" content=\"pt_BR\" \/>\n<meta property=\"og:type\" content=\"article\" \/>\n<meta property=\"og:title\" content=\"A\u00e7\u00e3o Sa\u00fade da Mulher - Prefeitura Municipal de Abel Figueiredo | Gest\u00e3o 2025-2028\" \/>\n<meta property=\"og:description\" content=\"Sexta dia 05 de Abril Das 07:30 \u00e0s 14:00h No CIG Centro Integrado de Governo com os seguintes atendimentos. Consulta com Ginecologista. Coleta de PCCU (Exame Preventivo). Oftalmologista. Testes R\u00e1pidos para s\u00edfilis, Hepatites B e C. Vacina\u00e7\u00e3o Contra Covid ( para Grupos Priorit\u00e1rios) Palestras e orienta\u00e7\u00f5es sobre alimenta\u00e7\u00e3o saud\u00e1vel. Atividades com a fisioterapeuta. Palestra sobreVeja mais\" \/>\n<meta property=\"og:url\" content=\"https:\/\/abelfigueiredo.pa.gov.br\/site\/acao-saude-da-mulher\/\" \/>\n<meta property=\"og:site_name\" content=\"Prefeitura Municipal de Abel Figueiredo | Gest\u00e3o 2025-2028\" \/>\n<meta property=\"article:published_time\" content=\"2024-04-05T13:21:06+00:00\" \/>\n<meta property=\"og:image\" content=\"https:\/\/abelfigueiredo.pa.gov.br\/site\/wp-content\/uploads\/2024\/04\/cultura-2024-04-08T122800.004-300x300.png\" \/>\n<meta name=\"author\" content=\"djthiago\" \/>\n<meta name=\"twitter:label1\" content=\"Escrito por\" \/>\n\t<meta name=\"twitter:data1\" content=\"djthiago\" \/>\n<script type=\"application\/ld+json\" class=\"yoast-schema-graph\">{\"@context\":\"https:\/\/schema.org\",\"@graph\":[{\"@type\":\"WebPage\",\"@id\":\"https:\/\/abelfigueiredo.pa.gov.br\/site\/acao-saude-da-mulher\/\",\"url\":\"https:\/\/abelfigueiredo.pa.gov.br\/site\/acao-saude-da-mulher\/\",\"name\":\"A\u00e7\u00e3o Sa\u00fade da Mulher - Prefeitura Municipal de Abel Figueiredo | Gest\u00e3o 2025-2028\",\"isPartOf\":{\"@id\":\"https:\/\/abelfigueiredo.pa.gov.br\/site\/#website\"},\"primaryImageOfPage\":{\"@id\":\"https:\/\/abelfigueiredo.pa.gov.br\/site\/acao-saude-da-mulher\/#primaryimage\"},\"image\":{\"@id\":\"https:\/\/abelfigueiredo.pa.gov.br\/site\/acao-saude-da-mulher\/#primaryimage\"},\"thumbnailUrl\":\"https:\/\/abelfigueiredo.pa.gov.br\/site\/wp-content\/uploads\/2024\/04\/cultura-96.png\",\"datePublished\":\"2024-04-05T13:21:06+00:00\",\"author\":{\"@id\":\"https:\/\/abelfigueiredo.pa.gov.br\/site\/#\/schema\/person\/7c1ecb1baa18502745b46b3921be7bbb\"},\"inLanguage\":\"pt-BR\",\"potentialAction\":[{\"@type\":\"ReadAction\",\"target\":[\"https:\/\/abelfigueiredo.pa.gov.br\/site\/acao-saude-da-mulher\/\"]}]},{\"@type\":\"ImageObject\",\"inLanguage\":\"pt-BR\",\"@id\":\"https:\/\/abelfigueiredo.pa.gov.br\/site\/acao-saude-da-mulher\/#primaryimage\",\"url\":\"https:\/\/abelfigueiredo.pa.gov.br\/site\/wp-content\/uploads\/2024\/04\/cultura-96.png\",\"contentUrl\":\"https:\/\/abelfigueiredo.pa.gov.br\/site\/wp-content\/uploads\/2024\/04\/cultura-96.png\",\"width\":1000,\"height\":1000},{\"@type\":\"WebSite\",\"@id\":\"https:\/\/abelfigueiredo.pa.gov.br\/site\/#website\",\"url\":\"https:\/\/abelfigueiredo.pa.gov.br\/site\/\",\"name\":\"Prefeitura Municipal de Abel Figueiredo | Gest\u00e3o 2025-2028\",\"description\":\"Site oficial da Prefeitura Municipal de Abel Figueiredo\",\"potentialAction\":[{\"@type\":\"SearchAction\",\"target\":{\"@type\":\"EntryPoint\",\"urlTemplate\":\"https:\/\/abelfigueiredo.pa.gov.br\/site\/?s={search_term_string}\"},\"query-input\":{\"@type\":\"PropertyValueSpecification\",\"valueRequired\":true,\"valueName\":\"search_term_string\"}}],\"inLanguage\":\"pt-BR\"},{\"@type\":\"Person\",\"@id\":\"https:\/\/abelfigueiredo.pa.gov.br\/site\/#\/schema\/person\/7c1ecb1baa18502745b46b3921be7bbb\",\"name\":\"djthiago\",\"image\":{\"@type\":\"ImageObject\",\"inLanguage\":\"pt-BR\",\"@id\":\"https:\/\/abelfigueiredo.pa.gov.br\/site\/#\/schema\/person\/image\/\",\"url\":\"https:\/\/secure.gravatar.com\/avatar\/2edad05cd7afbef8b9e1495dacdf55fd32bf2fe055ead3a385c32f41e201743d?s=96&d=mm&r=g\",\"contentUrl\":\"https:\/\/secure.gravatar.com\/avatar\/2edad05cd7afbef8b9e1495dacdf55fd32bf2fe055ead3a385c32f41e201743d?s=96&d=mm&r=g\",\"caption\":\"djthiago\"},\"url\":\"https:\/\/abelfigueiredo.pa.gov.br\/site\/author\/djthiago\/\"}]}<\/script>\n<!-- \/ Yoast SEO plugin. -->","yoast_head_json":{"title":"A\u00e7\u00e3o Sa\u00fade da Mulher - Prefeitura Municipal de Abel Figueiredo | Gest\u00e3o 2025-2028","robots":{"index":"index","follow":"follow","max-snippet":"max-snippet:-1","max-image-preview":"max-image-preview:large","max-video-preview":"max-video-preview:-1"},"canonical":"https:\/\/abelfigueiredo.pa.gov.br\/site\/acao-saude-da-mulher\/","og_locale":"pt_BR","og_type":"article","og_title":"A\u00e7\u00e3o Sa\u00fade da Mulher - Prefeitura Municipal de Abel Figueiredo | Gest\u00e3o 2025-2028","og_description":"Sexta dia 05 de Abril Das 07:30 \u00e0s 14:00h No CIG Centro Integrado de Governo com os seguintes atendimentos. Consulta com Ginecologista. Coleta de PCCU (Exame Preventivo). Oftalmologista. Testes R\u00e1pidos para s\u00edfilis, Hepatites B e C. Vacina\u00e7\u00e3o Contra Covid ( para Grupos Priorit\u00e1rios) Palestras e orienta\u00e7\u00f5es sobre alimenta\u00e7\u00e3o saud\u00e1vel. Atividades com a fisioterapeuta. Palestra sobreVeja mais","og_url":"https:\/\/abelfigueiredo.pa.gov.br\/site\/acao-saude-da-mulher\/","og_site_name":"Prefeitura Municipal de Abel Figueiredo | Gest\u00e3o 2025-2028","article_published_time":"2024-04-05T13:21:06+00:00","og_image":[{"url":"https:\/\/abelfigueiredo.pa.gov.br\/site\/wp-content\/uploads\/2024\/04\/cultura-2024-04-08T122800.004-300x300.png","type":"","width":"","height":""}],"author":"djthiago","twitter_misc":{"Escrito por":"djthiago"},"schema":{"@context":"https:\/\/schema.org","@graph":[{"@type":"WebPage","@id":"https:\/\/abelfigueiredo.pa.gov.br\/site\/acao-saude-da-mulher\/","url":"https:\/\/abelfigueiredo.pa.gov.br\/site\/acao-saude-da-mulher\/","name":"A\u00e7\u00e3o Sa\u00fade da Mulher - Prefeitura Municipal de Abel Figueiredo | Gest\u00e3o 2025-2028","isPartOf":{"@id":"https:\/\/abelfigueiredo.pa.gov.br\/site\/#website"},"primaryImageOfPage":{"@id":"https:\/\/abelfigueiredo.pa.gov.br\/site\/acao-saude-da-mulher\/#primaryimage"},"image":{"@id":"https:\/\/abelfigueiredo.pa.gov.br\/site\/acao-saude-da-mulher\/#primaryimage"},"thumbnailUrl":"https:\/\/abelfigueiredo.pa.gov.br\/site\/wp-content\/uploads\/2024\/04\/cultura-96.png","datePublished":"2024-04-05T13:21:06+00:00","author":{"@id":"https:\/\/abelfigueiredo.pa.gov.br\/site\/#\/schema\/person\/7c1ecb1baa18502745b46b3921be7bbb"},"inLanguage":"pt-BR","potentialAction":[{"@type":"ReadAction","target":["https:\/\/abelfigueiredo.pa.gov.br\/site\/acao-saude-da-mulher\/"]}]},{"@type":"ImageObject","inLanguage":"pt-BR","@id":"https:\/\/abelfigueiredo.pa.gov.br\/site\/acao-saude-da-mulher\/#primaryimage","url":"https:\/\/abelfigueiredo.pa.gov.br\/site\/wp-content\/uploads\/2024\/04\/cultura-96.png","contentUrl":"https:\/\/abelfigueiredo.pa.gov.br\/site\/wp-content\/uploads\/2024\/04\/cultura-96.png","width":1000,"height":1000},{"@type":"WebSite","@id":"https:\/\/abelfigueiredo.pa.gov.br\/site\/#website","url":"https:\/\/abelfigueiredo.pa.gov.br\/site\/","name":"Prefeitura Municipal de Abel Figueiredo | Gest\u00e3o 2025-2028","description":"Site oficial da Prefeitura Municipal de Abel Figueiredo","potentialAction":[{"@type":"SearchAction","target":{"@type":"EntryPoint","urlTemplate":"https:\/\/abelfigueiredo.pa.gov.br\/site\/?s={search_term_string}"},"query-input":{"@type":"PropertyValueSpecification","valueRequired":true,"valueName":"search_term_string"}}],"inLanguage":"pt-BR"},{"@type":"Person","@id":"https:\/\/abelfigueiredo.pa.gov.br\/site\/#\/schema\/person\/7c1ecb1baa18502745b46b3921be7bbb","name":"djthiago","image":{"@type":"ImageObject","inLanguage":"pt-BR","@id":"https:\/\/abelfigueiredo.pa.gov.br\/site\/#\/schema\/person\/image\/","url":"https:\/\/secure.gravatar.com\/avatar\/2edad05cd7afbef8b9e1495dacdf55fd32bf2fe055ead3a385c32f41e201743d?s=96&d=mm&r=g","contentUrl":"https:\/\/secure.gravatar.com\/avatar\/2edad05cd7afbef8b9e1495dacdf55fd32bf2fe055ead3a385c32f41e201743d?s=96&d=mm&r=g","caption":"djthiago"},"url":"https:\/\/abelfigueiredo.pa.gov.br\/site\/author\/djthiago\/"}]}},"_links":{"self":[{"href":"https:\/\/abelfigueiredo.pa.gov.br\/site\/wp-json\/wp\/v2\/posts\/17711","targetHints":{"allow":["GET"]}}],"collection":[{"href":"https:\/\/abelfigueiredo.pa.gov.br\/site\/wp-json\/wp\/v2\/posts"}],"about":[{"href":"https:\/\/abelfigueiredo.pa.gov.br\/site\/wp-json\/wp\/v2\/types\/post"}],"author":[{"embeddable":true,"href":"https:\/\/abelfigueiredo.pa.gov.br\/site\/wp-json\/wp\/v2\/users\/34"}],"replies":[{"embeddable":true,"href":"https:\/\/abelfigueiredo.pa.gov.br\/site\/wp-json\/wp\/v2\/comments?post=17711"}],"version-history":[{"count":0,"href":"https:\/\/abelfigueiredo.pa.gov.br\/site\/wp-json\/wp\/v2\/posts\/17711\/revisions"}],"wp:featuredmedia":[{"embeddable":true,"href":"https:\/\/abelfigueiredo.pa.gov.br\/site\/wp-json\/wp\/v2\/media\/17728"}],"wp:attachment":[{"href":"https:\/\/abelfigueiredo.pa.gov.br\/site\/wp-json\/wp\/v2\/media?parent=17711"}],"wp:term":[{"taxonomy":"category","embeddable":true,"href":"https:\/\/abelfigueiredo.pa.gov.br\/site\/wp-json\/wp\/v2\/categories?post=17711"},{"taxonomy":"post_tag","embeddable":true,"href":"https:\/\/abelfigueiredo.pa.gov.br\/site\/wp-json\/wp\/v2\/tags?post=17711"}],"curies":[{"name":"wp","href":"https:\/\/api.w.org\/{rel}","templated":true}]}}