{"id":17215,"date":"2023-12-08T15:01:27","date_gmt":"2023-12-08T18:01:27","guid":{"rendered":"https:\/\/abelfigueiredo.pa.gov.br\/site\/?p=17215"},"modified":"2023-12-08T15:01:27","modified_gmt":"2023-12-08T18:01:27","slug":"nossa-senhora-imaculada-conceicao-padroeira-da-nossa-querida-abel-figueiredo-brilhe-sobre-nos-e-ilumine-o-nosso-caminho-com-a-sua-sabedoria-e-a-sua-graca-guie-nos-para-mais-perto-de-jesus","status":"publish","type":"post","link":"https:\/\/abelfigueiredo.pa.gov.br\/site\/nossa-senhora-imaculada-conceicao-padroeira-da-nossa-querida-abel-figueiredo-brilhe-sobre-nos-e-ilumine-o-nosso-caminho-com-a-sua-sabedoria-e-a-sua-graca-guie-nos-para-mais-perto-de-jesus\/","title":{"rendered":"Nossa Senhora Imaculada Concei\u00e7\u00e3o, padroeira da nossa querida Abel Figueiredo, brilhe sobre n\u00f3s e ilumine o nosso caminho com a sua sabedoria e a sua gra\u00e7a. Guie-nos para mais perto de Jesus!"},"content":{"rendered":"<div>\n<div class=\"\" dir=\"auto\">\n<div id=\":rhb:\" class=\"x1iorvi4 x1pi30zi x1l90r2v x1swvt13\" data-ad-comet-preview=\"message\" data-ad-preview=\"message\">\n<div class=\"x78zum5 xdt5ytf xz62fqu x16ldp7u\">\n<div class=\"xu06os2 x1ok221b\">\n<div class=\"x11i5rnm xat24cr x1mh8g0r x1vvkbs xtlvy1s x126k92a\">\n<div dir=\"auto\">Uma homenagem: Prefeito Ant\u00f4nio Calhau, vice Evandro da Serraria.<\/div>\n<\/div>\n<div class=\"x11i5rnm xat24cr x1mh8g0r x1vvkbs xtlvy1s x126k92a\">\n<div dir=\"auto\"><a class=\"x1i10hfl xjbqb8w x6umtig x1b1mbwd xaqea5y xav7gou x9f619 x1ypdohk xt0psk2 xe8uvvx xdj266r x11i5rnm xat24cr x1mh8g0r xexx8yu x4uap5 x18d9i69 xkhd6sd x16tdsg8 x1hl2dhg xggy1nq x1a2a7pz xt0b8zv x1qq9wsj xo1l8bm\" tabindex=\"0\" role=\"link\" href=\"https:\/\/www.facebook.com\/hashtag\/prefeituradeabel?__eep__=6&amp;__cft__[0]=AZXRKBCJRq9-NckaGaBNQVtF40xxbv6LP_0cHZ8PUhqVDCw3kXdHRzb-SWLRmt9gP4yZwwas0sUdMqkwSS29VZvzyFjCFHlEW-QA2bAQyzIGz-ZG7dgEQmMaN8QzAt5eFzO1aPw6JJosPqqDLFknpoMe7p3w6PXuLKHh7xkwJydicMlSBd0vpq9ZdsVK3Jr1oXM&amp;__tn__=*NK-R\">#prefeituradeabel<\/a><\/div>\n<div dir=\"auto\"><a class=\"x1i10hfl xjbqb8w x6umtig x1b1mbwd xaqea5y xav7gou x9f619 x1ypdohk xt0psk2 xe8uvvx xdj266r x11i5rnm xat24cr x1mh8g0r xexx8yu x4uap5 x18d9i69 xkhd6sd x16tdsg8 x1hl2dhg xggy1nq x1a2a7pz xt0b8zv x1qq9wsj xo1l8bm\" tabindex=\"0\" role=\"link\" href=\"https:\/\/www.facebook.com\/hashtag\/trabalhandoparaopovo?__eep__=6&amp;__cft__[0]=AZXRKBCJRq9-NckaGaBNQVtF40xxbv6LP_0cHZ8PUhqVDCw3kXdHRzb-SWLRmt9gP4yZwwas0sUdMqkwSS29VZvzyFjCFHlEW-QA2bAQyzIGz-ZG7dgEQmMaN8QzAt5eFzO1aPw6JJosPqqDLFknpoMe7p3w6PXuLKHh7xkwJydicMlSBd0vpq9ZdsVK3Jr1oXM&amp;__tn__=*NK-R\">#trabalhandoparaopovo<\/a><\/div>\n<\/div>\n<\/div>\n<\/div>\n<\/div>\n<\/div>\n<div id=\":rhc:\" class=\"x1n2onr6\">\n<div class=\"x1n2onr6\">\n<div class=\"x6s0dn4 x1jx94hy x78zum5 xdt5ytf x6ikm8r x10wlt62 x1n2onr6 xh8yej3\">\n<div>\n<div class=\"xqtp20y x6ikm8r x10wlt62 x1n2onr6\">\n<div class=\"x10l6tqk x13vifvy\"><img loading=\"lazy\" decoding=\"async\" class=\"x1ey2m1c xds687c x5yr21d x10l6tqk x17qophe x13vifvy xh8yej3 xl1xv1r\" src=\"https:\/\/scontent-gru2-2.xx.fbcdn.net\/v\/t39.30808-6\/408721209_202132926306846_5472209821692930549_n.jpg?stp=dst-jpg_s640x640&amp;_nc_cat=106&amp;ccb=1-7&amp;_nc_sid=3635dc&amp;_nc_eui2=AeFHT9VH_Pi3ObKcXBPb0bU-1nSCz28n-P_WdILPbyf4_zjWKmOKKVxNTlgZYHwqCPMrm3RCP_TNKpiSwj-2xPYJ&amp;_nc_ohc=XgfSNnlRPlMAX_jDghB&amp;_nc_ht=scontent-gru2-2.xx&amp;oh=00_AfAalBrArtA_EhGxjzsfuV86XdmW8Xjf6UgxYKYOYOnajQ&amp;oe=657D1B31\" alt=\"Pode ser uma imagem de 1 pessoa e texto que diz &quot;08 de Dezembro Dia de Nossa Senhora Imaculada Concei\u00e7\u00e3o Padroeira de Abel Figueiredo-PA Nossa Senhora Imaculada Concei\u00e7\u00e3o, derrame seu amor sobre nosso querido munic\u00edpio e aben\u00e7oe seus filhos e filhas! Uma homenagem Prefeito Ant\u00f4nio Calhau vice Evandro da Serraria. PREFEITURA DE ABEL FIGUEIREDO 2021\/2034 Trabalhando para oPovo!&quot;\" width=\"522\" height=\"640\" \/><\/div>\n<\/div>\n<\/div>\n<\/div>\n<div class=\"xua58t2 xzg4506 x1ey2m1c xds687c x47corl x10l6tqk x17qophe x13vifvy\"><\/div>\n<div class=\"x1o1ewxj x3x9cwd x1e5q0jg x13rtm0m x1ey2m1c xds687c xg01cxk x47corl x10l6tqk x17qophe x13vifvy x1ebt8du x19991ni x1dhq9h xobhos8\" role=\"none\" data-visualcompletion=\"ignore\"><\/div>\n<\/div>\n<\/div>\n<\/div>\n","protected":false},"excerpt":{"rendered":"<p>Uma homenagem: Prefeito Ant\u00f4nio Calhau, vice Evandro da Serraria. #prefeituradeabel #trabalhandoparaopovo<\/p>\n","protected":false},"author":34,"featured_media":17216,"comment_status":"closed","ping_status":"closed","sticky":false,"template":"","format":"standard","meta":{"footnotes":""},"categories":[1],"tags":[],"class_list":{"0":"post-17215","1":"post","2":"type-post","3":"status-publish","4":"format-standard","5":"has-post-thumbnail","7":"category-noticias"},"yoast_head":"<!-- This site is optimized with the Yoast SEO plugin v26.6 - https:\/\/yoast.com\/wordpress\/plugins\/seo\/ -->\n<title>Nossa Senhora Imaculada Concei\u00e7\u00e3o, padroeira da nossa querida Abel Figueiredo, brilhe sobre n\u00f3s e ilumine o nosso caminho com a sua sabedoria e a sua gra\u00e7a. Guie-nos para mais perto de Jesus! - Prefeitura Municipal de Abel Figueiredo | Gest\u00e3o 2025-2028<\/title>\n<meta name=\"robots\" content=\"index, follow, max-snippet:-1, max-image-preview:large, max-video-preview:-1\" \/>\n<link rel=\"canonical\" href=\"https:\/\/abelfigueiredo.pa.gov.br\/site\/nossa-senhora-imaculada-conceicao-padroeira-da-nossa-querida-abel-figueiredo-brilhe-sobre-nos-e-ilumine-o-nosso-caminho-com-a-sua-sabedoria-e-a-sua-graca-guie-nos-para-mais-perto-de-jesus\/\" \/>\n<meta property=\"og:locale\" content=\"pt_BR\" \/>\n<meta property=\"og:type\" content=\"article\" \/>\n<meta property=\"og:title\" content=\"Nossa Senhora Imaculada Concei\u00e7\u00e3o, padroeira da nossa querida Abel Figueiredo, brilhe sobre n\u00f3s e ilumine o nosso caminho com a sua sabedoria e a sua gra\u00e7a. Guie-nos para mais perto de Jesus! - Prefeitura Municipal de Abel Figueiredo | Gest\u00e3o 2025-2028\" \/>\n<meta property=\"og:description\" content=\"Uma homenagem: Prefeito Ant\u00f4nio Calhau, vice Evandro da Serraria. #prefeituradeabel #trabalhandoparaopovo\" \/>\n<meta property=\"og:url\" content=\"https:\/\/abelfigueiredo.pa.gov.br\/site\/nossa-senhora-imaculada-conceicao-padroeira-da-nossa-querida-abel-figueiredo-brilhe-sobre-nos-e-ilumine-o-nosso-caminho-com-a-sua-sabedoria-e-a-sua-graca-guie-nos-para-mais-perto-de-jesus\/\" \/>\n<meta property=\"og:site_name\" content=\"Prefeitura Municipal de Abel Figueiredo | Gest\u00e3o 2025-2028\" \/>\n<meta property=\"article:published_time\" content=\"2023-12-08T18:01:27+00:00\" \/>\n<meta property=\"og:image\" content=\"https:\/\/scontent-gru2-2.xx.fbcdn.net\/v\/t39.30808-6\/408721209_202132926306846_5472209821692930549_n.jpg?stp=dst-jpg_s640x640&amp;_nc_cat=106&amp;ccb=1-7&amp;_nc_sid=3635dc&amp;_nc_eui2=AeFHT9VH_Pi3ObKcXBPb0bU-1nSCz28n-P_WdILPbyf4_zjWKmOKKVxNTlgZYHwqCPMrm3RCP_TNKpiSwj-2xPYJ&amp;_nc_ohc=XgfSNnlRPlMAX_jDghB&amp;_nc_ht=scontent-gru2-2.xx&amp;oh=00_AfAalBrArtA_EhGxjzsfuV86XdmW8Xjf6UgxYKYOYOnajQ&amp;oe=657D1B31\" \/>\n<meta name=\"author\" content=\"djthiago\" \/>\n<meta name=\"twitter:label1\" content=\"Escrito por\" \/>\n\t<meta name=\"twitter:data1\" content=\"djthiago\" \/>\n<script type=\"application\/ld+json\" class=\"yoast-schema-graph\">{\"@context\":\"https:\/\/schema.org\",\"@graph\":[{\"@type\":\"WebPage\",\"@id\":\"https:\/\/abelfigueiredo.pa.gov.br\/site\/nossa-senhora-imaculada-conceicao-padroeira-da-nossa-querida-abel-figueiredo-brilhe-sobre-nos-e-ilumine-o-nosso-caminho-com-a-sua-sabedoria-e-a-sua-graca-guie-nos-para-mais-perto-de-jesus\/\",\"url\":\"https:\/\/abelfigueiredo.pa.gov.br\/site\/nossa-senhora-imaculada-conceicao-padroeira-da-nossa-querida-abel-figueiredo-brilhe-sobre-nos-e-ilumine-o-nosso-caminho-com-a-sua-sabedoria-e-a-sua-graca-guie-nos-para-mais-perto-de-jesus\/\",\"name\":\"Nossa Senhora Imaculada Concei\u00e7\u00e3o, padroeira da nossa querida Abel Figueiredo, brilhe sobre n\u00f3s e ilumine o nosso caminho com a sua sabedoria e a sua gra\u00e7a. Guie-nos para mais perto de Jesus! - Prefeitura Municipal de Abel Figueiredo | Gest\u00e3o 2025-2028\",\"isPartOf\":{\"@id\":\"https:\/\/abelfigueiredo.pa.gov.br\/site\/#website\"},\"primaryImageOfPage\":{\"@id\":\"https:\/\/abelfigueiredo.pa.gov.br\/site\/nossa-senhora-imaculada-conceicao-padroeira-da-nossa-querida-abel-figueiredo-brilhe-sobre-nos-e-ilumine-o-nosso-caminho-com-a-sua-sabedoria-e-a-sua-graca-guie-nos-para-mais-perto-de-jesus\/#primaryimage\"},\"image\":{\"@id\":\"https:\/\/abelfigueiredo.pa.gov.br\/site\/nossa-senhora-imaculada-conceicao-padroeira-da-nossa-querida-abel-figueiredo-brilhe-sobre-nos-e-ilumine-o-nosso-caminho-com-a-sua-sabedoria-e-a-sua-graca-guie-nos-para-mais-perto-de-jesus\/#primaryimage\"},\"thumbnailUrl\":\"https:\/\/abelfigueiredo.pa.gov.br\/site\/wp-content\/uploads\/2023\/12\/408721209_202132926306846_5472209821692930549_n.jpg\",\"datePublished\":\"2023-12-08T18:01:27+00:00\",\"author\":{\"@id\":\"https:\/\/abelfigueiredo.pa.gov.br\/site\/#\/schema\/person\/7c1ecb1baa18502745b46b3921be7bbb\"},\"inLanguage\":\"pt-BR\",\"potentialAction\":[{\"@type\":\"ReadAction\",\"target\":[\"https:\/\/abelfigueiredo.pa.gov.br\/site\/nossa-senhora-imaculada-conceicao-padroeira-da-nossa-querida-abel-figueiredo-brilhe-sobre-nos-e-ilumine-o-nosso-caminho-com-a-sua-sabedoria-e-a-sua-graca-guie-nos-para-mais-perto-de-jesus\/\"]}]},{\"@type\":\"ImageObject\",\"inLanguage\":\"pt-BR\",\"@id\":\"https:\/\/abelfigueiredo.pa.gov.br\/site\/nossa-senhora-imaculada-conceicao-padroeira-da-nossa-querida-abel-figueiredo-brilhe-sobre-nos-e-ilumine-o-nosso-caminho-com-a-sua-sabedoria-e-a-sua-graca-guie-nos-para-mais-perto-de-jesus\/#primaryimage\",\"url\":\"https:\/\/abelfigueiredo.pa.gov.br\/site\/wp-content\/uploads\/2023\/12\/408721209_202132926306846_5472209821692930549_n.jpg\",\"contentUrl\":\"https:\/\/abelfigueiredo.pa.gov.br\/site\/wp-content\/uploads\/2023\/12\/408721209_202132926306846_5472209821692930549_n.jpg\",\"width\":522,\"height\":640},{\"@type\":\"WebSite\",\"@id\":\"https:\/\/abelfigueiredo.pa.gov.br\/site\/#website\",\"url\":\"https:\/\/abelfigueiredo.pa.gov.br\/site\/\",\"name\":\"Prefeitura Municipal de Abel Figueiredo | Gest\u00e3o 2025-2028\",\"description\":\"Site oficial da Prefeitura Municipal de Abel Figueiredo\",\"potentialAction\":[{\"@type\":\"SearchAction\",\"target\":{\"@type\":\"EntryPoint\",\"urlTemplate\":\"https:\/\/abelfigueiredo.pa.gov.br\/site\/?s={search_term_string}\"},\"query-input\":{\"@type\":\"PropertyValueSpecification\",\"valueRequired\":true,\"valueName\":\"search_term_string\"}}],\"inLanguage\":\"pt-BR\"},{\"@type\":\"Person\",\"@id\":\"https:\/\/abelfigueiredo.pa.gov.br\/site\/#\/schema\/person\/7c1ecb1baa18502745b46b3921be7bbb\",\"name\":\"djthiago\",\"image\":{\"@type\":\"ImageObject\",\"inLanguage\":\"pt-BR\",\"@id\":\"https:\/\/abelfigueiredo.pa.gov.br\/site\/#\/schema\/person\/image\/\",\"url\":\"https:\/\/secure.gravatar.com\/avatar\/2edad05cd7afbef8b9e1495dacdf55fd32bf2fe055ead3a385c32f41e201743d?s=96&d=mm&r=g\",\"contentUrl\":\"https:\/\/secure.gravatar.com\/avatar\/2edad05cd7afbef8b9e1495dacdf55fd32bf2fe055ead3a385c32f41e201743d?s=96&d=mm&r=g\",\"caption\":\"djthiago\"},\"url\":\"https:\/\/abelfigueiredo.pa.gov.br\/site\/author\/djthiago\/\"}]}<\/script>\n<!-- \/ Yoast SEO plugin. -->","yoast_head_json":{"title":"Nossa Senhora Imaculada Concei\u00e7\u00e3o, padroeira da nossa querida Abel Figueiredo, brilhe sobre n\u00f3s e ilumine o nosso caminho com a sua sabedoria e a sua gra\u00e7a. Guie-nos para mais perto de Jesus! - Prefeitura Municipal de Abel Figueiredo | Gest\u00e3o 2025-2028","robots":{"index":"index","follow":"follow","max-snippet":"max-snippet:-1","max-image-preview":"max-image-preview:large","max-video-preview":"max-video-preview:-1"},"canonical":"https:\/\/abelfigueiredo.pa.gov.br\/site\/nossa-senhora-imaculada-conceicao-padroeira-da-nossa-querida-abel-figueiredo-brilhe-sobre-nos-e-ilumine-o-nosso-caminho-com-a-sua-sabedoria-e-a-sua-graca-guie-nos-para-mais-perto-de-jesus\/","og_locale":"pt_BR","og_type":"article","og_title":"Nossa Senhora Imaculada Concei\u00e7\u00e3o, padroeira da nossa querida Abel Figueiredo, brilhe sobre n\u00f3s e ilumine o nosso caminho com a sua sabedoria e a sua gra\u00e7a. Guie-nos para mais perto de Jesus! - Prefeitura Municipal de Abel Figueiredo | Gest\u00e3o 2025-2028","og_description":"Uma homenagem: Prefeito Ant\u00f4nio Calhau, vice Evandro da Serraria. #prefeituradeabel #trabalhandoparaopovo","og_url":"https:\/\/abelfigueiredo.pa.gov.br\/site\/nossa-senhora-imaculada-conceicao-padroeira-da-nossa-querida-abel-figueiredo-brilhe-sobre-nos-e-ilumine-o-nosso-caminho-com-a-sua-sabedoria-e-a-sua-graca-guie-nos-para-mais-perto-de-jesus\/","og_site_name":"Prefeitura Municipal de Abel Figueiredo | Gest\u00e3o 2025-2028","article_published_time":"2023-12-08T18:01:27+00:00","og_image":[{"url":"https:\/\/scontent-gru2-2.xx.fbcdn.net\/v\/t39.30808-6\/408721209_202132926306846_5472209821692930549_n.jpg?stp=dst-jpg_s640x640&amp;_nc_cat=106&amp;ccb=1-7&amp;_nc_sid=3635dc&amp;_nc_eui2=AeFHT9VH_Pi3ObKcXBPb0bU-1nSCz28n-P_WdILPbyf4_zjWKmOKKVxNTlgZYHwqCPMrm3RCP_TNKpiSwj-2xPYJ&amp;_nc_ohc=XgfSNnlRPlMAX_jDghB&amp;_nc_ht=scontent-gru2-2.xx&amp;oh=00_AfAalBrArtA_EhGxjzsfuV86XdmW8Xjf6UgxYKYOYOnajQ&amp;oe=657D1B31","type":"","width":"","height":""}],"author":"djthiago","twitter_misc":{"Escrito por":"djthiago"},"schema":{"@context":"https:\/\/schema.org","@graph":[{"@type":"WebPage","@id":"https:\/\/abelfigueiredo.pa.gov.br\/site\/nossa-senhora-imaculada-conceicao-padroeira-da-nossa-querida-abel-figueiredo-brilhe-sobre-nos-e-ilumine-o-nosso-caminho-com-a-sua-sabedoria-e-a-sua-graca-guie-nos-para-mais-perto-de-jesus\/","url":"https:\/\/abelfigueiredo.pa.gov.br\/site\/nossa-senhora-imaculada-conceicao-padroeira-da-nossa-querida-abel-figueiredo-brilhe-sobre-nos-e-ilumine-o-nosso-caminho-com-a-sua-sabedoria-e-a-sua-graca-guie-nos-para-mais-perto-de-jesus\/","name":"Nossa Senhora Imaculada Concei\u00e7\u00e3o, padroeira da nossa querida Abel Figueiredo, brilhe sobre n\u00f3s e ilumine o nosso caminho com a sua sabedoria e a sua gra\u00e7a. Guie-nos para mais perto de Jesus! - Prefeitura Municipal de Abel Figueiredo | Gest\u00e3o 2025-2028","isPartOf":{"@id":"https:\/\/abelfigueiredo.pa.gov.br\/site\/#website"},"primaryImageOfPage":{"@id":"https:\/\/abelfigueiredo.pa.gov.br\/site\/nossa-senhora-imaculada-conceicao-padroeira-da-nossa-querida-abel-figueiredo-brilhe-sobre-nos-e-ilumine-o-nosso-caminho-com-a-sua-sabedoria-e-a-sua-graca-guie-nos-para-mais-perto-de-jesus\/#primaryimage"},"image":{"@id":"https:\/\/abelfigueiredo.pa.gov.br\/site\/nossa-senhora-imaculada-conceicao-padroeira-da-nossa-querida-abel-figueiredo-brilhe-sobre-nos-e-ilumine-o-nosso-caminho-com-a-sua-sabedoria-e-a-sua-graca-guie-nos-para-mais-perto-de-jesus\/#primaryimage"},"thumbnailUrl":"https:\/\/abelfigueiredo.pa.gov.br\/site\/wp-content\/uploads\/2023\/12\/408721209_202132926306846_5472209821692930549_n.jpg","datePublished":"2023-12-08T18:01:27+00:00","author":{"@id":"https:\/\/abelfigueiredo.pa.gov.br\/site\/#\/schema\/person\/7c1ecb1baa18502745b46b3921be7bbb"},"inLanguage":"pt-BR","potentialAction":[{"@type":"ReadAction","target":["https:\/\/abelfigueiredo.pa.gov.br\/site\/nossa-senhora-imaculada-conceicao-padroeira-da-nossa-querida-abel-figueiredo-brilhe-sobre-nos-e-ilumine-o-nosso-caminho-com-a-sua-sabedoria-e-a-sua-graca-guie-nos-para-mais-perto-de-jesus\/"]}]},{"@type":"ImageObject","inLanguage":"pt-BR","@id":"https:\/\/abelfigueiredo.pa.gov.br\/site\/nossa-senhora-imaculada-conceicao-padroeira-da-nossa-querida-abel-figueiredo-brilhe-sobre-nos-e-ilumine-o-nosso-caminho-com-a-sua-sabedoria-e-a-sua-graca-guie-nos-para-mais-perto-de-jesus\/#primaryimage","url":"https:\/\/abelfigueiredo.pa.gov.br\/site\/wp-content\/uploads\/2023\/12\/408721209_202132926306846_5472209821692930549_n.jpg","contentUrl":"https:\/\/abelfigueiredo.pa.gov.br\/site\/wp-content\/uploads\/2023\/12\/408721209_202132926306846_5472209821692930549_n.jpg","width":522,"height":640},{"@type":"WebSite","@id":"https:\/\/abelfigueiredo.pa.gov.br\/site\/#website","url":"https:\/\/abelfigueiredo.pa.gov.br\/site\/","name":"Prefeitura Municipal de Abel Figueiredo | Gest\u00e3o 2025-2028","description":"Site oficial da Prefeitura Municipal de Abel Figueiredo","potentialAction":[{"@type":"SearchAction","target":{"@type":"EntryPoint","urlTemplate":"https:\/\/abelfigueiredo.pa.gov.br\/site\/?s={search_term_string}"},"query-input":{"@type":"PropertyValueSpecification","valueRequired":true,"valueName":"search_term_string"}}],"inLanguage":"pt-BR"},{"@type":"Person","@id":"https:\/\/abelfigueiredo.pa.gov.br\/site\/#\/schema\/person\/7c1ecb1baa18502745b46b3921be7bbb","name":"djthiago","image":{"@type":"ImageObject","inLanguage":"pt-BR","@id":"https:\/\/abelfigueiredo.pa.gov.br\/site\/#\/schema\/person\/image\/","url":"https:\/\/secure.gravatar.com\/avatar\/2edad05cd7afbef8b9e1495dacdf55fd32bf2fe055ead3a385c32f41e201743d?s=96&d=mm&r=g","contentUrl":"https:\/\/secure.gravatar.com\/avatar\/2edad05cd7afbef8b9e1495dacdf55fd32bf2fe055ead3a385c32f41e201743d?s=96&d=mm&r=g","caption":"djthiago"},"url":"https:\/\/abelfigueiredo.pa.gov.br\/site\/author\/djthiago\/"}]}},"_links":{"self":[{"href":"https:\/\/abelfigueiredo.pa.gov.br\/site\/wp-json\/wp\/v2\/posts\/17215","targetHints":{"allow":["GET"]}}],"collection":[{"href":"https:\/\/abelfigueiredo.pa.gov.br\/site\/wp-json\/wp\/v2\/posts"}],"about":[{"href":"https:\/\/abelfigueiredo.pa.gov.br\/site\/wp-json\/wp\/v2\/types\/post"}],"author":[{"embeddable":true,"href":"https:\/\/abelfigueiredo.pa.gov.br\/site\/wp-json\/wp\/v2\/users\/34"}],"replies":[{"embeddable":true,"href":"https:\/\/abelfigueiredo.pa.gov.br\/site\/wp-json\/wp\/v2\/comments?post=17215"}],"version-history":[{"count":0,"href":"https:\/\/abelfigueiredo.pa.gov.br\/site\/wp-json\/wp\/v2\/posts\/17215\/revisions"}],"wp:featuredmedia":[{"embeddable":true,"href":"https:\/\/abelfigueiredo.pa.gov.br\/site\/wp-json\/wp\/v2\/media\/17216"}],"wp:attachment":[{"href":"https:\/\/abelfigueiredo.pa.gov.br\/site\/wp-json\/wp\/v2\/media?parent=17215"}],"wp:term":[{"taxonomy":"category","embeddable":true,"href":"https:\/\/abelfigueiredo.pa.gov.br\/site\/wp-json\/wp\/v2\/categories?post=17215"},{"taxonomy":"post_tag","embeddable":true,"href":"https:\/\/abelfigueiredo.pa.gov.br\/site\/wp-json\/wp\/v2\/tags?post=17215"}],"curies":[{"name":"wp","href":"https:\/\/api.w.org\/{rel}","templated":true}]}}