{"id":17075,"date":"2023-11-23T11:13:05","date_gmt":"2023-11-23T14:13:05","guid":{"rendered":"https:\/\/abelfigueiredo.pa.gov.br\/site\/?p=17075"},"modified":"2023-11-23T11:13:05","modified_gmt":"2023-11-23T14:13:05","slug":"abel-figueiredo-conquista-um-complexo-esportivo-que-sera-construido-em-breve-no-municipio","status":"publish","type":"post","link":"https:\/\/abelfigueiredo.pa.gov.br\/site\/abel-figueiredo-conquista-um-complexo-esportivo-que-sera-construido-em-breve-no-municipio\/","title":{"rendered":"Abel Figueiredo conquista um complexo esportivo que ser\u00e1 constru\u00eddo em breve no munic\u00edpio."},"content":{"rendered":"<div class=\"x11i5rnm xat24cr x1mh8g0r x1vvkbs xtlvy1s x126k92a\">\n<div dir=\"auto\"><a class=\"x1i10hfl xjbqb8w x6umtig x1b1mbwd xaqea5y xav7gou x9f619 x1ypdohk xt0psk2 xe8uvvx xdj266r x11i5rnm xat24cr x1mh8g0r xexx8yu x4uap5 x18d9i69 xkhd6sd x16tdsg8 x1hl2dhg xggy1nq x1a2a7pz xt0b8zv x1qq9wsj xo1l8bm\" tabindex=\"0\" role=\"link\" href=\"https:\/\/www.facebook.com\/hashtag\/compartilhe?__eep__=6&amp;__cft__[0]=AZWbEjmCRa-R-8IYSRCPcpdam7YlSDhdAXHHj9BVJTtyixO_Uptb-Z5_FN5aUP8axepWGRulS10XHiKfx8STURoBkGA-JPVrYE5m5ysBCA9Hx_Z9yBhg2ESFBKbQAIxzkNwmkZnpJo26tFr5wRJY-2ztLas20XZqwwp-zWOSu2jSFtxv8ijpvhHavtnHAmZtEXo&amp;__tn__=*NK-R\">#compartilhe<\/a><\/div>\n<\/div>\n<div class=\"x11i5rnm xat24cr x1mh8g0r x1vvkbs xtlvy1s x126k92a\">\n<div dir=\"auto\">A Prefeitura de Abel Figueiredo administra\u00e7\u00e3o Prefeito Ant\u00f4nio Calhau vice Evandro da Serraria por meio da Secretaria de Desenvolvimento e Promo\u00e7\u00e3o Social, Secret\u00e1ria Winnie Aylla Barbosa, comunica a todos a conquista de mais um importante projeto do Governo do Estado para o munic\u00edpio, desta vez um complexo esportivo com academia ao ar livre, pra\u00e7a, pista de skate e muito mais. Nosso agradecimento ao Secret\u00e1rio Estadual de Esporte C\u00e1ssio Andrade pelo olhar carinhoso para a nossa cidade.<\/div>\n<\/div>\n<div class=\"x11i5rnm xat24cr x1mh8g0r x1vvkbs xtlvy1s x126k92a\">\n<div dir=\"auto\">Seguiremos juntos trabalhando para o Povo!<\/div>\n<\/div>\n<div class=\"x11i5rnm xat24cr x1mh8g0r x1vvkbs xtlvy1s x126k92a\">\n<div dir=\"auto\"><a class=\"x1i10hfl xjbqb8w x6umtig x1b1mbwd xaqea5y xav7gou x9f619 x1ypdohk xt0psk2 xe8uvvx xdj266r x11i5rnm xat24cr x1mh8g0r xexx8yu x4uap5 x18d9i69 xkhd6sd x16tdsg8 x1hl2dhg xggy1nq x1a2a7pz xt0b8zv x1qq9wsj xo1l8bm\" tabindex=\"0\" role=\"link\" href=\"https:\/\/www.facebook.com\/hashtag\/prefeituradeabel?__eep__=6&amp;__cft__[0]=AZWbEjmCRa-R-8IYSRCPcpdam7YlSDhdAXHHj9BVJTtyixO_Uptb-Z5_FN5aUP8axepWGRulS10XHiKfx8STURoBkGA-JPVrYE5m5ysBCA9Hx_Z9yBhg2ESFBKbQAIxzkNwmkZnpJo26tFr5wRJY-2ztLas20XZqwwp-zWOSu2jSFtxv8ijpvhHavtnHAmZtEXo&amp;__tn__=*NK-R\">#prefeituradeabel<\/a><\/div>\n<div dir=\"auto\"><a class=\"x1i10hfl xjbqb8w x6umtig x1b1mbwd xaqea5y xav7gou x9f619 x1ypdohk xt0psk2 xe8uvvx xdj266r x11i5rnm xat24cr x1mh8g0r xexx8yu x4uap5 x18d9i69 xkhd6sd x16tdsg8 x1hl2dhg xggy1nq x1a2a7pz xt0b8zv x1qq9wsj xo1l8bm\" tabindex=\"0\" role=\"link\" href=\"https:\/\/www.facebook.com\/hashtag\/secdepromocaosocial?__eep__=6&amp;__cft__[0]=AZWbEjmCRa-R-8IYSRCPcpdam7YlSDhdAXHHj9BVJTtyixO_Uptb-Z5_FN5aUP8axepWGRulS10XHiKfx8STURoBkGA-JPVrYE5m5ysBCA9Hx_Z9yBhg2ESFBKbQAIxzkNwmkZnpJo26tFr5wRJY-2ztLas20XZqwwp-zWOSu2jSFtxv8ijpvhHavtnHAmZtEXo&amp;__tn__=*NK-R\">#secdepromocaosocial<\/a><\/div>\n<div dir=\"auto\"><a class=\"x1i10hfl xjbqb8w x6umtig x1b1mbwd xaqea5y xav7gou x9f619 x1ypdohk xt0psk2 xe8uvvx xdj266r x11i5rnm xat24cr x1mh8g0r xexx8yu x4uap5 x18d9i69 xkhd6sd x16tdsg8 x1hl2dhg xggy1nq x1a2a7pz xt0b8zv x1qq9wsj xo1l8bm\" tabindex=\"0\" role=\"link\" href=\"https:\/\/www.facebook.com\/hashtag\/trabalhandoparaopovo?__eep__=6&amp;__cft__[0]=AZWbEjmCRa-R-8IYSRCPcpdam7YlSDhdAXHHj9BVJTtyixO_Uptb-Z5_FN5aUP8axepWGRulS10XHiKfx8STURoBkGA-JPVrYE5m5ysBCA9Hx_Z9yBhg2ESFBKbQAIxzkNwmkZnpJo26tFr5wRJY-2ztLas20XZqwwp-zWOSu2jSFtxv8ijpvhHavtnHAmZtEXo&amp;__tn__=*NK-R\">#trabalhandoparaopovo<\/a><\/div>\n<div dir=\"auto\"><a href=\"https:\/\/abelfigueiredo.pa.gov.br\/site\/wp-content\/uploads\/2023\/11\/Evento-realizado-para-as-maes-do-Programa-Crianca-Feliz-Primeira-Infancia-no-SUAS-1080-\u00d7-1000-px-1000-\u00d7-1000-px-1100-x-1366-px-4.png\"><img loading=\"lazy\" decoding=\"async\" class=\"alignnone size-medium wp-image-17076\" src=\"https:\/\/abelfigueiredo.pa.gov.br\/site\/wp-content\/uploads\/2023\/11\/Evento-realizado-para-as-maes-do-Programa-Crianca-Feliz-Primeira-Infancia-no-SUAS-1080-\u00d7-1000-px-1000-\u00d7-1000-px-1100-x-1366-px-4-242x300.png\" alt=\"\" width=\"242\" height=\"300\" srcset=\"https:\/\/abelfigueiredo.pa.gov.br\/site\/wp-content\/uploads\/2023\/11\/Evento-realizado-para-as-maes-do-Programa-Crianca-Feliz-Primeira-Infancia-no-SUAS-1080-\u00d7-1000-px-1000-\u00d7-1000-px-1100-x-1366-px-4-242x300.png 242w, https:\/\/abelfigueiredo.pa.gov.br\/site\/wp-content\/uploads\/2023\/11\/Evento-realizado-para-as-maes-do-Programa-Crianca-Feliz-Primeira-Infancia-no-SUAS-1080-\u00d7-1000-px-1000-\u00d7-1000-px-1100-x-1366-px-4-825x1024.png 825w, https:\/\/abelfigueiredo.pa.gov.br\/site\/wp-content\/uploads\/2023\/11\/Evento-realizado-para-as-maes-do-Programa-Crianca-Feliz-Primeira-Infancia-no-SUAS-1080-\u00d7-1000-px-1000-\u00d7-1000-px-1100-x-1366-px-4-768x954.png 768w, https:\/\/abelfigueiredo.pa.gov.br\/site\/wp-content\/uploads\/2023\/11\/Evento-realizado-para-as-maes-do-Programa-Crianca-Feliz-Primeira-Infancia-no-SUAS-1080-\u00d7-1000-px-1000-\u00d7-1000-px-1100-x-1366-px-4.png 1100w\" sizes=\"auto, (max-width: 242px) 100vw, 242px\" \/><\/a> <a href=\"https:\/\/abelfigueiredo.pa.gov.br\/site\/wp-content\/uploads\/2023\/11\/Evento-realizado-para-as-maes-do-Programa-Crianca-Feliz-Primeira-Infancia-no-SUAS-1080-\u00d7-1000-px-1000-\u00d7-1000-px-1100-x-1366-px-5.png\"><img loading=\"lazy\" decoding=\"async\" class=\"alignnone size-medium wp-image-17077\" src=\"https:\/\/abelfigueiredo.pa.gov.br\/site\/wp-content\/uploads\/2023\/11\/Evento-realizado-para-as-maes-do-Programa-Crianca-Feliz-Primeira-Infancia-no-SUAS-1080-\u00d7-1000-px-1000-\u00d7-1000-px-1100-x-1366-px-5-242x300.png\" alt=\"\" width=\"242\" height=\"300\" srcset=\"https:\/\/abelfigueiredo.pa.gov.br\/site\/wp-content\/uploads\/2023\/11\/Evento-realizado-para-as-maes-do-Programa-Crianca-Feliz-Primeira-Infancia-no-SUAS-1080-\u00d7-1000-px-1000-\u00d7-1000-px-1100-x-1366-px-5-242x300.png 242w, https:\/\/abelfigueiredo.pa.gov.br\/site\/wp-content\/uploads\/2023\/11\/Evento-realizado-para-as-maes-do-Programa-Crianca-Feliz-Primeira-Infancia-no-SUAS-1080-\u00d7-1000-px-1000-\u00d7-1000-px-1100-x-1366-px-5-825x1024.png 825w, https:\/\/abelfigueiredo.pa.gov.br\/site\/wp-content\/uploads\/2023\/11\/Evento-realizado-para-as-maes-do-Programa-Crianca-Feliz-Primeira-Infancia-no-SUAS-1080-\u00d7-1000-px-1000-\u00d7-1000-px-1100-x-1366-px-5-768x954.png 768w, https:\/\/abelfigueiredo.pa.gov.br\/site\/wp-content\/uploads\/2023\/11\/Evento-realizado-para-as-maes-do-Programa-Crianca-Feliz-Primeira-Infancia-no-SUAS-1080-\u00d7-1000-px-1000-\u00d7-1000-px-1100-x-1366-px-5.png 1100w\" sizes=\"auto, (max-width: 242px) 100vw, 242px\" \/><\/a> <a href=\"https:\/\/abelfigueiredo.pa.gov.br\/site\/wp-content\/uploads\/2023\/11\/Evento-realizado-para-as-maes-do-Programa-Crianca-Feliz-Primeira-Infancia-no-SUAS-1080-\u00d7-1000-px-1000-\u00d7-1000-px-1100-x-1366-px-6.png\"><img loading=\"lazy\" decoding=\"async\" class=\"alignnone size-medium wp-image-17078\" src=\"https:\/\/abelfigueiredo.pa.gov.br\/site\/wp-content\/uploads\/2023\/11\/Evento-realizado-para-as-maes-do-Programa-Crianca-Feliz-Primeira-Infancia-no-SUAS-1080-\u00d7-1000-px-1000-\u00d7-1000-px-1100-x-1366-px-6-242x300.png\" alt=\"\" width=\"242\" height=\"300\" srcset=\"https:\/\/abelfigueiredo.pa.gov.br\/site\/wp-content\/uploads\/2023\/11\/Evento-realizado-para-as-maes-do-Programa-Crianca-Feliz-Primeira-Infancia-no-SUAS-1080-\u00d7-1000-px-1000-\u00d7-1000-px-1100-x-1366-px-6-242x300.png 242w, https:\/\/abelfigueiredo.pa.gov.br\/site\/wp-content\/uploads\/2023\/11\/Evento-realizado-para-as-maes-do-Programa-Crianca-Feliz-Primeira-Infancia-no-SUAS-1080-\u00d7-1000-px-1000-\u00d7-1000-px-1100-x-1366-px-6-825x1024.png 825w, https:\/\/abelfigueiredo.pa.gov.br\/site\/wp-content\/uploads\/2023\/11\/Evento-realizado-para-as-maes-do-Programa-Crianca-Feliz-Primeira-Infancia-no-SUAS-1080-\u00d7-1000-px-1000-\u00d7-1000-px-1100-x-1366-px-6-768x954.png 768w, https:\/\/abelfigueiredo.pa.gov.br\/site\/wp-content\/uploads\/2023\/11\/Evento-realizado-para-as-maes-do-Programa-Crianca-Feliz-Primeira-Infancia-no-SUAS-1080-\u00d7-1000-px-1000-\u00d7-1000-px-1100-x-1366-px-6.png 1100w\" sizes=\"auto, (max-width: 242px) 100vw, 242px\" \/><\/a> <a href=\"https:\/\/abelfigueiredo.pa.gov.br\/site\/wp-content\/uploads\/2023\/11\/Evento-realizado-para-as-maes-do-Programa-Crianca-Feliz-Primeira-Infancia-no-SUAS-1080-\u00d7-1000-px-1000-\u00d7-1000-px-1100-x-1366-px-7.png\"><img loading=\"lazy\" decoding=\"async\" class=\"alignnone size-medium wp-image-17079\" src=\"https:\/\/abelfigueiredo.pa.gov.br\/site\/wp-content\/uploads\/2023\/11\/Evento-realizado-para-as-maes-do-Programa-Crianca-Feliz-Primeira-Infancia-no-SUAS-1080-\u00d7-1000-px-1000-\u00d7-1000-px-1100-x-1366-px-7-242x300.png\" alt=\"\" width=\"242\" height=\"300\" srcset=\"https:\/\/abelfigueiredo.pa.gov.br\/site\/wp-content\/uploads\/2023\/11\/Evento-realizado-para-as-maes-do-Programa-Crianca-Feliz-Primeira-Infancia-no-SUAS-1080-\u00d7-1000-px-1000-\u00d7-1000-px-1100-x-1366-px-7-242x300.png 242w, https:\/\/abelfigueiredo.pa.gov.br\/site\/wp-content\/uploads\/2023\/11\/Evento-realizado-para-as-maes-do-Programa-Crianca-Feliz-Primeira-Infancia-no-SUAS-1080-\u00d7-1000-px-1000-\u00d7-1000-px-1100-x-1366-px-7-825x1024.png 825w, https:\/\/abelfigueiredo.pa.gov.br\/site\/wp-content\/uploads\/2023\/11\/Evento-realizado-para-as-maes-do-Programa-Crianca-Feliz-Primeira-Infancia-no-SUAS-1080-\u00d7-1000-px-1000-\u00d7-1000-px-1100-x-1366-px-7-768x954.png 768w, https:\/\/abelfigueiredo.pa.gov.br\/site\/wp-content\/uploads\/2023\/11\/Evento-realizado-para-as-maes-do-Programa-Crianca-Feliz-Primeira-Infancia-no-SUAS-1080-\u00d7-1000-px-1000-\u00d7-1000-px-1100-x-1366-px-7.png 1100w\" sizes=\"auto, (max-width: 242px) 100vw, 242px\" \/><\/a> <a href=\"https:\/\/abelfigueiredo.pa.gov.br\/site\/wp-content\/uploads\/2023\/11\/Evento-realizado-para-as-maes-do-Programa-Crianca-Feliz-Primeira-Infancia-no-SUAS-1080-\u00d7-1000-px-1000-\u00d7-1000-px-1100-x-1366-px-8.png\"><img loading=\"lazy\" decoding=\"async\" class=\"alignnone size-medium wp-image-17080\" src=\"https:\/\/abelfigueiredo.pa.gov.br\/site\/wp-content\/uploads\/2023\/11\/Evento-realizado-para-as-maes-do-Programa-Crianca-Feliz-Primeira-Infancia-no-SUAS-1080-\u00d7-1000-px-1000-\u00d7-1000-px-1100-x-1366-px-8-242x300.png\" alt=\"\" width=\"242\" height=\"300\" srcset=\"https:\/\/abelfigueiredo.pa.gov.br\/site\/wp-content\/uploads\/2023\/11\/Evento-realizado-para-as-maes-do-Programa-Crianca-Feliz-Primeira-Infancia-no-SUAS-1080-\u00d7-1000-px-1000-\u00d7-1000-px-1100-x-1366-px-8-242x300.png 242w, https:\/\/abelfigueiredo.pa.gov.br\/site\/wp-content\/uploads\/2023\/11\/Evento-realizado-para-as-maes-do-Programa-Crianca-Feliz-Primeira-Infancia-no-SUAS-1080-\u00d7-1000-px-1000-\u00d7-1000-px-1100-x-1366-px-8-825x1024.png 825w, https:\/\/abelfigueiredo.pa.gov.br\/site\/wp-content\/uploads\/2023\/11\/Evento-realizado-para-as-maes-do-Programa-Crianca-Feliz-Primeira-Infancia-no-SUAS-1080-\u00d7-1000-px-1000-\u00d7-1000-px-1100-x-1366-px-8-768x954.png 768w, https:\/\/abelfigueiredo.pa.gov.br\/site\/wp-content\/uploads\/2023\/11\/Evento-realizado-para-as-maes-do-Programa-Crianca-Feliz-Primeira-Infancia-no-SUAS-1080-\u00d7-1000-px-1000-\u00d7-1000-px-1100-x-1366-px-8.png 1100w\" sizes=\"auto, (max-width: 242px) 100vw, 242px\" \/><\/a> <a href=\"https:\/\/abelfigueiredo.pa.gov.br\/site\/wp-content\/uploads\/2023\/11\/Evento-realizado-para-as-maes-do-Programa-Crianca-Feliz-Primeira-Infancia-no-SUAS-1080-\u00d7-1000-px-1000-\u00d7-1000-px-1100-x-1366-px-9.png\"><img loading=\"lazy\" decoding=\"async\" class=\"alignnone size-medium wp-image-17081\" src=\"https:\/\/abelfigueiredo.pa.gov.br\/site\/wp-content\/uploads\/2023\/11\/Evento-realizado-para-as-maes-do-Programa-Crianca-Feliz-Primeira-Infancia-no-SUAS-1080-\u00d7-1000-px-1000-\u00d7-1000-px-1100-x-1366-px-9-242x300.png\" alt=\"\" width=\"242\" height=\"300\" srcset=\"https:\/\/abelfigueiredo.pa.gov.br\/site\/wp-content\/uploads\/2023\/11\/Evento-realizado-para-as-maes-do-Programa-Crianca-Feliz-Primeira-Infancia-no-SUAS-1080-\u00d7-1000-px-1000-\u00d7-1000-px-1100-x-1366-px-9-242x300.png 242w, https:\/\/abelfigueiredo.pa.gov.br\/site\/wp-content\/uploads\/2023\/11\/Evento-realizado-para-as-maes-do-Programa-Crianca-Feliz-Primeira-Infancia-no-SUAS-1080-\u00d7-1000-px-1000-\u00d7-1000-px-1100-x-1366-px-9-825x1024.png 825w, https:\/\/abelfigueiredo.pa.gov.br\/site\/wp-content\/uploads\/2023\/11\/Evento-realizado-para-as-maes-do-Programa-Crianca-Feliz-Primeira-Infancia-no-SUAS-1080-\u00d7-1000-px-1000-\u00d7-1000-px-1100-x-1366-px-9-768x954.png 768w, https:\/\/abelfigueiredo.pa.gov.br\/site\/wp-content\/uploads\/2023\/11\/Evento-realizado-para-as-maes-do-Programa-Crianca-Feliz-Primeira-Infancia-no-SUAS-1080-\u00d7-1000-px-1000-\u00d7-1000-px-1100-x-1366-px-9.png 1100w\" sizes=\"auto, (max-width: 242px) 100vw, 242px\" \/><\/a> <a href=\"https:\/\/abelfigueiredo.pa.gov.br\/site\/wp-content\/uploads\/2023\/11\/Evento-realizado-para-as-maes-do-Programa-Crianca-Feliz-Primeira-Infancia-no-SUAS-1080-\u00d7-1000-px-1000-\u00d7-1000-px-1100-x-1366-px-10.png\"><img loading=\"lazy\" decoding=\"async\" class=\"alignnone size-medium wp-image-17082\" src=\"https:\/\/abelfigueiredo.pa.gov.br\/site\/wp-content\/uploads\/2023\/11\/Evento-realizado-para-as-maes-do-Programa-Crianca-Feliz-Primeira-Infancia-no-SUAS-1080-\u00d7-1000-px-1000-\u00d7-1000-px-1100-x-1366-px-10-242x300.png\" alt=\"\" width=\"242\" height=\"300\" srcset=\"https:\/\/abelfigueiredo.pa.gov.br\/site\/wp-content\/uploads\/2023\/11\/Evento-realizado-para-as-maes-do-Programa-Crianca-Feliz-Primeira-Infancia-no-SUAS-1080-\u00d7-1000-px-1000-\u00d7-1000-px-1100-x-1366-px-10-242x300.png 242w, https:\/\/abelfigueiredo.pa.gov.br\/site\/wp-content\/uploads\/2023\/11\/Evento-realizado-para-as-maes-do-Programa-Crianca-Feliz-Primeira-Infancia-no-SUAS-1080-\u00d7-1000-px-1000-\u00d7-1000-px-1100-x-1366-px-10-825x1024.png 825w, https:\/\/abelfigueiredo.pa.gov.br\/site\/wp-content\/uploads\/2023\/11\/Evento-realizado-para-as-maes-do-Programa-Crianca-Feliz-Primeira-Infancia-no-SUAS-1080-\u00d7-1000-px-1000-\u00d7-1000-px-1100-x-1366-px-10-768x954.png 768w, https:\/\/abelfigueiredo.pa.gov.br\/site\/wp-content\/uploads\/2023\/11\/Evento-realizado-para-as-maes-do-Programa-Crianca-Feliz-Primeira-Infancia-no-SUAS-1080-\u00d7-1000-px-1000-\u00d7-1000-px-1100-x-1366-px-10.png 1100w\" sizes=\"auto, (max-width: 242px) 100vw, 242px\" \/><\/a> <a href=\"https:\/\/abelfigueiredo.pa.gov.br\/site\/wp-content\/uploads\/2023\/11\/Evento-realizado-para-as-maes-do-Programa-Crianca-Feliz-Primeira-Infancia-no-SUAS-1080-\u00d7-1000-px-1000-\u00d7-1000-px-1100-x-1366-px-11.png\"><img loading=\"lazy\" decoding=\"async\" class=\"alignnone size-medium wp-image-17083\" src=\"https:\/\/abelfigueiredo.pa.gov.br\/site\/wp-content\/uploads\/2023\/11\/Evento-realizado-para-as-maes-do-Programa-Crianca-Feliz-Primeira-Infancia-no-SUAS-1080-\u00d7-1000-px-1000-\u00d7-1000-px-1100-x-1366-px-11-242x300.png\" alt=\"\" width=\"242\" height=\"300\" srcset=\"https:\/\/abelfigueiredo.pa.gov.br\/site\/wp-content\/uploads\/2023\/11\/Evento-realizado-para-as-maes-do-Programa-Crianca-Feliz-Primeira-Infancia-no-SUAS-1080-\u00d7-1000-px-1000-\u00d7-1000-px-1100-x-1366-px-11-242x300.png 242w, https:\/\/abelfigueiredo.pa.gov.br\/site\/wp-content\/uploads\/2023\/11\/Evento-realizado-para-as-maes-do-Programa-Crianca-Feliz-Primeira-Infancia-no-SUAS-1080-\u00d7-1000-px-1000-\u00d7-1000-px-1100-x-1366-px-11-825x1024.png 825w, https:\/\/abelfigueiredo.pa.gov.br\/site\/wp-content\/uploads\/2023\/11\/Evento-realizado-para-as-maes-do-Programa-Crianca-Feliz-Primeira-Infancia-no-SUAS-1080-\u00d7-1000-px-1000-\u00d7-1000-px-1100-x-1366-px-11-768x954.png 768w, https:\/\/abelfigueiredo.pa.gov.br\/site\/wp-content\/uploads\/2023\/11\/Evento-realizado-para-as-maes-do-Programa-Crianca-Feliz-Primeira-Infancia-no-SUAS-1080-\u00d7-1000-px-1000-\u00d7-1000-px-1100-x-1366-px-11.png 1100w\" sizes=\"auto, (max-width: 242px) 100vw, 242px\" \/><\/a> <a href=\"https:\/\/abelfigueiredo.pa.gov.br\/site\/wp-content\/uploads\/2023\/11\/WhatsApp-Image-2023-11-13-at-15.01.33.jpeg\"><img loading=\"lazy\" decoding=\"async\" class=\"alignnone size-medium wp-image-17084\" src=\"https:\/\/abelfigueiredo.pa.gov.br\/site\/wp-content\/uploads\/2023\/11\/WhatsApp-Image-2023-11-13-at-15.01.33-300x225.jpeg\" alt=\"\" width=\"300\" height=\"225\" srcset=\"https:\/\/abelfigueiredo.pa.gov.br\/site\/wp-content\/uploads\/2023\/11\/WhatsApp-Image-2023-11-13-at-15.01.33-300x225.jpeg 300w, https:\/\/abelfigueiredo.pa.gov.br\/site\/wp-content\/uploads\/2023\/11\/WhatsApp-Image-2023-11-13-at-15.01.33-1024x768.jpeg 1024w, https:\/\/abelfigueiredo.pa.gov.br\/site\/wp-content\/uploads\/2023\/11\/WhatsApp-Image-2023-11-13-at-15.01.33-768x576.jpeg 768w, https:\/\/abelfigueiredo.pa.gov.br\/site\/wp-content\/uploads\/2023\/11\/WhatsApp-Image-2023-11-13-at-15.01.33-1536x1152.jpeg 1536w, https:\/\/abelfigueiredo.pa.gov.br\/site\/wp-content\/uploads\/2023\/11\/WhatsApp-Image-2023-11-13-at-15.01.33.jpeg 1600w\" sizes=\"auto, (max-width: 300px) 100vw, 300px\" \/><\/a> <a href=\"https:\/\/abelfigueiredo.pa.gov.br\/site\/wp-content\/uploads\/2023\/11\/WhatsApp-Image-2023-11-13-at-15.01.34-scaled.jpeg\"><img loading=\"lazy\" decoding=\"async\" class=\"alignnone size-medium wp-image-17085\" src=\"https:\/\/abelfigueiredo.pa.gov.br\/site\/wp-content\/uploads\/2023\/11\/WhatsApp-Image-2023-11-13-at-15.01.34-225x300.jpeg\" alt=\"\" width=\"225\" height=\"300\" srcset=\"https:\/\/abelfigueiredo.pa.gov.br\/site\/wp-content\/uploads\/2023\/11\/WhatsApp-Image-2023-11-13-at-15.01.34-225x300.jpeg 225w, https:\/\/abelfigueiredo.pa.gov.br\/site\/wp-content\/uploads\/2023\/11\/WhatsApp-Image-2023-11-13-at-15.01.34-768x1024.jpeg 768w, https:\/\/abelfigueiredo.pa.gov.br\/site\/wp-content\/uploads\/2023\/11\/WhatsApp-Image-2023-11-13-at-15.01.34-1152x1536.jpeg 1152w, https:\/\/abelfigueiredo.pa.gov.br\/site\/wp-content\/uploads\/2023\/11\/WhatsApp-Image-2023-11-13-at-15.01.34-1536x2048.jpeg 1536w, https:\/\/abelfigueiredo.pa.gov.br\/site\/wp-content\/uploads\/2023\/11\/WhatsApp-Image-2023-11-13-at-15.01.34-scaled.jpeg 1920w\" sizes=\"auto, (max-width: 225px) 100vw, 225px\" \/><\/a> <a href=\"https:\/\/abelfigueiredo.pa.gov.br\/site\/wp-content\/uploads\/2023\/11\/WhatsApp-Image-2023-11-13-at-15.01.35-1-scaled.jpeg\"><img loading=\"lazy\" decoding=\"async\" class=\"alignnone size-medium wp-image-17086\" src=\"https:\/\/abelfigueiredo.pa.gov.br\/site\/wp-content\/uploads\/2023\/11\/WhatsApp-Image-2023-11-13-at-15.01.35-1-225x300.jpeg\" alt=\"\" width=\"225\" height=\"300\" srcset=\"https:\/\/abelfigueiredo.pa.gov.br\/site\/wp-content\/uploads\/2023\/11\/WhatsApp-Image-2023-11-13-at-15.01.35-1-225x300.jpeg 225w, https:\/\/abelfigueiredo.pa.gov.br\/site\/wp-content\/uploads\/2023\/11\/WhatsApp-Image-2023-11-13-at-15.01.35-1-768x1024.jpeg 768w, https:\/\/abelfigueiredo.pa.gov.br\/site\/wp-content\/uploads\/2023\/11\/WhatsApp-Image-2023-11-13-at-15.01.35-1-1152x1536.jpeg 1152w, https:\/\/abelfigueiredo.pa.gov.br\/site\/wp-content\/uploads\/2023\/11\/WhatsApp-Image-2023-11-13-at-15.01.35-1-1536x2048.jpeg 1536w, https:\/\/abelfigueiredo.pa.gov.br\/site\/wp-content\/uploads\/2023\/11\/WhatsApp-Image-2023-11-13-at-15.01.35-1-scaled.jpeg 1920w\" sizes=\"auto, (max-width: 225px) 100vw, 225px\" \/><\/a> <a href=\"https:\/\/abelfigueiredo.pa.gov.br\/site\/wp-content\/uploads\/2023\/11\/WhatsApp-Image-2023-11-13-at-15.01.35-scaled.jpeg\"><img loading=\"lazy\" decoding=\"async\" class=\"alignnone size-medium wp-image-17087\" src=\"https:\/\/abelfigueiredo.pa.gov.br\/site\/wp-content\/uploads\/2023\/11\/WhatsApp-Image-2023-11-13-at-15.01.35-225x300.jpeg\" alt=\"\" width=\"225\" height=\"300\" srcset=\"https:\/\/abelfigueiredo.pa.gov.br\/site\/wp-content\/uploads\/2023\/11\/WhatsApp-Image-2023-11-13-at-15.01.35-225x300.jpeg 225w, https:\/\/abelfigueiredo.pa.gov.br\/site\/wp-content\/uploads\/2023\/11\/WhatsApp-Image-2023-11-13-at-15.01.35-768x1024.jpeg 768w, https:\/\/abelfigueiredo.pa.gov.br\/site\/wp-content\/uploads\/2023\/11\/WhatsApp-Image-2023-11-13-at-15.01.35-1152x1536.jpeg 1152w, https:\/\/abelfigueiredo.pa.gov.br\/site\/wp-content\/uploads\/2023\/11\/WhatsApp-Image-2023-11-13-at-15.01.35-1536x2048.jpeg 1536w, https:\/\/abelfigueiredo.pa.gov.br\/site\/wp-content\/uploads\/2023\/11\/WhatsApp-Image-2023-11-13-at-15.01.35-scaled.jpeg 1920w\" sizes=\"auto, (max-width: 225px) 100vw, 225px\" \/><\/a> <a href=\"https:\/\/abelfigueiredo.pa.gov.br\/site\/wp-content\/uploads\/2023\/11\/WhatsApp-Image-2023-11-13-at-15.01.36.jpeg\"><img loading=\"lazy\" decoding=\"async\" class=\"alignnone size-medium wp-image-17088\" src=\"https:\/\/abelfigueiredo.pa.gov.br\/site\/wp-content\/uploads\/2023\/11\/WhatsApp-Image-2023-11-13-at-15.01.36-225x300.jpeg\" alt=\"\" width=\"225\" height=\"300\" srcset=\"https:\/\/abelfigueiredo.pa.gov.br\/site\/wp-content\/uploads\/2023\/11\/WhatsApp-Image-2023-11-13-at-15.01.36-225x300.jpeg 225w, https:\/\/abelfigueiredo.pa.gov.br\/site\/wp-content\/uploads\/2023\/11\/WhatsApp-Image-2023-11-13-at-15.01.36-768x1024.jpeg 768w, https:\/\/abelfigueiredo.pa.gov.br\/site\/wp-content\/uploads\/2023\/11\/WhatsApp-Image-2023-11-13-at-15.01.36-1152x1536.jpeg 1152w, https:\/\/abelfigueiredo.pa.gov.br\/site\/wp-content\/uploads\/2023\/11\/WhatsApp-Image-2023-11-13-at-15.01.36.jpeg 1200w\" sizes=\"auto, (max-width: 225px) 100vw, 225px\" \/><\/a> <a href=\"https:\/\/abelfigueiredo.pa.gov.br\/site\/wp-content\/uploads\/2023\/11\/WhatsApp-Image-2023-11-13-at-15.01.37.jpeg\"><img loading=\"lazy\" decoding=\"async\" class=\"alignnone size-medium wp-image-17089\" src=\"https:\/\/abelfigueiredo.pa.gov.br\/site\/wp-content\/uploads\/2023\/11\/WhatsApp-Image-2023-11-13-at-15.01.37-225x300.jpeg\" alt=\"\" width=\"225\" height=\"300\" srcset=\"https:\/\/abelfigueiredo.pa.gov.br\/site\/wp-content\/uploads\/2023\/11\/WhatsApp-Image-2023-11-13-at-15.01.37-225x300.jpeg 225w, https:\/\/abelfigueiredo.pa.gov.br\/site\/wp-content\/uploads\/2023\/11\/WhatsApp-Image-2023-11-13-at-15.01.37-768x1024.jpeg 768w, https:\/\/abelfigueiredo.pa.gov.br\/site\/wp-content\/uploads\/2023\/11\/WhatsApp-Image-2023-11-13-at-15.01.37-1152x1536.jpeg 1152w, https:\/\/abelfigueiredo.pa.gov.br\/site\/wp-content\/uploads\/2023\/11\/WhatsApp-Image-2023-11-13-at-15.01.37.jpeg 1200w\" sizes=\"auto, (max-width: 225px) 100vw, 225px\" \/><\/a> <a href=\"https:\/\/abelfigueiredo.pa.gov.br\/site\/wp-content\/uploads\/2023\/11\/WhatsApp-Image-2023-11-13-at-15.01.40.jpeg\"><img loading=\"lazy\" decoding=\"async\" class=\"alignnone size-medium wp-image-17090\" src=\"https:\/\/abelfigueiredo.pa.gov.br\/site\/wp-content\/uploads\/2023\/11\/WhatsApp-Image-2023-11-13-at-15.01.40-300x225.jpeg\" alt=\"\" width=\"300\" height=\"225\" srcset=\"https:\/\/abelfigueiredo.pa.gov.br\/site\/wp-content\/uploads\/2023\/11\/WhatsApp-Image-2023-11-13-at-15.01.40-300x225.jpeg 300w, https:\/\/abelfigueiredo.pa.gov.br\/site\/wp-content\/uploads\/2023\/11\/WhatsApp-Image-2023-11-13-at-15.01.40-1024x768.jpeg 1024w, https:\/\/abelfigueiredo.pa.gov.br\/site\/wp-content\/uploads\/2023\/11\/WhatsApp-Image-2023-11-13-at-15.01.40-768x576.jpeg 768w, https:\/\/abelfigueiredo.pa.gov.br\/site\/wp-content\/uploads\/2023\/11\/WhatsApp-Image-2023-11-13-at-15.01.40-1536x1152.jpeg 1536w, https:\/\/abelfigueiredo.pa.gov.br\/site\/wp-content\/uploads\/2023\/11\/WhatsApp-Image-2023-11-13-at-15.01.40.jpeg 1600w\" sizes=\"auto, (max-width: 300px) 100vw, 300px\" \/><\/a> <a href=\"https:\/\/abelfigueiredo.pa.gov.br\/site\/wp-content\/uploads\/2023\/11\/WhatsApp-Image-2023-11-13-at-15.01.42.jpeg\"><img loading=\"lazy\" decoding=\"async\" class=\"alignnone size-medium wp-image-17091\" src=\"https:\/\/abelfigueiredo.pa.gov.br\/site\/wp-content\/uploads\/2023\/11\/WhatsApp-Image-2023-11-13-at-15.01.42-300x225.jpeg\" alt=\"\" width=\"300\" height=\"225\" srcset=\"https:\/\/abelfigueiredo.pa.gov.br\/site\/wp-content\/uploads\/2023\/11\/WhatsApp-Image-2023-11-13-at-15.01.42-300x225.jpeg 300w, https:\/\/abelfigueiredo.pa.gov.br\/site\/wp-content\/uploads\/2023\/11\/WhatsApp-Image-2023-11-13-at-15.01.42-1024x768.jpeg 1024w, https:\/\/abelfigueiredo.pa.gov.br\/site\/wp-content\/uploads\/2023\/11\/WhatsApp-Image-2023-11-13-at-15.01.42-768x576.jpeg 768w, https:\/\/abelfigueiredo.pa.gov.br\/site\/wp-content\/uploads\/2023\/11\/WhatsApp-Image-2023-11-13-at-15.01.42-1536x1152.jpeg 1536w, https:\/\/abelfigueiredo.pa.gov.br\/site\/wp-content\/uploads\/2023\/11\/WhatsApp-Image-2023-11-13-at-15.01.42.jpeg 1600w\" sizes=\"auto, (max-width: 300px) 100vw, 300px\" \/><\/a> <a href=\"https:\/\/abelfigueiredo.pa.gov.br\/site\/wp-content\/uploads\/2023\/11\/WhatsApp-Image-2023-11-13-at-15.01.43.jpeg\"><img loading=\"lazy\" decoding=\"async\" class=\"alignnone size-medium wp-image-17092\" src=\"https:\/\/abelfigueiredo.pa.gov.br\/site\/wp-content\/uploads\/2023\/11\/WhatsApp-Image-2023-11-13-at-15.01.43-300x225.jpeg\" alt=\"\" width=\"300\" height=\"225\" srcset=\"https:\/\/abelfigueiredo.pa.gov.br\/site\/wp-content\/uploads\/2023\/11\/WhatsApp-Image-2023-11-13-at-15.01.43-300x225.jpeg 300w, https:\/\/abelfigueiredo.pa.gov.br\/site\/wp-content\/uploads\/2023\/11\/WhatsApp-Image-2023-11-13-at-15.01.43-1024x768.jpeg 1024w, https:\/\/abelfigueiredo.pa.gov.br\/site\/wp-content\/uploads\/2023\/11\/WhatsApp-Image-2023-11-13-at-15.01.43-768x576.jpeg 768w, https:\/\/abelfigueiredo.pa.gov.br\/site\/wp-content\/uploads\/2023\/11\/WhatsApp-Image-2023-11-13-at-15.01.43-1536x1152.jpeg 1536w, https:\/\/abelfigueiredo.pa.gov.br\/site\/wp-content\/uploads\/2023\/11\/WhatsApp-Image-2023-11-13-at-15.01.43.jpeg 1600w\" sizes=\"auto, (max-width: 300px) 100vw, 300px\" \/><\/a><div style=\"width: 702px;\" class=\"wp-video\"><video class=\"wp-video-shortcode\" id=\"video-17075-1\" width=\"702\" height=\"1248\" preload=\"metadata\" controls=\"controls\"><source type=\"video\/mp4\" src=\"https:\/\/abelfigueiredo.pa.gov.br\/site\/wp-content\/uploads\/2023\/11\/WhatsApp-Video-2023-11-13-at-15.01.34.mp4?_=1\" \/><a href=\"https:\/\/abelfigueiredo.pa.gov.br\/site\/wp-content\/uploads\/2023\/11\/WhatsApp-Video-2023-11-13-at-15.01.34.mp4\">https:\/\/abelfigueiredo.pa.gov.br\/site\/wp-content\/uploads\/2023\/11\/WhatsApp-Video-2023-11-13-at-15.01.34.mp4<\/a><\/video><\/div>\n<\/div>\n<\/div>\n","protected":false},"excerpt":{"rendered":"<p>#compartilhe A Prefeitura de Abel Figueiredo administra\u00e7\u00e3o Prefeito Ant\u00f4nio Calhau vice Evandro da Serraria por meio da Secretaria de Desenvolvimento e Promo\u00e7\u00e3o Social, Secret\u00e1ria Winnie Aylla Barbosa, comunica a todos a conquista de mais um importante projeto do Governo do Estado para o munic\u00edpio, desta vez um complexo esportivo com academia ao ar livre, pra\u00e7a,<\/p>\n<div class=\"read-more\"><a href=\"https:\/\/abelfigueiredo.pa.gov.br\/site\/abel-figueiredo-conquista-um-complexo-esportivo-que-sera-construido-em-breve-no-municipio\/\" title=\"Veja mais\">Veja mais<\/a><\/div>\n","protected":false},"author":34,"featured_media":17087,"comment_status":"closed","ping_status":"closed","sticky":false,"template":"","format":"standard","meta":{"footnotes":""},"categories":[1],"tags":[],"class_list":{"0":"post-17075","1":"post","2":"type-post","3":"status-publish","4":"format-standard","5":"has-post-thumbnail","7":"category-noticias"},"yoast_head":"<!-- This site is optimized with the Yoast SEO plugin v26.6 - https:\/\/yoast.com\/wordpress\/plugins\/seo\/ -->\n<title>Abel Figueiredo conquista um complexo esportivo que ser\u00e1 constru\u00eddo em breve no munic\u00edpio. - Prefeitura Municipal de Abel Figueiredo | Gest\u00e3o 2025-2028<\/title>\n<meta name=\"robots\" content=\"index, follow, max-snippet:-1, max-image-preview:large, max-video-preview:-1\" \/>\n<link rel=\"canonical\" href=\"https:\/\/abelfigueiredo.pa.gov.br\/site\/abel-figueiredo-conquista-um-complexo-esportivo-que-sera-construido-em-breve-no-municipio\/\" \/>\n<meta property=\"og:locale\" content=\"pt_BR\" \/>\n<meta property=\"og:type\" content=\"article\" \/>\n<meta property=\"og:title\" content=\"Abel Figueiredo conquista um complexo esportivo que ser\u00e1 constru\u00eddo em breve no munic\u00edpio. - Prefeitura Municipal de Abel Figueiredo | Gest\u00e3o 2025-2028\" \/>\n<meta property=\"og:description\" content=\"#compartilhe A Prefeitura de Abel Figueiredo administra\u00e7\u00e3o Prefeito Ant\u00f4nio Calhau vice Evandro da Serraria por meio da Secretaria de Desenvolvimento e Promo\u00e7\u00e3o Social, Secret\u00e1ria Winnie Aylla Barbosa, comunica a todos a conquista de mais um importante projeto do Governo do Estado para o munic\u00edpio, desta vez um complexo esportivo com academia ao ar livre, pra\u00e7a,Veja mais\" \/>\n<meta property=\"og:url\" content=\"https:\/\/abelfigueiredo.pa.gov.br\/site\/abel-figueiredo-conquista-um-complexo-esportivo-que-sera-construido-em-breve-no-municipio\/\" \/>\n<meta property=\"og:site_name\" content=\"Prefeitura Municipal de Abel Figueiredo | Gest\u00e3o 2025-2028\" \/>\n<meta property=\"article:published_time\" content=\"2023-11-23T14:13:05+00:00\" \/>\n<meta property=\"og:image\" content=\"https:\/\/abelfigueiredo.pa.gov.br\/site\/wp-content\/uploads\/2023\/11\/WhatsApp-Image-2023-11-13-at-15.01.33-300x225.jpeg\" \/>\n<meta name=\"author\" content=\"djthiago\" \/>\n<meta name=\"twitter:label1\" content=\"Escrito por\" \/>\n\t<meta name=\"twitter:data1\" content=\"djthiago\" \/>\n\t<meta name=\"twitter:label2\" content=\"Est. tempo de leitura\" \/>\n\t<meta name=\"twitter:data2\" content=\"1 minuto\" \/>\n<script type=\"application\/ld+json\" class=\"yoast-schema-graph\">{\"@context\":\"https:\/\/schema.org\",\"@graph\":[{\"@type\":\"WebPage\",\"@id\":\"https:\/\/abelfigueiredo.pa.gov.br\/site\/abel-figueiredo-conquista-um-complexo-esportivo-que-sera-construido-em-breve-no-municipio\/\",\"url\":\"https:\/\/abelfigueiredo.pa.gov.br\/site\/abel-figueiredo-conquista-um-complexo-esportivo-que-sera-construido-em-breve-no-municipio\/\",\"name\":\"Abel Figueiredo conquista um complexo esportivo que ser\u00e1 constru\u00eddo em breve no munic\u00edpio. - Prefeitura Municipal de Abel Figueiredo | Gest\u00e3o 2025-2028\",\"isPartOf\":{\"@id\":\"https:\/\/abelfigueiredo.pa.gov.br\/site\/#website\"},\"primaryImageOfPage\":{\"@id\":\"https:\/\/abelfigueiredo.pa.gov.br\/site\/abel-figueiredo-conquista-um-complexo-esportivo-que-sera-construido-em-breve-no-municipio\/#primaryimage\"},\"image\":{\"@id\":\"https:\/\/abelfigueiredo.pa.gov.br\/site\/abel-figueiredo-conquista-um-complexo-esportivo-que-sera-construido-em-breve-no-municipio\/#primaryimage\"},\"thumbnailUrl\":\"https:\/\/abelfigueiredo.pa.gov.br\/site\/wp-content\/uploads\/2023\/11\/WhatsApp-Image-2023-11-13-at-15.01.35-scaled.jpeg\",\"datePublished\":\"2023-11-23T14:13:05+00:00\",\"author\":{\"@id\":\"https:\/\/abelfigueiredo.pa.gov.br\/site\/#\/schema\/person\/7c1ecb1baa18502745b46b3921be7bbb\"},\"inLanguage\":\"pt-BR\",\"potentialAction\":[{\"@type\":\"ReadAction\",\"target\":[\"https:\/\/abelfigueiredo.pa.gov.br\/site\/abel-figueiredo-conquista-um-complexo-esportivo-que-sera-construido-em-breve-no-municipio\/\"]}]},{\"@type\":\"ImageObject\",\"inLanguage\":\"pt-BR\",\"@id\":\"https:\/\/abelfigueiredo.pa.gov.br\/site\/abel-figueiredo-conquista-um-complexo-esportivo-que-sera-construido-em-breve-no-municipio\/#primaryimage\",\"url\":\"https:\/\/abelfigueiredo.pa.gov.br\/site\/wp-content\/uploads\/2023\/11\/WhatsApp-Image-2023-11-13-at-15.01.35-scaled.jpeg\",\"contentUrl\":\"https:\/\/abelfigueiredo.pa.gov.br\/site\/wp-content\/uploads\/2023\/11\/WhatsApp-Image-2023-11-13-at-15.01.35-scaled.jpeg\",\"width\":1920,\"height\":2560},{\"@type\":\"WebSite\",\"@id\":\"https:\/\/abelfigueiredo.pa.gov.br\/site\/#website\",\"url\":\"https:\/\/abelfigueiredo.pa.gov.br\/site\/\",\"name\":\"Prefeitura Municipal de Abel Figueiredo | Gest\u00e3o 2025-2028\",\"description\":\"Site oficial da Prefeitura Municipal de Abel Figueiredo\",\"potentialAction\":[{\"@type\":\"SearchAction\",\"target\":{\"@type\":\"EntryPoint\",\"urlTemplate\":\"https:\/\/abelfigueiredo.pa.gov.br\/site\/?s={search_term_string}\"},\"query-input\":{\"@type\":\"PropertyValueSpecification\",\"valueRequired\":true,\"valueName\":\"search_term_string\"}}],\"inLanguage\":\"pt-BR\"},{\"@type\":\"Person\",\"@id\":\"https:\/\/abelfigueiredo.pa.gov.br\/site\/#\/schema\/person\/7c1ecb1baa18502745b46b3921be7bbb\",\"name\":\"djthiago\",\"image\":{\"@type\":\"ImageObject\",\"inLanguage\":\"pt-BR\",\"@id\":\"https:\/\/abelfigueiredo.pa.gov.br\/site\/#\/schema\/person\/image\/\",\"url\":\"https:\/\/secure.gravatar.com\/avatar\/2edad05cd7afbef8b9e1495dacdf55fd32bf2fe055ead3a385c32f41e201743d?s=96&d=mm&r=g\",\"contentUrl\":\"https:\/\/secure.gravatar.com\/avatar\/2edad05cd7afbef8b9e1495dacdf55fd32bf2fe055ead3a385c32f41e201743d?s=96&d=mm&r=g\",\"caption\":\"djthiago\"},\"url\":\"https:\/\/abelfigueiredo.pa.gov.br\/site\/author\/djthiago\/\"}]}<\/script>\n<!-- \/ Yoast SEO plugin. -->","yoast_head_json":{"title":"Abel Figueiredo conquista um complexo esportivo que ser\u00e1 constru\u00eddo em breve no munic\u00edpio. - Prefeitura Municipal de Abel Figueiredo | Gest\u00e3o 2025-2028","robots":{"index":"index","follow":"follow","max-snippet":"max-snippet:-1","max-image-preview":"max-image-preview:large","max-video-preview":"max-video-preview:-1"},"canonical":"https:\/\/abelfigueiredo.pa.gov.br\/site\/abel-figueiredo-conquista-um-complexo-esportivo-que-sera-construido-em-breve-no-municipio\/","og_locale":"pt_BR","og_type":"article","og_title":"Abel Figueiredo conquista um complexo esportivo que ser\u00e1 constru\u00eddo em breve no munic\u00edpio. - Prefeitura Municipal de Abel Figueiredo | Gest\u00e3o 2025-2028","og_description":"#compartilhe A Prefeitura de Abel Figueiredo administra\u00e7\u00e3o Prefeito Ant\u00f4nio Calhau vice Evandro da Serraria por meio da Secretaria de Desenvolvimento e Promo\u00e7\u00e3o Social, Secret\u00e1ria Winnie Aylla Barbosa, comunica a todos a conquista de mais um importante projeto do Governo do Estado para o munic\u00edpio, desta vez um complexo esportivo com academia ao ar livre, pra\u00e7a,Veja mais","og_url":"https:\/\/abelfigueiredo.pa.gov.br\/site\/abel-figueiredo-conquista-um-complexo-esportivo-que-sera-construido-em-breve-no-municipio\/","og_site_name":"Prefeitura Municipal de Abel Figueiredo | Gest\u00e3o 2025-2028","article_published_time":"2023-11-23T14:13:05+00:00","og_image":[{"url":"https:\/\/abelfigueiredo.pa.gov.br\/site\/wp-content\/uploads\/2023\/11\/WhatsApp-Image-2023-11-13-at-15.01.33-300x225.jpeg","type":"","width":"","height":""}],"author":"djthiago","twitter_misc":{"Escrito por":"djthiago","Est. tempo de leitura":"1 minuto"},"schema":{"@context":"https:\/\/schema.org","@graph":[{"@type":"WebPage","@id":"https:\/\/abelfigueiredo.pa.gov.br\/site\/abel-figueiredo-conquista-um-complexo-esportivo-que-sera-construido-em-breve-no-municipio\/","url":"https:\/\/abelfigueiredo.pa.gov.br\/site\/abel-figueiredo-conquista-um-complexo-esportivo-que-sera-construido-em-breve-no-municipio\/","name":"Abel Figueiredo conquista um complexo esportivo que ser\u00e1 constru\u00eddo em breve no munic\u00edpio. - Prefeitura Municipal de Abel Figueiredo | Gest\u00e3o 2025-2028","isPartOf":{"@id":"https:\/\/abelfigueiredo.pa.gov.br\/site\/#website"},"primaryImageOfPage":{"@id":"https:\/\/abelfigueiredo.pa.gov.br\/site\/abel-figueiredo-conquista-um-complexo-esportivo-que-sera-construido-em-breve-no-municipio\/#primaryimage"},"image":{"@id":"https:\/\/abelfigueiredo.pa.gov.br\/site\/abel-figueiredo-conquista-um-complexo-esportivo-que-sera-construido-em-breve-no-municipio\/#primaryimage"},"thumbnailUrl":"https:\/\/abelfigueiredo.pa.gov.br\/site\/wp-content\/uploads\/2023\/11\/WhatsApp-Image-2023-11-13-at-15.01.35-scaled.jpeg","datePublished":"2023-11-23T14:13:05+00:00","author":{"@id":"https:\/\/abelfigueiredo.pa.gov.br\/site\/#\/schema\/person\/7c1ecb1baa18502745b46b3921be7bbb"},"inLanguage":"pt-BR","potentialAction":[{"@type":"ReadAction","target":["https:\/\/abelfigueiredo.pa.gov.br\/site\/abel-figueiredo-conquista-um-complexo-esportivo-que-sera-construido-em-breve-no-municipio\/"]}]},{"@type":"ImageObject","inLanguage":"pt-BR","@id":"https:\/\/abelfigueiredo.pa.gov.br\/site\/abel-figueiredo-conquista-um-complexo-esportivo-que-sera-construido-em-breve-no-municipio\/#primaryimage","url":"https:\/\/abelfigueiredo.pa.gov.br\/site\/wp-content\/uploads\/2023\/11\/WhatsApp-Image-2023-11-13-at-15.01.35-scaled.jpeg","contentUrl":"https:\/\/abelfigueiredo.pa.gov.br\/site\/wp-content\/uploads\/2023\/11\/WhatsApp-Image-2023-11-13-at-15.01.35-scaled.jpeg","width":1920,"height":2560},{"@type":"WebSite","@id":"https:\/\/abelfigueiredo.pa.gov.br\/site\/#website","url":"https:\/\/abelfigueiredo.pa.gov.br\/site\/","name":"Prefeitura Municipal de Abel Figueiredo | Gest\u00e3o 2025-2028","description":"Site oficial da Prefeitura Municipal de Abel Figueiredo","potentialAction":[{"@type":"SearchAction","target":{"@type":"EntryPoint","urlTemplate":"https:\/\/abelfigueiredo.pa.gov.br\/site\/?s={search_term_string}"},"query-input":{"@type":"PropertyValueSpecification","valueRequired":true,"valueName":"search_term_string"}}],"inLanguage":"pt-BR"},{"@type":"Person","@id":"https:\/\/abelfigueiredo.pa.gov.br\/site\/#\/schema\/person\/7c1ecb1baa18502745b46b3921be7bbb","name":"djthiago","image":{"@type":"ImageObject","inLanguage":"pt-BR","@id":"https:\/\/abelfigueiredo.pa.gov.br\/site\/#\/schema\/person\/image\/","url":"https:\/\/secure.gravatar.com\/avatar\/2edad05cd7afbef8b9e1495dacdf55fd32bf2fe055ead3a385c32f41e201743d?s=96&d=mm&r=g","contentUrl":"https:\/\/secure.gravatar.com\/avatar\/2edad05cd7afbef8b9e1495dacdf55fd32bf2fe055ead3a385c32f41e201743d?s=96&d=mm&r=g","caption":"djthiago"},"url":"https:\/\/abelfigueiredo.pa.gov.br\/site\/author\/djthiago\/"}]}},"_links":{"self":[{"href":"https:\/\/abelfigueiredo.pa.gov.br\/site\/wp-json\/wp\/v2\/posts\/17075","targetHints":{"allow":["GET"]}}],"collection":[{"href":"https:\/\/abelfigueiredo.pa.gov.br\/site\/wp-json\/wp\/v2\/posts"}],"about":[{"href":"https:\/\/abelfigueiredo.pa.gov.br\/site\/wp-json\/wp\/v2\/types\/post"}],"author":[{"embeddable":true,"href":"https:\/\/abelfigueiredo.pa.gov.br\/site\/wp-json\/wp\/v2\/users\/34"}],"replies":[{"embeddable":true,"href":"https:\/\/abelfigueiredo.pa.gov.br\/site\/wp-json\/wp\/v2\/comments?post=17075"}],"version-history":[{"count":0,"href":"https:\/\/abelfigueiredo.pa.gov.br\/site\/wp-json\/wp\/v2\/posts\/17075\/revisions"}],"wp:featuredmedia":[{"embeddable":true,"href":"https:\/\/abelfigueiredo.pa.gov.br\/site\/wp-json\/wp\/v2\/media\/17087"}],"wp:attachment":[{"href":"https:\/\/abelfigueiredo.pa.gov.br\/site\/wp-json\/wp\/v2\/media?parent=17075"}],"wp:term":[{"taxonomy":"category","embeddable":true,"href":"https:\/\/abelfigueiredo.pa.gov.br\/site\/wp-json\/wp\/v2\/categories?post=17075"},{"taxonomy":"post_tag","embeddable":true,"href":"https:\/\/abelfigueiredo.pa.gov.br\/site\/wp-json\/wp\/v2\/tags?post=17075"}],"curies":[{"name":"wp","href":"https:\/\/api.w.org\/{rel}","templated":true}]}}