{"id":16576,"date":"2023-10-11T15:28:02","date_gmt":"2023-10-11T18:28:02","guid":{"rendered":"https:\/\/abelfigueiredo.pa.gov.br\/site\/?p=16576"},"modified":"2023-10-11T15:28:02","modified_gmt":"2023-10-11T18:28:02","slug":"festa-das-criancas-do-programa-crianca-feliz-com-o-tema-bolofofo","status":"publish","type":"post","link":"https:\/\/abelfigueiredo.pa.gov.br\/site\/festa-das-criancas-do-programa-crianca-feliz-com-o-tema-bolofofo\/","title":{"rendered":"Festa das crian\u00e7as do Programa Crian\u00e7a Feliz com o tema Bolofofo."},"content":{"rendered":"<div>\n<div class=\"\" dir=\"auto\">\n<div id=\":r12u:\" class=\"x1iorvi4 x1pi30zi x1l90r2v x1swvt13\" data-ad-comet-preview=\"message\" data-ad-preview=\"message\">\n<div class=\"x78zum5 xdt5ytf xz62fqu x16ldp7u\">\n<div class=\"xu06os2 x1ok221b\">\n<div class=\"x11i5rnm xat24cr x1mh8g0r x1vvkbs xtlvy1s x126k92a\">\n<div dir=\"auto\"><a class=\"x1i10hfl xjbqb8w x6umtig x1b1mbwd xaqea5y xav7gou x9f619 x1ypdohk xt0psk2 xe8uvvx xdj266r x11i5rnm xat24cr x1mh8g0r xexx8yu x4uap5 x18d9i69 xkhd6sd x16tdsg8 x1hl2dhg xggy1nq x1a2a7pz xt0b8zv x1qq9wsj xo1l8bm\" tabindex=\"0\" role=\"link\" href=\"https:\/\/www.facebook.com\/hashtag\/compartilhe?__eep__=6&amp;__cft__[0]=AZVGbetYcnRJhYWDWry9FTPEzxhL3nloKz7YcLD_P3P2yQcVLzmQ9yiKy1yzCL97-E5eaIK1pdiTYtjhFk3SNg5pwlgTDaFTv7733Js8jHrlMf1xyqcE7V1pvcF9SrmDY1ks7QrPTiOAupj9AVpQ7zZ2rOHZ6suBJAj2kEuSxNKyUt9AyJe733Cop2pkfB99bo8&amp;__tn__=*NK-R\">#compartilhe<\/a><\/div>\n<\/div>\n<div class=\"x11i5rnm xat24cr x1mh8g0r x1vvkbs xtlvy1s x126k92a\">\n<div dir=\"auto\">Uma linda festa preparada com muito carinho por toda equipe e programas da Secret\u00e1ria Municipal de Desenvolvimento e Promo\u00e7\u00e3o Social, Secret\u00e1ria Winnie Aylla Barbosa e equipe que tamb\u00e9m contou coma presente do Prefeito Ant\u00f4nio Calhau vice Evandro da Serraria.<\/div>\n<\/div>\n<div class=\"x11i5rnm xat24cr x1mh8g0r x1vvkbs xtlvy1s x126k92a\">\n<div dir=\"auto\">Seguiremos juntos trabalhando para o Povo!<\/div>\n<\/div>\n<div class=\"x11i5rnm xat24cr x1mh8g0r x1vvkbs xtlvy1s x126k92a\">\n<div dir=\"auto\"><a class=\"x1i10hfl xjbqb8w x6umtig x1b1mbwd xaqea5y xav7gou x9f619 x1ypdohk xt0psk2 xe8uvvx xdj266r x11i5rnm xat24cr x1mh8g0r xexx8yu x4uap5 x18d9i69 xkhd6sd x16tdsg8 x1hl2dhg xggy1nq x1a2a7pz xt0b8zv x1qq9wsj xo1l8bm\" tabindex=\"0\" role=\"link\" href=\"https:\/\/www.facebook.com\/hashtag\/prefwituradeabel?__eep__=6&amp;__cft__[0]=AZVGbetYcnRJhYWDWry9FTPEzxhL3nloKz7YcLD_P3P2yQcVLzmQ9yiKy1yzCL97-E5eaIK1pdiTYtjhFk3SNg5pwlgTDaFTv7733Js8jHrlMf1xyqcE7V1pvcF9SrmDY1ks7QrPTiOAupj9AVpQ7zZ2rOHZ6suBJAj2kEuSxNKyUt9AyJe733Cop2pkfB99bo8&amp;__tn__=*NK-R\">#prefwituradeabel<\/a><\/div>\n<div dir=\"auto\"><a class=\"x1i10hfl xjbqb8w x6umtig x1b1mbwd xaqea5y xav7gou x9f619 x1ypdohk xt0psk2 xe8uvvx xdj266r x11i5rnm xat24cr x1mh8g0r xexx8yu x4uap5 x18d9i69 xkhd6sd x16tdsg8 x1hl2dhg xggy1nq x1a2a7pz xt0b8zv x1qq9wsj xo1l8bm\" tabindex=\"0\" role=\"link\" href=\"https:\/\/www.facebook.com\/hashtag\/secdepromocaosocial?__eep__=6&amp;__cft__[0]=AZVGbetYcnRJhYWDWry9FTPEzxhL3nloKz7YcLD_P3P2yQcVLzmQ9yiKy1yzCL97-E5eaIK1pdiTYtjhFk3SNg5pwlgTDaFTv7733Js8jHrlMf1xyqcE7V1pvcF9SrmDY1ks7QrPTiOAupj9AVpQ7zZ2rOHZ6suBJAj2kEuSxNKyUt9AyJe733Cop2pkfB99bo8&amp;__tn__=*NK-R\">#secdepromocaosocial<\/a><\/div>\n<div dir=\"auto\"><a class=\"x1i10hfl xjbqb8w x6umtig x1b1mbwd xaqea5y xav7gou x9f619 x1ypdohk xt0psk2 xe8uvvx xdj266r x11i5rnm xat24cr x1mh8g0r xexx8yu x4uap5 x18d9i69 xkhd6sd x16tdsg8 x1hl2dhg xggy1nq x1a2a7pz xt0b8zv x1qq9wsj xo1l8bm\" tabindex=\"0\" role=\"link\" href=\"https:\/\/www.facebook.com\/hashtag\/trabalhandoparaopovo?__eep__=6&amp;__cft__[0]=AZVGbetYcnRJhYWDWry9FTPEzxhL3nloKz7YcLD_P3P2yQcVLzmQ9yiKy1yzCL97-E5eaIK1pdiTYtjhFk3SNg5pwlgTDaFTv7733Js8jHrlMf1xyqcE7V1pvcF9SrmDY1ks7QrPTiOAupj9AVpQ7zZ2rOHZ6suBJAj2kEuSxNKyUt9AyJe733Cop2pkfB99bo8&amp;__tn__=*NK-R\">#trabalhandoparaopovo<\/a><\/div>\n<\/div>\n<\/div>\n<\/div>\n<\/div>\n<\/div>\n<div id=\":r12v:\" class=\"x1n2onr6\">\n<div class=\"x1n2onr6\">\n<div class=\"x1n2onr6\">\n<div class=\"x1n2onr6\">\n<div class=\"x6ikm8r x10wlt62 x10l6tqk\">\n<div class=\"x6ikm8r x10wlt62\">\n<div class=\"xqtp20y x6ikm8r x10wlt62 x1n2onr6\">\n<div class=\"x10l6tqk x13vifvy\"><img decoding=\"async\" class=\"xz74otr x1ey2m1c xds687c x5yr21d x10l6tqk x17qophe x13vifvy xh8yej3\" src=\"https:\/\/scontent.fimp1-2.fna.fbcdn.net\/v\/t39.30808-6\/394272717_164902843363188_8173377552905874267_n.jpg?stp=dst-jpg_p960x960&amp;_nc_cat=106&amp;ccb=1-7&amp;_nc_sid=5f2048&amp;_nc_ohc=Sw3mYUsL0AgAX_aLY3d&amp;_nc_ht=scontent.fimp1-2.fna&amp;oh=00_AfCiUjGSvUYOpBddkzpZsVGs5Jaz2Aeqi7LBweQ7RjsZYA&amp;oe=654462F2\" alt=\"\" \/><\/div>\n<\/div>\n<div class=\"x1nb4dca x1q0q8m5 xso031l x1exxf4d x13fuv20 x178xt8z x1ey2m1c x9f619 xds687c x47corl x10l6tqk x17qophe x13vifvy\"><\/div>\n<\/div>\n<div class=\"x1o1ewxj x3x9cwd x1e5q0jg x13rtm0m x1ey2m1c xds687c xg01cxk x47corl x10l6tqk x17qophe x13vifvy x1ebt8du x19991ni x1dhq9h\" data-visualcompletion=\"ignore\"><\/div>\n<\/div>\n<div class=\"x6ikm8r x10wlt62 x10l6tqk\">\n<div class=\"x6ikm8r x10wlt62\">\n<div class=\"xqtp20y x6ikm8r x10wlt62 x1n2onr6\">\n<div class=\"x10l6tqk x13vifvy\"><img decoding=\"async\" class=\"xz74otr x1ey2m1c xds687c x5yr21d x10l6tqk x17qophe x13vifvy xh8yej3\" src=\"https:\/\/scontent.fimp1-1.fna.fbcdn.net\/v\/t39.30808-6\/393356227_164902936696512_3422419525763347238_n.jpg?stp=dst-jpg_p960x960&amp;_nc_cat=109&amp;ccb=1-7&amp;_nc_sid=5f2048&amp;_nc_ohc=KLxAA9Sn8WoAX9h5Ecq&amp;_nc_ht=scontent.fimp1-1.fna&amp;oh=00_AfCgEUaH3JtljaBzxTgNMor6GYviCzX08Ab_uCVnWumQfw&amp;oe=654463E8\" alt=\"\" \/><\/div>\n<\/div>\n<div class=\"x1nb4dca x1q0q8m5 xso031l x1exxf4d x13fuv20 x178xt8z x1ey2m1c x9f619 xds687c x47corl x10l6tqk x17qophe x13vifvy\"><\/div>\n<\/div>\n<div class=\"x1o1ewxj x3x9cwd x1e5q0jg x13rtm0m x1ey2m1c xds687c xg01cxk x47corl x10l6tqk x17qophe x13vifvy x1ebt8du x19991ni x1dhq9h\" data-visualcompletion=\"ignore\"><\/div>\n<\/div>\n<div class=\"x6ikm8r x10wlt62 x10l6tqk\">\n<div class=\"x6ikm8r x10wlt62\">\n<div class=\"xqtp20y x6ikm8r x10wlt62 x1n2onr6\">\n<div class=\"x10l6tqk x13vifvy\"><img decoding=\"async\" class=\"xz74otr x1ey2m1c xds687c x5yr21d x10l6tqk x17qophe x13vifvy xh8yej3\" src=\"https:\/\/scontent.fimp1-1.fna.fbcdn.net\/v\/t39.30808-6\/393304534_164903030029836_4071339702957500145_n.jpg?stp=dst-jpg_p960x960&amp;_nc_cat=109&amp;ccb=1-7&amp;_nc_sid=5f2048&amp;_nc_ohc=mSoRp0LHhFsAX-dSVtY&amp;_nc_ht=scontent.fimp1-1.fna&amp;oh=00_AfDnEb6TBIHxyu0J8UsEgc8PFZLclG7Z5kLoFM0BdhH1Cw&amp;oe=65452E76\" alt=\"\" \/><\/div>\n<\/div>\n<div class=\"x1nb4dca x1q0q8m5 xso031l x1exxf4d x13fuv20 x178xt8z x1ey2m1c x9f619 xds687c x47corl x10l6tqk x17qophe x13vifvy\"><\/div>\n<\/div>\n<div class=\"x1o1ewxj x3x9cwd x1e5q0jg x13rtm0m x1ey2m1c xds687c xg01cxk x47corl x10l6tqk x17qophe x13vifvy x1ebt8du x19991ni x1dhq9h\" data-visualcompletion=\"ignore\"><\/div>\n<\/div>\n<div class=\"x6ikm8r x10wlt62 x10l6tqk\">\n<div class=\"x6ikm8r x10wlt62\">\n<div class=\"xqtp20y x6ikm8r x10wlt62 x1n2onr6\">\n<div class=\"x10l6tqk x13vifvy\"><img decoding=\"async\" class=\"xz74otr x1ey2m1c xds687c x5yr21d x10l6tqk x17qophe x13vifvy xh8yej3\" src=\"https:\/\/scontent.fimp1-2.fna.fbcdn.net\/v\/t39.30808-6\/394539759_164903190029820_1548477970396483363_n.jpg?stp=dst-jpg_p960x960&amp;_nc_cat=105&amp;ccb=1-7&amp;_nc_sid=5f2048&amp;_nc_ohc=-SZniXVhHe0AX9RWbqr&amp;_nc_ht=scontent.fimp1-2.fna&amp;oh=00_AfB1W95Nrc36rH_cfOqeA-E7rDrKRVzab2zkhaHQpNDfMA&amp;oe=654437AB\" alt=\"\" \/><\/div>\n<\/div>\n<div class=\"x1nb4dca x1q0q8m5 xso031l x1exxf4d x13fuv20 x178xt8z x1ey2m1c x9f619 xds687c x47corl x10l6tqk x17qophe x13vifvy\"><\/div>\n<\/div>\n<div class=\"x1o1ewxj x3x9cwd x1e5q0jg x13rtm0m x1ey2m1c xds687c xg01cxk x47corl x10l6tqk x17qophe x13vifvy x1ebt8du x19991ni x1dhq9h\" data-visualcompletion=\"ignore\"><\/div>\n<\/div>\n<div class=\"x6ikm8r x10wlt62 x10l6tqk\">\n<div class=\"x6ikm8r x10wlt62\">\n<div class=\"xqtp20y x6ikm8r x10wlt62 x1n2onr6\">\n<div class=\"x10l6tqk x13vifvy\"><img decoding=\"async\" class=\"xz74otr x1ey2m1c xds687c x5yr21d x10l6tqk x17qophe x13vifvy xh8yej3\" src=\"https:\/\/scontent.fimp1-1.fna.fbcdn.net\/v\/t39.30808-6\/393301973_164903220029817_689442185432212741_n.jpg?stp=dst-jpg_p960x960&amp;_nc_cat=107&amp;ccb=1-7&amp;_nc_sid=5f2048&amp;_nc_ohc=gKhM5SXxI4QAX87GSIt&amp;_nc_ht=scontent.fimp1-1.fna&amp;oh=00_AfCwGi9bDOSN1ldlxPS7hO8qmD8f0cifAJE0COuTK2wmyA&amp;oe=6544795F\" alt=\"\" \/><\/div>\n<\/div>\n<div class=\"x1nb4dca x1q0q8m5 xso031l x1exxf4d x13fuv20 x178xt8z x1ey2m1c x9f619 xds687c x47corl x10l6tqk x17qophe x13vifvy\"><\/div>\n<\/div>\n<div class=\"x6s0dn4 x18l40ae x1ey2m1c x78zum5 xds687c xdt5ytf xl56j7k x47corl x10l6tqk x17qophe x13vifvy\">\n<div class=\"x17z8epw x579bpy x1s688f x2b8uid\"><\/div>\n<\/div>\n<\/div>\n<\/div>\n<\/div>\n<\/div>\n<\/div>\n<\/div>\n<div>\n<div class=\"x168nmei x13lgxp2 x30kzoy x9jhf4c x6ikm8r x10wlt62\" data-visualcompletion=\"ignore-dynamic\">\n<div class=\"x1n2onr6\">\n<div class=\"x6s0dn4 xi81zsa x78zum5 x6prxxf x13a6bvl xvq8zen xdj266r xktsk01 xat24cr x1d52u69 x889kno x4uap5 x1a8lsjc xkhd6sd xdppsyt\">\n<div class=\"x9f619 x1n2onr6 x1ja2u2z x78zum5 x2lah0s x1qughib x1qjc9v5 xozqiw3 x1q0g3np xykv574 xbmpl8g x4cne27 xifccgj\"><a href=\"https:\/\/abelfigueiredo.pa.gov.br\/site\/wp-content\/uploads\/2023\/10\/Evento-realizado-para-as-maes-do-Programa-Crianca-Feliz-Primeira-Infancia-no-SUAS-1080-\u00d7-1000-px-1000-\u00d7-1000-px-41.png\"><img loading=\"lazy\" decoding=\"async\" class=\"alignnone size-medium wp-image-16577\" src=\"https:\/\/abelfigueiredo.pa.gov.br\/site\/wp-content\/uploads\/2023\/10\/Evento-realizado-para-as-maes-do-Programa-Crianca-Feliz-Primeira-Infancia-no-SUAS-1080-\u00d7-1000-px-1000-\u00d7-1000-px-41-300x300.png\" alt=\"\" width=\"300\" height=\"300\" srcset=\"https:\/\/abelfigueiredo.pa.gov.br\/site\/wp-content\/uploads\/2023\/10\/Evento-realizado-para-as-maes-do-Programa-Crianca-Feliz-Primeira-Infancia-no-SUAS-1080-\u00d7-1000-px-1000-\u00d7-1000-px-41-300x300.png 300w, https:\/\/abelfigueiredo.pa.gov.br\/site\/wp-content\/uploads\/2023\/10\/Evento-realizado-para-as-maes-do-Programa-Crianca-Feliz-Primeira-Infancia-no-SUAS-1080-\u00d7-1000-px-1000-\u00d7-1000-px-41-150x150.png 150w, https:\/\/abelfigueiredo.pa.gov.br\/site\/wp-content\/uploads\/2023\/10\/Evento-realizado-para-as-maes-do-Programa-Crianca-Feliz-Primeira-Infancia-no-SUAS-1080-\u00d7-1000-px-1000-\u00d7-1000-px-41-768x768.png 768w, https:\/\/abelfigueiredo.pa.gov.br\/site\/wp-content\/uploads\/2023\/10\/Evento-realizado-para-as-maes-do-Programa-Crianca-Feliz-Primeira-Infancia-no-SUAS-1080-\u00d7-1000-px-1000-\u00d7-1000-px-41.png 1000w\" sizes=\"auto, (max-width: 300px) 100vw, 300px\" \/><\/a> <a href=\"https:\/\/abelfigueiredo.pa.gov.br\/site\/wp-content\/uploads\/2023\/10\/Evento-realizado-para-as-maes-do-Programa-Crianca-Feliz-Primeira-Infancia-no-SUAS-1080-\u00d7-1000-px-1000-\u00d7-1000-px-42.png\"><img loading=\"lazy\" decoding=\"async\" class=\"alignnone size-medium wp-image-16578\" src=\"https:\/\/abelfigueiredo.pa.gov.br\/site\/wp-content\/uploads\/2023\/10\/Evento-realizado-para-as-maes-do-Programa-Crianca-Feliz-Primeira-Infancia-no-SUAS-1080-\u00d7-1000-px-1000-\u00d7-1000-px-42-300x300.png\" alt=\"\" width=\"300\" height=\"300\" srcset=\"https:\/\/abelfigueiredo.pa.gov.br\/site\/wp-content\/uploads\/2023\/10\/Evento-realizado-para-as-maes-do-Programa-Crianca-Feliz-Primeira-Infancia-no-SUAS-1080-\u00d7-1000-px-1000-\u00d7-1000-px-42-300x300.png 300w, https:\/\/abelfigueiredo.pa.gov.br\/site\/wp-content\/uploads\/2023\/10\/Evento-realizado-para-as-maes-do-Programa-Crianca-Feliz-Primeira-Infancia-no-SUAS-1080-\u00d7-1000-px-1000-\u00d7-1000-px-42-150x150.png 150w, https:\/\/abelfigueiredo.pa.gov.br\/site\/wp-content\/uploads\/2023\/10\/Evento-realizado-para-as-maes-do-Programa-Crianca-Feliz-Primeira-Infancia-no-SUAS-1080-\u00d7-1000-px-1000-\u00d7-1000-px-42-768x768.png 768w, https:\/\/abelfigueiredo.pa.gov.br\/site\/wp-content\/uploads\/2023\/10\/Evento-realizado-para-as-maes-do-Programa-Crianca-Feliz-Primeira-Infancia-no-SUAS-1080-\u00d7-1000-px-1000-\u00d7-1000-px-42.png 1000w\" sizes=\"auto, (max-width: 300px) 100vw, 300px\" \/><\/a> <a href=\"https:\/\/abelfigueiredo.pa.gov.br\/site\/wp-content\/uploads\/2023\/10\/Evento-realizado-para-as-maes-do-Programa-Crianca-Feliz-Primeira-Infancia-no-SUAS-1080-\u00d7-1000-px-1000-\u00d7-1000-px-43.png\"><img loading=\"lazy\" decoding=\"async\" class=\"alignnone size-medium wp-image-16579\" src=\"https:\/\/abelfigueiredo.pa.gov.br\/site\/wp-content\/uploads\/2023\/10\/Evento-realizado-para-as-maes-do-Programa-Crianca-Feliz-Primeira-Infancia-no-SUAS-1080-\u00d7-1000-px-1000-\u00d7-1000-px-43-300x300.png\" alt=\"\" width=\"300\" height=\"300\" srcset=\"https:\/\/abelfigueiredo.pa.gov.br\/site\/wp-content\/uploads\/2023\/10\/Evento-realizado-para-as-maes-do-Programa-Crianca-Feliz-Primeira-Infancia-no-SUAS-1080-\u00d7-1000-px-1000-\u00d7-1000-px-43-300x300.png 300w, https:\/\/abelfigueiredo.pa.gov.br\/site\/wp-content\/uploads\/2023\/10\/Evento-realizado-para-as-maes-do-Programa-Crianca-Feliz-Primeira-Infancia-no-SUAS-1080-\u00d7-1000-px-1000-\u00d7-1000-px-43-150x150.png 150w, https:\/\/abelfigueiredo.pa.gov.br\/site\/wp-content\/uploads\/2023\/10\/Evento-realizado-para-as-maes-do-Programa-Crianca-Feliz-Primeira-Infancia-no-SUAS-1080-\u00d7-1000-px-1000-\u00d7-1000-px-43-768x768.png 768w, https:\/\/abelfigueiredo.pa.gov.br\/site\/wp-content\/uploads\/2023\/10\/Evento-realizado-para-as-maes-do-Programa-Crianca-Feliz-Primeira-Infancia-no-SUAS-1080-\u00d7-1000-px-1000-\u00d7-1000-px-43.png 1000w\" sizes=\"auto, (max-width: 300px) 100vw, 300px\" \/><\/a> <a href=\"https:\/\/abelfigueiredo.pa.gov.br\/site\/wp-content\/uploads\/2023\/10\/Evento-realizado-para-as-maes-do-Programa-Crianca-Feliz-Primeira-Infancia-no-SUAS-1080-\u00d7-1000-px-1000-\u00d7-1000-px-44.png\"><img loading=\"lazy\" decoding=\"async\" class=\"alignnone size-medium wp-image-16580\" src=\"https:\/\/abelfigueiredo.pa.gov.br\/site\/wp-content\/uploads\/2023\/10\/Evento-realizado-para-as-maes-do-Programa-Crianca-Feliz-Primeira-Infancia-no-SUAS-1080-\u00d7-1000-px-1000-\u00d7-1000-px-44-300x300.png\" alt=\"\" width=\"300\" height=\"300\" srcset=\"https:\/\/abelfigueiredo.pa.gov.br\/site\/wp-content\/uploads\/2023\/10\/Evento-realizado-para-as-maes-do-Programa-Crianca-Feliz-Primeira-Infancia-no-SUAS-1080-\u00d7-1000-px-1000-\u00d7-1000-px-44-300x300.png 300w, https:\/\/abelfigueiredo.pa.gov.br\/site\/wp-content\/uploads\/2023\/10\/Evento-realizado-para-as-maes-do-Programa-Crianca-Feliz-Primeira-Infancia-no-SUAS-1080-\u00d7-1000-px-1000-\u00d7-1000-px-44-150x150.png 150w, https:\/\/abelfigueiredo.pa.gov.br\/site\/wp-content\/uploads\/2023\/10\/Evento-realizado-para-as-maes-do-Programa-Crianca-Feliz-Primeira-Infancia-no-SUAS-1080-\u00d7-1000-px-1000-\u00d7-1000-px-44-768x768.png 768w, https:\/\/abelfigueiredo.pa.gov.br\/site\/wp-content\/uploads\/2023\/10\/Evento-realizado-para-as-maes-do-Programa-Crianca-Feliz-Primeira-Infancia-no-SUAS-1080-\u00d7-1000-px-1000-\u00d7-1000-px-44.png 1000w\" sizes=\"auto, (max-width: 300px) 100vw, 300px\" \/><\/a> <a href=\"https:\/\/abelfigueiredo.pa.gov.br\/site\/wp-content\/uploads\/2023\/10\/Evento-realizado-para-as-maes-do-Programa-Crianca-Feliz-Primeira-Infancia-no-SUAS-1080-\u00d7-1000-px-1000-\u00d7-1000-px-45.png\"><img loading=\"lazy\" decoding=\"async\" class=\"alignnone size-medium wp-image-16581\" src=\"https:\/\/abelfigueiredo.pa.gov.br\/site\/wp-content\/uploads\/2023\/10\/Evento-realizado-para-as-maes-do-Programa-Crianca-Feliz-Primeira-Infancia-no-SUAS-1080-\u00d7-1000-px-1000-\u00d7-1000-px-45-300x300.png\" alt=\"\" width=\"300\" height=\"300\" srcset=\"https:\/\/abelfigueiredo.pa.gov.br\/site\/wp-content\/uploads\/2023\/10\/Evento-realizado-para-as-maes-do-Programa-Crianca-Feliz-Primeira-Infancia-no-SUAS-1080-\u00d7-1000-px-1000-\u00d7-1000-px-45-300x300.png 300w, https:\/\/abelfigueiredo.pa.gov.br\/site\/wp-content\/uploads\/2023\/10\/Evento-realizado-para-as-maes-do-Programa-Crianca-Feliz-Primeira-Infancia-no-SUAS-1080-\u00d7-1000-px-1000-\u00d7-1000-px-45-150x150.png 150w, https:\/\/abelfigueiredo.pa.gov.br\/site\/wp-content\/uploads\/2023\/10\/Evento-realizado-para-as-maes-do-Programa-Crianca-Feliz-Primeira-Infancia-no-SUAS-1080-\u00d7-1000-px-1000-\u00d7-1000-px-45-768x768.png 768w, https:\/\/abelfigueiredo.pa.gov.br\/site\/wp-content\/uploads\/2023\/10\/Evento-realizado-para-as-maes-do-Programa-Crianca-Feliz-Primeira-Infancia-no-SUAS-1080-\u00d7-1000-px-1000-\u00d7-1000-px-45.png 1000w\" sizes=\"auto, (max-width: 300px) 100vw, 300px\" \/><\/a> <a href=\"https:\/\/abelfigueiredo.pa.gov.br\/site\/wp-content\/uploads\/2023\/10\/Evento-realizado-para-as-maes-do-Programa-Crianca-Feliz-Primeira-Infancia-no-SUAS-1080-\u00d7-1000-px-1000-\u00d7-1000-px-46-1.png\"><img loading=\"lazy\" decoding=\"async\" class=\"alignnone size-medium wp-image-16582\" src=\"https:\/\/abelfigueiredo.pa.gov.br\/site\/wp-content\/uploads\/2023\/10\/Evento-realizado-para-as-maes-do-Programa-Crianca-Feliz-Primeira-Infancia-no-SUAS-1080-\u00d7-1000-px-1000-\u00d7-1000-px-46-1-300x300.png\" alt=\"\" width=\"300\" height=\"300\" srcset=\"https:\/\/abelfigueiredo.pa.gov.br\/site\/wp-content\/uploads\/2023\/10\/Evento-realizado-para-as-maes-do-Programa-Crianca-Feliz-Primeira-Infancia-no-SUAS-1080-\u00d7-1000-px-1000-\u00d7-1000-px-46-1-300x300.png 300w, https:\/\/abelfigueiredo.pa.gov.br\/site\/wp-content\/uploads\/2023\/10\/Evento-realizado-para-as-maes-do-Programa-Crianca-Feliz-Primeira-Infancia-no-SUAS-1080-\u00d7-1000-px-1000-\u00d7-1000-px-46-1-150x150.png 150w, https:\/\/abelfigueiredo.pa.gov.br\/site\/wp-content\/uploads\/2023\/10\/Evento-realizado-para-as-maes-do-Programa-Crianca-Feliz-Primeira-Infancia-no-SUAS-1080-\u00d7-1000-px-1000-\u00d7-1000-px-46-1-768x768.png 768w, https:\/\/abelfigueiredo.pa.gov.br\/site\/wp-content\/uploads\/2023\/10\/Evento-realizado-para-as-maes-do-Programa-Crianca-Feliz-Primeira-Infancia-no-SUAS-1080-\u00d7-1000-px-1000-\u00d7-1000-px-46-1.png 1000w\" sizes=\"auto, (max-width: 300px) 100vw, 300px\" \/><\/a> <a href=\"https:\/\/abelfigueiredo.pa.gov.br\/site\/wp-content\/uploads\/2023\/10\/Evento-realizado-para-as-maes-do-Programa-Crianca-Feliz-Primeira-Infancia-no-SUAS-1080-\u00d7-1000-px-1000-\u00d7-1000-px-47-1.png\"><img loading=\"lazy\" decoding=\"async\" class=\"alignnone size-medium wp-image-16583\" src=\"https:\/\/abelfigueiredo.pa.gov.br\/site\/wp-content\/uploads\/2023\/10\/Evento-realizado-para-as-maes-do-Programa-Crianca-Feliz-Primeira-Infancia-no-SUAS-1080-\u00d7-1000-px-1000-\u00d7-1000-px-47-1-300x300.png\" alt=\"\" width=\"300\" height=\"300\" srcset=\"https:\/\/abelfigueiredo.pa.gov.br\/site\/wp-content\/uploads\/2023\/10\/Evento-realizado-para-as-maes-do-Programa-Crianca-Feliz-Primeira-Infancia-no-SUAS-1080-\u00d7-1000-px-1000-\u00d7-1000-px-47-1-300x300.png 300w, https:\/\/abelfigueiredo.pa.gov.br\/site\/wp-content\/uploads\/2023\/10\/Evento-realizado-para-as-maes-do-Programa-Crianca-Feliz-Primeira-Infancia-no-SUAS-1080-\u00d7-1000-px-1000-\u00d7-1000-px-47-1-150x150.png 150w, https:\/\/abelfigueiredo.pa.gov.br\/site\/wp-content\/uploads\/2023\/10\/Evento-realizado-para-as-maes-do-Programa-Crianca-Feliz-Primeira-Infancia-no-SUAS-1080-\u00d7-1000-px-1000-\u00d7-1000-px-47-1-768x768.png 768w, https:\/\/abelfigueiredo.pa.gov.br\/site\/wp-content\/uploads\/2023\/10\/Evento-realizado-para-as-maes-do-Programa-Crianca-Feliz-Primeira-Infancia-no-SUAS-1080-\u00d7-1000-px-1000-\u00d7-1000-px-47-1.png 1000w\" sizes=\"auto, (max-width: 300px) 100vw, 300px\" \/><\/a> <a href=\"https:\/\/abelfigueiredo.pa.gov.br\/site\/wp-content\/uploads\/2023\/10\/Evento-realizado-para-as-maes-do-Programa-Crianca-Feliz-Primeira-Infancia-no-SUAS-1080-\u00d7-1000-px-1000-\u00d7-1000-px-48.png\"><img loading=\"lazy\" decoding=\"async\" class=\"alignnone size-medium wp-image-16584\" src=\"https:\/\/abelfigueiredo.pa.gov.br\/site\/wp-content\/uploads\/2023\/10\/Evento-realizado-para-as-maes-do-Programa-Crianca-Feliz-Primeira-Infancia-no-SUAS-1080-\u00d7-1000-px-1000-\u00d7-1000-px-48-300x300.png\" alt=\"\" width=\"300\" height=\"300\" srcset=\"https:\/\/abelfigueiredo.pa.gov.br\/site\/wp-content\/uploads\/2023\/10\/Evento-realizado-para-as-maes-do-Programa-Crianca-Feliz-Primeira-Infancia-no-SUAS-1080-\u00d7-1000-px-1000-\u00d7-1000-px-48-300x300.png 300w, https:\/\/abelfigueiredo.pa.gov.br\/site\/wp-content\/uploads\/2023\/10\/Evento-realizado-para-as-maes-do-Programa-Crianca-Feliz-Primeira-Infancia-no-SUAS-1080-\u00d7-1000-px-1000-\u00d7-1000-px-48-150x150.png 150w, https:\/\/abelfigueiredo.pa.gov.br\/site\/wp-content\/uploads\/2023\/10\/Evento-realizado-para-as-maes-do-Programa-Crianca-Feliz-Primeira-Infancia-no-SUAS-1080-\u00d7-1000-px-1000-\u00d7-1000-px-48-768x768.png 768w, https:\/\/abelfigueiredo.pa.gov.br\/site\/wp-content\/uploads\/2023\/10\/Evento-realizado-para-as-maes-do-Programa-Crianca-Feliz-Primeira-Infancia-no-SUAS-1080-\u00d7-1000-px-1000-\u00d7-1000-px-48.png 1000w\" sizes=\"auto, (max-width: 300px) 100vw, 300px\" \/><\/a> <a href=\"https:\/\/abelfigueiredo.pa.gov.br\/site\/wp-content\/uploads\/2023\/10\/Evento-realizado-para-as-maes-do-Programa-Crianca-Feliz-Primeira-Infancia-no-SUAS-1080-\u00d7-1000-px-1000-\u00d7-1000-px-49-1.png\"><img loading=\"lazy\" decoding=\"async\" class=\"alignnone size-medium wp-image-16585\" src=\"https:\/\/abelfigueiredo.pa.gov.br\/site\/wp-content\/uploads\/2023\/10\/Evento-realizado-para-as-maes-do-Programa-Crianca-Feliz-Primeira-Infancia-no-SUAS-1080-\u00d7-1000-px-1000-\u00d7-1000-px-49-1-300x300.png\" alt=\"\" width=\"300\" height=\"300\" srcset=\"https:\/\/abelfigueiredo.pa.gov.br\/site\/wp-content\/uploads\/2023\/10\/Evento-realizado-para-as-maes-do-Programa-Crianca-Feliz-Primeira-Infancia-no-SUAS-1080-\u00d7-1000-px-1000-\u00d7-1000-px-49-1-300x300.png 300w, https:\/\/abelfigueiredo.pa.gov.br\/site\/wp-content\/uploads\/2023\/10\/Evento-realizado-para-as-maes-do-Programa-Crianca-Feliz-Primeira-Infancia-no-SUAS-1080-\u00d7-1000-px-1000-\u00d7-1000-px-49-1-150x150.png 150w, https:\/\/abelfigueiredo.pa.gov.br\/site\/wp-content\/uploads\/2023\/10\/Evento-realizado-para-as-maes-do-Programa-Crianca-Feliz-Primeira-Infancia-no-SUAS-1080-\u00d7-1000-px-1000-\u00d7-1000-px-49-1-768x768.png 768w, https:\/\/abelfigueiredo.pa.gov.br\/site\/wp-content\/uploads\/2023\/10\/Evento-realizado-para-as-maes-do-Programa-Crianca-Feliz-Primeira-Infancia-no-SUAS-1080-\u00d7-1000-px-1000-\u00d7-1000-px-49-1.png 1000w\" sizes=\"auto, (max-width: 300px) 100vw, 300px\" \/><\/a> <a href=\"https:\/\/abelfigueiredo.pa.gov.br\/site\/wp-content\/uploads\/2023\/10\/Evento-realizado-para-as-maes-do-Programa-Crianca-Feliz-Primeira-Infancia-no-SUAS-1080-\u00d7-1000-px-1000-\u00d7-1000-px-50.png\"><img loading=\"lazy\" decoding=\"async\" class=\"alignnone size-medium wp-image-16586\" src=\"https:\/\/abelfigueiredo.pa.gov.br\/site\/wp-content\/uploads\/2023\/10\/Evento-realizado-para-as-maes-do-Programa-Crianca-Feliz-Primeira-Infancia-no-SUAS-1080-\u00d7-1000-px-1000-\u00d7-1000-px-50-300x300.png\" alt=\"\" width=\"300\" height=\"300\" srcset=\"https:\/\/abelfigueiredo.pa.gov.br\/site\/wp-content\/uploads\/2023\/10\/Evento-realizado-para-as-maes-do-Programa-Crianca-Feliz-Primeira-Infancia-no-SUAS-1080-\u00d7-1000-px-1000-\u00d7-1000-px-50-300x300.png 300w, https:\/\/abelfigueiredo.pa.gov.br\/site\/wp-content\/uploads\/2023\/10\/Evento-realizado-para-as-maes-do-Programa-Crianca-Feliz-Primeira-Infancia-no-SUAS-1080-\u00d7-1000-px-1000-\u00d7-1000-px-50-150x150.png 150w, https:\/\/abelfigueiredo.pa.gov.br\/site\/wp-content\/uploads\/2023\/10\/Evento-realizado-para-as-maes-do-Programa-Crianca-Feliz-Primeira-Infancia-no-SUAS-1080-\u00d7-1000-px-1000-\u00d7-1000-px-50-768x768.png 768w, https:\/\/abelfigueiredo.pa.gov.br\/site\/wp-content\/uploads\/2023\/10\/Evento-realizado-para-as-maes-do-Programa-Crianca-Feliz-Primeira-Infancia-no-SUAS-1080-\u00d7-1000-px-1000-\u00d7-1000-px-50.png 1000w\" sizes=\"auto, (max-width: 300px) 100vw, 300px\" \/><\/a> <a href=\"https:\/\/abelfigueiredo.pa.gov.br\/site\/wp-content\/uploads\/2023\/10\/Evento-realizado-para-as-maes-do-Programa-Crianca-Feliz-Primeira-Infancia-no-SUAS-1080-\u00d7-1000-px-1000-\u00d7-1000-px-51.png\"><img loading=\"lazy\" decoding=\"async\" class=\"alignnone size-medium wp-image-16587\" src=\"https:\/\/abelfigueiredo.pa.gov.br\/site\/wp-content\/uploads\/2023\/10\/Evento-realizado-para-as-maes-do-Programa-Crianca-Feliz-Primeira-Infancia-no-SUAS-1080-\u00d7-1000-px-1000-\u00d7-1000-px-51-300x300.png\" alt=\"\" width=\"300\" height=\"300\" srcset=\"https:\/\/abelfigueiredo.pa.gov.br\/site\/wp-content\/uploads\/2023\/10\/Evento-realizado-para-as-maes-do-Programa-Crianca-Feliz-Primeira-Infancia-no-SUAS-1080-\u00d7-1000-px-1000-\u00d7-1000-px-51-300x300.png 300w, https:\/\/abelfigueiredo.pa.gov.br\/site\/wp-content\/uploads\/2023\/10\/Evento-realizado-para-as-maes-do-Programa-Crianca-Feliz-Primeira-Infancia-no-SUAS-1080-\u00d7-1000-px-1000-\u00d7-1000-px-51-150x150.png 150w, https:\/\/abelfigueiredo.pa.gov.br\/site\/wp-content\/uploads\/2023\/10\/Evento-realizado-para-as-maes-do-Programa-Crianca-Feliz-Primeira-Infancia-no-SUAS-1080-\u00d7-1000-px-1000-\u00d7-1000-px-51-768x768.png 768w, https:\/\/abelfigueiredo.pa.gov.br\/site\/wp-content\/uploads\/2023\/10\/Evento-realizado-para-as-maes-do-Programa-Crianca-Feliz-Primeira-Infancia-no-SUAS-1080-\u00d7-1000-px-1000-\u00d7-1000-px-51.png 1000w\" sizes=\"auto, (max-width: 300px) 100vw, 300px\" \/><\/a> <a href=\"https:\/\/abelfigueiredo.pa.gov.br\/site\/wp-content\/uploads\/2023\/10\/Evento-realizado-para-as-maes-do-Programa-Crianca-Feliz-Primeira-Infancia-no-SUAS-1080-\u00d7-1000-px-1000-\u00d7-1000-px-52.png\"><img loading=\"lazy\" decoding=\"async\" class=\"alignnone size-medium wp-image-16588\" src=\"https:\/\/abelfigueiredo.pa.gov.br\/site\/wp-content\/uploads\/2023\/10\/Evento-realizado-para-as-maes-do-Programa-Crianca-Feliz-Primeira-Infancia-no-SUAS-1080-\u00d7-1000-px-1000-\u00d7-1000-px-52-300x300.png\" alt=\"\" width=\"300\" height=\"300\" srcset=\"https:\/\/abelfigueiredo.pa.gov.br\/site\/wp-content\/uploads\/2023\/10\/Evento-realizado-para-as-maes-do-Programa-Crianca-Feliz-Primeira-Infancia-no-SUAS-1080-\u00d7-1000-px-1000-\u00d7-1000-px-52-300x300.png 300w, https:\/\/abelfigueiredo.pa.gov.br\/site\/wp-content\/uploads\/2023\/10\/Evento-realizado-para-as-maes-do-Programa-Crianca-Feliz-Primeira-Infancia-no-SUAS-1080-\u00d7-1000-px-1000-\u00d7-1000-px-52-150x150.png 150w, https:\/\/abelfigueiredo.pa.gov.br\/site\/wp-content\/uploads\/2023\/10\/Evento-realizado-para-as-maes-do-Programa-Crianca-Feliz-Primeira-Infancia-no-SUAS-1080-\u00d7-1000-px-1000-\u00d7-1000-px-52-768x768.png 768w, https:\/\/abelfigueiredo.pa.gov.br\/site\/wp-content\/uploads\/2023\/10\/Evento-realizado-para-as-maes-do-Programa-Crianca-Feliz-Primeira-Infancia-no-SUAS-1080-\u00d7-1000-px-1000-\u00d7-1000-px-52.png 1000w\" sizes=\"auto, (max-width: 300px) 100vw, 300px\" \/><\/a> <a href=\"https:\/\/abelfigueiredo.pa.gov.br\/site\/wp-content\/uploads\/2023\/10\/Evento-realizado-para-as-maes-do-Programa-Crianca-Feliz-Primeira-Infancia-no-SUAS-1080-\u00d7-1000-px-1000-\u00d7-1000-px-53.png\"><img loading=\"lazy\" decoding=\"async\" class=\"alignnone size-medium wp-image-16589\" src=\"https:\/\/abelfigueiredo.pa.gov.br\/site\/wp-content\/uploads\/2023\/10\/Evento-realizado-para-as-maes-do-Programa-Crianca-Feliz-Primeira-Infancia-no-SUAS-1080-\u00d7-1000-px-1000-\u00d7-1000-px-53-300x300.png\" alt=\"\" width=\"300\" height=\"300\" srcset=\"https:\/\/abelfigueiredo.pa.gov.br\/site\/wp-content\/uploads\/2023\/10\/Evento-realizado-para-as-maes-do-Programa-Crianca-Feliz-Primeira-Infancia-no-SUAS-1080-\u00d7-1000-px-1000-\u00d7-1000-px-53-300x300.png 300w, https:\/\/abelfigueiredo.pa.gov.br\/site\/wp-content\/uploads\/2023\/10\/Evento-realizado-para-as-maes-do-Programa-Crianca-Feliz-Primeira-Infancia-no-SUAS-1080-\u00d7-1000-px-1000-\u00d7-1000-px-53-150x150.png 150w, https:\/\/abelfigueiredo.pa.gov.br\/site\/wp-content\/uploads\/2023\/10\/Evento-realizado-para-as-maes-do-Programa-Crianca-Feliz-Primeira-Infancia-no-SUAS-1080-\u00d7-1000-px-1000-\u00d7-1000-px-53-768x768.png 768w, https:\/\/abelfigueiredo.pa.gov.br\/site\/wp-content\/uploads\/2023\/10\/Evento-realizado-para-as-maes-do-Programa-Crianca-Feliz-Primeira-Infancia-no-SUAS-1080-\u00d7-1000-px-1000-\u00d7-1000-px-53.png 1000w\" sizes=\"auto, (max-width: 300px) 100vw, 300px\" \/><\/a> <a href=\"https:\/\/abelfigueiredo.pa.gov.br\/site\/wp-content\/uploads\/2023\/10\/Evento-realizado-para-as-maes-do-Programa-Crianca-Feliz-Primeira-Infancia-no-SUAS-1080-\u00d7-1000-px-1000-\u00d7-1000-px-54.png\"><img loading=\"lazy\" decoding=\"async\" class=\"alignnone size-medium wp-image-16590\" src=\"https:\/\/abelfigueiredo.pa.gov.br\/site\/wp-content\/uploads\/2023\/10\/Evento-realizado-para-as-maes-do-Programa-Crianca-Feliz-Primeira-Infancia-no-SUAS-1080-\u00d7-1000-px-1000-\u00d7-1000-px-54-300x300.png\" alt=\"\" width=\"300\" height=\"300\" srcset=\"https:\/\/abelfigueiredo.pa.gov.br\/site\/wp-content\/uploads\/2023\/10\/Evento-realizado-para-as-maes-do-Programa-Crianca-Feliz-Primeira-Infancia-no-SUAS-1080-\u00d7-1000-px-1000-\u00d7-1000-px-54-300x300.png 300w, https:\/\/abelfigueiredo.pa.gov.br\/site\/wp-content\/uploads\/2023\/10\/Evento-realizado-para-as-maes-do-Programa-Crianca-Feliz-Primeira-Infancia-no-SUAS-1080-\u00d7-1000-px-1000-\u00d7-1000-px-54-150x150.png 150w, https:\/\/abelfigueiredo.pa.gov.br\/site\/wp-content\/uploads\/2023\/10\/Evento-realizado-para-as-maes-do-Programa-Crianca-Feliz-Primeira-Infancia-no-SUAS-1080-\u00d7-1000-px-1000-\u00d7-1000-px-54-768x768.png 768w, https:\/\/abelfigueiredo.pa.gov.br\/site\/wp-content\/uploads\/2023\/10\/Evento-realizado-para-as-maes-do-Programa-Crianca-Feliz-Primeira-Infancia-no-SUAS-1080-\u00d7-1000-px-1000-\u00d7-1000-px-54.png 1000w\" sizes=\"auto, (max-width: 300px) 100vw, 300px\" \/><\/a> <a href=\"https:\/\/abelfigueiredo.pa.gov.br\/site\/wp-content\/uploads\/2023\/10\/Evento-realizado-para-as-maes-do-Programa-Crianca-Feliz-Primeira-Infancia-no-SUAS-1080-\u00d7-1000-px-1000-\u00d7-1000-px-55.png\"><img loading=\"lazy\" decoding=\"async\" class=\"alignnone size-medium wp-image-16591\" src=\"https:\/\/abelfigueiredo.pa.gov.br\/site\/wp-content\/uploads\/2023\/10\/Evento-realizado-para-as-maes-do-Programa-Crianca-Feliz-Primeira-Infancia-no-SUAS-1080-\u00d7-1000-px-1000-\u00d7-1000-px-55-300x300.png\" alt=\"\" width=\"300\" height=\"300\" srcset=\"https:\/\/abelfigueiredo.pa.gov.br\/site\/wp-content\/uploads\/2023\/10\/Evento-realizado-para-as-maes-do-Programa-Crianca-Feliz-Primeira-Infancia-no-SUAS-1080-\u00d7-1000-px-1000-\u00d7-1000-px-55-300x300.png 300w, https:\/\/abelfigueiredo.pa.gov.br\/site\/wp-content\/uploads\/2023\/10\/Evento-realizado-para-as-maes-do-Programa-Crianca-Feliz-Primeira-Infancia-no-SUAS-1080-\u00d7-1000-px-1000-\u00d7-1000-px-55-150x150.png 150w, https:\/\/abelfigueiredo.pa.gov.br\/site\/wp-content\/uploads\/2023\/10\/Evento-realizado-para-as-maes-do-Programa-Crianca-Feliz-Primeira-Infancia-no-SUAS-1080-\u00d7-1000-px-1000-\u00d7-1000-px-55-768x768.png 768w, https:\/\/abelfigueiredo.pa.gov.br\/site\/wp-content\/uploads\/2023\/10\/Evento-realizado-para-as-maes-do-Programa-Crianca-Feliz-Primeira-Infancia-no-SUAS-1080-\u00d7-1000-px-1000-\u00d7-1000-px-55.png 1000w\" sizes=\"auto, (max-width: 300px) 100vw, 300px\" \/><\/a> <a href=\"https:\/\/abelfigueiredo.pa.gov.br\/site\/wp-content\/uploads\/2023\/10\/Evento-realizado-para-as-maes-do-Programa-Crianca-Feliz-Primeira-Infancia-no-SUAS-1080-\u00d7-1000-px-1000-\u00d7-1000-px-56.png\"><img loading=\"lazy\" decoding=\"async\" class=\"alignnone size-medium wp-image-16592\" src=\"https:\/\/abelfigueiredo.pa.gov.br\/site\/wp-content\/uploads\/2023\/10\/Evento-realizado-para-as-maes-do-Programa-Crianca-Feliz-Primeira-Infancia-no-SUAS-1080-\u00d7-1000-px-1000-\u00d7-1000-px-56-300x300.png\" alt=\"\" width=\"300\" height=\"300\" srcset=\"https:\/\/abelfigueiredo.pa.gov.br\/site\/wp-content\/uploads\/2023\/10\/Evento-realizado-para-as-maes-do-Programa-Crianca-Feliz-Primeira-Infancia-no-SUAS-1080-\u00d7-1000-px-1000-\u00d7-1000-px-56-300x300.png 300w, https:\/\/abelfigueiredo.pa.gov.br\/site\/wp-content\/uploads\/2023\/10\/Evento-realizado-para-as-maes-do-Programa-Crianca-Feliz-Primeira-Infancia-no-SUAS-1080-\u00d7-1000-px-1000-\u00d7-1000-px-56-150x150.png 150w, https:\/\/abelfigueiredo.pa.gov.br\/site\/wp-content\/uploads\/2023\/10\/Evento-realizado-para-as-maes-do-Programa-Crianca-Feliz-Primeira-Infancia-no-SUAS-1080-\u00d7-1000-px-1000-\u00d7-1000-px-56-768x768.png 768w, https:\/\/abelfigueiredo.pa.gov.br\/site\/wp-content\/uploads\/2023\/10\/Evento-realizado-para-as-maes-do-Programa-Crianca-Feliz-Primeira-Infancia-no-SUAS-1080-\u00d7-1000-px-1000-\u00d7-1000-px-56.png 1000w\" sizes=\"auto, (max-width: 300px) 100vw, 300px\" \/><\/a> <a href=\"https:\/\/abelfigueiredo.pa.gov.br\/site\/wp-content\/uploads\/2023\/10\/Evento-realizado-para-as-maes-do-Programa-Crianca-Feliz-Primeira-Infancia-no-SUAS-1080-\u00d7-1000-px-1000-\u00d7-1000-px-57.png\"><img loading=\"lazy\" decoding=\"async\" class=\"alignnone size-medium wp-image-16593\" src=\"https:\/\/abelfigueiredo.pa.gov.br\/site\/wp-content\/uploads\/2023\/10\/Evento-realizado-para-as-maes-do-Programa-Crianca-Feliz-Primeira-Infancia-no-SUAS-1080-\u00d7-1000-px-1000-\u00d7-1000-px-57-300x300.png\" alt=\"\" width=\"300\" height=\"300\" srcset=\"https:\/\/abelfigueiredo.pa.gov.br\/site\/wp-content\/uploads\/2023\/10\/Evento-realizado-para-as-maes-do-Programa-Crianca-Feliz-Primeira-Infancia-no-SUAS-1080-\u00d7-1000-px-1000-\u00d7-1000-px-57-300x300.png 300w, https:\/\/abelfigueiredo.pa.gov.br\/site\/wp-content\/uploads\/2023\/10\/Evento-realizado-para-as-maes-do-Programa-Crianca-Feliz-Primeira-Infancia-no-SUAS-1080-\u00d7-1000-px-1000-\u00d7-1000-px-57-150x150.png 150w, https:\/\/abelfigueiredo.pa.gov.br\/site\/wp-content\/uploads\/2023\/10\/Evento-realizado-para-as-maes-do-Programa-Crianca-Feliz-Primeira-Infancia-no-SUAS-1080-\u00d7-1000-px-1000-\u00d7-1000-px-57-768x768.png 768w, https:\/\/abelfigueiredo.pa.gov.br\/site\/wp-content\/uploads\/2023\/10\/Evento-realizado-para-as-maes-do-Programa-Crianca-Feliz-Primeira-Infancia-no-SUAS-1080-\u00d7-1000-px-1000-\u00d7-1000-px-57.png 1000w\" sizes=\"auto, (max-width: 300px) 100vw, 300px\" \/><\/a> <a href=\"https:\/\/abelfigueiredo.pa.gov.br\/site\/wp-content\/uploads\/2023\/10\/Evento-realizado-para-as-maes-do-Programa-Crianca-Feliz-Primeira-Infancia-no-SUAS-1080-\u00d7-1000-px-1000-\u00d7-1000-px-58.png\"><img loading=\"lazy\" decoding=\"async\" class=\"alignnone size-medium wp-image-16594\" src=\"https:\/\/abelfigueiredo.pa.gov.br\/site\/wp-content\/uploads\/2023\/10\/Evento-realizado-para-as-maes-do-Programa-Crianca-Feliz-Primeira-Infancia-no-SUAS-1080-\u00d7-1000-px-1000-\u00d7-1000-px-58-300x300.png\" alt=\"\" width=\"300\" height=\"300\" srcset=\"https:\/\/abelfigueiredo.pa.gov.br\/site\/wp-content\/uploads\/2023\/10\/Evento-realizado-para-as-maes-do-Programa-Crianca-Feliz-Primeira-Infancia-no-SUAS-1080-\u00d7-1000-px-1000-\u00d7-1000-px-58-300x300.png 300w, https:\/\/abelfigueiredo.pa.gov.br\/site\/wp-content\/uploads\/2023\/10\/Evento-realizado-para-as-maes-do-Programa-Crianca-Feliz-Primeira-Infancia-no-SUAS-1080-\u00d7-1000-px-1000-\u00d7-1000-px-58-150x150.png 150w, https:\/\/abelfigueiredo.pa.gov.br\/site\/wp-content\/uploads\/2023\/10\/Evento-realizado-para-as-maes-do-Programa-Crianca-Feliz-Primeira-Infancia-no-SUAS-1080-\u00d7-1000-px-1000-\u00d7-1000-px-58-768x768.png 768w, https:\/\/abelfigueiredo.pa.gov.br\/site\/wp-content\/uploads\/2023\/10\/Evento-realizado-para-as-maes-do-Programa-Crianca-Feliz-Primeira-Infancia-no-SUAS-1080-\u00d7-1000-px-1000-\u00d7-1000-px-58.png 1000w\" sizes=\"auto, (max-width: 300px) 100vw, 300px\" \/><\/a> <a href=\"https:\/\/abelfigueiredo.pa.gov.br\/site\/wp-content\/uploads\/2023\/10\/Evento-realizado-para-as-maes-do-Programa-Crianca-Feliz-Primeira-Infancia-no-SUAS-1080-\u00d7-1000-px-1000-\u00d7-1000-px-59.png\"><img loading=\"lazy\" decoding=\"async\" class=\"alignnone size-medium wp-image-16595\" src=\"https:\/\/abelfigueiredo.pa.gov.br\/site\/wp-content\/uploads\/2023\/10\/Evento-realizado-para-as-maes-do-Programa-Crianca-Feliz-Primeira-Infancia-no-SUAS-1080-\u00d7-1000-px-1000-\u00d7-1000-px-59-300x300.png\" alt=\"\" width=\"300\" height=\"300\" srcset=\"https:\/\/abelfigueiredo.pa.gov.br\/site\/wp-content\/uploads\/2023\/10\/Evento-realizado-para-as-maes-do-Programa-Crianca-Feliz-Primeira-Infancia-no-SUAS-1080-\u00d7-1000-px-1000-\u00d7-1000-px-59-300x300.png 300w, https:\/\/abelfigueiredo.pa.gov.br\/site\/wp-content\/uploads\/2023\/10\/Evento-realizado-para-as-maes-do-Programa-Crianca-Feliz-Primeira-Infancia-no-SUAS-1080-\u00d7-1000-px-1000-\u00d7-1000-px-59-150x150.png 150w, https:\/\/abelfigueiredo.pa.gov.br\/site\/wp-content\/uploads\/2023\/10\/Evento-realizado-para-as-maes-do-Programa-Crianca-Feliz-Primeira-Infancia-no-SUAS-1080-\u00d7-1000-px-1000-\u00d7-1000-px-59-768x768.png 768w, https:\/\/abelfigueiredo.pa.gov.br\/site\/wp-content\/uploads\/2023\/10\/Evento-realizado-para-as-maes-do-Programa-Crianca-Feliz-Primeira-Infancia-no-SUAS-1080-\u00d7-1000-px-1000-\u00d7-1000-px-59.png 1000w\" sizes=\"auto, (max-width: 300px) 100vw, 300px\" \/><\/a> <a href=\"https:\/\/abelfigueiredo.pa.gov.br\/site\/wp-content\/uploads\/2023\/10\/Evento-realizado-para-as-maes-do-Programa-Crianca-Feliz-Primeira-Infancia-no-SUAS-1080-\u00d7-1000-px-1000-\u00d7-1000-px-60.png\"><img loading=\"lazy\" decoding=\"async\" class=\"alignnone size-medium wp-image-16596\" src=\"https:\/\/abelfigueiredo.pa.gov.br\/site\/wp-content\/uploads\/2023\/10\/Evento-realizado-para-as-maes-do-Programa-Crianca-Feliz-Primeira-Infancia-no-SUAS-1080-\u00d7-1000-px-1000-\u00d7-1000-px-60-300x300.png\" alt=\"\" width=\"300\" height=\"300\" srcset=\"https:\/\/abelfigueiredo.pa.gov.br\/site\/wp-content\/uploads\/2023\/10\/Evento-realizado-para-as-maes-do-Programa-Crianca-Feliz-Primeira-Infancia-no-SUAS-1080-\u00d7-1000-px-1000-\u00d7-1000-px-60-300x300.png 300w, https:\/\/abelfigueiredo.pa.gov.br\/site\/wp-content\/uploads\/2023\/10\/Evento-realizado-para-as-maes-do-Programa-Crianca-Feliz-Primeira-Infancia-no-SUAS-1080-\u00d7-1000-px-1000-\u00d7-1000-px-60-150x150.png 150w, https:\/\/abelfigueiredo.pa.gov.br\/site\/wp-content\/uploads\/2023\/10\/Evento-realizado-para-as-maes-do-Programa-Crianca-Feliz-Primeira-Infancia-no-SUAS-1080-\u00d7-1000-px-1000-\u00d7-1000-px-60-768x768.png 768w, https:\/\/abelfigueiredo.pa.gov.br\/site\/wp-content\/uploads\/2023\/10\/Evento-realizado-para-as-maes-do-Programa-Crianca-Feliz-Primeira-Infancia-no-SUAS-1080-\u00d7-1000-px-1000-\u00d7-1000-px-60.png 1000w\" sizes=\"auto, (max-width: 300px) 100vw, 300px\" \/><\/a> <a href=\"https:\/\/abelfigueiredo.pa.gov.br\/site\/wp-content\/uploads\/2023\/10\/Evento-realizado-para-as-maes-do-Programa-Crianca-Feliz-Primeira-Infancia-no-SUAS-1080-\u00d7-1000-px-1000-\u00d7-1000-px-61.png\"><img loading=\"lazy\" decoding=\"async\" class=\"alignnone size-medium wp-image-16597\" src=\"https:\/\/abelfigueiredo.pa.gov.br\/site\/wp-content\/uploads\/2023\/10\/Evento-realizado-para-as-maes-do-Programa-Crianca-Feliz-Primeira-Infancia-no-SUAS-1080-\u00d7-1000-px-1000-\u00d7-1000-px-61-300x300.png\" alt=\"\" width=\"300\" height=\"300\" srcset=\"https:\/\/abelfigueiredo.pa.gov.br\/site\/wp-content\/uploads\/2023\/10\/Evento-realizado-para-as-maes-do-Programa-Crianca-Feliz-Primeira-Infancia-no-SUAS-1080-\u00d7-1000-px-1000-\u00d7-1000-px-61-300x300.png 300w, https:\/\/abelfigueiredo.pa.gov.br\/site\/wp-content\/uploads\/2023\/10\/Evento-realizado-para-as-maes-do-Programa-Crianca-Feliz-Primeira-Infancia-no-SUAS-1080-\u00d7-1000-px-1000-\u00d7-1000-px-61-150x150.png 150w, https:\/\/abelfigueiredo.pa.gov.br\/site\/wp-content\/uploads\/2023\/10\/Evento-realizado-para-as-maes-do-Programa-Crianca-Feliz-Primeira-Infancia-no-SUAS-1080-\u00d7-1000-px-1000-\u00d7-1000-px-61-768x768.png 768w, https:\/\/abelfigueiredo.pa.gov.br\/site\/wp-content\/uploads\/2023\/10\/Evento-realizado-para-as-maes-do-Programa-Crianca-Feliz-Primeira-Infancia-no-SUAS-1080-\u00d7-1000-px-1000-\u00d7-1000-px-61.png 1000w\" sizes=\"auto, (max-width: 300px) 100vw, 300px\" \/><\/a> <a href=\"https:\/\/abelfigueiredo.pa.gov.br\/site\/wp-content\/uploads\/2023\/10\/Evento-realizado-para-as-maes-do-Programa-Crianca-Feliz-Primeira-Infancia-no-SUAS-1080-\u00d7-1000-px-1000-\u00d7-1000-px-62.png\"><img loading=\"lazy\" decoding=\"async\" class=\"alignnone size-medium wp-image-16598\" src=\"https:\/\/abelfigueiredo.pa.gov.br\/site\/wp-content\/uploads\/2023\/10\/Evento-realizado-para-as-maes-do-Programa-Crianca-Feliz-Primeira-Infancia-no-SUAS-1080-\u00d7-1000-px-1000-\u00d7-1000-px-62-300x300.png\" alt=\"\" width=\"300\" height=\"300\" srcset=\"https:\/\/abelfigueiredo.pa.gov.br\/site\/wp-content\/uploads\/2023\/10\/Evento-realizado-para-as-maes-do-Programa-Crianca-Feliz-Primeira-Infancia-no-SUAS-1080-\u00d7-1000-px-1000-\u00d7-1000-px-62-300x300.png 300w, https:\/\/abelfigueiredo.pa.gov.br\/site\/wp-content\/uploads\/2023\/10\/Evento-realizado-para-as-maes-do-Programa-Crianca-Feliz-Primeira-Infancia-no-SUAS-1080-\u00d7-1000-px-1000-\u00d7-1000-px-62-150x150.png 150w, https:\/\/abelfigueiredo.pa.gov.br\/site\/wp-content\/uploads\/2023\/10\/Evento-realizado-para-as-maes-do-Programa-Crianca-Feliz-Primeira-Infancia-no-SUAS-1080-\u00d7-1000-px-1000-\u00d7-1000-px-62-768x768.png 768w, https:\/\/abelfigueiredo.pa.gov.br\/site\/wp-content\/uploads\/2023\/10\/Evento-realizado-para-as-maes-do-Programa-Crianca-Feliz-Primeira-Infancia-no-SUAS-1080-\u00d7-1000-px-1000-\u00d7-1000-px-62.png 1000w\" sizes=\"auto, (max-width: 300px) 100vw, 300px\" \/><\/a> <a href=\"https:\/\/abelfigueiredo.pa.gov.br\/site\/wp-content\/uploads\/2023\/10\/Evento-realizado-para-as-maes-do-Programa-Crianca-Feliz-Primeira-Infancia-no-SUAS-1080-\u00d7-1000-px-1000-\u00d7-1000-px-63.png\"><img loading=\"lazy\" decoding=\"async\" class=\"alignnone size-medium wp-image-16599\" src=\"https:\/\/abelfigueiredo.pa.gov.br\/site\/wp-content\/uploads\/2023\/10\/Evento-realizado-para-as-maes-do-Programa-Crianca-Feliz-Primeira-Infancia-no-SUAS-1080-\u00d7-1000-px-1000-\u00d7-1000-px-63-300x300.png\" alt=\"\" width=\"300\" height=\"300\" srcset=\"https:\/\/abelfigueiredo.pa.gov.br\/site\/wp-content\/uploads\/2023\/10\/Evento-realizado-para-as-maes-do-Programa-Crianca-Feliz-Primeira-Infancia-no-SUAS-1080-\u00d7-1000-px-1000-\u00d7-1000-px-63-300x300.png 300w, https:\/\/abelfigueiredo.pa.gov.br\/site\/wp-content\/uploads\/2023\/10\/Evento-realizado-para-as-maes-do-Programa-Crianca-Feliz-Primeira-Infancia-no-SUAS-1080-\u00d7-1000-px-1000-\u00d7-1000-px-63-150x150.png 150w, https:\/\/abelfigueiredo.pa.gov.br\/site\/wp-content\/uploads\/2023\/10\/Evento-realizado-para-as-maes-do-Programa-Crianca-Feliz-Primeira-Infancia-no-SUAS-1080-\u00d7-1000-px-1000-\u00d7-1000-px-63-768x768.png 768w, https:\/\/abelfigueiredo.pa.gov.br\/site\/wp-content\/uploads\/2023\/10\/Evento-realizado-para-as-maes-do-Programa-Crianca-Feliz-Primeira-Infancia-no-SUAS-1080-\u00d7-1000-px-1000-\u00d7-1000-px-63.png 1000w\" sizes=\"auto, (max-width: 300px) 100vw, 300px\" \/><\/a> <a href=\"https:\/\/abelfigueiredo.pa.gov.br\/site\/wp-content\/uploads\/2023\/10\/Evento-realizado-para-as-maes-do-Programa-Crianca-Feliz-Primeira-Infancia-no-SUAS-1080-\u00d7-1000-px-1000-\u00d7-1000-px-64.png\"><img loading=\"lazy\" decoding=\"async\" class=\"alignnone size-medium wp-image-16600\" src=\"https:\/\/abelfigueiredo.pa.gov.br\/site\/wp-content\/uploads\/2023\/10\/Evento-realizado-para-as-maes-do-Programa-Crianca-Feliz-Primeira-Infancia-no-SUAS-1080-\u00d7-1000-px-1000-\u00d7-1000-px-64-300x300.png\" alt=\"\" width=\"300\" height=\"300\" srcset=\"https:\/\/abelfigueiredo.pa.gov.br\/site\/wp-content\/uploads\/2023\/10\/Evento-realizado-para-as-maes-do-Programa-Crianca-Feliz-Primeira-Infancia-no-SUAS-1080-\u00d7-1000-px-1000-\u00d7-1000-px-64-300x300.png 300w, https:\/\/abelfigueiredo.pa.gov.br\/site\/wp-content\/uploads\/2023\/10\/Evento-realizado-para-as-maes-do-Programa-Crianca-Feliz-Primeira-Infancia-no-SUAS-1080-\u00d7-1000-px-1000-\u00d7-1000-px-64-150x150.png 150w, https:\/\/abelfigueiredo.pa.gov.br\/site\/wp-content\/uploads\/2023\/10\/Evento-realizado-para-as-maes-do-Programa-Crianca-Feliz-Primeira-Infancia-no-SUAS-1080-\u00d7-1000-px-1000-\u00d7-1000-px-64-768x768.png 768w, https:\/\/abelfigueiredo.pa.gov.br\/site\/wp-content\/uploads\/2023\/10\/Evento-realizado-para-as-maes-do-Programa-Crianca-Feliz-Primeira-Infancia-no-SUAS-1080-\u00d7-1000-px-1000-\u00d7-1000-px-64.png 1000w\" sizes=\"auto, (max-width: 300px) 100vw, 300px\" \/><\/a> <a href=\"https:\/\/abelfigueiredo.pa.gov.br\/site\/wp-content\/uploads\/2023\/10\/Evento-realizado-para-as-maes-do-Programa-Crianca-Feliz-Primeira-Infancia-no-SUAS-1080-\u00d7-1000-px-1000-\u00d7-1000-px-65.png\"><img loading=\"lazy\" decoding=\"async\" class=\"alignnone size-medium wp-image-16601\" src=\"https:\/\/abelfigueiredo.pa.gov.br\/site\/wp-content\/uploads\/2023\/10\/Evento-realizado-para-as-maes-do-Programa-Crianca-Feliz-Primeira-Infancia-no-SUAS-1080-\u00d7-1000-px-1000-\u00d7-1000-px-65-300x300.png\" alt=\"\" width=\"300\" height=\"300\" srcset=\"https:\/\/abelfigueiredo.pa.gov.br\/site\/wp-content\/uploads\/2023\/10\/Evento-realizado-para-as-maes-do-Programa-Crianca-Feliz-Primeira-Infancia-no-SUAS-1080-\u00d7-1000-px-1000-\u00d7-1000-px-65-300x300.png 300w, https:\/\/abelfigueiredo.pa.gov.br\/site\/wp-content\/uploads\/2023\/10\/Evento-realizado-para-as-maes-do-Programa-Crianca-Feliz-Primeira-Infancia-no-SUAS-1080-\u00d7-1000-px-1000-\u00d7-1000-px-65-150x150.png 150w, https:\/\/abelfigueiredo.pa.gov.br\/site\/wp-content\/uploads\/2023\/10\/Evento-realizado-para-as-maes-do-Programa-Crianca-Feliz-Primeira-Infancia-no-SUAS-1080-\u00d7-1000-px-1000-\u00d7-1000-px-65-768x768.png 768w, https:\/\/abelfigueiredo.pa.gov.br\/site\/wp-content\/uploads\/2023\/10\/Evento-realizado-para-as-maes-do-Programa-Crianca-Feliz-Primeira-Infancia-no-SUAS-1080-\u00d7-1000-px-1000-\u00d7-1000-px-65.png 1000w\" sizes=\"auto, (max-width: 300px) 100vw, 300px\" \/><\/a> <a href=\"https:\/\/abelfigueiredo.pa.gov.br\/site\/wp-content\/uploads\/2023\/10\/Evento-realizado-para-as-maes-do-Programa-Crianca-Feliz-Primeira-Infancia-no-SUAS-1080-\u00d7-1000-px-1000-\u00d7-1000-px-66.png\"><img loading=\"lazy\" decoding=\"async\" class=\"alignnone size-medium wp-image-16602\" src=\"https:\/\/abelfigueiredo.pa.gov.br\/site\/wp-content\/uploads\/2023\/10\/Evento-realizado-para-as-maes-do-Programa-Crianca-Feliz-Primeira-Infancia-no-SUAS-1080-\u00d7-1000-px-1000-\u00d7-1000-px-66-300x300.png\" alt=\"\" width=\"300\" height=\"300\" srcset=\"https:\/\/abelfigueiredo.pa.gov.br\/site\/wp-content\/uploads\/2023\/10\/Evento-realizado-para-as-maes-do-Programa-Crianca-Feliz-Primeira-Infancia-no-SUAS-1080-\u00d7-1000-px-1000-\u00d7-1000-px-66-300x300.png 300w, https:\/\/abelfigueiredo.pa.gov.br\/site\/wp-content\/uploads\/2023\/10\/Evento-realizado-para-as-maes-do-Programa-Crianca-Feliz-Primeira-Infancia-no-SUAS-1080-\u00d7-1000-px-1000-\u00d7-1000-px-66-150x150.png 150w, https:\/\/abelfigueiredo.pa.gov.br\/site\/wp-content\/uploads\/2023\/10\/Evento-realizado-para-as-maes-do-Programa-Crianca-Feliz-Primeira-Infancia-no-SUAS-1080-\u00d7-1000-px-1000-\u00d7-1000-px-66-768x768.png 768w, https:\/\/abelfigueiredo.pa.gov.br\/site\/wp-content\/uploads\/2023\/10\/Evento-realizado-para-as-maes-do-Programa-Crianca-Feliz-Primeira-Infancia-no-SUAS-1080-\u00d7-1000-px-1000-\u00d7-1000-px-66.png 1000w\" sizes=\"auto, (max-width: 300px) 100vw, 300px\" \/><\/a> <a href=\"https:\/\/abelfigueiredo.pa.gov.br\/site\/wp-content\/uploads\/2023\/10\/Evento-realizado-para-as-maes-do-Programa-Crianca-Feliz-Primeira-Infancia-no-SUAS-1080-\u00d7-1000-px-1000-\u00d7-1000-px-67.png\"><img loading=\"lazy\" decoding=\"async\" class=\"alignnone size-medium wp-image-16603\" src=\"https:\/\/abelfigueiredo.pa.gov.br\/site\/wp-content\/uploads\/2023\/10\/Evento-realizado-para-as-maes-do-Programa-Crianca-Feliz-Primeira-Infancia-no-SUAS-1080-\u00d7-1000-px-1000-\u00d7-1000-px-67-300x300.png\" alt=\"\" width=\"300\" height=\"300\" srcset=\"https:\/\/abelfigueiredo.pa.gov.br\/site\/wp-content\/uploads\/2023\/10\/Evento-realizado-para-as-maes-do-Programa-Crianca-Feliz-Primeira-Infancia-no-SUAS-1080-\u00d7-1000-px-1000-\u00d7-1000-px-67-300x300.png 300w, https:\/\/abelfigueiredo.pa.gov.br\/site\/wp-content\/uploads\/2023\/10\/Evento-realizado-para-as-maes-do-Programa-Crianca-Feliz-Primeira-Infancia-no-SUAS-1080-\u00d7-1000-px-1000-\u00d7-1000-px-67-150x150.png 150w, https:\/\/abelfigueiredo.pa.gov.br\/site\/wp-content\/uploads\/2023\/10\/Evento-realizado-para-as-maes-do-Programa-Crianca-Feliz-Primeira-Infancia-no-SUAS-1080-\u00d7-1000-px-1000-\u00d7-1000-px-67-768x768.png 768w, https:\/\/abelfigueiredo.pa.gov.br\/site\/wp-content\/uploads\/2023\/10\/Evento-realizado-para-as-maes-do-Programa-Crianca-Feliz-Primeira-Infancia-no-SUAS-1080-\u00d7-1000-px-1000-\u00d7-1000-px-67.png 1000w\" sizes=\"auto, (max-width: 300px) 100vw, 300px\" \/><\/a> <a href=\"https:\/\/abelfigueiredo.pa.gov.br\/site\/wp-content\/uploads\/2023\/10\/Evento-realizado-para-as-maes-do-Programa-Crianca-Feliz-Primeira-Infancia-no-SUAS-1080-\u00d7-1000-px-1000-\u00d7-1000-px-68.png\"><img loading=\"lazy\" decoding=\"async\" class=\"alignnone size-medium wp-image-16604\" src=\"https:\/\/abelfigueiredo.pa.gov.br\/site\/wp-content\/uploads\/2023\/10\/Evento-realizado-para-as-maes-do-Programa-Crianca-Feliz-Primeira-Infancia-no-SUAS-1080-\u00d7-1000-px-1000-\u00d7-1000-px-68-300x300.png\" alt=\"\" width=\"300\" height=\"300\" srcset=\"https:\/\/abelfigueiredo.pa.gov.br\/site\/wp-content\/uploads\/2023\/10\/Evento-realizado-para-as-maes-do-Programa-Crianca-Feliz-Primeira-Infancia-no-SUAS-1080-\u00d7-1000-px-1000-\u00d7-1000-px-68-300x300.png 300w, https:\/\/abelfigueiredo.pa.gov.br\/site\/wp-content\/uploads\/2023\/10\/Evento-realizado-para-as-maes-do-Programa-Crianca-Feliz-Primeira-Infancia-no-SUAS-1080-\u00d7-1000-px-1000-\u00d7-1000-px-68-150x150.png 150w, https:\/\/abelfigueiredo.pa.gov.br\/site\/wp-content\/uploads\/2023\/10\/Evento-realizado-para-as-maes-do-Programa-Crianca-Feliz-Primeira-Infancia-no-SUAS-1080-\u00d7-1000-px-1000-\u00d7-1000-px-68-768x768.png 768w, https:\/\/abelfigueiredo.pa.gov.br\/site\/wp-content\/uploads\/2023\/10\/Evento-realizado-para-as-maes-do-Programa-Crianca-Feliz-Primeira-Infancia-no-SUAS-1080-\u00d7-1000-px-1000-\u00d7-1000-px-68.png 1000w\" sizes=\"auto, (max-width: 300px) 100vw, 300px\" \/><\/a> <a href=\"https:\/\/abelfigueiredo.pa.gov.br\/site\/wp-content\/uploads\/2023\/10\/Evento-realizado-para-as-maes-do-Programa-Crianca-Feliz-Primeira-Infancia-no-SUAS-1080-\u00d7-1000-px-1000-\u00d7-1000-px-69.png\"><img loading=\"lazy\" decoding=\"async\" class=\"alignnone size-medium wp-image-16605\" src=\"https:\/\/abelfigueiredo.pa.gov.br\/site\/wp-content\/uploads\/2023\/10\/Evento-realizado-para-as-maes-do-Programa-Crianca-Feliz-Primeira-Infancia-no-SUAS-1080-\u00d7-1000-px-1000-\u00d7-1000-px-69-300x300.png\" alt=\"\" width=\"300\" height=\"300\" srcset=\"https:\/\/abelfigueiredo.pa.gov.br\/site\/wp-content\/uploads\/2023\/10\/Evento-realizado-para-as-maes-do-Programa-Crianca-Feliz-Primeira-Infancia-no-SUAS-1080-\u00d7-1000-px-1000-\u00d7-1000-px-69-300x300.png 300w, https:\/\/abelfigueiredo.pa.gov.br\/site\/wp-content\/uploads\/2023\/10\/Evento-realizado-para-as-maes-do-Programa-Crianca-Feliz-Primeira-Infancia-no-SUAS-1080-\u00d7-1000-px-1000-\u00d7-1000-px-69-150x150.png 150w, https:\/\/abelfigueiredo.pa.gov.br\/site\/wp-content\/uploads\/2023\/10\/Evento-realizado-para-as-maes-do-Programa-Crianca-Feliz-Primeira-Infancia-no-SUAS-1080-\u00d7-1000-px-1000-\u00d7-1000-px-69-768x768.png 768w, https:\/\/abelfigueiredo.pa.gov.br\/site\/wp-content\/uploads\/2023\/10\/Evento-realizado-para-as-maes-do-Programa-Crianca-Feliz-Primeira-Infancia-no-SUAS-1080-\u00d7-1000-px-1000-\u00d7-1000-px-69.png 1000w\" sizes=\"auto, (max-width: 300px) 100vw, 300px\" \/><\/a> <a href=\"https:\/\/abelfigueiredo.pa.gov.br\/site\/wp-content\/uploads\/2023\/10\/Evento-realizado-para-as-maes-do-Programa-Crianca-Feliz-Primeira-Infancia-no-SUAS-1080-\u00d7-1000-px-1000-\u00d7-1000-px-70.png\"><img loading=\"lazy\" decoding=\"async\" class=\"alignnone size-medium wp-image-16606\" src=\"https:\/\/abelfigueiredo.pa.gov.br\/site\/wp-content\/uploads\/2023\/10\/Evento-realizado-para-as-maes-do-Programa-Crianca-Feliz-Primeira-Infancia-no-SUAS-1080-\u00d7-1000-px-1000-\u00d7-1000-px-70-300x300.png\" alt=\"\" width=\"300\" height=\"300\" srcset=\"https:\/\/abelfigueiredo.pa.gov.br\/site\/wp-content\/uploads\/2023\/10\/Evento-realizado-para-as-maes-do-Programa-Crianca-Feliz-Primeira-Infancia-no-SUAS-1080-\u00d7-1000-px-1000-\u00d7-1000-px-70-300x300.png 300w, https:\/\/abelfigueiredo.pa.gov.br\/site\/wp-content\/uploads\/2023\/10\/Evento-realizado-para-as-maes-do-Programa-Crianca-Feliz-Primeira-Infancia-no-SUAS-1080-\u00d7-1000-px-1000-\u00d7-1000-px-70-150x150.png 150w, https:\/\/abelfigueiredo.pa.gov.br\/site\/wp-content\/uploads\/2023\/10\/Evento-realizado-para-as-maes-do-Programa-Crianca-Feliz-Primeira-Infancia-no-SUAS-1080-\u00d7-1000-px-1000-\u00d7-1000-px-70-768x768.png 768w, https:\/\/abelfigueiredo.pa.gov.br\/site\/wp-content\/uploads\/2023\/10\/Evento-realizado-para-as-maes-do-Programa-Crianca-Feliz-Primeira-Infancia-no-SUAS-1080-\u00d7-1000-px-1000-\u00d7-1000-px-70.png 1000w\" sizes=\"auto, (max-width: 300px) 100vw, 300px\" \/><\/a> <a href=\"https:\/\/abelfigueiredo.pa.gov.br\/site\/wp-content\/uploads\/2023\/10\/Evento-realizado-para-as-maes-do-Programa-Crianca-Feliz-Primeira-Infancia-no-SUAS-1080-\u00d7-1000-px-1000-\u00d7-1000-px-71.png\"><img loading=\"lazy\" decoding=\"async\" class=\"alignnone size-medium wp-image-16607\" src=\"https:\/\/abelfigueiredo.pa.gov.br\/site\/wp-content\/uploads\/2023\/10\/Evento-realizado-para-as-maes-do-Programa-Crianca-Feliz-Primeira-Infancia-no-SUAS-1080-\u00d7-1000-px-1000-\u00d7-1000-px-71-300x300.png\" alt=\"\" width=\"300\" height=\"300\" srcset=\"https:\/\/abelfigueiredo.pa.gov.br\/site\/wp-content\/uploads\/2023\/10\/Evento-realizado-para-as-maes-do-Programa-Crianca-Feliz-Primeira-Infancia-no-SUAS-1080-\u00d7-1000-px-1000-\u00d7-1000-px-71-300x300.png 300w, https:\/\/abelfigueiredo.pa.gov.br\/site\/wp-content\/uploads\/2023\/10\/Evento-realizado-para-as-maes-do-Programa-Crianca-Feliz-Primeira-Infancia-no-SUAS-1080-\u00d7-1000-px-1000-\u00d7-1000-px-71-150x150.png 150w, https:\/\/abelfigueiredo.pa.gov.br\/site\/wp-content\/uploads\/2023\/10\/Evento-realizado-para-as-maes-do-Programa-Crianca-Feliz-Primeira-Infancia-no-SUAS-1080-\u00d7-1000-px-1000-\u00d7-1000-px-71-768x768.png 768w, https:\/\/abelfigueiredo.pa.gov.br\/site\/wp-content\/uploads\/2023\/10\/Evento-realizado-para-as-maes-do-Programa-Crianca-Feliz-Primeira-Infancia-no-SUAS-1080-\u00d7-1000-px-1000-\u00d7-1000-px-71.png 1000w\" sizes=\"auto, (max-width: 300px) 100vw, 300px\" \/><\/a> <a href=\"https:\/\/abelfigueiredo.pa.gov.br\/site\/wp-content\/uploads\/2023\/10\/Evento-realizado-para-as-maes-do-Programa-Crianca-Feliz-Primeira-Infancia-no-SUAS-1080-\u00d7-1000-px-1000-\u00d7-1000-px-72.png\"><img loading=\"lazy\" decoding=\"async\" class=\"alignnone size-medium wp-image-16608\" src=\"https:\/\/abelfigueiredo.pa.gov.br\/site\/wp-content\/uploads\/2023\/10\/Evento-realizado-para-as-maes-do-Programa-Crianca-Feliz-Primeira-Infancia-no-SUAS-1080-\u00d7-1000-px-1000-\u00d7-1000-px-72-300x300.png\" alt=\"\" width=\"300\" height=\"300\" srcset=\"https:\/\/abelfigueiredo.pa.gov.br\/site\/wp-content\/uploads\/2023\/10\/Evento-realizado-para-as-maes-do-Programa-Crianca-Feliz-Primeira-Infancia-no-SUAS-1080-\u00d7-1000-px-1000-\u00d7-1000-px-72-300x300.png 300w, https:\/\/abelfigueiredo.pa.gov.br\/site\/wp-content\/uploads\/2023\/10\/Evento-realizado-para-as-maes-do-Programa-Crianca-Feliz-Primeira-Infancia-no-SUAS-1080-\u00d7-1000-px-1000-\u00d7-1000-px-72-150x150.png 150w, https:\/\/abelfigueiredo.pa.gov.br\/site\/wp-content\/uploads\/2023\/10\/Evento-realizado-para-as-maes-do-Programa-Crianca-Feliz-Primeira-Infancia-no-SUAS-1080-\u00d7-1000-px-1000-\u00d7-1000-px-72-768x768.png 768w, https:\/\/abelfigueiredo.pa.gov.br\/site\/wp-content\/uploads\/2023\/10\/Evento-realizado-para-as-maes-do-Programa-Crianca-Feliz-Primeira-Infancia-no-SUAS-1080-\u00d7-1000-px-1000-\u00d7-1000-px-72.png 1000w\" sizes=\"auto, (max-width: 300px) 100vw, 300px\" \/><\/a> <a href=\"https:\/\/abelfigueiredo.pa.gov.br\/site\/wp-content\/uploads\/2023\/10\/Evento-realizado-para-as-maes-do-Programa-Crianca-Feliz-Primeira-Infancia-no-SUAS-1080-\u00d7-1000-px-1000-\u00d7-1000-px-73.png\"><img loading=\"lazy\" decoding=\"async\" class=\"alignnone size-medium wp-image-16609\" src=\"https:\/\/abelfigueiredo.pa.gov.br\/site\/wp-content\/uploads\/2023\/10\/Evento-realizado-para-as-maes-do-Programa-Crianca-Feliz-Primeira-Infancia-no-SUAS-1080-\u00d7-1000-px-1000-\u00d7-1000-px-73-300x300.png\" alt=\"\" width=\"300\" height=\"300\" srcset=\"https:\/\/abelfigueiredo.pa.gov.br\/site\/wp-content\/uploads\/2023\/10\/Evento-realizado-para-as-maes-do-Programa-Crianca-Feliz-Primeira-Infancia-no-SUAS-1080-\u00d7-1000-px-1000-\u00d7-1000-px-73-300x300.png 300w, https:\/\/abelfigueiredo.pa.gov.br\/site\/wp-content\/uploads\/2023\/10\/Evento-realizado-para-as-maes-do-Programa-Crianca-Feliz-Primeira-Infancia-no-SUAS-1080-\u00d7-1000-px-1000-\u00d7-1000-px-73-150x150.png 150w, https:\/\/abelfigueiredo.pa.gov.br\/site\/wp-content\/uploads\/2023\/10\/Evento-realizado-para-as-maes-do-Programa-Crianca-Feliz-Primeira-Infancia-no-SUAS-1080-\u00d7-1000-px-1000-\u00d7-1000-px-73-768x768.png 768w, https:\/\/abelfigueiredo.pa.gov.br\/site\/wp-content\/uploads\/2023\/10\/Evento-realizado-para-as-maes-do-Programa-Crianca-Feliz-Primeira-Infancia-no-SUAS-1080-\u00d7-1000-px-1000-\u00d7-1000-px-73.png 1000w\" sizes=\"auto, (max-width: 300px) 100vw, 300px\" \/><\/a> <a href=\"https:\/\/abelfigueiredo.pa.gov.br\/site\/wp-content\/uploads\/2023\/10\/Evento-realizado-para-as-maes-do-Programa-Crianca-Feliz-Primeira-Infancia-no-SUAS-1080-\u00d7-1000-px-1000-\u00d7-1000-px-74.png\"><img loading=\"lazy\" decoding=\"async\" class=\"alignnone size-medium wp-image-16610\" src=\"https:\/\/abelfigueiredo.pa.gov.br\/site\/wp-content\/uploads\/2023\/10\/Evento-realizado-para-as-maes-do-Programa-Crianca-Feliz-Primeira-Infancia-no-SUAS-1080-\u00d7-1000-px-1000-\u00d7-1000-px-74-300x300.png\" alt=\"\" width=\"300\" height=\"300\" srcset=\"https:\/\/abelfigueiredo.pa.gov.br\/site\/wp-content\/uploads\/2023\/10\/Evento-realizado-para-as-maes-do-Programa-Crianca-Feliz-Primeira-Infancia-no-SUAS-1080-\u00d7-1000-px-1000-\u00d7-1000-px-74-300x300.png 300w, https:\/\/abelfigueiredo.pa.gov.br\/site\/wp-content\/uploads\/2023\/10\/Evento-realizado-para-as-maes-do-Programa-Crianca-Feliz-Primeira-Infancia-no-SUAS-1080-\u00d7-1000-px-1000-\u00d7-1000-px-74-150x150.png 150w, https:\/\/abelfigueiredo.pa.gov.br\/site\/wp-content\/uploads\/2023\/10\/Evento-realizado-para-as-maes-do-Programa-Crianca-Feliz-Primeira-Infancia-no-SUAS-1080-\u00d7-1000-px-1000-\u00d7-1000-px-74-768x768.png 768w, https:\/\/abelfigueiredo.pa.gov.br\/site\/wp-content\/uploads\/2023\/10\/Evento-realizado-para-as-maes-do-Programa-Crianca-Feliz-Primeira-Infancia-no-SUAS-1080-\u00d7-1000-px-1000-\u00d7-1000-px-74.png 1000w\" sizes=\"auto, (max-width: 300px) 100vw, 300px\" \/><\/a> <a href=\"https:\/\/abelfigueiredo.pa.gov.br\/site\/wp-content\/uploads\/2023\/10\/Evento-realizado-para-as-maes-do-Programa-Crianca-Feliz-Primeira-Infancia-no-SUAS-1080-\u00d7-1000-px-1000-\u00d7-1000-px-75.png\"><img loading=\"lazy\" decoding=\"async\" class=\"alignnone size-medium wp-image-16611\" src=\"https:\/\/abelfigueiredo.pa.gov.br\/site\/wp-content\/uploads\/2023\/10\/Evento-realizado-para-as-maes-do-Programa-Crianca-Feliz-Primeira-Infancia-no-SUAS-1080-\u00d7-1000-px-1000-\u00d7-1000-px-75-300x300.png\" alt=\"\" width=\"300\" height=\"300\" srcset=\"https:\/\/abelfigueiredo.pa.gov.br\/site\/wp-content\/uploads\/2023\/10\/Evento-realizado-para-as-maes-do-Programa-Crianca-Feliz-Primeira-Infancia-no-SUAS-1080-\u00d7-1000-px-1000-\u00d7-1000-px-75-300x300.png 300w, https:\/\/abelfigueiredo.pa.gov.br\/site\/wp-content\/uploads\/2023\/10\/Evento-realizado-para-as-maes-do-Programa-Crianca-Feliz-Primeira-Infancia-no-SUAS-1080-\u00d7-1000-px-1000-\u00d7-1000-px-75-150x150.png 150w, https:\/\/abelfigueiredo.pa.gov.br\/site\/wp-content\/uploads\/2023\/10\/Evento-realizado-para-as-maes-do-Programa-Crianca-Feliz-Primeira-Infancia-no-SUAS-1080-\u00d7-1000-px-1000-\u00d7-1000-px-75-768x768.png 768w, https:\/\/abelfigueiredo.pa.gov.br\/site\/wp-content\/uploads\/2023\/10\/Evento-realizado-para-as-maes-do-Programa-Crianca-Feliz-Primeira-Infancia-no-SUAS-1080-\u00d7-1000-px-1000-\u00d7-1000-px-75.png 1000w\" sizes=\"auto, (max-width: 300px) 100vw, 300px\" \/><\/a> <a href=\"https:\/\/abelfigueiredo.pa.gov.br\/site\/wp-content\/uploads\/2023\/10\/Evento-realizado-para-as-maes-do-Programa-Crianca-Feliz-Primeira-Infancia-no-SUAS-1080-\u00d7-1000-px-1000-\u00d7-1000-px-76.png\"><img loading=\"lazy\" decoding=\"async\" class=\"alignnone size-medium wp-image-16612\" src=\"https:\/\/abelfigueiredo.pa.gov.br\/site\/wp-content\/uploads\/2023\/10\/Evento-realizado-para-as-maes-do-Programa-Crianca-Feliz-Primeira-Infancia-no-SUAS-1080-\u00d7-1000-px-1000-\u00d7-1000-px-76-300x300.png\" alt=\"\" width=\"300\" height=\"300\" srcset=\"https:\/\/abelfigueiredo.pa.gov.br\/site\/wp-content\/uploads\/2023\/10\/Evento-realizado-para-as-maes-do-Programa-Crianca-Feliz-Primeira-Infancia-no-SUAS-1080-\u00d7-1000-px-1000-\u00d7-1000-px-76-300x300.png 300w, https:\/\/abelfigueiredo.pa.gov.br\/site\/wp-content\/uploads\/2023\/10\/Evento-realizado-para-as-maes-do-Programa-Crianca-Feliz-Primeira-Infancia-no-SUAS-1080-\u00d7-1000-px-1000-\u00d7-1000-px-76-150x150.png 150w, https:\/\/abelfigueiredo.pa.gov.br\/site\/wp-content\/uploads\/2023\/10\/Evento-realizado-para-as-maes-do-Programa-Crianca-Feliz-Primeira-Infancia-no-SUAS-1080-\u00d7-1000-px-1000-\u00d7-1000-px-76-768x768.png 768w, https:\/\/abelfigueiredo.pa.gov.br\/site\/wp-content\/uploads\/2023\/10\/Evento-realizado-para-as-maes-do-Programa-Crianca-Feliz-Primeira-Infancia-no-SUAS-1080-\u00d7-1000-px-1000-\u00d7-1000-px-76.png 1000w\" sizes=\"auto, (max-width: 300px) 100vw, 300px\" \/><\/a> <a href=\"https:\/\/abelfigueiredo.pa.gov.br\/site\/wp-content\/uploads\/2023\/10\/Evento-realizado-para-as-maes-do-Programa-Crianca-Feliz-Primeira-Infancia-no-SUAS-1080-\u00d7-1000-px-1000-\u00d7-1000-px-77.png\"><img loading=\"lazy\" decoding=\"async\" class=\"alignnone size-medium wp-image-16613\" src=\"https:\/\/abelfigueiredo.pa.gov.br\/site\/wp-content\/uploads\/2023\/10\/Evento-realizado-para-as-maes-do-Programa-Crianca-Feliz-Primeira-Infancia-no-SUAS-1080-\u00d7-1000-px-1000-\u00d7-1000-px-77-300x300.png\" alt=\"\" width=\"300\" height=\"300\" srcset=\"https:\/\/abelfigueiredo.pa.gov.br\/site\/wp-content\/uploads\/2023\/10\/Evento-realizado-para-as-maes-do-Programa-Crianca-Feliz-Primeira-Infancia-no-SUAS-1080-\u00d7-1000-px-1000-\u00d7-1000-px-77-300x300.png 300w, https:\/\/abelfigueiredo.pa.gov.br\/site\/wp-content\/uploads\/2023\/10\/Evento-realizado-para-as-maes-do-Programa-Crianca-Feliz-Primeira-Infancia-no-SUAS-1080-\u00d7-1000-px-1000-\u00d7-1000-px-77-150x150.png 150w, https:\/\/abelfigueiredo.pa.gov.br\/site\/wp-content\/uploads\/2023\/10\/Evento-realizado-para-as-maes-do-Programa-Crianca-Feliz-Primeira-Infancia-no-SUAS-1080-\u00d7-1000-px-1000-\u00d7-1000-px-77-768x768.png 768w, https:\/\/abelfigueiredo.pa.gov.br\/site\/wp-content\/uploads\/2023\/10\/Evento-realizado-para-as-maes-do-Programa-Crianca-Feliz-Primeira-Infancia-no-SUAS-1080-\u00d7-1000-px-1000-\u00d7-1000-px-77.png 1000w\" sizes=\"auto, (max-width: 300px) 100vw, 300px\" \/><\/a> <a href=\"https:\/\/abelfigueiredo.pa.gov.br\/site\/wp-content\/uploads\/2023\/10\/Evento-realizado-para-as-maes-do-Programa-Crianca-Feliz-Primeira-Infancia-no-SUAS-1080-\u00d7-1000-px-1000-\u00d7-1000-px-78.png\"><img loading=\"lazy\" decoding=\"async\" class=\"alignnone size-medium wp-image-16614\" src=\"https:\/\/abelfigueiredo.pa.gov.br\/site\/wp-content\/uploads\/2023\/10\/Evento-realizado-para-as-maes-do-Programa-Crianca-Feliz-Primeira-Infancia-no-SUAS-1080-\u00d7-1000-px-1000-\u00d7-1000-px-78-300x300.png\" alt=\"\" width=\"300\" height=\"300\" srcset=\"https:\/\/abelfigueiredo.pa.gov.br\/site\/wp-content\/uploads\/2023\/10\/Evento-realizado-para-as-maes-do-Programa-Crianca-Feliz-Primeira-Infancia-no-SUAS-1080-\u00d7-1000-px-1000-\u00d7-1000-px-78-300x300.png 300w, https:\/\/abelfigueiredo.pa.gov.br\/site\/wp-content\/uploads\/2023\/10\/Evento-realizado-para-as-maes-do-Programa-Crianca-Feliz-Primeira-Infancia-no-SUAS-1080-\u00d7-1000-px-1000-\u00d7-1000-px-78-150x150.png 150w, https:\/\/abelfigueiredo.pa.gov.br\/site\/wp-content\/uploads\/2023\/10\/Evento-realizado-para-as-maes-do-Programa-Crianca-Feliz-Primeira-Infancia-no-SUAS-1080-\u00d7-1000-px-1000-\u00d7-1000-px-78-768x768.png 768w, https:\/\/abelfigueiredo.pa.gov.br\/site\/wp-content\/uploads\/2023\/10\/Evento-realizado-para-as-maes-do-Programa-Crianca-Feliz-Primeira-Infancia-no-SUAS-1080-\u00d7-1000-px-1000-\u00d7-1000-px-78.png 1000w\" sizes=\"auto, (max-width: 300px) 100vw, 300px\" \/><\/a> <a href=\"https:\/\/abelfigueiredo.pa.gov.br\/site\/wp-content\/uploads\/2023\/10\/Evento-realizado-para-as-maes-do-Programa-Crianca-Feliz-Primeira-Infancia-no-SUAS-1080-\u00d7-1000-px-1000-\u00d7-1000-px-79.png\"><img loading=\"lazy\" decoding=\"async\" class=\"alignnone size-medium wp-image-16615\" src=\"https:\/\/abelfigueiredo.pa.gov.br\/site\/wp-content\/uploads\/2023\/10\/Evento-realizado-para-as-maes-do-Programa-Crianca-Feliz-Primeira-Infancia-no-SUAS-1080-\u00d7-1000-px-1000-\u00d7-1000-px-79-300x300.png\" alt=\"\" width=\"300\" height=\"300\" srcset=\"https:\/\/abelfigueiredo.pa.gov.br\/site\/wp-content\/uploads\/2023\/10\/Evento-realizado-para-as-maes-do-Programa-Crianca-Feliz-Primeira-Infancia-no-SUAS-1080-\u00d7-1000-px-1000-\u00d7-1000-px-79-300x300.png 300w, https:\/\/abelfigueiredo.pa.gov.br\/site\/wp-content\/uploads\/2023\/10\/Evento-realizado-para-as-maes-do-Programa-Crianca-Feliz-Primeira-Infancia-no-SUAS-1080-\u00d7-1000-px-1000-\u00d7-1000-px-79-150x150.png 150w, https:\/\/abelfigueiredo.pa.gov.br\/site\/wp-content\/uploads\/2023\/10\/Evento-realizado-para-as-maes-do-Programa-Crianca-Feliz-Primeira-Infancia-no-SUAS-1080-\u00d7-1000-px-1000-\u00d7-1000-px-79-768x768.png 768w, https:\/\/abelfigueiredo.pa.gov.br\/site\/wp-content\/uploads\/2023\/10\/Evento-realizado-para-as-maes-do-Programa-Crianca-Feliz-Primeira-Infancia-no-SUAS-1080-\u00d7-1000-px-1000-\u00d7-1000-px-79.png 1000w\" sizes=\"auto, (max-width: 300px) 100vw, 300px\" \/><\/a> <a href=\"https:\/\/abelfigueiredo.pa.gov.br\/site\/wp-content\/uploads\/2023\/10\/Evento-realizado-para-as-maes-do-Programa-Crianca-Feliz-Primeira-Infancia-no-SUAS-1080-\u00d7-1000-px-1000-\u00d7-1000-px-80.png\"><img loading=\"lazy\" decoding=\"async\" class=\"alignnone size-medium wp-image-16616\" src=\"https:\/\/abelfigueiredo.pa.gov.br\/site\/wp-content\/uploads\/2023\/10\/Evento-realizado-para-as-maes-do-Programa-Crianca-Feliz-Primeira-Infancia-no-SUAS-1080-\u00d7-1000-px-1000-\u00d7-1000-px-80-300x300.png\" alt=\"\" width=\"300\" height=\"300\" srcset=\"https:\/\/abelfigueiredo.pa.gov.br\/site\/wp-content\/uploads\/2023\/10\/Evento-realizado-para-as-maes-do-Programa-Crianca-Feliz-Primeira-Infancia-no-SUAS-1080-\u00d7-1000-px-1000-\u00d7-1000-px-80-300x300.png 300w, https:\/\/abelfigueiredo.pa.gov.br\/site\/wp-content\/uploads\/2023\/10\/Evento-realizado-para-as-maes-do-Programa-Crianca-Feliz-Primeira-Infancia-no-SUAS-1080-\u00d7-1000-px-1000-\u00d7-1000-px-80-150x150.png 150w, https:\/\/abelfigueiredo.pa.gov.br\/site\/wp-content\/uploads\/2023\/10\/Evento-realizado-para-as-maes-do-Programa-Crianca-Feliz-Primeira-Infancia-no-SUAS-1080-\u00d7-1000-px-1000-\u00d7-1000-px-80-768x768.png 768w, https:\/\/abelfigueiredo.pa.gov.br\/site\/wp-content\/uploads\/2023\/10\/Evento-realizado-para-as-maes-do-Programa-Crianca-Feliz-Primeira-Infancia-no-SUAS-1080-\u00d7-1000-px-1000-\u00d7-1000-px-80.png 1000w\" sizes=\"auto, (max-width: 300px) 100vw, 300px\" \/><\/a> <a href=\"https:\/\/abelfigueiredo.pa.gov.br\/site\/wp-content\/uploads\/2023\/10\/Evento-realizado-para-as-maes-do-Programa-Crianca-Feliz-Primeira-Infancia-no-SUAS-1080-\u00d7-1000-px-1000-\u00d7-1000-px-81.png\"><img loading=\"lazy\" decoding=\"async\" class=\"alignnone size-medium wp-image-16617\" src=\"https:\/\/abelfigueiredo.pa.gov.br\/site\/wp-content\/uploads\/2023\/10\/Evento-realizado-para-as-maes-do-Programa-Crianca-Feliz-Primeira-Infancia-no-SUAS-1080-\u00d7-1000-px-1000-\u00d7-1000-px-81-300x300.png\" alt=\"\" width=\"300\" height=\"300\" srcset=\"https:\/\/abelfigueiredo.pa.gov.br\/site\/wp-content\/uploads\/2023\/10\/Evento-realizado-para-as-maes-do-Programa-Crianca-Feliz-Primeira-Infancia-no-SUAS-1080-\u00d7-1000-px-1000-\u00d7-1000-px-81-300x300.png 300w, https:\/\/abelfigueiredo.pa.gov.br\/site\/wp-content\/uploads\/2023\/10\/Evento-realizado-para-as-maes-do-Programa-Crianca-Feliz-Primeira-Infancia-no-SUAS-1080-\u00d7-1000-px-1000-\u00d7-1000-px-81-150x150.png 150w, https:\/\/abelfigueiredo.pa.gov.br\/site\/wp-content\/uploads\/2023\/10\/Evento-realizado-para-as-maes-do-Programa-Crianca-Feliz-Primeira-Infancia-no-SUAS-1080-\u00d7-1000-px-1000-\u00d7-1000-px-81-768x768.png 768w, https:\/\/abelfigueiredo.pa.gov.br\/site\/wp-content\/uploads\/2023\/10\/Evento-realizado-para-as-maes-do-Programa-Crianca-Feliz-Primeira-Infancia-no-SUAS-1080-\u00d7-1000-px-1000-\u00d7-1000-px-81.png 1000w\" sizes=\"auto, (max-width: 300px) 100vw, 300px\" \/><\/a> <a href=\"https:\/\/abelfigueiredo.pa.gov.br\/site\/wp-content\/uploads\/2023\/10\/Evento-realizado-para-as-maes-do-Programa-Crianca-Feliz-Primeira-Infancia-no-SUAS-1080-\u00d7-1000-px-1000-\u00d7-1000-px-82.png\"><img loading=\"lazy\" decoding=\"async\" class=\"alignnone size-medium wp-image-16618\" src=\"https:\/\/abelfigueiredo.pa.gov.br\/site\/wp-content\/uploads\/2023\/10\/Evento-realizado-para-as-maes-do-Programa-Crianca-Feliz-Primeira-Infancia-no-SUAS-1080-\u00d7-1000-px-1000-\u00d7-1000-px-82-300x300.png\" alt=\"\" width=\"300\" height=\"300\" srcset=\"https:\/\/abelfigueiredo.pa.gov.br\/site\/wp-content\/uploads\/2023\/10\/Evento-realizado-para-as-maes-do-Programa-Crianca-Feliz-Primeira-Infancia-no-SUAS-1080-\u00d7-1000-px-1000-\u00d7-1000-px-82-300x300.png 300w, https:\/\/abelfigueiredo.pa.gov.br\/site\/wp-content\/uploads\/2023\/10\/Evento-realizado-para-as-maes-do-Programa-Crianca-Feliz-Primeira-Infancia-no-SUAS-1080-\u00d7-1000-px-1000-\u00d7-1000-px-82-150x150.png 150w, https:\/\/abelfigueiredo.pa.gov.br\/site\/wp-content\/uploads\/2023\/10\/Evento-realizado-para-as-maes-do-Programa-Crianca-Feliz-Primeira-Infancia-no-SUAS-1080-\u00d7-1000-px-1000-\u00d7-1000-px-82-768x768.png 768w, https:\/\/abelfigueiredo.pa.gov.br\/site\/wp-content\/uploads\/2023\/10\/Evento-realizado-para-as-maes-do-Programa-Crianca-Feliz-Primeira-Infancia-no-SUAS-1080-\u00d7-1000-px-1000-\u00d7-1000-px-82.png 1000w\" sizes=\"auto, (max-width: 300px) 100vw, 300px\" \/><\/a> <a href=\"https:\/\/abelfigueiredo.pa.gov.br\/site\/wp-content\/uploads\/2023\/10\/Evento-realizado-para-as-maes-do-Programa-Crianca-Feliz-Primeira-Infancia-no-SUAS-1080-\u00d7-1000-px-1000-\u00d7-1000-px-83.png\"><img loading=\"lazy\" decoding=\"async\" class=\"alignnone size-medium wp-image-16619\" src=\"https:\/\/abelfigueiredo.pa.gov.br\/site\/wp-content\/uploads\/2023\/10\/Evento-realizado-para-as-maes-do-Programa-Crianca-Feliz-Primeira-Infancia-no-SUAS-1080-\u00d7-1000-px-1000-\u00d7-1000-px-83-300x300.png\" alt=\"\" width=\"300\" height=\"300\" srcset=\"https:\/\/abelfigueiredo.pa.gov.br\/site\/wp-content\/uploads\/2023\/10\/Evento-realizado-para-as-maes-do-Programa-Crianca-Feliz-Primeira-Infancia-no-SUAS-1080-\u00d7-1000-px-1000-\u00d7-1000-px-83-300x300.png 300w, https:\/\/abelfigueiredo.pa.gov.br\/site\/wp-content\/uploads\/2023\/10\/Evento-realizado-para-as-maes-do-Programa-Crianca-Feliz-Primeira-Infancia-no-SUAS-1080-\u00d7-1000-px-1000-\u00d7-1000-px-83-150x150.png 150w, https:\/\/abelfigueiredo.pa.gov.br\/site\/wp-content\/uploads\/2023\/10\/Evento-realizado-para-as-maes-do-Programa-Crianca-Feliz-Primeira-Infancia-no-SUAS-1080-\u00d7-1000-px-1000-\u00d7-1000-px-83-768x768.png 768w, https:\/\/abelfigueiredo.pa.gov.br\/site\/wp-content\/uploads\/2023\/10\/Evento-realizado-para-as-maes-do-Programa-Crianca-Feliz-Primeira-Infancia-no-SUAS-1080-\u00d7-1000-px-1000-\u00d7-1000-px-83.png 1000w\" sizes=\"auto, (max-width: 300px) 100vw, 300px\" \/><\/a> <a href=\"https:\/\/abelfigueiredo.pa.gov.br\/site\/wp-content\/uploads\/2023\/10\/Evento-realizado-para-as-maes-do-Programa-Crianca-Feliz-Primeira-Infancia-no-SUAS-1080-\u00d7-1000-px-1000-\u00d7-1000-px-84.png\"><img loading=\"lazy\" decoding=\"async\" class=\"alignnone size-medium wp-image-16620\" src=\"https:\/\/abelfigueiredo.pa.gov.br\/site\/wp-content\/uploads\/2023\/10\/Evento-realizado-para-as-maes-do-Programa-Crianca-Feliz-Primeira-Infancia-no-SUAS-1080-\u00d7-1000-px-1000-\u00d7-1000-px-84-300x300.png\" alt=\"\" width=\"300\" height=\"300\" srcset=\"https:\/\/abelfigueiredo.pa.gov.br\/site\/wp-content\/uploads\/2023\/10\/Evento-realizado-para-as-maes-do-Programa-Crianca-Feliz-Primeira-Infancia-no-SUAS-1080-\u00d7-1000-px-1000-\u00d7-1000-px-84-300x300.png 300w, https:\/\/abelfigueiredo.pa.gov.br\/site\/wp-content\/uploads\/2023\/10\/Evento-realizado-para-as-maes-do-Programa-Crianca-Feliz-Primeira-Infancia-no-SUAS-1080-\u00d7-1000-px-1000-\u00d7-1000-px-84-150x150.png 150w, https:\/\/abelfigueiredo.pa.gov.br\/site\/wp-content\/uploads\/2023\/10\/Evento-realizado-para-as-maes-do-Programa-Crianca-Feliz-Primeira-Infancia-no-SUAS-1080-\u00d7-1000-px-1000-\u00d7-1000-px-84-768x768.png 768w, https:\/\/abelfigueiredo.pa.gov.br\/site\/wp-content\/uploads\/2023\/10\/Evento-realizado-para-as-maes-do-Programa-Crianca-Feliz-Primeira-Infancia-no-SUAS-1080-\u00d7-1000-px-1000-\u00d7-1000-px-84.png 1000w\" sizes=\"auto, (max-width: 300px) 100vw, 300px\" \/><\/a> <a href=\"https:\/\/abelfigueiredo.pa.gov.br\/site\/wp-content\/uploads\/2023\/10\/Evento-realizado-para-as-maes-do-Programa-Crianca-Feliz-Primeira-Infancia-no-SUAS-1080-\u00d7-1000-px-1000-\u00d7-1000-px-85.png\"><img loading=\"lazy\" decoding=\"async\" class=\"alignnone size-medium wp-image-16621\" src=\"https:\/\/abelfigueiredo.pa.gov.br\/site\/wp-content\/uploads\/2023\/10\/Evento-realizado-para-as-maes-do-Programa-Crianca-Feliz-Primeira-Infancia-no-SUAS-1080-\u00d7-1000-px-1000-\u00d7-1000-px-85-300x300.png\" alt=\"\" width=\"300\" height=\"300\" srcset=\"https:\/\/abelfigueiredo.pa.gov.br\/site\/wp-content\/uploads\/2023\/10\/Evento-realizado-para-as-maes-do-Programa-Crianca-Feliz-Primeira-Infancia-no-SUAS-1080-\u00d7-1000-px-1000-\u00d7-1000-px-85-300x300.png 300w, https:\/\/abelfigueiredo.pa.gov.br\/site\/wp-content\/uploads\/2023\/10\/Evento-realizado-para-as-maes-do-Programa-Crianca-Feliz-Primeira-Infancia-no-SUAS-1080-\u00d7-1000-px-1000-\u00d7-1000-px-85-150x150.png 150w, https:\/\/abelfigueiredo.pa.gov.br\/site\/wp-content\/uploads\/2023\/10\/Evento-realizado-para-as-maes-do-Programa-Crianca-Feliz-Primeira-Infancia-no-SUAS-1080-\u00d7-1000-px-1000-\u00d7-1000-px-85-768x768.png 768w, https:\/\/abelfigueiredo.pa.gov.br\/site\/wp-content\/uploads\/2023\/10\/Evento-realizado-para-as-maes-do-Programa-Crianca-Feliz-Primeira-Infancia-no-SUAS-1080-\u00d7-1000-px-1000-\u00d7-1000-px-85.png 1000w\" sizes=\"auto, (max-width: 300px) 100vw, 300px\" \/><\/a><\/div>\n<\/div>\n<\/div>\n<\/div>\n<\/div>\n","protected":false},"excerpt":{"rendered":"<p>#compartilhe Uma linda festa preparada com muito carinho por toda equipe e programas da Secret\u00e1ria Municipal de Desenvolvimento e Promo\u00e7\u00e3o Social, Secret\u00e1ria Winnie Aylla Barbosa e equipe que tamb\u00e9m contou coma presente do Prefeito Ant\u00f4nio Calhau vice Evandro da Serraria. Seguiremos juntos trabalhando para o Povo! #prefwituradeabel #secdepromocaosocial #trabalhandoparaopovo<\/p>\n","protected":false},"author":34,"featured_media":16622,"comment_status":"closed","ping_status":"closed","sticky":false,"template":"","format":"standard","meta":{"footnotes":""},"categories":[1],"tags":[],"class_list":{"0":"post-16576","1":"post","2":"type-post","3":"status-publish","4":"format-standard","5":"has-post-thumbnail","7":"category-noticias"},"yoast_head":"<!-- This site is optimized with the Yoast SEO plugin v26.6 - https:\/\/yoast.com\/wordpress\/plugins\/seo\/ -->\n<title>Festa das crian\u00e7as do Programa Crian\u00e7a Feliz com o tema Bolofofo. - Prefeitura Municipal de Abel Figueiredo | Gest\u00e3o 2025-2028<\/title>\n<meta name=\"robots\" content=\"index, follow, max-snippet:-1, max-image-preview:large, max-video-preview:-1\" \/>\n<link rel=\"canonical\" href=\"https:\/\/abelfigueiredo.pa.gov.br\/site\/festa-das-criancas-do-programa-crianca-feliz-com-o-tema-bolofofo\/\" \/>\n<meta property=\"og:locale\" content=\"pt_BR\" \/>\n<meta property=\"og:type\" content=\"article\" \/>\n<meta property=\"og:title\" content=\"Festa das crian\u00e7as do Programa Crian\u00e7a Feliz com o tema Bolofofo. - Prefeitura Municipal de Abel Figueiredo | Gest\u00e3o 2025-2028\" \/>\n<meta property=\"og:description\" content=\"#compartilhe Uma linda festa preparada com muito carinho por toda equipe e programas da Secret\u00e1ria Municipal de Desenvolvimento e Promo\u00e7\u00e3o Social, Secret\u00e1ria Winnie Aylla Barbosa e equipe que tamb\u00e9m contou coma presente do Prefeito Ant\u00f4nio Calhau vice Evandro da Serraria. Seguiremos juntos trabalhando para o Povo! #prefwituradeabel #secdepromocaosocial #trabalhandoparaopovo\" \/>\n<meta property=\"og:url\" content=\"https:\/\/abelfigueiredo.pa.gov.br\/site\/festa-das-criancas-do-programa-crianca-feliz-com-o-tema-bolofofo\/\" \/>\n<meta property=\"og:site_name\" content=\"Prefeitura Municipal de Abel Figueiredo | Gest\u00e3o 2025-2028\" \/>\n<meta property=\"article:published_time\" content=\"2023-10-11T18:28:02+00:00\" \/>\n<meta property=\"og:image\" content=\"https:\/\/scontent.fimp1-2.fna.fbcdn.net\/v\/t39.30808-6\/394272717_164902843363188_8173377552905874267_n.jpg?stp=dst-jpg_p960x960&amp;_nc_cat=106&amp;ccb=1-7&amp;_nc_sid=5f2048&amp;_nc_ohc=Sw3mYUsL0AgAX_aLY3d&amp;_nc_ht=scontent.fimp1-2.fna&amp;oh=00_AfCiUjGSvUYOpBddkzpZsVGs5Jaz2Aeqi7LBweQ7RjsZYA&amp;oe=654462F2\" \/>\n<meta name=\"author\" content=\"djthiago\" \/>\n<meta name=\"twitter:label1\" content=\"Escrito por\" \/>\n\t<meta name=\"twitter:data1\" content=\"djthiago\" \/>\n<script type=\"application\/ld+json\" class=\"yoast-schema-graph\">{\"@context\":\"https:\/\/schema.org\",\"@graph\":[{\"@type\":\"WebPage\",\"@id\":\"https:\/\/abelfigueiredo.pa.gov.br\/site\/festa-das-criancas-do-programa-crianca-feliz-com-o-tema-bolofofo\/\",\"url\":\"https:\/\/abelfigueiredo.pa.gov.br\/site\/festa-das-criancas-do-programa-crianca-feliz-com-o-tema-bolofofo\/\",\"name\":\"Festa das crian\u00e7as do Programa Crian\u00e7a Feliz com o tema Bolofofo. - Prefeitura Municipal de Abel Figueiredo | Gest\u00e3o 2025-2028\",\"isPartOf\":{\"@id\":\"https:\/\/abelfigueiredo.pa.gov.br\/site\/#website\"},\"primaryImageOfPage\":{\"@id\":\"https:\/\/abelfigueiredo.pa.gov.br\/site\/festa-das-criancas-do-programa-crianca-feliz-com-o-tema-bolofofo\/#primaryimage\"},\"image\":{\"@id\":\"https:\/\/abelfigueiredo.pa.gov.br\/site\/festa-das-criancas-do-programa-crianca-feliz-com-o-tema-bolofofo\/#primaryimage\"},\"thumbnailUrl\":\"https:\/\/abelfigueiredo.pa.gov.br\/site\/wp-content\/uploads\/2023\/10\/Evento-realizado-para-as-maes-do-Programa-Crianca-Feliz-Primeira-Infancia-no-SUAS-1080-\u00d7-1000-px-1000-\u00d7-1000-px-72-1.png\",\"datePublished\":\"2023-10-11T18:28:02+00:00\",\"author\":{\"@id\":\"https:\/\/abelfigueiredo.pa.gov.br\/site\/#\/schema\/person\/7c1ecb1baa18502745b46b3921be7bbb\"},\"inLanguage\":\"pt-BR\",\"potentialAction\":[{\"@type\":\"ReadAction\",\"target\":[\"https:\/\/abelfigueiredo.pa.gov.br\/site\/festa-das-criancas-do-programa-crianca-feliz-com-o-tema-bolofofo\/\"]}]},{\"@type\":\"ImageObject\",\"inLanguage\":\"pt-BR\",\"@id\":\"https:\/\/abelfigueiredo.pa.gov.br\/site\/festa-das-criancas-do-programa-crianca-feliz-com-o-tema-bolofofo\/#primaryimage\",\"url\":\"https:\/\/abelfigueiredo.pa.gov.br\/site\/wp-content\/uploads\/2023\/10\/Evento-realizado-para-as-maes-do-Programa-Crianca-Feliz-Primeira-Infancia-no-SUAS-1080-\u00d7-1000-px-1000-\u00d7-1000-px-72-1.png\",\"contentUrl\":\"https:\/\/abelfigueiredo.pa.gov.br\/site\/wp-content\/uploads\/2023\/10\/Evento-realizado-para-as-maes-do-Programa-Crianca-Feliz-Primeira-Infancia-no-SUAS-1080-\u00d7-1000-px-1000-\u00d7-1000-px-72-1.png\",\"width\":1000,\"height\":1000},{\"@type\":\"WebSite\",\"@id\":\"https:\/\/abelfigueiredo.pa.gov.br\/site\/#website\",\"url\":\"https:\/\/abelfigueiredo.pa.gov.br\/site\/\",\"name\":\"Prefeitura Municipal de Abel Figueiredo | Gest\u00e3o 2025-2028\",\"description\":\"Site oficial da Prefeitura Municipal de Abel Figueiredo\",\"potentialAction\":[{\"@type\":\"SearchAction\",\"target\":{\"@type\":\"EntryPoint\",\"urlTemplate\":\"https:\/\/abelfigueiredo.pa.gov.br\/site\/?s={search_term_string}\"},\"query-input\":{\"@type\":\"PropertyValueSpecification\",\"valueRequired\":true,\"valueName\":\"search_term_string\"}}],\"inLanguage\":\"pt-BR\"},{\"@type\":\"Person\",\"@id\":\"https:\/\/abelfigueiredo.pa.gov.br\/site\/#\/schema\/person\/7c1ecb1baa18502745b46b3921be7bbb\",\"name\":\"djthiago\",\"image\":{\"@type\":\"ImageObject\",\"inLanguage\":\"pt-BR\",\"@id\":\"https:\/\/abelfigueiredo.pa.gov.br\/site\/#\/schema\/person\/image\/\",\"url\":\"https:\/\/secure.gravatar.com\/avatar\/2edad05cd7afbef8b9e1495dacdf55fd32bf2fe055ead3a385c32f41e201743d?s=96&d=mm&r=g\",\"contentUrl\":\"https:\/\/secure.gravatar.com\/avatar\/2edad05cd7afbef8b9e1495dacdf55fd32bf2fe055ead3a385c32f41e201743d?s=96&d=mm&r=g\",\"caption\":\"djthiago\"},\"url\":\"https:\/\/abelfigueiredo.pa.gov.br\/site\/author\/djthiago\/\"}]}<\/script>\n<!-- \/ Yoast SEO plugin. -->","yoast_head_json":{"title":"Festa das crian\u00e7as do Programa Crian\u00e7a Feliz com o tema Bolofofo. - Prefeitura Municipal de Abel Figueiredo | Gest\u00e3o 2025-2028","robots":{"index":"index","follow":"follow","max-snippet":"max-snippet:-1","max-image-preview":"max-image-preview:large","max-video-preview":"max-video-preview:-1"},"canonical":"https:\/\/abelfigueiredo.pa.gov.br\/site\/festa-das-criancas-do-programa-crianca-feliz-com-o-tema-bolofofo\/","og_locale":"pt_BR","og_type":"article","og_title":"Festa das crian\u00e7as do Programa Crian\u00e7a Feliz com o tema Bolofofo. - Prefeitura Municipal de Abel Figueiredo | Gest\u00e3o 2025-2028","og_description":"#compartilhe Uma linda festa preparada com muito carinho por toda equipe e programas da Secret\u00e1ria Municipal de Desenvolvimento e Promo\u00e7\u00e3o Social, Secret\u00e1ria Winnie Aylla Barbosa e equipe que tamb\u00e9m contou coma presente do Prefeito Ant\u00f4nio Calhau vice Evandro da Serraria. Seguiremos juntos trabalhando para o Povo! #prefwituradeabel #secdepromocaosocial #trabalhandoparaopovo","og_url":"https:\/\/abelfigueiredo.pa.gov.br\/site\/festa-das-criancas-do-programa-crianca-feliz-com-o-tema-bolofofo\/","og_site_name":"Prefeitura Municipal de Abel Figueiredo | Gest\u00e3o 2025-2028","article_published_time":"2023-10-11T18:28:02+00:00","og_image":[{"url":"https:\/\/scontent.fimp1-2.fna.fbcdn.net\/v\/t39.30808-6\/394272717_164902843363188_8173377552905874267_n.jpg?stp=dst-jpg_p960x960&amp;_nc_cat=106&amp;ccb=1-7&amp;_nc_sid=5f2048&amp;_nc_ohc=Sw3mYUsL0AgAX_aLY3d&amp;_nc_ht=scontent.fimp1-2.fna&amp;oh=00_AfCiUjGSvUYOpBddkzpZsVGs5Jaz2Aeqi7LBweQ7RjsZYA&amp;oe=654462F2","type":"","width":"","height":""}],"author":"djthiago","twitter_misc":{"Escrito por":"djthiago"},"schema":{"@context":"https:\/\/schema.org","@graph":[{"@type":"WebPage","@id":"https:\/\/abelfigueiredo.pa.gov.br\/site\/festa-das-criancas-do-programa-crianca-feliz-com-o-tema-bolofofo\/","url":"https:\/\/abelfigueiredo.pa.gov.br\/site\/festa-das-criancas-do-programa-crianca-feliz-com-o-tema-bolofofo\/","name":"Festa das crian\u00e7as do Programa Crian\u00e7a Feliz com o tema Bolofofo. - Prefeitura Municipal de Abel Figueiredo | Gest\u00e3o 2025-2028","isPartOf":{"@id":"https:\/\/abelfigueiredo.pa.gov.br\/site\/#website"},"primaryImageOfPage":{"@id":"https:\/\/abelfigueiredo.pa.gov.br\/site\/festa-das-criancas-do-programa-crianca-feliz-com-o-tema-bolofofo\/#primaryimage"},"image":{"@id":"https:\/\/abelfigueiredo.pa.gov.br\/site\/festa-das-criancas-do-programa-crianca-feliz-com-o-tema-bolofofo\/#primaryimage"},"thumbnailUrl":"https:\/\/abelfigueiredo.pa.gov.br\/site\/wp-content\/uploads\/2023\/10\/Evento-realizado-para-as-maes-do-Programa-Crianca-Feliz-Primeira-Infancia-no-SUAS-1080-\u00d7-1000-px-1000-\u00d7-1000-px-72-1.png","datePublished":"2023-10-11T18:28:02+00:00","author":{"@id":"https:\/\/abelfigueiredo.pa.gov.br\/site\/#\/schema\/person\/7c1ecb1baa18502745b46b3921be7bbb"},"inLanguage":"pt-BR","potentialAction":[{"@type":"ReadAction","target":["https:\/\/abelfigueiredo.pa.gov.br\/site\/festa-das-criancas-do-programa-crianca-feliz-com-o-tema-bolofofo\/"]}]},{"@type":"ImageObject","inLanguage":"pt-BR","@id":"https:\/\/abelfigueiredo.pa.gov.br\/site\/festa-das-criancas-do-programa-crianca-feliz-com-o-tema-bolofofo\/#primaryimage","url":"https:\/\/abelfigueiredo.pa.gov.br\/site\/wp-content\/uploads\/2023\/10\/Evento-realizado-para-as-maes-do-Programa-Crianca-Feliz-Primeira-Infancia-no-SUAS-1080-\u00d7-1000-px-1000-\u00d7-1000-px-72-1.png","contentUrl":"https:\/\/abelfigueiredo.pa.gov.br\/site\/wp-content\/uploads\/2023\/10\/Evento-realizado-para-as-maes-do-Programa-Crianca-Feliz-Primeira-Infancia-no-SUAS-1080-\u00d7-1000-px-1000-\u00d7-1000-px-72-1.png","width":1000,"height":1000},{"@type":"WebSite","@id":"https:\/\/abelfigueiredo.pa.gov.br\/site\/#website","url":"https:\/\/abelfigueiredo.pa.gov.br\/site\/","name":"Prefeitura Municipal de Abel Figueiredo | Gest\u00e3o 2025-2028","description":"Site oficial da Prefeitura Municipal de Abel Figueiredo","potentialAction":[{"@type":"SearchAction","target":{"@type":"EntryPoint","urlTemplate":"https:\/\/abelfigueiredo.pa.gov.br\/site\/?s={search_term_string}"},"query-input":{"@type":"PropertyValueSpecification","valueRequired":true,"valueName":"search_term_string"}}],"inLanguage":"pt-BR"},{"@type":"Person","@id":"https:\/\/abelfigueiredo.pa.gov.br\/site\/#\/schema\/person\/7c1ecb1baa18502745b46b3921be7bbb","name":"djthiago","image":{"@type":"ImageObject","inLanguage":"pt-BR","@id":"https:\/\/abelfigueiredo.pa.gov.br\/site\/#\/schema\/person\/image\/","url":"https:\/\/secure.gravatar.com\/avatar\/2edad05cd7afbef8b9e1495dacdf55fd32bf2fe055ead3a385c32f41e201743d?s=96&d=mm&r=g","contentUrl":"https:\/\/secure.gravatar.com\/avatar\/2edad05cd7afbef8b9e1495dacdf55fd32bf2fe055ead3a385c32f41e201743d?s=96&d=mm&r=g","caption":"djthiago"},"url":"https:\/\/abelfigueiredo.pa.gov.br\/site\/author\/djthiago\/"}]}},"_links":{"self":[{"href":"https:\/\/abelfigueiredo.pa.gov.br\/site\/wp-json\/wp\/v2\/posts\/16576","targetHints":{"allow":["GET"]}}],"collection":[{"href":"https:\/\/abelfigueiredo.pa.gov.br\/site\/wp-json\/wp\/v2\/posts"}],"about":[{"href":"https:\/\/abelfigueiredo.pa.gov.br\/site\/wp-json\/wp\/v2\/types\/post"}],"author":[{"embeddable":true,"href":"https:\/\/abelfigueiredo.pa.gov.br\/site\/wp-json\/wp\/v2\/users\/34"}],"replies":[{"embeddable":true,"href":"https:\/\/abelfigueiredo.pa.gov.br\/site\/wp-json\/wp\/v2\/comments?post=16576"}],"version-history":[{"count":0,"href":"https:\/\/abelfigueiredo.pa.gov.br\/site\/wp-json\/wp\/v2\/posts\/16576\/revisions"}],"wp:featuredmedia":[{"embeddable":true,"href":"https:\/\/abelfigueiredo.pa.gov.br\/site\/wp-json\/wp\/v2\/media\/16622"}],"wp:attachment":[{"href":"https:\/\/abelfigueiredo.pa.gov.br\/site\/wp-json\/wp\/v2\/media?parent=16576"}],"wp:term":[{"taxonomy":"category","embeddable":true,"href":"https:\/\/abelfigueiredo.pa.gov.br\/site\/wp-json\/wp\/v2\/categories?post=16576"},{"taxonomy":"post_tag","embeddable":true,"href":"https:\/\/abelfigueiredo.pa.gov.br\/site\/wp-json\/wp\/v2\/tags?post=16576"}],"curies":[{"name":"wp","href":"https:\/\/api.w.org\/{rel}","templated":true}]}}