{"id":16407,"date":"2023-10-10T09:22:42","date_gmt":"2023-10-10T12:22:42","guid":{"rendered":"https:\/\/abelfigueiredo.pa.gov.br\/site\/?p=16407"},"modified":"2023-10-10T09:22:42","modified_gmt":"2023-10-10T12:22:42","slug":"convite-11","status":"publish","type":"post","link":"https:\/\/abelfigueiredo.pa.gov.br\/site\/convite-11\/","title":{"rendered":"Convite"},"content":{"rendered":"<div class=\"x11i5rnm xat24cr x1mh8g0r x1vvkbs xtlvy1s x126k92a\">\n<div dir=\"auto\">A Prefeitura Municipal de Abel Figueiredo administra\u00e7\u00e3o Prefeito Ant\u00f4nio Calhau, vice Evandro da Serraria, por meio da Secretaria Municipal de Cultura, Desporto, Lazer e Turismo, Secret\u00e1ria Niramar Furlan e equipe, tem a honra de convidar vossa senhoria e fam\u00edlia para a inaugura\u00e7\u00e3o do novo Centro Cultural Integrado na rodovi\u00e1ria Ezequias Ata\u00edde.<\/div>\n<div dir=\"auto\">Na oportunidade estaremos realizando a 3\u00b0edi\u00e7\u00e3o do Projeto &#8220;Fa\u00e7a uma Crian\u00e7a Feliz&#8221; com a distribui\u00e7\u00e3o de brindes e a festa das crian\u00e7as. Tamb\u00e9m teremos o lan\u00e7amento oficial do Projeto &#8220;Cantarolendo&#8221; que ir\u00e1 beneficiar mais de 100 crian\u00e7as e adolescentes de 10 a 18 anos com aulas de m\u00fasica, teclado, viol\u00e3o, bateria e a forma\u00e7\u00e3o da nossa banda de fanfarra marcial municipal.<\/div>\n<\/div>\n<div class=\"x11i5rnm xat24cr x1mh8g0r x1vvkbs xtlvy1s x126k92a\">\n<div dir=\"auto\">Data: 12 de Outubro.<\/div>\n<div dir=\"auto\">Local: Rodovi\u00e1ria Ezequias Ata\u00edde.<\/div>\n<div dir=\"auto\">Hor\u00e1rio: 17:00h<\/div>\n<\/div>\n<div class=\"x11i5rnm xat24cr x1mh8g0r x1vvkbs xtlvy1s x126k92a\">\n<div dir=\"auto\">Participe! Sua presen\u00e7a \u00e9 muito importante para n\u00f3s.<\/div>\n<\/div>\n<div class=\"x11i5rnm xat24cr x1mh8g0r x1vvkbs xtlvy1s x126k92a\">\n<div dir=\"auto\">Apoio: Amigos de Abel Figueiredo e Poder Judici\u00e1rio comarca de Rondon\/Abel.<\/div>\n<\/div>\n<div class=\"x11i5rnm xat24cr x1mh8g0r x1vvkbs xtlvy1s x126k92a\">\n<div dir=\"auto\">Realiza\u00e7\u00e3o:<\/div>\n<\/div>\n<div class=\"x11i5rnm xat24cr x1mh8g0r x1vvkbs xtlvy1s x126k92a\">\n<div dir=\"auto\"><a class=\"x1i10hfl xjbqb8w x6umtig x1b1mbwd xaqea5y xav7gou x9f619 x1ypdohk xt0psk2 xe8uvvx xdj266r x11i5rnm xat24cr x1mh8g0r xexx8yu x4uap5 x18d9i69 xkhd6sd x16tdsg8 x1hl2dhg xggy1nq x1a2a7pz xt0b8zv x1qq9wsj xo1l8bm\" tabindex=\"0\" role=\"link\" href=\"https:\/\/www.facebook.com\/hashtag\/prefeituradeabel?__eep__=6&amp;__cft__[0]=AZVyLOF_VgC0l0phZcLSc-QVKj4E5DDLjU2T-RQB1BCkpi9oEsPBAlh0bygEfYGvBPIMmUlbYfzgr-vd6MYGcQbLYFaswmwDLarjtkgAYbZwYVHd2_0Om6Wn3RmOgpIc4j3lM9IDcSYL0rOi9byaHZdex97hOo-RcwAO3q_lQE8mtWzxVrPcpBAz_39YRpokAuM&amp;__tn__=*NK-R\">#prefeituradeabel<\/a><\/div>\n<div dir=\"auto\"><a class=\"x1i10hfl xjbqb8w x6umtig x1b1mbwd xaqea5y xav7gou x9f619 x1ypdohk xt0psk2 xe8uvvx xdj266r x11i5rnm xat24cr x1mh8g0r xexx8yu x4uap5 x18d9i69 xkhd6sd x16tdsg8 x1hl2dhg xggy1nq x1a2a7pz xt0b8zv x1qq9wsj xo1l8bm\" tabindex=\"0\" role=\"link\" href=\"https:\/\/www.facebook.com\/hashtag\/secdecultura?__eep__=6&amp;__cft__[0]=AZVyLOF_VgC0l0phZcLSc-QVKj4E5DDLjU2T-RQB1BCkpi9oEsPBAlh0bygEfYGvBPIMmUlbYfzgr-vd6MYGcQbLYFaswmwDLarjtkgAYbZwYVHd2_0Om6Wn3RmOgpIc4j3lM9IDcSYL0rOi9byaHZdex97hOo-RcwAO3q_lQE8mtWzxVrPcpBAz_39YRpokAuM&amp;__tn__=*NK-R\">#secdecultura<\/a><\/div>\n<div dir=\"auto\"><a class=\"x1i10hfl xjbqb8w x6umtig x1b1mbwd xaqea5y xav7gou x9f619 x1ypdohk xt0psk2 xe8uvvx xdj266r x11i5rnm xat24cr x1mh8g0r xexx8yu x4uap5 x18d9i69 xkhd6sd x16tdsg8 x1hl2dhg xggy1nq x1a2a7pz xt0b8zv x1qq9wsj xo1l8bm\" tabindex=\"0\" role=\"link\" href=\"https:\/\/www.facebook.com\/hashtag\/trabalhandoparaopovo?__eep__=6&amp;__cft__[0]=AZVyLOF_VgC0l0phZcLSc-QVKj4E5DDLjU2T-RQB1BCkpi9oEsPBAlh0bygEfYGvBPIMmUlbYfzgr-vd6MYGcQbLYFaswmwDLarjtkgAYbZwYVHd2_0Om6Wn3RmOgpIc4j3lM9IDcSYL0rOi9byaHZdex97hOo-RcwAO3q_lQE8mtWzxVrPcpBAz_39YRpokAuM&amp;__tn__=*NK-R\">#trabalhandoparaopovo<\/a><\/div>\n<div dir=\"auto\"><a href=\"https:\/\/abelfigueiredo.pa.gov.br\/site\/wp-content\/uploads\/2023\/10\/Mes-Das-Criancas-Post-Feed-Para-Instagram-Azul-Roxo-e-Branco-1100-\u00d7-1366-px-1080-\u00d7-1080-px-Your-Story-1.png\"><img loading=\"lazy\" decoding=\"async\" class=\"alignnone size-medium wp-image-16408\" src=\"https:\/\/abelfigueiredo.pa.gov.br\/site\/wp-content\/uploads\/2023\/10\/Mes-Das-Criancas-Post-Feed-Para-Instagram-Azul-Roxo-e-Branco-1100-\u00d7-1366-px-1080-\u00d7-1080-px-Your-Story-1-169x300.png\" alt=\"\" width=\"169\" height=\"300\" srcset=\"https:\/\/abelfigueiredo.pa.gov.br\/site\/wp-content\/uploads\/2023\/10\/Mes-Das-Criancas-Post-Feed-Para-Instagram-Azul-Roxo-e-Branco-1100-\u00d7-1366-px-1080-\u00d7-1080-px-Your-Story-1-169x300.png 169w, https:\/\/abelfigueiredo.pa.gov.br\/site\/wp-content\/uploads\/2023\/10\/Mes-Das-Criancas-Post-Feed-Para-Instagram-Azul-Roxo-e-Branco-1100-\u00d7-1366-px-1080-\u00d7-1080-px-Your-Story-1-576x1024.png 576w, https:\/\/abelfigueiredo.pa.gov.br\/site\/wp-content\/uploads\/2023\/10\/Mes-Das-Criancas-Post-Feed-Para-Instagram-Azul-Roxo-e-Branco-1100-\u00d7-1366-px-1080-\u00d7-1080-px-Your-Story-1-768x1365.png 768w, https:\/\/abelfigueiredo.pa.gov.br\/site\/wp-content\/uploads\/2023\/10\/Mes-Das-Criancas-Post-Feed-Para-Instagram-Azul-Roxo-e-Branco-1100-\u00d7-1366-px-1080-\u00d7-1080-px-Your-Story-1-864x1536.png 864w, https:\/\/abelfigueiredo.pa.gov.br\/site\/wp-content\/uploads\/2023\/10\/Mes-Das-Criancas-Post-Feed-Para-Instagram-Azul-Roxo-e-Branco-1100-\u00d7-1366-px-1080-\u00d7-1080-px-Your-Story-1.png 1080w\" sizes=\"auto, (max-width: 169px) 100vw, 169px\" \/><\/a><\/div>\n<\/div>\n","protected":false},"excerpt":{"rendered":"<p>A Prefeitura Municipal de Abel Figueiredo administra\u00e7\u00e3o Prefeito Ant\u00f4nio Calhau, vice Evandro da Serraria, por meio da Secretaria Municipal de Cultura, Desporto, Lazer e Turismo, Secret\u00e1ria Niramar Furlan e equipe, tem a honra de convidar vossa senhoria e fam\u00edlia para a inaugura\u00e7\u00e3o do novo Centro Cultural Integrado na rodovi\u00e1ria Ezequias Ata\u00edde. Na oportunidade estaremos realizando<\/p>\n<div class=\"read-more\"><a href=\"https:\/\/abelfigueiredo.pa.gov.br\/site\/convite-11\/\" title=\"Veja mais\">Veja mais<\/a><\/div>\n","protected":false},"author":34,"featured_media":16408,"comment_status":"closed","ping_status":"closed","sticky":false,"template":"","format":"standard","meta":{"footnotes":""},"categories":[1],"tags":[],"class_list":{"0":"post-16407","1":"post","2":"type-post","3":"status-publish","4":"format-standard","5":"has-post-thumbnail","7":"category-noticias"},"yoast_head":"<!-- This site is optimized with the Yoast SEO plugin v26.6 - https:\/\/yoast.com\/wordpress\/plugins\/seo\/ -->\n<title>Convite - Prefeitura Municipal de Abel Figueiredo | Gest\u00e3o 2025-2028<\/title>\n<meta name=\"robots\" content=\"index, follow, max-snippet:-1, max-image-preview:large, max-video-preview:-1\" \/>\n<link rel=\"canonical\" href=\"https:\/\/abelfigueiredo.pa.gov.br\/site\/convite-11\/\" \/>\n<meta property=\"og:locale\" content=\"pt_BR\" \/>\n<meta property=\"og:type\" content=\"article\" \/>\n<meta property=\"og:title\" content=\"Convite - Prefeitura Municipal de Abel Figueiredo | Gest\u00e3o 2025-2028\" \/>\n<meta property=\"og:description\" content=\"A Prefeitura Municipal de Abel Figueiredo administra\u00e7\u00e3o Prefeito Ant\u00f4nio Calhau, vice Evandro da Serraria, por meio da Secretaria Municipal de Cultura, Desporto, Lazer e Turismo, Secret\u00e1ria Niramar Furlan e equipe, tem a honra de convidar vossa senhoria e fam\u00edlia para a inaugura\u00e7\u00e3o do novo Centro Cultural Integrado na rodovi\u00e1ria Ezequias Ata\u00edde. Na oportunidade estaremos realizandoVeja mais\" \/>\n<meta property=\"og:url\" content=\"https:\/\/abelfigueiredo.pa.gov.br\/site\/convite-11\/\" \/>\n<meta property=\"og:site_name\" content=\"Prefeitura Municipal de Abel Figueiredo | Gest\u00e3o 2025-2028\" \/>\n<meta property=\"article:published_time\" content=\"2023-10-10T12:22:42+00:00\" \/>\n<meta name=\"author\" content=\"djthiago\" \/>\n<meta name=\"twitter:label1\" content=\"Escrito por\" \/>\n\t<meta name=\"twitter:data1\" content=\"djthiago\" \/>\n\t<meta name=\"twitter:label2\" content=\"Est. tempo de leitura\" \/>\n\t<meta name=\"twitter:data2\" content=\"1 minuto\" \/>\n<script type=\"application\/ld+json\" class=\"yoast-schema-graph\">{\"@context\":\"https:\/\/schema.org\",\"@graph\":[{\"@type\":\"WebPage\",\"@id\":\"https:\/\/abelfigueiredo.pa.gov.br\/site\/convite-11\/\",\"url\":\"https:\/\/abelfigueiredo.pa.gov.br\/site\/convite-11\/\",\"name\":\"Convite - Prefeitura Municipal de Abel Figueiredo | Gest\u00e3o 2025-2028\",\"isPartOf\":{\"@id\":\"https:\/\/abelfigueiredo.pa.gov.br\/site\/#website\"},\"primaryImageOfPage\":{\"@id\":\"https:\/\/abelfigueiredo.pa.gov.br\/site\/convite-11\/#primaryimage\"},\"image\":{\"@id\":\"https:\/\/abelfigueiredo.pa.gov.br\/site\/convite-11\/#primaryimage\"},\"thumbnailUrl\":\"https:\/\/abelfigueiredo.pa.gov.br\/site\/wp-content\/uploads\/2023\/10\/Mes-Das-Criancas-Post-Feed-Para-Instagram-Azul-Roxo-e-Branco-1100-\u00d7-1366-px-1080-\u00d7-1080-px-Your-Story-1.png\",\"datePublished\":\"2023-10-10T12:22:42+00:00\",\"author\":{\"@id\":\"https:\/\/abelfigueiredo.pa.gov.br\/site\/#\/schema\/person\/7c1ecb1baa18502745b46b3921be7bbb\"},\"inLanguage\":\"pt-BR\",\"potentialAction\":[{\"@type\":\"ReadAction\",\"target\":[\"https:\/\/abelfigueiredo.pa.gov.br\/site\/convite-11\/\"]}]},{\"@type\":\"ImageObject\",\"inLanguage\":\"pt-BR\",\"@id\":\"https:\/\/abelfigueiredo.pa.gov.br\/site\/convite-11\/#primaryimage\",\"url\":\"https:\/\/abelfigueiredo.pa.gov.br\/site\/wp-content\/uploads\/2023\/10\/Mes-Das-Criancas-Post-Feed-Para-Instagram-Azul-Roxo-e-Branco-1100-\u00d7-1366-px-1080-\u00d7-1080-px-Your-Story-1.png\",\"contentUrl\":\"https:\/\/abelfigueiredo.pa.gov.br\/site\/wp-content\/uploads\/2023\/10\/Mes-Das-Criancas-Post-Feed-Para-Instagram-Azul-Roxo-e-Branco-1100-\u00d7-1366-px-1080-\u00d7-1080-px-Your-Story-1.png\",\"width\":1080,\"height\":1920},{\"@type\":\"WebSite\",\"@id\":\"https:\/\/abelfigueiredo.pa.gov.br\/site\/#website\",\"url\":\"https:\/\/abelfigueiredo.pa.gov.br\/site\/\",\"name\":\"Prefeitura Municipal de Abel Figueiredo | Gest\u00e3o 2025-2028\",\"description\":\"Site oficial da Prefeitura Municipal de Abel Figueiredo\",\"potentialAction\":[{\"@type\":\"SearchAction\",\"target\":{\"@type\":\"EntryPoint\",\"urlTemplate\":\"https:\/\/abelfigueiredo.pa.gov.br\/site\/?s={search_term_string}\"},\"query-input\":{\"@type\":\"PropertyValueSpecification\",\"valueRequired\":true,\"valueName\":\"search_term_string\"}}],\"inLanguage\":\"pt-BR\"},{\"@type\":\"Person\",\"@id\":\"https:\/\/abelfigueiredo.pa.gov.br\/site\/#\/schema\/person\/7c1ecb1baa18502745b46b3921be7bbb\",\"name\":\"djthiago\",\"image\":{\"@type\":\"ImageObject\",\"inLanguage\":\"pt-BR\",\"@id\":\"https:\/\/abelfigueiredo.pa.gov.br\/site\/#\/schema\/person\/image\/\",\"url\":\"https:\/\/secure.gravatar.com\/avatar\/2edad05cd7afbef8b9e1495dacdf55fd32bf2fe055ead3a385c32f41e201743d?s=96&d=mm&r=g\",\"contentUrl\":\"https:\/\/secure.gravatar.com\/avatar\/2edad05cd7afbef8b9e1495dacdf55fd32bf2fe055ead3a385c32f41e201743d?s=96&d=mm&r=g\",\"caption\":\"djthiago\"},\"url\":\"https:\/\/abelfigueiredo.pa.gov.br\/site\/author\/djthiago\/\"}]}<\/script>\n<!-- \/ Yoast SEO plugin. -->","yoast_head_json":{"title":"Convite - Prefeitura Municipal de Abel Figueiredo | Gest\u00e3o 2025-2028","robots":{"index":"index","follow":"follow","max-snippet":"max-snippet:-1","max-image-preview":"max-image-preview:large","max-video-preview":"max-video-preview:-1"},"canonical":"https:\/\/abelfigueiredo.pa.gov.br\/site\/convite-11\/","og_locale":"pt_BR","og_type":"article","og_title":"Convite - Prefeitura Municipal de Abel Figueiredo | Gest\u00e3o 2025-2028","og_description":"A Prefeitura Municipal de Abel Figueiredo administra\u00e7\u00e3o Prefeito Ant\u00f4nio Calhau, vice Evandro da Serraria, por meio da Secretaria Municipal de Cultura, Desporto, Lazer e Turismo, Secret\u00e1ria Niramar Furlan e equipe, tem a honra de convidar vossa senhoria e fam\u00edlia para a inaugura\u00e7\u00e3o do novo Centro Cultural Integrado na rodovi\u00e1ria Ezequias Ata\u00edde. Na oportunidade estaremos realizandoVeja mais","og_url":"https:\/\/abelfigueiredo.pa.gov.br\/site\/convite-11\/","og_site_name":"Prefeitura Municipal de Abel Figueiredo | Gest\u00e3o 2025-2028","article_published_time":"2023-10-10T12:22:42+00:00","author":"djthiago","twitter_misc":{"Escrito por":"djthiago","Est. tempo de leitura":"1 minuto"},"schema":{"@context":"https:\/\/schema.org","@graph":[{"@type":"WebPage","@id":"https:\/\/abelfigueiredo.pa.gov.br\/site\/convite-11\/","url":"https:\/\/abelfigueiredo.pa.gov.br\/site\/convite-11\/","name":"Convite - Prefeitura Municipal de Abel Figueiredo | Gest\u00e3o 2025-2028","isPartOf":{"@id":"https:\/\/abelfigueiredo.pa.gov.br\/site\/#website"},"primaryImageOfPage":{"@id":"https:\/\/abelfigueiredo.pa.gov.br\/site\/convite-11\/#primaryimage"},"image":{"@id":"https:\/\/abelfigueiredo.pa.gov.br\/site\/convite-11\/#primaryimage"},"thumbnailUrl":"https:\/\/abelfigueiredo.pa.gov.br\/site\/wp-content\/uploads\/2023\/10\/Mes-Das-Criancas-Post-Feed-Para-Instagram-Azul-Roxo-e-Branco-1100-\u00d7-1366-px-1080-\u00d7-1080-px-Your-Story-1.png","datePublished":"2023-10-10T12:22:42+00:00","author":{"@id":"https:\/\/abelfigueiredo.pa.gov.br\/site\/#\/schema\/person\/7c1ecb1baa18502745b46b3921be7bbb"},"inLanguage":"pt-BR","potentialAction":[{"@type":"ReadAction","target":["https:\/\/abelfigueiredo.pa.gov.br\/site\/convite-11\/"]}]},{"@type":"ImageObject","inLanguage":"pt-BR","@id":"https:\/\/abelfigueiredo.pa.gov.br\/site\/convite-11\/#primaryimage","url":"https:\/\/abelfigueiredo.pa.gov.br\/site\/wp-content\/uploads\/2023\/10\/Mes-Das-Criancas-Post-Feed-Para-Instagram-Azul-Roxo-e-Branco-1100-\u00d7-1366-px-1080-\u00d7-1080-px-Your-Story-1.png","contentUrl":"https:\/\/abelfigueiredo.pa.gov.br\/site\/wp-content\/uploads\/2023\/10\/Mes-Das-Criancas-Post-Feed-Para-Instagram-Azul-Roxo-e-Branco-1100-\u00d7-1366-px-1080-\u00d7-1080-px-Your-Story-1.png","width":1080,"height":1920},{"@type":"WebSite","@id":"https:\/\/abelfigueiredo.pa.gov.br\/site\/#website","url":"https:\/\/abelfigueiredo.pa.gov.br\/site\/","name":"Prefeitura Municipal de Abel Figueiredo | Gest\u00e3o 2025-2028","description":"Site oficial da Prefeitura Municipal de Abel Figueiredo","potentialAction":[{"@type":"SearchAction","target":{"@type":"EntryPoint","urlTemplate":"https:\/\/abelfigueiredo.pa.gov.br\/site\/?s={search_term_string}"},"query-input":{"@type":"PropertyValueSpecification","valueRequired":true,"valueName":"search_term_string"}}],"inLanguage":"pt-BR"},{"@type":"Person","@id":"https:\/\/abelfigueiredo.pa.gov.br\/site\/#\/schema\/person\/7c1ecb1baa18502745b46b3921be7bbb","name":"djthiago","image":{"@type":"ImageObject","inLanguage":"pt-BR","@id":"https:\/\/abelfigueiredo.pa.gov.br\/site\/#\/schema\/person\/image\/","url":"https:\/\/secure.gravatar.com\/avatar\/2edad05cd7afbef8b9e1495dacdf55fd32bf2fe055ead3a385c32f41e201743d?s=96&d=mm&r=g","contentUrl":"https:\/\/secure.gravatar.com\/avatar\/2edad05cd7afbef8b9e1495dacdf55fd32bf2fe055ead3a385c32f41e201743d?s=96&d=mm&r=g","caption":"djthiago"},"url":"https:\/\/abelfigueiredo.pa.gov.br\/site\/author\/djthiago\/"}]}},"_links":{"self":[{"href":"https:\/\/abelfigueiredo.pa.gov.br\/site\/wp-json\/wp\/v2\/posts\/16407","targetHints":{"allow":["GET"]}}],"collection":[{"href":"https:\/\/abelfigueiredo.pa.gov.br\/site\/wp-json\/wp\/v2\/posts"}],"about":[{"href":"https:\/\/abelfigueiredo.pa.gov.br\/site\/wp-json\/wp\/v2\/types\/post"}],"author":[{"embeddable":true,"href":"https:\/\/abelfigueiredo.pa.gov.br\/site\/wp-json\/wp\/v2\/users\/34"}],"replies":[{"embeddable":true,"href":"https:\/\/abelfigueiredo.pa.gov.br\/site\/wp-json\/wp\/v2\/comments?post=16407"}],"version-history":[{"count":0,"href":"https:\/\/abelfigueiredo.pa.gov.br\/site\/wp-json\/wp\/v2\/posts\/16407\/revisions"}],"wp:featuredmedia":[{"embeddable":true,"href":"https:\/\/abelfigueiredo.pa.gov.br\/site\/wp-json\/wp\/v2\/media\/16408"}],"wp:attachment":[{"href":"https:\/\/abelfigueiredo.pa.gov.br\/site\/wp-json\/wp\/v2\/media?parent=16407"}],"wp:term":[{"taxonomy":"category","embeddable":true,"href":"https:\/\/abelfigueiredo.pa.gov.br\/site\/wp-json\/wp\/v2\/categories?post=16407"},{"taxonomy":"post_tag","embeddable":true,"href":"https:\/\/abelfigueiredo.pa.gov.br\/site\/wp-json\/wp\/v2\/tags?post=16407"}],"curies":[{"name":"wp","href":"https:\/\/api.w.org\/{rel}","templated":true}]}}