{"id":16398,"date":"2023-10-04T09:15:46","date_gmt":"2023-10-04T12:15:46","guid":{"rendered":"https:\/\/abelfigueiredo.pa.gov.br\/site\/?p=16398"},"modified":"2023-10-04T09:15:46","modified_gmt":"2023-10-04T12:15:46","slug":"governo-trabalhando-para-o-povo-presente-na-assinatura-da-ordem-de-servico-do-hospital-estadual-materno-infantil-que-atendera-maraba-e-regiao","status":"publish","type":"post","link":"https:\/\/abelfigueiredo.pa.gov.br\/site\/governo-trabalhando-para-o-povo-presente-na-assinatura-da-ordem-de-servico-do-hospital-estadual-materno-infantil-que-atendera-maraba-e-regiao\/","title":{"rendered":"Governo Trabalhando para o Povo Presente na Assinatura da Ordem de Servi\u00e7o do Hospital Estadual Materno Infantil que atender\u00e1 Marab\u00e1 e Regi\u00e3o."},"content":{"rendered":"<div>\n<div class=\"\" dir=\"auto\">\n<div id=\":r2oc:\" class=\"x1iorvi4 x1pi30zi x1l90r2v x1swvt13\" data-ad-comet-preview=\"message\" data-ad-preview=\"message\">\n<div class=\"x78zum5 xdt5ytf xz62fqu x16ldp7u\">\n<div class=\"xu06os2 x1ok221b\">\n<div class=\"x11i5rnm xat24cr x1mh8g0r x1vvkbs xtlvy1s x126k92a\">\n<div dir=\"auto\"><a class=\"x1i10hfl xjbqb8w x6umtig x1b1mbwd xaqea5y xav7gou x9f619 x1ypdohk xt0psk2 xe8uvvx xdj266r x11i5rnm xat24cr x1mh8g0r xexx8yu x4uap5 x18d9i69 xkhd6sd x16tdsg8 x1hl2dhg xggy1nq x1a2a7pz xt0b8zv x1qq9wsj xo1l8bm\" tabindex=\"0\" role=\"link\" href=\"https:\/\/www.facebook.com\/hashtag\/compartilhe?__eep__=6&amp;__cft__[0]=AZX7WGoIurethL5c7rlNtXg6XqBAAC2MHCfdGZJLwurN05KKuRbh9lwwTzPa67E80aBEOhpZWFTyUA36Spj_M4dUmjmNk-VOXeqFoylsX2xMuijxfNeud1JK4NwWpsHPufeO1lvQEafE5Q0OtzdpEvzJndH5XIGxYrOgQMnapdGSlvFwinE5MpznHfZ76rBTBDw&amp;__tn__=*NK-R\">#compartilhe<\/a><\/div>\n<\/div>\n<div class=\"x11i5rnm xat24cr x1mh8g0r x1vvkbs xtlvy1s x126k92a\">\n<div dir=\"auto\">Nesta \u00faltima quarta-feira, 4 de outubro, o Prefeito Ant\u00f4nio Calhau juntamente com o vice Evandro da Serraria e a comitiva de Secret\u00e1rios e Vereadores Municipais, estiveram em Marab\u00e1 junto com o governador Helder Barbalho e a vice Hana trazendo boas not\u00edcias para regi\u00e3o.<\/div>\n<div dir=\"auto\">Uma s\u00e9rie de investimentos em sa\u00fade e mobilidade urbana.<\/div>\n<div dir=\"auto\">Assinatura da ordem de servi\u00e7o do Hospital Estadual Materno Infantil, bem como visita a Policl\u00ednica de Marab\u00e1 e a t\u00e3o sonhada ponte sob o rio Itacaiunas.<\/div>\n<div dir=\"auto\">Grandes obras que ir\u00e3o transformar para melhor a vida da nossa regi\u00e3o Sul e Sudeste.<\/div>\n<\/div>\n<div class=\"x11i5rnm xat24cr x1mh8g0r x1vvkbs xtlvy1s x126k92a\">\n<div dir=\"auto\"><a class=\"x1i10hfl xjbqb8w x6umtig x1b1mbwd xaqea5y xav7gou x9f619 x1ypdohk xt0psk2 xe8uvvx xdj266r x11i5rnm xat24cr x1mh8g0r xexx8yu x4uap5 x18d9i69 xkhd6sd x16tdsg8 x1hl2dhg xggy1nq x1a2a7pz xt0b8zv x1qq9wsj xo1l8bm\" tabindex=\"0\" role=\"link\" href=\"https:\/\/www.facebook.com\/hashtag\/prefeituradeabel?__eep__=6&amp;__cft__[0]=AZX7WGoIurethL5c7rlNtXg6XqBAAC2MHCfdGZJLwurN05KKuRbh9lwwTzPa67E80aBEOhpZWFTyUA36Spj_M4dUmjmNk-VOXeqFoylsX2xMuijxfNeud1JK4NwWpsHPufeO1lvQEafE5Q0OtzdpEvzJndH5XIGxYrOgQMnapdGSlvFwinE5MpznHfZ76rBTBDw&amp;__tn__=*NK-R\">#prefeituradeabel<\/a><\/div>\n<div dir=\"auto\"><a class=\"x1i10hfl xjbqb8w x6umtig x1b1mbwd xaqea5y xav7gou x9f619 x1ypdohk xt0psk2 xe8uvvx xdj266r x11i5rnm xat24cr x1mh8g0r xexx8yu x4uap5 x18d9i69 xkhd6sd x16tdsg8 x1hl2dhg xggy1nq x1a2a7pz xt0b8zv x1qq9wsj xo1l8bm\" tabindex=\"0\" role=\"link\" href=\"https:\/\/www.facebook.com\/hashtag\/trabalhandoparaopovo?__eep__=6&amp;__cft__[0]=AZX7WGoIurethL5c7rlNtXg6XqBAAC2MHCfdGZJLwurN05KKuRbh9lwwTzPa67E80aBEOhpZWFTyUA36Spj_M4dUmjmNk-VOXeqFoylsX2xMuijxfNeud1JK4NwWpsHPufeO1lvQEafE5Q0OtzdpEvzJndH5XIGxYrOgQMnapdGSlvFwinE5MpznHfZ76rBTBDw&amp;__tn__=*NK-R\">#trabalhandoparaopovo<\/a><\/div>\n<\/div>\n<\/div>\n<\/div>\n<\/div>\n<\/div>\n<div id=\":r2od:\" class=\"x1n2onr6\">\n<div class=\"x1n2onr6\">\n<div>\n<div class=\"x1n2onr6\">\n<div class=\"x1n2onr6\">\n<div class=\"x6ikm8r x10wlt62 x10l6tqk\">\n<div class=\"x6ikm8r x10wlt62\">\n<div class=\"xqtp20y x6ikm8r x10wlt62 x1n2onr6\">\n<div class=\"x10l6tqk x13vifvy\"><img decoding=\"async\" class=\"x1ey2m1c xds687c x5yr21d x10l6tqk x17qophe x13vifvy xh8yej3\" src=\"https:\/\/scontent.fimp1-1.fna.fbcdn.net\/v\/t39.30808-6\/385075213_154050964448376_7155557336663919724_n.jpg?stp=dst-jpg_p960x960&amp;_nc_cat=102&amp;ccb=1-7&amp;_nc_sid=5614bc&amp;_nc_eui2=AeFhhWEqGPPhblOdBNGYFv5QSjyHuqRztplKPIe6pHO2mTP_QILIrJ9xpCPb74PGcZ0bNLfhF_fqujIRYPxrBkjm&amp;_nc_ohc=3upABfhxtq0AX9jLit8&amp;_nc_ht=scontent.fimp1-1.fna&amp;oh=00_AfBH4Wog3TI85Gln14w5kv6ZXw-98R6zl208N2oV_Qca-Q&amp;oe=652A32F0\" alt=\"\" \/><\/div>\n<\/div>\n<div class=\"xua58t2 xzg4506 x1ey2m1c x9f619 xds687c x47corl x10l6tqk x17qophe x13vifvy\"><\/div>\n<\/div>\n<div class=\"x1o1ewxj x3x9cwd x1e5q0jg x13rtm0m x1ey2m1c xds687c xg01cxk x47corl x10l6tqk x17qophe x13vifvy x1ebt8du x19991ni x1dhq9h\" data-visualcompletion=\"ignore\"><\/div>\n<\/div>\n<div class=\"x6ikm8r x10wlt62 x10l6tqk\">\n<div class=\"x6ikm8r x10wlt62\">\n<div class=\"xqtp20y x6ikm8r x10wlt62 x1n2onr6\">\n<div class=\"x10l6tqk x13vifvy\"><img decoding=\"async\" class=\"x1ey2m1c xds687c x5yr21d x10l6tqk x17qophe x13vifvy xh8yej3\" src=\"https:\/\/scontent.fimp1-1.fna.fbcdn.net\/v\/t39.30808-6\/385369185_154051001115039_7125256134836888613_n.jpg?stp=dst-jpg_p960x960&amp;_nc_cat=109&amp;ccb=1-7&amp;_nc_sid=5614bc&amp;_nc_eui2=AeH5z7qvr-2v-Gy6gyO0RVJzjXUvMFjvCY2NdS8wWO8JjQYBtrfP68DFthvitrk_wJo4bGeoT7XN8xn8aWZPWrBp&amp;_nc_ohc=6pZzA0scOOsAX-ALUk_&amp;_nc_ht=scontent.fimp1-1.fna&amp;oh=00_AfCDkxdx1ZGABM5r6hHmV0iFlLheIPcDn2mRk0qs3FFEZw&amp;oe=6529E281\" alt=\"\" \/><\/div>\n<\/div>\n<div class=\"xua58t2 xzg4506 x1ey2m1c x9f619 xds687c x47corl x10l6tqk x17qophe x13vifvy\"><\/div>\n<\/div>\n<div class=\"x1o1ewxj x3x9cwd x1e5q0jg x13rtm0m x1ey2m1c xds687c xg01cxk x47corl x10l6tqk x17qophe x13vifvy x1ebt8du x19991ni x1dhq9h\" data-visualcompletion=\"ignore\"><\/div>\n<\/div>\n<div class=\"x6ikm8r x10wlt62 x10l6tqk\">\n<div class=\"x6ikm8r x10wlt62\">\n<div class=\"xqtp20y x6ikm8r x10wlt62 x1n2onr6\">\n<div class=\"x10l6tqk x13vifvy\"><img decoding=\"async\" class=\"x1ey2m1c xds687c x5yr21d x10l6tqk x17qophe x13vifvy xh8yej3\" src=\"https:\/\/scontent.fimp1-1.fna.fbcdn.net\/v\/t39.30808-6\/385904542_154051041115035_5026753891379101484_n.jpg?stp=dst-jpg_p960x960&amp;_nc_cat=108&amp;ccb=1-7&amp;_nc_sid=5614bc&amp;_nc_eui2=AeH5s3dt5IkNtkU9qQleJJZZNzs53n0SRqE3OznefRJGoQgqruiekE3SnZLLiv4G0cCXe2o-mvI0W2ZPbzGMlKaT&amp;_nc_ohc=s0b1zRP0UTAAX_1LhM7&amp;_nc_oc=AQkMYF3uBNIcnWqm29xIQoQN6aCNO6c1RSRMi0fmfNY6yDwXY5nscqTNZrvB1W_jE38&amp;_nc_ht=scontent.fimp1-1.fna&amp;oh=00_AfDeiCh1MFaWoBGA-sqxir8jJoSTsUX8jjq9aZCh6BZVLw&amp;oe=6529C9B6\" alt=\"\" \/><\/div>\n<\/div>\n<div class=\"xua58t2 xzg4506 x1ey2m1c x9f619 xds687c x47corl x10l6tqk x17qophe x13vifvy\"><\/div>\n<\/div>\n<div class=\"x1o1ewxj x3x9cwd x1e5q0jg x13rtm0m x1ey2m1c xds687c xg01cxk x47corl x10l6tqk x17qophe x13vifvy x1ebt8du x19991ni x1dhq9h\" data-visualcompletion=\"ignore\"><\/div>\n<\/div>\n<div class=\"x6ikm8r x10wlt62 x10l6tqk\">\n<div class=\"x6ikm8r x10wlt62\">\n<div class=\"xqtp20y x6ikm8r x10wlt62 x1n2onr6\">\n<div class=\"x10l6tqk x13vifvy\"><img decoding=\"async\" class=\"x1ey2m1c xds687c x5yr21d x10l6tqk x17qophe x13vifvy xh8yej3\" src=\"https:\/\/scontent.fimp1-2.fna.fbcdn.net\/v\/t39.30808-6\/386661388_154051077781698_8355474124239028640_n.jpg?stp=dst-jpg_p960x960&amp;_nc_cat=104&amp;ccb=1-7&amp;_nc_sid=5614bc&amp;_nc_eui2=AeHcYFMoiHiHQc3Da1h5EyVNQfTm1C652WZB9ObULrnZZmA56aK_EKKddwnpe1mGqopPOeIMgIrMEfOuANF9s2oI&amp;_nc_ohc=79CVlcTbKGUAX_juTI1&amp;_nc_ht=scontent.fimp1-2.fna&amp;oh=00_AfBTv-JBImyzHs_iGelCKLTMpAP6bezEcnn_E9AqapELBg&amp;oe=652AACD5\" alt=\"\" \/><\/div>\n<\/div>\n<div class=\"xua58t2 xzg4506 x1ey2m1c x9f619 xds687c x47corl x10l6tqk x17qophe x13vifvy\"><\/div>\n<\/div>\n<div class=\"x1o1ewxj x3x9cwd x1e5q0jg x13rtm0m x1ey2m1c xds687c xg01cxk x47corl x10l6tqk x17qophe x13vifvy x1ebt8du x19991ni x1dhq9h\" data-visualcompletion=\"ignore\"><\/div>\n<\/div>\n<\/div>\n<\/div>\n<\/div>\n<\/div>\n<div class=\"x6ikm8r x10wlt62\"><\/div>\n<\/div>\n<\/div>\n<div>\n<div class=\"x168nmei x13lgxp2 x30kzoy x9jhf4c x6ikm8r x10wlt62\" data-visualcompletion=\"ignore-dynamic\">\n<div>\n<div>\n<div>\n<div class=\"x1n2onr6\">\n<div class=\"x6s0dn4 xi81zsa x78zum5 x6prxxf x13a6bvl xvq8zen xdj266r xktsk01 xat24cr x1d52u69 x889kno x4uap5 x1a8lsjc xkhd6sd xdppsyt\">\n<div class=\"x9f619 x1n2onr6 x1ja2u2z x78zum5 x2lah0s x1qughib x1qjc9v5 xozqiw3 x1q0g3np xykv574 xbmpl8g x4cne27 xifccgj\"><\/div>\n<\/div>\n<\/div>\n<\/div>\n<\/div>\n<\/div>\n<\/div>\n<\/div>\n","protected":false},"excerpt":{"rendered":"<p>#compartilhe Nesta \u00faltima quarta-feira, 4 de outubro, o Prefeito Ant\u00f4nio Calhau juntamente com o vice Evandro da Serraria e a comitiva de Secret\u00e1rios e Vereadores Municipais, estiveram em Marab\u00e1 junto com o governador Helder Barbalho e a vice Hana trazendo boas not\u00edcias para regi\u00e3o. Uma s\u00e9rie de investimentos em sa\u00fade e mobilidade urbana. Assinatura da<\/p>\n<div class=\"read-more\"><a href=\"https:\/\/abelfigueiredo.pa.gov.br\/site\/governo-trabalhando-para-o-povo-presente-na-assinatura-da-ordem-de-servico-do-hospital-estadual-materno-infantil-que-atendera-maraba-e-regiao\/\" title=\"Veja mais\">Veja mais<\/a><\/div>\n","protected":false},"author":34,"featured_media":16399,"comment_status":"closed","ping_status":"closed","sticky":false,"template":"","format":"standard","meta":{"footnotes":""},"categories":[1],"tags":[],"class_list":{"0":"post-16398","1":"post","2":"type-post","3":"status-publish","4":"format-standard","5":"has-post-thumbnail","7":"category-noticias"},"yoast_head":"<!-- This site is optimized with the Yoast SEO plugin v26.6 - https:\/\/yoast.com\/wordpress\/plugins\/seo\/ -->\n<title>Governo Trabalhando para o Povo Presente na Assinatura da Ordem de Servi\u00e7o do Hospital Estadual Materno Infantil que atender\u00e1 Marab\u00e1 e Regi\u00e3o. - Prefeitura Municipal de Abel Figueiredo | Gest\u00e3o 2025-2028<\/title>\n<meta name=\"robots\" content=\"index, follow, max-snippet:-1, max-image-preview:large, max-video-preview:-1\" \/>\n<link rel=\"canonical\" href=\"https:\/\/abelfigueiredo.pa.gov.br\/site\/governo-trabalhando-para-o-povo-presente-na-assinatura-da-ordem-de-servico-do-hospital-estadual-materno-infantil-que-atendera-maraba-e-regiao\/\" \/>\n<meta property=\"og:locale\" content=\"pt_BR\" \/>\n<meta property=\"og:type\" content=\"article\" \/>\n<meta property=\"og:title\" content=\"Governo Trabalhando para o Povo Presente na Assinatura da Ordem de Servi\u00e7o do Hospital Estadual Materno Infantil que atender\u00e1 Marab\u00e1 e Regi\u00e3o. - Prefeitura Municipal de Abel Figueiredo | Gest\u00e3o 2025-2028\" \/>\n<meta property=\"og:description\" content=\"#compartilhe Nesta \u00faltima quarta-feira, 4 de outubro, o Prefeito Ant\u00f4nio Calhau juntamente com o vice Evandro da Serraria e a comitiva de Secret\u00e1rios e Vereadores Municipais, estiveram em Marab\u00e1 junto com o governador Helder Barbalho e a vice Hana trazendo boas not\u00edcias para regi\u00e3o. Uma s\u00e9rie de investimentos em sa\u00fade e mobilidade urbana. Assinatura daVeja mais\" \/>\n<meta property=\"og:url\" content=\"https:\/\/abelfigueiredo.pa.gov.br\/site\/governo-trabalhando-para-o-povo-presente-na-assinatura-da-ordem-de-servico-do-hospital-estadual-materno-infantil-que-atendera-maraba-e-regiao\/\" \/>\n<meta property=\"og:site_name\" content=\"Prefeitura Municipal de Abel Figueiredo | Gest\u00e3o 2025-2028\" \/>\n<meta property=\"article:published_time\" content=\"2023-10-04T12:15:46+00:00\" \/>\n<meta property=\"og:image\" content=\"https:\/\/scontent.fimp1-1.fna.fbcdn.net\/v\/t39.30808-6\/385075213_154050964448376_7155557336663919724_n.jpg?stp=dst-jpg_p960x960&amp;_nc_cat=102&amp;ccb=1-7&amp;_nc_sid=5614bc&amp;_nc_eui2=AeFhhWEqGPPhblOdBNGYFv5QSjyHuqRztplKPIe6pHO2mTP_QILIrJ9xpCPb74PGcZ0bNLfhF_fqujIRYPxrBkjm&amp;_nc_ohc=3upABfhxtq0AX9jLit8&amp;_nc_ht=scontent.fimp1-1.fna&amp;oh=00_AfBH4Wog3TI85Gln14w5kv6ZXw-98R6zl208N2oV_Qca-Q&amp;oe=652A32F0\" \/>\n<meta name=\"author\" content=\"djthiago\" \/>\n<meta name=\"twitter:label1\" content=\"Escrito por\" \/>\n\t<meta name=\"twitter:data1\" content=\"djthiago\" \/>\n\t<meta name=\"twitter:label2\" content=\"Est. tempo de leitura\" \/>\n\t<meta name=\"twitter:data2\" content=\"1 minuto\" \/>\n<script type=\"application\/ld+json\" class=\"yoast-schema-graph\">{\"@context\":\"https:\/\/schema.org\",\"@graph\":[{\"@type\":\"WebPage\",\"@id\":\"https:\/\/abelfigueiredo.pa.gov.br\/site\/governo-trabalhando-para-o-povo-presente-na-assinatura-da-ordem-de-servico-do-hospital-estadual-materno-infantil-que-atendera-maraba-e-regiao\/\",\"url\":\"https:\/\/abelfigueiredo.pa.gov.br\/site\/governo-trabalhando-para-o-povo-presente-na-assinatura-da-ordem-de-servico-do-hospital-estadual-materno-infantil-que-atendera-maraba-e-regiao\/\",\"name\":\"Governo Trabalhando para o Povo Presente na Assinatura da Ordem de Servi\u00e7o do Hospital Estadual Materno Infantil que atender\u00e1 Marab\u00e1 e Regi\u00e3o. - Prefeitura Municipal de Abel Figueiredo | Gest\u00e3o 2025-2028\",\"isPartOf\":{\"@id\":\"https:\/\/abelfigueiredo.pa.gov.br\/site\/#website\"},\"primaryImageOfPage\":{\"@id\":\"https:\/\/abelfigueiredo.pa.gov.br\/site\/governo-trabalhando-para-o-povo-presente-na-assinatura-da-ordem-de-servico-do-hospital-estadual-materno-infantil-que-atendera-maraba-e-regiao\/#primaryimage\"},\"image\":{\"@id\":\"https:\/\/abelfigueiredo.pa.gov.br\/site\/governo-trabalhando-para-o-povo-presente-na-assinatura-da-ordem-de-servico-do-hospital-estadual-materno-infantil-que-atendera-maraba-e-regiao\/#primaryimage\"},\"thumbnailUrl\":\"https:\/\/abelfigueiredo.pa.gov.br\/site\/wp-content\/uploads\/2023\/10\/Evento-realizado-para-as-maes-do-Programa-Crianca-Feliz-Primeira-Infancia-no-SUAS-1080-\u00d7-1000-px-1000-\u00d7-1000-px-46.png\",\"datePublished\":\"2023-10-04T12:15:46+00:00\",\"author\":{\"@id\":\"https:\/\/abelfigueiredo.pa.gov.br\/site\/#\/schema\/person\/7c1ecb1baa18502745b46b3921be7bbb\"},\"inLanguage\":\"pt-BR\",\"potentialAction\":[{\"@type\":\"ReadAction\",\"target\":[\"https:\/\/abelfigueiredo.pa.gov.br\/site\/governo-trabalhando-para-o-povo-presente-na-assinatura-da-ordem-de-servico-do-hospital-estadual-materno-infantil-que-atendera-maraba-e-regiao\/\"]}]},{\"@type\":\"ImageObject\",\"inLanguage\":\"pt-BR\",\"@id\":\"https:\/\/abelfigueiredo.pa.gov.br\/site\/governo-trabalhando-para-o-povo-presente-na-assinatura-da-ordem-de-servico-do-hospital-estadual-materno-infantil-que-atendera-maraba-e-regiao\/#primaryimage\",\"url\":\"https:\/\/abelfigueiredo.pa.gov.br\/site\/wp-content\/uploads\/2023\/10\/Evento-realizado-para-as-maes-do-Programa-Crianca-Feliz-Primeira-Infancia-no-SUAS-1080-\u00d7-1000-px-1000-\u00d7-1000-px-46.png\",\"contentUrl\":\"https:\/\/abelfigueiredo.pa.gov.br\/site\/wp-content\/uploads\/2023\/10\/Evento-realizado-para-as-maes-do-Programa-Crianca-Feliz-Primeira-Infancia-no-SUAS-1080-\u00d7-1000-px-1000-\u00d7-1000-px-46.png\",\"width\":1000,\"height\":1000},{\"@type\":\"WebSite\",\"@id\":\"https:\/\/abelfigueiredo.pa.gov.br\/site\/#website\",\"url\":\"https:\/\/abelfigueiredo.pa.gov.br\/site\/\",\"name\":\"Prefeitura Municipal de Abel Figueiredo | Gest\u00e3o 2025-2028\",\"description\":\"Site oficial da Prefeitura Municipal de Abel Figueiredo\",\"potentialAction\":[{\"@type\":\"SearchAction\",\"target\":{\"@type\":\"EntryPoint\",\"urlTemplate\":\"https:\/\/abelfigueiredo.pa.gov.br\/site\/?s={search_term_string}\"},\"query-input\":{\"@type\":\"PropertyValueSpecification\",\"valueRequired\":true,\"valueName\":\"search_term_string\"}}],\"inLanguage\":\"pt-BR\"},{\"@type\":\"Person\",\"@id\":\"https:\/\/abelfigueiredo.pa.gov.br\/site\/#\/schema\/person\/7c1ecb1baa18502745b46b3921be7bbb\",\"name\":\"djthiago\",\"image\":{\"@type\":\"ImageObject\",\"inLanguage\":\"pt-BR\",\"@id\":\"https:\/\/abelfigueiredo.pa.gov.br\/site\/#\/schema\/person\/image\/\",\"url\":\"https:\/\/secure.gravatar.com\/avatar\/2edad05cd7afbef8b9e1495dacdf55fd32bf2fe055ead3a385c32f41e201743d?s=96&d=mm&r=g\",\"contentUrl\":\"https:\/\/secure.gravatar.com\/avatar\/2edad05cd7afbef8b9e1495dacdf55fd32bf2fe055ead3a385c32f41e201743d?s=96&d=mm&r=g\",\"caption\":\"djthiago\"},\"url\":\"https:\/\/abelfigueiredo.pa.gov.br\/site\/author\/djthiago\/\"}]}<\/script>\n<!-- \/ Yoast SEO plugin. -->","yoast_head_json":{"title":"Governo Trabalhando para o Povo Presente na Assinatura da Ordem de Servi\u00e7o do Hospital Estadual Materno Infantil que atender\u00e1 Marab\u00e1 e Regi\u00e3o. - Prefeitura Municipal de Abel Figueiredo | Gest\u00e3o 2025-2028","robots":{"index":"index","follow":"follow","max-snippet":"max-snippet:-1","max-image-preview":"max-image-preview:large","max-video-preview":"max-video-preview:-1"},"canonical":"https:\/\/abelfigueiredo.pa.gov.br\/site\/governo-trabalhando-para-o-povo-presente-na-assinatura-da-ordem-de-servico-do-hospital-estadual-materno-infantil-que-atendera-maraba-e-regiao\/","og_locale":"pt_BR","og_type":"article","og_title":"Governo Trabalhando para o Povo Presente na Assinatura da Ordem de Servi\u00e7o do Hospital Estadual Materno Infantil que atender\u00e1 Marab\u00e1 e Regi\u00e3o. - Prefeitura Municipal de Abel Figueiredo | Gest\u00e3o 2025-2028","og_description":"#compartilhe Nesta \u00faltima quarta-feira, 4 de outubro, o Prefeito Ant\u00f4nio Calhau juntamente com o vice Evandro da Serraria e a comitiva de Secret\u00e1rios e Vereadores Municipais, estiveram em Marab\u00e1 junto com o governador Helder Barbalho e a vice Hana trazendo boas not\u00edcias para regi\u00e3o. Uma s\u00e9rie de investimentos em sa\u00fade e mobilidade urbana. Assinatura daVeja mais","og_url":"https:\/\/abelfigueiredo.pa.gov.br\/site\/governo-trabalhando-para-o-povo-presente-na-assinatura-da-ordem-de-servico-do-hospital-estadual-materno-infantil-que-atendera-maraba-e-regiao\/","og_site_name":"Prefeitura Municipal de Abel Figueiredo | Gest\u00e3o 2025-2028","article_published_time":"2023-10-04T12:15:46+00:00","og_image":[{"url":"https:\/\/scontent.fimp1-1.fna.fbcdn.net\/v\/t39.30808-6\/385075213_154050964448376_7155557336663919724_n.jpg?stp=dst-jpg_p960x960&amp;_nc_cat=102&amp;ccb=1-7&amp;_nc_sid=5614bc&amp;_nc_eui2=AeFhhWEqGPPhblOdBNGYFv5QSjyHuqRztplKPIe6pHO2mTP_QILIrJ9xpCPb74PGcZ0bNLfhF_fqujIRYPxrBkjm&amp;_nc_ohc=3upABfhxtq0AX9jLit8&amp;_nc_ht=scontent.fimp1-1.fna&amp;oh=00_AfBH4Wog3TI85Gln14w5kv6ZXw-98R6zl208N2oV_Qca-Q&amp;oe=652A32F0","type":"","width":"","height":""}],"author":"djthiago","twitter_misc":{"Escrito por":"djthiago","Est. tempo de leitura":"1 minuto"},"schema":{"@context":"https:\/\/schema.org","@graph":[{"@type":"WebPage","@id":"https:\/\/abelfigueiredo.pa.gov.br\/site\/governo-trabalhando-para-o-povo-presente-na-assinatura-da-ordem-de-servico-do-hospital-estadual-materno-infantil-que-atendera-maraba-e-regiao\/","url":"https:\/\/abelfigueiredo.pa.gov.br\/site\/governo-trabalhando-para-o-povo-presente-na-assinatura-da-ordem-de-servico-do-hospital-estadual-materno-infantil-que-atendera-maraba-e-regiao\/","name":"Governo Trabalhando para o Povo Presente na Assinatura da Ordem de Servi\u00e7o do Hospital Estadual Materno Infantil que atender\u00e1 Marab\u00e1 e Regi\u00e3o. - Prefeitura Municipal de Abel Figueiredo | Gest\u00e3o 2025-2028","isPartOf":{"@id":"https:\/\/abelfigueiredo.pa.gov.br\/site\/#website"},"primaryImageOfPage":{"@id":"https:\/\/abelfigueiredo.pa.gov.br\/site\/governo-trabalhando-para-o-povo-presente-na-assinatura-da-ordem-de-servico-do-hospital-estadual-materno-infantil-que-atendera-maraba-e-regiao\/#primaryimage"},"image":{"@id":"https:\/\/abelfigueiredo.pa.gov.br\/site\/governo-trabalhando-para-o-povo-presente-na-assinatura-da-ordem-de-servico-do-hospital-estadual-materno-infantil-que-atendera-maraba-e-regiao\/#primaryimage"},"thumbnailUrl":"https:\/\/abelfigueiredo.pa.gov.br\/site\/wp-content\/uploads\/2023\/10\/Evento-realizado-para-as-maes-do-Programa-Crianca-Feliz-Primeira-Infancia-no-SUAS-1080-\u00d7-1000-px-1000-\u00d7-1000-px-46.png","datePublished":"2023-10-04T12:15:46+00:00","author":{"@id":"https:\/\/abelfigueiredo.pa.gov.br\/site\/#\/schema\/person\/7c1ecb1baa18502745b46b3921be7bbb"},"inLanguage":"pt-BR","potentialAction":[{"@type":"ReadAction","target":["https:\/\/abelfigueiredo.pa.gov.br\/site\/governo-trabalhando-para-o-povo-presente-na-assinatura-da-ordem-de-servico-do-hospital-estadual-materno-infantil-que-atendera-maraba-e-regiao\/"]}]},{"@type":"ImageObject","inLanguage":"pt-BR","@id":"https:\/\/abelfigueiredo.pa.gov.br\/site\/governo-trabalhando-para-o-povo-presente-na-assinatura-da-ordem-de-servico-do-hospital-estadual-materno-infantil-que-atendera-maraba-e-regiao\/#primaryimage","url":"https:\/\/abelfigueiredo.pa.gov.br\/site\/wp-content\/uploads\/2023\/10\/Evento-realizado-para-as-maes-do-Programa-Crianca-Feliz-Primeira-Infancia-no-SUAS-1080-\u00d7-1000-px-1000-\u00d7-1000-px-46.png","contentUrl":"https:\/\/abelfigueiredo.pa.gov.br\/site\/wp-content\/uploads\/2023\/10\/Evento-realizado-para-as-maes-do-Programa-Crianca-Feliz-Primeira-Infancia-no-SUAS-1080-\u00d7-1000-px-1000-\u00d7-1000-px-46.png","width":1000,"height":1000},{"@type":"WebSite","@id":"https:\/\/abelfigueiredo.pa.gov.br\/site\/#website","url":"https:\/\/abelfigueiredo.pa.gov.br\/site\/","name":"Prefeitura Municipal de Abel Figueiredo | Gest\u00e3o 2025-2028","description":"Site oficial da Prefeitura Municipal de Abel Figueiredo","potentialAction":[{"@type":"SearchAction","target":{"@type":"EntryPoint","urlTemplate":"https:\/\/abelfigueiredo.pa.gov.br\/site\/?s={search_term_string}"},"query-input":{"@type":"PropertyValueSpecification","valueRequired":true,"valueName":"search_term_string"}}],"inLanguage":"pt-BR"},{"@type":"Person","@id":"https:\/\/abelfigueiredo.pa.gov.br\/site\/#\/schema\/person\/7c1ecb1baa18502745b46b3921be7bbb","name":"djthiago","image":{"@type":"ImageObject","inLanguage":"pt-BR","@id":"https:\/\/abelfigueiredo.pa.gov.br\/site\/#\/schema\/person\/image\/","url":"https:\/\/secure.gravatar.com\/avatar\/2edad05cd7afbef8b9e1495dacdf55fd32bf2fe055ead3a385c32f41e201743d?s=96&d=mm&r=g","contentUrl":"https:\/\/secure.gravatar.com\/avatar\/2edad05cd7afbef8b9e1495dacdf55fd32bf2fe055ead3a385c32f41e201743d?s=96&d=mm&r=g","caption":"djthiago"},"url":"https:\/\/abelfigueiredo.pa.gov.br\/site\/author\/djthiago\/"}]}},"_links":{"self":[{"href":"https:\/\/abelfigueiredo.pa.gov.br\/site\/wp-json\/wp\/v2\/posts\/16398","targetHints":{"allow":["GET"]}}],"collection":[{"href":"https:\/\/abelfigueiredo.pa.gov.br\/site\/wp-json\/wp\/v2\/posts"}],"about":[{"href":"https:\/\/abelfigueiredo.pa.gov.br\/site\/wp-json\/wp\/v2\/types\/post"}],"author":[{"embeddable":true,"href":"https:\/\/abelfigueiredo.pa.gov.br\/site\/wp-json\/wp\/v2\/users\/34"}],"replies":[{"embeddable":true,"href":"https:\/\/abelfigueiredo.pa.gov.br\/site\/wp-json\/wp\/v2\/comments?post=16398"}],"version-history":[{"count":0,"href":"https:\/\/abelfigueiredo.pa.gov.br\/site\/wp-json\/wp\/v2\/posts\/16398\/revisions"}],"wp:featuredmedia":[{"embeddable":true,"href":"https:\/\/abelfigueiredo.pa.gov.br\/site\/wp-json\/wp\/v2\/media\/16399"}],"wp:attachment":[{"href":"https:\/\/abelfigueiredo.pa.gov.br\/site\/wp-json\/wp\/v2\/media?parent=16398"}],"wp:term":[{"taxonomy":"category","embeddable":true,"href":"https:\/\/abelfigueiredo.pa.gov.br\/site\/wp-json\/wp\/v2\/categories?post=16398"},{"taxonomy":"post_tag","embeddable":true,"href":"https:\/\/abelfigueiredo.pa.gov.br\/site\/wp-json\/wp\/v2\/tags?post=16398"}],"curies":[{"name":"wp","href":"https:\/\/api.w.org\/{rel}","templated":true}]}}