{"id":16393,"date":"2023-10-04T09:07:02","date_gmt":"2023-10-04T12:07:02","guid":{"rendered":"https:\/\/abelfigueiredo.pa.gov.br\/site\/?p=16393"},"modified":"2023-10-04T09:07:02","modified_gmt":"2023-10-04T12:07:02","slug":"04-de-outubro-celebracao-em-comemoracao-ao-dia-dos-agentes-comunitarios-de-saude-e-os-agentes-de-endemias-e-tambem-pela-conquista-do-1-lugar-em-saude-no-ranking-oficial-da-regiao-carajas-e-o-1-2","status":"publish","type":"post","link":"https:\/\/abelfigueiredo.pa.gov.br\/site\/04-de-outubro-celebracao-em-comemoracao-ao-dia-dos-agentes-comunitarios-de-saude-e-os-agentes-de-endemias-e-tambem-pela-conquista-do-1-lugar-em-saude-no-ranking-oficial-da-regiao-carajas-e-o-1-2\/","title":{"rendered":"04 de Outubro, celebra\u00e7\u00e3o em comemora\u00e7\u00e3o ao dia dos Agentes Comunit\u00e1rios de Sa\u00fade e os Agentes de Endemias, e tamb\u00e9m pela conquista do 1\u00b0 lugar em Sa\u00fade no ranking oficial da regi\u00e3o Caraj\u00e1s e o 12\u00b0 entre os 144 munic\u00edpios do estado do Programa Previne Brasil. #compartilhe"},"content":{"rendered":"<div>\n<div class=\"\" dir=\"auto\">\n<div id=\":r2q3:\" class=\"x1iorvi4 x1pi30zi x1l90r2v x1swvt13\" data-ad-comet-preview=\"message\" data-ad-preview=\"message\">\n<div class=\"x78zum5 xdt5ytf xz62fqu x16ldp7u\">\n<div class=\"xu06os2 x1ok221b\">\n<div class=\"x11i5rnm xat24cr x1mh8g0r x1vvkbs xtlvy1s x126k92a\">\n<div dir=\"auto\">A Prefeitura de Abel Figueiredo administra\u00e7\u00e3o Prefeito Ant\u00f4nio Calhau vice Evandro da Serraria por meio da Secretaria Municipal de Sa\u00fade, Secret\u00e1ria Francineide Marinho Aar\u00e3o e equipe, realizaram hoje pela manh\u00e3 um evento especial em comemora\u00e7\u00e3o ao dia do ACS e ACE com a conclus\u00e3o do Curso T\u00e9cnico e a Diploma\u00e7\u00e3o com a entrega de Kits ferramentas de trabalho, brindes e um coffee break em homenagem a todos e tamb\u00e9m pela conquista do 1\u00b0 Lugar no ranking de avalia\u00e7\u00e3o em Sa\u00fade, a nossa Sa\u00fade de Abel Figueiredo alcan\u00e7a o 1\u00b0 Lugar na regi\u00e3o caraj\u00e1s e o 12\u00b0 Lugar entre os 144 municipios do estado na avalia\u00e7\u00e3o do Programa Previne Brasil.<\/div>\n<\/div>\n<div class=\"x11i5rnm xat24cr x1mh8g0r x1vvkbs xtlvy1s x126k92a\">\n<div dir=\"auto\">Seguiremos juntos trabalhando para o Povo.<\/div>\n<\/div>\n<div class=\"x11i5rnm xat24cr x1mh8g0r x1vvkbs xtlvy1s x126k92a\">\n<div dir=\"auto\"><a class=\"x1i10hfl xjbqb8w x6umtig x1b1mbwd xaqea5y xav7gou x9f619 x1ypdohk xt0psk2 xe8uvvx xdj266r x11i5rnm xat24cr x1mh8g0r xexx8yu x4uap5 x18d9i69 xkhd6sd x16tdsg8 x1hl2dhg xggy1nq x1a2a7pz xt0b8zv x1qq9wsj xo1l8bm\" tabindex=\"0\" role=\"link\" href=\"https:\/\/www.facebook.com\/hashtag\/prefeituradeabel?__eep__=6&amp;__cft__[0]=AZUhaDB7JCNenD-zY7MuSlTOBhpV3uAzRj8iD9L1m3uY7rz19Uz51hYDppyxrUosAz0f7eDhohDK6qaPtvNjQvyUAueFwvzYQOPE1Y3aHkH5t7S_fll6_kVlxBsMS_fSTjh5e6J-LIwcrxbK2PVEbZXOEAin88howpVvpyiCPBpcDZfpnDXrBdVQIxsmTP3IySU&amp;__tn__=*NK-R\">#prefeituradeabel<\/a><\/div>\n<div dir=\"auto\"><a class=\"x1i10hfl xjbqb8w x6umtig x1b1mbwd xaqea5y xav7gou x9f619 x1ypdohk xt0psk2 xe8uvvx xdj266r x11i5rnm xat24cr x1mh8g0r xexx8yu x4uap5 x18d9i69 xkhd6sd x16tdsg8 x1hl2dhg xggy1nq x1a2a7pz xt0b8zv x1qq9wsj xo1l8bm\" tabindex=\"0\" role=\"link\" href=\"https:\/\/www.facebook.com\/hashtag\/secdesaude?__eep__=6&amp;__cft__[0]=AZUhaDB7JCNenD-zY7MuSlTOBhpV3uAzRj8iD9L1m3uY7rz19Uz51hYDppyxrUosAz0f7eDhohDK6qaPtvNjQvyUAueFwvzYQOPE1Y3aHkH5t7S_fll6_kVlxBsMS_fSTjh5e6J-LIwcrxbK2PVEbZXOEAin88howpVvpyiCPBpcDZfpnDXrBdVQIxsmTP3IySU&amp;__tn__=*NK-R\">#secdesaude<\/a><\/div>\n<div dir=\"auto\"><a class=\"x1i10hfl xjbqb8w x6umtig x1b1mbwd xaqea5y xav7gou x9f619 x1ypdohk xt0psk2 xe8uvvx xdj266r x11i5rnm xat24cr x1mh8g0r xexx8yu x4uap5 x18d9i69 xkhd6sd x16tdsg8 x1hl2dhg xggy1nq x1a2a7pz xt0b8zv x1qq9wsj xo1l8bm\" tabindex=\"0\" role=\"link\" href=\"https:\/\/www.facebook.com\/hashtag\/trabalhandoparaopovo?__eep__=6&amp;__cft__[0]=AZUhaDB7JCNenD-zY7MuSlTOBhpV3uAzRj8iD9L1m3uY7rz19Uz51hYDppyxrUosAz0f7eDhohDK6qaPtvNjQvyUAueFwvzYQOPE1Y3aHkH5t7S_fll6_kVlxBsMS_fSTjh5e6J-LIwcrxbK2PVEbZXOEAin88howpVvpyiCPBpcDZfpnDXrBdVQIxsmTP3IySU&amp;__tn__=*NK-R\">#trabalhandoparaopovo<\/a><\/div>\n<\/div>\n<\/div>\n<\/div>\n<\/div>\n<\/div>\n<div id=\":r2q4:\" class=\"x1n2onr6\">\n<div class=\"x1n2onr6\">\n<div class=\"x1n2onr6\">\n<div class=\"x1n2onr6\">\n<div class=\"x6ikm8r x10wlt62 x10l6tqk\">\n<div class=\"x6ikm8r x10wlt62\">\n<div class=\"xqtp20y x6ikm8r x10wlt62 x1n2onr6\">\n<div class=\"x10l6tqk x13vifvy\"><img decoding=\"async\" class=\"x1ey2m1c xds687c x5yr21d x10l6tqk x17qophe x13vifvy xh8yej3\" src=\"https:\/\/scontent.fimp1-1.fna.fbcdn.net\/v\/t39.30808-6\/386189543_153936197793186_3264215568056194756_n.jpg?stp=dst-jpg_p960x960&amp;_nc_cat=109&amp;ccb=1-7&amp;_nc_sid=5614bc&amp;_nc_eui2=AeGDjDxzkPeHzn-AsZROT40sRiQIpwDk53dGJAinAOTnd-g6K3kAolL-lHyvuov06TsdkcytYyrjoO_QoJK-T8r9&amp;_nc_ohc=KatRGnX2fEIAX8bkEF1&amp;_nc_ht=scontent.fimp1-1.fna&amp;oh=00_AfBhy2DWlUgaLZC1T2M_gnNt_9TIJ90ealEpJV4yHTSXWg&amp;oe=652A158D\" alt=\"\" \/><\/div>\n<\/div>\n<div class=\"xua58t2 xzg4506 x1ey2m1c x9f619 xds687c x47corl x10l6tqk x17qophe x13vifvy\"><\/div>\n<\/div>\n<div class=\"x1o1ewxj x3x9cwd x1e5q0jg x13rtm0m x1ey2m1c xds687c xg01cxk x47corl x10l6tqk x17qophe x13vifvy x1ebt8du x19991ni x1dhq9h\" data-visualcompletion=\"ignore\"><\/div>\n<\/div>\n<div class=\"x6ikm8r x10wlt62 x10l6tqk\">\n<div class=\"x6ikm8r x10wlt62\">\n<div class=\"xqtp20y x6ikm8r x10wlt62 x1n2onr6\">\n<div class=\"x10l6tqk x13vifvy\"><img decoding=\"async\" class=\"x1ey2m1c xds687c x5yr21d x10l6tqk x17qophe x13vifvy xh8yej3\" src=\"https:\/\/scontent.fimp1-2.fna.fbcdn.net\/v\/t39.30808-6\/385876630_153936247793181_4882351807767763373_n.jpg?stp=dst-jpg_p960x960&amp;_nc_cat=105&amp;ccb=1-7&amp;_nc_sid=5614bc&amp;_nc_eui2=AeG2LKj3H09xHMjB-ChMruNfc8nBr_QmOtZzycGv9CY61pSi9n3MDNwEsL_BCYE1ooBjPm0z60LEMIOGb4V2FWRQ&amp;_nc_ohc=ndWOyYDGaREAX-f_Mad&amp;_nc_ht=scontent.fimp1-2.fna&amp;oh=00_AfANMmuQa13FNlYlcjV2Pe2M40uSY81lZ0c7lL8XiHkwIA&amp;oe=652ACDB6\" alt=\"\" \/><\/div>\n<\/div>\n<div class=\"xua58t2 xzg4506 x1ey2m1c x9f619 xds687c x47corl x10l6tqk x17qophe x13vifvy\"><\/div>\n<\/div>\n<div class=\"x1o1ewxj x3x9cwd x1e5q0jg x13rtm0m x1ey2m1c xds687c xg01cxk x47corl x10l6tqk x17qophe x13vifvy x1ebt8du x19991ni x1dhq9h\" data-visualcompletion=\"ignore\"><\/div>\n<\/div>\n<div class=\"x6ikm8r x10wlt62 x10l6tqk\">\n<div class=\"x6ikm8r x10wlt62\">\n<div class=\"xqtp20y x6ikm8r x10wlt62 x1n2onr6\">\n<div class=\"x10l6tqk x13vifvy\"><img decoding=\"async\" class=\"x1ey2m1c xds687c x5yr21d x10l6tqk x17qophe x13vifvy xh8yej3\" src=\"https:\/\/scontent.fimp1-1.fna.fbcdn.net\/v\/t39.30808-6\/386409039_153936341126505_3576342100192085647_n.jpg?stp=dst-jpg_p960x960&amp;_nc_cat=101&amp;ccb=1-7&amp;_nc_sid=5614bc&amp;_nc_eui2=AeF80XPzGmksISjp8GWN-ItWcvXRPw-tgvNy9dE_D62C83L_i7pmNpWOzkW7u5D-fSvYVRkCAeHrMUjl8c9blYDp&amp;_nc_ohc=_MT35GW4HsMAX9YKIY6&amp;_nc_ht=scontent.fimp1-1.fna&amp;oh=00_AfAYKv_hCaH-0WOlVfE9Wmc6f4nu2mHf-M5Z-5c132O_Gg&amp;oe=652A2708\" alt=\"\" \/><\/div>\n<\/div>\n<div class=\"xua58t2 xzg4506 x1ey2m1c x9f619 xds687c x47corl x10l6tqk x17qophe x13vifvy\"><\/div>\n<\/div>\n<div class=\"x1o1ewxj x3x9cwd x1e5q0jg x13rtm0m x1ey2m1c xds687c xg01cxk x47corl x10l6tqk x17qophe x13vifvy x1ebt8du x19991ni x1dhq9h\" data-visualcompletion=\"ignore\"><\/div>\n<\/div>\n<div class=\"x6ikm8r x10wlt62 x10l6tqk\">\n<div class=\"x6ikm8r x10wlt62\">\n<div class=\"xqtp20y x6ikm8r x10wlt62 x1n2onr6\">\n<div class=\"x10l6tqk x13vifvy\"><img decoding=\"async\" class=\"x1ey2m1c xds687c x5yr21d x10l6tqk x17qophe x13vifvy xh8yej3\" src=\"https:\/\/scontent.fimp1-1.fna.fbcdn.net\/v\/t39.30808-6\/387101511_153936474459825_4282477090468791164_n.jpg?stp=dst-jpg_p960x960&amp;_nc_cat=100&amp;ccb=1-7&amp;_nc_sid=5614bc&amp;_nc_eui2=AeHeZJHtG2ZxWKmgCyKS19qWHB2aBqZ69E0cHZoGpnr0TW5tnS3UJgim8JM4OoAAzLoY4pvjuLemwUtEBb9uldhZ&amp;_nc_ohc=HGiIzxS0-HkAX_uZubW&amp;_nc_ht=scontent.fimp1-1.fna&amp;oh=00_AfDVzyTR1mhYLFVtoXjEYsFECjy93XRIp5HheQQkU6Z5KA&amp;oe=652AC8BC\" alt=\"\" \/><\/div>\n<\/div>\n<div class=\"xua58t2 xzg4506 x1ey2m1c x9f619 xds687c x47corl x10l6tqk x17qophe x13vifvy\"><\/div>\n<\/div>\n<div class=\"x1o1ewxj x3x9cwd x1e5q0jg x13rtm0m x1ey2m1c xds687c xg01cxk x47corl x10l6tqk x17qophe x13vifvy x1ebt8du x19991ni x1dhq9h\" data-visualcompletion=\"ignore\"><\/div>\n<\/div>\n<div class=\"x6ikm8r x10wlt62 x10l6tqk\">\n<div class=\"x6ikm8r x10wlt62\">\n<div class=\"xqtp20y x6ikm8r x10wlt62 x1n2onr6\">\n<div class=\"x10l6tqk x13vifvy\"><img decoding=\"async\" class=\"x1ey2m1c xds687c x5yr21d x10l6tqk x17qophe x13vifvy xh8yej3\" src=\"https:\/\/scontent.fimp1-1.fna.fbcdn.net\/v\/t39.30808-6\/386509468_153936514459821_1002627097276690821_n.jpg?stp=dst-jpg_p960x960&amp;_nc_cat=102&amp;ccb=1-7&amp;_nc_sid=5614bc&amp;_nc_eui2=AeENNqQjWiOkytzdq9bOY25jcbQ4n-dG6LhxtDif50bouBvilHMpzYhmmqbpyPj0Y9HMQqf0TVaqgGgmOKuaSegD&amp;_nc_ohc=bhZNiYEHfx0AX9Hf98a&amp;_nc_ht=scontent.fimp1-1.fna&amp;oh=00_AfANiQZLT3Ynixswv-RlDDoQjSOUzxVwO6HC54LmS24q-w&amp;oe=652AF392\" alt=\"\" \/><\/div>\n<\/div>\n<div class=\"xua58t2 xzg4506 x1ey2m1c x9f619 xds687c x47corl x10l6tqk x17qophe x13vifvy\"><\/div>\n<\/div>\n<div class=\"x6s0dn4 x18l40ae x1ey2m1c x78zum5 xds687c xdt5ytf xl56j7k x47corl x10l6tqk x17qophe x13vifvy\">\n<div class=\"x17z8epw x579bpy x1s688f x2b8uid\"><\/div>\n<\/div>\n<\/div>\n<\/div>\n<\/div>\n<\/div>\n<\/div>\n<\/div>\n<div>\n<div class=\"x168nmei x13lgxp2 x30kzoy x9jhf4c x6ikm8r x10wlt62\" data-visualcompletion=\"ignore-dynamic\">\n<div class=\"x1n2onr6\">\n<div class=\"x6s0dn4 xi81zsa x78zum5 x6prxxf x13a6bvl xvq8zen xdj266r xktsk01 xat24cr x1d52u69 x889kno x4uap5 x1a8lsjc xkhd6sd xdppsyt\">\n<div class=\"x6s0dn4 x78zum5 x1iyjqo2 x6ikm8r x10wlt62\">\n<div class=\"\">\n<div class=\"x1i10hfl xjbqb8w x6umtig x1b1mbwd xaqea5y xav7gou x9f619 x1ypdohk xe8uvvx xdj266r x11i5rnm xat24cr x1mh8g0r xexx8yu x4uap5 x18d9i69 xkhd6sd x16tdsg8 x1hl2dhg xggy1nq x1o1ewxj x3x9cwd x1e5q0jg x13rtm0m x1n2onr6 x87ps6o x1lku1pv x1a2a7pz x1heor9g xnl1qt8 x6ikm8r x10wlt62 x1vjfegm x1lliihq\" tabindex=\"0\" role=\"button\"><\/div>\n<\/div>\n<\/div>\n<div class=\"x9f619 x1n2onr6 x1ja2u2z x78zum5 x2lah0s x1qughib x1qjc9v5 xozqiw3 x1q0g3np xykv574 xbmpl8g x4cne27 xifccgj\"><\/div>\n<\/div>\n<\/div>\n<\/div>\n<\/div>\n","protected":false},"excerpt":{"rendered":"<p>A Prefeitura de Abel Figueiredo administra\u00e7\u00e3o Prefeito Ant\u00f4nio Calhau vice Evandro da Serraria por meio da Secretaria Municipal de Sa\u00fade, Secret\u00e1ria Francineide Marinho Aar\u00e3o e equipe, realizaram hoje pela manh\u00e3 um evento especial em comemora\u00e7\u00e3o ao dia do ACS e ACE com a conclus\u00e3o do Curso T\u00e9cnico e a Diploma\u00e7\u00e3o com a entrega de Kits<\/p>\n<div class=\"read-more\"><a href=\"https:\/\/abelfigueiredo.pa.gov.br\/site\/04-de-outubro-celebracao-em-comemoracao-ao-dia-dos-agentes-comunitarios-de-saude-e-os-agentes-de-endemias-e-tambem-pela-conquista-do-1-lugar-em-saude-no-ranking-oficial-da-regiao-carajas-e-o-1-2\/\" title=\"Veja mais\">Veja mais<\/a><\/div>\n","protected":false},"author":34,"featured_media":16389,"comment_status":"closed","ping_status":"closed","sticky":false,"template":"","format":"standard","meta":{"footnotes":""},"categories":[1],"tags":[],"class_list":{"0":"post-16393","1":"post","2":"type-post","3":"status-publish","4":"format-standard","5":"has-post-thumbnail","7":"category-noticias"},"yoast_head":"<!-- This site is optimized with the Yoast SEO plugin v26.6 - https:\/\/yoast.com\/wordpress\/plugins\/seo\/ -->\n<title>04 de Outubro, celebra\u00e7\u00e3o em comemora\u00e7\u00e3o ao dia dos Agentes Comunit\u00e1rios de Sa\u00fade e os Agentes de Endemias, e tamb\u00e9m pela conquista do 1\u00b0 lugar em Sa\u00fade no ranking oficial da regi\u00e3o Caraj\u00e1s e o 12\u00b0 entre os 144 munic\u00edpios do estado do Programa Previne Brasil. #compartilhe - Prefeitura Municipal de Abel Figueiredo | Gest\u00e3o 2025-2028<\/title>\n<meta name=\"robots\" content=\"index, follow, max-snippet:-1, max-image-preview:large, max-video-preview:-1\" \/>\n<link rel=\"canonical\" href=\"https:\/\/abelfigueiredo.pa.gov.br\/site\/04-de-outubro-celebracao-em-comemoracao-ao-dia-dos-agentes-comunitarios-de-saude-e-os-agentes-de-endemias-e-tambem-pela-conquista-do-1-lugar-em-saude-no-ranking-oficial-da-regiao-carajas-e-o-1-2\/\" \/>\n<meta property=\"og:locale\" content=\"pt_BR\" \/>\n<meta property=\"og:type\" content=\"article\" \/>\n<meta property=\"og:title\" content=\"04 de Outubro, celebra\u00e7\u00e3o em comemora\u00e7\u00e3o ao dia dos Agentes Comunit\u00e1rios de Sa\u00fade e os Agentes de Endemias, e tamb\u00e9m pela conquista do 1\u00b0 lugar em Sa\u00fade no ranking oficial da regi\u00e3o Caraj\u00e1s e o 12\u00b0 entre os 144 munic\u00edpios do estado do Programa Previne Brasil. #compartilhe - Prefeitura Municipal de Abel Figueiredo | Gest\u00e3o 2025-2028\" \/>\n<meta property=\"og:description\" content=\"A Prefeitura de Abel Figueiredo administra\u00e7\u00e3o Prefeito Ant\u00f4nio Calhau vice Evandro da Serraria por meio da Secretaria Municipal de Sa\u00fade, Secret\u00e1ria Francineide Marinho Aar\u00e3o e equipe, realizaram hoje pela manh\u00e3 um evento especial em comemora\u00e7\u00e3o ao dia do ACS e ACE com a conclus\u00e3o do Curso T\u00e9cnico e a Diploma\u00e7\u00e3o com a entrega de KitsVeja mais\" \/>\n<meta property=\"og:url\" content=\"https:\/\/abelfigueiredo.pa.gov.br\/site\/04-de-outubro-celebracao-em-comemoracao-ao-dia-dos-agentes-comunitarios-de-saude-e-os-agentes-de-endemias-e-tambem-pela-conquista-do-1-lugar-em-saude-no-ranking-oficial-da-regiao-carajas-e-o-1-2\/\" \/>\n<meta property=\"og:site_name\" content=\"Prefeitura Municipal de Abel Figueiredo | Gest\u00e3o 2025-2028\" \/>\n<meta property=\"article:published_time\" content=\"2023-10-04T12:07:02+00:00\" \/>\n<meta property=\"og:image\" content=\"https:\/\/scontent.fimp1-1.fna.fbcdn.net\/v\/t39.30808-6\/386189543_153936197793186_3264215568056194756_n.jpg?stp=dst-jpg_p960x960&amp;_nc_cat=109&amp;ccb=1-7&amp;_nc_sid=5614bc&amp;_nc_eui2=AeGDjDxzkPeHzn-AsZROT40sRiQIpwDk53dGJAinAOTnd-g6K3kAolL-lHyvuov06TsdkcytYyrjoO_QoJK-T8r9&amp;_nc_ohc=KatRGnX2fEIAX8bkEF1&amp;_nc_ht=scontent.fimp1-1.fna&amp;oh=00_AfBhy2DWlUgaLZC1T2M_gnNt_9TIJ90ealEpJV4yHTSXWg&amp;oe=652A158D\" \/>\n<meta name=\"author\" content=\"djthiago\" \/>\n<meta name=\"twitter:label1\" content=\"Escrito por\" \/>\n\t<meta name=\"twitter:data1\" content=\"djthiago\" \/>\n\t<meta name=\"twitter:label2\" content=\"Est. tempo de leitura\" \/>\n\t<meta name=\"twitter:data2\" content=\"1 minuto\" \/>\n<script type=\"application\/ld+json\" class=\"yoast-schema-graph\">{\"@context\":\"https:\/\/schema.org\",\"@graph\":[{\"@type\":\"WebPage\",\"@id\":\"https:\/\/abelfigueiredo.pa.gov.br\/site\/04-de-outubro-celebracao-em-comemoracao-ao-dia-dos-agentes-comunitarios-de-saude-e-os-agentes-de-endemias-e-tambem-pela-conquista-do-1-lugar-em-saude-no-ranking-oficial-da-regiao-carajas-e-o-1-2\/\",\"url\":\"https:\/\/abelfigueiredo.pa.gov.br\/site\/04-de-outubro-celebracao-em-comemoracao-ao-dia-dos-agentes-comunitarios-de-saude-e-os-agentes-de-endemias-e-tambem-pela-conquista-do-1-lugar-em-saude-no-ranking-oficial-da-regiao-carajas-e-o-1-2\/\",\"name\":\"04 de Outubro, celebra\u00e7\u00e3o em comemora\u00e7\u00e3o ao dia dos Agentes Comunit\u00e1rios de Sa\u00fade e os Agentes de Endemias, e tamb\u00e9m pela conquista do 1\u00b0 lugar em Sa\u00fade no ranking oficial da regi\u00e3o Caraj\u00e1s e o 12\u00b0 entre os 144 munic\u00edpios do estado do Programa Previne Brasil. #compartilhe - Prefeitura Municipal de Abel Figueiredo | Gest\u00e3o 2025-2028\",\"isPartOf\":{\"@id\":\"https:\/\/abelfigueiredo.pa.gov.br\/site\/#website\"},\"primaryImageOfPage\":{\"@id\":\"https:\/\/abelfigueiredo.pa.gov.br\/site\/04-de-outubro-celebracao-em-comemoracao-ao-dia-dos-agentes-comunitarios-de-saude-e-os-agentes-de-endemias-e-tambem-pela-conquista-do-1-lugar-em-saude-no-ranking-oficial-da-regiao-carajas-e-o-1-2\/#primaryimage\"},\"image\":{\"@id\":\"https:\/\/abelfigueiredo.pa.gov.br\/site\/04-de-outubro-celebracao-em-comemoracao-ao-dia-dos-agentes-comunitarios-de-saude-e-os-agentes-de-endemias-e-tambem-pela-conquista-do-1-lugar-em-saude-no-ranking-oficial-da-regiao-carajas-e-o-1-2\/#primaryimage\"},\"thumbnailUrl\":\"https:\/\/abelfigueiredo.pa.gov.br\/site\/wp-content\/uploads\/2023\/10\/Story-do-instagram-do-dia-do-cliente-roxo-e-amarelo-1100-x-1366-px-1.png\",\"datePublished\":\"2023-10-04T12:07:02+00:00\",\"author\":{\"@id\":\"https:\/\/abelfigueiredo.pa.gov.br\/site\/#\/schema\/person\/7c1ecb1baa18502745b46b3921be7bbb\"},\"inLanguage\":\"pt-BR\",\"potentialAction\":[{\"@type\":\"ReadAction\",\"target\":[\"https:\/\/abelfigueiredo.pa.gov.br\/site\/04-de-outubro-celebracao-em-comemoracao-ao-dia-dos-agentes-comunitarios-de-saude-e-os-agentes-de-endemias-e-tambem-pela-conquista-do-1-lugar-em-saude-no-ranking-oficial-da-regiao-carajas-e-o-1-2\/\"]}]},{\"@type\":\"ImageObject\",\"inLanguage\":\"pt-BR\",\"@id\":\"https:\/\/abelfigueiredo.pa.gov.br\/site\/04-de-outubro-celebracao-em-comemoracao-ao-dia-dos-agentes-comunitarios-de-saude-e-os-agentes-de-endemias-e-tambem-pela-conquista-do-1-lugar-em-saude-no-ranking-oficial-da-regiao-carajas-e-o-1-2\/#primaryimage\",\"url\":\"https:\/\/abelfigueiredo.pa.gov.br\/site\/wp-content\/uploads\/2023\/10\/Story-do-instagram-do-dia-do-cliente-roxo-e-amarelo-1100-x-1366-px-1.png\",\"contentUrl\":\"https:\/\/abelfigueiredo.pa.gov.br\/site\/wp-content\/uploads\/2023\/10\/Story-do-instagram-do-dia-do-cliente-roxo-e-amarelo-1100-x-1366-px-1.png\",\"width\":1100,\"height\":1366},{\"@type\":\"WebSite\",\"@id\":\"https:\/\/abelfigueiredo.pa.gov.br\/site\/#website\",\"url\":\"https:\/\/abelfigueiredo.pa.gov.br\/site\/\",\"name\":\"Prefeitura Municipal de Abel Figueiredo | Gest\u00e3o 2025-2028\",\"description\":\"Site oficial da Prefeitura Municipal de Abel Figueiredo\",\"potentialAction\":[{\"@type\":\"SearchAction\",\"target\":{\"@type\":\"EntryPoint\",\"urlTemplate\":\"https:\/\/abelfigueiredo.pa.gov.br\/site\/?s={search_term_string}\"},\"query-input\":{\"@type\":\"PropertyValueSpecification\",\"valueRequired\":true,\"valueName\":\"search_term_string\"}}],\"inLanguage\":\"pt-BR\"},{\"@type\":\"Person\",\"@id\":\"https:\/\/abelfigueiredo.pa.gov.br\/site\/#\/schema\/person\/7c1ecb1baa18502745b46b3921be7bbb\",\"name\":\"djthiago\",\"image\":{\"@type\":\"ImageObject\",\"inLanguage\":\"pt-BR\",\"@id\":\"https:\/\/abelfigueiredo.pa.gov.br\/site\/#\/schema\/person\/image\/\",\"url\":\"https:\/\/secure.gravatar.com\/avatar\/2edad05cd7afbef8b9e1495dacdf55fd32bf2fe055ead3a385c32f41e201743d?s=96&d=mm&r=g\",\"contentUrl\":\"https:\/\/secure.gravatar.com\/avatar\/2edad05cd7afbef8b9e1495dacdf55fd32bf2fe055ead3a385c32f41e201743d?s=96&d=mm&r=g\",\"caption\":\"djthiago\"},\"url\":\"https:\/\/abelfigueiredo.pa.gov.br\/site\/author\/djthiago\/\"}]}<\/script>\n<!-- \/ Yoast SEO plugin. -->","yoast_head_json":{"title":"04 de Outubro, celebra\u00e7\u00e3o em comemora\u00e7\u00e3o ao dia dos Agentes Comunit\u00e1rios de Sa\u00fade e os Agentes de Endemias, e tamb\u00e9m pela conquista do 1\u00b0 lugar em Sa\u00fade no ranking oficial da regi\u00e3o Caraj\u00e1s e o 12\u00b0 entre os 144 munic\u00edpios do estado do Programa Previne Brasil. #compartilhe - Prefeitura Municipal de Abel Figueiredo | Gest\u00e3o 2025-2028","robots":{"index":"index","follow":"follow","max-snippet":"max-snippet:-1","max-image-preview":"max-image-preview:large","max-video-preview":"max-video-preview:-1"},"canonical":"https:\/\/abelfigueiredo.pa.gov.br\/site\/04-de-outubro-celebracao-em-comemoracao-ao-dia-dos-agentes-comunitarios-de-saude-e-os-agentes-de-endemias-e-tambem-pela-conquista-do-1-lugar-em-saude-no-ranking-oficial-da-regiao-carajas-e-o-1-2\/","og_locale":"pt_BR","og_type":"article","og_title":"04 de Outubro, celebra\u00e7\u00e3o em comemora\u00e7\u00e3o ao dia dos Agentes Comunit\u00e1rios de Sa\u00fade e os Agentes de Endemias, e tamb\u00e9m pela conquista do 1\u00b0 lugar em Sa\u00fade no ranking oficial da regi\u00e3o Caraj\u00e1s e o 12\u00b0 entre os 144 munic\u00edpios do estado do Programa Previne Brasil. #compartilhe - Prefeitura Municipal de Abel Figueiredo | Gest\u00e3o 2025-2028","og_description":"A Prefeitura de Abel Figueiredo administra\u00e7\u00e3o Prefeito Ant\u00f4nio Calhau vice Evandro da Serraria por meio da Secretaria Municipal de Sa\u00fade, Secret\u00e1ria Francineide Marinho Aar\u00e3o e equipe, realizaram hoje pela manh\u00e3 um evento especial em comemora\u00e7\u00e3o ao dia do ACS e ACE com a conclus\u00e3o do Curso T\u00e9cnico e a Diploma\u00e7\u00e3o com a entrega de KitsVeja mais","og_url":"https:\/\/abelfigueiredo.pa.gov.br\/site\/04-de-outubro-celebracao-em-comemoracao-ao-dia-dos-agentes-comunitarios-de-saude-e-os-agentes-de-endemias-e-tambem-pela-conquista-do-1-lugar-em-saude-no-ranking-oficial-da-regiao-carajas-e-o-1-2\/","og_site_name":"Prefeitura Municipal de Abel Figueiredo | Gest\u00e3o 2025-2028","article_published_time":"2023-10-04T12:07:02+00:00","og_image":[{"url":"https:\/\/scontent.fimp1-1.fna.fbcdn.net\/v\/t39.30808-6\/386189543_153936197793186_3264215568056194756_n.jpg?stp=dst-jpg_p960x960&amp;_nc_cat=109&amp;ccb=1-7&amp;_nc_sid=5614bc&amp;_nc_eui2=AeGDjDxzkPeHzn-AsZROT40sRiQIpwDk53dGJAinAOTnd-g6K3kAolL-lHyvuov06TsdkcytYyrjoO_QoJK-T8r9&amp;_nc_ohc=KatRGnX2fEIAX8bkEF1&amp;_nc_ht=scontent.fimp1-1.fna&amp;oh=00_AfBhy2DWlUgaLZC1T2M_gnNt_9TIJ90ealEpJV4yHTSXWg&amp;oe=652A158D","type":"","width":"","height":""}],"author":"djthiago","twitter_misc":{"Escrito por":"djthiago","Est. tempo de leitura":"1 minuto"},"schema":{"@context":"https:\/\/schema.org","@graph":[{"@type":"WebPage","@id":"https:\/\/abelfigueiredo.pa.gov.br\/site\/04-de-outubro-celebracao-em-comemoracao-ao-dia-dos-agentes-comunitarios-de-saude-e-os-agentes-de-endemias-e-tambem-pela-conquista-do-1-lugar-em-saude-no-ranking-oficial-da-regiao-carajas-e-o-1-2\/","url":"https:\/\/abelfigueiredo.pa.gov.br\/site\/04-de-outubro-celebracao-em-comemoracao-ao-dia-dos-agentes-comunitarios-de-saude-e-os-agentes-de-endemias-e-tambem-pela-conquista-do-1-lugar-em-saude-no-ranking-oficial-da-regiao-carajas-e-o-1-2\/","name":"04 de Outubro, celebra\u00e7\u00e3o em comemora\u00e7\u00e3o ao dia dos Agentes Comunit\u00e1rios de Sa\u00fade e os Agentes de Endemias, e tamb\u00e9m pela conquista do 1\u00b0 lugar em Sa\u00fade no ranking oficial da regi\u00e3o Caraj\u00e1s e o 12\u00b0 entre os 144 munic\u00edpios do estado do Programa Previne Brasil. #compartilhe - Prefeitura Municipal de Abel Figueiredo | Gest\u00e3o 2025-2028","isPartOf":{"@id":"https:\/\/abelfigueiredo.pa.gov.br\/site\/#website"},"primaryImageOfPage":{"@id":"https:\/\/abelfigueiredo.pa.gov.br\/site\/04-de-outubro-celebracao-em-comemoracao-ao-dia-dos-agentes-comunitarios-de-saude-e-os-agentes-de-endemias-e-tambem-pela-conquista-do-1-lugar-em-saude-no-ranking-oficial-da-regiao-carajas-e-o-1-2\/#primaryimage"},"image":{"@id":"https:\/\/abelfigueiredo.pa.gov.br\/site\/04-de-outubro-celebracao-em-comemoracao-ao-dia-dos-agentes-comunitarios-de-saude-e-os-agentes-de-endemias-e-tambem-pela-conquista-do-1-lugar-em-saude-no-ranking-oficial-da-regiao-carajas-e-o-1-2\/#primaryimage"},"thumbnailUrl":"https:\/\/abelfigueiredo.pa.gov.br\/site\/wp-content\/uploads\/2023\/10\/Story-do-instagram-do-dia-do-cliente-roxo-e-amarelo-1100-x-1366-px-1.png","datePublished":"2023-10-04T12:07:02+00:00","author":{"@id":"https:\/\/abelfigueiredo.pa.gov.br\/site\/#\/schema\/person\/7c1ecb1baa18502745b46b3921be7bbb"},"inLanguage":"pt-BR","potentialAction":[{"@type":"ReadAction","target":["https:\/\/abelfigueiredo.pa.gov.br\/site\/04-de-outubro-celebracao-em-comemoracao-ao-dia-dos-agentes-comunitarios-de-saude-e-os-agentes-de-endemias-e-tambem-pela-conquista-do-1-lugar-em-saude-no-ranking-oficial-da-regiao-carajas-e-o-1-2\/"]}]},{"@type":"ImageObject","inLanguage":"pt-BR","@id":"https:\/\/abelfigueiredo.pa.gov.br\/site\/04-de-outubro-celebracao-em-comemoracao-ao-dia-dos-agentes-comunitarios-de-saude-e-os-agentes-de-endemias-e-tambem-pela-conquista-do-1-lugar-em-saude-no-ranking-oficial-da-regiao-carajas-e-o-1-2\/#primaryimage","url":"https:\/\/abelfigueiredo.pa.gov.br\/site\/wp-content\/uploads\/2023\/10\/Story-do-instagram-do-dia-do-cliente-roxo-e-amarelo-1100-x-1366-px-1.png","contentUrl":"https:\/\/abelfigueiredo.pa.gov.br\/site\/wp-content\/uploads\/2023\/10\/Story-do-instagram-do-dia-do-cliente-roxo-e-amarelo-1100-x-1366-px-1.png","width":1100,"height":1366},{"@type":"WebSite","@id":"https:\/\/abelfigueiredo.pa.gov.br\/site\/#website","url":"https:\/\/abelfigueiredo.pa.gov.br\/site\/","name":"Prefeitura Municipal de Abel Figueiredo | Gest\u00e3o 2025-2028","description":"Site oficial da Prefeitura Municipal de Abel Figueiredo","potentialAction":[{"@type":"SearchAction","target":{"@type":"EntryPoint","urlTemplate":"https:\/\/abelfigueiredo.pa.gov.br\/site\/?s={search_term_string}"},"query-input":{"@type":"PropertyValueSpecification","valueRequired":true,"valueName":"search_term_string"}}],"inLanguage":"pt-BR"},{"@type":"Person","@id":"https:\/\/abelfigueiredo.pa.gov.br\/site\/#\/schema\/person\/7c1ecb1baa18502745b46b3921be7bbb","name":"djthiago","image":{"@type":"ImageObject","inLanguage":"pt-BR","@id":"https:\/\/abelfigueiredo.pa.gov.br\/site\/#\/schema\/person\/image\/","url":"https:\/\/secure.gravatar.com\/avatar\/2edad05cd7afbef8b9e1495dacdf55fd32bf2fe055ead3a385c32f41e201743d?s=96&d=mm&r=g","contentUrl":"https:\/\/secure.gravatar.com\/avatar\/2edad05cd7afbef8b9e1495dacdf55fd32bf2fe055ead3a385c32f41e201743d?s=96&d=mm&r=g","caption":"djthiago"},"url":"https:\/\/abelfigueiredo.pa.gov.br\/site\/author\/djthiago\/"}]}},"_links":{"self":[{"href":"https:\/\/abelfigueiredo.pa.gov.br\/site\/wp-json\/wp\/v2\/posts\/16393","targetHints":{"allow":["GET"]}}],"collection":[{"href":"https:\/\/abelfigueiredo.pa.gov.br\/site\/wp-json\/wp\/v2\/posts"}],"about":[{"href":"https:\/\/abelfigueiredo.pa.gov.br\/site\/wp-json\/wp\/v2\/types\/post"}],"author":[{"embeddable":true,"href":"https:\/\/abelfigueiredo.pa.gov.br\/site\/wp-json\/wp\/v2\/users\/34"}],"replies":[{"embeddable":true,"href":"https:\/\/abelfigueiredo.pa.gov.br\/site\/wp-json\/wp\/v2\/comments?post=16393"}],"version-history":[{"count":0,"href":"https:\/\/abelfigueiredo.pa.gov.br\/site\/wp-json\/wp\/v2\/posts\/16393\/revisions"}],"wp:featuredmedia":[{"embeddable":true,"href":"https:\/\/abelfigueiredo.pa.gov.br\/site\/wp-json\/wp\/v2\/media\/16389"}],"wp:attachment":[{"href":"https:\/\/abelfigueiredo.pa.gov.br\/site\/wp-json\/wp\/v2\/media?parent=16393"}],"wp:term":[{"taxonomy":"category","embeddable":true,"href":"https:\/\/abelfigueiredo.pa.gov.br\/site\/wp-json\/wp\/v2\/categories?post=16393"},{"taxonomy":"post_tag","embeddable":true,"href":"https:\/\/abelfigueiredo.pa.gov.br\/site\/wp-json\/wp\/v2\/tags?post=16393"}],"curies":[{"name":"wp","href":"https:\/\/api.w.org\/{rel}","templated":true}]}}