{"id":16358,"date":"2023-10-04T18:00:19","date_gmt":"2023-10-04T21:00:19","guid":{"rendered":"https:\/\/abelfigueiredo.pa.gov.br\/site\/?p=16358"},"modified":"2023-10-04T18:00:19","modified_gmt":"2023-10-04T21:00:19","slug":"editais-da-lei-complementar-no-195-2022-lei-paulo-gustavo","status":"publish","type":"post","link":"https:\/\/abelfigueiredo.pa.gov.br\/site\/editais-da-lei-complementar-no-195-2022-lei-paulo-gustavo\/","title":{"rendered":"Editais da Lei Complementar N\u00ba 195\/2022 \u2013 Lei Paulo Gustavo"},"content":{"rendered":"<ul>\n<li><a href=\"https:\/\/abelfigueiredo.pa.gov.br\/site\/wp-content\/uploads\/2023\/10\/Edital-no-001-2023-Audiovisual.pdf\">Edital n\u00ba 001-2023-Audiovisual<\/a><\/li>\n<li><a href=\"https:\/\/abelfigueiredo.pa.gov.br\/site\/wp-content\/uploads\/2023\/10\/Edital-no-002-2023-Premios.pdf\">Edital n\u00ba 002-2023-Pr\u00eamios<\/a><\/li>\n<li><a href=\"https:\/\/abelfigueiredo.pa.gov.br\/site\/wp-content\/uploads\/2023\/10\/Edital-no-003-2023-Apoio-a-projetos.pdf\">Edital n\u00ba 003-2023-Apoio a projetos<\/a><\/li>\n<li><a href=\"https:\/\/abelfigueiredo.pa.gov.br\/site\/wp-content\/uploads\/2023\/10\/COMUNICADO-No-001-2023-LPG.pdf\" target=\"_blank\" rel=\"noopener\">Comunicado N\u00ba 001-2023-Secult<\/a><\/li>\n<li><a href=\"https:\/\/abelfigueiredo.pa.gov.br\/site\/wp-content\/uploads\/2023\/10\/Relacao-preliminar-de-selecionados-13-11.pdf\">Rela\u00e7\u00e3o preliminar de selecionados-13-11<\/a><\/li>\n<li><a href=\"https:\/\/abelfigueiredo.pa.gov.br\/site\/wp-content\/uploads\/2023\/10\/Relacao-Final-de-selecionados.pdf\" target=\"_blank\" rel=\"noopener\">Rela\u00e7\u00e3o Final de selecionados<\/a><\/li>\n<\/ul>\n","protected":false},"excerpt":{"rendered":"<p>Edital n\u00ba 001-2023-Audiovisual Edital n\u00ba 002-2023-Pr\u00eamios Edital n\u00ba 003-2023-Apoio a projetos Comunicado N\u00ba 001-2023-Secult Rela\u00e7\u00e3o preliminar de selecionados-13-11 Rela\u00e7\u00e3o Final de selecionados<\/p>\n","protected":false},"author":1,"featured_media":0,"comment_status":"closed","ping_status":"closed","sticky":false,"template":"","format":"standard","meta":{"footnotes":""},"categories":[1],"tags":[],"class_list":{"0":"post-16358","1":"post","2":"type-post","3":"status-publish","4":"format-standard","6":"category-noticias"},"yoast_head":"<!-- This site is optimized with the Yoast SEO plugin v26.6 - https:\/\/yoast.com\/wordpress\/plugins\/seo\/ -->\n<title>Editais da Lei Complementar N\u00ba 195\/2022 \u2013 Lei Paulo Gustavo - Prefeitura Municipal de Abel Figueiredo | Gest\u00e3o 2025-2028<\/title>\n<meta name=\"robots\" content=\"index, follow, max-snippet:-1, max-image-preview:large, max-video-preview:-1\" \/>\n<link rel=\"canonical\" href=\"https:\/\/abelfigueiredo.pa.gov.br\/site\/editais-da-lei-complementar-no-195-2022-lei-paulo-gustavo\/\" \/>\n<meta property=\"og:locale\" content=\"pt_BR\" \/>\n<meta property=\"og:type\" content=\"article\" \/>\n<meta property=\"og:title\" content=\"Editais da Lei Complementar N\u00ba 195\/2022 \u2013 Lei Paulo Gustavo - Prefeitura Municipal de Abel Figueiredo | Gest\u00e3o 2025-2028\" \/>\n<meta property=\"og:description\" content=\"Edital n\u00ba 001-2023-Audiovisual Edital n\u00ba 002-2023-Pr\u00eamios Edital n\u00ba 003-2023-Apoio a projetos Comunicado N\u00ba 001-2023-Secult Rela\u00e7\u00e3o preliminar de selecionados-13-11 Rela\u00e7\u00e3o Final de selecionados\" \/>\n<meta property=\"og:url\" content=\"https:\/\/abelfigueiredo.pa.gov.br\/site\/editais-da-lei-complementar-no-195-2022-lei-paulo-gustavo\/\" \/>\n<meta property=\"og:site_name\" content=\"Prefeitura Municipal de Abel Figueiredo | Gest\u00e3o 2025-2028\" \/>\n<meta property=\"article:published_time\" content=\"2023-10-04T21:00:19+00:00\" \/>\n<meta name=\"author\" content=\"CR2\" \/>\n<meta name=\"twitter:label1\" content=\"Escrito por\" \/>\n\t<meta name=\"twitter:data1\" content=\"CR2\" \/>\n<script type=\"application\/ld+json\" class=\"yoast-schema-graph\">{\"@context\":\"https:\/\/schema.org\",\"@graph\":[{\"@type\":\"WebPage\",\"@id\":\"https:\/\/abelfigueiredo.pa.gov.br\/site\/editais-da-lei-complementar-no-195-2022-lei-paulo-gustavo\/\",\"url\":\"https:\/\/abelfigueiredo.pa.gov.br\/site\/editais-da-lei-complementar-no-195-2022-lei-paulo-gustavo\/\",\"name\":\"Editais da Lei Complementar N\u00ba 195\/2022 \u2013 Lei Paulo Gustavo - Prefeitura Municipal de Abel Figueiredo | Gest\u00e3o 2025-2028\",\"isPartOf\":{\"@id\":\"https:\/\/abelfigueiredo.pa.gov.br\/site\/#website\"},\"datePublished\":\"2023-10-04T21:00:19+00:00\",\"author\":{\"@id\":\"https:\/\/abelfigueiredo.pa.gov.br\/site\/#\/schema\/person\/cd339873ac029367c3231ceff74255e2\"},\"inLanguage\":\"pt-BR\",\"potentialAction\":[{\"@type\":\"ReadAction\",\"target\":[\"https:\/\/abelfigueiredo.pa.gov.br\/site\/editais-da-lei-complementar-no-195-2022-lei-paulo-gustavo\/\"]}]},{\"@type\":\"WebSite\",\"@id\":\"https:\/\/abelfigueiredo.pa.gov.br\/site\/#website\",\"url\":\"https:\/\/abelfigueiredo.pa.gov.br\/site\/\",\"name\":\"Prefeitura Municipal de Abel Figueiredo | Gest\u00e3o 2025-2028\",\"description\":\"Site oficial da Prefeitura Municipal de Abel Figueiredo\",\"potentialAction\":[{\"@type\":\"SearchAction\",\"target\":{\"@type\":\"EntryPoint\",\"urlTemplate\":\"https:\/\/abelfigueiredo.pa.gov.br\/site\/?s={search_term_string}\"},\"query-input\":{\"@type\":\"PropertyValueSpecification\",\"valueRequired\":true,\"valueName\":\"search_term_string\"}}],\"inLanguage\":\"pt-BR\"},{\"@type\":\"Person\",\"@id\":\"https:\/\/abelfigueiredo.pa.gov.br\/site\/#\/schema\/person\/cd339873ac029367c3231ceff74255e2\",\"name\":\"CR2\",\"image\":{\"@type\":\"ImageObject\",\"inLanguage\":\"pt-BR\",\"@id\":\"https:\/\/abelfigueiredo.pa.gov.br\/site\/#\/schema\/person\/image\/\",\"url\":\"https:\/\/secure.gravatar.com\/avatar\/10abeee85fe3535c186151596ff19e8203d3ce50cd496637349b0394b06377b7?s=96&d=mm&r=g\",\"contentUrl\":\"https:\/\/secure.gravatar.com\/avatar\/10abeee85fe3535c186151596ff19e8203d3ce50cd496637349b0394b06377b7?s=96&d=mm&r=g\",\"caption\":\"CR2\"},\"url\":\"https:\/\/abelfigueiredo.pa.gov.br\/site\/author\/admin\/\"}]}<\/script>\n<!-- \/ Yoast SEO plugin. -->","yoast_head_json":{"title":"Editais da Lei Complementar N\u00ba 195\/2022 \u2013 Lei Paulo Gustavo - Prefeitura Municipal de Abel Figueiredo | Gest\u00e3o 2025-2028","robots":{"index":"index","follow":"follow","max-snippet":"max-snippet:-1","max-image-preview":"max-image-preview:large","max-video-preview":"max-video-preview:-1"},"canonical":"https:\/\/abelfigueiredo.pa.gov.br\/site\/editais-da-lei-complementar-no-195-2022-lei-paulo-gustavo\/","og_locale":"pt_BR","og_type":"article","og_title":"Editais da Lei Complementar N\u00ba 195\/2022 \u2013 Lei Paulo Gustavo - Prefeitura Municipal de Abel Figueiredo | Gest\u00e3o 2025-2028","og_description":"Edital n\u00ba 001-2023-Audiovisual Edital n\u00ba 002-2023-Pr\u00eamios Edital n\u00ba 003-2023-Apoio a projetos Comunicado N\u00ba 001-2023-Secult Rela\u00e7\u00e3o preliminar de selecionados-13-11 Rela\u00e7\u00e3o Final de selecionados","og_url":"https:\/\/abelfigueiredo.pa.gov.br\/site\/editais-da-lei-complementar-no-195-2022-lei-paulo-gustavo\/","og_site_name":"Prefeitura Municipal de Abel Figueiredo | Gest\u00e3o 2025-2028","article_published_time":"2023-10-04T21:00:19+00:00","author":"CR2","twitter_misc":{"Escrito por":"CR2"},"schema":{"@context":"https:\/\/schema.org","@graph":[{"@type":"WebPage","@id":"https:\/\/abelfigueiredo.pa.gov.br\/site\/editais-da-lei-complementar-no-195-2022-lei-paulo-gustavo\/","url":"https:\/\/abelfigueiredo.pa.gov.br\/site\/editais-da-lei-complementar-no-195-2022-lei-paulo-gustavo\/","name":"Editais da Lei Complementar N\u00ba 195\/2022 \u2013 Lei Paulo Gustavo - Prefeitura Municipal de Abel Figueiredo | Gest\u00e3o 2025-2028","isPartOf":{"@id":"https:\/\/abelfigueiredo.pa.gov.br\/site\/#website"},"datePublished":"2023-10-04T21:00:19+00:00","author":{"@id":"https:\/\/abelfigueiredo.pa.gov.br\/site\/#\/schema\/person\/cd339873ac029367c3231ceff74255e2"},"inLanguage":"pt-BR","potentialAction":[{"@type":"ReadAction","target":["https:\/\/abelfigueiredo.pa.gov.br\/site\/editais-da-lei-complementar-no-195-2022-lei-paulo-gustavo\/"]}]},{"@type":"WebSite","@id":"https:\/\/abelfigueiredo.pa.gov.br\/site\/#website","url":"https:\/\/abelfigueiredo.pa.gov.br\/site\/","name":"Prefeitura Municipal de Abel Figueiredo | Gest\u00e3o 2025-2028","description":"Site oficial da Prefeitura Municipal de Abel Figueiredo","potentialAction":[{"@type":"SearchAction","target":{"@type":"EntryPoint","urlTemplate":"https:\/\/abelfigueiredo.pa.gov.br\/site\/?s={search_term_string}"},"query-input":{"@type":"PropertyValueSpecification","valueRequired":true,"valueName":"search_term_string"}}],"inLanguage":"pt-BR"},{"@type":"Person","@id":"https:\/\/abelfigueiredo.pa.gov.br\/site\/#\/schema\/person\/cd339873ac029367c3231ceff74255e2","name":"CR2","image":{"@type":"ImageObject","inLanguage":"pt-BR","@id":"https:\/\/abelfigueiredo.pa.gov.br\/site\/#\/schema\/person\/image\/","url":"https:\/\/secure.gravatar.com\/avatar\/10abeee85fe3535c186151596ff19e8203d3ce50cd496637349b0394b06377b7?s=96&d=mm&r=g","contentUrl":"https:\/\/secure.gravatar.com\/avatar\/10abeee85fe3535c186151596ff19e8203d3ce50cd496637349b0394b06377b7?s=96&d=mm&r=g","caption":"CR2"},"url":"https:\/\/abelfigueiredo.pa.gov.br\/site\/author\/admin\/"}]}},"_links":{"self":[{"href":"https:\/\/abelfigueiredo.pa.gov.br\/site\/wp-json\/wp\/v2\/posts\/16358","targetHints":{"allow":["GET"]}}],"collection":[{"href":"https:\/\/abelfigueiredo.pa.gov.br\/site\/wp-json\/wp\/v2\/posts"}],"about":[{"href":"https:\/\/abelfigueiredo.pa.gov.br\/site\/wp-json\/wp\/v2\/types\/post"}],"author":[{"embeddable":true,"href":"https:\/\/abelfigueiredo.pa.gov.br\/site\/wp-json\/wp\/v2\/users\/1"}],"replies":[{"embeddable":true,"href":"https:\/\/abelfigueiredo.pa.gov.br\/site\/wp-json\/wp\/v2\/comments?post=16358"}],"version-history":[{"count":0,"href":"https:\/\/abelfigueiredo.pa.gov.br\/site\/wp-json\/wp\/v2\/posts\/16358\/revisions"}],"wp:attachment":[{"href":"https:\/\/abelfigueiredo.pa.gov.br\/site\/wp-json\/wp\/v2\/media?parent=16358"}],"wp:term":[{"taxonomy":"category","embeddable":true,"href":"https:\/\/abelfigueiredo.pa.gov.br\/site\/wp-json\/wp\/v2\/categories?post=16358"},{"taxonomy":"post_tag","embeddable":true,"href":"https:\/\/abelfigueiredo.pa.gov.br\/site\/wp-json\/wp\/v2\/tags?post=16358"}],"curies":[{"name":"wp","href":"https:\/\/api.w.org\/{rel}","templated":true}]}}