{"id":16075,"date":"2023-08-30T17:45:57","date_gmt":"2023-08-30T20:45:57","guid":{"rendered":"https:\/\/abelfigueiredo.pa.gov.br\/site\/?p=16075"},"modified":"2023-08-30T17:45:57","modified_gmt":"2023-08-30T20:45:57","slug":"prefeito-antonio-calhau-em-belem-com-o-vereador-carlos-alberto-amorim-em-audiencia-com-o-presidente-da-alepa-deputado-estadual-chicao","status":"publish","type":"post","link":"https:\/\/abelfigueiredo.pa.gov.br\/site\/prefeito-antonio-calhau-em-belem-com-o-vereador-carlos-alberto-amorim-em-audiencia-com-o-presidente-da-alepa-deputado-estadual-chicao\/","title":{"rendered":"Prefeito Ant\u00f4nio Calhau em Bel\u00e9m com o vereador Carlos Alberto Amorim em audi\u00eancia com o presidente da ALEPA Deputado Estadual Chic\u00e3o."},"content":{"rendered":"<div>\n<div class=\"\" dir=\"auto\">\n<div id=\":r6fc:\" class=\"x1iorvi4 x1pi30zi x1l90r2v x1swvt13\" data-ad-comet-preview=\"message\" data-ad-preview=\"message\">\n<div class=\"x78zum5 xdt5ytf xz62fqu x16ldp7u\">\n<div class=\"xu06os2 x1ok221b\">\n<div class=\"x11i5rnm xat24cr x1mh8g0r x1vvkbs xtlvy1s x126k92a\">\n<div dir=\"auto\"><a class=\"x1i10hfl xjbqb8w x6umtig x1b1mbwd xaqea5y xav7gou x9f619 x1ypdohk xt0psk2 xe8uvvx xdj266r x11i5rnm xat24cr x1mh8g0r xexx8yu x4uap5 x18d9i69 xkhd6sd x16tdsg8 x1hl2dhg xggy1nq x1a2a7pz xt0b8zv x1qq9wsj xo1l8bm\" tabindex=\"0\" role=\"link\" href=\"https:\/\/www.facebook.com\/hashtag\/compartilhe?__eep__=6&amp;__cft__[0]=AZXHnquhovAL0PBHNmunTcmU69XNNKMGaWU5aooRLHvaCkcj4pwbKtAgWAW06hg6pNFsufbRCIS_a7Wry7qJgLjKgLZDMVoF2_5uNnxAuKRrOfYaxPVRv18uyRiPdkYNsaPPHxDXkoUQyMUg8NjrPB7vq4f5kn_OKlgERgg8Rn71a-N1IoO8ZpOvR5B-iicWie8&amp;__tn__=*NK-R\">#compartilhe<\/a><\/div>\n<\/div>\n<div class=\"x11i5rnm xat24cr x1mh8g0r x1vvkbs xtlvy1s x126k92a\">\n<div dir=\"auto\">O Prefeito Ant\u00f4nio Calhau esteve presente nessa \u00faltima quarta-feira, 30 de agosto na capital Bel\u00e9m acompanhado do vereador Carlos Alberto Amorim em audi\u00eancia com o presidente da ALEPA, ( ASSEMBLEIA LEGISLATIVA DO ESTADO DO PAR\u00c1), com deputado estadual Chic\u00e3o em busca de melhorias para o nosso munic\u00edpio.<\/div>\n<\/div>\n<div class=\"x11i5rnm xat24cr x1mh8g0r x1vvkbs xtlvy1s x126k92a\">\n<div dir=\"auto\"><a class=\"x1i10hfl xjbqb8w x6umtig x1b1mbwd xaqea5y xav7gou x9f619 x1ypdohk xt0psk2 xe8uvvx xdj266r x11i5rnm xat24cr x1mh8g0r xexx8yu x4uap5 x18d9i69 xkhd6sd x16tdsg8 x1hl2dhg xggy1nq x1a2a7pz xt0b8zv x1qq9wsj xo1l8bm\" tabindex=\"0\" role=\"link\" href=\"https:\/\/www.facebook.com\/hashtag\/prefeituradeabel?__eep__=6&amp;__cft__[0]=AZXHnquhovAL0PBHNmunTcmU69XNNKMGaWU5aooRLHvaCkcj4pwbKtAgWAW06hg6pNFsufbRCIS_a7Wry7qJgLjKgLZDMVoF2_5uNnxAuKRrOfYaxPVRv18uyRiPdkYNsaPPHxDXkoUQyMUg8NjrPB7vq4f5kn_OKlgERgg8Rn71a-N1IoO8ZpOvR5B-iicWie8&amp;__tn__=*NK-R\">#prefeituradeabel<\/a><\/div>\n<div dir=\"auto\"><a class=\"x1i10hfl xjbqb8w x6umtig x1b1mbwd xaqea5y xav7gou x9f619 x1ypdohk xt0psk2 xe8uvvx xdj266r x11i5rnm xat24cr x1mh8g0r xexx8yu x4uap5 x18d9i69 xkhd6sd x16tdsg8 x1hl2dhg xggy1nq x1a2a7pz xt0b8zv x1qq9wsj xo1l8bm\" tabindex=\"0\" role=\"link\" href=\"https:\/\/www.facebook.com\/hashtag\/camaradevereadores?__eep__=6&amp;__cft__[0]=AZXHnquhovAL0PBHNmunTcmU69XNNKMGaWU5aooRLHvaCkcj4pwbKtAgWAW06hg6pNFsufbRCIS_a7Wry7qJgLjKgLZDMVoF2_5uNnxAuKRrOfYaxPVRv18uyRiPdkYNsaPPHxDXkoUQyMUg8NjrPB7vq4f5kn_OKlgERgg8Rn71a-N1IoO8ZpOvR5B-iicWie8&amp;__tn__=*NK-R\">#camaradevereadores<\/a><\/div>\n<div dir=\"auto\"><a class=\"x1i10hfl xjbqb8w x6umtig x1b1mbwd xaqea5y xav7gou x9f619 x1ypdohk xt0psk2 xe8uvvx xdj266r x11i5rnm xat24cr x1mh8g0r xexx8yu x4uap5 x18d9i69 xkhd6sd x16tdsg8 x1hl2dhg xggy1nq x1a2a7pz xt0b8zv x1qq9wsj xo1l8bm\" tabindex=\"0\" role=\"link\" href=\"https:\/\/www.facebook.com\/hashtag\/alepa?__eep__=6&amp;__cft__[0]=AZXHnquhovAL0PBHNmunTcmU69XNNKMGaWU5aooRLHvaCkcj4pwbKtAgWAW06hg6pNFsufbRCIS_a7Wry7qJgLjKgLZDMVoF2_5uNnxAuKRrOfYaxPVRv18uyRiPdkYNsaPPHxDXkoUQyMUg8NjrPB7vq4f5kn_OKlgERgg8Rn71a-N1IoO8ZpOvR5B-iicWie8&amp;__tn__=*NK-R\">#alepa<\/a><\/div>\n<div dir=\"auto\"><a class=\"x1i10hfl xjbqb8w x6umtig x1b1mbwd xaqea5y xav7gou x9f619 x1ypdohk xt0psk2 xe8uvvx xdj266r x11i5rnm xat24cr x1mh8g0r xexx8yu x4uap5 x18d9i69 xkhd6sd x16tdsg8 x1hl2dhg xggy1nq x1a2a7pz xt0b8zv x1qq9wsj xo1l8bm\" tabindex=\"0\" role=\"link\" href=\"https:\/\/www.facebook.com\/hashtag\/trabalhandoparaopovo?__eep__=6&amp;__cft__[0]=AZXHnquhovAL0PBHNmunTcmU69XNNKMGaWU5aooRLHvaCkcj4pwbKtAgWAW06hg6pNFsufbRCIS_a7Wry7qJgLjKgLZDMVoF2_5uNnxAuKRrOfYaxPVRv18uyRiPdkYNsaPPHxDXkoUQyMUg8NjrPB7vq4f5kn_OKlgERgg8Rn71a-N1IoO8ZpOvR5B-iicWie8&amp;__tn__=*NK-R\">#trabalhandoparaopovo<\/a><\/div>\n<\/div>\n<\/div>\n<\/div>\n<\/div>\n<\/div>\n<div id=\":r6fd:\" class=\"x1n2onr6\">\n<div class=\"x1n2onr6\">\n<div class=\"x6s0dn4 x1jx94hy x78zum5 xdt5ytf x6ikm8r x10wlt62 x1n2onr6 xh8yej3\">\n<div>\n<div class=\"xqtp20y x6ikm8r x10wlt62 x1n2onr6\">\n<div class=\"x10l6tqk x13vifvy\"><img loading=\"lazy\" decoding=\"async\" class=\"x1ey2m1c xds687c x5yr21d x10l6tqk x17qophe x13vifvy xh8yej3 xl1xv1r\" src=\"https:\/\/scontent.fimp1-1.fna.fbcdn.net\/v\/t39.30808-6\/373329994_130268503493289_690419793499902164_n.jpg?stp=dst-jpg_p843x403&amp;_nc_cat=100&amp;ccb=1-7&amp;_nc_sid=49d041&amp;_nc_eui2=AeEgY6UT7_Rma0MIeH3heBiUGykcgD8cY3kbKRyAPxxjeR4UyT9NzfxQFY_0Sa3xpRUyOrMCj74qMXp9YRuz6HJM&amp;_nc_ohc=6LsMBXXU_kgAX8OCGp_&amp;_nc_ht=scontent.fimp1-1.fna&amp;oh=00_AfBeh_i6kdxo6wgROucxhlTPyvXQtJRL018vlfMjOneqDw&amp;oe=64FD7984\" alt=\"Pode ser uma imagem de 3 pessoas e texto que diz &quot;Prefeito Ant\u00f4nio Calhau em Bel\u00e9m com vereador Carlos Alberto Amorim em audi\u00eancia com o presidente da ALEPA Deputado Estadual Chic\u00e3o. FIGUEIREDO TrabalhandoparaoPoo C\u00e2mara Municipal de Abel Figueiredo ASSEMBLEIA LEGISLATIVA RA www.abelfigueiredo.pa.gov.br FONTE:ASSESSORIA.DE.COMUNIGA\u00c7\u00c3O&quot;\" width=\"843\" height=\"843\" \/><\/div>\n<\/div>\n<\/div>\n<\/div>\n<div class=\"xua58t2 xzg4506 x1ey2m1c xds687c x47corl x10l6tqk x17qophe x13vifvy\"><\/div>\n<div class=\"x1o1ewxj x3x9cwd x1e5q0jg x13rtm0m x1ey2m1c xds687c xg01cxk x47corl x10l6tqk x17qophe x13vifvy x1ebt8du x19991ni x1dhq9h\" data-visualcompletion=\"ignore\"><\/div>\n<\/div>\n<div class=\"x6ikm8r x10wlt62\"><\/div>\n<\/div>\n<\/div>\n<div>\n<div class=\"x168nmei x13lgxp2 x30kzoy x9jhf4c x6ikm8r x10wlt62\" data-visualcompletion=\"ignore-dynamic\">\n<div>\n<div>\n<div>\n<div class=\"x1n2onr6\"><\/div>\n<\/div>\n<\/div>\n<\/div>\n<\/div>\n<\/div>\n","protected":false},"excerpt":{"rendered":"<p>#compartilhe O Prefeito Ant\u00f4nio Calhau esteve presente nessa \u00faltima quarta-feira, 30 de agosto na capital Bel\u00e9m acompanhado do vereador Carlos Alberto Amorim em audi\u00eancia com o presidente da ALEPA, ( ASSEMBLEIA LEGISLATIVA DO ESTADO DO PAR\u00c1), com deputado estadual Chic\u00e3o em busca de melhorias para o nosso munic\u00edpio. #prefeituradeabel #camaradevereadores #alepa #trabalhandoparaopovo<\/p>\n","protected":false},"author":34,"featured_media":16076,"comment_status":"closed","ping_status":"closed","sticky":false,"template":"","format":"standard","meta":{"footnotes":""},"categories":[1],"tags":[],"class_list":{"0":"post-16075","1":"post","2":"type-post","3":"status-publish","4":"format-standard","5":"has-post-thumbnail","7":"category-noticias"},"yoast_head":"<!-- This site is optimized with the Yoast SEO plugin v26.6 - https:\/\/yoast.com\/wordpress\/plugins\/seo\/ -->\n<title>Prefeito Ant\u00f4nio Calhau em Bel\u00e9m com o vereador Carlos Alberto Amorim em audi\u00eancia com o presidente da ALEPA Deputado Estadual Chic\u00e3o. - Prefeitura Municipal de Abel Figueiredo | Gest\u00e3o 2025-2028<\/title>\n<meta name=\"robots\" content=\"index, follow, max-snippet:-1, max-image-preview:large, max-video-preview:-1\" \/>\n<link rel=\"canonical\" href=\"https:\/\/abelfigueiredo.pa.gov.br\/site\/prefeito-antonio-calhau-em-belem-com-o-vereador-carlos-alberto-amorim-em-audiencia-com-o-presidente-da-alepa-deputado-estadual-chicao\/\" \/>\n<meta property=\"og:locale\" content=\"pt_BR\" \/>\n<meta property=\"og:type\" content=\"article\" \/>\n<meta property=\"og:title\" content=\"Prefeito Ant\u00f4nio Calhau em Bel\u00e9m com o vereador Carlos Alberto Amorim em audi\u00eancia com o presidente da ALEPA Deputado Estadual Chic\u00e3o. - Prefeitura Municipal de Abel Figueiredo | Gest\u00e3o 2025-2028\" \/>\n<meta property=\"og:description\" content=\"#compartilhe O Prefeito Ant\u00f4nio Calhau esteve presente nessa \u00faltima quarta-feira, 30 de agosto na capital Bel\u00e9m acompanhado do vereador Carlos Alberto Amorim em audi\u00eancia com o presidente da ALEPA, ( ASSEMBLEIA LEGISLATIVA DO ESTADO DO PAR\u00c1), com deputado estadual Chic\u00e3o em busca de melhorias para o nosso munic\u00edpio. #prefeituradeabel #camaradevereadores #alepa #trabalhandoparaopovo\" \/>\n<meta property=\"og:url\" content=\"https:\/\/abelfigueiredo.pa.gov.br\/site\/prefeito-antonio-calhau-em-belem-com-o-vereador-carlos-alberto-amorim-em-audiencia-com-o-presidente-da-alepa-deputado-estadual-chicao\/\" \/>\n<meta property=\"og:site_name\" content=\"Prefeitura Municipal de Abel Figueiredo | Gest\u00e3o 2025-2028\" \/>\n<meta property=\"article:published_time\" content=\"2023-08-30T20:45:57+00:00\" \/>\n<meta property=\"og:image\" content=\"https:\/\/scontent.fimp1-1.fna.fbcdn.net\/v\/t39.30808-6\/373329994_130268503493289_690419793499902164_n.jpg?stp=dst-jpg_p843x403&amp;_nc_cat=100&amp;ccb=1-7&amp;_nc_sid=49d041&amp;_nc_eui2=AeEgY6UT7_Rma0MIeH3heBiUGykcgD8cY3kbKRyAPxxjeR4UyT9NzfxQFY_0Sa3xpRUyOrMCj74qMXp9YRuz6HJM&amp;_nc_ohc=6LsMBXXU_kgAX8OCGp_&amp;_nc_ht=scontent.fimp1-1.fna&amp;oh=00_AfBeh_i6kdxo6wgROucxhlTPyvXQtJRL018vlfMjOneqDw&amp;oe=64FD7984\" \/>\n<meta name=\"author\" content=\"djthiago\" \/>\n<meta name=\"twitter:label1\" content=\"Escrito por\" \/>\n\t<meta name=\"twitter:data1\" content=\"djthiago\" \/>\n<script type=\"application\/ld+json\" class=\"yoast-schema-graph\">{\"@context\":\"https:\/\/schema.org\",\"@graph\":[{\"@type\":\"WebPage\",\"@id\":\"https:\/\/abelfigueiredo.pa.gov.br\/site\/prefeito-antonio-calhau-em-belem-com-o-vereador-carlos-alberto-amorim-em-audiencia-com-o-presidente-da-alepa-deputado-estadual-chicao\/\",\"url\":\"https:\/\/abelfigueiredo.pa.gov.br\/site\/prefeito-antonio-calhau-em-belem-com-o-vereador-carlos-alberto-amorim-em-audiencia-com-o-presidente-da-alepa-deputado-estadual-chicao\/\",\"name\":\"Prefeito Ant\u00f4nio Calhau em Bel\u00e9m com o vereador Carlos Alberto Amorim em audi\u00eancia com o presidente da ALEPA Deputado Estadual Chic\u00e3o. - Prefeitura Municipal de Abel Figueiredo | Gest\u00e3o 2025-2028\",\"isPartOf\":{\"@id\":\"https:\/\/abelfigueiredo.pa.gov.br\/site\/#website\"},\"primaryImageOfPage\":{\"@id\":\"https:\/\/abelfigueiredo.pa.gov.br\/site\/prefeito-antonio-calhau-em-belem-com-o-vereador-carlos-alberto-amorim-em-audiencia-com-o-presidente-da-alepa-deputado-estadual-chicao\/#primaryimage\"},\"image\":{\"@id\":\"https:\/\/abelfigueiredo.pa.gov.br\/site\/prefeito-antonio-calhau-em-belem-com-o-vereador-carlos-alberto-amorim-em-audiencia-com-o-presidente-da-alepa-deputado-estadual-chicao\/#primaryimage\"},\"thumbnailUrl\":\"https:\/\/abelfigueiredo.pa.gov.br\/site\/wp-content\/uploads\/2023\/09\/Evento-realizado-para-as-maes-do-Programa-Crianca-Feliz-Primeira-Infancia-no-SUAS-1080-\u00d7-1000-px-1000-\u00d7-1000-px-2023-08-31T142436.954.png\",\"datePublished\":\"2023-08-30T20:45:57+00:00\",\"author\":{\"@id\":\"https:\/\/abelfigueiredo.pa.gov.br\/site\/#\/schema\/person\/7c1ecb1baa18502745b46b3921be7bbb\"},\"inLanguage\":\"pt-BR\",\"potentialAction\":[{\"@type\":\"ReadAction\",\"target\":[\"https:\/\/abelfigueiredo.pa.gov.br\/site\/prefeito-antonio-calhau-em-belem-com-o-vereador-carlos-alberto-amorim-em-audiencia-com-o-presidente-da-alepa-deputado-estadual-chicao\/\"]}]},{\"@type\":\"ImageObject\",\"inLanguage\":\"pt-BR\",\"@id\":\"https:\/\/abelfigueiredo.pa.gov.br\/site\/prefeito-antonio-calhau-em-belem-com-o-vereador-carlos-alberto-amorim-em-audiencia-com-o-presidente-da-alepa-deputado-estadual-chicao\/#primaryimage\",\"url\":\"https:\/\/abelfigueiredo.pa.gov.br\/site\/wp-content\/uploads\/2023\/09\/Evento-realizado-para-as-maes-do-Programa-Crianca-Feliz-Primeira-Infancia-no-SUAS-1080-\u00d7-1000-px-1000-\u00d7-1000-px-2023-08-31T142436.954.png\",\"contentUrl\":\"https:\/\/abelfigueiredo.pa.gov.br\/site\/wp-content\/uploads\/2023\/09\/Evento-realizado-para-as-maes-do-Programa-Crianca-Feliz-Primeira-Infancia-no-SUAS-1080-\u00d7-1000-px-1000-\u00d7-1000-px-2023-08-31T142436.954.png\",\"width\":1000,\"height\":1000},{\"@type\":\"WebSite\",\"@id\":\"https:\/\/abelfigueiredo.pa.gov.br\/site\/#website\",\"url\":\"https:\/\/abelfigueiredo.pa.gov.br\/site\/\",\"name\":\"Prefeitura Municipal de Abel Figueiredo | Gest\u00e3o 2025-2028\",\"description\":\"Site oficial da Prefeitura Municipal de Abel Figueiredo\",\"potentialAction\":[{\"@type\":\"SearchAction\",\"target\":{\"@type\":\"EntryPoint\",\"urlTemplate\":\"https:\/\/abelfigueiredo.pa.gov.br\/site\/?s={search_term_string}\"},\"query-input\":{\"@type\":\"PropertyValueSpecification\",\"valueRequired\":true,\"valueName\":\"search_term_string\"}}],\"inLanguage\":\"pt-BR\"},{\"@type\":\"Person\",\"@id\":\"https:\/\/abelfigueiredo.pa.gov.br\/site\/#\/schema\/person\/7c1ecb1baa18502745b46b3921be7bbb\",\"name\":\"djthiago\",\"image\":{\"@type\":\"ImageObject\",\"inLanguage\":\"pt-BR\",\"@id\":\"https:\/\/abelfigueiredo.pa.gov.br\/site\/#\/schema\/person\/image\/\",\"url\":\"https:\/\/secure.gravatar.com\/avatar\/2edad05cd7afbef8b9e1495dacdf55fd32bf2fe055ead3a385c32f41e201743d?s=96&d=mm&r=g\",\"contentUrl\":\"https:\/\/secure.gravatar.com\/avatar\/2edad05cd7afbef8b9e1495dacdf55fd32bf2fe055ead3a385c32f41e201743d?s=96&d=mm&r=g\",\"caption\":\"djthiago\"},\"url\":\"https:\/\/abelfigueiredo.pa.gov.br\/site\/author\/djthiago\/\"}]}<\/script>\n<!-- \/ Yoast SEO plugin. -->","yoast_head_json":{"title":"Prefeito Ant\u00f4nio Calhau em Bel\u00e9m com o vereador Carlos Alberto Amorim em audi\u00eancia com o presidente da ALEPA Deputado Estadual Chic\u00e3o. - Prefeitura Municipal de Abel Figueiredo | Gest\u00e3o 2025-2028","robots":{"index":"index","follow":"follow","max-snippet":"max-snippet:-1","max-image-preview":"max-image-preview:large","max-video-preview":"max-video-preview:-1"},"canonical":"https:\/\/abelfigueiredo.pa.gov.br\/site\/prefeito-antonio-calhau-em-belem-com-o-vereador-carlos-alberto-amorim-em-audiencia-com-o-presidente-da-alepa-deputado-estadual-chicao\/","og_locale":"pt_BR","og_type":"article","og_title":"Prefeito Ant\u00f4nio Calhau em Bel\u00e9m com o vereador Carlos Alberto Amorim em audi\u00eancia com o presidente da ALEPA Deputado Estadual Chic\u00e3o. - Prefeitura Municipal de Abel Figueiredo | Gest\u00e3o 2025-2028","og_description":"#compartilhe O Prefeito Ant\u00f4nio Calhau esteve presente nessa \u00faltima quarta-feira, 30 de agosto na capital Bel\u00e9m acompanhado do vereador Carlos Alberto Amorim em audi\u00eancia com o presidente da ALEPA, ( ASSEMBLEIA LEGISLATIVA DO ESTADO DO PAR\u00c1), com deputado estadual Chic\u00e3o em busca de melhorias para o nosso munic\u00edpio. #prefeituradeabel #camaradevereadores #alepa #trabalhandoparaopovo","og_url":"https:\/\/abelfigueiredo.pa.gov.br\/site\/prefeito-antonio-calhau-em-belem-com-o-vereador-carlos-alberto-amorim-em-audiencia-com-o-presidente-da-alepa-deputado-estadual-chicao\/","og_site_name":"Prefeitura Municipal de Abel Figueiredo | Gest\u00e3o 2025-2028","article_published_time":"2023-08-30T20:45:57+00:00","og_image":[{"url":"https:\/\/scontent.fimp1-1.fna.fbcdn.net\/v\/t39.30808-6\/373329994_130268503493289_690419793499902164_n.jpg?stp=dst-jpg_p843x403&amp;_nc_cat=100&amp;ccb=1-7&amp;_nc_sid=49d041&amp;_nc_eui2=AeEgY6UT7_Rma0MIeH3heBiUGykcgD8cY3kbKRyAPxxjeR4UyT9NzfxQFY_0Sa3xpRUyOrMCj74qMXp9YRuz6HJM&amp;_nc_ohc=6LsMBXXU_kgAX8OCGp_&amp;_nc_ht=scontent.fimp1-1.fna&amp;oh=00_AfBeh_i6kdxo6wgROucxhlTPyvXQtJRL018vlfMjOneqDw&amp;oe=64FD7984","type":"","width":"","height":""}],"author":"djthiago","twitter_misc":{"Escrito por":"djthiago"},"schema":{"@context":"https:\/\/schema.org","@graph":[{"@type":"WebPage","@id":"https:\/\/abelfigueiredo.pa.gov.br\/site\/prefeito-antonio-calhau-em-belem-com-o-vereador-carlos-alberto-amorim-em-audiencia-com-o-presidente-da-alepa-deputado-estadual-chicao\/","url":"https:\/\/abelfigueiredo.pa.gov.br\/site\/prefeito-antonio-calhau-em-belem-com-o-vereador-carlos-alberto-amorim-em-audiencia-com-o-presidente-da-alepa-deputado-estadual-chicao\/","name":"Prefeito Ant\u00f4nio Calhau em Bel\u00e9m com o vereador Carlos Alberto Amorim em audi\u00eancia com o presidente da ALEPA Deputado Estadual Chic\u00e3o. - Prefeitura Municipal de Abel Figueiredo | Gest\u00e3o 2025-2028","isPartOf":{"@id":"https:\/\/abelfigueiredo.pa.gov.br\/site\/#website"},"primaryImageOfPage":{"@id":"https:\/\/abelfigueiredo.pa.gov.br\/site\/prefeito-antonio-calhau-em-belem-com-o-vereador-carlos-alberto-amorim-em-audiencia-com-o-presidente-da-alepa-deputado-estadual-chicao\/#primaryimage"},"image":{"@id":"https:\/\/abelfigueiredo.pa.gov.br\/site\/prefeito-antonio-calhau-em-belem-com-o-vereador-carlos-alberto-amorim-em-audiencia-com-o-presidente-da-alepa-deputado-estadual-chicao\/#primaryimage"},"thumbnailUrl":"https:\/\/abelfigueiredo.pa.gov.br\/site\/wp-content\/uploads\/2023\/09\/Evento-realizado-para-as-maes-do-Programa-Crianca-Feliz-Primeira-Infancia-no-SUAS-1080-\u00d7-1000-px-1000-\u00d7-1000-px-2023-08-31T142436.954.png","datePublished":"2023-08-30T20:45:57+00:00","author":{"@id":"https:\/\/abelfigueiredo.pa.gov.br\/site\/#\/schema\/person\/7c1ecb1baa18502745b46b3921be7bbb"},"inLanguage":"pt-BR","potentialAction":[{"@type":"ReadAction","target":["https:\/\/abelfigueiredo.pa.gov.br\/site\/prefeito-antonio-calhau-em-belem-com-o-vereador-carlos-alberto-amorim-em-audiencia-com-o-presidente-da-alepa-deputado-estadual-chicao\/"]}]},{"@type":"ImageObject","inLanguage":"pt-BR","@id":"https:\/\/abelfigueiredo.pa.gov.br\/site\/prefeito-antonio-calhau-em-belem-com-o-vereador-carlos-alberto-amorim-em-audiencia-com-o-presidente-da-alepa-deputado-estadual-chicao\/#primaryimage","url":"https:\/\/abelfigueiredo.pa.gov.br\/site\/wp-content\/uploads\/2023\/09\/Evento-realizado-para-as-maes-do-Programa-Crianca-Feliz-Primeira-Infancia-no-SUAS-1080-\u00d7-1000-px-1000-\u00d7-1000-px-2023-08-31T142436.954.png","contentUrl":"https:\/\/abelfigueiredo.pa.gov.br\/site\/wp-content\/uploads\/2023\/09\/Evento-realizado-para-as-maes-do-Programa-Crianca-Feliz-Primeira-Infancia-no-SUAS-1080-\u00d7-1000-px-1000-\u00d7-1000-px-2023-08-31T142436.954.png","width":1000,"height":1000},{"@type":"WebSite","@id":"https:\/\/abelfigueiredo.pa.gov.br\/site\/#website","url":"https:\/\/abelfigueiredo.pa.gov.br\/site\/","name":"Prefeitura Municipal de Abel Figueiredo | Gest\u00e3o 2025-2028","description":"Site oficial da Prefeitura Municipal de Abel Figueiredo","potentialAction":[{"@type":"SearchAction","target":{"@type":"EntryPoint","urlTemplate":"https:\/\/abelfigueiredo.pa.gov.br\/site\/?s={search_term_string}"},"query-input":{"@type":"PropertyValueSpecification","valueRequired":true,"valueName":"search_term_string"}}],"inLanguage":"pt-BR"},{"@type":"Person","@id":"https:\/\/abelfigueiredo.pa.gov.br\/site\/#\/schema\/person\/7c1ecb1baa18502745b46b3921be7bbb","name":"djthiago","image":{"@type":"ImageObject","inLanguage":"pt-BR","@id":"https:\/\/abelfigueiredo.pa.gov.br\/site\/#\/schema\/person\/image\/","url":"https:\/\/secure.gravatar.com\/avatar\/2edad05cd7afbef8b9e1495dacdf55fd32bf2fe055ead3a385c32f41e201743d?s=96&d=mm&r=g","contentUrl":"https:\/\/secure.gravatar.com\/avatar\/2edad05cd7afbef8b9e1495dacdf55fd32bf2fe055ead3a385c32f41e201743d?s=96&d=mm&r=g","caption":"djthiago"},"url":"https:\/\/abelfigueiredo.pa.gov.br\/site\/author\/djthiago\/"}]}},"_links":{"self":[{"href":"https:\/\/abelfigueiredo.pa.gov.br\/site\/wp-json\/wp\/v2\/posts\/16075","targetHints":{"allow":["GET"]}}],"collection":[{"href":"https:\/\/abelfigueiredo.pa.gov.br\/site\/wp-json\/wp\/v2\/posts"}],"about":[{"href":"https:\/\/abelfigueiredo.pa.gov.br\/site\/wp-json\/wp\/v2\/types\/post"}],"author":[{"embeddable":true,"href":"https:\/\/abelfigueiredo.pa.gov.br\/site\/wp-json\/wp\/v2\/users\/34"}],"replies":[{"embeddable":true,"href":"https:\/\/abelfigueiredo.pa.gov.br\/site\/wp-json\/wp\/v2\/comments?post=16075"}],"version-history":[{"count":0,"href":"https:\/\/abelfigueiredo.pa.gov.br\/site\/wp-json\/wp\/v2\/posts\/16075\/revisions"}],"wp:featuredmedia":[{"embeddable":true,"href":"https:\/\/abelfigueiredo.pa.gov.br\/site\/wp-json\/wp\/v2\/media\/16076"}],"wp:attachment":[{"href":"https:\/\/abelfigueiredo.pa.gov.br\/site\/wp-json\/wp\/v2\/media?parent=16075"}],"wp:term":[{"taxonomy":"category","embeddable":true,"href":"https:\/\/abelfigueiredo.pa.gov.br\/site\/wp-json\/wp\/v2\/categories?post=16075"},{"taxonomy":"post_tag","embeddable":true,"href":"https:\/\/abelfigueiredo.pa.gov.br\/site\/wp-json\/wp\/v2\/tags?post=16075"}],"curies":[{"name":"wp","href":"https:\/\/api.w.org\/{rel}","templated":true}]}}