{"id":16004,"date":"2023-08-28T10:06:51","date_gmt":"2023-08-28T13:06:51","guid":{"rendered":"https:\/\/abelfigueiredo.pa.gov.br\/site\/?p=16004"},"modified":"2023-08-28T10:06:51","modified_gmt":"2023-08-28T13:06:51","slug":"volta-as-aulas-na-emei-meu-pequeno-paraiso","status":"publish","type":"post","link":"https:\/\/abelfigueiredo.pa.gov.br\/site\/volta-as-aulas-na-emei-meu-pequeno-paraiso\/","title":{"rendered":"Volta \u00e0s aulas na EMEI. Meu Pequeno Para\u00edso."},"content":{"rendered":"<div>\n<div class=\"\" dir=\"auto\">\n<div id=\":r9b:\" class=\"x1iorvi4 x1pi30zi x1l90r2v x1swvt13\" data-ad-comet-preview=\"message\" data-ad-preview=\"message\">\n<div class=\"x78zum5 xdt5ytf xz62fqu x16ldp7u\">\n<div class=\"xu06os2 x1ok221b\">\n<div class=\"x11i5rnm xat24cr x1mh8g0r x1vvkbs xtlvy1s x126k92a\">\n<div dir=\"auto\"><a class=\"x1i10hfl xjbqb8w x6umtig x1b1mbwd xaqea5y xav7gou x9f619 x1ypdohk xt0psk2 xe8uvvx xdj266r x11i5rnm xat24cr x1mh8g0r xexx8yu x4uap5 x18d9i69 xkhd6sd x16tdsg8 x1hl2dhg xggy1nq x1a2a7pz xt0b8zv x1qq9wsj xo1l8bm\" tabindex=\"0\" role=\"link\" href=\"https:\/\/www.facebook.com\/hashtag\/compartilhe?__eep__=6&amp;__cft__[0]=AZUuw0b8IPRk980fAkni7GkpgrAuWxpgfdmvistaUoyFY8liAIsYiFAaPNy3IPOKXYw9Bs-9N_oe71r0aLEn9RHHlR7xcBl-C_vun9t0cu30BYqa2r3NDoZgaFDoVEIqfR6uvJAYILnNPahveI-Z11cUMekjm8-_2CTKowfPBngNEkNFtrdRUeRA6qcdNCGNHEU&amp;__tn__=*NK-R\">#compartilhe<\/a><\/div>\n<\/div>\n<div class=\"x11i5rnm xat24cr x1mh8g0r x1vvkbs xtlvy1s x126k92a\">\n<div dir=\"auto\">A Prefeitura de Abel Figueiredo administra\u00e7\u00e3o Prefeito Ant\u00f4nio Calhau vice Evandro da Serraria, por meio da Secretaria Municipal de Educa\u00e7\u00e3o, Secret\u00e1ria Rafaele Souza e equipe, comunica a todos a volta \u00e0s aulas na escola Municipal de Ensino Infantil Meu Pequeno Para\u00edso, ap\u00f3s a reforma e amplia\u00e7\u00e3o.<\/div>\n<\/div>\n<div class=\"x11i5rnm xat24cr x1mh8g0r x1vvkbs xtlvy1s x126k92a\">\n<div dir=\"auto\">Nesta Segunda-feira, dia 28 de Agosto.<\/div>\n<\/div>\n<div class=\"x11i5rnm xat24cr x1mh8g0r x1vvkbs xtlvy1s x126k92a\">\n<div dir=\"auto\">&#8220;Nossa escola est\u00e1 mais linda e alegre para receber voc\u00ea!&#8221;<\/div>\n<\/div>\n<div class=\"x11i5rnm xat24cr x1mh8g0r x1vvkbs xtlvy1s x126k92a\">\n<div dir=\"auto\">Seguiremos juntos trabalhando para o Povo!<\/div>\n<\/div>\n<div class=\"x11i5rnm xat24cr x1mh8g0r x1vvkbs xtlvy1s x126k92a\">\n<div dir=\"auto\"><a class=\"x1i10hfl xjbqb8w x6umtig x1b1mbwd xaqea5y xav7gou x9f619 x1ypdohk xt0psk2 xe8uvvx xdj266r x11i5rnm xat24cr x1mh8g0r xexx8yu x4uap5 x18d9i69 xkhd6sd x16tdsg8 x1hl2dhg xggy1nq x1a2a7pz xt0b8zv x1qq9wsj xo1l8bm\" tabindex=\"0\" role=\"link\" href=\"https:\/\/www.facebook.com\/hashtag\/prefeituradeabel?__eep__=6&amp;__cft__[0]=AZUuw0b8IPRk980fAkni7GkpgrAuWxpgfdmvistaUoyFY8liAIsYiFAaPNy3IPOKXYw9Bs-9N_oe71r0aLEn9RHHlR7xcBl-C_vun9t0cu30BYqa2r3NDoZgaFDoVEIqfR6uvJAYILnNPahveI-Z11cUMekjm8-_2CTKowfPBngNEkNFtrdRUeRA6qcdNCGNHEU&amp;__tn__=*NK-R\">#prefeituradeabel<\/a><\/div>\n<div dir=\"auto\"><a class=\"x1i10hfl xjbqb8w x6umtig x1b1mbwd xaqea5y xav7gou x9f619 x1ypdohk xt0psk2 xe8uvvx xdj266r x11i5rnm xat24cr x1mh8g0r xexx8yu x4uap5 x18d9i69 xkhd6sd x16tdsg8 x1hl2dhg xggy1nq x1a2a7pz xt0b8zv x1qq9wsj xo1l8bm\" tabindex=\"0\" role=\"link\" href=\"https:\/\/www.facebook.com\/hashtag\/secdeeducacao?__eep__=6&amp;__cft__[0]=AZUuw0b8IPRk980fAkni7GkpgrAuWxpgfdmvistaUoyFY8liAIsYiFAaPNy3IPOKXYw9Bs-9N_oe71r0aLEn9RHHlR7xcBl-C_vun9t0cu30BYqa2r3NDoZgaFDoVEIqfR6uvJAYILnNPahveI-Z11cUMekjm8-_2CTKowfPBngNEkNFtrdRUeRA6qcdNCGNHEU&amp;__tn__=*NK-R\">#secdeeducacao<\/a><\/div>\n<div dir=\"auto\"><a class=\"x1i10hfl xjbqb8w x6umtig x1b1mbwd xaqea5y xav7gou x9f619 x1ypdohk xt0psk2 xe8uvvx xdj266r x11i5rnm xat24cr x1mh8g0r xexx8yu x4uap5 x18d9i69 xkhd6sd x16tdsg8 x1hl2dhg xggy1nq x1a2a7pz xt0b8zv x1qq9wsj xo1l8bm\" tabindex=\"0\" role=\"link\" href=\"https:\/\/www.facebook.com\/hashtag\/trabalhandoparaopovo?__eep__=6&amp;__cft__[0]=AZUuw0b8IPRk980fAkni7GkpgrAuWxpgfdmvistaUoyFY8liAIsYiFAaPNy3IPOKXYw9Bs-9N_oe71r0aLEn9RHHlR7xcBl-C_vun9t0cu30BYqa2r3NDoZgaFDoVEIqfR6uvJAYILnNPahveI-Z11cUMekjm8-_2CTKowfPBngNEkNFtrdRUeRA6qcdNCGNHEU&amp;__tn__=*NK-R\">#trabalhandoparaopovo<\/a><\/div>\n<\/div>\n<\/div>\n<\/div>\n<\/div>\n<\/div>\n<div id=\":r9c:\" class=\"x1n2onr6\">\n<div class=\"x1n2onr6\">\n<div class=\"x6s0dn4 x1jx94hy x78zum5 xdt5ytf x6ikm8r x10wlt62 x1n2onr6 xh8yej3\">\n<div>\n<div class=\"xqtp20y x6ikm8r x10wlt62 x1n2onr6\">\n<div class=\"x10l6tqk x13vifvy\"><img loading=\"lazy\" decoding=\"async\" class=\"x1ey2m1c xds687c x5yr21d x10l6tqk x17qophe x13vifvy xh8yej3 xl1xv1r\" src=\"https:\/\/scontent.fimp1-1.fna.fbcdn.net\/v\/t39.30808-6\/369970692_126223390564467_5449247349759121873_n.jpg?stp=dst-jpg_s960x960&amp;_nc_cat=101&amp;ccb=1-7&amp;_nc_sid=730e14&amp;_nc_eui2=AeHUaxpqyc3vG5amoEPEFyvg7KJgda64kqbsomB1rriSphaC6C9uvn2I4wxNQWnatPUTozaJL-4MpeMBb5mOIQm1&amp;_nc_ohc=Wzu756ERUp0AX_XBUEt&amp;_nc_ht=scontent.fimp1-1.fna&amp;oh=00_AfAub8gBghB_CQdjLcDyzpqpFyVs5Vm-wku7BF68fwRrOw&amp;oe=64F209D8\" alt=\"Pode ser uma imagem de 2 pessoas e texto que diz &quot;EMEI SEJAM BEM-VINDOS! SEGUNDA-FEIRA 28 DE AGOSTO EMEI. MEU PEQUENO PARA\u00cdSO. &quot;NOSSA ESCOLA EST\u00c1 MAIS LINDA E ALEGRE PARA RECEBER VOC\u00ca!&quot; VOLTA\u00c0S AULAS ABUBIREDO Trabalhando Povo! SECRETARIA DE EDUCA\u00c7\u00c3O&quot;\" width=\"773\" height=\"960\" \/><\/div>\n<\/div>\n<\/div>\n<\/div>\n<div class=\"xua58t2 xzg4506 x1ey2m1c xds687c x47corl x10l6tqk x17qophe x13vifvy\"><\/div>\n<div class=\"x1o1ewxj x3x9cwd x1e5q0jg x13rtm0m x1ey2m1c xds687c xg01cxk x47corl x10l6tqk x17qophe x13vifvy x1ebt8du x19991ni x1dhq9h\" data-visualcompletion=\"ignore\"><\/div>\n<\/div>\n<div class=\"x6ikm8r x10wlt62\"><\/div>\n<\/div>\n<\/div>\n<div>\n<div class=\"x168nmei x13lgxp2 x30kzoy x9jhf4c x6ikm8r x10wlt62\" data-visualcompletion=\"ignore-dynamic\">\n<div class=\"x1n2onr6\">\n<div class=\"x6s0dn4 xi81zsa x78zum5 x6prxxf x13a6bvl xvq8zen xdj266r xktsk01 xat24cr x1d52u69 x889kno x4uap5 x1a8lsjc xkhd6sd xdppsyt\">\n<div class=\"x6s0dn4 x78zum5 x1iyjqo2 x6ikm8r x10wlt62\"><\/div>\n<div class=\"x1c4vz4f x2lah0s xci0xqf\"><\/div>\n<div class=\"x9f619 x1n2onr6 x1ja2u2z x78zum5 x2lah0s x1qughib x1qjc9v5 xozqiw3 x1q0g3np xykv574 xbmpl8g x4cne27 xifccgj\"><\/div>\n<\/div>\n<\/div>\n<\/div>\n<\/div>\n","protected":false},"excerpt":{"rendered":"<p>#compartilhe A Prefeitura de Abel Figueiredo administra\u00e7\u00e3o Prefeito Ant\u00f4nio Calhau vice Evandro da Serraria, por meio da Secretaria Municipal de Educa\u00e7\u00e3o, Secret\u00e1ria Rafaele Souza e equipe, comunica a todos a volta \u00e0s aulas na escola Municipal de Ensino Infantil Meu Pequeno Para\u00edso, ap\u00f3s a reforma e amplia\u00e7\u00e3o. Nesta Segunda-feira, dia 28 de Agosto. &#8220;Nossa escola<\/p>\n<div class=\"read-more\"><a href=\"https:\/\/abelfigueiredo.pa.gov.br\/site\/volta-as-aulas-na-emei-meu-pequeno-paraiso\/\" title=\"Veja mais\">Veja mais<\/a><\/div>\n","protected":false},"author":34,"featured_media":16006,"comment_status":"closed","ping_status":"closed","sticky":false,"template":"","format":"standard","meta":{"footnotes":""},"categories":[1],"tags":[],"class_list":{"0":"post-16004","1":"post","2":"type-post","3":"status-publish","4":"format-standard","5":"has-post-thumbnail","7":"category-noticias"},"yoast_head":"<!-- This site is optimized with the Yoast SEO plugin v26.6 - https:\/\/yoast.com\/wordpress\/plugins\/seo\/ -->\n<title>Volta \u00e0s aulas na EMEI. Meu Pequeno Para\u00edso. - Prefeitura Municipal de Abel Figueiredo | Gest\u00e3o 2025-2028<\/title>\n<meta name=\"robots\" content=\"index, follow, max-snippet:-1, max-image-preview:large, max-video-preview:-1\" \/>\n<link rel=\"canonical\" href=\"https:\/\/abelfigueiredo.pa.gov.br\/site\/volta-as-aulas-na-emei-meu-pequeno-paraiso\/\" \/>\n<meta property=\"og:locale\" content=\"pt_BR\" \/>\n<meta property=\"og:type\" content=\"article\" \/>\n<meta property=\"og:title\" content=\"Volta \u00e0s aulas na EMEI. Meu Pequeno Para\u00edso. - Prefeitura Municipal de Abel Figueiredo | Gest\u00e3o 2025-2028\" \/>\n<meta property=\"og:description\" content=\"#compartilhe A Prefeitura de Abel Figueiredo administra\u00e7\u00e3o Prefeito Ant\u00f4nio Calhau vice Evandro da Serraria, por meio da Secretaria Municipal de Educa\u00e7\u00e3o, Secret\u00e1ria Rafaele Souza e equipe, comunica a todos a volta \u00e0s aulas na escola Municipal de Ensino Infantil Meu Pequeno Para\u00edso, ap\u00f3s a reforma e amplia\u00e7\u00e3o. Nesta Segunda-feira, dia 28 de Agosto. &#8220;Nossa escolaVeja mais\" \/>\n<meta property=\"og:url\" content=\"https:\/\/abelfigueiredo.pa.gov.br\/site\/volta-as-aulas-na-emei-meu-pequeno-paraiso\/\" \/>\n<meta property=\"og:site_name\" content=\"Prefeitura Municipal de Abel Figueiredo | Gest\u00e3o 2025-2028\" \/>\n<meta property=\"article:published_time\" content=\"2023-08-28T13:06:51+00:00\" \/>\n<meta property=\"og:image\" content=\"https:\/\/scontent.fimp1-1.fna.fbcdn.net\/v\/t39.30808-6\/369970692_126223390564467_5449247349759121873_n.jpg?stp=dst-jpg_s960x960&amp;_nc_cat=101&amp;ccb=1-7&amp;_nc_sid=730e14&amp;_nc_eui2=AeHUaxpqyc3vG5amoEPEFyvg7KJgda64kqbsomB1rriSphaC6C9uvn2I4wxNQWnatPUTozaJL-4MpeMBb5mOIQm1&amp;_nc_ohc=Wzu756ERUp0AX_XBUEt&amp;_nc_ht=scontent.fimp1-1.fna&amp;oh=00_AfAub8gBghB_CQdjLcDyzpqpFyVs5Vm-wku7BF68fwRrOw&amp;oe=64F209D8\" \/>\n<meta name=\"author\" content=\"djthiago\" \/>\n<meta name=\"twitter:label1\" content=\"Escrito por\" \/>\n\t<meta name=\"twitter:data1\" content=\"djthiago\" \/>\n<script type=\"application\/ld+json\" class=\"yoast-schema-graph\">{\"@context\":\"https:\/\/schema.org\",\"@graph\":[{\"@type\":\"WebPage\",\"@id\":\"https:\/\/abelfigueiredo.pa.gov.br\/site\/volta-as-aulas-na-emei-meu-pequeno-paraiso\/\",\"url\":\"https:\/\/abelfigueiredo.pa.gov.br\/site\/volta-as-aulas-na-emei-meu-pequeno-paraiso\/\",\"name\":\"Volta \u00e0s aulas na EMEI. Meu Pequeno Para\u00edso. - Prefeitura Municipal de Abel Figueiredo | Gest\u00e3o 2025-2028\",\"isPartOf\":{\"@id\":\"https:\/\/abelfigueiredo.pa.gov.br\/site\/#website\"},\"primaryImageOfPage\":{\"@id\":\"https:\/\/abelfigueiredo.pa.gov.br\/site\/volta-as-aulas-na-emei-meu-pequeno-paraiso\/#primaryimage\"},\"image\":{\"@id\":\"https:\/\/abelfigueiredo.pa.gov.br\/site\/volta-as-aulas-na-emei-meu-pequeno-paraiso\/#primaryimage\"},\"thumbnailUrl\":\"https:\/\/abelfigueiredo.pa.gov.br\/site\/wp-content\/uploads\/2023\/08\/Volta-as-Aulas-Moderno-Colorido-Cartaz-1100-\u00d7-1366-px.png\",\"datePublished\":\"2023-08-28T13:06:51+00:00\",\"author\":{\"@id\":\"https:\/\/abelfigueiredo.pa.gov.br\/site\/#\/schema\/person\/7c1ecb1baa18502745b46b3921be7bbb\"},\"inLanguage\":\"pt-BR\",\"potentialAction\":[{\"@type\":\"ReadAction\",\"target\":[\"https:\/\/abelfigueiredo.pa.gov.br\/site\/volta-as-aulas-na-emei-meu-pequeno-paraiso\/\"]}]},{\"@type\":\"ImageObject\",\"inLanguage\":\"pt-BR\",\"@id\":\"https:\/\/abelfigueiredo.pa.gov.br\/site\/volta-as-aulas-na-emei-meu-pequeno-paraiso\/#primaryimage\",\"url\":\"https:\/\/abelfigueiredo.pa.gov.br\/site\/wp-content\/uploads\/2023\/08\/Volta-as-Aulas-Moderno-Colorido-Cartaz-1100-\u00d7-1366-px.png\",\"contentUrl\":\"https:\/\/abelfigueiredo.pa.gov.br\/site\/wp-content\/uploads\/2023\/08\/Volta-as-Aulas-Moderno-Colorido-Cartaz-1100-\u00d7-1366-px.png\",\"width\":1100,\"height\":1366},{\"@type\":\"WebSite\",\"@id\":\"https:\/\/abelfigueiredo.pa.gov.br\/site\/#website\",\"url\":\"https:\/\/abelfigueiredo.pa.gov.br\/site\/\",\"name\":\"Prefeitura Municipal de Abel Figueiredo | Gest\u00e3o 2025-2028\",\"description\":\"Site oficial da Prefeitura Municipal de Abel Figueiredo\",\"potentialAction\":[{\"@type\":\"SearchAction\",\"target\":{\"@type\":\"EntryPoint\",\"urlTemplate\":\"https:\/\/abelfigueiredo.pa.gov.br\/site\/?s={search_term_string}\"},\"query-input\":{\"@type\":\"PropertyValueSpecification\",\"valueRequired\":true,\"valueName\":\"search_term_string\"}}],\"inLanguage\":\"pt-BR\"},{\"@type\":\"Person\",\"@id\":\"https:\/\/abelfigueiredo.pa.gov.br\/site\/#\/schema\/person\/7c1ecb1baa18502745b46b3921be7bbb\",\"name\":\"djthiago\",\"image\":{\"@type\":\"ImageObject\",\"inLanguage\":\"pt-BR\",\"@id\":\"https:\/\/abelfigueiredo.pa.gov.br\/site\/#\/schema\/person\/image\/\",\"url\":\"https:\/\/secure.gravatar.com\/avatar\/2edad05cd7afbef8b9e1495dacdf55fd32bf2fe055ead3a385c32f41e201743d?s=96&d=mm&r=g\",\"contentUrl\":\"https:\/\/secure.gravatar.com\/avatar\/2edad05cd7afbef8b9e1495dacdf55fd32bf2fe055ead3a385c32f41e201743d?s=96&d=mm&r=g\",\"caption\":\"djthiago\"},\"url\":\"https:\/\/abelfigueiredo.pa.gov.br\/site\/author\/djthiago\/\"}]}<\/script>\n<!-- \/ Yoast SEO plugin. -->","yoast_head_json":{"title":"Volta \u00e0s aulas na EMEI. Meu Pequeno Para\u00edso. - Prefeitura Municipal de Abel Figueiredo | Gest\u00e3o 2025-2028","robots":{"index":"index","follow":"follow","max-snippet":"max-snippet:-1","max-image-preview":"max-image-preview:large","max-video-preview":"max-video-preview:-1"},"canonical":"https:\/\/abelfigueiredo.pa.gov.br\/site\/volta-as-aulas-na-emei-meu-pequeno-paraiso\/","og_locale":"pt_BR","og_type":"article","og_title":"Volta \u00e0s aulas na EMEI. Meu Pequeno Para\u00edso. - Prefeitura Municipal de Abel Figueiredo | Gest\u00e3o 2025-2028","og_description":"#compartilhe A Prefeitura de Abel Figueiredo administra\u00e7\u00e3o Prefeito Ant\u00f4nio Calhau vice Evandro da Serraria, por meio da Secretaria Municipal de Educa\u00e7\u00e3o, Secret\u00e1ria Rafaele Souza e equipe, comunica a todos a volta \u00e0s aulas na escola Municipal de Ensino Infantil Meu Pequeno Para\u00edso, ap\u00f3s a reforma e amplia\u00e7\u00e3o. Nesta Segunda-feira, dia 28 de Agosto. &#8220;Nossa escolaVeja mais","og_url":"https:\/\/abelfigueiredo.pa.gov.br\/site\/volta-as-aulas-na-emei-meu-pequeno-paraiso\/","og_site_name":"Prefeitura Municipal de Abel Figueiredo | Gest\u00e3o 2025-2028","article_published_time":"2023-08-28T13:06:51+00:00","og_image":[{"url":"https:\/\/scontent.fimp1-1.fna.fbcdn.net\/v\/t39.30808-6\/369970692_126223390564467_5449247349759121873_n.jpg?stp=dst-jpg_s960x960&amp;_nc_cat=101&amp;ccb=1-7&amp;_nc_sid=730e14&amp;_nc_eui2=AeHUaxpqyc3vG5amoEPEFyvg7KJgda64kqbsomB1rriSphaC6C9uvn2I4wxNQWnatPUTozaJL-4MpeMBb5mOIQm1&amp;_nc_ohc=Wzu756ERUp0AX_XBUEt&amp;_nc_ht=scontent.fimp1-1.fna&amp;oh=00_AfAub8gBghB_CQdjLcDyzpqpFyVs5Vm-wku7BF68fwRrOw&amp;oe=64F209D8","type":"","width":"","height":""}],"author":"djthiago","twitter_misc":{"Escrito por":"djthiago"},"schema":{"@context":"https:\/\/schema.org","@graph":[{"@type":"WebPage","@id":"https:\/\/abelfigueiredo.pa.gov.br\/site\/volta-as-aulas-na-emei-meu-pequeno-paraiso\/","url":"https:\/\/abelfigueiredo.pa.gov.br\/site\/volta-as-aulas-na-emei-meu-pequeno-paraiso\/","name":"Volta \u00e0s aulas na EMEI. Meu Pequeno Para\u00edso. - Prefeitura Municipal de Abel Figueiredo | Gest\u00e3o 2025-2028","isPartOf":{"@id":"https:\/\/abelfigueiredo.pa.gov.br\/site\/#website"},"primaryImageOfPage":{"@id":"https:\/\/abelfigueiredo.pa.gov.br\/site\/volta-as-aulas-na-emei-meu-pequeno-paraiso\/#primaryimage"},"image":{"@id":"https:\/\/abelfigueiredo.pa.gov.br\/site\/volta-as-aulas-na-emei-meu-pequeno-paraiso\/#primaryimage"},"thumbnailUrl":"https:\/\/abelfigueiredo.pa.gov.br\/site\/wp-content\/uploads\/2023\/08\/Volta-as-Aulas-Moderno-Colorido-Cartaz-1100-\u00d7-1366-px.png","datePublished":"2023-08-28T13:06:51+00:00","author":{"@id":"https:\/\/abelfigueiredo.pa.gov.br\/site\/#\/schema\/person\/7c1ecb1baa18502745b46b3921be7bbb"},"inLanguage":"pt-BR","potentialAction":[{"@type":"ReadAction","target":["https:\/\/abelfigueiredo.pa.gov.br\/site\/volta-as-aulas-na-emei-meu-pequeno-paraiso\/"]}]},{"@type":"ImageObject","inLanguage":"pt-BR","@id":"https:\/\/abelfigueiredo.pa.gov.br\/site\/volta-as-aulas-na-emei-meu-pequeno-paraiso\/#primaryimage","url":"https:\/\/abelfigueiredo.pa.gov.br\/site\/wp-content\/uploads\/2023\/08\/Volta-as-Aulas-Moderno-Colorido-Cartaz-1100-\u00d7-1366-px.png","contentUrl":"https:\/\/abelfigueiredo.pa.gov.br\/site\/wp-content\/uploads\/2023\/08\/Volta-as-Aulas-Moderno-Colorido-Cartaz-1100-\u00d7-1366-px.png","width":1100,"height":1366},{"@type":"WebSite","@id":"https:\/\/abelfigueiredo.pa.gov.br\/site\/#website","url":"https:\/\/abelfigueiredo.pa.gov.br\/site\/","name":"Prefeitura Municipal de Abel Figueiredo | Gest\u00e3o 2025-2028","description":"Site oficial da Prefeitura Municipal de Abel Figueiredo","potentialAction":[{"@type":"SearchAction","target":{"@type":"EntryPoint","urlTemplate":"https:\/\/abelfigueiredo.pa.gov.br\/site\/?s={search_term_string}"},"query-input":{"@type":"PropertyValueSpecification","valueRequired":true,"valueName":"search_term_string"}}],"inLanguage":"pt-BR"},{"@type":"Person","@id":"https:\/\/abelfigueiredo.pa.gov.br\/site\/#\/schema\/person\/7c1ecb1baa18502745b46b3921be7bbb","name":"djthiago","image":{"@type":"ImageObject","inLanguage":"pt-BR","@id":"https:\/\/abelfigueiredo.pa.gov.br\/site\/#\/schema\/person\/image\/","url":"https:\/\/secure.gravatar.com\/avatar\/2edad05cd7afbef8b9e1495dacdf55fd32bf2fe055ead3a385c32f41e201743d?s=96&d=mm&r=g","contentUrl":"https:\/\/secure.gravatar.com\/avatar\/2edad05cd7afbef8b9e1495dacdf55fd32bf2fe055ead3a385c32f41e201743d?s=96&d=mm&r=g","caption":"djthiago"},"url":"https:\/\/abelfigueiredo.pa.gov.br\/site\/author\/djthiago\/"}]}},"_links":{"self":[{"href":"https:\/\/abelfigueiredo.pa.gov.br\/site\/wp-json\/wp\/v2\/posts\/16004","targetHints":{"allow":["GET"]}}],"collection":[{"href":"https:\/\/abelfigueiredo.pa.gov.br\/site\/wp-json\/wp\/v2\/posts"}],"about":[{"href":"https:\/\/abelfigueiredo.pa.gov.br\/site\/wp-json\/wp\/v2\/types\/post"}],"author":[{"embeddable":true,"href":"https:\/\/abelfigueiredo.pa.gov.br\/site\/wp-json\/wp\/v2\/users\/34"}],"replies":[{"embeddable":true,"href":"https:\/\/abelfigueiredo.pa.gov.br\/site\/wp-json\/wp\/v2\/comments?post=16004"}],"version-history":[{"count":0,"href":"https:\/\/abelfigueiredo.pa.gov.br\/site\/wp-json\/wp\/v2\/posts\/16004\/revisions"}],"wp:featuredmedia":[{"embeddable":true,"href":"https:\/\/abelfigueiredo.pa.gov.br\/site\/wp-json\/wp\/v2\/media\/16006"}],"wp:attachment":[{"href":"https:\/\/abelfigueiredo.pa.gov.br\/site\/wp-json\/wp\/v2\/media?parent=16004"}],"wp:term":[{"taxonomy":"category","embeddable":true,"href":"https:\/\/abelfigueiredo.pa.gov.br\/site\/wp-json\/wp\/v2\/categories?post=16004"},{"taxonomy":"post_tag","embeddable":true,"href":"https:\/\/abelfigueiredo.pa.gov.br\/site\/wp-json\/wp\/v2\/tags?post=16004"}],"curies":[{"name":"wp","href":"https:\/\/api.w.org\/{rel}","templated":true}]}}