{"id":16001,"date":"2023-08-28T10:06:00","date_gmt":"2023-08-28T13:06:00","guid":{"rendered":"https:\/\/abelfigueiredo.pa.gov.br\/site\/?p=16001"},"modified":"2023-08-28T10:06:00","modified_gmt":"2023-08-28T13:06:00","slug":"edital-no-001-2023-semed","status":"publish","type":"post","link":"https:\/\/abelfigueiredo.pa.gov.br\/site\/edital-no-001-2023-semed\/","title":{"rendered":"EDITAL N\u00ba 001\/2023-SEMED"},"content":{"rendered":"<p>CONVOCA\u00c7\u00c3O PARA SELE\u00c7\u00c3O DE CANDIDATOS PARA O CARGO DE GESTOR ESCOLAR DE ACORDO COM CRIT\u00c9RIOS T\u00c9CNICOS DE M\u00c9RITO E DESEMPENHO, ELEI\u00c7\u00c3O E LISTA TR\u00cdPLICE.<\/p>\n<ul>\n<li><a href=\"https:\/\/abelfigueiredo.pa.gov.br\/site\/wp-content\/uploads\/2023\/08\/EDITAL-No-001-SEMED.pdf\">Clique aqui para visualizar<\/a><\/li>\n<li><a href=\"https:\/\/abelfigueiredo.pa.gov.br\/site\/wp-content\/uploads\/2023\/08\/IN-No-001-2023-SEMED.pdf\">IN N\u00ba 001-2023-SEMED<\/a><\/li>\n<\/ul>\n","protected":false},"excerpt":{"rendered":"<p>CONVOCA\u00c7\u00c3O PARA SELE\u00c7\u00c3O DE CANDIDATOS PARA O CARGO DE GESTOR ESCOLAR DE ACORDO COM CRIT\u00c9RIOS T\u00c9CNICOS DE M\u00c9RITO E DESEMPENHO, ELEI\u00c7\u00c3O E LISTA TR\u00cdPLICE. Clique aqui para visualizar IN N\u00ba 001-2023-SEMED<\/p>\n","protected":false},"author":1,"featured_media":0,"comment_status":"closed","ping_status":"closed","sticky":false,"template":"","format":"standard","meta":{"footnotes":""},"categories":[1],"tags":[],"class_list":{"0":"post-16001","1":"post","2":"type-post","3":"status-publish","4":"format-standard","6":"category-noticias"},"yoast_head":"<!-- This site is optimized with the Yoast SEO plugin v26.6 - https:\/\/yoast.com\/wordpress\/plugins\/seo\/ -->\n<title>EDITAL N\u00ba 001\/2023-SEMED - Prefeitura Municipal de Abel Figueiredo | Gest\u00e3o 2025-2028<\/title>\n<meta name=\"robots\" content=\"index, follow, max-snippet:-1, max-image-preview:large, max-video-preview:-1\" \/>\n<link rel=\"canonical\" href=\"https:\/\/abelfigueiredo.pa.gov.br\/site\/edital-no-001-2023-semed\/\" \/>\n<meta property=\"og:locale\" content=\"pt_BR\" \/>\n<meta property=\"og:type\" content=\"article\" \/>\n<meta property=\"og:title\" content=\"EDITAL N\u00ba 001\/2023-SEMED - Prefeitura Municipal de Abel Figueiredo | Gest\u00e3o 2025-2028\" \/>\n<meta property=\"og:description\" content=\"CONVOCA\u00c7\u00c3O PARA SELE\u00c7\u00c3O DE CANDIDATOS PARA O CARGO DE GESTOR ESCOLAR DE ACORDO COM CRIT\u00c9RIOS T\u00c9CNICOS DE M\u00c9RITO E DESEMPENHO, ELEI\u00c7\u00c3O E LISTA TR\u00cdPLICE. Clique aqui para visualizar IN N\u00ba 001-2023-SEMED\" \/>\n<meta property=\"og:url\" content=\"https:\/\/abelfigueiredo.pa.gov.br\/site\/edital-no-001-2023-semed\/\" \/>\n<meta property=\"og:site_name\" content=\"Prefeitura Municipal de Abel Figueiredo | Gest\u00e3o 2025-2028\" \/>\n<meta property=\"article:published_time\" content=\"2023-08-28T13:06:00+00:00\" \/>\n<meta name=\"author\" content=\"CR2\" \/>\n<meta name=\"twitter:label1\" content=\"Escrito por\" \/>\n\t<meta name=\"twitter:data1\" content=\"CR2\" \/>\n<script type=\"application\/ld+json\" class=\"yoast-schema-graph\">{\"@context\":\"https:\/\/schema.org\",\"@graph\":[{\"@type\":\"WebPage\",\"@id\":\"https:\/\/abelfigueiredo.pa.gov.br\/site\/edital-no-001-2023-semed\/\",\"url\":\"https:\/\/abelfigueiredo.pa.gov.br\/site\/edital-no-001-2023-semed\/\",\"name\":\"EDITAL N\u00ba 001\/2023-SEMED - Prefeitura Municipal de Abel Figueiredo | Gest\u00e3o 2025-2028\",\"isPartOf\":{\"@id\":\"https:\/\/abelfigueiredo.pa.gov.br\/site\/#website\"},\"datePublished\":\"2023-08-28T13:06:00+00:00\",\"author\":{\"@id\":\"https:\/\/abelfigueiredo.pa.gov.br\/site\/#\/schema\/person\/cd339873ac029367c3231ceff74255e2\"},\"inLanguage\":\"pt-BR\",\"potentialAction\":[{\"@type\":\"ReadAction\",\"target\":[\"https:\/\/abelfigueiredo.pa.gov.br\/site\/edital-no-001-2023-semed\/\"]}]},{\"@type\":\"WebSite\",\"@id\":\"https:\/\/abelfigueiredo.pa.gov.br\/site\/#website\",\"url\":\"https:\/\/abelfigueiredo.pa.gov.br\/site\/\",\"name\":\"Prefeitura Municipal de Abel Figueiredo | Gest\u00e3o 2025-2028\",\"description\":\"Site oficial da Prefeitura Municipal de Abel Figueiredo\",\"potentialAction\":[{\"@type\":\"SearchAction\",\"target\":{\"@type\":\"EntryPoint\",\"urlTemplate\":\"https:\/\/abelfigueiredo.pa.gov.br\/site\/?s={search_term_string}\"},\"query-input\":{\"@type\":\"PropertyValueSpecification\",\"valueRequired\":true,\"valueName\":\"search_term_string\"}}],\"inLanguage\":\"pt-BR\"},{\"@type\":\"Person\",\"@id\":\"https:\/\/abelfigueiredo.pa.gov.br\/site\/#\/schema\/person\/cd339873ac029367c3231ceff74255e2\",\"name\":\"CR2\",\"image\":{\"@type\":\"ImageObject\",\"inLanguage\":\"pt-BR\",\"@id\":\"https:\/\/abelfigueiredo.pa.gov.br\/site\/#\/schema\/person\/image\/\",\"url\":\"https:\/\/secure.gravatar.com\/avatar\/10abeee85fe3535c186151596ff19e8203d3ce50cd496637349b0394b06377b7?s=96&d=mm&r=g\",\"contentUrl\":\"https:\/\/secure.gravatar.com\/avatar\/10abeee85fe3535c186151596ff19e8203d3ce50cd496637349b0394b06377b7?s=96&d=mm&r=g\",\"caption\":\"CR2\"},\"url\":\"https:\/\/abelfigueiredo.pa.gov.br\/site\/author\/admin\/\"}]}<\/script>\n<!-- \/ Yoast SEO plugin. -->","yoast_head_json":{"title":"EDITAL N\u00ba 001\/2023-SEMED - Prefeitura Municipal de Abel Figueiredo | Gest\u00e3o 2025-2028","robots":{"index":"index","follow":"follow","max-snippet":"max-snippet:-1","max-image-preview":"max-image-preview:large","max-video-preview":"max-video-preview:-1"},"canonical":"https:\/\/abelfigueiredo.pa.gov.br\/site\/edital-no-001-2023-semed\/","og_locale":"pt_BR","og_type":"article","og_title":"EDITAL N\u00ba 001\/2023-SEMED - Prefeitura Municipal de Abel Figueiredo | Gest\u00e3o 2025-2028","og_description":"CONVOCA\u00c7\u00c3O PARA SELE\u00c7\u00c3O DE CANDIDATOS PARA O CARGO DE GESTOR ESCOLAR DE ACORDO COM CRIT\u00c9RIOS T\u00c9CNICOS DE M\u00c9RITO E DESEMPENHO, ELEI\u00c7\u00c3O E LISTA TR\u00cdPLICE. Clique aqui para visualizar IN N\u00ba 001-2023-SEMED","og_url":"https:\/\/abelfigueiredo.pa.gov.br\/site\/edital-no-001-2023-semed\/","og_site_name":"Prefeitura Municipal de Abel Figueiredo | Gest\u00e3o 2025-2028","article_published_time":"2023-08-28T13:06:00+00:00","author":"CR2","twitter_misc":{"Escrito por":"CR2"},"schema":{"@context":"https:\/\/schema.org","@graph":[{"@type":"WebPage","@id":"https:\/\/abelfigueiredo.pa.gov.br\/site\/edital-no-001-2023-semed\/","url":"https:\/\/abelfigueiredo.pa.gov.br\/site\/edital-no-001-2023-semed\/","name":"EDITAL N\u00ba 001\/2023-SEMED - Prefeitura Municipal de Abel Figueiredo | Gest\u00e3o 2025-2028","isPartOf":{"@id":"https:\/\/abelfigueiredo.pa.gov.br\/site\/#website"},"datePublished":"2023-08-28T13:06:00+00:00","author":{"@id":"https:\/\/abelfigueiredo.pa.gov.br\/site\/#\/schema\/person\/cd339873ac029367c3231ceff74255e2"},"inLanguage":"pt-BR","potentialAction":[{"@type":"ReadAction","target":["https:\/\/abelfigueiredo.pa.gov.br\/site\/edital-no-001-2023-semed\/"]}]},{"@type":"WebSite","@id":"https:\/\/abelfigueiredo.pa.gov.br\/site\/#website","url":"https:\/\/abelfigueiredo.pa.gov.br\/site\/","name":"Prefeitura Municipal de Abel Figueiredo | Gest\u00e3o 2025-2028","description":"Site oficial da Prefeitura Municipal de Abel Figueiredo","potentialAction":[{"@type":"SearchAction","target":{"@type":"EntryPoint","urlTemplate":"https:\/\/abelfigueiredo.pa.gov.br\/site\/?s={search_term_string}"},"query-input":{"@type":"PropertyValueSpecification","valueRequired":true,"valueName":"search_term_string"}}],"inLanguage":"pt-BR"},{"@type":"Person","@id":"https:\/\/abelfigueiredo.pa.gov.br\/site\/#\/schema\/person\/cd339873ac029367c3231ceff74255e2","name":"CR2","image":{"@type":"ImageObject","inLanguage":"pt-BR","@id":"https:\/\/abelfigueiredo.pa.gov.br\/site\/#\/schema\/person\/image\/","url":"https:\/\/secure.gravatar.com\/avatar\/10abeee85fe3535c186151596ff19e8203d3ce50cd496637349b0394b06377b7?s=96&d=mm&r=g","contentUrl":"https:\/\/secure.gravatar.com\/avatar\/10abeee85fe3535c186151596ff19e8203d3ce50cd496637349b0394b06377b7?s=96&d=mm&r=g","caption":"CR2"},"url":"https:\/\/abelfigueiredo.pa.gov.br\/site\/author\/admin\/"}]}},"_links":{"self":[{"href":"https:\/\/abelfigueiredo.pa.gov.br\/site\/wp-json\/wp\/v2\/posts\/16001","targetHints":{"allow":["GET"]}}],"collection":[{"href":"https:\/\/abelfigueiredo.pa.gov.br\/site\/wp-json\/wp\/v2\/posts"}],"about":[{"href":"https:\/\/abelfigueiredo.pa.gov.br\/site\/wp-json\/wp\/v2\/types\/post"}],"author":[{"embeddable":true,"href":"https:\/\/abelfigueiredo.pa.gov.br\/site\/wp-json\/wp\/v2\/users\/1"}],"replies":[{"embeddable":true,"href":"https:\/\/abelfigueiredo.pa.gov.br\/site\/wp-json\/wp\/v2\/comments?post=16001"}],"version-history":[{"count":0,"href":"https:\/\/abelfigueiredo.pa.gov.br\/site\/wp-json\/wp\/v2\/posts\/16001\/revisions"}],"wp:attachment":[{"href":"https:\/\/abelfigueiredo.pa.gov.br\/site\/wp-json\/wp\/v2\/media?parent=16001"}],"wp:term":[{"taxonomy":"category","embeddable":true,"href":"https:\/\/abelfigueiredo.pa.gov.br\/site\/wp-json\/wp\/v2\/categories?post=16001"},{"taxonomy":"post_tag","embeddable":true,"href":"https:\/\/abelfigueiredo.pa.gov.br\/site\/wp-json\/wp\/v2\/tags?post=16001"}],"curies":[{"name":"wp","href":"https:\/\/api.w.org\/{rel}","templated":true}]}}