{"id":15999,"date":"2023-08-28T10:05:36","date_gmt":"2023-08-28T13:05:36","guid":{"rendered":"https:\/\/abelfigueiredo.pa.gov.br\/site\/?p=15999"},"modified":"2023-08-28T10:05:36","modified_gmt":"2023-08-28T13:05:36","slug":"vacinacao-contra-meningite-c-em-abel-figueiredo-pa","status":"publish","type":"post","link":"https:\/\/abelfigueiredo.pa.gov.br\/site\/vacinacao-contra-meningite-c-em-abel-figueiredo-pa\/","title":{"rendered":"Vacina\u00e7\u00e3o contra Meningite C em Abel Figueiredo-PA."},"content":{"rendered":"<div>\n<div class=\"\" dir=\"auto\">\n<div id=\":r9t:\" class=\"x1iorvi4 x1pi30zi x1l90r2v x1swvt13\" data-ad-comet-preview=\"message\" data-ad-preview=\"message\">\n<div class=\"x78zum5 xdt5ytf xz62fqu x16ldp7u\">\n<div class=\"xu06os2 x1ok221b\">\n<div class=\"x11i5rnm xat24cr x1mh8g0r x1vvkbs xtlvy1s x126k92a\">\n<div dir=\"auto\"><a class=\"x1i10hfl xjbqb8w x6umtig x1b1mbwd xaqea5y xav7gou x9f619 x1ypdohk xt0psk2 xe8uvvx xdj266r x11i5rnm xat24cr x1mh8g0r xexx8yu x4uap5 x18d9i69 xkhd6sd x16tdsg8 x1hl2dhg xggy1nq x1a2a7pz xt0b8zv x1qq9wsj xo1l8bm\" tabindex=\"0\" role=\"link\" href=\"https:\/\/www.facebook.com\/hashtag\/compartilhe?__eep__=6&amp;__cft__[0]=AZU9iJb21uv-OBkF_vIJS0KM5mqAvbJzDO9uLOAbEov1lJmK37N2iUpAdTylovW1Sfqc6_JWKLS4Ian1m4TZ5JKI3uzhvCQYbITe4YgqBoEug5_nqKgloavo64ERrj3Bdk09pCgDL_sOT8oRJFvj6CsEpeE-3N7OU3bxKSMR6mzQnNOgvC1k2ATkL3hhvJ1w5wM&amp;__tn__=*NK-R\">#compartilhe<\/a><\/div>\n<\/div>\n<div class=\"x11i5rnm xat24cr x1mh8g0r x1vvkbs xtlvy1s x126k92a\">\n<div dir=\"auto\">A Prefeitura de Abel Figueiredo por meio da Secretaria Municipal de Sa\u00fade informa que a vacina contra a meningite C, ainda est\u00e1 dispon\u00edvel nas unidades de Sa\u00fade at\u00e9 o dia 31 de agosto, \u00faltimas doses para o p\u00fablico alvo de 20 anos acima.<\/div>\n<\/div>\n<div class=\"x11i5rnm xat24cr x1mh8g0r x1vvkbs xtlvy1s x126k92a\">\n<div dir=\"auto\">Procure uma Unidade de Sa\u00fade mais pr\u00f3xima de sua casa se voc\u00ea ainda n\u00e3o se vacinou contra a Meningite C.<\/div>\n<\/div>\n<div class=\"x11i5rnm xat24cr x1mh8g0r x1vvkbs xtlvy1s x126k92a\">\n<div dir=\"auto\">Vacina salva vidas!<\/div>\n<\/div>\n<div class=\"x11i5rnm xat24cr x1mh8g0r x1vvkbs xtlvy1s x126k92a\">\n<div dir=\"auto\"><a class=\"x1i10hfl xjbqb8w x6umtig x1b1mbwd xaqea5y xav7gou x9f619 x1ypdohk xt0psk2 xe8uvvx xdj266r x11i5rnm xat24cr x1mh8g0r xexx8yu x4uap5 x18d9i69 xkhd6sd x16tdsg8 x1hl2dhg xggy1nq x1a2a7pz xt0b8zv x1qq9wsj xo1l8bm\" tabindex=\"0\" role=\"link\" href=\"https:\/\/www.facebook.com\/hashtag\/prefeituradeabel?__eep__=6&amp;__cft__[0]=AZU9iJb21uv-OBkF_vIJS0KM5mqAvbJzDO9uLOAbEov1lJmK37N2iUpAdTylovW1Sfqc6_JWKLS4Ian1m4TZ5JKI3uzhvCQYbITe4YgqBoEug5_nqKgloavo64ERrj3Bdk09pCgDL_sOT8oRJFvj6CsEpeE-3N7OU3bxKSMR6mzQnNOgvC1k2ATkL3hhvJ1w5wM&amp;__tn__=*NK-R\">#prefeituradeabel<\/a><\/div>\n<div dir=\"auto\"><a class=\"x1i10hfl xjbqb8w x6umtig x1b1mbwd xaqea5y xav7gou x9f619 x1ypdohk xt0psk2 xe8uvvx xdj266r x11i5rnm xat24cr x1mh8g0r xexx8yu x4uap5 x18d9i69 xkhd6sd x16tdsg8 x1hl2dhg xggy1nq x1a2a7pz xt0b8zv x1qq9wsj xo1l8bm\" tabindex=\"0\" role=\"link\" href=\"https:\/\/www.facebook.com\/hashtag\/secdesaude?__eep__=6&amp;__cft__[0]=AZU9iJb21uv-OBkF_vIJS0KM5mqAvbJzDO9uLOAbEov1lJmK37N2iUpAdTylovW1Sfqc6_JWKLS4Ian1m4TZ5JKI3uzhvCQYbITe4YgqBoEug5_nqKgloavo64ERrj3Bdk09pCgDL_sOT8oRJFvj6CsEpeE-3N7OU3bxKSMR6mzQnNOgvC1k2ATkL3hhvJ1w5wM&amp;__tn__=*NK-R\">#secdesaude<\/a><\/div>\n<div dir=\"auto\"><a class=\"x1i10hfl xjbqb8w x6umtig x1b1mbwd xaqea5y xav7gou x9f619 x1ypdohk xt0psk2 xe8uvvx xdj266r x11i5rnm xat24cr x1mh8g0r xexx8yu x4uap5 x18d9i69 xkhd6sd x16tdsg8 x1hl2dhg xggy1nq x1a2a7pz xt0b8zv x1qq9wsj xo1l8bm\" tabindex=\"0\" role=\"link\" href=\"https:\/\/www.facebook.com\/hashtag\/trabalhandoparaopovo?__eep__=6&amp;__cft__[0]=AZU9iJb21uv-OBkF_vIJS0KM5mqAvbJzDO9uLOAbEov1lJmK37N2iUpAdTylovW1Sfqc6_JWKLS4Ian1m4TZ5JKI3uzhvCQYbITe4YgqBoEug5_nqKgloavo64ERrj3Bdk09pCgDL_sOT8oRJFvj6CsEpeE-3N7OU3bxKSMR6mzQnNOgvC1k2ATkL3hhvJ1w5wM&amp;__tn__=*NK-R\">#trabalhandoparaopovo<\/a><\/div>\n<\/div>\n<\/div>\n<\/div>\n<\/div>\n<\/div>\n<div id=\":r9u:\" class=\"x1n2onr6\">\n<div class=\"x1n2onr6\">\n<div class=\"x6s0dn4 x1jx94hy x78zum5 xdt5ytf x6ikm8r x10wlt62 x1n2onr6 xh8yej3\">\n<div>\n<div class=\"xqtp20y x6ikm8r x10wlt62 x1n2onr6\">\n<div class=\"x10l6tqk x13vifvy\"><img loading=\"lazy\" decoding=\"async\" class=\"x1ey2m1c xds687c x5yr21d x10l6tqk x17qophe x13vifvy xh8yej3 xl1xv1r\" src=\"https:\/\/scontent.fimp1-2.fna.fbcdn.net\/v\/t39.30808-6\/370047380_126075000579306_1040870528887067811_n.jpg?stp=dst-jpg_s960x960&amp;_nc_cat=103&amp;ccb=1-7&amp;_nc_sid=730e14&amp;_nc_eui2=AeFlNmy2m3y3FLejS6XBA1MkNoju_LhgInQ2iO78uGAidPg6rsmSS5cmHEdZpTTRy7Fc9xT26ZbotloMAXNqiu6_&amp;_nc_ohc=Ljx9eRus7GUAX-4ZJ8p&amp;_nc_ht=scontent.fimp1-2.fna&amp;oh=00_AfDDBEFeRtPJZ3JG5dCYOfyj4_EkL5Dm9zyGDv_BGYD2eg&amp;oe=64F1C5E8\" alt=\"Pode ser uma imagem de 3 pessoas e texto que diz &quot;VACINA\u00c7\u00c3O CONTRA Meningite C P\u00daBLICO ALVO &quot;PESSOAS DE 20 ANOS ACIMA&quot; Procure uma unidade de sa\u00fade mais pr\u00f3xima de sua casa at\u00e9 o dia 31 de Agosto. \u00daLTIMAS DOSES DISPON\u00cdVEIS SUS FIGUEIREDO SA\u00daDE PARA NOD SUS www.abelfigueiredo.pa.gov.br&quot;\" width=\"773\" height=\"960\" \/><\/div>\n<\/div>\n<\/div>\n<\/div>\n<div class=\"xua58t2 xzg4506 x1ey2m1c xds687c x47corl x10l6tqk x17qophe x13vifvy\"><\/div>\n<div class=\"x1o1ewxj x3x9cwd x1e5q0jg x13rtm0m x1ey2m1c xds687c xg01cxk x47corl x10l6tqk x17qophe x13vifvy x1ebt8du x19991ni x1dhq9h\" data-visualcompletion=\"ignore\"><\/div>\n<\/div>\n<\/div>\n<\/div>\n","protected":false},"excerpt":{"rendered":"<p>#compartilhe A Prefeitura de Abel Figueiredo por meio da Secretaria Municipal de Sa\u00fade informa que a vacina contra a meningite C, ainda est\u00e1 dispon\u00edvel nas unidades de Sa\u00fade at\u00e9 o dia 31 de agosto, \u00faltimas doses para o p\u00fablico alvo de 20 anos acima. Procure uma Unidade de Sa\u00fade mais pr\u00f3xima de sua casa se<\/p>\n<div class=\"read-more\"><a href=\"https:\/\/abelfigueiredo.pa.gov.br\/site\/vacinacao-contra-meningite-c-em-abel-figueiredo-pa\/\" title=\"Veja mais\">Veja mais<\/a><\/div>\n","protected":false},"author":34,"featured_media":16000,"comment_status":"closed","ping_status":"closed","sticky":false,"template":"","format":"standard","meta":{"footnotes":""},"categories":[1],"tags":[],"class_list":{"0":"post-15999","1":"post","2":"type-post","3":"status-publish","4":"format-standard","5":"has-post-thumbnail","7":"category-noticias"},"yoast_head":"<!-- This site is optimized with the Yoast SEO plugin v26.6 - https:\/\/yoast.com\/wordpress\/plugins\/seo\/ -->\n<title>Vacina\u00e7\u00e3o contra Meningite C em Abel Figueiredo-PA. - Prefeitura Municipal de Abel Figueiredo | Gest\u00e3o 2025-2028<\/title>\n<meta name=\"robots\" content=\"index, follow, max-snippet:-1, max-image-preview:large, max-video-preview:-1\" \/>\n<link rel=\"canonical\" href=\"https:\/\/abelfigueiredo.pa.gov.br\/site\/vacinacao-contra-meningite-c-em-abel-figueiredo-pa\/\" \/>\n<meta property=\"og:locale\" content=\"pt_BR\" \/>\n<meta property=\"og:type\" content=\"article\" \/>\n<meta property=\"og:title\" content=\"Vacina\u00e7\u00e3o contra Meningite C em Abel Figueiredo-PA. - Prefeitura Municipal de Abel Figueiredo | Gest\u00e3o 2025-2028\" \/>\n<meta property=\"og:description\" content=\"#compartilhe A Prefeitura de Abel Figueiredo por meio da Secretaria Municipal de Sa\u00fade informa que a vacina contra a meningite C, ainda est\u00e1 dispon\u00edvel nas unidades de Sa\u00fade at\u00e9 o dia 31 de agosto, \u00faltimas doses para o p\u00fablico alvo de 20 anos acima. Procure uma Unidade de Sa\u00fade mais pr\u00f3xima de sua casa seVeja mais\" \/>\n<meta property=\"og:url\" content=\"https:\/\/abelfigueiredo.pa.gov.br\/site\/vacinacao-contra-meningite-c-em-abel-figueiredo-pa\/\" \/>\n<meta property=\"og:site_name\" content=\"Prefeitura Municipal de Abel Figueiredo | Gest\u00e3o 2025-2028\" \/>\n<meta property=\"article:published_time\" content=\"2023-08-28T13:05:36+00:00\" \/>\n<meta property=\"og:image\" content=\"https:\/\/scontent.fimp1-2.fna.fbcdn.net\/v\/t39.30808-6\/370047380_126075000579306_1040870528887067811_n.jpg?stp=dst-jpg_s960x960&amp;_nc_cat=103&amp;ccb=1-7&amp;_nc_sid=730e14&amp;_nc_eui2=AeFlNmy2m3y3FLejS6XBA1MkNoju_LhgInQ2iO78uGAidPg6rsmSS5cmHEdZpTTRy7Fc9xT26ZbotloMAXNqiu6_&amp;_nc_ohc=Ljx9eRus7GUAX-4ZJ8p&amp;_nc_ht=scontent.fimp1-2.fna&amp;oh=00_AfDDBEFeRtPJZ3JG5dCYOfyj4_EkL5Dm9zyGDv_BGYD2eg&amp;oe=64F1C5E8\" \/>\n<meta name=\"author\" content=\"djthiago\" \/>\n<meta name=\"twitter:label1\" content=\"Escrito por\" \/>\n\t<meta name=\"twitter:data1\" content=\"djthiago\" \/>\n<script type=\"application\/ld+json\" class=\"yoast-schema-graph\">{\"@context\":\"https:\/\/schema.org\",\"@graph\":[{\"@type\":\"WebPage\",\"@id\":\"https:\/\/abelfigueiredo.pa.gov.br\/site\/vacinacao-contra-meningite-c-em-abel-figueiredo-pa\/\",\"url\":\"https:\/\/abelfigueiredo.pa.gov.br\/site\/vacinacao-contra-meningite-c-em-abel-figueiredo-pa\/\",\"name\":\"Vacina\u00e7\u00e3o contra Meningite C em Abel Figueiredo-PA. - Prefeitura Municipal de Abel Figueiredo | Gest\u00e3o 2025-2028\",\"isPartOf\":{\"@id\":\"https:\/\/abelfigueiredo.pa.gov.br\/site\/#website\"},\"primaryImageOfPage\":{\"@id\":\"https:\/\/abelfigueiredo.pa.gov.br\/site\/vacinacao-contra-meningite-c-em-abel-figueiredo-pa\/#primaryimage\"},\"image\":{\"@id\":\"https:\/\/abelfigueiredo.pa.gov.br\/site\/vacinacao-contra-meningite-c-em-abel-figueiredo-pa\/#primaryimage\"},\"thumbnailUrl\":\"https:\/\/abelfigueiredo.pa.gov.br\/site\/wp-content\/uploads\/2023\/08\/Instagram-Post-Clinica-Medica-simples-branco-e-azul-1100-\u00d7-1366-px-1.png\",\"datePublished\":\"2023-08-28T13:05:36+00:00\",\"author\":{\"@id\":\"https:\/\/abelfigueiredo.pa.gov.br\/site\/#\/schema\/person\/7c1ecb1baa18502745b46b3921be7bbb\"},\"inLanguage\":\"pt-BR\",\"potentialAction\":[{\"@type\":\"ReadAction\",\"target\":[\"https:\/\/abelfigueiredo.pa.gov.br\/site\/vacinacao-contra-meningite-c-em-abel-figueiredo-pa\/\"]}]},{\"@type\":\"ImageObject\",\"inLanguage\":\"pt-BR\",\"@id\":\"https:\/\/abelfigueiredo.pa.gov.br\/site\/vacinacao-contra-meningite-c-em-abel-figueiredo-pa\/#primaryimage\",\"url\":\"https:\/\/abelfigueiredo.pa.gov.br\/site\/wp-content\/uploads\/2023\/08\/Instagram-Post-Clinica-Medica-simples-branco-e-azul-1100-\u00d7-1366-px-1.png\",\"contentUrl\":\"https:\/\/abelfigueiredo.pa.gov.br\/site\/wp-content\/uploads\/2023\/08\/Instagram-Post-Clinica-Medica-simples-branco-e-azul-1100-\u00d7-1366-px-1.png\",\"width\":1100,\"height\":1366},{\"@type\":\"WebSite\",\"@id\":\"https:\/\/abelfigueiredo.pa.gov.br\/site\/#website\",\"url\":\"https:\/\/abelfigueiredo.pa.gov.br\/site\/\",\"name\":\"Prefeitura Municipal de Abel Figueiredo | Gest\u00e3o 2025-2028\",\"description\":\"Site oficial da Prefeitura Municipal de Abel Figueiredo\",\"potentialAction\":[{\"@type\":\"SearchAction\",\"target\":{\"@type\":\"EntryPoint\",\"urlTemplate\":\"https:\/\/abelfigueiredo.pa.gov.br\/site\/?s={search_term_string}\"},\"query-input\":{\"@type\":\"PropertyValueSpecification\",\"valueRequired\":true,\"valueName\":\"search_term_string\"}}],\"inLanguage\":\"pt-BR\"},{\"@type\":\"Person\",\"@id\":\"https:\/\/abelfigueiredo.pa.gov.br\/site\/#\/schema\/person\/7c1ecb1baa18502745b46b3921be7bbb\",\"name\":\"djthiago\",\"image\":{\"@type\":\"ImageObject\",\"inLanguage\":\"pt-BR\",\"@id\":\"https:\/\/abelfigueiredo.pa.gov.br\/site\/#\/schema\/person\/image\/\",\"url\":\"https:\/\/secure.gravatar.com\/avatar\/2edad05cd7afbef8b9e1495dacdf55fd32bf2fe055ead3a385c32f41e201743d?s=96&d=mm&r=g\",\"contentUrl\":\"https:\/\/secure.gravatar.com\/avatar\/2edad05cd7afbef8b9e1495dacdf55fd32bf2fe055ead3a385c32f41e201743d?s=96&d=mm&r=g\",\"caption\":\"djthiago\"},\"url\":\"https:\/\/abelfigueiredo.pa.gov.br\/site\/author\/djthiago\/\"}]}<\/script>\n<!-- \/ Yoast SEO plugin. -->","yoast_head_json":{"title":"Vacina\u00e7\u00e3o contra Meningite C em Abel Figueiredo-PA. - Prefeitura Municipal de Abel Figueiredo | Gest\u00e3o 2025-2028","robots":{"index":"index","follow":"follow","max-snippet":"max-snippet:-1","max-image-preview":"max-image-preview:large","max-video-preview":"max-video-preview:-1"},"canonical":"https:\/\/abelfigueiredo.pa.gov.br\/site\/vacinacao-contra-meningite-c-em-abel-figueiredo-pa\/","og_locale":"pt_BR","og_type":"article","og_title":"Vacina\u00e7\u00e3o contra Meningite C em Abel Figueiredo-PA. - Prefeitura Municipal de Abel Figueiredo | Gest\u00e3o 2025-2028","og_description":"#compartilhe A Prefeitura de Abel Figueiredo por meio da Secretaria Municipal de Sa\u00fade informa que a vacina contra a meningite C, ainda est\u00e1 dispon\u00edvel nas unidades de Sa\u00fade at\u00e9 o dia 31 de agosto, \u00faltimas doses para o p\u00fablico alvo de 20 anos acima. Procure uma Unidade de Sa\u00fade mais pr\u00f3xima de sua casa seVeja mais","og_url":"https:\/\/abelfigueiredo.pa.gov.br\/site\/vacinacao-contra-meningite-c-em-abel-figueiredo-pa\/","og_site_name":"Prefeitura Municipal de Abel Figueiredo | Gest\u00e3o 2025-2028","article_published_time":"2023-08-28T13:05:36+00:00","og_image":[{"url":"https:\/\/scontent.fimp1-2.fna.fbcdn.net\/v\/t39.30808-6\/370047380_126075000579306_1040870528887067811_n.jpg?stp=dst-jpg_s960x960&amp;_nc_cat=103&amp;ccb=1-7&amp;_nc_sid=730e14&amp;_nc_eui2=AeFlNmy2m3y3FLejS6XBA1MkNoju_LhgInQ2iO78uGAidPg6rsmSS5cmHEdZpTTRy7Fc9xT26ZbotloMAXNqiu6_&amp;_nc_ohc=Ljx9eRus7GUAX-4ZJ8p&amp;_nc_ht=scontent.fimp1-2.fna&amp;oh=00_AfDDBEFeRtPJZ3JG5dCYOfyj4_EkL5Dm9zyGDv_BGYD2eg&amp;oe=64F1C5E8","type":"","width":"","height":""}],"author":"djthiago","twitter_misc":{"Escrito por":"djthiago"},"schema":{"@context":"https:\/\/schema.org","@graph":[{"@type":"WebPage","@id":"https:\/\/abelfigueiredo.pa.gov.br\/site\/vacinacao-contra-meningite-c-em-abel-figueiredo-pa\/","url":"https:\/\/abelfigueiredo.pa.gov.br\/site\/vacinacao-contra-meningite-c-em-abel-figueiredo-pa\/","name":"Vacina\u00e7\u00e3o contra Meningite C em Abel Figueiredo-PA. - Prefeitura Municipal de Abel Figueiredo | Gest\u00e3o 2025-2028","isPartOf":{"@id":"https:\/\/abelfigueiredo.pa.gov.br\/site\/#website"},"primaryImageOfPage":{"@id":"https:\/\/abelfigueiredo.pa.gov.br\/site\/vacinacao-contra-meningite-c-em-abel-figueiredo-pa\/#primaryimage"},"image":{"@id":"https:\/\/abelfigueiredo.pa.gov.br\/site\/vacinacao-contra-meningite-c-em-abel-figueiredo-pa\/#primaryimage"},"thumbnailUrl":"https:\/\/abelfigueiredo.pa.gov.br\/site\/wp-content\/uploads\/2023\/08\/Instagram-Post-Clinica-Medica-simples-branco-e-azul-1100-\u00d7-1366-px-1.png","datePublished":"2023-08-28T13:05:36+00:00","author":{"@id":"https:\/\/abelfigueiredo.pa.gov.br\/site\/#\/schema\/person\/7c1ecb1baa18502745b46b3921be7bbb"},"inLanguage":"pt-BR","potentialAction":[{"@type":"ReadAction","target":["https:\/\/abelfigueiredo.pa.gov.br\/site\/vacinacao-contra-meningite-c-em-abel-figueiredo-pa\/"]}]},{"@type":"ImageObject","inLanguage":"pt-BR","@id":"https:\/\/abelfigueiredo.pa.gov.br\/site\/vacinacao-contra-meningite-c-em-abel-figueiredo-pa\/#primaryimage","url":"https:\/\/abelfigueiredo.pa.gov.br\/site\/wp-content\/uploads\/2023\/08\/Instagram-Post-Clinica-Medica-simples-branco-e-azul-1100-\u00d7-1366-px-1.png","contentUrl":"https:\/\/abelfigueiredo.pa.gov.br\/site\/wp-content\/uploads\/2023\/08\/Instagram-Post-Clinica-Medica-simples-branco-e-azul-1100-\u00d7-1366-px-1.png","width":1100,"height":1366},{"@type":"WebSite","@id":"https:\/\/abelfigueiredo.pa.gov.br\/site\/#website","url":"https:\/\/abelfigueiredo.pa.gov.br\/site\/","name":"Prefeitura Municipal de Abel Figueiredo | Gest\u00e3o 2025-2028","description":"Site oficial da Prefeitura Municipal de Abel Figueiredo","potentialAction":[{"@type":"SearchAction","target":{"@type":"EntryPoint","urlTemplate":"https:\/\/abelfigueiredo.pa.gov.br\/site\/?s={search_term_string}"},"query-input":{"@type":"PropertyValueSpecification","valueRequired":true,"valueName":"search_term_string"}}],"inLanguage":"pt-BR"},{"@type":"Person","@id":"https:\/\/abelfigueiredo.pa.gov.br\/site\/#\/schema\/person\/7c1ecb1baa18502745b46b3921be7bbb","name":"djthiago","image":{"@type":"ImageObject","inLanguage":"pt-BR","@id":"https:\/\/abelfigueiredo.pa.gov.br\/site\/#\/schema\/person\/image\/","url":"https:\/\/secure.gravatar.com\/avatar\/2edad05cd7afbef8b9e1495dacdf55fd32bf2fe055ead3a385c32f41e201743d?s=96&d=mm&r=g","contentUrl":"https:\/\/secure.gravatar.com\/avatar\/2edad05cd7afbef8b9e1495dacdf55fd32bf2fe055ead3a385c32f41e201743d?s=96&d=mm&r=g","caption":"djthiago"},"url":"https:\/\/abelfigueiredo.pa.gov.br\/site\/author\/djthiago\/"}]}},"_links":{"self":[{"href":"https:\/\/abelfigueiredo.pa.gov.br\/site\/wp-json\/wp\/v2\/posts\/15999","targetHints":{"allow":["GET"]}}],"collection":[{"href":"https:\/\/abelfigueiredo.pa.gov.br\/site\/wp-json\/wp\/v2\/posts"}],"about":[{"href":"https:\/\/abelfigueiredo.pa.gov.br\/site\/wp-json\/wp\/v2\/types\/post"}],"author":[{"embeddable":true,"href":"https:\/\/abelfigueiredo.pa.gov.br\/site\/wp-json\/wp\/v2\/users\/34"}],"replies":[{"embeddable":true,"href":"https:\/\/abelfigueiredo.pa.gov.br\/site\/wp-json\/wp\/v2\/comments?post=15999"}],"version-history":[{"count":0,"href":"https:\/\/abelfigueiredo.pa.gov.br\/site\/wp-json\/wp\/v2\/posts\/15999\/revisions"}],"wp:featuredmedia":[{"embeddable":true,"href":"https:\/\/abelfigueiredo.pa.gov.br\/site\/wp-json\/wp\/v2\/media\/16000"}],"wp:attachment":[{"href":"https:\/\/abelfigueiredo.pa.gov.br\/site\/wp-json\/wp\/v2\/media?parent=15999"}],"wp:term":[{"taxonomy":"category","embeddable":true,"href":"https:\/\/abelfigueiredo.pa.gov.br\/site\/wp-json\/wp\/v2\/categories?post=15999"},{"taxonomy":"post_tag","embeddable":true,"href":"https:\/\/abelfigueiredo.pa.gov.br\/site\/wp-json\/wp\/v2\/tags?post=15999"}],"curies":[{"name":"wp","href":"https:\/\/api.w.org\/{rel}","templated":true}]}}