{"id":15525,"date":"2023-06-29T10:51:19","date_gmt":"2023-06-29T13:51:19","guid":{"rendered":"https:\/\/abelfigueiredo.pa.gov.br\/site\/?p=15525"},"modified":"2023-06-29T10:51:19","modified_gmt":"2023-06-29T13:51:19","slug":"arraia-da-mio-idade-realizado-com-sucesso-para-os-idosos-assistidos-pelo-servico-de-convivencia-e-fortalecimento-de-vinculos-de-abel-figueiredo-pa","status":"publish","type":"post","link":"https:\/\/abelfigueiredo.pa.gov.br\/site\/arraia-da-mio-idade-realizado-com-sucesso-para-os-idosos-assistidos-pelo-servico-de-convivencia-e-fortalecimento-de-vinculos-de-abel-figueiredo-pa\/","title":{"rendered":"Arraia da &#8220;Mi\u00f3 Idade&#8221; Realizado com sucesso para os idosos assistidos pelo Servi\u00e7o de Conviv\u00eancia e Fortalecimento de V\u00ednculos de Abel Figueiredo-PA."},"content":{"rendered":"<div class=\"x11i5rnm xat24cr x1mh8g0r x1vvkbs xtlvy1s x126k92a\">\n<div dir=\"auto\"><a class=\"x1i10hfl xjbqb8w x6umtig x1b1mbwd xaqea5y xav7gou x9f619 x1ypdohk xt0psk2 xe8uvvx xdj266r x11i5rnm xat24cr x1mh8g0r xexx8yu x4uap5 x18d9i69 xkhd6sd x16tdsg8 x1hl2dhg xggy1nq x1a2a7pz xt0b8zv x1qq9wsj xo1l8bm\" tabindex=\"0\" role=\"link\" href=\"https:\/\/www.facebook.com\/hashtag\/compartilhe?__eep__=6&amp;__cft__[0]=AZUAOz1ybSe4-zBKNqbu_G_Q176O9FewzKC7vx2IXnWFY4ptR-640oywprLtSlqtJcXzsN9KpoJJXUNarctlkgwb9azEeNpt_zJA6EExazo1U6t-ZMUCp1q7VX656KcDNV_fFnXX7JSYpF5gCqNEn4KoV7y7r4R3CRuBhJeSdMq4PC52V9gDTqMzjnTrMeWTl8M&amp;__tn__=*NK-R\">#compartilhe<\/a><\/div>\n<\/div>\n<div class=\"x11i5rnm xat24cr x1mh8g0r x1vvkbs xtlvy1s x126k92a\">\n<div dir=\"auto\">Uma noite memor\u00e1vel e muito animada com muita dan\u00e7a e comilan\u00e7as pra ficar na hist\u00f3ria do Arrai\u00e1 da Mi\u00f3 Idade 2023, um evento organizado com muito carinho para os nossos idosos pela Prefeitura Munic\u00edpio de Abel Figueiredo administra\u00e7\u00e3o Prefeito Ant\u00f4nio Calhau vice Evandro da Serraria, por meio da Secretaria Municipal de Desenvolvimento e Promo\u00e7\u00e3o Social, Secret\u00e1ria Winnie Aylla Barbosa e equipe.<\/div>\n<div dir=\"auto\">\n<div class=\"x1i10hfl xjbqb8w x6umtig x1b1mbwd xaqea5y xav7gou x9f619 x1ypdohk xt0psk2 xe8uvvx xdj266r x11i5rnm xat24cr x1mh8g0r xexx8yu x4uap5 x18d9i69 xkhd6sd x16tdsg8 x1hl2dhg xggy1nq x1a2a7pz\" tabindex=\"0\" role=\"button\">Parab\u00e9ns<\/div>\n<div class=\"x1o1ewxj x3x9cwd x1e5q0jg x13rtm0m x1ey2m1c xds687c xg01cxk x47corl x10l6tqk x17qophe x13vifvy x1ebt8du x19991ni x1dhq9h x1wpzbip\" data-visualcompletion=\"ignore\"><\/div>\n<p>a todos!!!<\/p><\/div>\n<\/div>\n<div class=\"x11i5rnm xat24cr x1mh8g0r x1vvkbs xtlvy1s x126k92a\">\n<div dir=\"auto\">Seguiremos juntos Trabalhando para o Povo!<\/div>\n<\/div>\n<div class=\"x11i5rnm xat24cr x1mh8g0r x1vvkbs xtlvy1s x126k92a\">\n<div dir=\"auto\"><a class=\"x1i10hfl xjbqb8w x6umtig x1b1mbwd xaqea5y xav7gou x9f619 x1ypdohk xt0psk2 xe8uvvx xdj266r x11i5rnm xat24cr x1mh8g0r xexx8yu x4uap5 x18d9i69 xkhd6sd x16tdsg8 x1hl2dhg xggy1nq x1a2a7pz xt0b8zv x1qq9wsj xo1l8bm\" tabindex=\"0\" role=\"link\" href=\"https:\/\/www.facebook.com\/hashtag\/prefdeabelfigueiredo?__eep__=6&amp;__cft__[0]=AZUAOz1ybSe4-zBKNqbu_G_Q176O9FewzKC7vx2IXnWFY4ptR-640oywprLtSlqtJcXzsN9KpoJJXUNarctlkgwb9azEeNpt_zJA6EExazo1U6t-ZMUCp1q7VX656KcDNV_fFnXX7JSYpF5gCqNEn4KoV7y7r4R3CRuBhJeSdMq4PC52V9gDTqMzjnTrMeWTl8M&amp;__tn__=*NK-R\">#prefdeabelfigueiredo<\/a><\/div>\n<div dir=\"auto\"><a class=\"x1i10hfl xjbqb8w x6umtig x1b1mbwd xaqea5y xav7gou x9f619 x1ypdohk xt0psk2 xe8uvvx xdj266r x11i5rnm xat24cr x1mh8g0r xexx8yu x4uap5 x18d9i69 xkhd6sd x16tdsg8 x1hl2dhg xggy1nq x1a2a7pz xt0b8zv x1qq9wsj xo1l8bm\" tabindex=\"0\" role=\"link\" href=\"https:\/\/www.facebook.com\/hashtag\/secdepromocaosocial?__eep__=6&amp;__cft__[0]=AZUAOz1ybSe4-zBKNqbu_G_Q176O9FewzKC7vx2IXnWFY4ptR-640oywprLtSlqtJcXzsN9KpoJJXUNarctlkgwb9azEeNpt_zJA6EExazo1U6t-ZMUCp1q7VX656KcDNV_fFnXX7JSYpF5gCqNEn4KoV7y7r4R3CRuBhJeSdMq4PC52V9gDTqMzjnTrMeWTl8M&amp;__tn__=*NK-R\">#secdepromocaosocial<\/a><\/div>\n<div dir=\"auto\"><a class=\"x1i10hfl xjbqb8w x6umtig x1b1mbwd xaqea5y xav7gou x9f619 x1ypdohk xt0psk2 xe8uvvx xdj266r x11i5rnm xat24cr x1mh8g0r xexx8yu x4uap5 x18d9i69 xkhd6sd x16tdsg8 x1hl2dhg xggy1nq x1a2a7pz xt0b8zv x1qq9wsj xo1l8bm\" tabindex=\"0\" role=\"link\" href=\"https:\/\/www.facebook.com\/hashtag\/trabalhandoparaopovo?__eep__=6&amp;__cft__[0]=AZUAOz1ybSe4-zBKNqbu_G_Q176O9FewzKC7vx2IXnWFY4ptR-640oywprLtSlqtJcXzsN9KpoJJXUNarctlkgwb9azEeNpt_zJA6EExazo1U6t-ZMUCp1q7VX656KcDNV_fFnXX7JSYpF5gCqNEn4KoV7y7r4R3CRuBhJeSdMq4PC52V9gDTqMzjnTrMeWTl8M&amp;__tn__=*NK-R\">#trabalhandoparaopovo<\/a><\/div>\n<div dir=\"auto\"><a href=\"https:\/\/abelfigueiredo.pa.gov.br\/site\/wp-content\/uploads\/2023\/07\/Evento-realizado-para-as-maes-do-Programa-Crianca-Feliz-Primeira-Infancia-no-SUAS-1080-\u00d7-1000-px-1000-\u00d7-1000-px-980-\u00d7-1000-px-37.png\"><img loading=\"lazy\" decoding=\"async\" class=\"alignnone size-medium wp-image-15526\" src=\"https:\/\/abelfigueiredo.pa.gov.br\/site\/wp-content\/uploads\/2023\/07\/Evento-realizado-para-as-maes-do-Programa-Crianca-Feliz-Primeira-Infancia-no-SUAS-1080-\u00d7-1000-px-1000-\u00d7-1000-px-980-\u00d7-1000-px-37-294x300.png\" alt=\"\" width=\"294\" height=\"300\" srcset=\"https:\/\/abelfigueiredo.pa.gov.br\/site\/wp-content\/uploads\/2023\/07\/Evento-realizado-para-as-maes-do-Programa-Crianca-Feliz-Primeira-Infancia-no-SUAS-1080-\u00d7-1000-px-1000-\u00d7-1000-px-980-\u00d7-1000-px-37-294x300.png 294w, https:\/\/abelfigueiredo.pa.gov.br\/site\/wp-content\/uploads\/2023\/07\/Evento-realizado-para-as-maes-do-Programa-Crianca-Feliz-Primeira-Infancia-no-SUAS-1080-\u00d7-1000-px-1000-\u00d7-1000-px-980-\u00d7-1000-px-37-768x784.png 768w, https:\/\/abelfigueiredo.pa.gov.br\/site\/wp-content\/uploads\/2023\/07\/Evento-realizado-para-as-maes-do-Programa-Crianca-Feliz-Primeira-Infancia-no-SUAS-1080-\u00d7-1000-px-1000-\u00d7-1000-px-980-\u00d7-1000-px-37.png 980w\" sizes=\"auto, (max-width: 294px) 100vw, 294px\" \/><\/a> <a href=\"https:\/\/abelfigueiredo.pa.gov.br\/site\/wp-content\/uploads\/2023\/07\/Evento-realizado-para-as-maes-do-Programa-Crianca-Feliz-Primeira-Infancia-no-SUAS-1080-\u00d7-1000-px-1000-\u00d7-1000-px-980-\u00d7-1000-px-36.png\"><img loading=\"lazy\" decoding=\"async\" class=\"alignnone size-medium wp-image-15527\" src=\"https:\/\/abelfigueiredo.pa.gov.br\/site\/wp-content\/uploads\/2023\/07\/Evento-realizado-para-as-maes-do-Programa-Crianca-Feliz-Primeira-Infancia-no-SUAS-1080-\u00d7-1000-px-1000-\u00d7-1000-px-980-\u00d7-1000-px-36-294x300.png\" alt=\"\" width=\"294\" height=\"300\" srcset=\"https:\/\/abelfigueiredo.pa.gov.br\/site\/wp-content\/uploads\/2023\/07\/Evento-realizado-para-as-maes-do-Programa-Crianca-Feliz-Primeira-Infancia-no-SUAS-1080-\u00d7-1000-px-1000-\u00d7-1000-px-980-\u00d7-1000-px-36-294x300.png 294w, https:\/\/abelfigueiredo.pa.gov.br\/site\/wp-content\/uploads\/2023\/07\/Evento-realizado-para-as-maes-do-Programa-Crianca-Feliz-Primeira-Infancia-no-SUAS-1080-\u00d7-1000-px-1000-\u00d7-1000-px-980-\u00d7-1000-px-36-768x784.png 768w, https:\/\/abelfigueiredo.pa.gov.br\/site\/wp-content\/uploads\/2023\/07\/Evento-realizado-para-as-maes-do-Programa-Crianca-Feliz-Primeira-Infancia-no-SUAS-1080-\u00d7-1000-px-1000-\u00d7-1000-px-980-\u00d7-1000-px-36.png 980w\" sizes=\"auto, (max-width: 294px) 100vw, 294px\" \/><\/a> <a href=\"https:\/\/abelfigueiredo.pa.gov.br\/site\/wp-content\/uploads\/2023\/07\/Evento-realizado-para-as-maes-do-Programa-Crianca-Feliz-Primeira-Infancia-no-SUAS-1080-\u00d7-1000-px-1000-\u00d7-1000-px-980-\u00d7-1000-px-35.png\"><img loading=\"lazy\" decoding=\"async\" class=\"alignnone size-medium wp-image-15528\" src=\"https:\/\/abelfigueiredo.pa.gov.br\/site\/wp-content\/uploads\/2023\/07\/Evento-realizado-para-as-maes-do-Programa-Crianca-Feliz-Primeira-Infancia-no-SUAS-1080-\u00d7-1000-px-1000-\u00d7-1000-px-980-\u00d7-1000-px-35-294x300.png\" alt=\"\" width=\"294\" height=\"300\" srcset=\"https:\/\/abelfigueiredo.pa.gov.br\/site\/wp-content\/uploads\/2023\/07\/Evento-realizado-para-as-maes-do-Programa-Crianca-Feliz-Primeira-Infancia-no-SUAS-1080-\u00d7-1000-px-1000-\u00d7-1000-px-980-\u00d7-1000-px-35-294x300.png 294w, https:\/\/abelfigueiredo.pa.gov.br\/site\/wp-content\/uploads\/2023\/07\/Evento-realizado-para-as-maes-do-Programa-Crianca-Feliz-Primeira-Infancia-no-SUAS-1080-\u00d7-1000-px-1000-\u00d7-1000-px-980-\u00d7-1000-px-35-768x784.png 768w, https:\/\/abelfigueiredo.pa.gov.br\/site\/wp-content\/uploads\/2023\/07\/Evento-realizado-para-as-maes-do-Programa-Crianca-Feliz-Primeira-Infancia-no-SUAS-1080-\u00d7-1000-px-1000-\u00d7-1000-px-980-\u00d7-1000-px-35.png 980w\" sizes=\"auto, (max-width: 294px) 100vw, 294px\" \/><\/a> <a href=\"https:\/\/abelfigueiredo.pa.gov.br\/site\/wp-content\/uploads\/2023\/07\/Evento-realizado-para-as-maes-do-Programa-Crianca-Feliz-Primeira-Infancia-no-SUAS-1080-\u00d7-1000-px-1000-\u00d7-1000-px-980-\u00d7-1000-px-34.png\"><img loading=\"lazy\" decoding=\"async\" class=\"alignnone size-medium wp-image-15529\" src=\"https:\/\/abelfigueiredo.pa.gov.br\/site\/wp-content\/uploads\/2023\/07\/Evento-realizado-para-as-maes-do-Programa-Crianca-Feliz-Primeira-Infancia-no-SUAS-1080-\u00d7-1000-px-1000-\u00d7-1000-px-980-\u00d7-1000-px-34-294x300.png\" alt=\"\" width=\"294\" height=\"300\" srcset=\"https:\/\/abelfigueiredo.pa.gov.br\/site\/wp-content\/uploads\/2023\/07\/Evento-realizado-para-as-maes-do-Programa-Crianca-Feliz-Primeira-Infancia-no-SUAS-1080-\u00d7-1000-px-1000-\u00d7-1000-px-980-\u00d7-1000-px-34-294x300.png 294w, https:\/\/abelfigueiredo.pa.gov.br\/site\/wp-content\/uploads\/2023\/07\/Evento-realizado-para-as-maes-do-Programa-Crianca-Feliz-Primeira-Infancia-no-SUAS-1080-\u00d7-1000-px-1000-\u00d7-1000-px-980-\u00d7-1000-px-34-768x784.png 768w, https:\/\/abelfigueiredo.pa.gov.br\/site\/wp-content\/uploads\/2023\/07\/Evento-realizado-para-as-maes-do-Programa-Crianca-Feliz-Primeira-Infancia-no-SUAS-1080-\u00d7-1000-px-1000-\u00d7-1000-px-980-\u00d7-1000-px-34.png 980w\" sizes=\"auto, (max-width: 294px) 100vw, 294px\" \/><\/a> <a href=\"https:\/\/abelfigueiredo.pa.gov.br\/site\/wp-content\/uploads\/2023\/07\/Evento-realizado-para-as-maes-do-Programa-Crianca-Feliz-Primeira-Infancia-no-SUAS-1080-\u00d7-1000-px-1000-\u00d7-1000-px-980-\u00d7-1000-px-33.png\"><img loading=\"lazy\" decoding=\"async\" class=\"alignnone size-medium wp-image-15530\" src=\"https:\/\/abelfigueiredo.pa.gov.br\/site\/wp-content\/uploads\/2023\/07\/Evento-realizado-para-as-maes-do-Programa-Crianca-Feliz-Primeira-Infancia-no-SUAS-1080-\u00d7-1000-px-1000-\u00d7-1000-px-980-\u00d7-1000-px-33-294x300.png\" alt=\"\" width=\"294\" height=\"300\" srcset=\"https:\/\/abelfigueiredo.pa.gov.br\/site\/wp-content\/uploads\/2023\/07\/Evento-realizado-para-as-maes-do-Programa-Crianca-Feliz-Primeira-Infancia-no-SUAS-1080-\u00d7-1000-px-1000-\u00d7-1000-px-980-\u00d7-1000-px-33-294x300.png 294w, https:\/\/abelfigueiredo.pa.gov.br\/site\/wp-content\/uploads\/2023\/07\/Evento-realizado-para-as-maes-do-Programa-Crianca-Feliz-Primeira-Infancia-no-SUAS-1080-\u00d7-1000-px-1000-\u00d7-1000-px-980-\u00d7-1000-px-33-768x784.png 768w, https:\/\/abelfigueiredo.pa.gov.br\/site\/wp-content\/uploads\/2023\/07\/Evento-realizado-para-as-maes-do-Programa-Crianca-Feliz-Primeira-Infancia-no-SUAS-1080-\u00d7-1000-px-1000-\u00d7-1000-px-980-\u00d7-1000-px-33.png 980w\" sizes=\"auto, (max-width: 294px) 100vw, 294px\" \/><\/a> <a href=\"https:\/\/abelfigueiredo.pa.gov.br\/site\/wp-content\/uploads\/2023\/07\/Evento-realizado-para-as-maes-do-Programa-Crianca-Feliz-Primeira-Infancia-no-SUAS-1080-\u00d7-1000-px-1000-\u00d7-1000-px-980-\u00d7-1000-px-32.png\"><img loading=\"lazy\" decoding=\"async\" class=\"alignnone size-medium wp-image-15531\" src=\"https:\/\/abelfigueiredo.pa.gov.br\/site\/wp-content\/uploads\/2023\/07\/Evento-realizado-para-as-maes-do-Programa-Crianca-Feliz-Primeira-Infancia-no-SUAS-1080-\u00d7-1000-px-1000-\u00d7-1000-px-980-\u00d7-1000-px-32-294x300.png\" alt=\"\" width=\"294\" height=\"300\" srcset=\"https:\/\/abelfigueiredo.pa.gov.br\/site\/wp-content\/uploads\/2023\/07\/Evento-realizado-para-as-maes-do-Programa-Crianca-Feliz-Primeira-Infancia-no-SUAS-1080-\u00d7-1000-px-1000-\u00d7-1000-px-980-\u00d7-1000-px-32-294x300.png 294w, https:\/\/abelfigueiredo.pa.gov.br\/site\/wp-content\/uploads\/2023\/07\/Evento-realizado-para-as-maes-do-Programa-Crianca-Feliz-Primeira-Infancia-no-SUAS-1080-\u00d7-1000-px-1000-\u00d7-1000-px-980-\u00d7-1000-px-32-768x784.png 768w, https:\/\/abelfigueiredo.pa.gov.br\/site\/wp-content\/uploads\/2023\/07\/Evento-realizado-para-as-maes-do-Programa-Crianca-Feliz-Primeira-Infancia-no-SUAS-1080-\u00d7-1000-px-1000-\u00d7-1000-px-980-\u00d7-1000-px-32.png 980w\" sizes=\"auto, (max-width: 294px) 100vw, 294px\" \/><\/a> <a href=\"https:\/\/abelfigueiredo.pa.gov.br\/site\/wp-content\/uploads\/2023\/07\/Evento-realizado-para-as-maes-do-Programa-Crianca-Feliz-Primeira-Infancia-no-SUAS-1080-\u00d7-1000-px-1000-\u00d7-1000-px-980-\u00d7-1000-px-31.png\"><img loading=\"lazy\" decoding=\"async\" class=\"alignnone size-medium wp-image-15532\" src=\"https:\/\/abelfigueiredo.pa.gov.br\/site\/wp-content\/uploads\/2023\/07\/Evento-realizado-para-as-maes-do-Programa-Crianca-Feliz-Primeira-Infancia-no-SUAS-1080-\u00d7-1000-px-1000-\u00d7-1000-px-980-\u00d7-1000-px-31-294x300.png\" alt=\"\" width=\"294\" height=\"300\" srcset=\"https:\/\/abelfigueiredo.pa.gov.br\/site\/wp-content\/uploads\/2023\/07\/Evento-realizado-para-as-maes-do-Programa-Crianca-Feliz-Primeira-Infancia-no-SUAS-1080-\u00d7-1000-px-1000-\u00d7-1000-px-980-\u00d7-1000-px-31-294x300.png 294w, https:\/\/abelfigueiredo.pa.gov.br\/site\/wp-content\/uploads\/2023\/07\/Evento-realizado-para-as-maes-do-Programa-Crianca-Feliz-Primeira-Infancia-no-SUAS-1080-\u00d7-1000-px-1000-\u00d7-1000-px-980-\u00d7-1000-px-31-768x784.png 768w, https:\/\/abelfigueiredo.pa.gov.br\/site\/wp-content\/uploads\/2023\/07\/Evento-realizado-para-as-maes-do-Programa-Crianca-Feliz-Primeira-Infancia-no-SUAS-1080-\u00d7-1000-px-1000-\u00d7-1000-px-980-\u00d7-1000-px-31.png 980w\" sizes=\"auto, (max-width: 294px) 100vw, 294px\" \/><\/a> <a href=\"https:\/\/abelfigueiredo.pa.gov.br\/site\/wp-content\/uploads\/2023\/07\/Evento-realizado-para-as-maes-do-Programa-Crianca-Feliz-Primeira-Infancia-no-SUAS-1080-\u00d7-1000-px-1000-\u00d7-1000-px-980-\u00d7-1000-px-30.png\"><img loading=\"lazy\" decoding=\"async\" class=\"alignnone size-medium wp-image-15533\" src=\"https:\/\/abelfigueiredo.pa.gov.br\/site\/wp-content\/uploads\/2023\/07\/Evento-realizado-para-as-maes-do-Programa-Crianca-Feliz-Primeira-Infancia-no-SUAS-1080-\u00d7-1000-px-1000-\u00d7-1000-px-980-\u00d7-1000-px-30-294x300.png\" alt=\"\" width=\"294\" height=\"300\" srcset=\"https:\/\/abelfigueiredo.pa.gov.br\/site\/wp-content\/uploads\/2023\/07\/Evento-realizado-para-as-maes-do-Programa-Crianca-Feliz-Primeira-Infancia-no-SUAS-1080-\u00d7-1000-px-1000-\u00d7-1000-px-980-\u00d7-1000-px-30-294x300.png 294w, https:\/\/abelfigueiredo.pa.gov.br\/site\/wp-content\/uploads\/2023\/07\/Evento-realizado-para-as-maes-do-Programa-Crianca-Feliz-Primeira-Infancia-no-SUAS-1080-\u00d7-1000-px-1000-\u00d7-1000-px-980-\u00d7-1000-px-30-768x784.png 768w, https:\/\/abelfigueiredo.pa.gov.br\/site\/wp-content\/uploads\/2023\/07\/Evento-realizado-para-as-maes-do-Programa-Crianca-Feliz-Primeira-Infancia-no-SUAS-1080-\u00d7-1000-px-1000-\u00d7-1000-px-980-\u00d7-1000-px-30.png 980w\" sizes=\"auto, (max-width: 294px) 100vw, 294px\" \/><\/a> <a href=\"https:\/\/abelfigueiredo.pa.gov.br\/site\/wp-content\/uploads\/2023\/07\/Evento-realizado-para-as-maes-do-Programa-Crianca-Feliz-Primeira-Infancia-no-SUAS-1080-\u00d7-1000-px-1000-\u00d7-1000-px-980-\u00d7-1000-px-29.png\"><img loading=\"lazy\" decoding=\"async\" class=\"alignnone size-medium wp-image-15534\" src=\"https:\/\/abelfigueiredo.pa.gov.br\/site\/wp-content\/uploads\/2023\/07\/Evento-realizado-para-as-maes-do-Programa-Crianca-Feliz-Primeira-Infancia-no-SUAS-1080-\u00d7-1000-px-1000-\u00d7-1000-px-980-\u00d7-1000-px-29-294x300.png\" alt=\"\" width=\"294\" height=\"300\" srcset=\"https:\/\/abelfigueiredo.pa.gov.br\/site\/wp-content\/uploads\/2023\/07\/Evento-realizado-para-as-maes-do-Programa-Crianca-Feliz-Primeira-Infancia-no-SUAS-1080-\u00d7-1000-px-1000-\u00d7-1000-px-980-\u00d7-1000-px-29-294x300.png 294w, https:\/\/abelfigueiredo.pa.gov.br\/site\/wp-content\/uploads\/2023\/07\/Evento-realizado-para-as-maes-do-Programa-Crianca-Feliz-Primeira-Infancia-no-SUAS-1080-\u00d7-1000-px-1000-\u00d7-1000-px-980-\u00d7-1000-px-29-768x784.png 768w, https:\/\/abelfigueiredo.pa.gov.br\/site\/wp-content\/uploads\/2023\/07\/Evento-realizado-para-as-maes-do-Programa-Crianca-Feliz-Primeira-Infancia-no-SUAS-1080-\u00d7-1000-px-1000-\u00d7-1000-px-980-\u00d7-1000-px-29.png 980w\" sizes=\"auto, (max-width: 294px) 100vw, 294px\" \/><\/a> <a href=\"https:\/\/abelfigueiredo.pa.gov.br\/site\/wp-content\/uploads\/2023\/07\/Evento-realizado-para-as-maes-do-Programa-Crianca-Feliz-Primeira-Infancia-no-SUAS-1080-\u00d7-1000-px-1000-\u00d7-1000-px-980-\u00d7-1000-px-28.png\"><img loading=\"lazy\" decoding=\"async\" class=\"alignnone size-medium wp-image-15535\" src=\"https:\/\/abelfigueiredo.pa.gov.br\/site\/wp-content\/uploads\/2023\/07\/Evento-realizado-para-as-maes-do-Programa-Crianca-Feliz-Primeira-Infancia-no-SUAS-1080-\u00d7-1000-px-1000-\u00d7-1000-px-980-\u00d7-1000-px-28-294x300.png\" alt=\"\" width=\"294\" height=\"300\" srcset=\"https:\/\/abelfigueiredo.pa.gov.br\/site\/wp-content\/uploads\/2023\/07\/Evento-realizado-para-as-maes-do-Programa-Crianca-Feliz-Primeira-Infancia-no-SUAS-1080-\u00d7-1000-px-1000-\u00d7-1000-px-980-\u00d7-1000-px-28-294x300.png 294w, https:\/\/abelfigueiredo.pa.gov.br\/site\/wp-content\/uploads\/2023\/07\/Evento-realizado-para-as-maes-do-Programa-Crianca-Feliz-Primeira-Infancia-no-SUAS-1080-\u00d7-1000-px-1000-\u00d7-1000-px-980-\u00d7-1000-px-28-768x784.png 768w, https:\/\/abelfigueiredo.pa.gov.br\/site\/wp-content\/uploads\/2023\/07\/Evento-realizado-para-as-maes-do-Programa-Crianca-Feliz-Primeira-Infancia-no-SUAS-1080-\u00d7-1000-px-1000-\u00d7-1000-px-980-\u00d7-1000-px-28.png 980w\" sizes=\"auto, (max-width: 294px) 100vw, 294px\" \/><\/a> <a href=\"https:\/\/abelfigueiredo.pa.gov.br\/site\/wp-content\/uploads\/2023\/07\/Evento-realizado-para-as-maes-do-Programa-Crianca-Feliz-Primeira-Infancia-no-SUAS-1080-\u00d7-1000-px-1000-\u00d7-1000-px-980-\u00d7-1000-px-27.png\"><img loading=\"lazy\" decoding=\"async\" class=\"alignnone size-medium wp-image-15536\" src=\"https:\/\/abelfigueiredo.pa.gov.br\/site\/wp-content\/uploads\/2023\/07\/Evento-realizado-para-as-maes-do-Programa-Crianca-Feliz-Primeira-Infancia-no-SUAS-1080-\u00d7-1000-px-1000-\u00d7-1000-px-980-\u00d7-1000-px-27-294x300.png\" alt=\"\" width=\"294\" height=\"300\" srcset=\"https:\/\/abelfigueiredo.pa.gov.br\/site\/wp-content\/uploads\/2023\/07\/Evento-realizado-para-as-maes-do-Programa-Crianca-Feliz-Primeira-Infancia-no-SUAS-1080-\u00d7-1000-px-1000-\u00d7-1000-px-980-\u00d7-1000-px-27-294x300.png 294w, https:\/\/abelfigueiredo.pa.gov.br\/site\/wp-content\/uploads\/2023\/07\/Evento-realizado-para-as-maes-do-Programa-Crianca-Feliz-Primeira-Infancia-no-SUAS-1080-\u00d7-1000-px-1000-\u00d7-1000-px-980-\u00d7-1000-px-27-768x784.png 768w, https:\/\/abelfigueiredo.pa.gov.br\/site\/wp-content\/uploads\/2023\/07\/Evento-realizado-para-as-maes-do-Programa-Crianca-Feliz-Primeira-Infancia-no-SUAS-1080-\u00d7-1000-px-1000-\u00d7-1000-px-980-\u00d7-1000-px-27.png 980w\" sizes=\"auto, (max-width: 294px) 100vw, 294px\" \/><\/a> <a href=\"https:\/\/abelfigueiredo.pa.gov.br\/site\/wp-content\/uploads\/2023\/07\/Evento-realizado-para-as-maes-do-Programa-Crianca-Feliz-Primeira-Infancia-no-SUAS-1080-\u00d7-1000-px-1000-\u00d7-1000-px-980-\u00d7-1000-px-26.png\"><img loading=\"lazy\" decoding=\"async\" class=\"alignnone size-medium wp-image-15537\" src=\"https:\/\/abelfigueiredo.pa.gov.br\/site\/wp-content\/uploads\/2023\/07\/Evento-realizado-para-as-maes-do-Programa-Crianca-Feliz-Primeira-Infancia-no-SUAS-1080-\u00d7-1000-px-1000-\u00d7-1000-px-980-\u00d7-1000-px-26-294x300.png\" alt=\"\" width=\"294\" height=\"300\" srcset=\"https:\/\/abelfigueiredo.pa.gov.br\/site\/wp-content\/uploads\/2023\/07\/Evento-realizado-para-as-maes-do-Programa-Crianca-Feliz-Primeira-Infancia-no-SUAS-1080-\u00d7-1000-px-1000-\u00d7-1000-px-980-\u00d7-1000-px-26-294x300.png 294w, https:\/\/abelfigueiredo.pa.gov.br\/site\/wp-content\/uploads\/2023\/07\/Evento-realizado-para-as-maes-do-Programa-Crianca-Feliz-Primeira-Infancia-no-SUAS-1080-\u00d7-1000-px-1000-\u00d7-1000-px-980-\u00d7-1000-px-26-768x784.png 768w, https:\/\/abelfigueiredo.pa.gov.br\/site\/wp-content\/uploads\/2023\/07\/Evento-realizado-para-as-maes-do-Programa-Crianca-Feliz-Primeira-Infancia-no-SUAS-1080-\u00d7-1000-px-1000-\u00d7-1000-px-980-\u00d7-1000-px-26.png 980w\" sizes=\"auto, (max-width: 294px) 100vw, 294px\" \/><\/a> <a href=\"https:\/\/abelfigueiredo.pa.gov.br\/site\/wp-content\/uploads\/2023\/07\/Evento-realizado-para-as-maes-do-Programa-Crianca-Feliz-Primeira-Infancia-no-SUAS-1080-\u00d7-1000-px-1000-\u00d7-1000-px-980-\u00d7-1000-px-25.png\"><img loading=\"lazy\" decoding=\"async\" class=\"alignnone size-medium wp-image-15538\" src=\"https:\/\/abelfigueiredo.pa.gov.br\/site\/wp-content\/uploads\/2023\/07\/Evento-realizado-para-as-maes-do-Programa-Crianca-Feliz-Primeira-Infancia-no-SUAS-1080-\u00d7-1000-px-1000-\u00d7-1000-px-980-\u00d7-1000-px-25-294x300.png\" alt=\"\" width=\"294\" height=\"300\" srcset=\"https:\/\/abelfigueiredo.pa.gov.br\/site\/wp-content\/uploads\/2023\/07\/Evento-realizado-para-as-maes-do-Programa-Crianca-Feliz-Primeira-Infancia-no-SUAS-1080-\u00d7-1000-px-1000-\u00d7-1000-px-980-\u00d7-1000-px-25-294x300.png 294w, https:\/\/abelfigueiredo.pa.gov.br\/site\/wp-content\/uploads\/2023\/07\/Evento-realizado-para-as-maes-do-Programa-Crianca-Feliz-Primeira-Infancia-no-SUAS-1080-\u00d7-1000-px-1000-\u00d7-1000-px-980-\u00d7-1000-px-25-768x784.png 768w, https:\/\/abelfigueiredo.pa.gov.br\/site\/wp-content\/uploads\/2023\/07\/Evento-realizado-para-as-maes-do-Programa-Crianca-Feliz-Primeira-Infancia-no-SUAS-1080-\u00d7-1000-px-1000-\u00d7-1000-px-980-\u00d7-1000-px-25.png 980w\" sizes=\"auto, (max-width: 294px) 100vw, 294px\" \/><\/a> <a href=\"https:\/\/abelfigueiredo.pa.gov.br\/site\/wp-content\/uploads\/2023\/07\/Evento-realizado-para-as-maes-do-Programa-Crianca-Feliz-Primeira-Infancia-no-SUAS-1080-\u00d7-1000-px-1000-\u00d7-1000-px-980-\u00d7-1000-px-24.png\"><img loading=\"lazy\" decoding=\"async\" class=\"alignnone size-medium wp-image-15539\" src=\"https:\/\/abelfigueiredo.pa.gov.br\/site\/wp-content\/uploads\/2023\/07\/Evento-realizado-para-as-maes-do-Programa-Crianca-Feliz-Primeira-Infancia-no-SUAS-1080-\u00d7-1000-px-1000-\u00d7-1000-px-980-\u00d7-1000-px-24-294x300.png\" alt=\"\" width=\"294\" height=\"300\" srcset=\"https:\/\/abelfigueiredo.pa.gov.br\/site\/wp-content\/uploads\/2023\/07\/Evento-realizado-para-as-maes-do-Programa-Crianca-Feliz-Primeira-Infancia-no-SUAS-1080-\u00d7-1000-px-1000-\u00d7-1000-px-980-\u00d7-1000-px-24-294x300.png 294w, https:\/\/abelfigueiredo.pa.gov.br\/site\/wp-content\/uploads\/2023\/07\/Evento-realizado-para-as-maes-do-Programa-Crianca-Feliz-Primeira-Infancia-no-SUAS-1080-\u00d7-1000-px-1000-\u00d7-1000-px-980-\u00d7-1000-px-24-768x784.png 768w, https:\/\/abelfigueiredo.pa.gov.br\/site\/wp-content\/uploads\/2023\/07\/Evento-realizado-para-as-maes-do-Programa-Crianca-Feliz-Primeira-Infancia-no-SUAS-1080-\u00d7-1000-px-1000-\u00d7-1000-px-980-\u00d7-1000-px-24.png 980w\" sizes=\"auto, (max-width: 294px) 100vw, 294px\" \/><\/a> <a href=\"https:\/\/abelfigueiredo.pa.gov.br\/site\/wp-content\/uploads\/2023\/07\/Evento-realizado-para-as-maes-do-Programa-Crianca-Feliz-Primeira-Infancia-no-SUAS-1080-\u00d7-1000-px-1000-\u00d7-1000-px-980-\u00d7-1000-px-23.png\"><img loading=\"lazy\" decoding=\"async\" class=\"alignnone size-medium wp-image-15540\" src=\"https:\/\/abelfigueiredo.pa.gov.br\/site\/wp-content\/uploads\/2023\/07\/Evento-realizado-para-as-maes-do-Programa-Crianca-Feliz-Primeira-Infancia-no-SUAS-1080-\u00d7-1000-px-1000-\u00d7-1000-px-980-\u00d7-1000-px-23-294x300.png\" alt=\"\" width=\"294\" height=\"300\" srcset=\"https:\/\/abelfigueiredo.pa.gov.br\/site\/wp-content\/uploads\/2023\/07\/Evento-realizado-para-as-maes-do-Programa-Crianca-Feliz-Primeira-Infancia-no-SUAS-1080-\u00d7-1000-px-1000-\u00d7-1000-px-980-\u00d7-1000-px-23-294x300.png 294w, https:\/\/abelfigueiredo.pa.gov.br\/site\/wp-content\/uploads\/2023\/07\/Evento-realizado-para-as-maes-do-Programa-Crianca-Feliz-Primeira-Infancia-no-SUAS-1080-\u00d7-1000-px-1000-\u00d7-1000-px-980-\u00d7-1000-px-23-768x784.png 768w, https:\/\/abelfigueiredo.pa.gov.br\/site\/wp-content\/uploads\/2023\/07\/Evento-realizado-para-as-maes-do-Programa-Crianca-Feliz-Primeira-Infancia-no-SUAS-1080-\u00d7-1000-px-1000-\u00d7-1000-px-980-\u00d7-1000-px-23.png 980w\" sizes=\"auto, (max-width: 294px) 100vw, 294px\" \/><\/a> <a href=\"https:\/\/abelfigueiredo.pa.gov.br\/site\/wp-content\/uploads\/2023\/07\/Evento-realizado-para-as-maes-do-Programa-Crianca-Feliz-Primeira-Infancia-no-SUAS-1080-\u00d7-1000-px-1000-\u00d7-1000-px-980-\u00d7-1000-px-22.png\"><img loading=\"lazy\" decoding=\"async\" class=\"alignnone size-medium wp-image-15541\" src=\"https:\/\/abelfigueiredo.pa.gov.br\/site\/wp-content\/uploads\/2023\/07\/Evento-realizado-para-as-maes-do-Programa-Crianca-Feliz-Primeira-Infancia-no-SUAS-1080-\u00d7-1000-px-1000-\u00d7-1000-px-980-\u00d7-1000-px-22-294x300.png\" alt=\"\" width=\"294\" height=\"300\" srcset=\"https:\/\/abelfigueiredo.pa.gov.br\/site\/wp-content\/uploads\/2023\/07\/Evento-realizado-para-as-maes-do-Programa-Crianca-Feliz-Primeira-Infancia-no-SUAS-1080-\u00d7-1000-px-1000-\u00d7-1000-px-980-\u00d7-1000-px-22-294x300.png 294w, https:\/\/abelfigueiredo.pa.gov.br\/site\/wp-content\/uploads\/2023\/07\/Evento-realizado-para-as-maes-do-Programa-Crianca-Feliz-Primeira-Infancia-no-SUAS-1080-\u00d7-1000-px-1000-\u00d7-1000-px-980-\u00d7-1000-px-22-768x784.png 768w, https:\/\/abelfigueiredo.pa.gov.br\/site\/wp-content\/uploads\/2023\/07\/Evento-realizado-para-as-maes-do-Programa-Crianca-Feliz-Primeira-Infancia-no-SUAS-1080-\u00d7-1000-px-1000-\u00d7-1000-px-980-\u00d7-1000-px-22.png 980w\" sizes=\"auto, (max-width: 294px) 100vw, 294px\" \/><\/a> <a href=\"https:\/\/abelfigueiredo.pa.gov.br\/site\/wp-content\/uploads\/2023\/07\/Evento-realizado-para-as-maes-do-Programa-Crianca-Feliz-Primeira-Infancia-no-SUAS-1080-\u00d7-1000-px-1000-\u00d7-1000-px-980-\u00d7-1000-px-21.png\"><img loading=\"lazy\" decoding=\"async\" class=\"alignnone size-medium wp-image-15542\" src=\"https:\/\/abelfigueiredo.pa.gov.br\/site\/wp-content\/uploads\/2023\/07\/Evento-realizado-para-as-maes-do-Programa-Crianca-Feliz-Primeira-Infancia-no-SUAS-1080-\u00d7-1000-px-1000-\u00d7-1000-px-980-\u00d7-1000-px-21-294x300.png\" alt=\"\" width=\"294\" height=\"300\" srcset=\"https:\/\/abelfigueiredo.pa.gov.br\/site\/wp-content\/uploads\/2023\/07\/Evento-realizado-para-as-maes-do-Programa-Crianca-Feliz-Primeira-Infancia-no-SUAS-1080-\u00d7-1000-px-1000-\u00d7-1000-px-980-\u00d7-1000-px-21-294x300.png 294w, https:\/\/abelfigueiredo.pa.gov.br\/site\/wp-content\/uploads\/2023\/07\/Evento-realizado-para-as-maes-do-Programa-Crianca-Feliz-Primeira-Infancia-no-SUAS-1080-\u00d7-1000-px-1000-\u00d7-1000-px-980-\u00d7-1000-px-21-768x784.png 768w, https:\/\/abelfigueiredo.pa.gov.br\/site\/wp-content\/uploads\/2023\/07\/Evento-realizado-para-as-maes-do-Programa-Crianca-Feliz-Primeira-Infancia-no-SUAS-1080-\u00d7-1000-px-1000-\u00d7-1000-px-980-\u00d7-1000-px-21.png 980w\" sizes=\"auto, (max-width: 294px) 100vw, 294px\" \/><\/a> <a href=\"https:\/\/abelfigueiredo.pa.gov.br\/site\/wp-content\/uploads\/2023\/07\/Evento-realizado-para-as-maes-do-Programa-Crianca-Feliz-Primeira-Infancia-no-SUAS-1080-\u00d7-1000-px-1000-\u00d7-1000-px-980-\u00d7-1000-px-20.png\"><img loading=\"lazy\" decoding=\"async\" class=\"alignnone size-medium wp-image-15543\" src=\"https:\/\/abelfigueiredo.pa.gov.br\/site\/wp-content\/uploads\/2023\/07\/Evento-realizado-para-as-maes-do-Programa-Crianca-Feliz-Primeira-Infancia-no-SUAS-1080-\u00d7-1000-px-1000-\u00d7-1000-px-980-\u00d7-1000-px-20-294x300.png\" alt=\"\" width=\"294\" height=\"300\" srcset=\"https:\/\/abelfigueiredo.pa.gov.br\/site\/wp-content\/uploads\/2023\/07\/Evento-realizado-para-as-maes-do-Programa-Crianca-Feliz-Primeira-Infancia-no-SUAS-1080-\u00d7-1000-px-1000-\u00d7-1000-px-980-\u00d7-1000-px-20-294x300.png 294w, https:\/\/abelfigueiredo.pa.gov.br\/site\/wp-content\/uploads\/2023\/07\/Evento-realizado-para-as-maes-do-Programa-Crianca-Feliz-Primeira-Infancia-no-SUAS-1080-\u00d7-1000-px-1000-\u00d7-1000-px-980-\u00d7-1000-px-20-768x784.png 768w, https:\/\/abelfigueiredo.pa.gov.br\/site\/wp-content\/uploads\/2023\/07\/Evento-realizado-para-as-maes-do-Programa-Crianca-Feliz-Primeira-Infancia-no-SUAS-1080-\u00d7-1000-px-1000-\u00d7-1000-px-980-\u00d7-1000-px-20.png 980w\" sizes=\"auto, (max-width: 294px) 100vw, 294px\" \/><\/a> <a href=\"https:\/\/abelfigueiredo.pa.gov.br\/site\/wp-content\/uploads\/2023\/07\/Evento-realizado-para-as-maes-do-Programa-Crianca-Feliz-Primeira-Infancia-no-SUAS-1080-\u00d7-1000-px-1000-\u00d7-1000-px-980-\u00d7-1000-px-19.png\"><img loading=\"lazy\" decoding=\"async\" class=\"alignnone size-medium wp-image-15544\" src=\"https:\/\/abelfigueiredo.pa.gov.br\/site\/wp-content\/uploads\/2023\/07\/Evento-realizado-para-as-maes-do-Programa-Crianca-Feliz-Primeira-Infancia-no-SUAS-1080-\u00d7-1000-px-1000-\u00d7-1000-px-980-\u00d7-1000-px-19-294x300.png\" alt=\"\" width=\"294\" height=\"300\" srcset=\"https:\/\/abelfigueiredo.pa.gov.br\/site\/wp-content\/uploads\/2023\/07\/Evento-realizado-para-as-maes-do-Programa-Crianca-Feliz-Primeira-Infancia-no-SUAS-1080-\u00d7-1000-px-1000-\u00d7-1000-px-980-\u00d7-1000-px-19-294x300.png 294w, https:\/\/abelfigueiredo.pa.gov.br\/site\/wp-content\/uploads\/2023\/07\/Evento-realizado-para-as-maes-do-Programa-Crianca-Feliz-Primeira-Infancia-no-SUAS-1080-\u00d7-1000-px-1000-\u00d7-1000-px-980-\u00d7-1000-px-19-768x784.png 768w, https:\/\/abelfigueiredo.pa.gov.br\/site\/wp-content\/uploads\/2023\/07\/Evento-realizado-para-as-maes-do-Programa-Crianca-Feliz-Primeira-Infancia-no-SUAS-1080-\u00d7-1000-px-1000-\u00d7-1000-px-980-\u00d7-1000-px-19.png 980w\" sizes=\"auto, (max-width: 294px) 100vw, 294px\" \/><\/a> <a href=\"https:\/\/abelfigueiredo.pa.gov.br\/site\/wp-content\/uploads\/2023\/07\/Evento-realizado-para-as-maes-do-Programa-Crianca-Feliz-Primeira-Infancia-no-SUAS-1080-\u00d7-1000-px-1000-\u00d7-1000-px-980-\u00d7-1000-px-18.png\"><img loading=\"lazy\" decoding=\"async\" class=\"alignnone size-medium wp-image-15545\" src=\"https:\/\/abelfigueiredo.pa.gov.br\/site\/wp-content\/uploads\/2023\/07\/Evento-realizado-para-as-maes-do-Programa-Crianca-Feliz-Primeira-Infancia-no-SUAS-1080-\u00d7-1000-px-1000-\u00d7-1000-px-980-\u00d7-1000-px-18-294x300.png\" alt=\"\" width=\"294\" height=\"300\" srcset=\"https:\/\/abelfigueiredo.pa.gov.br\/site\/wp-content\/uploads\/2023\/07\/Evento-realizado-para-as-maes-do-Programa-Crianca-Feliz-Primeira-Infancia-no-SUAS-1080-\u00d7-1000-px-1000-\u00d7-1000-px-980-\u00d7-1000-px-18-294x300.png 294w, https:\/\/abelfigueiredo.pa.gov.br\/site\/wp-content\/uploads\/2023\/07\/Evento-realizado-para-as-maes-do-Programa-Crianca-Feliz-Primeira-Infancia-no-SUAS-1080-\u00d7-1000-px-1000-\u00d7-1000-px-980-\u00d7-1000-px-18-768x784.png 768w, https:\/\/abelfigueiredo.pa.gov.br\/site\/wp-content\/uploads\/2023\/07\/Evento-realizado-para-as-maes-do-Programa-Crianca-Feliz-Primeira-Infancia-no-SUAS-1080-\u00d7-1000-px-1000-\u00d7-1000-px-980-\u00d7-1000-px-18.png 980w\" sizes=\"auto, (max-width: 294px) 100vw, 294px\" \/><\/a> <a href=\"https:\/\/abelfigueiredo.pa.gov.br\/site\/wp-content\/uploads\/2023\/07\/Evento-realizado-para-as-maes-do-Programa-Crianca-Feliz-Primeira-Infancia-no-SUAS-1080-\u00d7-1000-px-1000-\u00d7-1000-px-980-\u00d7-1000-px-17.png\"><img loading=\"lazy\" decoding=\"async\" class=\"alignnone size-medium wp-image-15546\" src=\"https:\/\/abelfigueiredo.pa.gov.br\/site\/wp-content\/uploads\/2023\/07\/Evento-realizado-para-as-maes-do-Programa-Crianca-Feliz-Primeira-Infancia-no-SUAS-1080-\u00d7-1000-px-1000-\u00d7-1000-px-980-\u00d7-1000-px-17-294x300.png\" alt=\"\" width=\"294\" height=\"300\" srcset=\"https:\/\/abelfigueiredo.pa.gov.br\/site\/wp-content\/uploads\/2023\/07\/Evento-realizado-para-as-maes-do-Programa-Crianca-Feliz-Primeira-Infancia-no-SUAS-1080-\u00d7-1000-px-1000-\u00d7-1000-px-980-\u00d7-1000-px-17-294x300.png 294w, https:\/\/abelfigueiredo.pa.gov.br\/site\/wp-content\/uploads\/2023\/07\/Evento-realizado-para-as-maes-do-Programa-Crianca-Feliz-Primeira-Infancia-no-SUAS-1080-\u00d7-1000-px-1000-\u00d7-1000-px-980-\u00d7-1000-px-17-768x784.png 768w, https:\/\/abelfigueiredo.pa.gov.br\/site\/wp-content\/uploads\/2023\/07\/Evento-realizado-para-as-maes-do-Programa-Crianca-Feliz-Primeira-Infancia-no-SUAS-1080-\u00d7-1000-px-1000-\u00d7-1000-px-980-\u00d7-1000-px-17.png 980w\" sizes=\"auto, (max-width: 294px) 100vw, 294px\" \/><\/a> <a href=\"https:\/\/abelfigueiredo.pa.gov.br\/site\/wp-content\/uploads\/2023\/07\/Evento-realizado-para-as-maes-do-Programa-Crianca-Feliz-Primeira-Infancia-no-SUAS-1080-\u00d7-1000-px-1000-\u00d7-1000-px-980-\u00d7-1000-px-16.png\"><img loading=\"lazy\" decoding=\"async\" class=\"alignnone size-medium wp-image-15547\" src=\"https:\/\/abelfigueiredo.pa.gov.br\/site\/wp-content\/uploads\/2023\/07\/Evento-realizado-para-as-maes-do-Programa-Crianca-Feliz-Primeira-Infancia-no-SUAS-1080-\u00d7-1000-px-1000-\u00d7-1000-px-980-\u00d7-1000-px-16-294x300.png\" alt=\"\" width=\"294\" height=\"300\" srcset=\"https:\/\/abelfigueiredo.pa.gov.br\/site\/wp-content\/uploads\/2023\/07\/Evento-realizado-para-as-maes-do-Programa-Crianca-Feliz-Primeira-Infancia-no-SUAS-1080-\u00d7-1000-px-1000-\u00d7-1000-px-980-\u00d7-1000-px-16-294x300.png 294w, https:\/\/abelfigueiredo.pa.gov.br\/site\/wp-content\/uploads\/2023\/07\/Evento-realizado-para-as-maes-do-Programa-Crianca-Feliz-Primeira-Infancia-no-SUAS-1080-\u00d7-1000-px-1000-\u00d7-1000-px-980-\u00d7-1000-px-16-768x784.png 768w, https:\/\/abelfigueiredo.pa.gov.br\/site\/wp-content\/uploads\/2023\/07\/Evento-realizado-para-as-maes-do-Programa-Crianca-Feliz-Primeira-Infancia-no-SUAS-1080-\u00d7-1000-px-1000-\u00d7-1000-px-980-\u00d7-1000-px-16.png 980w\" sizes=\"auto, (max-width: 294px) 100vw, 294px\" \/><\/a> <a href=\"https:\/\/abelfigueiredo.pa.gov.br\/site\/wp-content\/uploads\/2023\/07\/Evento-realizado-para-as-maes-do-Programa-Crianca-Feliz-Primeira-Infancia-no-SUAS-1080-\u00d7-1000-px-1000-\u00d7-1000-px-980-\u00d7-1000-px-15.png\"><img loading=\"lazy\" decoding=\"async\" class=\"alignnone size-medium wp-image-15548\" src=\"https:\/\/abelfigueiredo.pa.gov.br\/site\/wp-content\/uploads\/2023\/07\/Evento-realizado-para-as-maes-do-Programa-Crianca-Feliz-Primeira-Infancia-no-SUAS-1080-\u00d7-1000-px-1000-\u00d7-1000-px-980-\u00d7-1000-px-15-294x300.png\" alt=\"\" width=\"294\" height=\"300\" srcset=\"https:\/\/abelfigueiredo.pa.gov.br\/site\/wp-content\/uploads\/2023\/07\/Evento-realizado-para-as-maes-do-Programa-Crianca-Feliz-Primeira-Infancia-no-SUAS-1080-\u00d7-1000-px-1000-\u00d7-1000-px-980-\u00d7-1000-px-15-294x300.png 294w, https:\/\/abelfigueiredo.pa.gov.br\/site\/wp-content\/uploads\/2023\/07\/Evento-realizado-para-as-maes-do-Programa-Crianca-Feliz-Primeira-Infancia-no-SUAS-1080-\u00d7-1000-px-1000-\u00d7-1000-px-980-\u00d7-1000-px-15-768x784.png 768w, https:\/\/abelfigueiredo.pa.gov.br\/site\/wp-content\/uploads\/2023\/07\/Evento-realizado-para-as-maes-do-Programa-Crianca-Feliz-Primeira-Infancia-no-SUAS-1080-\u00d7-1000-px-1000-\u00d7-1000-px-980-\u00d7-1000-px-15.png 980w\" sizes=\"auto, (max-width: 294px) 100vw, 294px\" \/><\/a> <a href=\"https:\/\/abelfigueiredo.pa.gov.br\/site\/wp-content\/uploads\/2023\/07\/Evento-realizado-para-as-maes-do-Programa-Crianca-Feliz-Primeira-Infancia-no-SUAS-1080-\u00d7-1000-px-1000-\u00d7-1000-px-980-\u00d7-1000-px-14.png\"><img loading=\"lazy\" decoding=\"async\" class=\"alignnone size-medium wp-image-15549\" src=\"https:\/\/abelfigueiredo.pa.gov.br\/site\/wp-content\/uploads\/2023\/07\/Evento-realizado-para-as-maes-do-Programa-Crianca-Feliz-Primeira-Infancia-no-SUAS-1080-\u00d7-1000-px-1000-\u00d7-1000-px-980-\u00d7-1000-px-14-294x300.png\" alt=\"\" width=\"294\" height=\"300\" srcset=\"https:\/\/abelfigueiredo.pa.gov.br\/site\/wp-content\/uploads\/2023\/07\/Evento-realizado-para-as-maes-do-Programa-Crianca-Feliz-Primeira-Infancia-no-SUAS-1080-\u00d7-1000-px-1000-\u00d7-1000-px-980-\u00d7-1000-px-14-294x300.png 294w, https:\/\/abelfigueiredo.pa.gov.br\/site\/wp-content\/uploads\/2023\/07\/Evento-realizado-para-as-maes-do-Programa-Crianca-Feliz-Primeira-Infancia-no-SUAS-1080-\u00d7-1000-px-1000-\u00d7-1000-px-980-\u00d7-1000-px-14-768x784.png 768w, https:\/\/abelfigueiredo.pa.gov.br\/site\/wp-content\/uploads\/2023\/07\/Evento-realizado-para-as-maes-do-Programa-Crianca-Feliz-Primeira-Infancia-no-SUAS-1080-\u00d7-1000-px-1000-\u00d7-1000-px-980-\u00d7-1000-px-14.png 980w\" sizes=\"auto, (max-width: 294px) 100vw, 294px\" \/><\/a> <a href=\"https:\/\/abelfigueiredo.pa.gov.br\/site\/wp-content\/uploads\/2023\/07\/Evento-realizado-para-as-maes-do-Programa-Crianca-Feliz-Primeira-Infancia-no-SUAS-1080-\u00d7-1000-px-1000-\u00d7-1000-px-980-\u00d7-1000-px-13.png\"><img loading=\"lazy\" decoding=\"async\" class=\"alignnone size-medium wp-image-15550\" src=\"https:\/\/abelfigueiredo.pa.gov.br\/site\/wp-content\/uploads\/2023\/07\/Evento-realizado-para-as-maes-do-Programa-Crianca-Feliz-Primeira-Infancia-no-SUAS-1080-\u00d7-1000-px-1000-\u00d7-1000-px-980-\u00d7-1000-px-13-294x300.png\" alt=\"\" width=\"294\" height=\"300\" srcset=\"https:\/\/abelfigueiredo.pa.gov.br\/site\/wp-content\/uploads\/2023\/07\/Evento-realizado-para-as-maes-do-Programa-Crianca-Feliz-Primeira-Infancia-no-SUAS-1080-\u00d7-1000-px-1000-\u00d7-1000-px-980-\u00d7-1000-px-13-294x300.png 294w, https:\/\/abelfigueiredo.pa.gov.br\/site\/wp-content\/uploads\/2023\/07\/Evento-realizado-para-as-maes-do-Programa-Crianca-Feliz-Primeira-Infancia-no-SUAS-1080-\u00d7-1000-px-1000-\u00d7-1000-px-980-\u00d7-1000-px-13-768x784.png 768w, https:\/\/abelfigueiredo.pa.gov.br\/site\/wp-content\/uploads\/2023\/07\/Evento-realizado-para-as-maes-do-Programa-Crianca-Feliz-Primeira-Infancia-no-SUAS-1080-\u00d7-1000-px-1000-\u00d7-1000-px-980-\u00d7-1000-px-13.png 980w\" sizes=\"auto, (max-width: 294px) 100vw, 294px\" \/><\/a> <a href=\"https:\/\/abelfigueiredo.pa.gov.br\/site\/wp-content\/uploads\/2023\/07\/Evento-realizado-para-as-maes-do-Programa-Crianca-Feliz-Primeira-Infancia-no-SUAS-1080-\u00d7-1000-px-1000-\u00d7-1000-px-980-\u00d7-1000-px-12.png\"><img loading=\"lazy\" decoding=\"async\" class=\"alignnone size-medium wp-image-15551\" src=\"https:\/\/abelfigueiredo.pa.gov.br\/site\/wp-content\/uploads\/2023\/07\/Evento-realizado-para-as-maes-do-Programa-Crianca-Feliz-Primeira-Infancia-no-SUAS-1080-\u00d7-1000-px-1000-\u00d7-1000-px-980-\u00d7-1000-px-12-294x300.png\" alt=\"\" width=\"294\" height=\"300\" srcset=\"https:\/\/abelfigueiredo.pa.gov.br\/site\/wp-content\/uploads\/2023\/07\/Evento-realizado-para-as-maes-do-Programa-Crianca-Feliz-Primeira-Infancia-no-SUAS-1080-\u00d7-1000-px-1000-\u00d7-1000-px-980-\u00d7-1000-px-12-294x300.png 294w, https:\/\/abelfigueiredo.pa.gov.br\/site\/wp-content\/uploads\/2023\/07\/Evento-realizado-para-as-maes-do-Programa-Crianca-Feliz-Primeira-Infancia-no-SUAS-1080-\u00d7-1000-px-1000-\u00d7-1000-px-980-\u00d7-1000-px-12-768x784.png 768w, https:\/\/abelfigueiredo.pa.gov.br\/site\/wp-content\/uploads\/2023\/07\/Evento-realizado-para-as-maes-do-Programa-Crianca-Feliz-Primeira-Infancia-no-SUAS-1080-\u00d7-1000-px-1000-\u00d7-1000-px-980-\u00d7-1000-px-12.png 980w\" sizes=\"auto, (max-width: 294px) 100vw, 294px\" \/><\/a> <a href=\"https:\/\/abelfigueiredo.pa.gov.br\/site\/wp-content\/uploads\/2023\/07\/Evento-realizado-para-as-maes-do-Programa-Crianca-Feliz-Primeira-Infancia-no-SUAS-1080-\u00d7-1000-px-1000-\u00d7-1000-px-980-\u00d7-1000-px-11.png\"><img loading=\"lazy\" decoding=\"async\" class=\"alignnone size-medium wp-image-15552\" src=\"https:\/\/abelfigueiredo.pa.gov.br\/site\/wp-content\/uploads\/2023\/07\/Evento-realizado-para-as-maes-do-Programa-Crianca-Feliz-Primeira-Infancia-no-SUAS-1080-\u00d7-1000-px-1000-\u00d7-1000-px-980-\u00d7-1000-px-11-294x300.png\" alt=\"\" width=\"294\" height=\"300\" srcset=\"https:\/\/abelfigueiredo.pa.gov.br\/site\/wp-content\/uploads\/2023\/07\/Evento-realizado-para-as-maes-do-Programa-Crianca-Feliz-Primeira-Infancia-no-SUAS-1080-\u00d7-1000-px-1000-\u00d7-1000-px-980-\u00d7-1000-px-11-294x300.png 294w, https:\/\/abelfigueiredo.pa.gov.br\/site\/wp-content\/uploads\/2023\/07\/Evento-realizado-para-as-maes-do-Programa-Crianca-Feliz-Primeira-Infancia-no-SUAS-1080-\u00d7-1000-px-1000-\u00d7-1000-px-980-\u00d7-1000-px-11-768x784.png 768w, https:\/\/abelfigueiredo.pa.gov.br\/site\/wp-content\/uploads\/2023\/07\/Evento-realizado-para-as-maes-do-Programa-Crianca-Feliz-Primeira-Infancia-no-SUAS-1080-\u00d7-1000-px-1000-\u00d7-1000-px-980-\u00d7-1000-px-11.png 980w\" sizes=\"auto, (max-width: 294px) 100vw, 294px\" \/><\/a> <a href=\"https:\/\/abelfigueiredo.pa.gov.br\/site\/wp-content\/uploads\/2023\/07\/Evento-realizado-para-as-maes-do-Programa-Crianca-Feliz-Primeira-Infancia-no-SUAS-1080-\u00d7-1000-px-1000-\u00d7-1000-px-980-\u00d7-1000-px-10.png\"><img loading=\"lazy\" decoding=\"async\" class=\"alignnone size-medium wp-image-15553\" src=\"https:\/\/abelfigueiredo.pa.gov.br\/site\/wp-content\/uploads\/2023\/07\/Evento-realizado-para-as-maes-do-Programa-Crianca-Feliz-Primeira-Infancia-no-SUAS-1080-\u00d7-1000-px-1000-\u00d7-1000-px-980-\u00d7-1000-px-10-294x300.png\" alt=\"\" width=\"294\" height=\"300\" srcset=\"https:\/\/abelfigueiredo.pa.gov.br\/site\/wp-content\/uploads\/2023\/07\/Evento-realizado-para-as-maes-do-Programa-Crianca-Feliz-Primeira-Infancia-no-SUAS-1080-\u00d7-1000-px-1000-\u00d7-1000-px-980-\u00d7-1000-px-10-294x300.png 294w, https:\/\/abelfigueiredo.pa.gov.br\/site\/wp-content\/uploads\/2023\/07\/Evento-realizado-para-as-maes-do-Programa-Crianca-Feliz-Primeira-Infancia-no-SUAS-1080-\u00d7-1000-px-1000-\u00d7-1000-px-980-\u00d7-1000-px-10-768x784.png 768w, https:\/\/abelfigueiredo.pa.gov.br\/site\/wp-content\/uploads\/2023\/07\/Evento-realizado-para-as-maes-do-Programa-Crianca-Feliz-Primeira-Infancia-no-SUAS-1080-\u00d7-1000-px-1000-\u00d7-1000-px-980-\u00d7-1000-px-10.png 980w\" sizes=\"auto, (max-width: 294px) 100vw, 294px\" \/><\/a> <a href=\"https:\/\/abelfigueiredo.pa.gov.br\/site\/wp-content\/uploads\/2023\/07\/Evento-realizado-para-as-maes-do-Programa-Crianca-Feliz-Primeira-Infancia-no-SUAS-1080-\u00d7-1000-px-1000-\u00d7-1000-px-980-\u00d7-1000-px-9.png\"><img loading=\"lazy\" decoding=\"async\" class=\"alignnone size-medium wp-image-15554\" src=\"https:\/\/abelfigueiredo.pa.gov.br\/site\/wp-content\/uploads\/2023\/07\/Evento-realizado-para-as-maes-do-Programa-Crianca-Feliz-Primeira-Infancia-no-SUAS-1080-\u00d7-1000-px-1000-\u00d7-1000-px-980-\u00d7-1000-px-9-294x300.png\" alt=\"\" width=\"294\" height=\"300\" srcset=\"https:\/\/abelfigueiredo.pa.gov.br\/site\/wp-content\/uploads\/2023\/07\/Evento-realizado-para-as-maes-do-Programa-Crianca-Feliz-Primeira-Infancia-no-SUAS-1080-\u00d7-1000-px-1000-\u00d7-1000-px-980-\u00d7-1000-px-9-294x300.png 294w, https:\/\/abelfigueiredo.pa.gov.br\/site\/wp-content\/uploads\/2023\/07\/Evento-realizado-para-as-maes-do-Programa-Crianca-Feliz-Primeira-Infancia-no-SUAS-1080-\u00d7-1000-px-1000-\u00d7-1000-px-980-\u00d7-1000-px-9-768x784.png 768w, https:\/\/abelfigueiredo.pa.gov.br\/site\/wp-content\/uploads\/2023\/07\/Evento-realizado-para-as-maes-do-Programa-Crianca-Feliz-Primeira-Infancia-no-SUAS-1080-\u00d7-1000-px-1000-\u00d7-1000-px-980-\u00d7-1000-px-9.png 980w\" sizes=\"auto, (max-width: 294px) 100vw, 294px\" \/><\/a> <a href=\"https:\/\/abelfigueiredo.pa.gov.br\/site\/wp-content\/uploads\/2023\/07\/Evento-realizado-para-as-maes-do-Programa-Crianca-Feliz-Primeira-Infancia-no-SUAS-1080-\u00d7-1000-px-1000-\u00d7-1000-px-980-\u00d7-1000-px-8.png\"><img loading=\"lazy\" decoding=\"async\" class=\"alignnone size-medium wp-image-15555\" src=\"https:\/\/abelfigueiredo.pa.gov.br\/site\/wp-content\/uploads\/2023\/07\/Evento-realizado-para-as-maes-do-Programa-Crianca-Feliz-Primeira-Infancia-no-SUAS-1080-\u00d7-1000-px-1000-\u00d7-1000-px-980-\u00d7-1000-px-8-294x300.png\" alt=\"\" width=\"294\" height=\"300\" srcset=\"https:\/\/abelfigueiredo.pa.gov.br\/site\/wp-content\/uploads\/2023\/07\/Evento-realizado-para-as-maes-do-Programa-Crianca-Feliz-Primeira-Infancia-no-SUAS-1080-\u00d7-1000-px-1000-\u00d7-1000-px-980-\u00d7-1000-px-8-294x300.png 294w, https:\/\/abelfigueiredo.pa.gov.br\/site\/wp-content\/uploads\/2023\/07\/Evento-realizado-para-as-maes-do-Programa-Crianca-Feliz-Primeira-Infancia-no-SUAS-1080-\u00d7-1000-px-1000-\u00d7-1000-px-980-\u00d7-1000-px-8-768x784.png 768w, https:\/\/abelfigueiredo.pa.gov.br\/site\/wp-content\/uploads\/2023\/07\/Evento-realizado-para-as-maes-do-Programa-Crianca-Feliz-Primeira-Infancia-no-SUAS-1080-\u00d7-1000-px-1000-\u00d7-1000-px-980-\u00d7-1000-px-8.png 980w\" sizes=\"auto, (max-width: 294px) 100vw, 294px\" \/><\/a> <a href=\"https:\/\/abelfigueiredo.pa.gov.br\/site\/wp-content\/uploads\/2023\/07\/Evento-realizado-para-as-maes-do-Programa-Crianca-Feliz-Primeira-Infancia-no-SUAS-1080-\u00d7-1000-px-1000-\u00d7-1000-px-980-\u00d7-1000-px-7.png\"><img loading=\"lazy\" decoding=\"async\" class=\"alignnone size-medium wp-image-15556\" src=\"https:\/\/abelfigueiredo.pa.gov.br\/site\/wp-content\/uploads\/2023\/07\/Evento-realizado-para-as-maes-do-Programa-Crianca-Feliz-Primeira-Infancia-no-SUAS-1080-\u00d7-1000-px-1000-\u00d7-1000-px-980-\u00d7-1000-px-7-294x300.png\" alt=\"\" width=\"294\" height=\"300\" srcset=\"https:\/\/abelfigueiredo.pa.gov.br\/site\/wp-content\/uploads\/2023\/07\/Evento-realizado-para-as-maes-do-Programa-Crianca-Feliz-Primeira-Infancia-no-SUAS-1080-\u00d7-1000-px-1000-\u00d7-1000-px-980-\u00d7-1000-px-7-294x300.png 294w, https:\/\/abelfigueiredo.pa.gov.br\/site\/wp-content\/uploads\/2023\/07\/Evento-realizado-para-as-maes-do-Programa-Crianca-Feliz-Primeira-Infancia-no-SUAS-1080-\u00d7-1000-px-1000-\u00d7-1000-px-980-\u00d7-1000-px-7-768x784.png 768w, https:\/\/abelfigueiredo.pa.gov.br\/site\/wp-content\/uploads\/2023\/07\/Evento-realizado-para-as-maes-do-Programa-Crianca-Feliz-Primeira-Infancia-no-SUAS-1080-\u00d7-1000-px-1000-\u00d7-1000-px-980-\u00d7-1000-px-7.png 980w\" sizes=\"auto, (max-width: 294px) 100vw, 294px\" \/><\/a> <a href=\"https:\/\/abelfigueiredo.pa.gov.br\/site\/wp-content\/uploads\/2023\/07\/Evento-realizado-para-as-maes-do-Programa-Crianca-Feliz-Primeira-Infancia-no-SUAS-1080-\u00d7-1000-px-1000-\u00d7-1000-px-980-\u00d7-1000-px-6.png\"><img loading=\"lazy\" decoding=\"async\" class=\"alignnone size-medium wp-image-15557\" src=\"https:\/\/abelfigueiredo.pa.gov.br\/site\/wp-content\/uploads\/2023\/07\/Evento-realizado-para-as-maes-do-Programa-Crianca-Feliz-Primeira-Infancia-no-SUAS-1080-\u00d7-1000-px-1000-\u00d7-1000-px-980-\u00d7-1000-px-6-294x300.png\" alt=\"\" width=\"294\" height=\"300\" srcset=\"https:\/\/abelfigueiredo.pa.gov.br\/site\/wp-content\/uploads\/2023\/07\/Evento-realizado-para-as-maes-do-Programa-Crianca-Feliz-Primeira-Infancia-no-SUAS-1080-\u00d7-1000-px-1000-\u00d7-1000-px-980-\u00d7-1000-px-6-294x300.png 294w, https:\/\/abelfigueiredo.pa.gov.br\/site\/wp-content\/uploads\/2023\/07\/Evento-realizado-para-as-maes-do-Programa-Crianca-Feliz-Primeira-Infancia-no-SUAS-1080-\u00d7-1000-px-1000-\u00d7-1000-px-980-\u00d7-1000-px-6-768x784.png 768w, https:\/\/abelfigueiredo.pa.gov.br\/site\/wp-content\/uploads\/2023\/07\/Evento-realizado-para-as-maes-do-Programa-Crianca-Feliz-Primeira-Infancia-no-SUAS-1080-\u00d7-1000-px-1000-\u00d7-1000-px-980-\u00d7-1000-px-6.png 980w\" sizes=\"auto, (max-width: 294px) 100vw, 294px\" \/><\/a> <a href=\"https:\/\/abelfigueiredo.pa.gov.br\/site\/wp-content\/uploads\/2023\/07\/Evento-realizado-para-as-maes-do-Programa-Crianca-Feliz-Primeira-Infancia-no-SUAS-1080-\u00d7-1000-px-1000-\u00d7-1000-px-980-\u00d7-1000-px-5.png\"><img loading=\"lazy\" decoding=\"async\" class=\"alignnone size-medium wp-image-15558\" src=\"https:\/\/abelfigueiredo.pa.gov.br\/site\/wp-content\/uploads\/2023\/07\/Evento-realizado-para-as-maes-do-Programa-Crianca-Feliz-Primeira-Infancia-no-SUAS-1080-\u00d7-1000-px-1000-\u00d7-1000-px-980-\u00d7-1000-px-5-294x300.png\" alt=\"\" width=\"294\" height=\"300\" srcset=\"https:\/\/abelfigueiredo.pa.gov.br\/site\/wp-content\/uploads\/2023\/07\/Evento-realizado-para-as-maes-do-Programa-Crianca-Feliz-Primeira-Infancia-no-SUAS-1080-\u00d7-1000-px-1000-\u00d7-1000-px-980-\u00d7-1000-px-5-294x300.png 294w, https:\/\/abelfigueiredo.pa.gov.br\/site\/wp-content\/uploads\/2023\/07\/Evento-realizado-para-as-maes-do-Programa-Crianca-Feliz-Primeira-Infancia-no-SUAS-1080-\u00d7-1000-px-1000-\u00d7-1000-px-980-\u00d7-1000-px-5-768x784.png 768w, https:\/\/abelfigueiredo.pa.gov.br\/site\/wp-content\/uploads\/2023\/07\/Evento-realizado-para-as-maes-do-Programa-Crianca-Feliz-Primeira-Infancia-no-SUAS-1080-\u00d7-1000-px-1000-\u00d7-1000-px-980-\u00d7-1000-px-5.png 980w\" sizes=\"auto, (max-width: 294px) 100vw, 294px\" \/><\/a> <a href=\"https:\/\/abelfigueiredo.pa.gov.br\/site\/wp-content\/uploads\/2023\/07\/Evento-realizado-para-as-maes-do-Programa-Crianca-Feliz-Primeira-Infancia-no-SUAS-1080-\u00d7-1000-px-1000-\u00d7-1000-px-980-\u00d7-1000-px-4.png\"><img loading=\"lazy\" decoding=\"async\" class=\"alignnone size-medium wp-image-15559\" src=\"https:\/\/abelfigueiredo.pa.gov.br\/site\/wp-content\/uploads\/2023\/07\/Evento-realizado-para-as-maes-do-Programa-Crianca-Feliz-Primeira-Infancia-no-SUAS-1080-\u00d7-1000-px-1000-\u00d7-1000-px-980-\u00d7-1000-px-4-294x300.png\" alt=\"\" width=\"294\" height=\"300\" srcset=\"https:\/\/abelfigueiredo.pa.gov.br\/site\/wp-content\/uploads\/2023\/07\/Evento-realizado-para-as-maes-do-Programa-Crianca-Feliz-Primeira-Infancia-no-SUAS-1080-\u00d7-1000-px-1000-\u00d7-1000-px-980-\u00d7-1000-px-4-294x300.png 294w, https:\/\/abelfigueiredo.pa.gov.br\/site\/wp-content\/uploads\/2023\/07\/Evento-realizado-para-as-maes-do-Programa-Crianca-Feliz-Primeira-Infancia-no-SUAS-1080-\u00d7-1000-px-1000-\u00d7-1000-px-980-\u00d7-1000-px-4-768x784.png 768w, https:\/\/abelfigueiredo.pa.gov.br\/site\/wp-content\/uploads\/2023\/07\/Evento-realizado-para-as-maes-do-Programa-Crianca-Feliz-Primeira-Infancia-no-SUAS-1080-\u00d7-1000-px-1000-\u00d7-1000-px-980-\u00d7-1000-px-4.png 980w\" sizes=\"auto, (max-width: 294px) 100vw, 294px\" \/><\/a> <a href=\"https:\/\/abelfigueiredo.pa.gov.br\/site\/wp-content\/uploads\/2023\/07\/Evento-realizado-para-as-maes-do-Programa-Crianca-Feliz-Primeira-Infancia-no-SUAS-1080-\u00d7-1000-px-1000-\u00d7-1000-px-980-\u00d7-1000-px-3.png\"><img loading=\"lazy\" decoding=\"async\" class=\"alignnone size-medium wp-image-15560\" src=\"https:\/\/abelfigueiredo.pa.gov.br\/site\/wp-content\/uploads\/2023\/07\/Evento-realizado-para-as-maes-do-Programa-Crianca-Feliz-Primeira-Infancia-no-SUAS-1080-\u00d7-1000-px-1000-\u00d7-1000-px-980-\u00d7-1000-px-3-294x300.png\" alt=\"\" width=\"294\" height=\"300\" srcset=\"https:\/\/abelfigueiredo.pa.gov.br\/site\/wp-content\/uploads\/2023\/07\/Evento-realizado-para-as-maes-do-Programa-Crianca-Feliz-Primeira-Infancia-no-SUAS-1080-\u00d7-1000-px-1000-\u00d7-1000-px-980-\u00d7-1000-px-3-294x300.png 294w, https:\/\/abelfigueiredo.pa.gov.br\/site\/wp-content\/uploads\/2023\/07\/Evento-realizado-para-as-maes-do-Programa-Crianca-Feliz-Primeira-Infancia-no-SUAS-1080-\u00d7-1000-px-1000-\u00d7-1000-px-980-\u00d7-1000-px-3-768x784.png 768w, https:\/\/abelfigueiredo.pa.gov.br\/site\/wp-content\/uploads\/2023\/07\/Evento-realizado-para-as-maes-do-Programa-Crianca-Feliz-Primeira-Infancia-no-SUAS-1080-\u00d7-1000-px-1000-\u00d7-1000-px-980-\u00d7-1000-px-3.png 980w\" sizes=\"auto, (max-width: 294px) 100vw, 294px\" \/><\/a> <a href=\"https:\/\/abelfigueiredo.pa.gov.br\/site\/wp-content\/uploads\/2023\/07\/Evento-realizado-para-as-maes-do-Programa-Crianca-Feliz-Primeira-Infancia-no-SUAS-1080-\u00d7-1000-px-1000-\u00d7-1000-px-980-\u00d7-1000-px-2.png\"><img loading=\"lazy\" decoding=\"async\" class=\"alignnone size-medium wp-image-15561\" src=\"https:\/\/abelfigueiredo.pa.gov.br\/site\/wp-content\/uploads\/2023\/07\/Evento-realizado-para-as-maes-do-Programa-Crianca-Feliz-Primeira-Infancia-no-SUAS-1080-\u00d7-1000-px-1000-\u00d7-1000-px-980-\u00d7-1000-px-2-294x300.png\" alt=\"\" width=\"294\" height=\"300\" srcset=\"https:\/\/abelfigueiredo.pa.gov.br\/site\/wp-content\/uploads\/2023\/07\/Evento-realizado-para-as-maes-do-Programa-Crianca-Feliz-Primeira-Infancia-no-SUAS-1080-\u00d7-1000-px-1000-\u00d7-1000-px-980-\u00d7-1000-px-2-294x300.png 294w, https:\/\/abelfigueiredo.pa.gov.br\/site\/wp-content\/uploads\/2023\/07\/Evento-realizado-para-as-maes-do-Programa-Crianca-Feliz-Primeira-Infancia-no-SUAS-1080-\u00d7-1000-px-1000-\u00d7-1000-px-980-\u00d7-1000-px-2-768x784.png 768w, https:\/\/abelfigueiredo.pa.gov.br\/site\/wp-content\/uploads\/2023\/07\/Evento-realizado-para-as-maes-do-Programa-Crianca-Feliz-Primeira-Infancia-no-SUAS-1080-\u00d7-1000-px-1000-\u00d7-1000-px-980-\u00d7-1000-px-2.png 980w\" sizes=\"auto, (max-width: 294px) 100vw, 294px\" \/><\/a> <a href=\"https:\/\/abelfigueiredo.pa.gov.br\/site\/wp-content\/uploads\/2023\/07\/Evento-realizado-para-as-maes-do-Programa-Crianca-Feliz-Primeira-Infancia-no-SUAS-1080-\u00d7-1000-px-1000-\u00d7-1000-px-980-\u00d7-1000-px-1.png\"><img loading=\"lazy\" decoding=\"async\" class=\"alignnone size-medium wp-image-15562\" src=\"https:\/\/abelfigueiredo.pa.gov.br\/site\/wp-content\/uploads\/2023\/07\/Evento-realizado-para-as-maes-do-Programa-Crianca-Feliz-Primeira-Infancia-no-SUAS-1080-\u00d7-1000-px-1000-\u00d7-1000-px-980-\u00d7-1000-px-1-294x300.png\" alt=\"\" width=\"294\" height=\"300\" srcset=\"https:\/\/abelfigueiredo.pa.gov.br\/site\/wp-content\/uploads\/2023\/07\/Evento-realizado-para-as-maes-do-Programa-Crianca-Feliz-Primeira-Infancia-no-SUAS-1080-\u00d7-1000-px-1000-\u00d7-1000-px-980-\u00d7-1000-px-1-294x300.png 294w, https:\/\/abelfigueiredo.pa.gov.br\/site\/wp-content\/uploads\/2023\/07\/Evento-realizado-para-as-maes-do-Programa-Crianca-Feliz-Primeira-Infancia-no-SUAS-1080-\u00d7-1000-px-1000-\u00d7-1000-px-980-\u00d7-1000-px-1-768x784.png 768w, https:\/\/abelfigueiredo.pa.gov.br\/site\/wp-content\/uploads\/2023\/07\/Evento-realizado-para-as-maes-do-Programa-Crianca-Feliz-Primeira-Infancia-no-SUAS-1080-\u00d7-1000-px-1000-\u00d7-1000-px-980-\u00d7-1000-px-1.png 980w\" sizes=\"auto, (max-width: 294px) 100vw, 294px\" \/><\/a> <a href=\"https:\/\/abelfigueiredo.pa.gov.br\/site\/wp-content\/uploads\/2023\/07\/Evento-realizado-para-as-maes-do-Programa-Crianca-Feliz-Primeira-Infancia-no-SUAS-1080-\u00d7-1000-px-1000-\u00d7-1000-px-980-\u00d7-1000-px.png\"><img loading=\"lazy\" decoding=\"async\" class=\"alignnone size-medium wp-image-15563\" src=\"https:\/\/abelfigueiredo.pa.gov.br\/site\/wp-content\/uploads\/2023\/07\/Evento-realizado-para-as-maes-do-Programa-Crianca-Feliz-Primeira-Infancia-no-SUAS-1080-\u00d7-1000-px-1000-\u00d7-1000-px-980-\u00d7-1000-px-294x300.png\" alt=\"\" width=\"294\" height=\"300\" srcset=\"https:\/\/abelfigueiredo.pa.gov.br\/site\/wp-content\/uploads\/2023\/07\/Evento-realizado-para-as-maes-do-Programa-Crianca-Feliz-Primeira-Infancia-no-SUAS-1080-\u00d7-1000-px-1000-\u00d7-1000-px-980-\u00d7-1000-px-294x300.png 294w, https:\/\/abelfigueiredo.pa.gov.br\/site\/wp-content\/uploads\/2023\/07\/Evento-realizado-para-as-maes-do-Programa-Crianca-Feliz-Primeira-Infancia-no-SUAS-1080-\u00d7-1000-px-1000-\u00d7-1000-px-980-\u00d7-1000-px-768x784.png 768w, https:\/\/abelfigueiredo.pa.gov.br\/site\/wp-content\/uploads\/2023\/07\/Evento-realizado-para-as-maes-do-Programa-Crianca-Feliz-Primeira-Infancia-no-SUAS-1080-\u00d7-1000-px-1000-\u00d7-1000-px-980-\u00d7-1000-px.png 980w\" sizes=\"auto, (max-width: 294px) 100vw, 294px\" \/><\/a><\/div>\n<\/div>\n","protected":false},"excerpt":{"rendered":"<p>#compartilhe Uma noite memor\u00e1vel e muito animada com muita dan\u00e7a e comilan\u00e7as pra ficar na hist\u00f3ria do Arrai\u00e1 da Mi\u00f3 Idade 2023, um evento organizado com muito carinho para os nossos idosos pela Prefeitura Munic\u00edpio de Abel Figueiredo administra\u00e7\u00e3o Prefeito Ant\u00f4nio Calhau vice Evandro da Serraria, por meio da Secretaria Municipal de Desenvolvimento e Promo\u00e7\u00e3o<\/p>\n<div class=\"read-more\"><a href=\"https:\/\/abelfigueiredo.pa.gov.br\/site\/arraia-da-mio-idade-realizado-com-sucesso-para-os-idosos-assistidos-pelo-servico-de-convivencia-e-fortalecimento-de-vinculos-de-abel-figueiredo-pa\/\" title=\"Veja mais\">Veja mais<\/a><\/div>\n","protected":false},"author":34,"featured_media":15531,"comment_status":"closed","ping_status":"closed","sticky":false,"template":"","format":"standard","meta":{"footnotes":""},"categories":[1],"tags":[],"class_list":{"0":"post-15525","1":"post","2":"type-post","3":"status-publish","4":"format-standard","5":"has-post-thumbnail","7":"category-noticias"},"yoast_head":"<!-- This site is optimized with the Yoast SEO plugin v26.6 - https:\/\/yoast.com\/wordpress\/plugins\/seo\/ -->\n<title>Arraia da &quot;Mi\u00f3 Idade&quot; Realizado com sucesso para os idosos assistidos pelo Servi\u00e7o de Conviv\u00eancia e Fortalecimento de V\u00ednculos de Abel Figueiredo-PA. - Prefeitura Municipal de Abel Figueiredo | Gest\u00e3o 2025-2028<\/title>\n<meta name=\"robots\" content=\"index, follow, max-snippet:-1, max-image-preview:large, max-video-preview:-1\" \/>\n<link rel=\"canonical\" href=\"https:\/\/abelfigueiredo.pa.gov.br\/site\/arraia-da-mio-idade-realizado-com-sucesso-para-os-idosos-assistidos-pelo-servico-de-convivencia-e-fortalecimento-de-vinculos-de-abel-figueiredo-pa\/\" \/>\n<meta property=\"og:locale\" content=\"pt_BR\" \/>\n<meta property=\"og:type\" content=\"article\" \/>\n<meta property=\"og:title\" content=\"Arraia da &quot;Mi\u00f3 Idade&quot; Realizado com sucesso para os idosos assistidos pelo Servi\u00e7o de Conviv\u00eancia e Fortalecimento de V\u00ednculos de Abel Figueiredo-PA. - Prefeitura Municipal de Abel Figueiredo | Gest\u00e3o 2025-2028\" \/>\n<meta property=\"og:description\" content=\"#compartilhe Uma noite memor\u00e1vel e muito animada com muita dan\u00e7a e comilan\u00e7as pra ficar na hist\u00f3ria do Arrai\u00e1 da Mi\u00f3 Idade 2023, um evento organizado com muito carinho para os nossos idosos pela Prefeitura Munic\u00edpio de Abel Figueiredo administra\u00e7\u00e3o Prefeito Ant\u00f4nio Calhau vice Evandro da Serraria, por meio da Secretaria Municipal de Desenvolvimento e Promo\u00e7\u00e3oVeja mais\" \/>\n<meta property=\"og:url\" content=\"https:\/\/abelfigueiredo.pa.gov.br\/site\/arraia-da-mio-idade-realizado-com-sucesso-para-os-idosos-assistidos-pelo-servico-de-convivencia-e-fortalecimento-de-vinculos-de-abel-figueiredo-pa\/\" \/>\n<meta property=\"og:site_name\" content=\"Prefeitura Municipal de Abel Figueiredo | Gest\u00e3o 2025-2028\" \/>\n<meta property=\"article:published_time\" content=\"2023-06-29T13:51:19+00:00\" \/>\n<meta name=\"author\" content=\"djthiago\" \/>\n<meta name=\"twitter:label1\" content=\"Escrito por\" \/>\n\t<meta name=\"twitter:data1\" content=\"djthiago\" \/>\n<script type=\"application\/ld+json\" class=\"yoast-schema-graph\">{\"@context\":\"https:\/\/schema.org\",\"@graph\":[{\"@type\":\"WebPage\",\"@id\":\"https:\/\/abelfigueiredo.pa.gov.br\/site\/arraia-da-mio-idade-realizado-com-sucesso-para-os-idosos-assistidos-pelo-servico-de-convivencia-e-fortalecimento-de-vinculos-de-abel-figueiredo-pa\/\",\"url\":\"https:\/\/abelfigueiredo.pa.gov.br\/site\/arraia-da-mio-idade-realizado-com-sucesso-para-os-idosos-assistidos-pelo-servico-de-convivencia-e-fortalecimento-de-vinculos-de-abel-figueiredo-pa\/\",\"name\":\"Arraia da \\\"Mi\u00f3 Idade\\\" Realizado com sucesso para os idosos assistidos pelo Servi\u00e7o de Conviv\u00eancia e Fortalecimento de V\u00ednculos de Abel Figueiredo-PA. - Prefeitura Municipal de Abel Figueiredo | Gest\u00e3o 2025-2028\",\"isPartOf\":{\"@id\":\"https:\/\/abelfigueiredo.pa.gov.br\/site\/#website\"},\"primaryImageOfPage\":{\"@id\":\"https:\/\/abelfigueiredo.pa.gov.br\/site\/arraia-da-mio-idade-realizado-com-sucesso-para-os-idosos-assistidos-pelo-servico-de-convivencia-e-fortalecimento-de-vinculos-de-abel-figueiredo-pa\/#primaryimage\"},\"image\":{\"@id\":\"https:\/\/abelfigueiredo.pa.gov.br\/site\/arraia-da-mio-idade-realizado-com-sucesso-para-os-idosos-assistidos-pelo-servico-de-convivencia-e-fortalecimento-de-vinculos-de-abel-figueiredo-pa\/#primaryimage\"},\"thumbnailUrl\":\"https:\/\/abelfigueiredo.pa.gov.br\/site\/wp-content\/uploads\/2023\/07\/Evento-realizado-para-as-maes-do-Programa-Crianca-Feliz-Primeira-Infancia-no-SUAS-1080-\u00d7-1000-px-1000-\u00d7-1000-px-980-\u00d7-1000-px-32.png\",\"datePublished\":\"2023-06-29T13:51:19+00:00\",\"author\":{\"@id\":\"https:\/\/abelfigueiredo.pa.gov.br\/site\/#\/schema\/person\/7c1ecb1baa18502745b46b3921be7bbb\"},\"inLanguage\":\"pt-BR\",\"potentialAction\":[{\"@type\":\"ReadAction\",\"target\":[\"https:\/\/abelfigueiredo.pa.gov.br\/site\/arraia-da-mio-idade-realizado-com-sucesso-para-os-idosos-assistidos-pelo-servico-de-convivencia-e-fortalecimento-de-vinculos-de-abel-figueiredo-pa\/\"]}]},{\"@type\":\"ImageObject\",\"inLanguage\":\"pt-BR\",\"@id\":\"https:\/\/abelfigueiredo.pa.gov.br\/site\/arraia-da-mio-idade-realizado-com-sucesso-para-os-idosos-assistidos-pelo-servico-de-convivencia-e-fortalecimento-de-vinculos-de-abel-figueiredo-pa\/#primaryimage\",\"url\":\"https:\/\/abelfigueiredo.pa.gov.br\/site\/wp-content\/uploads\/2023\/07\/Evento-realizado-para-as-maes-do-Programa-Crianca-Feliz-Primeira-Infancia-no-SUAS-1080-\u00d7-1000-px-1000-\u00d7-1000-px-980-\u00d7-1000-px-32.png\",\"contentUrl\":\"https:\/\/abelfigueiredo.pa.gov.br\/site\/wp-content\/uploads\/2023\/07\/Evento-realizado-para-as-maes-do-Programa-Crianca-Feliz-Primeira-Infancia-no-SUAS-1080-\u00d7-1000-px-1000-\u00d7-1000-px-980-\u00d7-1000-px-32.png\",\"width\":980,\"height\":1000},{\"@type\":\"WebSite\",\"@id\":\"https:\/\/abelfigueiredo.pa.gov.br\/site\/#website\",\"url\":\"https:\/\/abelfigueiredo.pa.gov.br\/site\/\",\"name\":\"Prefeitura Municipal de Abel Figueiredo | Gest\u00e3o 2025-2028\",\"description\":\"Site oficial da Prefeitura Municipal de Abel Figueiredo\",\"potentialAction\":[{\"@type\":\"SearchAction\",\"target\":{\"@type\":\"EntryPoint\",\"urlTemplate\":\"https:\/\/abelfigueiredo.pa.gov.br\/site\/?s={search_term_string}\"},\"query-input\":{\"@type\":\"PropertyValueSpecification\",\"valueRequired\":true,\"valueName\":\"search_term_string\"}}],\"inLanguage\":\"pt-BR\"},{\"@type\":\"Person\",\"@id\":\"https:\/\/abelfigueiredo.pa.gov.br\/site\/#\/schema\/person\/7c1ecb1baa18502745b46b3921be7bbb\",\"name\":\"djthiago\",\"image\":{\"@type\":\"ImageObject\",\"inLanguage\":\"pt-BR\",\"@id\":\"https:\/\/abelfigueiredo.pa.gov.br\/site\/#\/schema\/person\/image\/\",\"url\":\"https:\/\/secure.gravatar.com\/avatar\/2edad05cd7afbef8b9e1495dacdf55fd32bf2fe055ead3a385c32f41e201743d?s=96&d=mm&r=g\",\"contentUrl\":\"https:\/\/secure.gravatar.com\/avatar\/2edad05cd7afbef8b9e1495dacdf55fd32bf2fe055ead3a385c32f41e201743d?s=96&d=mm&r=g\",\"caption\":\"djthiago\"},\"url\":\"https:\/\/abelfigueiredo.pa.gov.br\/site\/author\/djthiago\/\"}]}<\/script>\n<!-- \/ Yoast SEO plugin. -->","yoast_head_json":{"title":"Arraia da \"Mi\u00f3 Idade\" Realizado com sucesso para os idosos assistidos pelo Servi\u00e7o de Conviv\u00eancia e Fortalecimento de V\u00ednculos de Abel Figueiredo-PA. - Prefeitura Municipal de Abel Figueiredo | Gest\u00e3o 2025-2028","robots":{"index":"index","follow":"follow","max-snippet":"max-snippet:-1","max-image-preview":"max-image-preview:large","max-video-preview":"max-video-preview:-1"},"canonical":"https:\/\/abelfigueiredo.pa.gov.br\/site\/arraia-da-mio-idade-realizado-com-sucesso-para-os-idosos-assistidos-pelo-servico-de-convivencia-e-fortalecimento-de-vinculos-de-abel-figueiredo-pa\/","og_locale":"pt_BR","og_type":"article","og_title":"Arraia da \"Mi\u00f3 Idade\" Realizado com sucesso para os idosos assistidos pelo Servi\u00e7o de Conviv\u00eancia e Fortalecimento de V\u00ednculos de Abel Figueiredo-PA. - Prefeitura Municipal de Abel Figueiredo | Gest\u00e3o 2025-2028","og_description":"#compartilhe Uma noite memor\u00e1vel e muito animada com muita dan\u00e7a e comilan\u00e7as pra ficar na hist\u00f3ria do Arrai\u00e1 da Mi\u00f3 Idade 2023, um evento organizado com muito carinho para os nossos idosos pela Prefeitura Munic\u00edpio de Abel Figueiredo administra\u00e7\u00e3o Prefeito Ant\u00f4nio Calhau vice Evandro da Serraria, por meio da Secretaria Municipal de Desenvolvimento e Promo\u00e7\u00e3oVeja mais","og_url":"https:\/\/abelfigueiredo.pa.gov.br\/site\/arraia-da-mio-idade-realizado-com-sucesso-para-os-idosos-assistidos-pelo-servico-de-convivencia-e-fortalecimento-de-vinculos-de-abel-figueiredo-pa\/","og_site_name":"Prefeitura Municipal de Abel Figueiredo | Gest\u00e3o 2025-2028","article_published_time":"2023-06-29T13:51:19+00:00","author":"djthiago","twitter_misc":{"Escrito por":"djthiago"},"schema":{"@context":"https:\/\/schema.org","@graph":[{"@type":"WebPage","@id":"https:\/\/abelfigueiredo.pa.gov.br\/site\/arraia-da-mio-idade-realizado-com-sucesso-para-os-idosos-assistidos-pelo-servico-de-convivencia-e-fortalecimento-de-vinculos-de-abel-figueiredo-pa\/","url":"https:\/\/abelfigueiredo.pa.gov.br\/site\/arraia-da-mio-idade-realizado-com-sucesso-para-os-idosos-assistidos-pelo-servico-de-convivencia-e-fortalecimento-de-vinculos-de-abel-figueiredo-pa\/","name":"Arraia da \"Mi\u00f3 Idade\" Realizado com sucesso para os idosos assistidos pelo Servi\u00e7o de Conviv\u00eancia e Fortalecimento de V\u00ednculos de Abel Figueiredo-PA. - Prefeitura Municipal de Abel Figueiredo | Gest\u00e3o 2025-2028","isPartOf":{"@id":"https:\/\/abelfigueiredo.pa.gov.br\/site\/#website"},"primaryImageOfPage":{"@id":"https:\/\/abelfigueiredo.pa.gov.br\/site\/arraia-da-mio-idade-realizado-com-sucesso-para-os-idosos-assistidos-pelo-servico-de-convivencia-e-fortalecimento-de-vinculos-de-abel-figueiredo-pa\/#primaryimage"},"image":{"@id":"https:\/\/abelfigueiredo.pa.gov.br\/site\/arraia-da-mio-idade-realizado-com-sucesso-para-os-idosos-assistidos-pelo-servico-de-convivencia-e-fortalecimento-de-vinculos-de-abel-figueiredo-pa\/#primaryimage"},"thumbnailUrl":"https:\/\/abelfigueiredo.pa.gov.br\/site\/wp-content\/uploads\/2023\/07\/Evento-realizado-para-as-maes-do-Programa-Crianca-Feliz-Primeira-Infancia-no-SUAS-1080-\u00d7-1000-px-1000-\u00d7-1000-px-980-\u00d7-1000-px-32.png","datePublished":"2023-06-29T13:51:19+00:00","author":{"@id":"https:\/\/abelfigueiredo.pa.gov.br\/site\/#\/schema\/person\/7c1ecb1baa18502745b46b3921be7bbb"},"inLanguage":"pt-BR","potentialAction":[{"@type":"ReadAction","target":["https:\/\/abelfigueiredo.pa.gov.br\/site\/arraia-da-mio-idade-realizado-com-sucesso-para-os-idosos-assistidos-pelo-servico-de-convivencia-e-fortalecimento-de-vinculos-de-abel-figueiredo-pa\/"]}]},{"@type":"ImageObject","inLanguage":"pt-BR","@id":"https:\/\/abelfigueiredo.pa.gov.br\/site\/arraia-da-mio-idade-realizado-com-sucesso-para-os-idosos-assistidos-pelo-servico-de-convivencia-e-fortalecimento-de-vinculos-de-abel-figueiredo-pa\/#primaryimage","url":"https:\/\/abelfigueiredo.pa.gov.br\/site\/wp-content\/uploads\/2023\/07\/Evento-realizado-para-as-maes-do-Programa-Crianca-Feliz-Primeira-Infancia-no-SUAS-1080-\u00d7-1000-px-1000-\u00d7-1000-px-980-\u00d7-1000-px-32.png","contentUrl":"https:\/\/abelfigueiredo.pa.gov.br\/site\/wp-content\/uploads\/2023\/07\/Evento-realizado-para-as-maes-do-Programa-Crianca-Feliz-Primeira-Infancia-no-SUAS-1080-\u00d7-1000-px-1000-\u00d7-1000-px-980-\u00d7-1000-px-32.png","width":980,"height":1000},{"@type":"WebSite","@id":"https:\/\/abelfigueiredo.pa.gov.br\/site\/#website","url":"https:\/\/abelfigueiredo.pa.gov.br\/site\/","name":"Prefeitura Municipal de Abel Figueiredo | Gest\u00e3o 2025-2028","description":"Site oficial da Prefeitura Municipal de Abel Figueiredo","potentialAction":[{"@type":"SearchAction","target":{"@type":"EntryPoint","urlTemplate":"https:\/\/abelfigueiredo.pa.gov.br\/site\/?s={search_term_string}"},"query-input":{"@type":"PropertyValueSpecification","valueRequired":true,"valueName":"search_term_string"}}],"inLanguage":"pt-BR"},{"@type":"Person","@id":"https:\/\/abelfigueiredo.pa.gov.br\/site\/#\/schema\/person\/7c1ecb1baa18502745b46b3921be7bbb","name":"djthiago","image":{"@type":"ImageObject","inLanguage":"pt-BR","@id":"https:\/\/abelfigueiredo.pa.gov.br\/site\/#\/schema\/person\/image\/","url":"https:\/\/secure.gravatar.com\/avatar\/2edad05cd7afbef8b9e1495dacdf55fd32bf2fe055ead3a385c32f41e201743d?s=96&d=mm&r=g","contentUrl":"https:\/\/secure.gravatar.com\/avatar\/2edad05cd7afbef8b9e1495dacdf55fd32bf2fe055ead3a385c32f41e201743d?s=96&d=mm&r=g","caption":"djthiago"},"url":"https:\/\/abelfigueiredo.pa.gov.br\/site\/author\/djthiago\/"}]}},"_links":{"self":[{"href":"https:\/\/abelfigueiredo.pa.gov.br\/site\/wp-json\/wp\/v2\/posts\/15525","targetHints":{"allow":["GET"]}}],"collection":[{"href":"https:\/\/abelfigueiredo.pa.gov.br\/site\/wp-json\/wp\/v2\/posts"}],"about":[{"href":"https:\/\/abelfigueiredo.pa.gov.br\/site\/wp-json\/wp\/v2\/types\/post"}],"author":[{"embeddable":true,"href":"https:\/\/abelfigueiredo.pa.gov.br\/site\/wp-json\/wp\/v2\/users\/34"}],"replies":[{"embeddable":true,"href":"https:\/\/abelfigueiredo.pa.gov.br\/site\/wp-json\/wp\/v2\/comments?post=15525"}],"version-history":[{"count":0,"href":"https:\/\/abelfigueiredo.pa.gov.br\/site\/wp-json\/wp\/v2\/posts\/15525\/revisions"}],"wp:featuredmedia":[{"embeddable":true,"href":"https:\/\/abelfigueiredo.pa.gov.br\/site\/wp-json\/wp\/v2\/media\/15531"}],"wp:attachment":[{"href":"https:\/\/abelfigueiredo.pa.gov.br\/site\/wp-json\/wp\/v2\/media?parent=15525"}],"wp:term":[{"taxonomy":"category","embeddable":true,"href":"https:\/\/abelfigueiredo.pa.gov.br\/site\/wp-json\/wp\/v2\/categories?post=15525"},{"taxonomy":"post_tag","embeddable":true,"href":"https:\/\/abelfigueiredo.pa.gov.br\/site\/wp-json\/wp\/v2\/tags?post=15525"}],"curies":[{"name":"wp","href":"https:\/\/api.w.org\/{rel}","templated":true}]}}