{"id":14032,"date":"2023-03-23T10:56:21","date_gmt":"2023-03-23T13:56:21","guid":{"rendered":"https:\/\/abelfigueiredo.pa.gov.br\/?p=14032"},"modified":"2023-03-23T10:56:21","modified_gmt":"2023-03-23T13:56:21","slug":"prefeitura-realiza-capacitacao-sobre-a-nova-lei-de-licitacao-para-os-colaboradores","status":"publish","type":"post","link":"https:\/\/abelfigueiredo.pa.gov.br\/site\/prefeitura-realiza-capacitacao-sobre-a-nova-lei-de-licitacao-para-os-colaboradores\/","title":{"rendered":"Prefeitura realiza Capacita\u00e7\u00e3o Sobre &#8220;A Nova Lei de Licita\u00e7\u00e3o&#8221; para os colaboradores."},"content":{"rendered":"<div class=\"x11i5rnm xat24cr x1mh8g0r x1vvkbs xtlvy1s x126k92a\">\n<div dir=\"auto\"><a class=\"x1i10hfl xjbqb8w x6umtig x1b1mbwd xaqea5y xav7gou x9f619 x1ypdohk xt0psk2 xe8uvvx xdj266r x11i5rnm xat24cr x1mh8g0r xexx8yu x4uap5 x18d9i69 xkhd6sd x16tdsg8 x1hl2dhg xggy1nq x1a2a7pz xt0b8zv x1qq9wsj xo1l8bm\" tabindex=\"0\" role=\"link\" href=\"https:\/\/www.facebook.com\/hashtag\/compartilhe?__eep__=6&amp;__cft__[0]=AZVQ2brOTCiwGdzMQOepomlrf59bLxFvs6DCwpLRasM2OZIKpo_KCHyaS7s1f965QIV4kaHADudsmA1DTuqndYCcV0v67s0R6pduFc0ROVXfncqPQH1IEe2QMt_W1sgLgpiqg3cGyrDMujMA8UhMXfDgNfFqose1CjMI3w48AfoeHtuO_MaWHXA0a5MLCjlECXQ&amp;__tn__=*NK-R\">#compartilhe<\/a><\/div>\n<\/div>\n<div class=\"x11i5rnm xat24cr x1mh8g0r x1vvkbs xtlvy1s x126k92a\">\n<div dir=\"auto\">A Prefeitura de Abel Figueiredo administra\u00e7\u00e3o Prefeito Ant\u00f4nio Calhau vice Evandro da Serraria realizou tr\u00eas dias de capacita\u00e7\u00e3o para os colaboradores e Secret\u00e1rios Municipais sobre: A Nova Lei de Licita\u00e7\u00f5es, abordando a quest\u00e3o das diversas regras de transi\u00e7\u00e3o que est\u00e3o sendo publicadas com Dr. Ricardo Ribas, Professor, Consultor e Advogado especialista em Licita\u00e7\u00f5es e contratos administrativos com 22 anos de experi\u00eancia.<\/div>\n<div dir=\"auto\">O objetivo \u00e9 capacitar e ampliar ainda mais o conhecimento da equipe para melhor servir a nossa popula\u00e7\u00e3o.<\/div>\n<\/div>\n<div class=\"x11i5rnm xat24cr x1mh8g0r x1vvkbs xtlvy1s x126k92a\">\n<div dir=\"auto\">Seguiremos juntos trabalhando para o Povo!<\/div>\n<\/div>\n<div class=\"x11i5rnm xat24cr x1mh8g0r x1vvkbs xtlvy1s x126k92a\">\n<div dir=\"auto\"><a class=\"x1i10hfl xjbqb8w x6umtig x1b1mbwd xaqea5y xav7gou x9f619 x1ypdohk xt0psk2 xe8uvvx xdj266r x11i5rnm xat24cr x1mh8g0r xexx8yu x4uap5 x18d9i69 xkhd6sd x16tdsg8 x1hl2dhg xggy1nq x1a2a7pz xt0b8zv x1qq9wsj xo1l8bm\" tabindex=\"0\" role=\"link\" href=\"https:\/\/www.facebook.com\/hashtag\/prefeituradeabel?__eep__=6&amp;__cft__[0]=AZVQ2brOTCiwGdzMQOepomlrf59bLxFvs6DCwpLRasM2OZIKpo_KCHyaS7s1f965QIV4kaHADudsmA1DTuqndYCcV0v67s0R6pduFc0ROVXfncqPQH1IEe2QMt_W1sgLgpiqg3cGyrDMujMA8UhMXfDgNfFqose1CjMI3w48AfoeHtuO_MaWHXA0a5MLCjlECXQ&amp;__tn__=*NK-R\">#prefeituradeabel<\/a><\/div>\n<div dir=\"auto\"><a class=\"x1i10hfl xjbqb8w x6umtig x1b1mbwd xaqea5y xav7gou x9f619 x1ypdohk xt0psk2 xe8uvvx xdj266r x11i5rnm xat24cr x1mh8g0r xexx8yu x4uap5 x18d9i69 xkhd6sd x16tdsg8 x1hl2dhg xggy1nq x1a2a7pz xt0b8zv x1qq9wsj xo1l8bm\" tabindex=\"0\" role=\"link\" href=\"https:\/\/www.facebook.com\/hashtag\/secdeadministracao?__eep__=6&amp;__cft__[0]=AZVQ2brOTCiwGdzMQOepomlrf59bLxFvs6DCwpLRasM2OZIKpo_KCHyaS7s1f965QIV4kaHADudsmA1DTuqndYCcV0v67s0R6pduFc0ROVXfncqPQH1IEe2QMt_W1sgLgpiqg3cGyrDMujMA8UhMXfDgNfFqose1CjMI3w48AfoeHtuO_MaWHXA0a5MLCjlECXQ&amp;__tn__=*NK-R\">#secdeadministracao<\/a><\/div>\n<div dir=\"auto\"><a class=\"x1i10hfl xjbqb8w x6umtig x1b1mbwd xaqea5y xav7gou x9f619 x1ypdohk xt0psk2 xe8uvvx xdj266r x11i5rnm xat24cr x1mh8g0r xexx8yu x4uap5 x18d9i69 xkhd6sd x16tdsg8 x1hl2dhg xggy1nq x1a2a7pz xt0b8zv x1qq9wsj xo1l8bm\" tabindex=\"0\" role=\"link\" href=\"https:\/\/www.facebook.com\/hashtag\/setordelicitacao?__eep__=6&amp;__cft__[0]=AZVQ2brOTCiwGdzMQOepomlrf59bLxFvs6DCwpLRasM2OZIKpo_KCHyaS7s1f965QIV4kaHADudsmA1DTuqndYCcV0v67s0R6pduFc0ROVXfncqPQH1IEe2QMt_W1sgLgpiqg3cGyrDMujMA8UhMXfDgNfFqose1CjMI3w48AfoeHtuO_MaWHXA0a5MLCjlECXQ&amp;__tn__=*NK-R\">#setordelicitacao<\/a><\/div>\n<div dir=\"auto\"><a class=\"x1i10hfl xjbqb8w x6umtig x1b1mbwd xaqea5y xav7gou x9f619 x1ypdohk xt0psk2 xe8uvvx xdj266r x11i5rnm xat24cr x1mh8g0r xexx8yu x4uap5 x18d9i69 xkhd6sd x16tdsg8 x1hl2dhg xggy1nq x1a2a7pz xt0b8zv x1qq9wsj xo1l8bm\" tabindex=\"0\" role=\"link\" href=\"https:\/\/www.facebook.com\/hashtag\/trabalhandoparaopovo?__eep__=6&amp;__cft__[0]=AZVQ2brOTCiwGdzMQOepomlrf59bLxFvs6DCwpLRasM2OZIKpo_KCHyaS7s1f965QIV4kaHADudsmA1DTuqndYCcV0v67s0R6pduFc0ROVXfncqPQH1IEe2QMt_W1sgLgpiqg3cGyrDMujMA8UhMXfDgNfFqose1CjMI3w48AfoeHtuO_MaWHXA0a5MLCjlECXQ&amp;__tn__=*NK-R\">#trabalhandoparaopovo<\/a><\/div>\n<div dir=\"auto\"><a href=\"https:\/\/abelfigueiredo.pa.gov.br\/wp-content\/uploads\/2023\/03\/educacao-98-2.png\"><img loading=\"lazy\" decoding=\"async\" class=\"alignnone size-medium wp-image-14033\" src=\"https:\/\/abelfigueiredo.pa.gov.br\/wp-content\/uploads\/2023\/03\/educacao-98-2-270x300.png\" alt=\"\" width=\"270\" height=\"300\" \/><\/a> <a href=\"https:\/\/abelfigueiredo.pa.gov.br\/wp-content\/uploads\/2023\/03\/educacao-97-2.png\"><img loading=\"lazy\" decoding=\"async\" class=\"alignnone size-medium wp-image-14034\" src=\"https:\/\/abelfigueiredo.pa.gov.br\/wp-content\/uploads\/2023\/03\/educacao-97-2-270x300.png\" alt=\"\" width=\"270\" height=\"300\" \/><\/a> <a href=\"https:\/\/abelfigueiredo.pa.gov.br\/wp-content\/uploads\/2023\/03\/educacao-96-2.png\"><img loading=\"lazy\" decoding=\"async\" class=\"alignnone size-medium wp-image-14035\" src=\"https:\/\/abelfigueiredo.pa.gov.br\/wp-content\/uploads\/2023\/03\/educacao-96-2-270x300.png\" alt=\"\" width=\"270\" height=\"300\" \/><\/a> <a href=\"https:\/\/abelfigueiredo.pa.gov.br\/wp-content\/uploads\/2023\/03\/educacao-95-2.png\"><img loading=\"lazy\" decoding=\"async\" class=\"alignnone size-medium wp-image-14036\" src=\"https:\/\/abelfigueiredo.pa.gov.br\/wp-content\/uploads\/2023\/03\/educacao-95-2-270x300.png\" alt=\"\" width=\"270\" height=\"300\" \/><\/a> <a href=\"https:\/\/abelfigueiredo.pa.gov.br\/wp-content\/uploads\/2023\/03\/educacao-78-1.png\"><img loading=\"lazy\" decoding=\"async\" class=\"alignnone size-medium wp-image-14037\" src=\"https:\/\/abelfigueiredo.pa.gov.br\/wp-content\/uploads\/2023\/03\/educacao-78-1-270x300.png\" alt=\"\" width=\"270\" height=\"300\" \/><\/a> <a href=\"https:\/\/abelfigueiredo.pa.gov.br\/wp-content\/uploads\/2023\/03\/educacao-79-1.png\"><img loading=\"lazy\" decoding=\"async\" class=\"alignnone size-medium wp-image-14038\" src=\"https:\/\/abelfigueiredo.pa.gov.br\/wp-content\/uploads\/2023\/03\/educacao-79-1-270x300.png\" alt=\"\" width=\"270\" height=\"300\" \/><\/a> <a href=\"https:\/\/abelfigueiredo.pa.gov.br\/wp-content\/uploads\/2023\/03\/educacao-80-1.png\"><img loading=\"lazy\" decoding=\"async\" class=\"alignnone size-medium wp-image-14039\" src=\"https:\/\/abelfigueiredo.pa.gov.br\/wp-content\/uploads\/2023\/03\/educacao-80-1-270x300.png\" alt=\"\" width=\"270\" height=\"300\" \/><\/a> <a href=\"https:\/\/abelfigueiredo.pa.gov.br\/wp-content\/uploads\/2023\/03\/educacao-91-2.png\"><img loading=\"lazy\" decoding=\"async\" class=\"alignnone size-medium wp-image-14040\" src=\"https:\/\/abelfigueiredo.pa.gov.br\/wp-content\/uploads\/2023\/03\/educacao-91-2-270x300.png\" alt=\"\" width=\"270\" height=\"300\" \/><\/a> <a href=\"https:\/\/abelfigueiredo.pa.gov.br\/wp-content\/uploads\/2023\/03\/educacao-92-2.png\"><img loading=\"lazy\" decoding=\"async\" class=\"alignnone size-medium wp-image-14041\" src=\"https:\/\/abelfigueiredo.pa.gov.br\/wp-content\/uploads\/2023\/03\/educacao-92-2-270x300.png\" alt=\"\" width=\"270\" height=\"300\" \/><\/a> <a href=\"https:\/\/abelfigueiredo.pa.gov.br\/wp-content\/uploads\/2023\/03\/educacao-93-2.png\"><img loading=\"lazy\" decoding=\"async\" class=\"alignnone size-medium wp-image-14042\" src=\"https:\/\/abelfigueiredo.pa.gov.br\/wp-content\/uploads\/2023\/03\/educacao-93-2-270x300.png\" alt=\"\" width=\"270\" height=\"300\" \/><\/a> <a href=\"https:\/\/abelfigueiredo.pa.gov.br\/wp-content\/uploads\/2023\/03\/educacao-94-2.png\"><img loading=\"lazy\" decoding=\"async\" class=\"alignnone size-medium wp-image-14043\" src=\"https:\/\/abelfigueiredo.pa.gov.br\/wp-content\/uploads\/2023\/03\/educacao-94-2-270x300.png\" alt=\"\" width=\"270\" height=\"300\" \/><\/a> <a href=\"https:\/\/abelfigueiredo.pa.gov.br\/wp-content\/uploads\/2023\/03\/educacao-95-3.png\"><img loading=\"lazy\" decoding=\"async\" class=\"alignnone size-medium wp-image-14044\" src=\"https:\/\/abelfigueiredo.pa.gov.br\/wp-content\/uploads\/2023\/03\/educacao-95-3-270x300.png\" alt=\"\" width=\"270\" height=\"300\" \/><\/a> <a href=\"https:\/\/abelfigueiredo.pa.gov.br\/wp-content\/uploads\/2023\/03\/educacao-96-3.png\"><img loading=\"lazy\" decoding=\"async\" class=\"alignnone size-medium wp-image-14045\" src=\"https:\/\/abelfigueiredo.pa.gov.br\/wp-content\/uploads\/2023\/03\/educacao-96-3-270x300.png\" alt=\"\" width=\"270\" height=\"300\" \/><\/a> <a href=\"https:\/\/abelfigueiredo.pa.gov.br\/wp-content\/uploads\/2023\/03\/educacao-97-3.png\"><img loading=\"lazy\" decoding=\"async\" class=\"alignnone size-medium wp-image-14046\" src=\"https:\/\/abelfigueiredo.pa.gov.br\/wp-content\/uploads\/2023\/03\/educacao-97-3-270x300.png\" alt=\"\" width=\"270\" height=\"300\" \/><\/a> <a href=\"https:\/\/abelfigueiredo.pa.gov.br\/wp-content\/uploads\/2023\/03\/educacao-98-3.png\"><img loading=\"lazy\" decoding=\"async\" class=\"alignnone size-medium wp-image-14047\" src=\"https:\/\/abelfigueiredo.pa.gov.br\/wp-content\/uploads\/2023\/03\/educacao-98-3-270x300.png\" alt=\"\" width=\"270\" height=\"300\" \/><\/a> <a href=\"https:\/\/abelfigueiredo.pa.gov.br\/wp-content\/uploads\/2023\/03\/educacao-99-2.png\"><img loading=\"lazy\" decoding=\"async\" class=\"alignnone size-medium wp-image-14048\" src=\"https:\/\/abelfigueiredo.pa.gov.br\/wp-content\/uploads\/2023\/03\/educacao-99-2-270x300.png\" alt=\"\" width=\"270\" height=\"300\" \/><\/a><\/div>\n<\/div>\n","protected":false},"excerpt":{"rendered":"<p>#compartilhe A Prefeitura de Abel Figueiredo administra\u00e7\u00e3o Prefeito Ant\u00f4nio Calhau vice Evandro da Serraria realizou tr\u00eas dias de capacita\u00e7\u00e3o para os colaboradores e Secret\u00e1rios Municipais sobre: A Nova Lei de Licita\u00e7\u00f5es, abordando a quest\u00e3o das diversas regras de transi\u00e7\u00e3o que est\u00e3o sendo publicadas com Dr. Ricardo Ribas, Professor, Consultor e Advogado especialista em Licita\u00e7\u00f5es e<\/p>\n<div class=\"read-more\"><a href=\"https:\/\/abelfigueiredo.pa.gov.br\/site\/prefeitura-realiza-capacitacao-sobre-a-nova-lei-de-licitacao-para-os-colaboradores\/\" title=\"Veja mais\">Veja mais<\/a><\/div>\n","protected":false},"author":25,"featured_media":14049,"comment_status":"closed","ping_status":"closed","sticky":false,"template":"","format":"standard","meta":{"footnotes":""},"categories":[1],"tags":[],"class_list":{"0":"post-14032","1":"post","2":"type-post","3":"status-publish","4":"format-standard","5":"has-post-thumbnail","7":"category-noticias"},"yoast_head":"<!-- This site is optimized with the Yoast SEO plugin v26.6 - https:\/\/yoast.com\/wordpress\/plugins\/seo\/ -->\n<title>Prefeitura realiza Capacita\u00e7\u00e3o Sobre &quot;A Nova Lei de Licita\u00e7\u00e3o&quot; para os colaboradores. - Prefeitura Municipal de Abel Figueiredo | Gest\u00e3o 2025-2028<\/title>\n<meta name=\"robots\" content=\"index, follow, max-snippet:-1, max-image-preview:large, max-video-preview:-1\" \/>\n<link rel=\"canonical\" href=\"https:\/\/abelfigueiredo.pa.gov.br\/site\/prefeitura-realiza-capacitacao-sobre-a-nova-lei-de-licitacao-para-os-colaboradores\/\" \/>\n<meta property=\"og:locale\" content=\"pt_BR\" \/>\n<meta property=\"og:type\" content=\"article\" \/>\n<meta property=\"og:title\" content=\"Prefeitura realiza Capacita\u00e7\u00e3o Sobre &quot;A Nova Lei de Licita\u00e7\u00e3o&quot; para os colaboradores. - Prefeitura Municipal de Abel Figueiredo | Gest\u00e3o 2025-2028\" \/>\n<meta property=\"og:description\" content=\"#compartilhe A Prefeitura de Abel Figueiredo administra\u00e7\u00e3o Prefeito Ant\u00f4nio Calhau vice Evandro da Serraria realizou tr\u00eas dias de capacita\u00e7\u00e3o para os colaboradores e Secret\u00e1rios Municipais sobre: A Nova Lei de Licita\u00e7\u00f5es, abordando a quest\u00e3o das diversas regras de transi\u00e7\u00e3o que est\u00e3o sendo publicadas com Dr. Ricardo Ribas, Professor, Consultor e Advogado especialista em Licita\u00e7\u00f5es eVeja mais\" \/>\n<meta property=\"og:url\" content=\"https:\/\/abelfigueiredo.pa.gov.br\/site\/prefeitura-realiza-capacitacao-sobre-a-nova-lei-de-licitacao-para-os-colaboradores\/\" \/>\n<meta property=\"og:site_name\" content=\"Prefeitura Municipal de Abel Figueiredo | Gest\u00e3o 2025-2028\" \/>\n<meta property=\"article:published_time\" content=\"2023-03-23T13:56:21+00:00\" \/>\n<meta property=\"og:image\" content=\"https:\/\/abelfigueiredo.pa.gov.br\/wp-content\/uploads\/2023\/03\/educacao-98-2-270x300.png\" \/>\n<meta name=\"author\" content=\"cr2-admin7\" \/>\n<meta name=\"twitter:label1\" content=\"Escrito por\" \/>\n\t<meta name=\"twitter:data1\" content=\"cr2-admin7\" \/>\n\t<meta name=\"twitter:label2\" content=\"Est. tempo de leitura\" \/>\n\t<meta name=\"twitter:data2\" content=\"1 minuto\" \/>\n<script type=\"application\/ld+json\" class=\"yoast-schema-graph\">{\"@context\":\"https:\/\/schema.org\",\"@graph\":[{\"@type\":\"WebPage\",\"@id\":\"https:\/\/abelfigueiredo.pa.gov.br\/site\/prefeitura-realiza-capacitacao-sobre-a-nova-lei-de-licitacao-para-os-colaboradores\/\",\"url\":\"https:\/\/abelfigueiredo.pa.gov.br\/site\/prefeitura-realiza-capacitacao-sobre-a-nova-lei-de-licitacao-para-os-colaboradores\/\",\"name\":\"Prefeitura realiza Capacita\u00e7\u00e3o Sobre \\\"A Nova Lei de Licita\u00e7\u00e3o\\\" para os colaboradores. - Prefeitura Municipal de Abel Figueiredo | Gest\u00e3o 2025-2028\",\"isPartOf\":{\"@id\":\"https:\/\/abelfigueiredo.pa.gov.br\/site\/#website\"},\"primaryImageOfPage\":{\"@id\":\"https:\/\/abelfigueiredo.pa.gov.br\/site\/prefeitura-realiza-capacitacao-sobre-a-nova-lei-de-licitacao-para-os-colaboradores\/#primaryimage\"},\"image\":{\"@id\":\"https:\/\/abelfigueiredo.pa.gov.br\/site\/prefeitura-realiza-capacitacao-sobre-a-nova-lei-de-licitacao-para-os-colaboradores\/#primaryimage\"},\"thumbnailUrl\":\"\",\"datePublished\":\"2023-03-23T13:56:21+00:00\",\"author\":{\"@id\":\"https:\/\/abelfigueiredo.pa.gov.br\/site\/#\/schema\/person\/8ad42264973e06f0c04ce0da9b13d6eb\"},\"inLanguage\":\"pt-BR\",\"potentialAction\":[{\"@type\":\"ReadAction\",\"target\":[\"https:\/\/abelfigueiredo.pa.gov.br\/site\/prefeitura-realiza-capacitacao-sobre-a-nova-lei-de-licitacao-para-os-colaboradores\/\"]}]},{\"@type\":\"ImageObject\",\"inLanguage\":\"pt-BR\",\"@id\":\"https:\/\/abelfigueiredo.pa.gov.br\/site\/prefeitura-realiza-capacitacao-sobre-a-nova-lei-de-licitacao-para-os-colaboradores\/#primaryimage\",\"url\":\"\",\"contentUrl\":\"\"},{\"@type\":\"WebSite\",\"@id\":\"https:\/\/abelfigueiredo.pa.gov.br\/site\/#website\",\"url\":\"https:\/\/abelfigueiredo.pa.gov.br\/site\/\",\"name\":\"Prefeitura Municipal de Abel Figueiredo | Gest\u00e3o 2025-2028\",\"description\":\"Site oficial da Prefeitura Municipal de Abel Figueiredo\",\"potentialAction\":[{\"@type\":\"SearchAction\",\"target\":{\"@type\":\"EntryPoint\",\"urlTemplate\":\"https:\/\/abelfigueiredo.pa.gov.br\/site\/?s={search_term_string}\"},\"query-input\":{\"@type\":\"PropertyValueSpecification\",\"valueRequired\":true,\"valueName\":\"search_term_string\"}}],\"inLanguage\":\"pt-BR\"},{\"@type\":\"Person\",\"@id\":\"https:\/\/abelfigueiredo.pa.gov.br\/site\/#\/schema\/person\/8ad42264973e06f0c04ce0da9b13d6eb\",\"name\":\"cr2-admin7\",\"image\":{\"@type\":\"ImageObject\",\"inLanguage\":\"pt-BR\",\"@id\":\"https:\/\/abelfigueiredo.pa.gov.br\/site\/#\/schema\/person\/image\/\",\"url\":\"https:\/\/secure.gravatar.com\/avatar\/7e0402aa11e91bb8aa8a7c6b64146517a7337d48fdac50e07c495efd61016444?s=96&d=mm&r=g\",\"contentUrl\":\"https:\/\/secure.gravatar.com\/avatar\/7e0402aa11e91bb8aa8a7c6b64146517a7337d48fdac50e07c495efd61016444?s=96&d=mm&r=g\",\"caption\":\"cr2-admin7\"},\"url\":\"https:\/\/abelfigueiredo.pa.gov.br\/site\/author\/cr2-admin7\/\"}]}<\/script>\n<!-- \/ Yoast SEO plugin. -->","yoast_head_json":{"title":"Prefeitura realiza Capacita\u00e7\u00e3o Sobre \"A Nova Lei de Licita\u00e7\u00e3o\" para os colaboradores. - Prefeitura Municipal de Abel Figueiredo | Gest\u00e3o 2025-2028","robots":{"index":"index","follow":"follow","max-snippet":"max-snippet:-1","max-image-preview":"max-image-preview:large","max-video-preview":"max-video-preview:-1"},"canonical":"https:\/\/abelfigueiredo.pa.gov.br\/site\/prefeitura-realiza-capacitacao-sobre-a-nova-lei-de-licitacao-para-os-colaboradores\/","og_locale":"pt_BR","og_type":"article","og_title":"Prefeitura realiza Capacita\u00e7\u00e3o Sobre \"A Nova Lei de Licita\u00e7\u00e3o\" para os colaboradores. - Prefeitura Municipal de Abel Figueiredo | Gest\u00e3o 2025-2028","og_description":"#compartilhe A Prefeitura de Abel Figueiredo administra\u00e7\u00e3o Prefeito Ant\u00f4nio Calhau vice Evandro da Serraria realizou tr\u00eas dias de capacita\u00e7\u00e3o para os colaboradores e Secret\u00e1rios Municipais sobre: A Nova Lei de Licita\u00e7\u00f5es, abordando a quest\u00e3o das diversas regras de transi\u00e7\u00e3o que est\u00e3o sendo publicadas com Dr. Ricardo Ribas, Professor, Consultor e Advogado especialista em Licita\u00e7\u00f5es eVeja mais","og_url":"https:\/\/abelfigueiredo.pa.gov.br\/site\/prefeitura-realiza-capacitacao-sobre-a-nova-lei-de-licitacao-para-os-colaboradores\/","og_site_name":"Prefeitura Municipal de Abel Figueiredo | Gest\u00e3o 2025-2028","article_published_time":"2023-03-23T13:56:21+00:00","og_image":[{"url":"https:\/\/abelfigueiredo.pa.gov.br\/wp-content\/uploads\/2023\/03\/educacao-98-2-270x300.png","type":"","width":"","height":""}],"author":"cr2-admin7","twitter_misc":{"Escrito por":"cr2-admin7","Est. tempo de leitura":"1 minuto"},"schema":{"@context":"https:\/\/schema.org","@graph":[{"@type":"WebPage","@id":"https:\/\/abelfigueiredo.pa.gov.br\/site\/prefeitura-realiza-capacitacao-sobre-a-nova-lei-de-licitacao-para-os-colaboradores\/","url":"https:\/\/abelfigueiredo.pa.gov.br\/site\/prefeitura-realiza-capacitacao-sobre-a-nova-lei-de-licitacao-para-os-colaboradores\/","name":"Prefeitura realiza Capacita\u00e7\u00e3o Sobre \"A Nova Lei de Licita\u00e7\u00e3o\" para os colaboradores. - Prefeitura Municipal de Abel Figueiredo | Gest\u00e3o 2025-2028","isPartOf":{"@id":"https:\/\/abelfigueiredo.pa.gov.br\/site\/#website"},"primaryImageOfPage":{"@id":"https:\/\/abelfigueiredo.pa.gov.br\/site\/prefeitura-realiza-capacitacao-sobre-a-nova-lei-de-licitacao-para-os-colaboradores\/#primaryimage"},"image":{"@id":"https:\/\/abelfigueiredo.pa.gov.br\/site\/prefeitura-realiza-capacitacao-sobre-a-nova-lei-de-licitacao-para-os-colaboradores\/#primaryimage"},"thumbnailUrl":"","datePublished":"2023-03-23T13:56:21+00:00","author":{"@id":"https:\/\/abelfigueiredo.pa.gov.br\/site\/#\/schema\/person\/8ad42264973e06f0c04ce0da9b13d6eb"},"inLanguage":"pt-BR","potentialAction":[{"@type":"ReadAction","target":["https:\/\/abelfigueiredo.pa.gov.br\/site\/prefeitura-realiza-capacitacao-sobre-a-nova-lei-de-licitacao-para-os-colaboradores\/"]}]},{"@type":"ImageObject","inLanguage":"pt-BR","@id":"https:\/\/abelfigueiredo.pa.gov.br\/site\/prefeitura-realiza-capacitacao-sobre-a-nova-lei-de-licitacao-para-os-colaboradores\/#primaryimage","url":"","contentUrl":""},{"@type":"WebSite","@id":"https:\/\/abelfigueiredo.pa.gov.br\/site\/#website","url":"https:\/\/abelfigueiredo.pa.gov.br\/site\/","name":"Prefeitura Municipal de Abel Figueiredo | Gest\u00e3o 2025-2028","description":"Site oficial da Prefeitura Municipal de Abel Figueiredo","potentialAction":[{"@type":"SearchAction","target":{"@type":"EntryPoint","urlTemplate":"https:\/\/abelfigueiredo.pa.gov.br\/site\/?s={search_term_string}"},"query-input":{"@type":"PropertyValueSpecification","valueRequired":true,"valueName":"search_term_string"}}],"inLanguage":"pt-BR"},{"@type":"Person","@id":"https:\/\/abelfigueiredo.pa.gov.br\/site\/#\/schema\/person\/8ad42264973e06f0c04ce0da9b13d6eb","name":"cr2-admin7","image":{"@type":"ImageObject","inLanguage":"pt-BR","@id":"https:\/\/abelfigueiredo.pa.gov.br\/site\/#\/schema\/person\/image\/","url":"https:\/\/secure.gravatar.com\/avatar\/7e0402aa11e91bb8aa8a7c6b64146517a7337d48fdac50e07c495efd61016444?s=96&d=mm&r=g","contentUrl":"https:\/\/secure.gravatar.com\/avatar\/7e0402aa11e91bb8aa8a7c6b64146517a7337d48fdac50e07c495efd61016444?s=96&d=mm&r=g","caption":"cr2-admin7"},"url":"https:\/\/abelfigueiredo.pa.gov.br\/site\/author\/cr2-admin7\/"}]}},"_links":{"self":[{"href":"https:\/\/abelfigueiredo.pa.gov.br\/site\/wp-json\/wp\/v2\/posts\/14032","targetHints":{"allow":["GET"]}}],"collection":[{"href":"https:\/\/abelfigueiredo.pa.gov.br\/site\/wp-json\/wp\/v2\/posts"}],"about":[{"href":"https:\/\/abelfigueiredo.pa.gov.br\/site\/wp-json\/wp\/v2\/types\/post"}],"author":[{"embeddable":true,"href":"https:\/\/abelfigueiredo.pa.gov.br\/site\/wp-json\/wp\/v2\/users\/25"}],"replies":[{"embeddable":true,"href":"https:\/\/abelfigueiredo.pa.gov.br\/site\/wp-json\/wp\/v2\/comments?post=14032"}],"version-history":[{"count":0,"href":"https:\/\/abelfigueiredo.pa.gov.br\/site\/wp-json\/wp\/v2\/posts\/14032\/revisions"}],"wp:featuredmedia":[{"embeddable":true,"href":"https:\/\/abelfigueiredo.pa.gov.br\/site\/wp-json\/"}],"wp:attachment":[{"href":"https:\/\/abelfigueiredo.pa.gov.br\/site\/wp-json\/wp\/v2\/media?parent=14032"}],"wp:term":[{"taxonomy":"category","embeddable":true,"href":"https:\/\/abelfigueiredo.pa.gov.br\/site\/wp-json\/wp\/v2\/categories?post=14032"},{"taxonomy":"post_tag","embeddable":true,"href":"https:\/\/abelfigueiredo.pa.gov.br\/site\/wp-json\/wp\/v2\/tags?post=14032"}],"curies":[{"name":"wp","href":"https:\/\/api.w.org\/{rel}","templated":true}]}}