{"id":13676,"date":"2023-03-01T09:54:22","date_gmt":"2023-03-01T12:54:22","guid":{"rendered":"https:\/\/abelfigueiredo.pa.gov.br\/?p=13676"},"modified":"2023-03-01T09:54:22","modified_gmt":"2023-03-01T12:54:22","slug":"segue-os-compromissos-de-agenda-do-governo-trabalhando-para-o-povo-em-belem-do-para-01-03-2023","status":"publish","type":"post","link":"https:\/\/abelfigueiredo.pa.gov.br\/site\/segue-os-compromissos-de-agenda-do-governo-trabalhando-para-o-povo-em-belem-do-para-01-03-2023\/","title":{"rendered":"Segue os compromissos de agenda do Governo Trabalhando para o Povo em Bel\u00e9m do Par\u00e1. 01\/03\/2023"},"content":{"rendered":"<div class=\"x11i5rnm xat24cr x1mh8g0r x1vvkbs xtlvy1s x126k92a\">\n<div dir=\"auto\"><a class=\"x1i10hfl xjbqb8w x6umtig x1b1mbwd xaqea5y xav7gou x9f619 x1ypdohk xt0psk2 xe8uvvx xdj266r x11i5rnm xat24cr x1mh8g0r xexx8yu x4uap5 x18d9i69 xkhd6sd x16tdsg8 x1hl2dhg xggy1nq x1a2a7pz xt0b8zv x1qq9wsj xo1l8bm\" tabindex=\"0\" role=\"link\" href=\"https:\/\/www.facebook.com\/hashtag\/compartilhe?__eep__=6&amp;__cft__[0]=AZWbHwHLWb31WBk4hggepoaen5_SL3Jp95PFeZUg8_e9n1SFP_hNMwKXuY0gBaR2KqiNTf_duBOqXTzlLlCoTVMZxs08-ZdlVhYl3-QEpPzoRkNeUWyQwC3_GnhQE6gA8arXhzMoPcWvHn99JUs0pMUuDXUTErVagAdvHdifOWUCzCO2FWsUhcbfW-NcDiDvs4o&amp;__tn__=*NK-R\">#compartilhe<\/a><\/div>\n<\/div>\n<div class=\"x11i5rnm xat24cr x1mh8g0r x1vvkbs xtlvy1s x126k92a\">\n<div dir=\"auto\">E segue os compromissos de agenda do Governo Trabalhando para o Povo, administra\u00e7\u00e3o Prefeito Ant\u00f4nio Calhau vice Evandro da Serraria em Bel\u00e9m do Par\u00e1, com o Secret\u00e1rio Estadual de Agricultura Geovane Queiroz, em seguida uma importante reuni\u00e3o no COEGEMAS relacionamento aos repasses do SUAS e o Programa Qualifica Par\u00e1, depois com o Deputado Estadual F\u00e1bio Figueiras e logo ap\u00f3s na COHAB com Presidente do \u00f3rg\u00e3o Orlando Reis a respeito da segunda etapa do Programa &#8220;Sua Casa&#8221; para o munic\u00edpio.<\/div>\n<div dir=\"auto\">Representam o governo o Vice Prefeito Evandro da Serraria acompanhado da Secret\u00e1ria de Promo\u00e7\u00e3o Social Winnie Aylla Barbosa, a Secret\u00e1ria municipal de Cultura Desporto Lazer e Turismo Niramar Furlan, Fab\u00edola Lacerda e Eloide Lopes Assistentes Sociais.<\/div>\n<\/div>\n<div class=\"x11i5rnm xat24cr x1mh8g0r x1vvkbs xtlvy1s x126k92a\">\n<div dir=\"auto\"><a class=\"x1i10hfl xjbqb8w x6umtig x1b1mbwd xaqea5y xav7gou x9f619 x1ypdohk xt0psk2 xe8uvvx xdj266r x11i5rnm xat24cr x1mh8g0r xexx8yu x4uap5 x18d9i69 xkhd6sd x16tdsg8 x1hl2dhg xggy1nq x1a2a7pz xt0b8zv x1qq9wsj xo1l8bm\" tabindex=\"0\" role=\"link\" href=\"https:\/\/www.facebook.com\/hashtag\/prefeituradeabel?__eep__=6&amp;__cft__[0]=AZWbHwHLWb31WBk4hggepoaen5_SL3Jp95PFeZUg8_e9n1SFP_hNMwKXuY0gBaR2KqiNTf_duBOqXTzlLlCoTVMZxs08-ZdlVhYl3-QEpPzoRkNeUWyQwC3_GnhQE6gA8arXhzMoPcWvHn99JUs0pMUuDXUTErVagAdvHdifOWUCzCO2FWsUhcbfW-NcDiDvs4o&amp;__tn__=*NK-R\">#prefeituradeabel<\/a><\/div>\n<div dir=\"auto\"><a class=\"x1i10hfl xjbqb8w x6umtig x1b1mbwd xaqea5y xav7gou x9f619 x1ypdohk xt0psk2 xe8uvvx xdj266r x11i5rnm xat24cr x1mh8g0r xexx8yu x4uap5 x18d9i69 xkhd6sd x16tdsg8 x1hl2dhg xggy1nq x1a2a7pz xt0b8zv x1qq9wsj xo1l8bm\" tabindex=\"0\" role=\"link\" href=\"https:\/\/www.facebook.com\/hashtag\/secdepromocaosocial?__eep__=6&amp;__cft__[0]=AZWbHwHLWb31WBk4hggepoaen5_SL3Jp95PFeZUg8_e9n1SFP_hNMwKXuY0gBaR2KqiNTf_duBOqXTzlLlCoTVMZxs08-ZdlVhYl3-QEpPzoRkNeUWyQwC3_GnhQE6gA8arXhzMoPcWvHn99JUs0pMUuDXUTErVagAdvHdifOWUCzCO2FWsUhcbfW-NcDiDvs4o&amp;__tn__=*NK-R\">#secdepromocaosocial<\/a><\/div>\n<div dir=\"auto\"><a class=\"x1i10hfl xjbqb8w x6umtig x1b1mbwd xaqea5y xav7gou x9f619 x1ypdohk xt0psk2 xe8uvvx xdj266r x11i5rnm xat24cr x1mh8g0r xexx8yu x4uap5 x18d9i69 xkhd6sd x16tdsg8 x1hl2dhg xggy1nq x1a2a7pz xt0b8zv x1qq9wsj xo1l8bm\" tabindex=\"0\" role=\"link\" href=\"https:\/\/www.facebook.com\/hashtag\/secdecultura?__eep__=6&amp;__cft__[0]=AZWbHwHLWb31WBk4hggepoaen5_SL3Jp95PFeZUg8_e9n1SFP_hNMwKXuY0gBaR2KqiNTf_duBOqXTzlLlCoTVMZxs08-ZdlVhYl3-QEpPzoRkNeUWyQwC3_GnhQE6gA8arXhzMoPcWvHn99JUs0pMUuDXUTErVagAdvHdifOWUCzCO2FWsUhcbfW-NcDiDvs4o&amp;__tn__=*NK-R\">#secdecultura<\/a><\/div>\n<div dir=\"auto\"><a class=\"x1i10hfl xjbqb8w x6umtig x1b1mbwd xaqea5y xav7gou x9f619 x1ypdohk xt0psk2 xe8uvvx xdj266r x11i5rnm xat24cr x1mh8g0r xexx8yu x4uap5 x18d9i69 xkhd6sd x16tdsg8 x1hl2dhg xggy1nq x1a2a7pz xt0b8zv x1qq9wsj xo1l8bm\" tabindex=\"0\" role=\"link\" href=\"https:\/\/www.facebook.com\/hashtag\/trabalhandoparaopovo?__eep__=6&amp;__cft__[0]=AZWbHwHLWb31WBk4hggepoaen5_SL3Jp95PFeZUg8_e9n1SFP_hNMwKXuY0gBaR2KqiNTf_duBOqXTzlLlCoTVMZxs08-ZdlVhYl3-QEpPzoRkNeUWyQwC3_GnhQE6gA8arXhzMoPcWvHn99JUs0pMUuDXUTErVagAdvHdifOWUCzCO2FWsUhcbfW-NcDiDvs4o&amp;__tn__=*NK-R\">#trabalhandoparaopovo<\/a><\/div>\n<div dir=\"auto\"><a href=\"https:\/\/abelfigueiredo.pa.gov.br\/wp-content\/uploads\/2023\/03\/educacao-14-2.png\"><img loading=\"lazy\" decoding=\"async\" class=\"alignnone size-medium wp-image-13677\" src=\"https:\/\/abelfigueiredo.pa.gov.br\/wp-content\/uploads\/2023\/03\/educacao-14-2-270x300.png\" alt=\"\" width=\"270\" height=\"300\" \/><\/a> <a href=\"https:\/\/abelfigueiredo.pa.gov.br\/wp-content\/uploads\/2023\/03\/educacao-13-2.png\"><img loading=\"lazy\" decoding=\"async\" class=\"alignnone size-medium wp-image-13678\" src=\"https:\/\/abelfigueiredo.pa.gov.br\/wp-content\/uploads\/2023\/03\/educacao-13-2-270x300.png\" alt=\"\" width=\"270\" height=\"300\" \/><\/a> <a href=\"https:\/\/abelfigueiredo.pa.gov.br\/wp-content\/uploads\/2023\/03\/educacao-12-2.png\"><img loading=\"lazy\" decoding=\"async\" class=\"alignnone size-medium wp-image-13679\" src=\"https:\/\/abelfigueiredo.pa.gov.br\/wp-content\/uploads\/2023\/03\/educacao-12-2-270x300.png\" alt=\"\" width=\"270\" height=\"300\" \/><\/a> <a href=\"https:\/\/abelfigueiredo.pa.gov.br\/wp-content\/uploads\/2023\/03\/educacao-11-2.png\"><img loading=\"lazy\" decoding=\"async\" class=\"alignnone size-medium wp-image-13680\" src=\"https:\/\/abelfigueiredo.pa.gov.br\/wp-content\/uploads\/2023\/03\/educacao-11-2-270x300.png\" alt=\"\" width=\"270\" height=\"300\" \/><\/a> <a href=\"https:\/\/abelfigueiredo.pa.gov.br\/wp-content\/uploads\/2023\/03\/educacao-10-2.png\"><img loading=\"lazy\" decoding=\"async\" class=\"alignnone size-medium wp-image-13681\" src=\"https:\/\/abelfigueiredo.pa.gov.br\/wp-content\/uploads\/2023\/03\/educacao-10-2-270x300.png\" alt=\"\" width=\"270\" height=\"300\" \/><\/a> <a href=\"https:\/\/abelfigueiredo.pa.gov.br\/wp-content\/uploads\/2023\/03\/educacao-9-2.png\"><img loading=\"lazy\" decoding=\"async\" class=\"alignnone size-medium wp-image-13682\" src=\"https:\/\/abelfigueiredo.pa.gov.br\/wp-content\/uploads\/2023\/03\/educacao-9-2-270x300.png\" alt=\"\" width=\"270\" height=\"300\" \/><\/a> <a href=\"https:\/\/abelfigueiredo.pa.gov.br\/wp-content\/uploads\/2023\/03\/educacao-8-2.png\"><img loading=\"lazy\" decoding=\"async\" class=\"alignnone size-medium wp-image-13683\" src=\"https:\/\/abelfigueiredo.pa.gov.br\/wp-content\/uploads\/2023\/03\/educacao-8-2-270x300.png\" alt=\"\" width=\"270\" height=\"300\" \/><\/a> <a href=\"https:\/\/abelfigueiredo.pa.gov.br\/wp-content\/uploads\/2023\/03\/educacao-7-2.png\"><img loading=\"lazy\" decoding=\"async\" class=\"alignnone size-medium wp-image-13684\" src=\"https:\/\/abelfigueiredo.pa.gov.br\/wp-content\/uploads\/2023\/03\/educacao-7-2-270x300.png\" alt=\"\" width=\"270\" height=\"300\" \/><\/a> <a href=\"https:\/\/abelfigueiredo.pa.gov.br\/wp-content\/uploads\/2023\/03\/educacao-6-1.png\"><img loading=\"lazy\" decoding=\"async\" class=\"alignnone size-medium wp-image-13685\" src=\"https:\/\/abelfigueiredo.pa.gov.br\/wp-content\/uploads\/2023\/03\/educacao-6-1-270x300.png\" alt=\"\" width=\"270\" height=\"300\" \/><\/a> <a href=\"https:\/\/abelfigueiredo.pa.gov.br\/wp-content\/uploads\/2023\/03\/educacao-5-1.png\"><img loading=\"lazy\" decoding=\"async\" class=\"alignnone size-medium wp-image-13686\" src=\"https:\/\/abelfigueiredo.pa.gov.br\/wp-content\/uploads\/2023\/03\/educacao-5-1-270x300.png\" alt=\"\" width=\"270\" height=\"300\" \/><\/a> <a href=\"https:\/\/abelfigueiredo.pa.gov.br\/wp-content\/uploads\/2023\/03\/educacao-4-1.png\"><img loading=\"lazy\" decoding=\"async\" class=\"alignnone size-medium wp-image-13687\" src=\"https:\/\/abelfigueiredo.pa.gov.br\/wp-content\/uploads\/2023\/03\/educacao-4-1-270x300.png\" alt=\"\" width=\"270\" height=\"300\" \/><\/a><\/div>\n<\/div>\n","protected":false},"excerpt":{"rendered":"<p>#compartilhe E segue os compromissos de agenda do Governo Trabalhando para o Povo, administra\u00e7\u00e3o Prefeito Ant\u00f4nio Calhau vice Evandro da Serraria em Bel\u00e9m do Par\u00e1, com o Secret\u00e1rio Estadual de Agricultura Geovane Queiroz, em seguida uma importante reuni\u00e3o no COEGEMAS relacionamento aos repasses do SUAS e o Programa Qualifica Par\u00e1, depois com o Deputado Estadual<\/p>\n<div class=\"read-more\"><a href=\"https:\/\/abelfigueiredo.pa.gov.br\/site\/segue-os-compromissos-de-agenda-do-governo-trabalhando-para-o-povo-em-belem-do-para-01-03-2023\/\" title=\"Veja mais\">Veja mais<\/a><\/div>\n","protected":false},"author":25,"featured_media":13682,"comment_status":"closed","ping_status":"closed","sticky":false,"template":"","format":"standard","meta":{"footnotes":""},"categories":[1],"tags":[],"class_list":{"0":"post-13676","1":"post","2":"type-post","3":"status-publish","4":"format-standard","5":"has-post-thumbnail","7":"category-noticias"},"yoast_head":"<!-- This site is optimized with the Yoast SEO plugin v26.6 - https:\/\/yoast.com\/wordpress\/plugins\/seo\/ -->\n<title>Segue os compromissos de agenda do Governo Trabalhando para o Povo em Bel\u00e9m do Par\u00e1. 01\/03\/2023 - Prefeitura Municipal de Abel Figueiredo | Gest\u00e3o 2025-2028<\/title>\n<meta name=\"robots\" content=\"index, follow, max-snippet:-1, max-image-preview:large, max-video-preview:-1\" \/>\n<link rel=\"canonical\" href=\"https:\/\/abelfigueiredo.pa.gov.br\/site\/segue-os-compromissos-de-agenda-do-governo-trabalhando-para-o-povo-em-belem-do-para-01-03-2023\/\" \/>\n<meta property=\"og:locale\" content=\"pt_BR\" \/>\n<meta property=\"og:type\" content=\"article\" \/>\n<meta property=\"og:title\" content=\"Segue os compromissos de agenda do Governo Trabalhando para o Povo em Bel\u00e9m do Par\u00e1. 01\/03\/2023 - Prefeitura Municipal de Abel Figueiredo | Gest\u00e3o 2025-2028\" \/>\n<meta property=\"og:description\" content=\"#compartilhe E segue os compromissos de agenda do Governo Trabalhando para o Povo, administra\u00e7\u00e3o Prefeito Ant\u00f4nio Calhau vice Evandro da Serraria em Bel\u00e9m do Par\u00e1, com o Secret\u00e1rio Estadual de Agricultura Geovane Queiroz, em seguida uma importante reuni\u00e3o no COEGEMAS relacionamento aos repasses do SUAS e o Programa Qualifica Par\u00e1, depois com o Deputado EstadualVeja mais\" \/>\n<meta property=\"og:url\" content=\"https:\/\/abelfigueiredo.pa.gov.br\/site\/segue-os-compromissos-de-agenda-do-governo-trabalhando-para-o-povo-em-belem-do-para-01-03-2023\/\" \/>\n<meta property=\"og:site_name\" content=\"Prefeitura Municipal de Abel Figueiredo | Gest\u00e3o 2025-2028\" \/>\n<meta property=\"article:published_time\" content=\"2023-03-01T12:54:22+00:00\" \/>\n<meta property=\"og:image\" content=\"https:\/\/abelfigueiredo.pa.gov.br\/wp-content\/uploads\/2023\/03\/educacao-14-2-270x300.png\" \/>\n<meta name=\"author\" content=\"cr2-admin7\" \/>\n<meta name=\"twitter:label1\" content=\"Escrito por\" \/>\n\t<meta name=\"twitter:data1\" content=\"cr2-admin7\" \/>\n\t<meta name=\"twitter:label2\" content=\"Est. tempo de leitura\" \/>\n\t<meta name=\"twitter:data2\" content=\"1 minuto\" \/>\n<script type=\"application\/ld+json\" class=\"yoast-schema-graph\">{\"@context\":\"https:\/\/schema.org\",\"@graph\":[{\"@type\":\"WebPage\",\"@id\":\"https:\/\/abelfigueiredo.pa.gov.br\/site\/segue-os-compromissos-de-agenda-do-governo-trabalhando-para-o-povo-em-belem-do-para-01-03-2023\/\",\"url\":\"https:\/\/abelfigueiredo.pa.gov.br\/site\/segue-os-compromissos-de-agenda-do-governo-trabalhando-para-o-povo-em-belem-do-para-01-03-2023\/\",\"name\":\"Segue os compromissos de agenda do Governo Trabalhando para o Povo em Bel\u00e9m do Par\u00e1. 01\/03\/2023 - Prefeitura Municipal de Abel Figueiredo | Gest\u00e3o 2025-2028\",\"isPartOf\":{\"@id\":\"https:\/\/abelfigueiredo.pa.gov.br\/site\/#website\"},\"primaryImageOfPage\":{\"@id\":\"https:\/\/abelfigueiredo.pa.gov.br\/site\/segue-os-compromissos-de-agenda-do-governo-trabalhando-para-o-povo-em-belem-do-para-01-03-2023\/#primaryimage\"},\"image\":{\"@id\":\"https:\/\/abelfigueiredo.pa.gov.br\/site\/segue-os-compromissos-de-agenda-do-governo-trabalhando-para-o-povo-em-belem-do-para-01-03-2023\/#primaryimage\"},\"thumbnailUrl\":\"\",\"datePublished\":\"2023-03-01T12:54:22+00:00\",\"author\":{\"@id\":\"https:\/\/abelfigueiredo.pa.gov.br\/site\/#\/schema\/person\/8ad42264973e06f0c04ce0da9b13d6eb\"},\"inLanguage\":\"pt-BR\",\"potentialAction\":[{\"@type\":\"ReadAction\",\"target\":[\"https:\/\/abelfigueiredo.pa.gov.br\/site\/segue-os-compromissos-de-agenda-do-governo-trabalhando-para-o-povo-em-belem-do-para-01-03-2023\/\"]}]},{\"@type\":\"ImageObject\",\"inLanguage\":\"pt-BR\",\"@id\":\"https:\/\/abelfigueiredo.pa.gov.br\/site\/segue-os-compromissos-de-agenda-do-governo-trabalhando-para-o-povo-em-belem-do-para-01-03-2023\/#primaryimage\",\"url\":\"\",\"contentUrl\":\"\"},{\"@type\":\"WebSite\",\"@id\":\"https:\/\/abelfigueiredo.pa.gov.br\/site\/#website\",\"url\":\"https:\/\/abelfigueiredo.pa.gov.br\/site\/\",\"name\":\"Prefeitura Municipal de Abel Figueiredo | Gest\u00e3o 2025-2028\",\"description\":\"Site oficial da Prefeitura Municipal de Abel Figueiredo\",\"potentialAction\":[{\"@type\":\"SearchAction\",\"target\":{\"@type\":\"EntryPoint\",\"urlTemplate\":\"https:\/\/abelfigueiredo.pa.gov.br\/site\/?s={search_term_string}\"},\"query-input\":{\"@type\":\"PropertyValueSpecification\",\"valueRequired\":true,\"valueName\":\"search_term_string\"}}],\"inLanguage\":\"pt-BR\"},{\"@type\":\"Person\",\"@id\":\"https:\/\/abelfigueiredo.pa.gov.br\/site\/#\/schema\/person\/8ad42264973e06f0c04ce0da9b13d6eb\",\"name\":\"cr2-admin7\",\"image\":{\"@type\":\"ImageObject\",\"inLanguage\":\"pt-BR\",\"@id\":\"https:\/\/abelfigueiredo.pa.gov.br\/site\/#\/schema\/person\/image\/\",\"url\":\"https:\/\/secure.gravatar.com\/avatar\/7e0402aa11e91bb8aa8a7c6b64146517a7337d48fdac50e07c495efd61016444?s=96&d=mm&r=g\",\"contentUrl\":\"https:\/\/secure.gravatar.com\/avatar\/7e0402aa11e91bb8aa8a7c6b64146517a7337d48fdac50e07c495efd61016444?s=96&d=mm&r=g\",\"caption\":\"cr2-admin7\"},\"url\":\"https:\/\/abelfigueiredo.pa.gov.br\/site\/author\/cr2-admin7\/\"}]}<\/script>\n<!-- \/ Yoast SEO plugin. -->","yoast_head_json":{"title":"Segue os compromissos de agenda do Governo Trabalhando para o Povo em Bel\u00e9m do Par\u00e1. 01\/03\/2023 - Prefeitura Municipal de Abel Figueiredo | Gest\u00e3o 2025-2028","robots":{"index":"index","follow":"follow","max-snippet":"max-snippet:-1","max-image-preview":"max-image-preview:large","max-video-preview":"max-video-preview:-1"},"canonical":"https:\/\/abelfigueiredo.pa.gov.br\/site\/segue-os-compromissos-de-agenda-do-governo-trabalhando-para-o-povo-em-belem-do-para-01-03-2023\/","og_locale":"pt_BR","og_type":"article","og_title":"Segue os compromissos de agenda do Governo Trabalhando para o Povo em Bel\u00e9m do Par\u00e1. 01\/03\/2023 - Prefeitura Municipal de Abel Figueiredo | Gest\u00e3o 2025-2028","og_description":"#compartilhe E segue os compromissos de agenda do Governo Trabalhando para o Povo, administra\u00e7\u00e3o Prefeito Ant\u00f4nio Calhau vice Evandro da Serraria em Bel\u00e9m do Par\u00e1, com o Secret\u00e1rio Estadual de Agricultura Geovane Queiroz, em seguida uma importante reuni\u00e3o no COEGEMAS relacionamento aos repasses do SUAS e o Programa Qualifica Par\u00e1, depois com o Deputado EstadualVeja mais","og_url":"https:\/\/abelfigueiredo.pa.gov.br\/site\/segue-os-compromissos-de-agenda-do-governo-trabalhando-para-o-povo-em-belem-do-para-01-03-2023\/","og_site_name":"Prefeitura Municipal de Abel Figueiredo | Gest\u00e3o 2025-2028","article_published_time":"2023-03-01T12:54:22+00:00","og_image":[{"url":"https:\/\/abelfigueiredo.pa.gov.br\/wp-content\/uploads\/2023\/03\/educacao-14-2-270x300.png","type":"","width":"","height":""}],"author":"cr2-admin7","twitter_misc":{"Escrito por":"cr2-admin7","Est. tempo de leitura":"1 minuto"},"schema":{"@context":"https:\/\/schema.org","@graph":[{"@type":"WebPage","@id":"https:\/\/abelfigueiredo.pa.gov.br\/site\/segue-os-compromissos-de-agenda-do-governo-trabalhando-para-o-povo-em-belem-do-para-01-03-2023\/","url":"https:\/\/abelfigueiredo.pa.gov.br\/site\/segue-os-compromissos-de-agenda-do-governo-trabalhando-para-o-povo-em-belem-do-para-01-03-2023\/","name":"Segue os compromissos de agenda do Governo Trabalhando para o Povo em Bel\u00e9m do Par\u00e1. 01\/03\/2023 - Prefeitura Municipal de Abel Figueiredo | Gest\u00e3o 2025-2028","isPartOf":{"@id":"https:\/\/abelfigueiredo.pa.gov.br\/site\/#website"},"primaryImageOfPage":{"@id":"https:\/\/abelfigueiredo.pa.gov.br\/site\/segue-os-compromissos-de-agenda-do-governo-trabalhando-para-o-povo-em-belem-do-para-01-03-2023\/#primaryimage"},"image":{"@id":"https:\/\/abelfigueiredo.pa.gov.br\/site\/segue-os-compromissos-de-agenda-do-governo-trabalhando-para-o-povo-em-belem-do-para-01-03-2023\/#primaryimage"},"thumbnailUrl":"","datePublished":"2023-03-01T12:54:22+00:00","author":{"@id":"https:\/\/abelfigueiredo.pa.gov.br\/site\/#\/schema\/person\/8ad42264973e06f0c04ce0da9b13d6eb"},"inLanguage":"pt-BR","potentialAction":[{"@type":"ReadAction","target":["https:\/\/abelfigueiredo.pa.gov.br\/site\/segue-os-compromissos-de-agenda-do-governo-trabalhando-para-o-povo-em-belem-do-para-01-03-2023\/"]}]},{"@type":"ImageObject","inLanguage":"pt-BR","@id":"https:\/\/abelfigueiredo.pa.gov.br\/site\/segue-os-compromissos-de-agenda-do-governo-trabalhando-para-o-povo-em-belem-do-para-01-03-2023\/#primaryimage","url":"","contentUrl":""},{"@type":"WebSite","@id":"https:\/\/abelfigueiredo.pa.gov.br\/site\/#website","url":"https:\/\/abelfigueiredo.pa.gov.br\/site\/","name":"Prefeitura Municipal de Abel Figueiredo | Gest\u00e3o 2025-2028","description":"Site oficial da Prefeitura Municipal de Abel Figueiredo","potentialAction":[{"@type":"SearchAction","target":{"@type":"EntryPoint","urlTemplate":"https:\/\/abelfigueiredo.pa.gov.br\/site\/?s={search_term_string}"},"query-input":{"@type":"PropertyValueSpecification","valueRequired":true,"valueName":"search_term_string"}}],"inLanguage":"pt-BR"},{"@type":"Person","@id":"https:\/\/abelfigueiredo.pa.gov.br\/site\/#\/schema\/person\/8ad42264973e06f0c04ce0da9b13d6eb","name":"cr2-admin7","image":{"@type":"ImageObject","inLanguage":"pt-BR","@id":"https:\/\/abelfigueiredo.pa.gov.br\/site\/#\/schema\/person\/image\/","url":"https:\/\/secure.gravatar.com\/avatar\/7e0402aa11e91bb8aa8a7c6b64146517a7337d48fdac50e07c495efd61016444?s=96&d=mm&r=g","contentUrl":"https:\/\/secure.gravatar.com\/avatar\/7e0402aa11e91bb8aa8a7c6b64146517a7337d48fdac50e07c495efd61016444?s=96&d=mm&r=g","caption":"cr2-admin7"},"url":"https:\/\/abelfigueiredo.pa.gov.br\/site\/author\/cr2-admin7\/"}]}},"_links":{"self":[{"href":"https:\/\/abelfigueiredo.pa.gov.br\/site\/wp-json\/wp\/v2\/posts\/13676","targetHints":{"allow":["GET"]}}],"collection":[{"href":"https:\/\/abelfigueiredo.pa.gov.br\/site\/wp-json\/wp\/v2\/posts"}],"about":[{"href":"https:\/\/abelfigueiredo.pa.gov.br\/site\/wp-json\/wp\/v2\/types\/post"}],"author":[{"embeddable":true,"href":"https:\/\/abelfigueiredo.pa.gov.br\/site\/wp-json\/wp\/v2\/users\/25"}],"replies":[{"embeddable":true,"href":"https:\/\/abelfigueiredo.pa.gov.br\/site\/wp-json\/wp\/v2\/comments?post=13676"}],"version-history":[{"count":0,"href":"https:\/\/abelfigueiredo.pa.gov.br\/site\/wp-json\/wp\/v2\/posts\/13676\/revisions"}],"wp:featuredmedia":[{"embeddable":true,"href":"https:\/\/abelfigueiredo.pa.gov.br\/site\/wp-json\/"}],"wp:attachment":[{"href":"https:\/\/abelfigueiredo.pa.gov.br\/site\/wp-json\/wp\/v2\/media?parent=13676"}],"wp:term":[{"taxonomy":"category","embeddable":true,"href":"https:\/\/abelfigueiredo.pa.gov.br\/site\/wp-json\/wp\/v2\/categories?post=13676"},{"taxonomy":"post_tag","embeddable":true,"href":"https:\/\/abelfigueiredo.pa.gov.br\/site\/wp-json\/wp\/v2\/tags?post=13676"}],"curies":[{"name":"wp","href":"https:\/\/api.w.org\/{rel}","templated":true}]}}