{"id":13614,"date":"2023-03-01T15:45:11","date_gmt":"2023-03-01T18:45:11","guid":{"rendered":"https:\/\/abelfigueiredo.pa.gov.br\/?p=13614"},"modified":"2023-03-01T15:45:11","modified_gmt":"2023-03-01T18:45:11","slug":"marco-lilas-mes-da-conscientizacao-e-combate-ao-cancer-de-colo-de-utero","status":"publish","type":"post","link":"https:\/\/abelfigueiredo.pa.gov.br\/site\/marco-lilas-mes-da-conscientizacao-e-combate-ao-cancer-de-colo-de-utero\/","title":{"rendered":"Mar\u00e7o Lil\u00e1s \u2013 M\u00eas da Conscientiza\u00e7\u00e3o e Combate ao C\u00e2ncer de colo de \u00fatero."},"content":{"rendered":"<div>\n<div class=\"\" dir=\"auto\">\n<div id=\"jsc_c_jf\" class=\"x1iorvi4 x1pi30zi x1swvt13 x1l90r2v\" data-ad-comet-preview=\"message\" data-ad-preview=\"message\">\n<div class=\"x78zum5 xdt5ytf xz62fqu x16ldp7u\">\n<div class=\"xu06os2 x1ok221b\">\n<div class=\"x11i5rnm xat24cr x1mh8g0r x1vvkbs xtlvy1s x126k92a\">\n<div dir=\"auto\"><a class=\"x1i10hfl xjbqb8w x6umtig x1b1mbwd xaqea5y xav7gou x9f619 x1ypdohk xt0psk2 xe8uvvx xdj266r x11i5rnm xat24cr x1mh8g0r xexx8yu x4uap5 x18d9i69 xkhd6sd x16tdsg8 x1hl2dhg xggy1nq x1a2a7pz xt0b8zv x1qq9wsj xo1l8bm\" tabindex=\"0\" role=\"link\" href=\"https:\/\/www.facebook.com\/hashtag\/compartilhe?__eep__=6&amp;__cft__[0]=AZUn4e4qDDezTBLChbjwDTEl990mlLvyfmip2vmmEIwLKrGcuvneNakJCvTQxR2CWr1k1mhbCfDUqdiExFdOBCCNR0NGg1PdOiBKOMdTelr1NK7md3GcP9mqjDUxEXV0qCr4lOj1wpERbwM3Mm1lHl-5oQz3yHLRqIL9b0wC_6WDLyZByomjvYiRA1FDeqxb8ag&amp;__tn__=*NK-R\">#compartilhe<\/a><\/div>\n<\/div>\n<div class=\"x11i5rnm xat24cr x1mh8g0r x1vvkbs xtlvy1s x126k92a\">\n<div dir=\"auto\">O m\u00eas de mar\u00e7o marca um per\u00edodo de aten\u00e7\u00e3o especial \u00e0 sa\u00fade da mulher. A campanha Mar\u00e7o Lil\u00e1s tem como objetivo, conscientizar a popula\u00e7\u00e3o sobre a preven\u00e7\u00e3o e combate ao c\u00e2ncer de colo uterino.<\/div>\n<div dir=\"auto\">O c\u00e2ncer de colo de \u00fatero, excetuando-se o c\u00e2ncer de pele n\u00e3o melanoma, \u00e9 o terceiro tumor maligno mais frequente na popula\u00e7\u00e3o feminina, e a quarta causa de morte de mulheres por c\u00e2ncer no Brasil.<\/div>\n<div dir=\"auto\">A import\u00e2ncia da conscientiza\u00e7\u00e3o sobre este tipo de c\u00e2ncer, \u00e9 que na grande maioria das vezes ele pode ser evitado.<\/div>\n<div dir=\"auto\">A principal forma de preven\u00e7\u00e3o, \u00e9 a vacina contra o HPV (dispon\u00edvel para meninas de 9 a 14 anos e meninos de 11 a 14 anos), podendo prevenir 70% dos c\u00e2nceres de colo do \u00fatero e 90% das verrugas genitais.<\/div>\n<div dir=\"auto\">Outra forma de preven\u00e7\u00e3o est\u00e1 relacionada \u00e0 diminui\u00e7\u00e3o do risco de cont\u00e1gio pelo HPV, que ocorre por via sexual, com o uso de preservativos durante a rela\u00e7\u00e3o sexual.<\/div>\n<div dir=\"auto\">Al\u00e9m disso, o exame preventivo (conhecido como Papanicolau), deve ser feito periodicamente por todas as mulheres ap\u00f3s o in\u00edcio da vida sexual, pois \u00e9 capaz de detectar altera\u00e7\u00f5es pr\u00e9-cancer\u00edgenas precoces, que se tratadas, s\u00e3o curadas na quase totalidade dos casos, n\u00e3o evoluindo para o c\u00e2ncer.<\/div>\n<\/div>\n<div class=\"x11i5rnm xat24cr x1mh8g0r x1vvkbs xtlvy1s x126k92a\">\n<div dir=\"auto\">Previna-se! A preven\u00e7\u00e3o \u00e9 um gesto de amor \u00e0 vida.<\/div>\n<\/div>\n<div class=\"x11i5rnm xat24cr x1mh8g0r x1vvkbs xtlvy1s x126k92a\">\n<div dir=\"auto\"><a class=\"x1i10hfl xjbqb8w x6umtig x1b1mbwd xaqea5y xav7gou x9f619 x1ypdohk xt0psk2 xe8uvvx xdj266r x11i5rnm xat24cr x1mh8g0r xexx8yu x4uap5 x18d9i69 xkhd6sd x16tdsg8 x1hl2dhg xggy1nq x1a2a7pz xt0b8zv x1qq9wsj xo1l8bm\" tabindex=\"0\" role=\"link\" href=\"https:\/\/www.facebook.com\/hashtag\/prefeituradeabel?__eep__=6&amp;__cft__[0]=AZUn4e4qDDezTBLChbjwDTEl990mlLvyfmip2vmmEIwLKrGcuvneNakJCvTQxR2CWr1k1mhbCfDUqdiExFdOBCCNR0NGg1PdOiBKOMdTelr1NK7md3GcP9mqjDUxEXV0qCr4lOj1wpERbwM3Mm1lHl-5oQz3yHLRqIL9b0wC_6WDLyZByomjvYiRA1FDeqxb8ag&amp;__tn__=*NK-R\">#prefeituradeabel<\/a><\/div>\n<div dir=\"auto\"><a class=\"x1i10hfl xjbqb8w x6umtig x1b1mbwd xaqea5y xav7gou x9f619 x1ypdohk xt0psk2 xe8uvvx xdj266r x11i5rnm xat24cr x1mh8g0r xexx8yu x4uap5 x18d9i69 xkhd6sd x16tdsg8 x1hl2dhg xggy1nq x1a2a7pz xt0b8zv x1qq9wsj xo1l8bm\" tabindex=\"0\" role=\"link\" href=\"https:\/\/www.facebook.com\/hashtag\/secdesaude?__eep__=6&amp;__cft__[0]=AZUn4e4qDDezTBLChbjwDTEl990mlLvyfmip2vmmEIwLKrGcuvneNakJCvTQxR2CWr1k1mhbCfDUqdiExFdOBCCNR0NGg1PdOiBKOMdTelr1NK7md3GcP9mqjDUxEXV0qCr4lOj1wpERbwM3Mm1lHl-5oQz3yHLRqIL9b0wC_6WDLyZByomjvYiRA1FDeqxb8ag&amp;__tn__=*NK-R\">#secdesaude<\/a><\/div>\n<div dir=\"auto\"><a class=\"x1i10hfl xjbqb8w x6umtig x1b1mbwd xaqea5y xav7gou x9f619 x1ypdohk xt0psk2 xe8uvvx xdj266r x11i5rnm xat24cr x1mh8g0r xexx8yu x4uap5 x18d9i69 xkhd6sd x16tdsg8 x1hl2dhg xggy1nq x1a2a7pz xt0b8zv x1qq9wsj xo1l8bm\" tabindex=\"0\" role=\"link\" href=\"https:\/\/www.facebook.com\/hashtag\/trabalhandoparaopovo?__eep__=6&amp;__cft__[0]=AZUn4e4qDDezTBLChbjwDTEl990mlLvyfmip2vmmEIwLKrGcuvneNakJCvTQxR2CWr1k1mhbCfDUqdiExFdOBCCNR0NGg1PdOiBKOMdTelr1NK7md3GcP9mqjDUxEXV0qCr4lOj1wpERbwM3Mm1lHl-5oQz3yHLRqIL9b0wC_6WDLyZByomjvYiRA1FDeqxb8ag&amp;__tn__=*NK-R\">#trabalhandoparaopovo<\/a><\/div>\n<\/div>\n<\/div>\n<\/div>\n<\/div>\n<\/div>\n<div id=\"jsc_c_jg\" class=\"x1n2onr6\">\n<div class=\"x1n2onr6\">\n<div class=\"x6s0dn4 x78zum5 xdt5ytf x6ikm8r x10wlt62 x1n2onr6 xh8yej3 x1jx94hy\">\n<div>\n<div class=\"xqtp20y x6ikm8r x10wlt62 x1n2onr6\">\n<div class=\"x10l6tqk x13vifvy\"><img loading=\"lazy\" decoding=\"async\" class=\"x1ey2m1c xds687c x5yr21d x10l6tqk x17qophe x13vifvy xh8yej3 xl1xv1r\" src=\"https:\/\/scontent.fmab1-1.fna.fbcdn.net\/v\/t39.30808-6\/334662621_1368111313976060_1705859305996753166_n.jpg?stp=dst-jpg_p843x403&amp;_nc_cat=111&amp;ccb=1-7&amp;_nc_sid=8bfeb9&amp;_nc_eui2=AeGpPjnJZmoWJHAYq9CNIXB6i_Ibbf2aJpeL8htt_Zoml-sqeZh_adltmW_HgyRDIjaUAf49wOF2jdrm0ZIlUOl-&amp;_nc_ohc=6W84wM_1z5sAX-hlJpA&amp;tn=Z-u2Mur4ypDc_JHu&amp;_nc_ht=scontent.fmab1-1.fna&amp;oh=00_AfCB9RsGUBf3dHqYueAjdhltOu66XyqdxrcPaSd-3kgjAA&amp;oe=6404B4F6\" alt=\"Pode ser uma imagem de 1 pessoa, crian\u00e7a e texto que diz &quot;65\u0ba48A MAR\u00c7O Veeus &quot; 0 M\u00caS DE MAR\u00c7O MARCA UM PER\u00cdODO DE ATEN\u00c7\u00c3O ESPECIAL \u00c0 SA\u00daDE DA MULHER. M\u00caS DE COMBATE AO C\u00c2NCER DE COLO DE \u00daTERO ABEL FIGUEIREDO w SECRETARIA SA\u00daDE SUS GOVERNO FEDERAL DO PARA FONTE: ASSESSORIA ECOMUNICA\u00c7\u00c3O UNI\u00c3O RECONSTRU\u00c7\u00c3O&quot;\" width=\"843\" height=\"843\" \/><\/div>\n<\/div>\n<\/div>\n<\/div>\n<div class=\"xua58t2 xzg4506 x1ey2m1c xds687c x47corl x10l6tqk x17qophe x13vifvy\"><\/div>\n<div class=\"x1o1ewxj x3x9cwd x1e5q0jg x13rtm0m x1ey2m1c xds687c xg01cxk x47corl x10l6tqk x17qophe x13vifvy x1ebt8du x19991ni x1dhq9h\" data-visualcompletion=\"ignore\"><\/div>\n<\/div>\n<div class=\"x6ikm8r x10wlt62\" aria-hidden=\"false\"><\/div>\n<\/div>\n<\/div>\n<div>\n<div class=\"x168nmei x13lgxp2 x30kzoy x9jhf4c x6ikm8r x10wlt62\" data-visualcompletion=\"ignore-dynamic\">\n<div>\n<div>\n<div>\n<div class=\"x1n2onr6\">\n<div class=\"x6s0dn4 xi81zsa x78zum5 x6prxxf x13a6bvl xvq8zen xdj266r xktsk01 xat24cr x1d52u69 x889kno x4uap5 x1a8lsjc xkhd6sd xdppsyt\">\n<div class=\"x6s0dn4 x78zum5 x1iyjqo2 x6ikm8r x10wlt62\">\n<div class=\"x1i10hfl x1qjc9v5 xjbqb8w xjqpnuy xa49m3k xqeqjp1 x2hbi6w x13fuv20 xu3j5b3 x1q0q8m5 x26u7qi x972fbf xcfux6l x1qhh985 xm0m39n x9f619 x1ypdohk xdl72j9 x2lah0s xe8uvvx xdj266r x11i5rnm xat24cr x1mh8g0r x2lwn1j xeuugli xexx8yu x4uap5 x18d9i69 xkhd6sd x1n2onr6 x16tdsg8 x1hl2dhg xggy1nq x1ja2u2z x1t137rt x1o1ewxj x3x9cwd x1e5q0jg x13rtm0m x3nfvp2 x1q0g3np x87ps6o x1lku1pv x1a2a7pz\" tabindex=\"0\" role=\"button\" aria-label=\"Curtir: 4 pessoas\"><\/div>\n<\/div>\n<div class=\"x1c4vz4f x2lah0s xci0xqf\"><\/div>\n<div class=\"x9f619 x1n2onr6 x1ja2u2z x78zum5 x2lah0s x1qughib x1qjc9v5 xozqiw3 x1q0g3np xykv574 xbmpl8g x4cne27 xifccgj\"><\/div>\n<\/div>\n<\/div>\n<\/div>\n<\/div>\n<\/div>\n<\/div>\n<\/div>\n","protected":false},"excerpt":{"rendered":"<p>#compartilhe O m\u00eas de mar\u00e7o marca um per\u00edodo de aten\u00e7\u00e3o especial \u00e0 sa\u00fade da mulher. A campanha Mar\u00e7o Lil\u00e1s tem como objetivo, conscientizar a popula\u00e7\u00e3o sobre a preven\u00e7\u00e3o e combate ao c\u00e2ncer de colo uterino. O c\u00e2ncer de colo de \u00fatero, excetuando-se o c\u00e2ncer de pele n\u00e3o melanoma, \u00e9 o terceiro tumor maligno mais frequente<\/p>\n<div class=\"read-more\"><a href=\"https:\/\/abelfigueiredo.pa.gov.br\/site\/marco-lilas-mes-da-conscientizacao-e-combate-ao-cancer-de-colo-de-utero\/\" title=\"Veja mais\">Veja mais<\/a><\/div>\n","protected":false},"author":25,"featured_media":13615,"comment_status":"closed","ping_status":"closed","sticky":false,"template":"","format":"standard","meta":{"footnotes":""},"categories":[1],"tags":[],"class_list":{"0":"post-13614","1":"post","2":"type-post","3":"status-publish","4":"format-standard","5":"has-post-thumbnail","7":"category-noticias"},"yoast_head":"<!-- This site is optimized with the Yoast SEO plugin v26.6 - https:\/\/yoast.com\/wordpress\/plugins\/seo\/ -->\n<title>Mar\u00e7o Lil\u00e1s \u2013 M\u00eas da Conscientiza\u00e7\u00e3o e Combate ao C\u00e2ncer de colo de \u00fatero. - Prefeitura Municipal de Abel Figueiredo | Gest\u00e3o 2025-2028<\/title>\n<meta name=\"robots\" content=\"index, follow, max-snippet:-1, max-image-preview:large, max-video-preview:-1\" \/>\n<link rel=\"canonical\" href=\"https:\/\/abelfigueiredo.pa.gov.br\/site\/marco-lilas-mes-da-conscientizacao-e-combate-ao-cancer-de-colo-de-utero\/\" \/>\n<meta property=\"og:locale\" content=\"pt_BR\" \/>\n<meta property=\"og:type\" content=\"article\" \/>\n<meta property=\"og:title\" content=\"Mar\u00e7o Lil\u00e1s \u2013 M\u00eas da Conscientiza\u00e7\u00e3o e Combate ao C\u00e2ncer de colo de \u00fatero. - Prefeitura Municipal de Abel Figueiredo | Gest\u00e3o 2025-2028\" \/>\n<meta property=\"og:description\" content=\"#compartilhe O m\u00eas de mar\u00e7o marca um per\u00edodo de aten\u00e7\u00e3o especial \u00e0 sa\u00fade da mulher. A campanha Mar\u00e7o Lil\u00e1s tem como objetivo, conscientizar a popula\u00e7\u00e3o sobre a preven\u00e7\u00e3o e combate ao c\u00e2ncer de colo uterino. O c\u00e2ncer de colo de \u00fatero, excetuando-se o c\u00e2ncer de pele n\u00e3o melanoma, \u00e9 o terceiro tumor maligno mais frequenteVeja mais\" \/>\n<meta property=\"og:url\" content=\"https:\/\/abelfigueiredo.pa.gov.br\/site\/marco-lilas-mes-da-conscientizacao-e-combate-ao-cancer-de-colo-de-utero\/\" \/>\n<meta property=\"og:site_name\" content=\"Prefeitura Municipal de Abel Figueiredo | Gest\u00e3o 2025-2028\" \/>\n<meta property=\"article:published_time\" content=\"2023-03-01T18:45:11+00:00\" \/>\n<meta property=\"og:image\" content=\"https:\/\/scontent.fmab1-1.fna.fbcdn.net\/v\/t39.30808-6\/334662621_1368111313976060_1705859305996753166_n.jpg?stp=dst-jpg_p843x403&amp;_nc_cat=111&amp;ccb=1-7&amp;_nc_sid=8bfeb9&amp;_nc_eui2=AeGpPjnJZmoWJHAYq9CNIXB6i_Ibbf2aJpeL8htt_Zoml-sqeZh_adltmW_HgyRDIjaUAf49wOF2jdrm0ZIlUOl-&amp;_nc_ohc=6W84wM_1z5sAX-hlJpA&amp;tn=Z-u2Mur4ypDc_JHu&amp;_nc_ht=scontent.fmab1-1.fna&amp;oh=00_AfCB9RsGUBf3dHqYueAjdhltOu66XyqdxrcPaSd-3kgjAA&amp;oe=6404B4F6\" \/>\n<meta name=\"author\" content=\"cr2-admin7\" \/>\n<meta name=\"twitter:label1\" content=\"Escrito por\" \/>\n\t<meta name=\"twitter:data1\" content=\"cr2-admin7\" \/>\n\t<meta name=\"twitter:label2\" content=\"Est. tempo de leitura\" \/>\n\t<meta name=\"twitter:data2\" content=\"1 minuto\" \/>\n<script type=\"application\/ld+json\" class=\"yoast-schema-graph\">{\"@context\":\"https:\/\/schema.org\",\"@graph\":[{\"@type\":\"WebPage\",\"@id\":\"https:\/\/abelfigueiredo.pa.gov.br\/site\/marco-lilas-mes-da-conscientizacao-e-combate-ao-cancer-de-colo-de-utero\/\",\"url\":\"https:\/\/abelfigueiredo.pa.gov.br\/site\/marco-lilas-mes-da-conscientizacao-e-combate-ao-cancer-de-colo-de-utero\/\",\"name\":\"Mar\u00e7o Lil\u00e1s \u2013 M\u00eas da Conscientiza\u00e7\u00e3o e Combate ao C\u00e2ncer de colo de \u00fatero. - Prefeitura Municipal de Abel Figueiredo | Gest\u00e3o 2025-2028\",\"isPartOf\":{\"@id\":\"https:\/\/abelfigueiredo.pa.gov.br\/site\/#website\"},\"primaryImageOfPage\":{\"@id\":\"https:\/\/abelfigueiredo.pa.gov.br\/site\/marco-lilas-mes-da-conscientizacao-e-combate-ao-cancer-de-colo-de-utero\/#primaryimage\"},\"image\":{\"@id\":\"https:\/\/abelfigueiredo.pa.gov.br\/site\/marco-lilas-mes-da-conscientizacao-e-combate-ao-cancer-de-colo-de-utero\/#primaryimage\"},\"thumbnailUrl\":\"\",\"datePublished\":\"2023-03-01T18:45:11+00:00\",\"author\":{\"@id\":\"https:\/\/abelfigueiredo.pa.gov.br\/site\/#\/schema\/person\/8ad42264973e06f0c04ce0da9b13d6eb\"},\"inLanguage\":\"pt-BR\",\"potentialAction\":[{\"@type\":\"ReadAction\",\"target\":[\"https:\/\/abelfigueiredo.pa.gov.br\/site\/marco-lilas-mes-da-conscientizacao-e-combate-ao-cancer-de-colo-de-utero\/\"]}]},{\"@type\":\"ImageObject\",\"inLanguage\":\"pt-BR\",\"@id\":\"https:\/\/abelfigueiredo.pa.gov.br\/site\/marco-lilas-mes-da-conscientizacao-e-combate-ao-cancer-de-colo-de-utero\/#primaryimage\",\"url\":\"\",\"contentUrl\":\"\"},{\"@type\":\"WebSite\",\"@id\":\"https:\/\/abelfigueiredo.pa.gov.br\/site\/#website\",\"url\":\"https:\/\/abelfigueiredo.pa.gov.br\/site\/\",\"name\":\"Prefeitura Municipal de Abel Figueiredo | Gest\u00e3o 2025-2028\",\"description\":\"Site oficial da Prefeitura Municipal de Abel Figueiredo\",\"potentialAction\":[{\"@type\":\"SearchAction\",\"target\":{\"@type\":\"EntryPoint\",\"urlTemplate\":\"https:\/\/abelfigueiredo.pa.gov.br\/site\/?s={search_term_string}\"},\"query-input\":{\"@type\":\"PropertyValueSpecification\",\"valueRequired\":true,\"valueName\":\"search_term_string\"}}],\"inLanguage\":\"pt-BR\"},{\"@type\":\"Person\",\"@id\":\"https:\/\/abelfigueiredo.pa.gov.br\/site\/#\/schema\/person\/8ad42264973e06f0c04ce0da9b13d6eb\",\"name\":\"cr2-admin7\",\"image\":{\"@type\":\"ImageObject\",\"inLanguage\":\"pt-BR\",\"@id\":\"https:\/\/abelfigueiredo.pa.gov.br\/site\/#\/schema\/person\/image\/\",\"url\":\"https:\/\/secure.gravatar.com\/avatar\/7e0402aa11e91bb8aa8a7c6b64146517a7337d48fdac50e07c495efd61016444?s=96&d=mm&r=g\",\"contentUrl\":\"https:\/\/secure.gravatar.com\/avatar\/7e0402aa11e91bb8aa8a7c6b64146517a7337d48fdac50e07c495efd61016444?s=96&d=mm&r=g\",\"caption\":\"cr2-admin7\"},\"url\":\"https:\/\/abelfigueiredo.pa.gov.br\/site\/author\/cr2-admin7\/\"}]}<\/script>\n<!-- \/ Yoast SEO plugin. -->","yoast_head_json":{"title":"Mar\u00e7o Lil\u00e1s \u2013 M\u00eas da Conscientiza\u00e7\u00e3o e Combate ao C\u00e2ncer de colo de \u00fatero. - Prefeitura Municipal de Abel Figueiredo | Gest\u00e3o 2025-2028","robots":{"index":"index","follow":"follow","max-snippet":"max-snippet:-1","max-image-preview":"max-image-preview:large","max-video-preview":"max-video-preview:-1"},"canonical":"https:\/\/abelfigueiredo.pa.gov.br\/site\/marco-lilas-mes-da-conscientizacao-e-combate-ao-cancer-de-colo-de-utero\/","og_locale":"pt_BR","og_type":"article","og_title":"Mar\u00e7o Lil\u00e1s \u2013 M\u00eas da Conscientiza\u00e7\u00e3o e Combate ao C\u00e2ncer de colo de \u00fatero. - Prefeitura Municipal de Abel Figueiredo | Gest\u00e3o 2025-2028","og_description":"#compartilhe O m\u00eas de mar\u00e7o marca um per\u00edodo de aten\u00e7\u00e3o especial \u00e0 sa\u00fade da mulher. A campanha Mar\u00e7o Lil\u00e1s tem como objetivo, conscientizar a popula\u00e7\u00e3o sobre a preven\u00e7\u00e3o e combate ao c\u00e2ncer de colo uterino. O c\u00e2ncer de colo de \u00fatero, excetuando-se o c\u00e2ncer de pele n\u00e3o melanoma, \u00e9 o terceiro tumor maligno mais frequenteVeja mais","og_url":"https:\/\/abelfigueiredo.pa.gov.br\/site\/marco-lilas-mes-da-conscientizacao-e-combate-ao-cancer-de-colo-de-utero\/","og_site_name":"Prefeitura Municipal de Abel Figueiredo | Gest\u00e3o 2025-2028","article_published_time":"2023-03-01T18:45:11+00:00","og_image":[{"url":"https:\/\/scontent.fmab1-1.fna.fbcdn.net\/v\/t39.30808-6\/334662621_1368111313976060_1705859305996753166_n.jpg?stp=dst-jpg_p843x403&amp;_nc_cat=111&amp;ccb=1-7&amp;_nc_sid=8bfeb9&amp;_nc_eui2=AeGpPjnJZmoWJHAYq9CNIXB6i_Ibbf2aJpeL8htt_Zoml-sqeZh_adltmW_HgyRDIjaUAf49wOF2jdrm0ZIlUOl-&amp;_nc_ohc=6W84wM_1z5sAX-hlJpA&amp;tn=Z-u2Mur4ypDc_JHu&amp;_nc_ht=scontent.fmab1-1.fna&amp;oh=00_AfCB9RsGUBf3dHqYueAjdhltOu66XyqdxrcPaSd-3kgjAA&amp;oe=6404B4F6","type":"","width":"","height":""}],"author":"cr2-admin7","twitter_misc":{"Escrito por":"cr2-admin7","Est. tempo de leitura":"1 minuto"},"schema":{"@context":"https:\/\/schema.org","@graph":[{"@type":"WebPage","@id":"https:\/\/abelfigueiredo.pa.gov.br\/site\/marco-lilas-mes-da-conscientizacao-e-combate-ao-cancer-de-colo-de-utero\/","url":"https:\/\/abelfigueiredo.pa.gov.br\/site\/marco-lilas-mes-da-conscientizacao-e-combate-ao-cancer-de-colo-de-utero\/","name":"Mar\u00e7o Lil\u00e1s \u2013 M\u00eas da Conscientiza\u00e7\u00e3o e Combate ao C\u00e2ncer de colo de \u00fatero. - Prefeitura Municipal de Abel Figueiredo | Gest\u00e3o 2025-2028","isPartOf":{"@id":"https:\/\/abelfigueiredo.pa.gov.br\/site\/#website"},"primaryImageOfPage":{"@id":"https:\/\/abelfigueiredo.pa.gov.br\/site\/marco-lilas-mes-da-conscientizacao-e-combate-ao-cancer-de-colo-de-utero\/#primaryimage"},"image":{"@id":"https:\/\/abelfigueiredo.pa.gov.br\/site\/marco-lilas-mes-da-conscientizacao-e-combate-ao-cancer-de-colo-de-utero\/#primaryimage"},"thumbnailUrl":"","datePublished":"2023-03-01T18:45:11+00:00","author":{"@id":"https:\/\/abelfigueiredo.pa.gov.br\/site\/#\/schema\/person\/8ad42264973e06f0c04ce0da9b13d6eb"},"inLanguage":"pt-BR","potentialAction":[{"@type":"ReadAction","target":["https:\/\/abelfigueiredo.pa.gov.br\/site\/marco-lilas-mes-da-conscientizacao-e-combate-ao-cancer-de-colo-de-utero\/"]}]},{"@type":"ImageObject","inLanguage":"pt-BR","@id":"https:\/\/abelfigueiredo.pa.gov.br\/site\/marco-lilas-mes-da-conscientizacao-e-combate-ao-cancer-de-colo-de-utero\/#primaryimage","url":"","contentUrl":""},{"@type":"WebSite","@id":"https:\/\/abelfigueiredo.pa.gov.br\/site\/#website","url":"https:\/\/abelfigueiredo.pa.gov.br\/site\/","name":"Prefeitura Municipal de Abel Figueiredo | Gest\u00e3o 2025-2028","description":"Site oficial da Prefeitura Municipal de Abel Figueiredo","potentialAction":[{"@type":"SearchAction","target":{"@type":"EntryPoint","urlTemplate":"https:\/\/abelfigueiredo.pa.gov.br\/site\/?s={search_term_string}"},"query-input":{"@type":"PropertyValueSpecification","valueRequired":true,"valueName":"search_term_string"}}],"inLanguage":"pt-BR"},{"@type":"Person","@id":"https:\/\/abelfigueiredo.pa.gov.br\/site\/#\/schema\/person\/8ad42264973e06f0c04ce0da9b13d6eb","name":"cr2-admin7","image":{"@type":"ImageObject","inLanguage":"pt-BR","@id":"https:\/\/abelfigueiredo.pa.gov.br\/site\/#\/schema\/person\/image\/","url":"https:\/\/secure.gravatar.com\/avatar\/7e0402aa11e91bb8aa8a7c6b64146517a7337d48fdac50e07c495efd61016444?s=96&d=mm&r=g","contentUrl":"https:\/\/secure.gravatar.com\/avatar\/7e0402aa11e91bb8aa8a7c6b64146517a7337d48fdac50e07c495efd61016444?s=96&d=mm&r=g","caption":"cr2-admin7"},"url":"https:\/\/abelfigueiredo.pa.gov.br\/site\/author\/cr2-admin7\/"}]}},"_links":{"self":[{"href":"https:\/\/abelfigueiredo.pa.gov.br\/site\/wp-json\/wp\/v2\/posts\/13614","targetHints":{"allow":["GET"]}}],"collection":[{"href":"https:\/\/abelfigueiredo.pa.gov.br\/site\/wp-json\/wp\/v2\/posts"}],"about":[{"href":"https:\/\/abelfigueiredo.pa.gov.br\/site\/wp-json\/wp\/v2\/types\/post"}],"author":[{"embeddable":true,"href":"https:\/\/abelfigueiredo.pa.gov.br\/site\/wp-json\/wp\/v2\/users\/25"}],"replies":[{"embeddable":true,"href":"https:\/\/abelfigueiredo.pa.gov.br\/site\/wp-json\/wp\/v2\/comments?post=13614"}],"version-history":[{"count":0,"href":"https:\/\/abelfigueiredo.pa.gov.br\/site\/wp-json\/wp\/v2\/posts\/13614\/revisions"}],"wp:featuredmedia":[{"embeddable":true,"href":"https:\/\/abelfigueiredo.pa.gov.br\/site\/wp-json\/"}],"wp:attachment":[{"href":"https:\/\/abelfigueiredo.pa.gov.br\/site\/wp-json\/wp\/v2\/media?parent=13614"}],"wp:term":[{"taxonomy":"category","embeddable":true,"href":"https:\/\/abelfigueiredo.pa.gov.br\/site\/wp-json\/wp\/v2\/categories?post=13614"},{"taxonomy":"post_tag","embeddable":true,"href":"https:\/\/abelfigueiredo.pa.gov.br\/site\/wp-json\/wp\/v2\/tags?post=13614"}],"curies":[{"name":"wp","href":"https:\/\/api.w.org\/{rel}","templated":true}]}}