{"id":13611,"date":"2023-02-28T15:40:38","date_gmt":"2023-02-28T18:40:38","guid":{"rendered":"https:\/\/abelfigueiredo.pa.gov.br\/?p=13611"},"modified":"2023-02-28T15:40:38","modified_gmt":"2023-02-28T18:40:38","slug":"em-busca-de-recursos-para-a-cultura-e-o-esporte-na-capital-do-estado","status":"publish","type":"post","link":"https:\/\/abelfigueiredo.pa.gov.br\/site\/em-busca-de-recursos-para-a-cultura-e-o-esporte-na-capital-do-estado\/","title":{"rendered":"Em busca de Recursos para a Cultura e o Esporte na Capital do Estado."},"content":{"rendered":"<div>\n<div class=\"\" dir=\"auto\">\n<div id=\"jsc_c_jw\" class=\"x1iorvi4 x1pi30zi x1swvt13 x1l90r2v\" data-ad-comet-preview=\"message\" data-ad-preview=\"message\">\n<div class=\"x78zum5 xdt5ytf xz62fqu x16ldp7u\">\n<div class=\"xu06os2 x1ok221b\">\n<div class=\"x11i5rnm xat24cr x1mh8g0r x1vvkbs xtlvy1s x126k92a\">\n<div dir=\"auto\"><a class=\"x1i10hfl xjbqb8w x6umtig x1b1mbwd xaqea5y xav7gou x9f619 x1ypdohk xt0psk2 xe8uvvx xdj266r x11i5rnm xat24cr x1mh8g0r xexx8yu x4uap5 x18d9i69 xkhd6sd x16tdsg8 x1hl2dhg xggy1nq x1a2a7pz xt0b8zv x1qq9wsj xo1l8bm\" tabindex=\"0\" role=\"link\" href=\"https:\/\/www.facebook.com\/hashtag\/compartilhe?__eep__=6&amp;__cft__[0]=AZWIqf2zPGRIPYW8tLrcNxUpacQEqfXRsZqquShWA4FRpnIxLtQbvzW-EPuLmEbEuNi-ZNdSk2xBFZd4lqEsz81r6TIByhe9HB06mbyR0kYrrK2Hst1DK_VAM0yE9lGJ5qpP3vz7lDSNU8VWe4CZt4dgspkqRsc3hk-FJ1r0T05PCHiSkl-ZqmdMkn26Y47h1qY&amp;__tn__=*NK-R\">#compartilhe<\/a><\/div>\n<\/div>\n<div class=\"x11i5rnm xat24cr x1mh8g0r x1vvkbs xtlvy1s x126k92a\">\n<div dir=\"auto\">Cumprindo agenda de trabalho em Bel\u00e9m do Par\u00e1 o vice prefeito Evandro da Serraria acompanhado da Secret\u00e1ria Municipal de Cultura Desporto Lazer e Turismo Niramar Furlan, estiveram reunidos com Deputado Estadual F\u00e1bio Figueiras e o ex Deputado Federal C\u00e1ssio Andrade atual Secret\u00e1rio de Esportes do Estado do Par\u00e1 nesta ter\u00e7a-feira 28 de fevereiro, em busca de recursos para fomentar a Cultura e \u2026<\/p>\n<div class=\"x1i10hfl xjbqb8w x6umtig x1b1mbwd xaqea5y xav7gou x9f619 x1ypdohk xt0psk2 xe8uvvx xdj266r x11i5rnm xat24cr x1mh8g0r xexx8yu x4uap5 x18d9i69 xkhd6sd x16tdsg8 x1hl2dhg xggy1nq x1a2a7pz xt0b8zv xzsf02u x1s688f\" tabindex=\"0\" role=\"button\">Ver mais<\/div>\n<\/div>\n<\/div>\n<\/div>\n<\/div>\n<\/div>\n<\/div>\n<div id=\"jsc_c_jx\" class=\"x1n2onr6\">\n<div class=\"x1n2onr6\">\n<div>\n<div class=\"x1n2onr6\">\n<div class=\"x1n2onr6\">\n<div class=\"x6ikm8r x10wlt62 x10l6tqk\">\n<div class=\"x6ikm8r x10wlt62\">\n<div class=\"xqtp20y x6ikm8r x10wlt62 x1n2onr6\">\n<div class=\"x10l6tqk x13vifvy\"><img decoding=\"async\" class=\"x1ey2m1c xds687c x5yr21d x10l6tqk x17qophe x13vifvy xh8yej3\" src=\"https:\/\/scontent.fmab1-1.fna.fbcdn.net\/v\/t39.30808-6\/334073492_552545693520131_5278816342805619587_n.jpg?stp=dst-jpg_p843x403&amp;_nc_cat=106&amp;ccb=1-7&amp;_nc_sid=8bfeb9&amp;_nc_eui2=AeH69Fmr9Z6EB4i-tNOWaNo-AtzPTcpan2gC3M9NylqfaGTp2_TYNgW4R9NIK-wv7D5hYmtjRmW5Vu_YxCxdjb8o&amp;_nc_ohc=6FHUQs-wjKsAX_Z9Mpc&amp;_nc_ht=scontent.fmab1-1.fna&amp;oh=00_AfBKy1YhgnvPreXrmtYvvFQJ-iii0_3RrDyE5CApxqMBhg&amp;oe=64042A14\" alt=\"\" \/><\/div>\n<\/div>\n<div class=\"xua58t2 xzg4506 x1ey2m1c x9f619 xds687c x47corl x10l6tqk x17qophe x13vifvy\"><\/div>\n<\/div>\n<div class=\"x1o1ewxj x3x9cwd x1e5q0jg x13rtm0m x1ey2m1c xds687c xg01cxk x47corl x10l6tqk x17qophe x13vifvy x1ebt8du x19991ni x1dhq9h\" data-visualcompletion=\"ignore\"><\/div>\n<\/div>\n<div class=\"x6ikm8r x10wlt62 x10l6tqk\">\n<div class=\"x6ikm8r x10wlt62\">\n<div class=\"xqtp20y x6ikm8r x10wlt62 x1n2onr6\">\n<div class=\"x10l6tqk x13vifvy\"><img decoding=\"async\" class=\"x1ey2m1c xds687c x5yr21d x10l6tqk x17qophe x13vifvy xh8yej3\" src=\"https:\/\/scontent.fmab1-1.fna.fbcdn.net\/v\/t39.30808-6\/334067782_1521734971931539_8193903933158642977_n.jpg?stp=dst-jpg_p843x403&amp;_nc_cat=108&amp;ccb=1-7&amp;_nc_sid=8bfeb9&amp;_nc_eui2=AeE3hA-Bc-yLGkQwYfTKgOV0htnS8Igdl3GG2dLwiB2XcQM5MGpccYqgaq8bkUFwiSZlG72Ej0W_C-W8i2fPZ5rC&amp;_nc_ohc=nkVrxz_rAE8AX-2geqi&amp;_nc_ht=scontent.fmab1-1.fna&amp;oh=00_AfBxRoNu89jZlDACPUqD3cL-kzMGPncZFCKwnrQfM3sCqg&amp;oe=6403A0B9\" alt=\"\" \/><\/div>\n<\/div>\n<div class=\"xua58t2 xzg4506 x1ey2m1c x9f619 xds687c x47corl x10l6tqk x17qophe x13vifvy\"><\/div>\n<\/div>\n<div class=\"x1o1ewxj x3x9cwd x1e5q0jg x13rtm0m x1ey2m1c xds687c xg01cxk x47corl x10l6tqk x17qophe x13vifvy x1ebt8du x19991ni x1dhq9h\" data-visualcompletion=\"ignore\"><\/div>\n<\/div>\n<div class=\"x6ikm8r x10wlt62 x10l6tqk\">\n<div class=\"x6ikm8r x10wlt62\">\n<div class=\"xqtp20y x6ikm8r x10wlt62 x1n2onr6\">\n<div class=\"x10l6tqk x13vifvy\"><img decoding=\"async\" class=\"x1ey2m1c xds687c x5yr21d x10l6tqk x17qophe x13vifvy xh8yej3\" src=\"https:\/\/scontent.fmab1-1.fna.fbcdn.net\/v\/t39.30808-6\/333436484_222106347047412_7654316129913742981_n.jpg?_nc_cat=111&amp;ccb=1-7&amp;_nc_sid=8bfeb9&amp;_nc_eui2=AeEsHSRYXuQ4gqimcdV_Vsqdn8hQDwIc53CfyFAPAhzncCAlUxeyP4y6IAvKOzpA8YOTlDuBvnsxHARinQd6cyl6&amp;_nc_ohc=kiZpWpt__3gAX8l3ZCH&amp;_nc_ht=scontent.fmab1-1.fna&amp;oh=00_AfDxvKRX30a_q70VVCdY37RIlfuhmIMu5e0IGZHjk25XPw&amp;oe=64046E88\" alt=\"\" \/><\/div>\n<\/div>\n<div class=\"xua58t2 xzg4506 x1ey2m1c x9f619 xds687c x47corl x10l6tqk x17qophe x13vifvy\"><\/div>\n<\/div>\n<div class=\"x1o1ewxj x3x9cwd x1e5q0jg x13rtm0m x1ey2m1c xds687c xg01cxk x47corl x10l6tqk x17qophe x13vifvy x1ebt8du x19991ni x1dhq9h\" data-visualcompletion=\"ignore\"><\/div>\n<\/div>\n<div class=\"x6ikm8r x10wlt62 x10l6tqk\">\n<div class=\"x6ikm8r x10wlt62\">\n<div class=\"xqtp20y x6ikm8r x10wlt62 x1n2onr6\">\n<div class=\"x10l6tqk x13vifvy\"><img decoding=\"async\" class=\"x1ey2m1c xds687c x5yr21d x10l6tqk x17qophe x13vifvy xh8yej3\" src=\"https:\/\/scontent.fmab1-1.fna.fbcdn.net\/v\/t39.30808-6\/333216591_535368598729856_888780614759830117_n.jpg?stp=dst-jpg_p843x403&amp;_nc_cat=107&amp;ccb=1-7&amp;_nc_sid=8bfeb9&amp;_nc_eui2=AeHGuN7hYdOhQ6SPxb2eW87_UD-ZJTSUD2JQP5klNJQPYkOEyzt1RySBaq3MTlX_o34i3H0rBMr7WEzC6ihYBaq1&amp;_nc_ohc=mtggGCcRcxYAX8bQvjG&amp;_nc_ht=scontent.fmab1-1.fna&amp;oh=00_AfDyS0qtKPmAxvh6Zv5Lh4G2pBZ-UMxriEALf1vL47Mn2A&amp;oe=64053D47\" alt=\"\" \/><\/div>\n<\/div>\n<div class=\"xua58t2 xzg4506 x1ey2m1c x9f619 xds687c x47corl x10l6tqk x17qophe x13vifvy\"><\/div>\n<\/div>\n<div class=\"x1o1ewxj x3x9cwd x1e5q0jg x13rtm0m x1ey2m1c xds687c xg01cxk x47corl x10l6tqk x17qophe x13vifvy x1ebt8du x19991ni x1dhq9h\" data-visualcompletion=\"ignore\"><\/div>\n<\/div>\n<\/div>\n<\/div>\n<\/div>\n<\/div>\n<\/div>\n<\/div>\n","protected":false},"excerpt":{"rendered":"<p>#compartilhe Cumprindo agenda de trabalho em Bel\u00e9m do Par\u00e1 o vice prefeito Evandro da Serraria acompanhado da Secret\u00e1ria Municipal de Cultura Desporto Lazer e Turismo Niramar Furlan, estiveram reunidos com Deputado Estadual F\u00e1bio Figueiras e o ex Deputado Federal C\u00e1ssio Andrade atual Secret\u00e1rio de Esportes do Estado do Par\u00e1 nesta ter\u00e7a-feira 28 de fevereiro, em<\/p>\n<div class=\"read-more\"><a href=\"https:\/\/abelfigueiredo.pa.gov.br\/site\/em-busca-de-recursos-para-a-cultura-e-o-esporte-na-capital-do-estado\/\" title=\"Veja mais\">Veja mais<\/a><\/div>\n","protected":false},"author":25,"featured_media":13612,"comment_status":"closed","ping_status":"closed","sticky":false,"template":"","format":"standard","meta":{"footnotes":""},"categories":[1],"tags":[],"class_list":{"0":"post-13611","1":"post","2":"type-post","3":"status-publish","4":"format-standard","5":"has-post-thumbnail","7":"category-noticias"},"yoast_head":"<!-- This site is optimized with the Yoast SEO plugin v26.6 - https:\/\/yoast.com\/wordpress\/plugins\/seo\/ -->\n<title>Em busca de Recursos para a Cultura e o Esporte na Capital do Estado. - Prefeitura Municipal de Abel Figueiredo | Gest\u00e3o 2025-2028<\/title>\n<meta name=\"robots\" content=\"index, follow, max-snippet:-1, max-image-preview:large, max-video-preview:-1\" \/>\n<link rel=\"canonical\" href=\"https:\/\/abelfigueiredo.pa.gov.br\/site\/em-busca-de-recursos-para-a-cultura-e-o-esporte-na-capital-do-estado\/\" \/>\n<meta property=\"og:locale\" content=\"pt_BR\" \/>\n<meta property=\"og:type\" content=\"article\" \/>\n<meta property=\"og:title\" content=\"Em busca de Recursos para a Cultura e o Esporte na Capital do Estado. - Prefeitura Municipal de Abel Figueiredo | Gest\u00e3o 2025-2028\" \/>\n<meta property=\"og:description\" content=\"#compartilhe Cumprindo agenda de trabalho em Bel\u00e9m do Par\u00e1 o vice prefeito Evandro da Serraria acompanhado da Secret\u00e1ria Municipal de Cultura Desporto Lazer e Turismo Niramar Furlan, estiveram reunidos com Deputado Estadual F\u00e1bio Figueiras e o ex Deputado Federal C\u00e1ssio Andrade atual Secret\u00e1rio de Esportes do Estado do Par\u00e1 nesta ter\u00e7a-feira 28 de fevereiro, emVeja mais\" \/>\n<meta property=\"og:url\" content=\"https:\/\/abelfigueiredo.pa.gov.br\/site\/em-busca-de-recursos-para-a-cultura-e-o-esporte-na-capital-do-estado\/\" \/>\n<meta property=\"og:site_name\" content=\"Prefeitura Municipal de Abel Figueiredo | Gest\u00e3o 2025-2028\" \/>\n<meta property=\"article:published_time\" content=\"2023-02-28T18:40:38+00:00\" \/>\n<meta property=\"og:image\" content=\"https:\/\/scontent.fmab1-1.fna.fbcdn.net\/v\/t39.30808-6\/334073492_552545693520131_5278816342805619587_n.jpg?stp=dst-jpg_p843x403&amp;_nc_cat=106&amp;ccb=1-7&amp;_nc_sid=8bfeb9&amp;_nc_eui2=AeH69Fmr9Z6EB4i-tNOWaNo-AtzPTcpan2gC3M9NylqfaGTp2_TYNgW4R9NIK-wv7D5hYmtjRmW5Vu_YxCxdjb8o&amp;_nc_ohc=6FHUQs-wjKsAX_Z9Mpc&amp;_nc_ht=scontent.fmab1-1.fna&amp;oh=00_AfBKy1YhgnvPreXrmtYvvFQJ-iii0_3RrDyE5CApxqMBhg&amp;oe=64042A14\" \/>\n<meta name=\"author\" content=\"cr2-admin7\" \/>\n<meta name=\"twitter:label1\" content=\"Escrito por\" \/>\n\t<meta name=\"twitter:data1\" content=\"cr2-admin7\" \/>\n<script type=\"application\/ld+json\" class=\"yoast-schema-graph\">{\"@context\":\"https:\/\/schema.org\",\"@graph\":[{\"@type\":\"WebPage\",\"@id\":\"https:\/\/abelfigueiredo.pa.gov.br\/site\/em-busca-de-recursos-para-a-cultura-e-o-esporte-na-capital-do-estado\/\",\"url\":\"https:\/\/abelfigueiredo.pa.gov.br\/site\/em-busca-de-recursos-para-a-cultura-e-o-esporte-na-capital-do-estado\/\",\"name\":\"Em busca de Recursos para a Cultura e o Esporte na Capital do Estado. - Prefeitura Municipal de Abel Figueiredo | Gest\u00e3o 2025-2028\",\"isPartOf\":{\"@id\":\"https:\/\/abelfigueiredo.pa.gov.br\/site\/#website\"},\"primaryImageOfPage\":{\"@id\":\"https:\/\/abelfigueiredo.pa.gov.br\/site\/em-busca-de-recursos-para-a-cultura-e-o-esporte-na-capital-do-estado\/#primaryimage\"},\"image\":{\"@id\":\"https:\/\/abelfigueiredo.pa.gov.br\/site\/em-busca-de-recursos-para-a-cultura-e-o-esporte-na-capital-do-estado\/#primaryimage\"},\"thumbnailUrl\":\"\",\"datePublished\":\"2023-02-28T18:40:38+00:00\",\"author\":{\"@id\":\"https:\/\/abelfigueiredo.pa.gov.br\/site\/#\/schema\/person\/8ad42264973e06f0c04ce0da9b13d6eb\"},\"inLanguage\":\"pt-BR\",\"potentialAction\":[{\"@type\":\"ReadAction\",\"target\":[\"https:\/\/abelfigueiredo.pa.gov.br\/site\/em-busca-de-recursos-para-a-cultura-e-o-esporte-na-capital-do-estado\/\"]}]},{\"@type\":\"ImageObject\",\"inLanguage\":\"pt-BR\",\"@id\":\"https:\/\/abelfigueiredo.pa.gov.br\/site\/em-busca-de-recursos-para-a-cultura-e-o-esporte-na-capital-do-estado\/#primaryimage\",\"url\":\"\",\"contentUrl\":\"\"},{\"@type\":\"WebSite\",\"@id\":\"https:\/\/abelfigueiredo.pa.gov.br\/site\/#website\",\"url\":\"https:\/\/abelfigueiredo.pa.gov.br\/site\/\",\"name\":\"Prefeitura Municipal de Abel Figueiredo | Gest\u00e3o 2025-2028\",\"description\":\"Site oficial da Prefeitura Municipal de Abel Figueiredo\",\"potentialAction\":[{\"@type\":\"SearchAction\",\"target\":{\"@type\":\"EntryPoint\",\"urlTemplate\":\"https:\/\/abelfigueiredo.pa.gov.br\/site\/?s={search_term_string}\"},\"query-input\":{\"@type\":\"PropertyValueSpecification\",\"valueRequired\":true,\"valueName\":\"search_term_string\"}}],\"inLanguage\":\"pt-BR\"},{\"@type\":\"Person\",\"@id\":\"https:\/\/abelfigueiredo.pa.gov.br\/site\/#\/schema\/person\/8ad42264973e06f0c04ce0da9b13d6eb\",\"name\":\"cr2-admin7\",\"image\":{\"@type\":\"ImageObject\",\"inLanguage\":\"pt-BR\",\"@id\":\"https:\/\/abelfigueiredo.pa.gov.br\/site\/#\/schema\/person\/image\/\",\"url\":\"https:\/\/secure.gravatar.com\/avatar\/7e0402aa11e91bb8aa8a7c6b64146517a7337d48fdac50e07c495efd61016444?s=96&d=mm&r=g\",\"contentUrl\":\"https:\/\/secure.gravatar.com\/avatar\/7e0402aa11e91bb8aa8a7c6b64146517a7337d48fdac50e07c495efd61016444?s=96&d=mm&r=g\",\"caption\":\"cr2-admin7\"},\"url\":\"https:\/\/abelfigueiredo.pa.gov.br\/site\/author\/cr2-admin7\/\"}]}<\/script>\n<!-- \/ Yoast SEO plugin. -->","yoast_head_json":{"title":"Em busca de Recursos para a Cultura e o Esporte na Capital do Estado. - Prefeitura Municipal de Abel Figueiredo | Gest\u00e3o 2025-2028","robots":{"index":"index","follow":"follow","max-snippet":"max-snippet:-1","max-image-preview":"max-image-preview:large","max-video-preview":"max-video-preview:-1"},"canonical":"https:\/\/abelfigueiredo.pa.gov.br\/site\/em-busca-de-recursos-para-a-cultura-e-o-esporte-na-capital-do-estado\/","og_locale":"pt_BR","og_type":"article","og_title":"Em busca de Recursos para a Cultura e o Esporte na Capital do Estado. - Prefeitura Municipal de Abel Figueiredo | Gest\u00e3o 2025-2028","og_description":"#compartilhe Cumprindo agenda de trabalho em Bel\u00e9m do Par\u00e1 o vice prefeito Evandro da Serraria acompanhado da Secret\u00e1ria Municipal de Cultura Desporto Lazer e Turismo Niramar Furlan, estiveram reunidos com Deputado Estadual F\u00e1bio Figueiras e o ex Deputado Federal C\u00e1ssio Andrade atual Secret\u00e1rio de Esportes do Estado do Par\u00e1 nesta ter\u00e7a-feira 28 de fevereiro, emVeja mais","og_url":"https:\/\/abelfigueiredo.pa.gov.br\/site\/em-busca-de-recursos-para-a-cultura-e-o-esporte-na-capital-do-estado\/","og_site_name":"Prefeitura Municipal de Abel Figueiredo | Gest\u00e3o 2025-2028","article_published_time":"2023-02-28T18:40:38+00:00","og_image":[{"url":"https:\/\/scontent.fmab1-1.fna.fbcdn.net\/v\/t39.30808-6\/334073492_552545693520131_5278816342805619587_n.jpg?stp=dst-jpg_p843x403&amp;_nc_cat=106&amp;ccb=1-7&amp;_nc_sid=8bfeb9&amp;_nc_eui2=AeH69Fmr9Z6EB4i-tNOWaNo-AtzPTcpan2gC3M9NylqfaGTp2_TYNgW4R9NIK-wv7D5hYmtjRmW5Vu_YxCxdjb8o&amp;_nc_ohc=6FHUQs-wjKsAX_Z9Mpc&amp;_nc_ht=scontent.fmab1-1.fna&amp;oh=00_AfBKy1YhgnvPreXrmtYvvFQJ-iii0_3RrDyE5CApxqMBhg&amp;oe=64042A14","type":"","width":"","height":""}],"author":"cr2-admin7","twitter_misc":{"Escrito por":"cr2-admin7"},"schema":{"@context":"https:\/\/schema.org","@graph":[{"@type":"WebPage","@id":"https:\/\/abelfigueiredo.pa.gov.br\/site\/em-busca-de-recursos-para-a-cultura-e-o-esporte-na-capital-do-estado\/","url":"https:\/\/abelfigueiredo.pa.gov.br\/site\/em-busca-de-recursos-para-a-cultura-e-o-esporte-na-capital-do-estado\/","name":"Em busca de Recursos para a Cultura e o Esporte na Capital do Estado. - Prefeitura Municipal de Abel Figueiredo | Gest\u00e3o 2025-2028","isPartOf":{"@id":"https:\/\/abelfigueiredo.pa.gov.br\/site\/#website"},"primaryImageOfPage":{"@id":"https:\/\/abelfigueiredo.pa.gov.br\/site\/em-busca-de-recursos-para-a-cultura-e-o-esporte-na-capital-do-estado\/#primaryimage"},"image":{"@id":"https:\/\/abelfigueiredo.pa.gov.br\/site\/em-busca-de-recursos-para-a-cultura-e-o-esporte-na-capital-do-estado\/#primaryimage"},"thumbnailUrl":"","datePublished":"2023-02-28T18:40:38+00:00","author":{"@id":"https:\/\/abelfigueiredo.pa.gov.br\/site\/#\/schema\/person\/8ad42264973e06f0c04ce0da9b13d6eb"},"inLanguage":"pt-BR","potentialAction":[{"@type":"ReadAction","target":["https:\/\/abelfigueiredo.pa.gov.br\/site\/em-busca-de-recursos-para-a-cultura-e-o-esporte-na-capital-do-estado\/"]}]},{"@type":"ImageObject","inLanguage":"pt-BR","@id":"https:\/\/abelfigueiredo.pa.gov.br\/site\/em-busca-de-recursos-para-a-cultura-e-o-esporte-na-capital-do-estado\/#primaryimage","url":"","contentUrl":""},{"@type":"WebSite","@id":"https:\/\/abelfigueiredo.pa.gov.br\/site\/#website","url":"https:\/\/abelfigueiredo.pa.gov.br\/site\/","name":"Prefeitura Municipal de Abel Figueiredo | Gest\u00e3o 2025-2028","description":"Site oficial da Prefeitura Municipal de Abel Figueiredo","potentialAction":[{"@type":"SearchAction","target":{"@type":"EntryPoint","urlTemplate":"https:\/\/abelfigueiredo.pa.gov.br\/site\/?s={search_term_string}"},"query-input":{"@type":"PropertyValueSpecification","valueRequired":true,"valueName":"search_term_string"}}],"inLanguage":"pt-BR"},{"@type":"Person","@id":"https:\/\/abelfigueiredo.pa.gov.br\/site\/#\/schema\/person\/8ad42264973e06f0c04ce0da9b13d6eb","name":"cr2-admin7","image":{"@type":"ImageObject","inLanguage":"pt-BR","@id":"https:\/\/abelfigueiredo.pa.gov.br\/site\/#\/schema\/person\/image\/","url":"https:\/\/secure.gravatar.com\/avatar\/7e0402aa11e91bb8aa8a7c6b64146517a7337d48fdac50e07c495efd61016444?s=96&d=mm&r=g","contentUrl":"https:\/\/secure.gravatar.com\/avatar\/7e0402aa11e91bb8aa8a7c6b64146517a7337d48fdac50e07c495efd61016444?s=96&d=mm&r=g","caption":"cr2-admin7"},"url":"https:\/\/abelfigueiredo.pa.gov.br\/site\/author\/cr2-admin7\/"}]}},"_links":{"self":[{"href":"https:\/\/abelfigueiredo.pa.gov.br\/site\/wp-json\/wp\/v2\/posts\/13611","targetHints":{"allow":["GET"]}}],"collection":[{"href":"https:\/\/abelfigueiredo.pa.gov.br\/site\/wp-json\/wp\/v2\/posts"}],"about":[{"href":"https:\/\/abelfigueiredo.pa.gov.br\/site\/wp-json\/wp\/v2\/types\/post"}],"author":[{"embeddable":true,"href":"https:\/\/abelfigueiredo.pa.gov.br\/site\/wp-json\/wp\/v2\/users\/25"}],"replies":[{"embeddable":true,"href":"https:\/\/abelfigueiredo.pa.gov.br\/site\/wp-json\/wp\/v2\/comments?post=13611"}],"version-history":[{"count":0,"href":"https:\/\/abelfigueiredo.pa.gov.br\/site\/wp-json\/wp\/v2\/posts\/13611\/revisions"}],"wp:featuredmedia":[{"embeddable":true,"href":"https:\/\/abelfigueiredo.pa.gov.br\/site\/wp-json\/"}],"wp:attachment":[{"href":"https:\/\/abelfigueiredo.pa.gov.br\/site\/wp-json\/wp\/v2\/media?parent=13611"}],"wp:term":[{"taxonomy":"category","embeddable":true,"href":"https:\/\/abelfigueiredo.pa.gov.br\/site\/wp-json\/wp\/v2\/categories?post=13611"},{"taxonomy":"post_tag","embeddable":true,"href":"https:\/\/abelfigueiredo.pa.gov.br\/site\/wp-json\/wp\/v2\/tags?post=13611"}],"curies":[{"name":"wp","href":"https:\/\/api.w.org\/{rel}","templated":true}]}}